{"id":24052,"date":"2021-07-09T20:20:41","date_gmt":"2021-07-09T18:20:41","guid":{"rendered":"https:\/\/www.alqueria.es\/blogs\/alqueriazulceleste\/?p=24052"},"modified":"2021-07-10T21:41:37","modified_gmt":"2021-07-10T19:41:37","slug":"actividades-de-verano","status":"publish","type":"post","link":"https:\/\/www.alqueria.es\/blogs\/alqueriazulceleste\/2021\/07\/09\/actividades-de-verano\/","title":{"rendered":"Actividades de verano"},"content":{"rendered":"<p>\u00a1Muy buenas familias!<\/p>\n<p>Cu\u00e1nto tiempo sin pasarme por aqu\u00ed, lo echaba de menos ( y vosotros tambi\u00e9n&#8230; \u00bfverdad? je je).<img decoding=\"async\" class=\"alignright size-thumbnail wp-image-24053\" src=\"https:\/\/cloud.alqueria.es\/wp-content\/uploads\/sites\/10\/2021\/07\/images-150x150.jpeg\" alt=\"\" width=\"150\" height=\"150\" \/><\/p>\n<p>Ya llevamos varios d\u00edas de \u00abactividades de verano\u00bb y os merec\u00e9is una entrada \u00absemanal\u00bb tal y como os promet\u00ed.<\/p>\n<p>Durante la semana tenemos varias actividades.<\/p>\n<p><img decoding=\"async\" class=\"alignleft wp-image-24058 size-medium\" src=\"https:\/\/cloud.alqueria.es\/wp-content\/uploads\/sites\/10\/2021\/07\/IMG_20210709_194906-300x179.jpg\" alt=\"\" width=\"300\" height=\"179\" srcset=\"https:\/\/cloud.alqueria.es\/wp-content\/uploads\/sites\/10\/2021\/07\/IMG_20210709_194906-300x179.jpg 300w, https:\/\/cloud.alqueria.es\/wp-content\/uploads\/sites\/10\/2021\/07\/IMG_20210709_194906-768x458.jpg 768w, https:\/\/cloud.alqueria.es\/wp-content\/uploads\/sites\/10\/2021\/07\/IMG_20210709_194906.jpg 1024w\" sizes=\"(max-width: 300px) 100vw, 300px\" \/><\/p>\n<p>Castillo hinchable, patio, baile, talleres, y&#8230; lo m\u00e1s divertido y deseado, \u00a1las actividades de agua!.<\/p>\n<p>Se pueden tirar todo el d\u00eda perfectamente en remojo y, efectivamente, salen arrugados pero muy felices.<\/p>\n<p><img decoding=\"async\" class=\"alignleft size-medium wp-image-24059\" src=\"https:\/\/cloud.alqueria.es\/wp-content\/uploads\/sites\/10\/2021\/07\/IMG_20210709_195005-300x178.jpg\" alt=\"\" width=\"300\" height=\"178\" srcset=\"https:\/\/cloud.alqueria.es\/wp-content\/uploads\/sites\/10\/2021\/07\/IMG_20210709_195005-300x178.jpg 300w, https:\/\/cloud.alqueria.es\/wp-content\/uploads\/sites\/10\/2021\/07\/IMG_20210709_195005-768x455.jpg 768w, https:\/\/cloud.alqueria.es\/wp-content\/uploads\/sites\/10\/2021\/07\/IMG_20210709_195005.jpg 1024w\" sizes=\"(max-width: 300px) 100vw, 300px\" \/><\/p>\n<p>Durante este tiempo los talleres m\u00e1s sobresalientes han sido:<\/p>\n<p>&#8211; Taller de cocina: elaboraci\u00f3n de un rico, fresquito y sano helado. Yogurt natural con trozos de fruta.<img decoding=\"async\" class=\"alignleft size-thumbnail wp-image-24054\" src=\"https:\/\/cloud.alqueria.es\/wp-content\/uploads\/sites\/10\/2021\/07\/IMG_20210709_194731-150x150.jpg\" alt=\"\" width=\"150\" height=\"150\" \/><\/p>\n<p>Ellos con cuchillos de pl\u00e1stico han cortado la fruta en trozos peque\u00f1os y lo mezclaban con el yogurt, \u00a1exquisito!.<\/p>\n<p>Nada sabe mejor que algo hecho con nuestras propias manos.<img decoding=\"async\" class=\"alignleft size-thumbnail wp-image-24060\" src=\"https:\/\/cloud.alqueria.es\/wp-content\/uploads\/sites\/10\/2021\/07\/IMG_20210709_194630-150x150.jpg\" alt=\"\" width=\"150\" height=\"150\" \/><\/p>\n<p>A la hora de la comida se comen su helado con muchas ganas, parece ser que les ha quedado de rechupete.<\/p>\n<p><img decoding=\"async\" class=\"alignleft size-thumbnail wp-image-24061\" src=\"https:\/\/cloud.alqueria.es\/wp-content\/uploads\/sites\/10\/2021\/07\/IMG_20210709_194642-150x150.jpg\" alt=\"\" width=\"150\" height=\"150\" \/><\/p>\n<p>&nbsp;<\/p>\n<p>&#8211; Taller sensorial: realizaci\u00f3n de plastilina casera. Maicena, acondicionador del pelo y t\u00e9mperas de colores.<\/p>\n<p>Lo mezclamos y amasamos hasta conseguir la textura deseada (muy similar a la de la plastilina).<\/p>\n<p><img decoding=\"async\" class=\"alignright size-thumbnail wp-image-24056\" src=\"https:\/\/cloud.alqueria.es\/wp-content\/uploads\/sites\/10\/2021\/07\/IMG_20210709_194541-150x150.jpg\" alt=\"\" width=\"150\" height=\"150\" \/><\/p>\n<p>Ahora damos paso a nuestra imaginaci\u00f3n y empezamos a darle forma a nuestra plastilina.<\/p>\n<p>Hacen bolas, gusanos, pizzas y figuras geom\u00e9tricas.<\/p>\n<p><img decoding=\"async\" class=\"alignright size-thumbnail wp-image-24057\" src=\"https:\/\/cloud.alqueria.es\/wp-content\/uploads\/sites\/10\/2021\/07\/IMG_20210709_194509-150x150.jpg\" alt=\"\" width=\"150\" height=\"150\" \/><\/p>\n<p>Pero francamente como las actividades de agua, NADA.<\/p>\n<p>Sea lo que sea que implique estar en contacto con el agua, ah\u00ed que est\u00e1n ellos felices y dispuestos.<\/p>\n<p>Se lo pasan pipa&#8230; desde volar por las nubes&#8230; (ten\u00eda cola para rato pidi\u00e9ndome m\u00e1s) hasta explotar pompas de jab\u00f3n (con un juguete, en ning\u00fan momento nos quitamos la mascarilla).<img decoding=\"async\" class=\"aligncenter size-medium wp-image-24062\" src=\"https:\/\/cloud.alqueria.es\/wp-content\/uploads\/sites\/10\/2021\/07\/IMG_20210709_201304-300x284.jpg\" alt=\"\" width=\"300\" height=\"284\" srcset=\"https:\/\/cloud.alqueria.es\/wp-content\/uploads\/sites\/10\/2021\/07\/IMG_20210709_201304-300x284.jpg 300w, https:\/\/cloud.alqueria.es\/wp-content\/uploads\/sites\/10\/2021\/07\/IMG_20210709_201304-768x728.jpg 768w, https:\/\/cloud.alqueria.es\/wp-content\/uploads\/sites\/10\/2021\/07\/IMG_20210709_201304.jpg 1024w\" sizes=\"(max-width: 300px) 100vw, 300px\" \/><\/p>\n<p>La semana que viene seguiremos con m\u00e1s actividades, taller de cocina (nos vamos a poner las botas) y una mini fiesta de despedida para que disfruten y se vayan contentos de vacaciones (eso s\u00ed, es obligatorio echarnos de menos).<img decoding=\"async\" class=\"alignright size-medium wp-image-24063\" src=\"https:\/\/cloud.alqueria.es\/wp-content\/uploads\/sites\/10\/2021\/07\/IMG_20210709_194750-300x161.jpg\" alt=\"\" width=\"300\" height=\"161\" srcset=\"https:\/\/cloud.alqueria.es\/wp-content\/uploads\/sites\/10\/2021\/07\/IMG_20210709_194750-300x161.jpg 300w, https:\/\/cloud.alqueria.es\/wp-content\/uploads\/sites\/10\/2021\/07\/IMG_20210709_194750-768x413.jpg 768w, https:\/\/cloud.alqueria.es\/wp-content\/uploads\/sites\/10\/2021\/07\/IMG_20210709_194750.jpg 1024w\" sizes=\"(max-width: 300px) 100vw, 300px\" \/><\/p>\n<p>Nuestros peques son unos disfrutones y vamos a hacer todav\u00eda m\u00e1s especial su \u00faltima semana.<\/p>\n<p><img decoding=\"async\" class=\"alignleft size-thumbnail wp-image-24064\" src=\"https:\/\/cloud.alqueria.es\/wp-content\/uploads\/sites\/10\/2021\/07\/IMG_20210709_194811-150x150.jpg\" alt=\"\" width=\"150\" height=\"150\" \/><\/p>\n<p>Buen fin de semana, nos vemos el lunes. Ya, s\u00ed que s\u00ed, no pod\u00e9is faltar.<\/p>\n<p><img decoding=\"async\" class=\"alignright size-thumbnail wp-image-24065\" src=\"https:\/\/cloud.alqueria.es\/wp-content\/uploads\/sites\/10\/2021\/07\/IMG_20210709_194614-150x150.jpg\" alt=\"\" width=\"150\" height=\"150\" \/><\/p>\n<p>Un abrazo.<\/p>\n<p>Alba Cala.<\/p>\n","protected":false},"excerpt":{"rendered":"<p>\u00a1Muy buenas familias! Cu\u00e1nto tiempo sin pasarme por aqu\u00ed, lo echaba de menos ( y vosotros tambi\u00e9n&#8230; \u00bfverdad? je je). Ya llevamos varios d\u00edas de \u00abactividades de verano\u00bb y os merec\u00e9is una entrada \u00absemanal\u00bb tal y como os promet\u00ed. Durante la semana tenemos varias actividades. Castillo hinchable, patio, baile, talleres, y&#8230; lo m\u00e1s divertido y &hellip; <a href=\"https:\/\/www.alqueria.es\/blogs\/alqueriazulceleste\/2021\/07\/09\/actividades-de-verano\/\" class=\"more-link\">Seguir leyendo <span class=\"screen-reader-text\">Actividades de verano<\/span> <span class=\"meta-nav\">&rarr;<\/span><\/a><\/p>\n","protected":false},"author":28,"featured_media":0,"comment_status":"open","ping_status":"open","sticky":false,"template":"","format":"standard","meta":{"jetpack_post_was_ever_published":false,"_jetpack_newsletter_access":"","_jetpack_dont_email_post_to_subs":false,"_jetpack_newsletter_tier_id":0,"_jetpack_memberships_contains_paywalled_content":false,"_jetpack_memberships_contains_paid_content":false,"footnotes":"","jetpack_publicize_message":"","jetpack_publicize_feature_enabled":true,"jetpack_social_post_already_shared":true,"jetpack_social_options":{"image_generator_settings":{"template":"highway","default_image_id":0,"font":"","enabled":false},"version":2}},"categories":[69,5],"tags":[160,159],"class_list":["post-24052","post","type-post","status-publish","format-standard","hentry","category-alimentacion-saludable","category-clase-azul","tag-actividades-de-verano","tag-clase-amarilla"],"jetpack_publicize_connections":[],"jetpack_featured_media_url":"","jetpack_sharing_enabled":true,"jetpack_shortlink":"https:\/\/wp.me\/p4mlAA-6fW","_links":{"self":[{"href":"https:\/\/www.alqueria.es\/blogs\/alqueriazulceleste\/wp-json\/wp\/v2\/posts\/24052","targetHints":{"allow":["GET"]}}],"collection":[{"href":"https:\/\/www.alqueria.es\/blogs\/alqueriazulceleste\/wp-json\/wp\/v2\/posts"}],"about":[{"href":"https:\/\/www.alqueria.es\/blogs\/alqueriazulceleste\/wp-json\/wp\/v2\/types\/post"}],"author":[{"embeddable":true,"href":"https:\/\/www.alqueria.es\/blogs\/alqueriazulceleste\/wp-json\/wp\/v2\/users\/28"}],"replies":[{"embeddable":true,"href":"https:\/\/www.alqueria.es\/blogs\/alqueriazulceleste\/wp-json\/wp\/v2\/comments?post=24052"}],"version-history":[{"count":2,"href":"https:\/\/www.alqueria.es\/blogs\/alqueriazulceleste\/wp-json\/wp\/v2\/posts\/24052\/revisions"}],"predecessor-version":[{"id":24067,"href":"https:\/\/www.alqueria.es\/blogs\/alqueriazulceleste\/wp-json\/wp\/v2\/posts\/24052\/revisions\/24067"}],"wp:attachment":[{"href":"https:\/\/www.alqueria.es\/blogs\/alqueriazulceleste\/wp-json\/wp\/v2\/media?parent=24052"}],"wp:term":[{"taxonomy":"category","embeddable":true,"href":"https:\/\/www.alqueria.es\/blogs\/alqueriazulceleste\/wp-json\/wp\/v2\/categories?post=24052"},{"taxonomy":"post_tag","embeddable":true,"href":"https:\/\/www.alqueria.es\/blogs\/alqueriazulceleste\/wp-json\/wp\/v2\/tags?post=24052"}],"curies":[{"name":"wp","href":"https:\/\/api.w.org\/{rel}","templated":true}]}}