{"id":24313,"date":"2021-09-29T17:47:42","date_gmt":"2021-09-29T15:47:42","guid":{"rendered":"https:\/\/www.alqueria.es\/blogs\/alqueriazulceleste\/?p=24313"},"modified":"2021-09-29T17:47:42","modified_gmt":"2021-09-29T15:47:42","slug":"el-veranillo-de-los-membrillos","status":"publish","type":"post","link":"https:\/\/www.alqueria.es\/blogs\/alqueriazulceleste\/2021\/09\/29\/el-veranillo-de-los-membrillos\/","title":{"rendered":"EL VERANILLO DE LOS MEMBRILLOS"},"content":{"rendered":"\r\n<p>Vuelve el calor en estos d\u00edas de final de septiembre en donde la sabidur\u00eda popular dice que maduran los membrillos&#8230;\u00a1 El veranillo de los membrillos!Cogeremos unos cuantos del \u00e1rbol que hay en el parque para probarlos cuando est\u00e9n maduros.<\/p>\r\n<p>Comenzamos la ma\u00f1ana jugando con peluches y sonajas. Nombramos a los diferentes animales ( perro, gato, vaca&#8230;) y cantamos algunas cancioncillas al respecto&#8230;\u00bbLa vaca Lola \u00bb es la preferida.\u00a0<\/p>\r\n<p>Salen y salen objetos de la caja que luego hay que recoger y todos colaboran en la tarea para conseguir el objetivo.<\/p>\r\n<p>Pasamos a una actividad m\u00e1s tranquila y nos sentamos a colorear con ceras blandas sobre folio. Vamos interiorizando peque\u00f1as normas en los talleres como son: no tirar ni romper el papel, cada uno pinta en su papel y respeta el del compa\u00f1ero, alternar las ceras y no acaparar&#8230; Son solo unos minutos sentados pero que dan para muchas experiencias.<\/p>\r\n<p class=\"jetpack-slideshow-noscript robots-nocontent\">El pase de diapositivas requiere JavaScript.<\/p><div id=\"gallery-24313-1-slideshow\" class=\"jetpack-slideshow-window jetpack-slideshow jetpack-slideshow-black\" data-trans=\"fade\" data-autostart=\"1\" data-gallery=\"[{&quot;src&quot;:&quot;https:\\\/\\\/cloud.alqueria.es\\\/wp-content\\\/uploads\\\/sites\\\/10\\\/2021\\\/09\\\/IMG_8004-300x225.jpg&quot;,&quot;id&quot;:&quot;24337&quot;,&quot;title&quot;:&quot;IMG_8004&quot;,&quot;alt&quot;:&quot;&quot;,&quot;caption&quot;:&quot;&quot;,&quot;itemprop&quot;:&quot;image&quot;},{&quot;src&quot;:&quot;https:\\\/\\\/cloud.alqueria.es\\\/wp-content\\\/uploads\\\/sites\\\/10\\\/2021\\\/09\\\/IMG_8003-300x225.jpg&quot;,&quot;id&quot;:&quot;24336&quot;,&quot;title&quot;:&quot;IMG_8003&quot;,&quot;alt&quot;:&quot;&quot;,&quot;caption&quot;:&quot;&quot;,&quot;itemprop&quot;:&quot;image&quot;},{&quot;src&quot;:&quot;https:\\\/\\\/cloud.alqueria.es\\\/wp-content\\\/uploads\\\/sites\\\/10\\\/2021\\\/09\\\/IMG_8002-300x225.jpg&quot;,&quot;id&quot;:&quot;24335&quot;,&quot;title&quot;:&quot;IMG_8002&quot;,&quot;alt&quot;:&quot;&quot;,&quot;caption&quot;:&quot;&quot;,&quot;itemprop&quot;:&quot;image&quot;},{&quot;src&quot;:&quot;https:\\\/\\\/cloud.alqueria.es\\\/wp-content\\\/uploads\\\/sites\\\/10\\\/2021\\\/09\\\/IMG_8001-300x225.jpg&quot;,&quot;id&quot;:&quot;24334&quot;,&quot;title&quot;:&quot;IMG_8001&quot;,&quot;alt&quot;:&quot;&quot;,&quot;caption&quot;:&quot;&quot;,&quot;itemprop&quot;:&quot;image&quot;}]\" itemscope itemtype=\"https:\/\/schema.org\/ImageGallery\"><\/div>\r\n<p>Sacamos las pelotas peque\u00f1as justo cuando llega Lindley y su ingl\u00e9s. Ella colabora y ayuda a unos y otros y todos van entendiendo sus palabras y atienden a sus demandas en ingl\u00e9s&#8230;\u00a1 Gracias Lindley!.<\/p>\r\n<p class=\"jetpack-slideshow-noscript robots-nocontent\">El pase de diapositivas requiere JavaScript.<\/p><div id=\"gallery-24313-2-slideshow\" class=\"jetpack-slideshow-window jetpack-slideshow jetpack-slideshow-black\" data-trans=\"fade\" data-autostart=\"1\" data-gallery=\"[{&quot;src&quot;:&quot;https:\\\/\\\/cloud.alqueria.es\\\/wp-content\\\/uploads\\\/sites\\\/10\\\/2021\\\/09\\\/IMG_8014-300x225.jpg&quot;,&quot;id&quot;:&quot;24342&quot;,&quot;title&quot;:&quot;IMG_8014&quot;,&quot;alt&quot;:&quot;&quot;,&quot;caption&quot;:&quot;&quot;,&quot;itemprop&quot;:&quot;image&quot;},{&quot;src&quot;:&quot;https:\\\/\\\/cloud.alqueria.es\\\/wp-content\\\/uploads\\\/sites\\\/10\\\/2021\\\/09\\\/IMG_8012-300x225.jpg&quot;,&quot;id&quot;:&quot;24341&quot;,&quot;title&quot;:&quot;IMG_8012&quot;,&quot;alt&quot;:&quot;&quot;,&quot;caption&quot;:&quot;&quot;,&quot;itemprop&quot;:&quot;image&quot;},{&quot;src&quot;:&quot;https:\\\/\\\/cloud.alqueria.es\\\/wp-content\\\/uploads\\\/sites\\\/10\\\/2021\\\/09\\\/IMG_8008-300x225.jpg&quot;,&quot;id&quot;:&quot;24339&quot;,&quot;title&quot;:&quot;IMG_8008&quot;,&quot;alt&quot;:&quot;&quot;,&quot;caption&quot;:&quot;&quot;,&quot;itemprop&quot;:&quot;image&quot;},{&quot;src&quot;:&quot;https:\\\/\\\/cloud.alqueria.es\\\/wp-content\\\/uploads\\\/sites\\\/10\\\/2021\\\/09\\\/IMG_8007-300x225.jpg&quot;,&quot;id&quot;:&quot;24338&quot;,&quot;title&quot;:&quot;IMG_8007&quot;,&quot;alt&quot;:&quot;&quot;,&quot;caption&quot;:&quot;&quot;,&quot;itemprop&quot;:&quot;image&quot;}]\" itemscope itemtype=\"https:\/\/schema.org\/ImageGallery\"><\/div>\r\n<p>Aprovechamos para proponer a Aar\u00f3n que pinte con los dedos su <img decoding=\"async\" class=\"alignright size-thumbnail wp-image-24340\" src=\"https:\/\/cloud.alqueria.es\/wp-content\/uploads\/sites\/10\/2021\/09\/IMG_8010-150x150.jpg\" alt=\"\" width=\"150\" height=\"150\" \/>base para el cartel del \u00abS\u00faper\u00bb y a todos les hubiera encantado meter las manos&#8230;Otro d\u00eda lo haremos todos juntos.<\/p>\r\n<p>Bajamos al parque a disfrutar del juego y el aire puro con los compa\u00f1eros de la clase amarilla. Hoy arenero con cubos y palas que compartimos gustosos y sin problemas.\u00a0<\/p>\r\n<p>Un estupendo d\u00eda soleado.<\/p>\r\n<p>Un abrazo<\/p>\r\n<p>Nuria Garc\u00eda Pall\u00e1s.<\/p>\r\n","protected":false},"excerpt":{"rendered":"<p>Vuelve el calor en estos d\u00edas de final de septiembre en donde la sabidur\u00eda popular dice que maduran los membrillos&#8230;\u00a1 El veranillo de los membrillos!Cogeremos unos cuantos del \u00e1rbol que hay en el parque para probarlos cuando est\u00e9n maduros. Comenzamos la ma\u00f1ana jugando con peluches y sonajas. Nombramos a los diferentes animales ( perro, gato, &hellip; <a href=\"https:\/\/www.alqueria.es\/blogs\/alqueriazulceleste\/2021\/09\/29\/el-veranillo-de-los-membrillos\/\" class=\"more-link\">Seguir leyendo <span class=\"screen-reader-text\">EL VERANILLO DE LOS MEMBRILLOS<\/span> <span class=\"meta-nav\">&rarr;<\/span><\/a><\/p>\n","protected":false},"author":28,"featured_media":0,"comment_status":"open","ping_status":"open","sticky":false,"template":"","format":"standard","meta":{"jetpack_post_was_ever_published":false,"_jetpack_newsletter_access":"","_jetpack_dont_email_post_to_subs":false,"_jetpack_newsletter_tier_id":0,"_jetpack_memberships_contains_paywalled_content":false,"_jetpack_memberships_contains_paid_content":false,"footnotes":"","jetpack_publicize_message":"","jetpack_publicize_feature_enabled":true,"jetpack_social_post_already_shared":true,"jetpack_social_options":{"image_generator_settings":{"template":"highway","default_image_id":0,"font":"","enabled":false},"version":2}},"categories":[5,108],"tags":[],"class_list":["post-24313","post","type-post","status-publish","format-standard","hentry","category-clase-azul","category-ingles"],"jetpack_publicize_connections":[],"jetpack_featured_media_url":"","jetpack_sharing_enabled":true,"jetpack_shortlink":"https:\/\/wp.me\/p4mlAA-6k9","_links":{"self":[{"href":"https:\/\/www.alqueria.es\/blogs\/alqueriazulceleste\/wp-json\/wp\/v2\/posts\/24313","targetHints":{"allow":["GET"]}}],"collection":[{"href":"https:\/\/www.alqueria.es\/blogs\/alqueriazulceleste\/wp-json\/wp\/v2\/posts"}],"about":[{"href":"https:\/\/www.alqueria.es\/blogs\/alqueriazulceleste\/wp-json\/wp\/v2\/types\/post"}],"author":[{"embeddable":true,"href":"https:\/\/www.alqueria.es\/blogs\/alqueriazulceleste\/wp-json\/wp\/v2\/users\/28"}],"replies":[{"embeddable":true,"href":"https:\/\/www.alqueria.es\/blogs\/alqueriazulceleste\/wp-json\/wp\/v2\/comments?post=24313"}],"version-history":[{"count":2,"href":"https:\/\/www.alqueria.es\/blogs\/alqueriazulceleste\/wp-json\/wp\/v2\/posts\/24313\/revisions"}],"predecessor-version":[{"id":24343,"href":"https:\/\/www.alqueria.es\/blogs\/alqueriazulceleste\/wp-json\/wp\/v2\/posts\/24313\/revisions\/24343"}],"wp:attachment":[{"href":"https:\/\/www.alqueria.es\/blogs\/alqueriazulceleste\/wp-json\/wp\/v2\/media?parent=24313"}],"wp:term":[{"taxonomy":"category","embeddable":true,"href":"https:\/\/www.alqueria.es\/blogs\/alqueriazulceleste\/wp-json\/wp\/v2\/categories?post=24313"},{"taxonomy":"post_tag","embeddable":true,"href":"https:\/\/www.alqueria.es\/blogs\/alqueriazulceleste\/wp-json\/wp\/v2\/tags?post=24313"}],"curies":[{"name":"wp","href":"https:\/\/api.w.org\/{rel}","templated":true}]}}