{"id":26007,"date":"2022-02-21T22:15:47","date_gmt":"2022-02-21T21:15:47","guid":{"rendered":"https:\/\/www.alqueria.es\/blogs\/alqueriazulceleste\/?p=26007"},"modified":"2022-02-21T22:15:47","modified_gmt":"2022-02-21T21:15:47","slug":"y-mas-carnaval","status":"publish","type":"post","link":"https:\/\/www.alqueria.es\/blogs\/alqueriazulceleste\/2022\/02\/21\/y-mas-carnaval\/","title":{"rendered":"Y M\u00c1S CARNAVAL&#8230;"},"content":{"rendered":"\r\n<blockquote>\r\n<p style=\"text-align: left\">El viernes fue nuestra Fiesta de Carnaval y hoy os puedo hacer llegar dos v\u00eddeos muy interesantes en donde pod\u00e9is ver las actuaciones de los m\u00e1s mayores del cole ( los profesores) y los m\u00e1s peque\u00f1os que ya son capaces de actuar y cantar su chirigota&#8230;\u00a1 Preciosos!&#8230;\u00a1 Y qu\u00e9 bien cantan!<\/p>\r\n<\/blockquote>\r\n<p>https:\/\/vimeo.com\/679305071<\/p>\r\n<p>&nbsp;<\/p>\r\n<p><a href=\"https:\/\/www.slideshare.net\/loligalvezmoya\/chirigotas-equipo-2022-alquera-educacin\">https:\/\/www.slideshare.net\/loligalvezmoya\/chirigotas-equipo-2022-alquera-educacin<\/a><\/p>\r\n<p>Actuaci\u00f3n grupo Amarillo<\/p>\r\n<p>https:\/\/vimeo.com\/679133836<\/p>\r\n<p>Espero que os haya gustado&#8230;\u00a1 El pr\u00f3ximo curso ser\u00e1n vuestros azulitos, ,que ya ser\u00e1n amarillos, los que actuar\u00e1n por primera vez en el cole.<\/p>\r\n<p>Un abrazo<\/p>\r\n<p>Nuria<\/p>\r\n<p>&nbsp;<\/p>\r\n<p>&nbsp;<\/p>\r\n<p>&nbsp;<\/p>\r\n","protected":false},"excerpt":{"rendered":"<p>El viernes fue nuestra Fiesta de Carnaval y hoy os puedo hacer llegar dos v\u00eddeos muy interesantes en donde pod\u00e9is ver las actuaciones de los m\u00e1s mayores del cole ( los profesores) y los m\u00e1s peque\u00f1os que ya son capaces de actuar y cantar su chirigota&#8230;\u00a1 Preciosos!&#8230;\u00a1 Y qu\u00e9 bien cantan! https:\/\/vimeo.com\/679305071 &nbsp; https:\/\/www.slideshare.net\/loligalvezmoya\/chirigotas-equipo-2022-alquera-educacin Actuaci\u00f3n &hellip; <a href=\"https:\/\/www.alqueria.es\/blogs\/alqueriazulceleste\/2022\/02\/21\/y-mas-carnaval\/\" class=\"more-link\">Seguir leyendo <span class=\"screen-reader-text\">Y M\u00c1S CARNAVAL&#8230;<\/span> <span class=\"meta-nav\">&rarr;<\/span><\/a><\/p>\n","protected":false},"author":28,"featured_media":0,"comment_status":"open","ping_status":"open","sticky":false,"template":"","format":"standard","meta":{"jetpack_post_was_ever_published":false,"_jetpack_newsletter_access":"","_jetpack_dont_email_post_to_subs":false,"_jetpack_newsletter_tier_id":0,"_jetpack_memberships_contains_paywalled_content":false,"_jetpack_memberships_contains_paid_content":false,"footnotes":"","jetpack_publicize_message":"","jetpack_publicize_feature_enabled":true,"jetpack_social_post_already_shared":true,"jetpack_social_options":{"image_generator_settings":{"template":"highway","default_image_id":0,"font":"","enabled":false},"version":2}},"categories":[164,49],"tags":[],"class_list":["post-26007","post","type-post","status-publish","format-standard","hentry","category-disfraces","category-fiestas"],"jetpack_publicize_connections":[],"jetpack_featured_media_url":"","jetpack_sharing_enabled":true,"jetpack_shortlink":"https:\/\/wp.me\/p4mlAA-6Lt","_links":{"self":[{"href":"https:\/\/www.alqueria.es\/blogs\/alqueriazulceleste\/wp-json\/wp\/v2\/posts\/26007","targetHints":{"allow":["GET"]}}],"collection":[{"href":"https:\/\/www.alqueria.es\/blogs\/alqueriazulceleste\/wp-json\/wp\/v2\/posts"}],"about":[{"href":"https:\/\/www.alqueria.es\/blogs\/alqueriazulceleste\/wp-json\/wp\/v2\/types\/post"}],"author":[{"embeddable":true,"href":"https:\/\/www.alqueria.es\/blogs\/alqueriazulceleste\/wp-json\/wp\/v2\/users\/28"}],"replies":[{"embeddable":true,"href":"https:\/\/www.alqueria.es\/blogs\/alqueriazulceleste\/wp-json\/wp\/v2\/comments?post=26007"}],"version-history":[{"count":9,"href":"https:\/\/www.alqueria.es\/blogs\/alqueriazulceleste\/wp-json\/wp\/v2\/posts\/26007\/revisions"}],"predecessor-version":[{"id":26064,"href":"https:\/\/www.alqueria.es\/blogs\/alqueriazulceleste\/wp-json\/wp\/v2\/posts\/26007\/revisions\/26064"}],"wp:attachment":[{"href":"https:\/\/www.alqueria.es\/blogs\/alqueriazulceleste\/wp-json\/wp\/v2\/media?parent=26007"}],"wp:term":[{"taxonomy":"category","embeddable":true,"href":"https:\/\/www.alqueria.es\/blogs\/alqueriazulceleste\/wp-json\/wp\/v2\/categories?post=26007"},{"taxonomy":"post_tag","embeddable":true,"href":"https:\/\/www.alqueria.es\/blogs\/alqueriazulceleste\/wp-json\/wp\/v2\/tags?post=26007"}],"curies":[{"name":"wp","href":"https:\/\/api.w.org\/{rel}","templated":true}]}}