{"id":28369,"date":"2022-10-28T20:40:11","date_gmt":"2022-10-28T18:40:11","guid":{"rendered":"https:\/\/www.alqueria.es\/blogs\/alqueriazulceleste\/?p=28369"},"modified":"2022-10-31T09:57:15","modified_gmt":"2022-10-31T08:57:15","slug":"sembramos-habas-4","status":"publish","type":"post","link":"https:\/\/www.alqueria.es\/blogs\/alqueriazulceleste\/2022\/10\/28\/sembramos-habas-4\/","title":{"rendered":"SEMBRAMOS HABAS"},"content":{"rendered":"\r\n<p>Hoy hemos tenido una jornada muy cooperativa en el ciclo ya que desde primera hora hemos compartido actividades y lo hemos pasado fenomenal.<\/p>\r\n<p>Tras el primer momento de juego\u00a0 y pasar por el primer control de esf\u00ednteres, decidimos recoger bien toda la clase para poder sentarnos en una asamblea de la fruta que hoy tambi\u00e9n compartimos con el grupo amarillo. Somos m\u00e1s y toca esperar un poco hasta que la fruta llega a nuestras manos pero tambi\u00e9n escuchamos a los mayores hablar, y c\u00f3mo reparte \u00abel s\u00faper\u00bb y c\u00f3mo permanecen sentados&#8230;\u00a1 Cu\u00e1nto se aprende de los mayores!.<\/p>\r\n<p>Carmen nos ha le\u00eddo un cuento y todos permanecemos atentos y tranquilos.<\/p>\r\n<p class=\"jetpack-slideshow-noscript robots-nocontent\">El pase de diapositivas requiere JavaScript.<\/p><div id=\"gallery-28369-1-slideshow\" class=\"jetpack-slideshow-window jetpack-slideshow jetpack-slideshow-black\" data-trans=\"fade\" data-autostart=\"1\" data-gallery=\"[{&quot;src&quot;:&quot;https:\\\/\\\/cloud.alqueria.es\\\/wp-content\\\/uploads\\\/sites\\\/10\\\/2022\\\/10\\\/IMG-20221028-WA0030-300x225.jpg&quot;,&quot;id&quot;:&quot;28398&quot;,&quot;title&quot;:&quot;IMG-20221028-WA0030&quot;,&quot;alt&quot;:&quot;&quot;,&quot;caption&quot;:&quot;&quot;,&quot;itemprop&quot;:&quot;image&quot;},{&quot;src&quot;:&quot;https:\\\/\\\/cloud.alqueria.es\\\/wp-content\\\/uploads\\\/sites\\\/10\\\/2022\\\/10\\\/IMG-20221028-WA0026-300x225.jpg&quot;,&quot;id&quot;:&quot;28385&quot;,&quot;title&quot;:&quot;IMG-20221028-WA0026&quot;,&quot;alt&quot;:&quot;&quot;,&quot;caption&quot;:&quot;&quot;,&quot;itemprop&quot;:&quot;image&quot;}]\" itemscope itemtype=\"https:\/\/schema.org\/ImageGallery\"><\/div>\r\n<p>Nos vamos al parque pronto pues hoy tenemos una gran tarea&#8230;\u00a1 sembrar habas!&#8230;habas que cuidaremos y veremos crecer y que nos comeremos en mayo para el D\u00eda de la Cruz.<\/p>\r\n<p>Preparada la tierra, cada uno echa con sus manos una semilla de haba y con ayuda de una pala se cubre de tierra. Los peque\u00f1os necesitan un poco de ayuda pero todos participan en la actividad y observan a sus compa\u00f1eros.<\/p>\r\n<p class=\"jetpack-slideshow-noscript robots-nocontent\">El pase de diapositivas requiere JavaScript.<\/p><div id=\"gallery-28369-2-slideshow\" class=\"jetpack-slideshow-window jetpack-slideshow jetpack-slideshow-black\" data-trans=\"fade\" data-autostart=\"1\" data-gallery=\"[{&quot;src&quot;:&quot;https:\\\/\\\/cloud.alqueria.es\\\/wp-content\\\/uploads\\\/sites\\\/10\\\/2022\\\/10\\\/IMG-20221028-WA0031-300x225.jpg&quot;,&quot;id&quot;:&quot;28397&quot;,&quot;title&quot;:&quot;IMG-20221028-WA0031&quot;,&quot;alt&quot;:&quot;&quot;,&quot;caption&quot;:&quot;&quot;,&quot;itemprop&quot;:&quot;image&quot;},{&quot;src&quot;:&quot;https:\\\/\\\/cloud.alqueria.es\\\/wp-content\\\/uploads\\\/sites\\\/10\\\/2022\\\/10\\\/IMG-20221028-WA0032-300x225.jpg&quot;,&quot;id&quot;:&quot;28396&quot;,&quot;title&quot;:&quot;IMG-20221028-WA0032&quot;,&quot;alt&quot;:&quot;&quot;,&quot;caption&quot;:&quot;&quot;,&quot;itemprop&quot;:&quot;image&quot;},{&quot;src&quot;:&quot;https:\\\/\\\/cloud.alqueria.es\\\/wp-content\\\/uploads\\\/sites\\\/10\\\/2022\\\/10\\\/IMG-20221028-WA0014-300x225.jpg&quot;,&quot;id&quot;:&quot;28393&quot;,&quot;title&quot;:&quot;IMG-20221028-WA0014&quot;,&quot;alt&quot;:&quot;&quot;,&quot;caption&quot;:&quot;&quot;,&quot;itemprop&quot;:&quot;image&quot;},{&quot;src&quot;:&quot;https:\\\/\\\/cloud.alqueria.es\\\/wp-content\\\/uploads\\\/sites\\\/10\\\/2022\\\/10\\\/IMG-20221028-WA0015-300x225.jpg&quot;,&quot;id&quot;:&quot;28392&quot;,&quot;title&quot;:&quot;IMG-20221028-WA0015&quot;,&quot;alt&quot;:&quot;&quot;,&quot;caption&quot;:&quot;&quot;,&quot;itemprop&quot;:&quot;image&quot;},{&quot;src&quot;:&quot;https:\\\/\\\/cloud.alqueria.es\\\/wp-content\\\/uploads\\\/sites\\\/10\\\/2022\\\/10\\\/IMG-20221028-WA0017-300x225.jpg&quot;,&quot;id&quot;:&quot;28391&quot;,&quot;title&quot;:&quot;IMG-20221028-WA0017&quot;,&quot;alt&quot;:&quot;&quot;,&quot;caption&quot;:&quot;&quot;,&quot;itemprop&quot;:&quot;image&quot;},{&quot;src&quot;:&quot;https:\\\/\\\/cloud.alqueria.es\\\/wp-content\\\/uploads\\\/sites\\\/10\\\/2022\\\/10\\\/IMG-20221028-WA0019-300x225.jpg&quot;,&quot;id&quot;:&quot;28390&quot;,&quot;title&quot;:&quot;IMG-20221028-WA0019&quot;,&quot;alt&quot;:&quot;&quot;,&quot;caption&quot;:&quot;&quot;,&quot;itemprop&quot;:&quot;image&quot;},{&quot;src&quot;:&quot;https:\\\/\\\/cloud.alqueria.es\\\/wp-content\\\/uploads\\\/sites\\\/10\\\/2022\\\/10\\\/IMG-20221028-WA0025-300x225.jpg&quot;,&quot;id&quot;:&quot;28386&quot;,&quot;title&quot;:&quot;IMG-20221028-WA0025&quot;,&quot;alt&quot;:&quot;&quot;,&quot;caption&quot;:&quot;&quot;,&quot;itemprop&quot;:&quot;image&quot;}]\" itemscope itemtype=\"https:\/\/schema.org\/ImageGallery\"><\/div>\r\n<p>Un poco de riego y a esperar para ver los primeros brotes.<\/p>\r\n<p>Volvemos a la clase con apetito y bastante cansados tras un gran rato de juegos en el parque en el que como cada viernes recibimos la visita de los mayores de primaria que se brindan para jugar y cuidar a los m\u00e1s peque\u00f1os. <img decoding=\"async\" class=\"aligncenter size-medium wp-image-28402\" src=\"https:\/\/cloud.alqueria.es\/wp-content\/uploads\/sites\/10\/2022\/10\/IMG-20221028-WA0009-300x135.jpg\" alt=\"\" width=\"300\" height=\"135\" srcset=\"https:\/\/cloud.alqueria.es\/wp-content\/uploads\/sites\/10\/2022\/10\/IMG-20221028-WA0009-300x135.jpg 300w, https:\/\/cloud.alqueria.es\/wp-content\/uploads\/sites\/10\/2022\/10\/IMG-20221028-WA0009-1024x461.jpg 1024w, https:\/\/cloud.alqueria.es\/wp-content\/uploads\/sites\/10\/2022\/10\/IMG-20221028-WA0009-768x346.jpg 768w, https:\/\/cloud.alqueria.es\/wp-content\/uploads\/sites\/10\/2022\/10\/IMG-20221028-WA0009-1536x691.jpg 1536w, https:\/\/cloud.alqueria.es\/wp-content\/uploads\/sites\/10\/2022\/10\/IMG-20221028-WA0009.jpg 1600w\" sizes=\"(max-width: 300px) 100vw, 300px\" \/><\/p>\r\n<p>\u00a1 Y que bien suben todos la escalera! E l pr\u00f3ximo objetivo ser\u00e1 bajar igual de bien.<img decoding=\"async\" class=\"aligncenter size-medium wp-image-28389\" src=\"https:\/\/cloud.alqueria.es\/wp-content\/uploads\/sites\/10\/2022\/10\/IMG-20221028-WA0022-300x225.jpg\" alt=\"\" width=\"300\" height=\"225\" srcset=\"https:\/\/cloud.alqueria.es\/wp-content\/uploads\/sites\/10\/2022\/10\/IMG-20221028-WA0022-300x225.jpg 300w, https:\/\/cloud.alqueria.es\/wp-content\/uploads\/sites\/10\/2022\/10\/IMG-20221028-WA0022-1024x768.jpg 1024w, https:\/\/cloud.alqueria.es\/wp-content\/uploads\/sites\/10\/2022\/10\/IMG-20221028-WA0022-768x576.jpg 768w, https:\/\/cloud.alqueria.es\/wp-content\/uploads\/sites\/10\/2022\/10\/IMG-20221028-WA0022-1536x1152.jpg 1536w, https:\/\/cloud.alqueria.es\/wp-content\/uploads\/sites\/10\/2022\/10\/IMG-20221028-WA0022.jpg 1600w\" sizes=\"(max-width: 300px) 100vw, 300px\" \/><\/p>\r\n<p>Y acabamos la ma\u00f1ana con sorpresa&#8230;soplando la vela para mi cumplea\u00f1os&#8230;\u00a1 Muchas gracias a mis compa\u00f1eras, alumnos y alumnas de ciclo!&#8230;Un peque\u00f1o trocito de bizcocho tras la comida para celebrarlo.<\/p>\r\n<p class=\"jetpack-slideshow-noscript robots-nocontent\">El pase de diapositivas requiere JavaScript.<\/p><div id=\"gallery-28369-3-slideshow\" class=\"jetpack-slideshow-window jetpack-slideshow jetpack-slideshow-black\" data-trans=\"fade\" data-autostart=\"1\" data-gallery=\"[{&quot;src&quot;:&quot;https:\\\/\\\/cloud.alqueria.es\\\/wp-content\\\/uploads\\\/sites\\\/10\\\/2022\\\/10\\\/IMG-20221028-WA0010-300x225.jpg&quot;,&quot;id&quot;:&quot;28401&quot;,&quot;title&quot;:&quot;IMG-20221028-WA0010&quot;,&quot;alt&quot;:&quot;&quot;,&quot;caption&quot;:&quot;&quot;,&quot;itemprop&quot;:&quot;image&quot;},{&quot;src&quot;:&quot;https:\\\/\\\/cloud.alqueria.es\\\/wp-content\\\/uploads\\\/sites\\\/10\\\/2022\\\/10\\\/IMG-20221028-WA0024-225x300.jpg&quot;,&quot;id&quot;:&quot;28387&quot;,&quot;title&quot;:&quot;IMG-20221028-WA0024&quot;,&quot;alt&quot;:&quot;&quot;,&quot;caption&quot;:&quot;&quot;,&quot;itemprop&quot;:&quot;image&quot;}]\" itemscope itemtype=\"https:\/\/schema.org\/ImageGallery\"><\/div>\r\n<p>Os deseo un estupendo puente en familia<\/p>\r\n<p>Un abrazo<\/p>\r\n<p>Nuria<\/p>\r\n<p>&nbsp;<\/p>\r\n<p>&nbsp;<\/p>\r\n","protected":false},"excerpt":{"rendered":"<p>Hoy hemos tenido una jornada muy cooperativa en el ciclo ya que desde primera hora hemos compartido actividades y lo hemos pasado fenomenal. Tras el primer momento de juego\u00a0 y pasar por el primer control de esf\u00ednteres, decidimos recoger bien toda la clase para poder sentarnos en una asamblea de la fruta que hoy tambi\u00e9n &hellip; <a href=\"https:\/\/www.alqueria.es\/blogs\/alqueriazulceleste\/2022\/10\/28\/sembramos-habas-4\/\" class=\"more-link\">Seguir leyendo <span class=\"screen-reader-text\">SEMBRAMOS HABAS<\/span> <span class=\"meta-nav\">&rarr;<\/span><\/a><\/p>\n","protected":false},"author":28,"featured_media":0,"comment_status":"open","ping_status":"open","sticky":false,"template":"","format":"standard","meta":{"jetpack_post_was_ever_published":false,"_jetpack_newsletter_access":"","_jetpack_dont_email_post_to_subs":false,"_jetpack_newsletter_tier_id":0,"_jetpack_memberships_contains_paywalled_content":false,"_jetpack_memberships_contains_paid_content":false,"footnotes":"","jetpack_publicize_message":"","jetpack_publicize_feature_enabled":true,"jetpack_social_post_already_shared":true,"jetpack_social_options":{"image_generator_settings":{"template":"highway","default_image_id":0,"font":"","enabled":false},"version":2}},"categories":[166,5],"tags":[53,91],"class_list":["post-28369","post","type-post","status-publish","format-standard","hentry","category-actividad-medio-ambiental","category-clase-azul","tag-actividad-medioambiental","tag-lectura-de-cuentos"],"jetpack_publicize_connections":[],"jetpack_featured_media_url":"","jetpack_sharing_enabled":true,"jetpack_shortlink":"https:\/\/wp.me\/p4mlAA-7nz","_links":{"self":[{"href":"https:\/\/www.alqueria.es\/blogs\/alqueriazulceleste\/wp-json\/wp\/v2\/posts\/28369","targetHints":{"allow":["GET"]}}],"collection":[{"href":"https:\/\/www.alqueria.es\/blogs\/alqueriazulceleste\/wp-json\/wp\/v2\/posts"}],"about":[{"href":"https:\/\/www.alqueria.es\/blogs\/alqueriazulceleste\/wp-json\/wp\/v2\/types\/post"}],"author":[{"embeddable":true,"href":"https:\/\/www.alqueria.es\/blogs\/alqueriazulceleste\/wp-json\/wp\/v2\/users\/28"}],"replies":[{"embeddable":true,"href":"https:\/\/www.alqueria.es\/blogs\/alqueriazulceleste\/wp-json\/wp\/v2\/comments?post=28369"}],"version-history":[{"count":8,"href":"https:\/\/www.alqueria.es\/blogs\/alqueriazulceleste\/wp-json\/wp\/v2\/posts\/28369\/revisions"}],"predecessor-version":[{"id":28408,"href":"https:\/\/www.alqueria.es\/blogs\/alqueriazulceleste\/wp-json\/wp\/v2\/posts\/28369\/revisions\/28408"}],"wp:attachment":[{"href":"https:\/\/www.alqueria.es\/blogs\/alqueriazulceleste\/wp-json\/wp\/v2\/media?parent=28369"}],"wp:term":[{"taxonomy":"category","embeddable":true,"href":"https:\/\/www.alqueria.es\/blogs\/alqueriazulceleste\/wp-json\/wp\/v2\/categories?post=28369"},{"taxonomy":"post_tag","embeddable":true,"href":"https:\/\/www.alqueria.es\/blogs\/alqueriazulceleste\/wp-json\/wp\/v2\/tags?post=28369"}],"curies":[{"name":"wp","href":"https:\/\/api.w.org\/{rel}","templated":true}]}}