{"id":30089,"date":"2023-03-15T18:32:08","date_gmt":"2023-03-15T17:32:08","guid":{"rendered":"https:\/\/www.alqueria.es\/blogs\/alqueriazulceleste\/?p=30089"},"modified":"2023-03-15T14:49:17","modified_gmt":"2023-03-15T13:49:17","slug":"artistica-rotulador","status":"publish","type":"post","link":"https:\/\/www.alqueria.es\/blogs\/alqueriazulceleste\/2023\/03\/15\/artistica-rotulador\/","title":{"rendered":"ART\u00cdSTICA. Rotulador"},"content":{"rendered":"\r\n<p>Continuamos la semana y seguimos pocos en clase por estar algunos compa\u00f1eros malitos&#8230;\u00a1 Os echamos de menos!.<\/p>\r\n<p><img decoding=\"async\" class=\"alignleft wp-image-30118 size-medium\" src=\"https:\/\/cloud.alqueria.es\/wp-content\/uploads\/sites\/10\/2023\/03\/IMG-20230315-WA0004-300x225.jpg\" alt=\"\" width=\"300\" height=\"225\" srcset=\"https:\/\/cloud.alqueria.es\/wp-content\/uploads\/sites\/10\/2023\/03\/IMG-20230315-WA0004-300x225.jpg 300w, https:\/\/cloud.alqueria.es\/wp-content\/uploads\/sites\/10\/2023\/03\/IMG-20230315-WA0004-1024x768.jpg 1024w, https:\/\/cloud.alqueria.es\/wp-content\/uploads\/sites\/10\/2023\/03\/IMG-20230315-WA0004-768x576.jpg 768w, https:\/\/cloud.alqueria.es\/wp-content\/uploads\/sites\/10\/2023\/03\/IMG-20230315-WA0004-1536x1152.jpg 1536w, https:\/\/cloud.alqueria.es\/wp-content\/uploads\/sites\/10\/2023\/03\/IMG-20230315-WA0004.jpg 2048w\" sizes=\"(max-width: 300px) 100vw, 300px\" \/>A primer hora jugamos con los juguetes sonoros, los sonajeros y los peluches mientras esperamos a los compa\u00f1eros y decidimos cambiar de actividad.<\/p>\r\n<p>Hoy nos sentamos a experimentar en un nuevo taller de art\u00edstica<img decoding=\"async\" class=\"size-full wp-image-30127 alignright\" src=\"https:\/\/cloud.alqueria.es\/wp-content\/uploads\/sites\/10\/2023\/03\/soleado.jpg\" alt=\"\" width=\"268\" height=\"188\" \/> donde pintamos con rotulador sobre folio sentados a la mesa. Elegimos rotuladores de punta fina de surtidos colores y producimos\u00a0 trazos en nuestro folio.<img decoding=\"async\" class=\"alignleft wp-image-30119 size-medium\" src=\"https:\/\/cloud.alqueria.es\/wp-content\/uploads\/sites\/10\/2023\/03\/IMG-20230315-WA0003-225x300.jpg\" alt=\"\" width=\"225\" height=\"300\" srcset=\"https:\/\/cloud.alqueria.es\/wp-content\/uploads\/sites\/10\/2023\/03\/IMG-20230315-WA0003-225x300.jpg 225w, https:\/\/cloud.alqueria.es\/wp-content\/uploads\/sites\/10\/2023\/03\/IMG-20230315-WA0003-768x1024.jpg 768w, https:\/\/cloud.alqueria.es\/wp-content\/uploads\/sites\/10\/2023\/03\/IMG-20230315-WA0003-1152x1536.jpg 1152w, https:\/\/cloud.alqueria.es\/wp-content\/uploads\/sites\/10\/2023\/03\/IMG-20230315-WA0003.jpg 1200w\" sizes=\"(max-width: 225px) 100vw, 225px\" \/><\/p>\r\n<p>&nbsp;<\/p>\r\n<p>&nbsp;<\/p>\r\n<p>Asamblea de la fruta en donde nos acompa\u00f1a B\u00e1rbara y su ingl\u00e9s y con ella nos vamos al parque para seguir disfrutando de estos d\u00edas de primavera.<\/p>\r\n<p>La semana que viene, el jueves, tenemos programada nuestra primera salida del curso&#8230;\u00a1 Nos vamos a ver los\u00a0 caballos!&#8230;La salida es a un centro ecuestre<img decoding=\"async\" class=\"alignright wp-image-30125 size-medium\" src=\"https:\/\/cloud.alqueria.es\/wp-content\/uploads\/sites\/10\/2023\/03\/caballo-300x211.jpg\" alt=\"\" width=\"300\" height=\"211\" srcset=\"https:\/\/cloud.alqueria.es\/wp-content\/uploads\/sites\/10\/2023\/03\/caballo-300x211.jpg 300w, https:\/\/cloud.alqueria.es\/wp-content\/uploads\/sites\/10\/2023\/03\/caballo-1024x720.jpg 1024w, https:\/\/cloud.alqueria.es\/wp-content\/uploads\/sites\/10\/2023\/03\/caballo-768x540.jpg 768w, https:\/\/cloud.alqueria.es\/wp-content\/uploads\/sites\/10\/2023\/03\/caballo.jpg 1393w\" sizes=\"(max-width: 300px) 100vw, 300px\" \/> cercano al cole y vamos en el autob\u00fas del centro. La visita la efectuamos junto a los compa\u00f1eros y compa\u00f1eras de la Clase Amarilla y seguro que ser\u00e1 una gran experiencia para todos.\u00a1 Seguiremos informando !<\/p>\r\n<p>Un abrazo<\/p>\r\n<p>Nuria<\/p>\r\n<p>&nbsp;<\/p>\r\n<p>&nbsp;<\/p>\r\n","protected":false},"excerpt":{"rendered":"<p>Continuamos la semana y seguimos pocos en clase por estar algunos compa\u00f1eros malitos&#8230;\u00a1 Os echamos de menos!. A primer hora jugamos con los juguetes sonoros, los sonajeros y los peluches mientras esperamos a los compa\u00f1eros y decidimos cambiar de actividad. Hoy nos sentamos a experimentar en un nuevo taller de art\u00edstica donde pintamos con rotulador &hellip; <a href=\"https:\/\/www.alqueria.es\/blogs\/alqueriazulceleste\/2023\/03\/15\/artistica-rotulador\/\" class=\"more-link\">Seguir leyendo <span class=\"screen-reader-text\">ART\u00cdSTICA. Rotulador<\/span> <span class=\"meta-nav\">&rarr;<\/span><\/a><\/p>\n","protected":false},"author":28,"featured_media":0,"comment_status":"open","ping_status":"open","sticky":false,"template":"","format":"standard","meta":{"jetpack_post_was_ever_published":false,"_jetpack_newsletter_access":"","_jetpack_dont_email_post_to_subs":false,"_jetpack_newsletter_tier_id":0,"_jetpack_memberships_contains_paywalled_content":false,"_jetpack_memberships_contains_paid_content":false,"footnotes":"","jetpack_publicize_message":"","jetpack_publicize_feature_enabled":true,"jetpack_social_post_already_shared":true,"jetpack_social_options":{"image_generator_settings":{"template":"highway","default_image_id":0,"font":"","enabled":false},"version":2}},"categories":[162,5],"tags":[],"class_list":["post-30089","post","type-post","status-publish","format-standard","hentry","category-artistica","category-clase-azul"],"jetpack_publicize_connections":[],"jetpack_featured_media_url":"","jetpack_sharing_enabled":true,"jetpack_shortlink":"https:\/\/wp.me\/p4mlAA-7Pj","_links":{"self":[{"href":"https:\/\/www.alqueria.es\/blogs\/alqueriazulceleste\/wp-json\/wp\/v2\/posts\/30089","targetHints":{"allow":["GET"]}}],"collection":[{"href":"https:\/\/www.alqueria.es\/blogs\/alqueriazulceleste\/wp-json\/wp\/v2\/posts"}],"about":[{"href":"https:\/\/www.alqueria.es\/blogs\/alqueriazulceleste\/wp-json\/wp\/v2\/types\/post"}],"author":[{"embeddable":true,"href":"https:\/\/www.alqueria.es\/blogs\/alqueriazulceleste\/wp-json\/wp\/v2\/users\/28"}],"replies":[{"embeddable":true,"href":"https:\/\/www.alqueria.es\/blogs\/alqueriazulceleste\/wp-json\/wp\/v2\/comments?post=30089"}],"version-history":[{"count":11,"href":"https:\/\/www.alqueria.es\/blogs\/alqueriazulceleste\/wp-json\/wp\/v2\/posts\/30089\/revisions"}],"predecessor-version":[{"id":30129,"href":"https:\/\/www.alqueria.es\/blogs\/alqueriazulceleste\/wp-json\/wp\/v2\/posts\/30089\/revisions\/30129"}],"wp:attachment":[{"href":"https:\/\/www.alqueria.es\/blogs\/alqueriazulceleste\/wp-json\/wp\/v2\/media?parent=30089"}],"wp:term":[{"taxonomy":"category","embeddable":true,"href":"https:\/\/www.alqueria.es\/blogs\/alqueriazulceleste\/wp-json\/wp\/v2\/categories?post=30089"},{"taxonomy":"post_tag","embeddable":true,"href":"https:\/\/www.alqueria.es\/blogs\/alqueriazulceleste\/wp-json\/wp\/v2\/tags?post=30089"}],"curies":[{"name":"wp","href":"https:\/\/api.w.org\/{rel}","templated":true}]}}