{"id":30194,"date":"2023-03-21T17:49:19","date_gmt":"2023-03-21T16:49:19","guid":{"rendered":"https:\/\/www.alqueria.es\/blogs\/alqueriazulceleste\/?p=30194"},"modified":"2023-03-21T16:52:45","modified_gmt":"2023-03-21T15:52:45","slug":"ya-es-primavera-en-alqueria","status":"publish","type":"post","link":"https:\/\/www.alqueria.es\/blogs\/alqueriazulceleste\/2023\/03\/21\/ya-es-primavera-en-alqueria\/","title":{"rendered":"\u00a1 YA ES PRIMAVERA&#8230;EN ALQUER\u00cdA!"},"content":{"rendered":"\r\n<p>Ya ha llegado la primavera y lo estamos disfrutando y lo disfrutaremos en el cole con los compa\u00f1eros.<\/p>\r\n<p>A primera hora jugamos con los encajables y poco a poco vamos dando la bienvenida a los compa\u00f1eros y nos sumergimos en las rutinas del d\u00eda.<\/p>\r\n<div class=\"tiled-gallery type-circle tiled-gallery-unresized\" data-original-width=\"474\" data-carousel-extra='null' itemscope itemtype=\"http:\/\/schema.org\/ImageGallery\" > <div class=\"gallery-row\" style=\"width: 474px; height: 237px;\" data-original-width=\"474\" data-original-height=\"237\" > <div class=\"gallery-group\" style=\"width: 237px; height: 237px;\" data-original-width=\"237\" data-original-height=\"237\" > <div class=\"tiled-gallery-item \" itemprop=\"associatedMedia\" itemscope itemtype=\"http:\/\/schema.org\/ImageObject\"> <a href=\"https:\/\/www.alqueria.es\/blogs\/alqueriazulceleste\/2023\/03\/21\/ya-es-primavera-en-alqueria\/img-20230321-wa0015\/\" border=\"0\" itemprop=\"url\"> <meta itemprop=\"width\" content=\"233\"> <meta itemprop=\"height\" content=\"233\"> <img decoding=\"async\" class=\"\" data-attachment-id=\"30219\" data-orig-file=\"https:\/\/cloud.alqueria.es\/wp-content\/uploads\/sites\/10\/2023\/03\/IMG-20230321-WA0015.jpg\" data-orig-size=\"2048,1536\" data-comments-opened=\"1\" data-image-meta=\"{&quot;aperture&quot;:&quot;0&quot;,&quot;credit&quot;:&quot;&quot;,&quot;camera&quot;:&quot;&quot;,&quot;caption&quot;:&quot;&quot;,&quot;created_timestamp&quot;:&quot;0&quot;,&quot;copyright&quot;:&quot;&quot;,&quot;focal_length&quot;:&quot;0&quot;,&quot;iso&quot;:&quot;0&quot;,&quot;shutter_speed&quot;:&quot;0&quot;,&quot;title&quot;:&quot;&quot;,&quot;orientation&quot;:&quot;0&quot;}\" data-image-title=\"IMG-20230321-WA0015\" data-image-description=\"\" data-medium-file=\"https:\/\/cloud.alqueria.es\/wp-content\/uploads\/sites\/10\/2023\/03\/IMG-20230321-WA0015-300x225.jpg\" data-large-file=\"https:\/\/cloud.alqueria.es\/wp-content\/uploads\/sites\/10\/2023\/03\/IMG-20230321-WA0015-1024x768.jpg\" src=\"https:\/\/i0.wp.com\/cloud.alqueria.es\/wp-content\/uploads\/sites\/10\/2023\/03\/IMG-20230321-WA0015.jpg?w=233&#038;h=233&#038;crop=1&#038;ssl=1\" width=\"233\" height=\"233\" loading=\"lazy\" data-original-width=\"233\" data-original-height=\"233\" itemprop=\"http:\/\/schema.org\/image\" title=\"IMG-20230321-WA0015\" alt=\"IMG-20230321-WA0015\" style=\"width: 233px; height: 233px;\" \/> <\/a> <\/div> <\/div> <div class=\"gallery-group\" style=\"width: 237px; height: 237px;\" data-original-width=\"237\" data-original-height=\"237\" > <div class=\"tiled-gallery-item \" itemprop=\"associatedMedia\" itemscope itemtype=\"http:\/\/schema.org\/ImageObject\"> <a href=\"https:\/\/www.alqueria.es\/blogs\/alqueriazulceleste\/2023\/03\/21\/ya-es-primavera-en-alqueria\/img-20230321-wa0016\/\" border=\"0\" itemprop=\"url\"> <meta itemprop=\"width\" content=\"233\"> <meta itemprop=\"height\" content=\"233\"> <img decoding=\"async\" class=\"\" data-attachment-id=\"30218\" data-orig-file=\"https:\/\/cloud.alqueria.es\/wp-content\/uploads\/sites\/10\/2023\/03\/IMG-20230321-WA0016.jpg\" data-orig-size=\"2048,1536\" data-comments-opened=\"1\" data-image-meta=\"{&quot;aperture&quot;:&quot;0&quot;,&quot;credit&quot;:&quot;&quot;,&quot;camera&quot;:&quot;&quot;,&quot;caption&quot;:&quot;&quot;,&quot;created_timestamp&quot;:&quot;0&quot;,&quot;copyright&quot;:&quot;&quot;,&quot;focal_length&quot;:&quot;0&quot;,&quot;iso&quot;:&quot;0&quot;,&quot;shutter_speed&quot;:&quot;0&quot;,&quot;title&quot;:&quot;&quot;,&quot;orientation&quot;:&quot;0&quot;}\" data-image-title=\"IMG-20230321-WA0016\" data-image-description=\"\" data-medium-file=\"https:\/\/cloud.alqueria.es\/wp-content\/uploads\/sites\/10\/2023\/03\/IMG-20230321-WA0016-300x225.jpg\" data-large-file=\"https:\/\/cloud.alqueria.es\/wp-content\/uploads\/sites\/10\/2023\/03\/IMG-20230321-WA0016-1024x768.jpg\" src=\"https:\/\/i0.wp.com\/cloud.alqueria.es\/wp-content\/uploads\/sites\/10\/2023\/03\/IMG-20230321-WA0016.jpg?w=233&#038;h=233&#038;crop=1&#038;ssl=1\" width=\"233\" height=\"233\" loading=\"lazy\" data-original-width=\"233\" data-original-height=\"233\" itemprop=\"http:\/\/schema.org\/image\" title=\"IMG-20230321-WA0016\" alt=\"IMG-20230321-WA0016\" style=\"width: 233px; height: 233px;\" \/> <\/a> <\/div> <\/div> <\/div> <\/div>\r\n<p>Hoy tenemos programado un taller de Art\u00edstica en el que coloreamos en folio con ceras blandas unos vistosos caballos para prepararnos para la salida del jueves en la que visitaremos a tan llamativos animales. Elegimos una gama de colores marrones, amarillos&#8230;\u00a0 \u00bf Hay caballos rojos?&#8230; \u00a1No en la realidad&#8230;Si en nuestra imaginaci\u00f3n!\u00a0 pero hoy toca colorear con las ceras aportadas y libremente nuestro caballo, jaca, potrillo, yegua&#8230;palabras con las que designamos los dibujos que tenemos en nuestras manos.<img decoding=\"async\" class=\"alignleft wp-image-30223 size-medium\" src=\"https:\/\/cloud.alqueria.es\/wp-content\/uploads\/sites\/10\/2023\/03\/IMG-20230321-WA0005-225x300.jpg\" alt=\"\" width=\"225\" height=\"300\" srcset=\"https:\/\/cloud.alqueria.es\/wp-content\/uploads\/sites\/10\/2023\/03\/IMG-20230321-WA0005-225x300.jpg 225w, https:\/\/cloud.alqueria.es\/wp-content\/uploads\/sites\/10\/2023\/03\/IMG-20230321-WA0005-768x1024.jpg 768w, https:\/\/cloud.alqueria.es\/wp-content\/uploads\/sites\/10\/2023\/03\/IMG-20230321-WA0005-1152x1536.jpg 1152w, https:\/\/cloud.alqueria.es\/wp-content\/uploads\/sites\/10\/2023\/03\/IMG-20230321-WA0005.jpg 1200w\" sizes=\"(max-width: 225px) 100vw, 225px\" \/><\/p>\r\n<p>Llega B\u00e1rbara con su ingl\u00e9s y nos acompa\u00f1a en el taller y tambi\u00e9n en la asamblea posterior en donde hablamos de los caballos, del viaje en bus, de como comportarnos en la salida&#8230;\u00a1 Salimos el jueves 23 !. Salimos temprano, sobre las 9,30H , as\u00ed que todos a las 9,00H en la clase.<img decoding=\"async\" class=\"aligncenter size-full wp-image-30232\" src=\"https:\/\/cloud.alqueria.es\/wp-content\/uploads\/sites\/10\/2023\/03\/IMG-20230321-WA0021.jpg\" alt=\"\" width=\"1600\" height=\"1200\" srcset=\"https:\/\/cloud.alqueria.es\/wp-content\/uploads\/sites\/10\/2023\/03\/IMG-20230321-WA0021.jpg 1600w, https:\/\/cloud.alqueria.es\/wp-content\/uploads\/sites\/10\/2023\/03\/IMG-20230321-WA0021-300x225.jpg 300w, https:\/\/cloud.alqueria.es\/wp-content\/uploads\/sites\/10\/2023\/03\/IMG-20230321-WA0021-1024x768.jpg 1024w, https:\/\/cloud.alqueria.es\/wp-content\/uploads\/sites\/10\/2023\/03\/IMG-20230321-WA0021-768x576.jpg 768w, https:\/\/cloud.alqueria.es\/wp-content\/uploads\/sites\/10\/2023\/03\/IMG-20230321-WA0021-1536x1152.jpg 1536w\" sizes=\"(max-width: 1600px) 100vw, 1600px\" \/><\/p>\r\n<p>Antes de salir al parque dedicamos unos minutos a cuidar nuestras macetas. Las regamos con mimo y las dejamos al sol de la terraza. Tenemos que cuidarlas mucho para llevarlas a casa en el D\u00eda del Libro.<\/p>\r\n<p class=\"jetpack-slideshow-noscript robots-nocontent\">El pase de diapositivas requiere JavaScript.<\/p><div id=\"gallery-30194-1-slideshow\" class=\"jetpack-slideshow-window jetpack-slideshow jetpack-slideshow-black\" data-trans=\"fade\" data-autostart=\"1\" data-gallery=\"[{&quot;src&quot;:&quot;https:\\\/\\\/cloud.alqueria.es\\\/wp-content\\\/uploads\\\/sites\\\/10\\\/2023\\\/03\\\/IMG-20230321-WA0003-225x300.jpg&quot;,&quot;id&quot;:&quot;30224&quot;,&quot;title&quot;:&quot;IMG-20230321-WA0003&quot;,&quot;alt&quot;:&quot;&quot;,&quot;caption&quot;:&quot;&quot;,&quot;itemprop&quot;:&quot;image&quot;},{&quot;src&quot;:&quot;https:\\\/\\\/cloud.alqueria.es\\\/wp-content\\\/uploads\\\/sites\\\/10\\\/2023\\\/03\\\/IMG-20230321-WA0006-225x300.jpg&quot;,&quot;id&quot;:&quot;30222&quot;,&quot;title&quot;:&quot;IMG-20230321-WA0006&quot;,&quot;alt&quot;:&quot;&quot;,&quot;caption&quot;:&quot;&quot;,&quot;itemprop&quot;:&quot;image&quot;},{&quot;src&quot;:&quot;https:\\\/\\\/cloud.alqueria.es\\\/wp-content\\\/uploads\\\/sites\\\/10\\\/2023\\\/03\\\/IMG-20230321-WA0014-300x225.jpg&quot;,&quot;id&quot;:&quot;30220&quot;,&quot;title&quot;:&quot;IMG-20230321-WA0014&quot;,&quot;alt&quot;:&quot;&quot;,&quot;caption&quot;:&quot;&quot;,&quot;itemprop&quot;:&quot;image&quot;},{&quot;src&quot;:&quot;https:\\\/\\\/cloud.alqueria.es\\\/wp-content\\\/uploads\\\/sites\\\/10\\\/2023\\\/03\\\/IMG-20230321-WA0017-300x225.jpg&quot;,&quot;id&quot;:&quot;30217&quot;,&quot;title&quot;:&quot;IMG-20230321-WA0017&quot;,&quot;alt&quot;:&quot;&quot;,&quot;caption&quot;:&quot;&quot;,&quot;itemprop&quot;:&quot;image&quot;},{&quot;src&quot;:&quot;https:\\\/\\\/cloud.alqueria.es\\\/wp-content\\\/uploads\\\/sites\\\/10\\\/2023\\\/03\\\/IMG-20230321-WA0019-300x225.jpg&quot;,&quot;id&quot;:&quot;30215&quot;,&quot;title&quot;:&quot;IMG-20230321-WA0019&quot;,&quot;alt&quot;:&quot;&quot;,&quot;caption&quot;:&quot;&quot;,&quot;itemprop&quot;:&quot;image&quot;},{&quot;src&quot;:&quot;https:\\\/\\\/cloud.alqueria.es\\\/wp-content\\\/uploads\\\/sites\\\/10\\\/2023\\\/03\\\/IMG-20230321-WA0020-300x225.jpg&quot;,&quot;id&quot;:&quot;30214&quot;,&quot;title&quot;:&quot;IMG-20230321-WA0020&quot;,&quot;alt&quot;:&quot;&quot;,&quot;caption&quot;:&quot;&quot;,&quot;itemprop&quot;:&quot;image&quot;}]\" itemscope itemtype=\"https:\/\/schema.org\/ImageGallery\"><\/div>\r\n<p>En el parque disfrutamos de una excelente temperatura y del juego al aire libre.<\/p>\r\n<p class=\"jetpack-slideshow-noscript robots-nocontent\">El pase de diapositivas requiere JavaScript.<\/p><div id=\"gallery-30194-2-slideshow\" class=\"jetpack-slideshow-window jetpack-slideshow jetpack-slideshow-black\" data-trans=\"fade\" data-autostart=\"1\" data-gallery=\"[{&quot;src&quot;:&quot;https:\\\/\\\/cloud.alqueria.es\\\/wp-content\\\/uploads\\\/sites\\\/10\\\/2023\\\/03\\\/IMG-20230321-WA0001-300x225.jpg&quot;,&quot;id&quot;:&quot;30227&quot;,&quot;title&quot;:&quot;IMG-20230321-WA0001&quot;,&quot;alt&quot;:&quot;&quot;,&quot;caption&quot;:&quot;&quot;,&quot;itemprop&quot;:&quot;image&quot;},{&quot;src&quot;:&quot;https:\\\/\\\/cloud.alqueria.es\\\/wp-content\\\/uploads\\\/sites\\\/10\\\/2023\\\/03\\\/IMG-20230321-WA0002-300x225.jpg&quot;,&quot;id&quot;:&quot;30226&quot;,&quot;title&quot;:&quot;IMG-20230321-WA0002&quot;,&quot;alt&quot;:&quot;&quot;,&quot;caption&quot;:&quot;&quot;,&quot;itemprop&quot;:&quot;image&quot;}]\" itemscope itemtype=\"https:\/\/schema.org\/ImageGallery\"><\/div>\r\n<p>Un comienzo de primavera estupendo.<\/p>\r\n<p>NOTICIA<\/p>\r\n<p>En la semana del 24 al 28 de abril celebramos nuestra Semana de la Lectura en la que invitamos a todas las familias a participar con sus relatos, cuentos, historias en el ciclo. Si te sientes motivado acuerda con nosotros el d\u00eda y la hora que podemos poner a tu disposici\u00f3n.<\/p>\r\n<p>\u00a1TE ESPERAMOS!<\/p>\r\n<p>Un abrazo<\/p>\r\n<p>Nuria<\/p>\r\n","protected":false},"excerpt":{"rendered":"<p>Ya ha llegado la primavera y lo estamos disfrutando y lo disfrutaremos en el cole con los compa\u00f1eros. A primera hora jugamos con los encajables y poco a poco vamos dando la bienvenida a los compa\u00f1eros y nos sumergimos en las rutinas del d\u00eda. Hoy tenemos programado un taller de Art\u00edstica en el que coloreamos &hellip; <a href=\"https:\/\/www.alqueria.es\/blogs\/alqueriazulceleste\/2023\/03\/21\/ya-es-primavera-en-alqueria\/\" class=\"more-link\">Seguir leyendo <span class=\"screen-reader-text\">\u00a1 YA ES PRIMAVERA&#8230;EN ALQUER\u00cdA!<\/span> <span class=\"meta-nav\">&rarr;<\/span><\/a><\/p>\n","protected":false},"author":28,"featured_media":0,"comment_status":"open","ping_status":"open","sticky":false,"template":"","format":"standard","meta":{"jetpack_post_was_ever_published":false,"_jetpack_newsletter_access":"","_jetpack_dont_email_post_to_subs":false,"_jetpack_newsletter_tier_id":0,"_jetpack_memberships_contains_paywalled_content":false,"_jetpack_memberships_contains_paid_content":false,"footnotes":"","jetpack_publicize_message":"","jetpack_publicize_feature_enabled":true,"jetpack_social_post_already_shared":true,"jetpack_social_options":{"image_generator_settings":{"template":"highway","default_image_id":0,"font":"","enabled":false},"version":2}},"categories":[166,162,5],"tags":[],"class_list":["post-30194","post","type-post","status-publish","format-standard","hentry","category-actividad-medio-ambiental","category-artistica","category-clase-azul"],"jetpack_publicize_connections":[],"jetpack_featured_media_url":"","jetpack_sharing_enabled":true,"jetpack_shortlink":"https:\/\/wp.me\/p4mlAA-7R0","_links":{"self":[{"href":"https:\/\/www.alqueria.es\/blogs\/alqueriazulceleste\/wp-json\/wp\/v2\/posts\/30194","targetHints":{"allow":["GET"]}}],"collection":[{"href":"https:\/\/www.alqueria.es\/blogs\/alqueriazulceleste\/wp-json\/wp\/v2\/posts"}],"about":[{"href":"https:\/\/www.alqueria.es\/blogs\/alqueriazulceleste\/wp-json\/wp\/v2\/types\/post"}],"author":[{"embeddable":true,"href":"https:\/\/www.alqueria.es\/blogs\/alqueriazulceleste\/wp-json\/wp\/v2\/users\/28"}],"replies":[{"embeddable":true,"href":"https:\/\/www.alqueria.es\/blogs\/alqueriazulceleste\/wp-json\/wp\/v2\/comments?post=30194"}],"version-history":[{"count":8,"href":"https:\/\/www.alqueria.es\/blogs\/alqueriazulceleste\/wp-json\/wp\/v2\/posts\/30194\/revisions"}],"predecessor-version":[{"id":30234,"href":"https:\/\/www.alqueria.es\/blogs\/alqueriazulceleste\/wp-json\/wp\/v2\/posts\/30194\/revisions\/30234"}],"wp:attachment":[{"href":"https:\/\/www.alqueria.es\/blogs\/alqueriazulceleste\/wp-json\/wp\/v2\/media?parent=30194"}],"wp:term":[{"taxonomy":"category","embeddable":true,"href":"https:\/\/www.alqueria.es\/blogs\/alqueriazulceleste\/wp-json\/wp\/v2\/categories?post=30194"},{"taxonomy":"post_tag","embeddable":true,"href":"https:\/\/www.alqueria.es\/blogs\/alqueriazulceleste\/wp-json\/wp\/v2\/tags?post=30194"}],"curies":[{"name":"wp","href":"https:\/\/api.w.org\/{rel}","templated":true}]}}