{"id":30524,"date":"2023-04-14T17:35:35","date_gmt":"2023-04-14T15:35:35","guid":{"rendered":"https:\/\/www.alqueria.es\/blogs\/alqueriazulceleste\/?p=30524"},"modified":"2023-04-14T15:36:14","modified_gmt":"2023-04-14T13:36:14","slug":"sensorial-instrumentos-musicales","status":"publish","type":"post","link":"https:\/\/www.alqueria.es\/blogs\/alqueriazulceleste\/2023\/04\/14\/sensorial-instrumentos-musicales\/","title":{"rendered":"SENSORIAL. Instrumentos musicales"},"content":{"rendered":"<p>Termina la semana y lo hacemos con un viernes tranquilo y repleto de juegos y actividades.<\/p>\n<p>Comenzamos la ma\u00f1ana jugando con los sonajeros, juguetes sonoros y los peluches. Esperamos a os compa\u00f1eros y enseguida pasamos al primer control de esf\u00ednteres de la jornada.<img decoding=\"async\" class=\"alignleft wp-image-30550 size-medium\" src=\"https:\/\/cloud.alqueria.es\/wp-content\/uploads\/sites\/10\/2023\/04\/IMG-20230414-WA0019-300x225.jpg\" alt=\"\" width=\"300\" height=\"225\" srcset=\"https:\/\/cloud.alqueria.es\/wp-content\/uploads\/sites\/10\/2023\/04\/IMG-20230414-WA0019-300x225.jpg 300w, https:\/\/cloud.alqueria.es\/wp-content\/uploads\/sites\/10\/2023\/04\/IMG-20230414-WA0019-1024x768.jpg 1024w, https:\/\/cloud.alqueria.es\/wp-content\/uploads\/sites\/10\/2023\/04\/IMG-20230414-WA0019-768x576.jpg 768w, https:\/\/cloud.alqueria.es\/wp-content\/uploads\/sites\/10\/2023\/04\/IMG-20230414-WA0019-1536x1152.jpg 1536w, https:\/\/cloud.alqueria.es\/wp-content\/uploads\/sites\/10\/2023\/04\/IMG-20230414-WA0019.jpg 1600w\" sizes=\"(max-width: 300px) 100vw, 300px\" \/><\/p>\n<p>Todo recogido y preparado para cambiar de actividad y esta vez experimentar con los sonidos. Panderetas, sonajas, campanillas, tambores, alfombra musical&#8230;\u00a1 Nos encanta!<\/p>\n<p class=\"jetpack-slideshow-noscript robots-nocontent\">El pase de diapositivas requiere JavaScript.<\/p><div id=\"gallery-30524-1-slideshow\" class=\"jetpack-slideshow-window jetpack-slideshow jetpack-slideshow-black\" data-trans=\"fade\" data-autostart=\"1\" data-gallery=\"[{&quot;src&quot;:&quot;https:\\\/\\\/cloud.alqueria.es\\\/wp-content\\\/uploads\\\/sites\\\/10\\\/2023\\\/04\\\/IMG-20230414-WA0013-300x225.jpg&quot;,&quot;id&quot;:&quot;30556&quot;,&quot;title&quot;:&quot;IMG-20230414-WA0013&quot;,&quot;alt&quot;:&quot;&quot;,&quot;caption&quot;:&quot;&quot;,&quot;itemprop&quot;:&quot;image&quot;},{&quot;src&quot;:&quot;https:\\\/\\\/cloud.alqueria.es\\\/wp-content\\\/uploads\\\/sites\\\/10\\\/2023\\\/04\\\/IMG-20230414-WA0014-300x225.jpg&quot;,&quot;id&quot;:&quot;30555&quot;,&quot;title&quot;:&quot;IMG-20230414-WA0014&quot;,&quot;alt&quot;:&quot;&quot;,&quot;caption&quot;:&quot;&quot;,&quot;itemprop&quot;:&quot;image&quot;},{&quot;src&quot;:&quot;https:\\\/\\\/cloud.alqueria.es\\\/wp-content\\\/uploads\\\/sites\\\/10\\\/2023\\\/04\\\/IMG-20230414-WA0015-300x225.jpg&quot;,&quot;id&quot;:&quot;30554&quot;,&quot;title&quot;:&quot;IMG-20230414-WA0015&quot;,&quot;alt&quot;:&quot;&quot;,&quot;caption&quot;:&quot;&quot;,&quot;itemprop&quot;:&quot;image&quot;},{&quot;src&quot;:&quot;https:\\\/\\\/cloud.alqueria.es\\\/wp-content\\\/uploads\\\/sites\\\/10\\\/2023\\\/04\\\/IMG-20230414-WA0016-300x225.jpg&quot;,&quot;id&quot;:&quot;30553&quot;,&quot;title&quot;:&quot;IMG-20230414-WA0016&quot;,&quot;alt&quot;:&quot;&quot;,&quot;caption&quot;:&quot;&quot;,&quot;itemprop&quot;:&quot;image&quot;},{&quot;src&quot;:&quot;https:\\\/\\\/cloud.alqueria.es\\\/wp-content\\\/uploads\\\/sites\\\/10\\\/2023\\\/04\\\/IMG-20230414-WA0017-300x225.jpg&quot;,&quot;id&quot;:&quot;30552&quot;,&quot;title&quot;:&quot;IMG-20230414-WA0017&quot;,&quot;alt&quot;:&quot;&quot;,&quot;caption&quot;:&quot;&quot;,&quot;itemprop&quot;:&quot;image&quot;},{&quot;src&quot;:&quot;https:\\\/\\\/cloud.alqueria.es\\\/wp-content\\\/uploads\\\/sites\\\/10\\\/2023\\\/04\\\/IMG-20230414-WA0018-300x225.jpg&quot;,&quot;id&quot;:&quot;30551&quot;,&quot;title&quot;:&quot;IMG-20230414-WA0018&quot;,&quot;alt&quot;:&quot;&quot;,&quot;caption&quot;:&quot;&quot;,&quot;itemprop&quot;:&quot;image&quot;},{&quot;src&quot;:&quot;https:\\\/\\\/cloud.alqueria.es\\\/wp-content\\\/uploads\\\/sites\\\/10\\\/2023\\\/04\\\/IMG-20230414-WA0020-300x225.jpg&quot;,&quot;id&quot;:&quot;30549&quot;,&quot;title&quot;:&quot;IMG-20230414-WA0020&quot;,&quot;alt&quot;:&quot;&quot;,&quot;caption&quot;:&quot;&quot;,&quot;itemprop&quot;:&quot;image&quot;},{&quot;src&quot;:&quot;https:\\\/\\\/cloud.alqueria.es\\\/wp-content\\\/uploads\\\/sites\\\/10\\\/2023\\\/04\\\/IMG-20230414-WA0021-300x225.jpg&quot;,&quot;id&quot;:&quot;30548&quot;,&quot;title&quot;:&quot;IMG-20230414-WA0021&quot;,&quot;alt&quot;:&quot;&quot;,&quot;caption&quot;:&quot;&quot;,&quot;itemprop&quot;:&quot;image&quot;}]\" itemscope itemtype=\"https:\/\/schema.org\/ImageGallery\"><\/div>\n<p>Asamblea de la fruta y enseguida un buen rato de parque y a disfrutar del aire puro de la vega.<\/p>\n<p>La Clase Amarilla planta crasas en el arriate del limonero y todos asistimos como espectadores al evento.<\/p>\n<p class=\"jetpack-slideshow-noscript robots-nocontent\">El pase de diapositivas requiere JavaScript.<\/p><div id=\"gallery-30524-2-slideshow\" class=\"jetpack-slideshow-window jetpack-slideshow jetpack-slideshow-black\" data-trans=\"fade\" data-autostart=\"1\" data-gallery=\"[{&quot;src&quot;:&quot;https:\\\/\\\/cloud.alqueria.es\\\/wp-content\\\/uploads\\\/sites\\\/10\\\/2023\\\/04\\\/IMG-20230414-WA0023-225x300.jpg&quot;,&quot;id&quot;:&quot;30547&quot;,&quot;title&quot;:&quot;IMG-20230414-WA0023&quot;,&quot;alt&quot;:&quot;&quot;,&quot;caption&quot;:&quot;&quot;,&quot;itemprop&quot;:&quot;image&quot;},{&quot;src&quot;:&quot;https:\\\/\\\/cloud.alqueria.es\\\/wp-content\\\/uploads\\\/sites\\\/10\\\/2023\\\/04\\\/IMG-20230414-WA0024-300x225.jpg&quot;,&quot;id&quot;:&quot;30546&quot;,&quot;title&quot;:&quot;IMG-20230414-WA0024&quot;,&quot;alt&quot;:&quot;&quot;,&quot;caption&quot;:&quot;&quot;,&quot;itemprop&quot;:&quot;image&quot;},{&quot;src&quot;:&quot;https:\\\/\\\/cloud.alqueria.es\\\/wp-content\\\/uploads\\\/sites\\\/10\\\/2023\\\/04\\\/IMG-20230414-WA0025-300x225.jpg&quot;,&quot;id&quot;:&quot;30545&quot;,&quot;title&quot;:&quot;IMG-20230414-WA0025&quot;,&quot;alt&quot;:&quot;&quot;,&quot;caption&quot;:&quot;&quot;,&quot;itemprop&quot;:&quot;image&quot;},{&quot;src&quot;:&quot;https:\\\/\\\/cloud.alqueria.es\\\/wp-content\\\/uploads\\\/sites\\\/10\\\/2023\\\/04\\\/IMG-20230414-WA0026-225x300.jpg&quot;,&quot;id&quot;:&quot;30544&quot;,&quot;title&quot;:&quot;IMG-20230414-WA0026&quot;,&quot;alt&quot;:&quot;&quot;,&quot;caption&quot;:&quot;&quot;,&quot;itemprop&quot;:&quot;image&quot;}]\" itemscope itemtype=\"https:\/\/schema.org\/ImageGallery\"><\/div>\n<p>Un estupendo viernes<\/p>\n<p>Os deseo un buen fin de semana.<\/p>\n<p>Un abrazo<\/p>\n<p>Nuria<\/p>\n","protected":false},"excerpt":{"rendered":"<p>Termina la semana y lo hacemos con un viernes tranquilo y repleto de juegos y actividades. Comenzamos la ma\u00f1ana jugando con los sonajeros, juguetes sonoros y los peluches. Esperamos a os compa\u00f1eros y enseguida pasamos al primer control de esf\u00ednteres de la jornada. Todo recogido y preparado para cambiar de actividad y esta vez experimentar &hellip; <a href=\"https:\/\/www.alqueria.es\/blogs\/alqueriazulceleste\/2023\/04\/14\/sensorial-instrumentos-musicales\/\" class=\"more-link\">Seguir leyendo <span class=\"screen-reader-text\">SENSORIAL. Instrumentos musicales<\/span> <span class=\"meta-nav\">&rarr;<\/span><\/a><\/p>\n","protected":false},"author":28,"featured_media":0,"comment_status":"open","ping_status":"open","sticky":false,"template":"","format":"standard","meta":{"jetpack_post_was_ever_published":false,"_jetpack_newsletter_access":"","_jetpack_dont_email_post_to_subs":false,"_jetpack_newsletter_tier_id":0,"_jetpack_memberships_contains_paywalled_content":false,"_jetpack_memberships_contains_paid_content":false,"footnotes":"","jetpack_publicize_message":"","jetpack_publicize_feature_enabled":true,"jetpack_social_post_already_shared":true,"jetpack_social_options":{"image_generator_settings":{"template":"highway","default_image_id":0,"font":"","enabled":false},"version":2}},"categories":[166,5,73,109],"tags":[],"class_list":["post-30524","post","type-post","status-publish","format-standard","hentry","category-actividad-medio-ambiental","category-clase-azul","category-musica","category-taller-sensorial"],"jetpack_publicize_connections":[],"jetpack_featured_media_url":"","jetpack_sharing_enabled":true,"jetpack_shortlink":"https:\/\/wp.me\/p4mlAA-7Wk","_links":{"self":[{"href":"https:\/\/www.alqueria.es\/blogs\/alqueriazulceleste\/wp-json\/wp\/v2\/posts\/30524","targetHints":{"allow":["GET"]}}],"collection":[{"href":"https:\/\/www.alqueria.es\/blogs\/alqueriazulceleste\/wp-json\/wp\/v2\/posts"}],"about":[{"href":"https:\/\/www.alqueria.es\/blogs\/alqueriazulceleste\/wp-json\/wp\/v2\/types\/post"}],"author":[{"embeddable":true,"href":"https:\/\/www.alqueria.es\/blogs\/alqueriazulceleste\/wp-json\/wp\/v2\/users\/28"}],"replies":[{"embeddable":true,"href":"https:\/\/www.alqueria.es\/blogs\/alqueriazulceleste\/wp-json\/wp\/v2\/comments?post=30524"}],"version-history":[{"count":7,"href":"https:\/\/www.alqueria.es\/blogs\/alqueriazulceleste\/wp-json\/wp\/v2\/posts\/30524\/revisions"}],"predecessor-version":[{"id":30561,"href":"https:\/\/www.alqueria.es\/blogs\/alqueriazulceleste\/wp-json\/wp\/v2\/posts\/30524\/revisions\/30561"}],"wp:attachment":[{"href":"https:\/\/www.alqueria.es\/blogs\/alqueriazulceleste\/wp-json\/wp\/v2\/media?parent=30524"}],"wp:term":[{"taxonomy":"category","embeddable":true,"href":"https:\/\/www.alqueria.es\/blogs\/alqueriazulceleste\/wp-json\/wp\/v2\/categories?post=30524"},{"taxonomy":"post_tag","embeddable":true,"href":"https:\/\/www.alqueria.es\/blogs\/alqueriazulceleste\/wp-json\/wp\/v2\/tags?post=30524"}],"curies":[{"name":"wp","href":"https:\/\/api.w.org\/{rel}","templated":true}]}}