{"id":30671,"date":"2023-04-27T21:21:00","date_gmt":"2023-04-27T19:21:00","guid":{"rendered":"https:\/\/www.alqueria.es\/blogs\/alqueriazulceleste\/?p=30671"},"modified":"2023-04-27T21:21:00","modified_gmt":"2023-04-27T19:21:00","slug":"semana-de-la-lectura-segunda-tercera-y-cuarta-jornada","status":"publish","type":"post","link":"https:\/\/www.alqueria.es\/blogs\/alqueriazulceleste\/2023\/04\/27\/semana-de-la-lectura-segunda-tercera-y-cuarta-jornada\/","title":{"rendered":"SEMANA DE LA LECTURA. Segunda, tercera y cuarta jornada."},"content":{"rendered":"<p>Han sido unos d\u00edas muy interesantes y repletos de cuentos gracias a las familias del ciclo que han hecho las delicias de los m\u00e1s peque\u00f1os.<\/p>\n<p><strong><em>EL MARTES . Segunda jornada<\/em><\/strong><\/p>\n<p><span style=\"color: #ff0000\">Antonio y Paqui<\/span> (abuelos de David) con \u00abLos m\u00fasicos de Bremen\u00bb<\/p>\n<p><span style=\"color: #ff0000\">Isabel<\/span> (abuela de Eva) con \u00abEl libro de la selva\u00bb<\/p>\n<p><span style=\"color: #ff0000\">David<\/span> (padre de Mar) con \u00abLos cabritillos y el lobo\u00bb<\/p>\n<p><span style=\"color: #ff0000\">Miguel<\/span> (padre de Diego) con \u00abEl pirata pataplan\u00bb<\/p>\n<p>Unos contados, otros escenificados, con marionetas&#8230;pero todos todos muy interesantes y divertidos.<\/p>\n<p>\u00a1Gracias familias!<\/p>\n<p class=\"jetpack-slideshow-noscript robots-nocontent\">El pase de diapositivas requiere JavaScript.<\/p><div id=\"gallery-30671-1-slideshow\" class=\"jetpack-slideshow-window jetpack-slideshow jetpack-slideshow-black\" data-trans=\"fade\" data-autostart=\"1\" data-gallery=\"[{&quot;src&quot;:&quot;https:\\\/\\\/cloud.alqueria.es\\\/wp-content\\\/uploads\\\/sites\\\/10\\\/2023\\\/04\\\/IMG-20230425-WA0000.jpg&quot;,&quot;id&quot;:&quot;30715&quot;,&quot;title&quot;:&quot;IMG-20230425-WA0000&quot;,&quot;alt&quot;:&quot;&quot;,&quot;caption&quot;:&quot;&quot;,&quot;itemprop&quot;:&quot;image&quot;},{&quot;src&quot;:&quot;https:\\\/\\\/cloud.alqueria.es\\\/wp-content\\\/uploads\\\/sites\\\/10\\\/2023\\\/04\\\/IMG-20230425-WA0001.jpg&quot;,&quot;id&quot;:&quot;30714&quot;,&quot;title&quot;:&quot;IMG-20230425-WA0001&quot;,&quot;alt&quot;:&quot;&quot;,&quot;caption&quot;:&quot;&quot;,&quot;itemprop&quot;:&quot;image&quot;},{&quot;src&quot;:&quot;https:\\\/\\\/cloud.alqueria.es\\\/wp-content\\\/uploads\\\/sites\\\/10\\\/2023\\\/04\\\/IMG-20230425-WA0002.jpg&quot;,&quot;id&quot;:&quot;30713&quot;,&quot;title&quot;:&quot;IMG-20230425-WA0002&quot;,&quot;alt&quot;:&quot;&quot;,&quot;caption&quot;:&quot;&quot;,&quot;itemprop&quot;:&quot;image&quot;},{&quot;src&quot;:&quot;https:\\\/\\\/cloud.alqueria.es\\\/wp-content\\\/uploads\\\/sites\\\/10\\\/2023\\\/04\\\/IMG-20230425-WA0004.jpg&quot;,&quot;id&quot;:&quot;30711&quot;,&quot;title&quot;:&quot;IMG-20230425-WA0004&quot;,&quot;alt&quot;:&quot;&quot;,&quot;caption&quot;:&quot;&quot;,&quot;itemprop&quot;:&quot;image&quot;},{&quot;src&quot;:&quot;https:\\\/\\\/cloud.alqueria.es\\\/wp-content\\\/uploads\\\/sites\\\/10\\\/2023\\\/04\\\/IMG-20230425-WA0006.jpg&quot;,&quot;id&quot;:&quot;30709&quot;,&quot;title&quot;:&quot;IMG-20230425-WA0006&quot;,&quot;alt&quot;:&quot;&quot;,&quot;caption&quot;:&quot;&quot;,&quot;itemprop&quot;:&quot;image&quot;},{&quot;src&quot;:&quot;https:\\\/\\\/cloud.alqueria.es\\\/wp-content\\\/uploads\\\/sites\\\/10\\\/2023\\\/04\\\/IMG-20230425-WA0007.jpg&quot;,&quot;id&quot;:&quot;30708&quot;,&quot;title&quot;:&quot;IMG-20230425-WA0007&quot;,&quot;alt&quot;:&quot;&quot;,&quot;caption&quot;:&quot;&quot;,&quot;itemprop&quot;:&quot;image&quot;},{&quot;src&quot;:&quot;https:\\\/\\\/cloud.alqueria.es\\\/wp-content\\\/uploads\\\/sites\\\/10\\\/2023\\\/04\\\/IMG-20230425-WA0008.jpg&quot;,&quot;id&quot;:&quot;30707&quot;,&quot;title&quot;:&quot;IMG-20230425-WA0008&quot;,&quot;alt&quot;:&quot;&quot;,&quot;caption&quot;:&quot;&quot;,&quot;itemprop&quot;:&quot;image&quot;},{&quot;src&quot;:&quot;https:\\\/\\\/cloud.alqueria.es\\\/wp-content\\\/uploads\\\/sites\\\/10\\\/2023\\\/04\\\/IMG-20230425-WA0005.jpg&quot;,&quot;id&quot;:&quot;30710&quot;,&quot;title&quot;:&quot;IMG-20230425-WA0005&quot;,&quot;alt&quot;:&quot;&quot;,&quot;caption&quot;:&quot;&quot;,&quot;itemprop&quot;:&quot;image&quot;},{&quot;src&quot;:&quot;https:\\\/\\\/cloud.alqueria.es\\\/wp-content\\\/uploads\\\/sites\\\/10\\\/2023\\\/04\\\/IMG-20230425-WA0003.jpg&quot;,&quot;id&quot;:&quot;30712&quot;,&quot;title&quot;:&quot;IMG-20230425-WA0003&quot;,&quot;alt&quot;:&quot;&quot;,&quot;caption&quot;:&quot;&quot;,&quot;itemprop&quot;:&quot;image&quot;},{&quot;src&quot;:&quot;https:\\\/\\\/cloud.alqueria.es\\\/wp-content\\\/uploads\\\/sites\\\/10\\\/2023\\\/04\\\/IMG-20230425-WA0009.jpg&quot;,&quot;id&quot;:&quot;30706&quot;,&quot;title&quot;:&quot;IMG-20230425-WA0009&quot;,&quot;alt&quot;:&quot;&quot;,&quot;caption&quot;:&quot;&quot;,&quot;itemprop&quot;:&quot;image&quot;}]\" itemscope itemtype=\"https:\/\/schema.org\/ImageGallery\"><\/div>\n<p>Y por la tarde seguimos disfrutando de los cuentos que nos traen dos alumnas de primaria y que disfrutamos antes de la merienda.<\/p>\n<p class=\"jetpack-slideshow-noscript robots-nocontent\">El pase de diapositivas requiere JavaScript.<\/p><div id=\"gallery-30671-2-slideshow\" class=\"jetpack-slideshow-window jetpack-slideshow jetpack-slideshow-black\" data-trans=\"fade\" data-autostart=\"1\" data-gallery=\"[{&quot;src&quot;:&quot;https:\\\/\\\/cloud.alqueria.es\\\/wp-content\\\/uploads\\\/sites\\\/10\\\/2023\\\/04\\\/IMG-20230425-WA0011.jpg&quot;,&quot;id&quot;:&quot;30704&quot;,&quot;title&quot;:&quot;IMG-20230425-WA0011&quot;,&quot;alt&quot;:&quot;&quot;,&quot;caption&quot;:&quot;&quot;,&quot;itemprop&quot;:&quot;image&quot;},{&quot;src&quot;:&quot;https:\\\/\\\/cloud.alqueria.es\\\/wp-content\\\/uploads\\\/sites\\\/10\\\/2023\\\/04\\\/IMG-20230425-WA0010.jpg&quot;,&quot;id&quot;:&quot;30705&quot;,&quot;title&quot;:&quot;IMG-20230425-WA0010&quot;,&quot;alt&quot;:&quot;&quot;,&quot;caption&quot;:&quot;&quot;,&quot;itemprop&quot;:&quot;image&quot;}]\" itemscope itemtype=\"https:\/\/schema.org\/ImageGallery\"><\/div>\n<p><strong>EL MI\u00c9RCOLES. Tercera jornada.<\/strong><\/p>\n<p>Comenzamos con un \u00abmovido\u00bb e interesante cuento mot\u00f3rico a cargo de<span style=\"color: #ff0000\"> Alberto<\/span>, nuestro especialista de E. F\u00edsica que. disfrazado de payaso , nos presenta diferentes circuitos por los que transitar. Aprovechamos el espacio de la pista que tanto nos encanta.<\/p>\n<p>\u00a1 Y de camino abrimos apetito!<\/p>\n<p class=\"jetpack-slideshow-noscript robots-nocontent\">El pase de diapositivas requiere JavaScript.<\/p><div id=\"gallery-30671-3-slideshow\" class=\"jetpack-slideshow-window jetpack-slideshow jetpack-slideshow-black\" data-trans=\"fade\" data-autostart=\"1\" data-gallery=\"[{&quot;src&quot;:&quot;https:\\\/\\\/cloud.alqueria.es\\\/wp-content\\\/uploads\\\/sites\\\/10\\\/2023\\\/04\\\/IMG-20230426-WA0011.jpg&quot;,&quot;id&quot;:&quot;30723&quot;,&quot;title&quot;:&quot;IMG-20230426-WA0011&quot;,&quot;alt&quot;:&quot;&quot;,&quot;caption&quot;:&quot;&quot;,&quot;itemprop&quot;:&quot;image&quot;},{&quot;src&quot;:&quot;https:\\\/\\\/cloud.alqueria.es\\\/wp-content\\\/uploads\\\/sites\\\/10\\\/2023\\\/04\\\/IMG-20230426-WA0012.jpg&quot;,&quot;id&quot;:&quot;30722&quot;,&quot;title&quot;:&quot;IMG-20230426-WA0012&quot;,&quot;alt&quot;:&quot;&quot;,&quot;caption&quot;:&quot;&quot;,&quot;itemprop&quot;:&quot;image&quot;},{&quot;src&quot;:&quot;https:\\\/\\\/cloud.alqueria.es\\\/wp-content\\\/uploads\\\/sites\\\/10\\\/2023\\\/04\\\/IMG-20230426-WA0010.jpg&quot;,&quot;id&quot;:&quot;30724&quot;,&quot;title&quot;:&quot;IMG-20230426-WA0010&quot;,&quot;alt&quot;:&quot;&quot;,&quot;caption&quot;:&quot;&quot;,&quot;itemprop&quot;:&quot;image&quot;},{&quot;src&quot;:&quot;https:\\\/\\\/cloud.alqueria.es\\\/wp-content\\\/uploads\\\/sites\\\/10\\\/2023\\\/04\\\/IMG-20230426-WA0009.jpg&quot;,&quot;id&quot;:&quot;30725&quot;,&quot;title&quot;:&quot;IMG-20230426-WA0009&quot;,&quot;alt&quot;:&quot;&quot;,&quot;caption&quot;:&quot;&quot;,&quot;itemprop&quot;:&quot;image&quot;},{&quot;src&quot;:&quot;https:\\\/\\\/cloud.alqueria.es\\\/wp-content\\\/uploads\\\/sites\\\/10\\\/2023\\\/04\\\/IMG-20230426-WA0008.jpg&quot;,&quot;id&quot;:&quot;30726&quot;,&quot;title&quot;:&quot;IMG-20230426-WA0008&quot;,&quot;alt&quot;:&quot;&quot;,&quot;caption&quot;:&quot;&quot;,&quot;itemprop&quot;:&quot;image&quot;},{&quot;src&quot;:&quot;https:\\\/\\\/cloud.alqueria.es\\\/wp-content\\\/uploads\\\/sites\\\/10\\\/2023\\\/04\\\/IMG-20230426-WA0007.jpg&quot;,&quot;id&quot;:&quot;30727&quot;,&quot;title&quot;:&quot;IMG-20230426-WA0007&quot;,&quot;alt&quot;:&quot;&quot;,&quot;caption&quot;:&quot;&quot;,&quot;itemprop&quot;:&quot;image&quot;},{&quot;src&quot;:&quot;https:\\\/\\\/cloud.alqueria.es\\\/wp-content\\\/uploads\\\/sites\\\/10\\\/2023\\\/04\\\/IMG-20230426-WA0006.jpg&quot;,&quot;id&quot;:&quot;30728&quot;,&quot;title&quot;:&quot;IMG-20230426-WA0006&quot;,&quot;alt&quot;:&quot;&quot;,&quot;caption&quot;:&quot;&quot;,&quot;itemprop&quot;:&quot;image&quot;},{&quot;src&quot;:&quot;https:\\\/\\\/cloud.alqueria.es\\\/wp-content\\\/uploads\\\/sites\\\/10\\\/2023\\\/04\\\/IMG-20230426-WA0005.jpg&quot;,&quot;id&quot;:&quot;30729&quot;,&quot;title&quot;:&quot;IMG-20230426-WA0005&quot;,&quot;alt&quot;:&quot;&quot;,&quot;caption&quot;:&quot;&quot;,&quot;itemprop&quot;:&quot;image&quot;},{&quot;src&quot;:&quot;https:\\\/\\\/cloud.alqueria.es\\\/wp-content\\\/uploads\\\/sites\\\/10\\\/2023\\\/04\\\/IMG-20230426-WA0004.jpg&quot;,&quot;id&quot;:&quot;30730&quot;,&quot;title&quot;:&quot;IMG-20230426-WA0004&quot;,&quot;alt&quot;:&quot;&quot;,&quot;caption&quot;:&quot;&quot;,&quot;itemprop&quot;:&quot;image&quot;}]\" itemscope itemtype=\"https:\/\/schema.org\/ImageGallery\"><\/div>\n<p>Tras tanto movimiento ahora toca sentarnos un poco y escuchar con mucha atenci\u00f3n \u00abEl monstruo de colores\u00bb a cargo de Irene y Fali ( padres de Fali )en el \u00e1rbol reuni\u00f3n.<\/p>\n<p class=\"jetpack-slideshow-noscript robots-nocontent\">El pase de diapositivas requiere JavaScript.<\/p><div id=\"gallery-30671-4-slideshow\" class=\"jetpack-slideshow-window jetpack-slideshow jetpack-slideshow-black\" data-trans=\"fade\" data-autostart=\"1\" data-gallery=\"[{&quot;src&quot;:&quot;https:\\\/\\\/cloud.alqueria.es\\\/wp-content\\\/uploads\\\/sites\\\/10\\\/2023\\\/04\\\/IMG-20230426-WA0013.jpg&quot;,&quot;id&quot;:&quot;30721&quot;,&quot;title&quot;:&quot;IMG-20230426-WA0013&quot;,&quot;alt&quot;:&quot;&quot;,&quot;caption&quot;:&quot;&quot;,&quot;itemprop&quot;:&quot;image&quot;},{&quot;src&quot;:&quot;https:\\\/\\\/cloud.alqueria.es\\\/wp-content\\\/uploads\\\/sites\\\/10\\\/2023\\\/04\\\/IMG-20230426-WA0014.jpg&quot;,&quot;id&quot;:&quot;30720&quot;,&quot;title&quot;:&quot;IMG-20230426-WA0014&quot;,&quot;alt&quot;:&quot;&quot;,&quot;caption&quot;:&quot;&quot;,&quot;itemprop&quot;:&quot;image&quot;},{&quot;src&quot;:&quot;https:\\\/\\\/cloud.alqueria.es\\\/wp-content\\\/uploads\\\/sites\\\/10\\\/2023\\\/04\\\/IMG-20230426-WA0015.jpg&quot;,&quot;id&quot;:&quot;30719&quot;,&quot;title&quot;:&quot;IMG-20230426-WA0015&quot;,&quot;alt&quot;:&quot;&quot;,&quot;caption&quot;:&quot;&quot;,&quot;itemprop&quot;:&quot;image&quot;}]\" itemscope itemtype=\"https:\/\/schema.org\/ImageGallery\"><\/div>\n<p><strong>EL JUEVES. Cuarta jornada.<\/strong><\/p>\n<p>Contin\u00faa esta interesante semana en la que las historias y relatos nos llenan de fantas\u00eda y estimulan la imaginaci\u00f3n de nuestros peque\u00f1os.<\/p>\n<p>Hoy nos tocan los cuentos en diferentes idiomas&#8230;\u00a1 y cuanto saben los beb\u00e9s de idiomas!&#8230;de gestos, de sonidos, de expresiones, de lloros, de risas&#8230;\u00a1 Somos expertos en entender y hacernos entender !JAJAJA<\/p>\n<p>Algunas familias no han podido venir por encontrarse enfermas, pero ya podr\u00e1n tener una nueva oportunidad que seguro que se han quedado con ganas&#8230;\u00a1 Que haya pronta mejor\u00eda!<\/p>\n<p>Hemos podido disfrutar en ciclo de diferentes cuentos en Alem\u00e1n, Gallego y Franc\u00e9s. Los peque\u00f1os tienen la oportunidad de observar como la expresi\u00f3n verbal puede ser muy diferente, pero que ayud\u00e1ndose de sonidos, gestos, im\u00e1genes&#8230;pueden hacer llegar estas bonitas historias a cualquier oyente a la vez que nos ponemos en contacto con una gran variedad de sonidos, tonos, timbres, culturas&#8230;<\/p>\n<p><span style=\"color: #ff0000\"><strong>Roman<\/strong><\/span>, pap\u00e1 de Manuel nos cuenta\u00a0<strong><em>\u00abDer L\u00f6we in dir\u00bb<\/em><\/strong>, en Alem\u00e1n. La historia de un Le\u00f3n y un Ratoncito que nos demuestra que todos podemos ser grandes o peque\u00f1os dependiendo de la situaci\u00f3n&#8230;\u00a1 y la vida! .<\/p>\n<div class=\"tiled-gallery type-rectangular\" data-original-width=\"474\" data-carousel-extra=\"{&quot;blog_id&quot;:9,&quot;permalink&quot;:&quot;https:\\\/\\\/www.alqueria.es\\\/blogs\\\/alqueriaamarillanaranja\\\/2023\\\/04\\\/27\\\/cuarta-jornada-semana-de-la-lectura-2\\\/&quot;,&quot;likes_blog_id&quot;:64271688}\">\n<div class=\"gallery-row\" data-original-width=\"474\" data-original-height=\"232\">\n<div class=\"gallery-group images-2\" data-original-width=\"213\" data-original-height=\"232\">\n<div class=\"tiled-gallery-item tiled-gallery-item-small\"><\/div>\n<div class=\"tiled-gallery-item tiled-gallery-item-small\"><\/div>\n<\/div>\n<div class=\"gallery-group images-1\" data-original-width=\"261\" data-original-height=\"232\">\n<div class=\"tiled-gallery-item tiled-gallery-item-large\">\n<p><a href=\"https:\/\/www.alqueria.es\/blogs\/alqueriaamarillanaranja\/2023\/04\/27\/cuarta-jornada-semana-de-la-lectura-2\/20230427_094249\/\"><img decoding=\"async\" class=\" lazyloaded\" title=\"20230427_094249\" src=\"https:\/\/cloud.alqueria.es\/wp-content\/uploads\/sites\/9\/2023\/04\/20230427_094249.jpg?w=257&amp;h=228&amp;ssl=1\" alt=\"20230427_094249\" width=\"257\" height=\"228\" data-attachment-id=\"63406\" data-orig-file=\"https:\/\/cloud.alqueria.es\/wp-content\/uploads\/sites\/9\/2023\/04\/20230427_094249.jpg\" data-orig-size=\"812,720\" data-comments-opened=\"1\" data-image-meta=\"{&quot;aperture&quot;:&quot;2&quot;,&quot;credit&quot;:&quot;&quot;,&quot;camera&quot;:&quot;SM-A127F&quot;,&quot;caption&quot;:&quot;&quot;,&quot;created_timestamp&quot;:&quot;1682588569&quot;,&quot;copyright&quot;:&quot;&quot;,&quot;focal_length&quot;:&quot;4.6&quot;,&quot;iso&quot;:&quot;100&quot;,&quot;shutter_speed&quot;:&quot;0.02&quot;,&quot;title&quot;:&quot;&quot;,&quot;orientation&quot;:&quot;1&quot;}\" data-image-title=\"20230427_094249\" data-image-description=\"\" data-medium-file=\"https:\/\/cloud.alqueria.es\/wp-content\/uploads\/sites\/9\/2023\/04\/20230427_094249-300x266.jpg\" data-large-file=\"https:\/\/cloud.alqueria.es\/wp-content\/uploads\/sites\/9\/2023\/04\/20230427_094249.jpg\" data-src=\"https:\/\/cloud.alqueria.es\/wp-content\/uploads\/sites\/9\/2023\/04\/20230427_094249.jpg?w=257&amp;h=228&amp;ssl=1\" data-original-width=\"257\" data-original-height=\"228\" \/><\/a><\/p>\n<p class=\"jetpack-slideshow-noscript robots-nocontent\">El pase de diapositivas requiere JavaScript.<\/p><div id=\"gallery-30671-5-slideshow\" class=\"jetpack-slideshow-window jetpack-slideshow jetpack-slideshow-black\" data-trans=\"fade\" data-autostart=\"1\" data-gallery=\"[{&quot;src&quot;:&quot;https:\\\/\\\/cloud.alqueria.es\\\/wp-content\\\/uploads\\\/sites\\\/10\\\/2023\\\/04\\\/IMG-20230427-WA0003.jpg&quot;,&quot;id&quot;:&quot;30748&quot;,&quot;title&quot;:&quot;IMG-20230427-WA0003&quot;,&quot;alt&quot;:&quot;&quot;,&quot;caption&quot;:&quot;&quot;,&quot;itemprop&quot;:&quot;image&quot;},{&quot;src&quot;:&quot;https:\\\/\\\/cloud.alqueria.es\\\/wp-content\\\/uploads\\\/sites\\\/10\\\/2023\\\/04\\\/IMG-20230427-WA0002.jpg&quot;,&quot;id&quot;:&quot;30749&quot;,&quot;title&quot;:&quot;IMG-20230427-WA0002&quot;,&quot;alt&quot;:&quot;&quot;,&quot;caption&quot;:&quot;&quot;,&quot;itemprop&quot;:&quot;image&quot;}]\" itemscope itemtype=\"https:\/\/schema.org\/ImageGallery\"><\/div>\n<\/div>\n<\/div>\n<\/div>\n<\/div>\n<p><span style=\"color: #ff0000\"><strong><img decoding=\"async\" class=\"alignleft wp-image-30744 size-medium\" src=\"https:\/\/cloud.alqueria.es\/wp-content\/uploads\/sites\/10\/2023\/04\/IMG-20230427-WA0008-300x276.jpg\" alt=\"\" width=\"300\" height=\"276\" srcset=\"https:\/\/cloud.alqueria.es\/wp-content\/uploads\/sites\/10\/2023\/04\/IMG-20230427-WA0008-300x276.jpg 300w, https:\/\/cloud.alqueria.es\/wp-content\/uploads\/sites\/10\/2023\/04\/IMG-20230427-WA0008-768x707.jpg 768w, https:\/\/cloud.alqueria.es\/wp-content\/uploads\/sites\/10\/2023\/04\/IMG-20230427-WA0008.jpg 782w\" sizes=\"(max-width: 300px) 100vw, 300px\" \/>Diego y Ana<\/strong><\/span>, padres de Ant\u00eda nos narran la historia\u00a0<em><strong>\u00abO so\u00f1o dos deuses\u00bb,\u00a0<\/strong><\/em>en Gallego. Una historia muy bonita del origen de las estrellas, la luna, los r\u00edos, los animales\u2026\u00a1 Cuanta musicalidad en gallego!<\/p>\n<p class=\"jetpack-slideshow-noscript robots-nocontent\">El pase de diapositivas requiere JavaScript.<\/p><div id=\"gallery-30671-6-slideshow\" class=\"jetpack-slideshow-window jetpack-slideshow jetpack-slideshow-black\" data-trans=\"fade\" data-autostart=\"1\" data-gallery=\"[{&quot;src&quot;:&quot;https:\\\/\\\/cloud.alqueria.es\\\/wp-content\\\/uploads\\\/sites\\\/10\\\/2023\\\/04\\\/IMG-20230427-WA0007-300x135.jpg&quot;,&quot;id&quot;:&quot;30745&quot;,&quot;title&quot;:&quot;IMG-20230427-WA0007&quot;,&quot;alt&quot;:&quot;&quot;,&quot;caption&quot;:&quot;&quot;,&quot;itemprop&quot;:&quot;image&quot;},{&quot;src&quot;:&quot;https:\\\/\\\/cloud.alqueria.es\\\/wp-content\\\/uploads\\\/sites\\\/10\\\/2023\\\/04\\\/IMG-20230427-WA0006-300x135.jpg&quot;,&quot;id&quot;:&quot;30746&quot;,&quot;title&quot;:&quot;IMG-20230427-WA0006&quot;,&quot;alt&quot;:&quot;&quot;,&quot;caption&quot;:&quot;&quot;,&quot;itemprop&quot;:&quot;image&quot;}]\" itemscope itemtype=\"https:\/\/schema.org\/ImageGallery\"><\/div>\n<div class=\"tiled-gallery type-rectangular\" data-original-width=\"474\" data-carousel-extra=\"{&quot;blog_id&quot;:9,&quot;permalink&quot;:&quot;https:\\\/\\\/www.alqueria.es\\\/blogs\\\/alqueriaamarillanaranja\\\/2023\\\/04\\\/27\\\/cuarta-jornada-semana-de-la-lectura-2\\\/&quot;,&quot;likes_blog_id&quot;:64271688}\">\n<div class=\"gallery-row\" data-original-width=\"474\" data-original-height=\"119\">\n<div class=\"gallery-group images-2\" data-original-width=\"85\" data-original-height=\"119\">\n<div class=\"tiled-gallery-item tiled-gallery-item-small\"><\/div>\n<div class=\"tiled-gallery-item tiled-gallery-item-small\"><\/div>\n<\/div>\n<div class=\"gallery-group images-1\" data-original-width=\"260\" data-original-height=\"119\">\n<div class=\"tiled-gallery-item tiled-gallery-item-large\"><\/div>\n<\/div>\n<div class=\"gallery-group images-1\" data-original-width=\"129\" data-original-height=\"119\">\n<div class=\"tiled-gallery-item tiled-gallery-item-small\"><\/div>\n<\/div>\n<\/div>\n<\/div>\n<p><span style=\"color: #ff0000\"><strong><img decoding=\"async\" class=\"alignleft wp-image-30742 size-medium\" src=\"https:\/\/cloud.alqueria.es\/wp-content\/uploads\/sites\/10\/2023\/04\/IMG-20230427-WA0011-300x197.jpg\" alt=\"\" width=\"300\" height=\"197\" srcset=\"https:\/\/cloud.alqueria.es\/wp-content\/uploads\/sites\/10\/2023\/04\/IMG-20230427-WA0011-300x197.jpg 300w, https:\/\/cloud.alqueria.es\/wp-content\/uploads\/sites\/10\/2023\/04\/IMG-20230427-WA0011-1024x673.jpg 1024w, https:\/\/cloud.alqueria.es\/wp-content\/uploads\/sites\/10\/2023\/04\/IMG-20230427-WA0011-768x505.jpg 768w, https:\/\/cloud.alqueria.es\/wp-content\/uploads\/sites\/10\/2023\/04\/IMG-20230427-WA0011.jpg 1096w\" sizes=\"(max-width: 300px) 100vw, 300px\" \/>Sara<\/strong><\/span>, madre de M\u00e1ximo (Grupo azul) y Math\u00e9o (Grupo amarillo), nos lee un libro con mucha magia titulado <strong><em>\u00abUn livre\u00bb,\u00a0<\/em><\/strong>en Franc\u00e9s. Ellos han podido interactuar en el relato\u00a0 para que la historia del c\u00edrculo amarillo fuera sucediendo.<img decoding=\"async\" class=\"aligncenter size-full wp-image-30743\" src=\"https:\/\/cloud.alqueria.es\/wp-content\/uploads\/sites\/10\/2023\/04\/IMG-20230427-WA0010.jpg\" alt=\"\" width=\"1600\" height=\"720\" srcset=\"https:\/\/cloud.alqueria.es\/wp-content\/uploads\/sites\/10\/2023\/04\/IMG-20230427-WA0010.jpg 1600w, https:\/\/cloud.alqueria.es\/wp-content\/uploads\/sites\/10\/2023\/04\/IMG-20230427-WA0010-300x135.jpg 300w, https:\/\/cloud.alqueria.es\/wp-content\/uploads\/sites\/10\/2023\/04\/IMG-20230427-WA0010-1024x461.jpg 1024w, https:\/\/cloud.alqueria.es\/wp-content\/uploads\/sites\/10\/2023\/04\/IMG-20230427-WA0010-768x346.jpg 768w, https:\/\/cloud.alqueria.es\/wp-content\/uploads\/sites\/10\/2023\/04\/IMG-20230427-WA0010-1536x691.jpg 1536w\" sizes=\"(max-width: 1600px) 100vw, 1600px\" \/><\/p>\n<p>Muchas gracias a todas las\u00a0 familias por vuestra participaci\u00f3n en este d\u00eda&#8230;\u00a1 Nos ha encantado!<\/p>\n<p>Seguidamente nos reunimos toda la etapa de Infantil para escuchar la historia de\u00a0<em><span style=\"color: #0000ff\">\u00abSan Jorge y el Drag\u00f3n\u00bb<\/span><strong>,<\/strong><\/em> leyenda popular catalana\u00a0 que nuestra compa\u00f1era <span style=\"color: #ff0000\">Rosi<\/span> (profe de 2\u00ba de Primaria y catalana de nacimiento) conoce bien y que ha expresado y expuesto con todo su cari\u00f1o en la zona del \u00e1rbol reuni\u00f3n. Esta actividad la hemos compartido toda la etapa de infantil (0-6 a\u00f1os) y la hemos disfrutado en un ambiente muy ameno y relajado.<\/p>\n<p class=\"jetpack-slideshow-noscript robots-nocontent\">El pase de diapositivas requiere JavaScript.<\/p><div id=\"gallery-30671-7-slideshow\" class=\"jetpack-slideshow-window jetpack-slideshow jetpack-slideshow-black\" data-trans=\"fade\" data-autostart=\"1\" data-gallery=\"[{&quot;src&quot;:&quot;https:\\\/\\\/cloud.alqueria.es\\\/wp-content\\\/uploads\\\/sites\\\/10\\\/2023\\\/04\\\/IMG-20230427-WA0014-300x135.jpg&quot;,&quot;id&quot;:&quot;30741&quot;,&quot;title&quot;:&quot;IMG-20230427-WA0014&quot;,&quot;alt&quot;:&quot;&quot;,&quot;caption&quot;:&quot;&quot;,&quot;itemprop&quot;:&quot;image&quot;},{&quot;src&quot;:&quot;https:\\\/\\\/cloud.alqueria.es\\\/wp-content\\\/uploads\\\/sites\\\/10\\\/2023\\\/04\\\/IMG-20230427-WA0015-300x135.jpg&quot;,&quot;id&quot;:&quot;30740&quot;,&quot;title&quot;:&quot;IMG-20230427-WA0015&quot;,&quot;alt&quot;:&quot;&quot;,&quot;caption&quot;:&quot;&quot;,&quot;itemprop&quot;:&quot;image&quot;},{&quot;src&quot;:&quot;https:\\\/\\\/cloud.alqueria.es\\\/wp-content\\\/uploads\\\/sites\\\/10\\\/2023\\\/04\\\/IMG-20230427-WA0016-300x135.jpg&quot;,&quot;id&quot;:&quot;30739&quot;,&quot;title&quot;:&quot;IMG-20230427-WA0016&quot;,&quot;alt&quot;:&quot;&quot;,&quot;caption&quot;:&quot;&quot;,&quot;itemprop&quot;:&quot;image&quot;},{&quot;src&quot;:&quot;https:\\\/\\\/cloud.alqueria.es\\\/wp-content\\\/uploads\\\/sites\\\/10\\\/2023\\\/04\\\/IMG-20230427-WA0017-300x135.jpg&quot;,&quot;id&quot;:&quot;30738&quot;,&quot;title&quot;:&quot;IMG-20230427-WA0017&quot;,&quot;alt&quot;:&quot;&quot;,&quot;caption&quot;:&quot;&quot;,&quot;itemprop&quot;:&quot;image&quot;}]\" itemscope itemtype=\"https:\/\/schema.org\/ImageGallery\"><\/div>\n<div class=\"tiled-gallery type-circle\" data-original-width=\"474\" data-carousel-extra=\"{&quot;blog_id&quot;:9,&quot;permalink&quot;:&quot;https:\\\/\\\/www.alqueria.es\\\/blogs\\\/alqueriaamarillanaranja\\\/2023\\\/04\\\/27\\\/cuarta-jornada-semana-de-la-lectura-2\\\/&quot;,&quot;likes_blog_id&quot;:64271688}\">\n<div class=\"gallery-row\" data-original-width=\"474\" data-original-height=\"237\">\n<div class=\"gallery-group\" data-original-width=\"237\" data-original-height=\"237\">\n<div class=\"tiled-gallery-item \">Por la tarde, asistimos a la representaci\u00f3n teatral de las familias del grupo rojo titulada\u00a0<span style=\"color: #800080\">\u00abLos cinco horribles\u00bb<\/span><\/div>\n<div class=\"tiled-gallery-item \"><strong>\u00a0<\/strong>Hay algunos animales que no se consideran precisamente agraciados f\u00edsicamente. Este es el caso son: el sapo, la rata, el murci\u00e9lago, la ara\u00f1a y la hiena. Cansados de que el mundo los menosprecie, estos cinco amigos descubren que no todo se reduce a su aspecto f\u00edsico, sino que cada uno de ellos tiene una capacidad creativa que explotar y que les ayuda a conectar con su entorno, a la vez que descubren que es mucho m\u00e1s bonito compartir las vivencias que vivir aislado de lo que te rodea.<\/div>\n<div>Historia muy interesante y escenificaci\u00f3n excelente que acaba con m\u00fasica y baile con la participaci\u00f3n de los ni\u00f1os y ni\u00f1as de la etapa..<em>.<\/em><\/div>\n<div>\u00a1 Enhorabuena &#8230;nos ha encantado!<\/div>\n<\/div>\n<\/div>\n<\/div>\n<p class=\"jetpack-slideshow-noscript robots-nocontent\">El pase de diapositivas requiere JavaScript.<\/p><div id=\"gallery-30671-8-slideshow\" class=\"jetpack-slideshow-window jetpack-slideshow jetpack-slideshow-black\" data-trans=\"fade\" data-autostart=\"1\" data-gallery=\"[{&quot;src&quot;:&quot;https:\\\/\\\/cloud.alqueria.es\\\/wp-content\\\/uploads\\\/sites\\\/10\\\/2023\\\/04\\\/IMG-20230427-WA0020-300x168.jpg&quot;,&quot;id&quot;:&quot;30757&quot;,&quot;title&quot;:&quot;IMG-20230427-WA0020&quot;,&quot;alt&quot;:&quot;&quot;,&quot;caption&quot;:&quot;&quot;,&quot;itemprop&quot;:&quot;image&quot;},{&quot;src&quot;:&quot;https:\\\/\\\/cloud.alqueria.es\\\/wp-content\\\/uploads\\\/sites\\\/10\\\/2023\\\/04\\\/IMG-20230427-WA0022-300x135.jpg&quot;,&quot;id&quot;:&quot;30756&quot;,&quot;title&quot;:&quot;IMG-20230427-WA0022&quot;,&quot;alt&quot;:&quot;&quot;,&quot;caption&quot;:&quot;&quot;,&quot;itemprop&quot;:&quot;image&quot;},{&quot;src&quot;:&quot;https:\\\/\\\/cloud.alqueria.es\\\/wp-content\\\/uploads\\\/sites\\\/10\\\/2023\\\/04\\\/IMG-20230427-WA0026-300x135.jpg&quot;,&quot;id&quot;:&quot;30754&quot;,&quot;title&quot;:&quot;IMG-20230427-WA0026&quot;,&quot;alt&quot;:&quot;&quot;,&quot;caption&quot;:&quot;&quot;,&quot;itemprop&quot;:&quot;image&quot;},{&quot;src&quot;:&quot;https:\\\/\\\/cloud.alqueria.es\\\/wp-content\\\/uploads\\\/sites\\\/10\\\/2023\\\/04\\\/IMG-20230427-WA0029-300x135.jpg&quot;,&quot;id&quot;:&quot;30751&quot;,&quot;title&quot;:&quot;IMG-20230427-WA0029&quot;,&quot;alt&quot;:&quot;&quot;,&quot;caption&quot;:&quot;&quot;,&quot;itemprop&quot;:&quot;image&quot;},{&quot;src&quot;:&quot;https:\\\/\\\/cloud.alqueria.es\\\/wp-content\\\/uploads\\\/sites\\\/10\\\/2023\\\/04\\\/IMG-20230427-WA0028-300x135.jpg&quot;,&quot;id&quot;:&quot;30752&quot;,&quot;title&quot;:&quot;IMG-20230427-WA0028&quot;,&quot;alt&quot;:&quot;&quot;,&quot;caption&quot;:&quot;&quot;,&quot;itemprop&quot;:&quot;image&quot;},{&quot;src&quot;:&quot;https:\\\/\\\/cloud.alqueria.es\\\/wp-content\\\/uploads\\\/sites\\\/10\\\/2023\\\/04\\\/IMG-20230427-WA0027-300x135.jpg&quot;,&quot;id&quot;:&quot;30753&quot;,&quot;title&quot;:&quot;IMG-20230427-WA0027&quot;,&quot;alt&quot;:&quot;&quot;,&quot;caption&quot;:&quot;&quot;,&quot;itemprop&quot;:&quot;image&quot;},{&quot;src&quot;:&quot;https:\\\/\\\/cloud.alqueria.es\\\/wp-content\\\/uploads\\\/sites\\\/10\\\/2023\\\/04\\\/IMG-20230427-WA0025-300x135.jpg&quot;,&quot;id&quot;:&quot;30755&quot;,&quot;title&quot;:&quot;IMG-20230427-WA0025&quot;,&quot;alt&quot;:&quot;&quot;,&quot;caption&quot;:&quot;&quot;,&quot;itemprop&quot;:&quot;image&quot;}]\" itemscope itemtype=\"https:\/\/schema.org\/ImageGallery\"><\/div>\n<p>Antes de subir a merendar nos pasamos por la feria del libro para ver los cuentos infantiles.<\/p>\n<p><img decoding=\"async\" class=\"aligncenter size-full wp-image-63425 lazyloaded\" src=\"https:\/\/cloud.alqueria.es\/wp-content\/uploads\/sites\/9\/2023\/04\/20230427_155552.jpg\" alt=\"\" width=\"2500\" height=\"1125\" data-attachment-id=\"63425\" data-permalink=\"https:\/\/www.alqueria.es\/blogs\/alqueriaamarillanaranja\/2023\/04\/27\/cuarta-jornada-semana-de-la-lectura-2\/20230427_155552\/\" data-orig-file=\"https:\/\/cloud.alqueria.es\/wp-content\/uploads\/sites\/9\/2023\/04\/20230427_155552.jpg\" data-orig-size=\"2500,1125\" data-comments-opened=\"1\" data-image-meta=\"{&quot;aperture&quot;:&quot;2&quot;,&quot;credit&quot;:&quot;&quot;,&quot;camera&quot;:&quot;SM-A127F&quot;,&quot;caption&quot;:&quot;&quot;,&quot;created_timestamp&quot;:&quot;1682610953&quot;,&quot;copyright&quot;:&quot;&quot;,&quot;focal_length&quot;:&quot;4.6&quot;,&quot;iso&quot;:&quot;25&quot;,&quot;shutter_speed&quot;:&quot;0.01&quot;,&quot;title&quot;:&quot;&quot;,&quot;orientation&quot;:&quot;1&quot;}\" data-image-title=\"20230427_155552\" data-image-description=\"\" data-image-caption=\"\" data-medium-file=\"https:\/\/cloud.alqueria.es\/wp-content\/uploads\/sites\/9\/2023\/04\/20230427_155552-300x135.jpg\" data-large-file=\"https:\/\/cloud.alqueria.es\/wp-content\/uploads\/sites\/9\/2023\/04\/20230427_155552-1024x461.jpg\" data-src=\"https:\/\/cloud.alqueria.es\/wp-content\/uploads\/sites\/9\/2023\/04\/20230427_155552.jpg\" data-srcset=\"https:\/\/cloud.alqueria.es\/wp-content\/uploads\/sites\/9\/2023\/04\/20230427_155552.jpg 2500w, https:\/\/cloud.alqueria.es\/wp-content\/uploads\/sites\/9\/2023\/04\/20230427_155552-300x135.jpg 300w, https:\/\/cloud.alqueria.es\/wp-content\/uploads\/sites\/9\/2023\/04\/20230427_155552-1024x461.jpg 1024w, https:\/\/cloud.alqueria.es\/wp-content\/uploads\/sites\/9\/2023\/04\/20230427_155552-768x346.jpg 768w, https:\/\/cloud.alqueria.es\/wp-content\/uploads\/sites\/9\/2023\/04\/20230427_155552-1536x691.jpg 1536w, https:\/\/cloud.alqueria.es\/wp-content\/uploads\/sites\/9\/2023\/04\/20230427_155552-2048x922.jpg 2048w\" data-sizes=\"(max-width: 2500px) 100vw, 2500px\" \/><\/p>\n<p>Os recuerdo que ma\u00f1ana se pueden quedar a merendar todos los alumnos con horario corto para ver el teatro de clausura de nuestra Semana de la Lectura.<\/p>\n<p>\u00a1 Y ma\u00f1ana m\u00e1s!<\/p>\n<p>Un abrazo<\/p>\n<p>Nuria<\/p>\n<p>&nbsp;<\/p>\n<p>&nbsp;<\/p>\n<p>&nbsp;<\/p>\n<p>&nbsp;<\/p>\n","protected":false},"excerpt":{"rendered":"<p>Han sido unos d\u00edas muy interesantes y repletos de cuentos gracias a las familias del ciclo que han hecho las delicias de los m\u00e1s peque\u00f1os. EL MARTES . Segunda jornada Antonio y Paqui (abuelos de David) con \u00abLos m\u00fasicos de Bremen\u00bb Isabel (abuela de Eva) con \u00abEl libro de la selva\u00bb David (padre de Mar) &hellip; <a href=\"https:\/\/www.alqueria.es\/blogs\/alqueriazulceleste\/2023\/04\/27\/semana-de-la-lectura-segunda-tercera-y-cuarta-jornada\/\" class=\"more-link\">Seguir leyendo <span class=\"screen-reader-text\">SEMANA DE LA LECTURA. Segunda, tercera y cuarta jornada.<\/span> <span class=\"meta-nav\">&rarr;<\/span><\/a><\/p>\n","protected":false},"author":28,"featured_media":0,"comment_status":"open","ping_status":"open","sticky":false,"template":"","format":"standard","meta":{"jetpack_post_was_ever_published":false,"_jetpack_newsletter_access":"","_jetpack_dont_email_post_to_subs":false,"_jetpack_newsletter_tier_id":0,"_jetpack_memberships_contains_paywalled_content":false,"_jetpack_memberships_contains_paid_content":false,"footnotes":"","jetpack_publicize_message":"","jetpack_publicize_feature_enabled":true,"jetpack_social_post_already_shared":true,"jetpack_social_options":{"image_generator_settings":{"template":"highway","default_image_id":0,"font":"","enabled":false},"version":2}},"categories":[5,169,42,113],"tags":[91,56],"class_list":["post-30671","post","type-post","status-publish","format-standard","hentry","category-clase-azul","category-cuenta-cuentos","category-motricidad","category-semana-de-la-lectura","tag-lectura-de-cuentos","tag-semana-de-la-lectura"],"jetpack_publicize_connections":[],"jetpack_featured_media_url":"","jetpack_sharing_enabled":true,"jetpack_shortlink":"https:\/\/wp.me\/p4mlAA-7YH","_links":{"self":[{"href":"https:\/\/www.alqueria.es\/blogs\/alqueriazulceleste\/wp-json\/wp\/v2\/posts\/30671","targetHints":{"allow":["GET"]}}],"collection":[{"href":"https:\/\/www.alqueria.es\/blogs\/alqueriazulceleste\/wp-json\/wp\/v2\/posts"}],"about":[{"href":"https:\/\/www.alqueria.es\/blogs\/alqueriazulceleste\/wp-json\/wp\/v2\/types\/post"}],"author":[{"embeddable":true,"href":"https:\/\/www.alqueria.es\/blogs\/alqueriazulceleste\/wp-json\/wp\/v2\/users\/28"}],"replies":[{"embeddable":true,"href":"https:\/\/www.alqueria.es\/blogs\/alqueriazulceleste\/wp-json\/wp\/v2\/comments?post=30671"}],"version-history":[{"count":12,"href":"https:\/\/www.alqueria.es\/blogs\/alqueriazulceleste\/wp-json\/wp\/v2\/posts\/30671\/revisions"}],"predecessor-version":[{"id":30765,"href":"https:\/\/www.alqueria.es\/blogs\/alqueriazulceleste\/wp-json\/wp\/v2\/posts\/30671\/revisions\/30765"}],"wp:attachment":[{"href":"https:\/\/www.alqueria.es\/blogs\/alqueriazulceleste\/wp-json\/wp\/v2\/media?parent=30671"}],"wp:term":[{"taxonomy":"category","embeddable":true,"href":"https:\/\/www.alqueria.es\/blogs\/alqueriazulceleste\/wp-json\/wp\/v2\/categories?post=30671"},{"taxonomy":"post_tag","embeddable":true,"href":"https:\/\/www.alqueria.es\/blogs\/alqueriazulceleste\/wp-json\/wp\/v2\/tags?post=30671"}],"curies":[{"name":"wp","href":"https:\/\/api.w.org\/{rel}","templated":true}]}}