{"id":32306,"date":"2023-10-31T18:00:43","date_gmt":"2023-10-31T17:00:43","guid":{"rendered":"https:\/\/www.alqueria.es\/blogs\/alqueriazulceleste\/?p=32306"},"modified":"2023-11-01T12:35:59","modified_gmt":"2023-11-01T11:35:59","slug":"el-cuidado-del-medio-ambiente%e2%99%bb%ef%b8%8f","status":"publish","type":"post","link":"https:\/\/www.alqueria.es\/blogs\/alqueriazulceleste\/2023\/10\/31\/el-cuidado-del-medio-ambiente%e2%99%bb%ef%b8%8f\/","title":{"rendered":"EL CUIDADO DEL MEDIO AMBIENTE\u267b\ufe0f"},"content":{"rendered":"<p>El cuidado del medio ambiente\u00a0 desde el punto de vista infantil\u00a0 , y concretamente desde el Primer ciclo es desconocido, ellos a\u00fan carecen de ese\u00a0 conocimiento. No obstante, los primeros agentes de imitaci\u00f3n que tiene el ni\u00f1o son el\u00a0 \u00e1mbito familiar\u00a0 y escolar, los cu\u00e1les ,son los que tienen como deber\u00a0 promover el cuidado de la natura, a trav\u00e9s de un aprendizaje significativo ,el cu\u00e1l\u00a0 est\u00e9 lleno de\u00a0 experiencias vivas\u00a0 y enriquecedoras. Para ello, tenemos que fomentar primero desde el \u00e1mbito familiar poniendo l\u00edmites sobre, como cuidar las flores, respetar los \u00e1rboles, no arrancar las plantas, mantener limpias las calles, no derrochar agua, no abusar del papel, reciclar la materia org\u00e1nica e inorg\u00e1nica; todas estas pautas las ir\u00e1n poco a poco mecanizando, si las introducimos en su d\u00eda a d\u00eda. Nosotros somos su gran ejemplo a seguir.<\/p>\n<p style=\"text-align: left\"><em><span style=\"color: #339966\">Desde Alquer\u00eda \u00bfC\u00f3mo trabajamos el cuidado del medio ambiente en la clase azul?<\/span><\/em><\/p>\n<p>En relaci\u00f3n, al cuidado de medio ambiente, decir, que en Alquer\u00eda, un colegio, que se encuentra en la Vega de Granada, con muchas zonas verdes, se propicia el respeto por la naturaleza. Algunas de las tareas que realizamos son regar los \u00e1rboles, sembrar habas, plantar flores, cuidamos la plantaci\u00f3n de huerto, observamos los animales cuando les damos de comer&#8230;<\/p>\n<p><img decoding=\"async\" class=\"alignleft size-medium wp-image-32294\" src=\"https:\/\/cloud.alqueria.es\/wp-content\/uploads\/sites\/10\/2023\/10\/IMG-20231026-WA0021-300x225.jpg\" alt=\"\" width=\"300\" height=\"225\" srcset=\"https:\/\/cloud.alqueria.es\/wp-content\/uploads\/sites\/10\/2023\/10\/IMG-20231026-WA0021-300x225.jpg 300w, https:\/\/cloud.alqueria.es\/wp-content\/uploads\/sites\/10\/2023\/10\/IMG-20231026-WA0021-1024x768.jpg 1024w, https:\/\/cloud.alqueria.es\/wp-content\/uploads\/sites\/10\/2023\/10\/IMG-20231026-WA0021-768x576.jpg 768w, https:\/\/cloud.alqueria.es\/wp-content\/uploads\/sites\/10\/2023\/10\/IMG-20231026-WA0021-1536x1152.jpg 1536w, https:\/\/cloud.alqueria.es\/wp-content\/uploads\/sites\/10\/2023\/10\/IMG-20231026-WA0021.jpg 2048w\" sizes=\"(max-width: 300px) 100vw, 300px\" \/><\/p>\n<p>A trav\u00e9s del poder de la observaci\u00f3n y de la\u00a0 imitaci\u00f3n de los mayores de ciclo ,esto se inician en el acto de reciclar el papel, el cart\u00f3n, los botes, pl\u00e1sticos diversos etc. Esto es una tarea f\u00e1cil para ellos, pues, contamos con unos contenedores de reciclaje\u00a0 los cu\u00e1les est\u00e1n pr\u00f3ximos al aula concretamente en el pasillo a los que ellos pueden acceder sin ninguna dificultad. De hecho nuestro objetivo como plan de centro del a\u00f1o anterior fue \u00abGreen School\u00bb,una lugar donde se recicla y se mantienen los espacios verdes, este objetivo lo\u00a0 seguimos manteniendo como forma de vida aqu\u00ed en Alquer\u00eda de forma rutinaria.<\/p>\n<p>Actualmente ellos reciclan de forma dirigida ya que a\u00fan no son capaces de reciclar y clasificar aut\u00f3nomamente, por ello necesitan aun ayuda. Esto no quita que podemos darle responsabilidades sencillas acordes a su desarrollo evolutivo, c\u00f3mo tirar el papel a la basura, reciclar una botella, cerrar el grifo del agua, etc.<\/p>\n<div class=\"tiled-gallery type-rectangular tiled-gallery-unresized\" data-original-width=\"474\" data-carousel-extra='null' itemscope itemtype=\"http:\/\/schema.org\/ImageGallery\" > <div class=\"gallery-row\" style=\"width: 474px; height: 357px;\" data-original-width=\"474\" data-original-height=\"357\" > <div class=\"gallery-group images-1\" style=\"width: 474px; height: 357px;\" data-original-width=\"474\" data-original-height=\"357\" > <div class=\"tiled-gallery-item tiled-gallery-item-large\" itemprop=\"associatedMedia\" itemscope itemtype=\"http:\/\/schema.org\/ImageObject\"> <a href=\"https:\/\/www.alqueria.es\/blogs\/alqueriazulceleste\/2023\/10\/31\/el-cuidado-del-medio-ambiente%e2%99%bb%ef%b8%8f\/img-20231031-wa0103\/\" border=\"0\" itemprop=\"url\"> <meta itemprop=\"width\" content=\"470\"> <meta itemprop=\"height\" content=\"353\"> <img decoding=\"async\" class=\"\" data-attachment-id=\"32309\" data-orig-file=\"https:\/\/cloud.alqueria.es\/wp-content\/uploads\/sites\/10\/2023\/10\/IMG-20231031-WA0103.jpg\" data-orig-size=\"2048,1536\" data-comments-opened=\"1\" data-image-meta=\"{&quot;aperture&quot;:&quot;0&quot;,&quot;credit&quot;:&quot;&quot;,&quot;camera&quot;:&quot;&quot;,&quot;caption&quot;:&quot;&quot;,&quot;created_timestamp&quot;:&quot;0&quot;,&quot;copyright&quot;:&quot;&quot;,&quot;focal_length&quot;:&quot;0&quot;,&quot;iso&quot;:&quot;0&quot;,&quot;shutter_speed&quot;:&quot;0&quot;,&quot;title&quot;:&quot;&quot;,&quot;orientation&quot;:&quot;0&quot;}\" data-image-title=\"IMG-20231031-WA0103\" data-image-description=\"\" data-medium-file=\"https:\/\/cloud.alqueria.es\/wp-content\/uploads\/sites\/10\/2023\/10\/IMG-20231031-WA0103-300x225.jpg\" data-large-file=\"https:\/\/cloud.alqueria.es\/wp-content\/uploads\/sites\/10\/2023\/10\/IMG-20231031-WA0103-1024x768.jpg\" src=\"https:\/\/i0.wp.com\/cloud.alqueria.es\/wp-content\/uploads\/sites\/10\/2023\/10\/IMG-20231031-WA0103.jpg?w=470&#038;h=353&#038;ssl=1\" srcset=\"https:\/\/cloud.alqueria.es\/wp-content\/uploads\/sites\/10\/2023\/10\/IMG-20231031-WA0103.jpg 2048w, https:\/\/cloud.alqueria.es\/wp-content\/uploads\/sites\/10\/2023\/10\/IMG-20231031-WA0103-300x225.jpg 300w, https:\/\/cloud.alqueria.es\/wp-content\/uploads\/sites\/10\/2023\/10\/IMG-20231031-WA0103-1024x768.jpg 1024w, https:\/\/cloud.alqueria.es\/wp-content\/uploads\/sites\/10\/2023\/10\/IMG-20231031-WA0103-768x576.jpg 768w, https:\/\/cloud.alqueria.es\/wp-content\/uploads\/sites\/10\/2023\/10\/IMG-20231031-WA0103-1536x1152.jpg 1536w\" width=\"470\" height=\"353\" loading=\"lazy\" data-original-width=\"470\" data-original-height=\"353\" itemprop=\"http:\/\/schema.org\/image\" title=\"IMG-20231031-WA0103\" alt=\"IMG-20231031-WA0103\" style=\"width: 470px; height: 353px;\" \/> <\/a> <\/div> <\/div> <!-- close group --> <\/div> <!-- close row --> <\/div>\n<p>Definitivamente si todos aportamos nuestro granito de arena, y desde infantil ense\u00f1amos el buen hacer de las cosas, incluy\u00e9ndolo previamente en nuestro rutina, contribuiremos hacia un lugar mejor, m\u00e1s habitable y m\u00e1s sostenible.<\/p>\n","protected":false},"excerpt":{"rendered":"<p>El cuidado del medio ambiente\u00a0 desde el punto de vista infantil\u00a0 , y concretamente desde el Primer ciclo es desconocido, ellos a\u00fan carecen de ese\u00a0 conocimiento. No obstante, los primeros agentes de imitaci\u00f3n que tiene el ni\u00f1o son el\u00a0 \u00e1mbito familiar\u00a0 y escolar, los cu\u00e1les ,son los que tienen como deber\u00a0 promover el cuidado de &hellip; <a href=\"https:\/\/www.alqueria.es\/blogs\/alqueriazulceleste\/2023\/10\/31\/el-cuidado-del-medio-ambiente%e2%99%bb%ef%b8%8f\/\" class=\"more-link\">Seguir leyendo <span class=\"screen-reader-text\">EL CUIDADO DEL MEDIO AMBIENTE\u267b\ufe0f<\/span> <span class=\"meta-nav\">&rarr;<\/span><\/a><\/p>\n","protected":false},"author":28,"featured_media":0,"comment_status":"open","ping_status":"open","sticky":false,"template":"","format":"standard","meta":{"jetpack_post_was_ever_published":false,"_jetpack_newsletter_access":"","_jetpack_dont_email_post_to_subs":false,"_jetpack_newsletter_tier_id":0,"_jetpack_memberships_contains_paywalled_content":false,"_jetpack_memberships_contains_paid_content":false,"footnotes":"","jetpack_publicize_message":"","jetpack_publicize_feature_enabled":true,"jetpack_social_post_already_shared":true,"jetpack_social_options":{"image_generator_settings":{"template":"highway","default_image_id":0,"font":"","enabled":false},"version":2}},"categories":[166,5,10,1,168],"tags":[53,34],"class_list":["post-32306","post","type-post","status-publish","format-standard","hentry","category-actividad-medio-ambiental","category-clase-azul","category-salidas-a-la-vaqueria","category-sin-categoria","category-taller-cooperativo","tag-actividad-medioambiental","tag-taller-cooperativo"],"jetpack_publicize_connections":[],"jetpack_featured_media_url":"","jetpack_sharing_enabled":true,"jetpack_shortlink":"https:\/\/wp.me\/p4mlAA-8p4","_links":{"self":[{"href":"https:\/\/www.alqueria.es\/blogs\/alqueriazulceleste\/wp-json\/wp\/v2\/posts\/32306","targetHints":{"allow":["GET"]}}],"collection":[{"href":"https:\/\/www.alqueria.es\/blogs\/alqueriazulceleste\/wp-json\/wp\/v2\/posts"}],"about":[{"href":"https:\/\/www.alqueria.es\/blogs\/alqueriazulceleste\/wp-json\/wp\/v2\/types\/post"}],"author":[{"embeddable":true,"href":"https:\/\/www.alqueria.es\/blogs\/alqueriazulceleste\/wp-json\/wp\/v2\/users\/28"}],"replies":[{"embeddable":true,"href":"https:\/\/www.alqueria.es\/blogs\/alqueriazulceleste\/wp-json\/wp\/v2\/comments?post=32306"}],"version-history":[{"count":7,"href":"https:\/\/www.alqueria.es\/blogs\/alqueriazulceleste\/wp-json\/wp\/v2\/posts\/32306\/revisions"}],"predecessor-version":[{"id":32315,"href":"https:\/\/www.alqueria.es\/blogs\/alqueriazulceleste\/wp-json\/wp\/v2\/posts\/32306\/revisions\/32315"}],"wp:attachment":[{"href":"https:\/\/www.alqueria.es\/blogs\/alqueriazulceleste\/wp-json\/wp\/v2\/media?parent=32306"}],"wp:term":[{"taxonomy":"category","embeddable":true,"href":"https:\/\/www.alqueria.es\/blogs\/alqueriazulceleste\/wp-json\/wp\/v2\/categories?post=32306"},{"taxonomy":"post_tag","embeddable":true,"href":"https:\/\/www.alqueria.es\/blogs\/alqueriazulceleste\/wp-json\/wp\/v2\/tags?post=32306"}],"curies":[{"name":"wp","href":"https:\/\/api.w.org\/{rel}","templated":true}]}}