{"id":32382,"date":"2023-11-10T20:00:34","date_gmt":"2023-11-10T19:00:34","guid":{"rendered":"https:\/\/www.alqueria.es\/blogs\/alqueriazulceleste\/?p=32382"},"modified":"2023-11-13T13:28:09","modified_gmt":"2023-11-13T12:28:09","slug":"fiesta-de-otono-y-muchas-cosas-mas","status":"publish","type":"post","link":"https:\/\/www.alqueria.es\/blogs\/alqueriazulceleste\/2023\/11\/10\/fiesta-de-otono-y-muchas-cosas-mas\/","title":{"rendered":"\u00a1 FIESTA DE OTO\u00d1O!&#8230;\u00a1Y MUCHAS COSAS M\u00c1S!"},"content":{"rendered":"\r\n<p style=\"padding-left: 40px\">Estamos en una semana muy especial en la que pasamos con asombro de una actividad muy interesante\u00a0 a otras que adem\u00e1s son muy divertidas&#8230;\u00a1Si hasta nos visita el Sr. Oto\u00f1o!.<\/p>\r\n<p><span style=\"color: #ff0000\"><img decoding=\"async\" class=\"alignleft size-full wp-image-29106\" src=\"https:\/\/cloud.alqueria.es\/wp-content\/uploads\/sites\/10\/2022\/12\/images-1.jpg\" alt=\"\" width=\"235\" height=\"214\" \/>El jueves<\/span>, nos convertimos en peque\u00f1os cocineros en nuestro primer taller de cocina del curso&#8230;\u00a1 GALLETAS DE COCO!.<\/p>\r\n<p>Tras sentarnos a la mesa con las manos bien limpias, comenzamos por ver y degustar todos los ingredientes que necesitamos para nuestra receta : Canela, az\u00facar, coco, margarina vegetal, leche y por supuesto unas ricas y crujientes galletas.<\/p>\r\n<p>Uno a uno vamos probando los diferentes ingredientes\u00a0 para discriminar los diferentes sabores (trabajamos su aspecto sensorial) y tambi\u00e9n uno a uno vamos haciendo nuestra galleta de coco. Ellos la introducen en la leche y la rebozan con sus peque\u00f1as manos&#8230;\u00a1Y ahora lo mejor !&#8230;Cada uno se puede comer su rica galleta&#8230;la que han ayudado a elaborar&#8230;\u00a1<\/p>\r\n<p>Aunque en el cole no damos dulces ni se\u00a0 endulza ning\u00fan tipo de alimento hoy es un d\u00eda especial&#8230;\u00a1 Les ha encantado!<\/p>\r\n<p class=\"jetpack-slideshow-noscript robots-nocontent\">El pase de diapositivas requiere JavaScript.<\/p><div id=\"gallery-32382-1-slideshow\" class=\"jetpack-slideshow-window jetpack-slideshow jetpack-slideshow-black\" data-trans=\"fade\" data-autostart=\"1\" data-gallery=\"[{&quot;src&quot;:&quot;https:\\\/\\\/cloud.alqueria.es\\\/wp-content\\\/uploads\\\/sites\\\/10\\\/2023\\\/11\\\/IMG-20231109-WA0002.jpg&quot;,&quot;id&quot;:&quot;32473&quot;,&quot;title&quot;:&quot;IMG-20231109-WA0002&quot;,&quot;alt&quot;:&quot;&quot;,&quot;caption&quot;:&quot;&quot;,&quot;itemprop&quot;:&quot;image&quot;},{&quot;src&quot;:&quot;https:\\\/\\\/cloud.alqueria.es\\\/wp-content\\\/uploads\\\/sites\\\/10\\\/2023\\\/11\\\/IMG-20231109-WA0004.jpg&quot;,&quot;id&quot;:&quot;32472&quot;,&quot;title&quot;:&quot;IMG-20231109-WA0004&quot;,&quot;alt&quot;:&quot;&quot;,&quot;caption&quot;:&quot;&quot;,&quot;itemprop&quot;:&quot;image&quot;},{&quot;src&quot;:&quot;https:\\\/\\\/cloud.alqueria.es\\\/wp-content\\\/uploads\\\/sites\\\/10\\\/2023\\\/11\\\/IMG-20231109-WA0003.jpg&quot;,&quot;id&quot;:&quot;32471&quot;,&quot;title&quot;:&quot;IMG-20231109-WA0003&quot;,&quot;alt&quot;:&quot;&quot;,&quot;caption&quot;:&quot;&quot;,&quot;itemprop&quot;:&quot;image&quot;},{&quot;src&quot;:&quot;https:\\\/\\\/cloud.alqueria.es\\\/wp-content\\\/uploads\\\/sites\\\/10\\\/2023\\\/11\\\/IMG-20231109-WA0006.jpg&quot;,&quot;id&quot;:&quot;32470&quot;,&quot;title&quot;:&quot;IMG-20231109-WA0006&quot;,&quot;alt&quot;:&quot;&quot;,&quot;caption&quot;:&quot;&quot;,&quot;itemprop&quot;:&quot;image&quot;},{&quot;src&quot;:&quot;https:\\\/\\\/cloud.alqueria.es\\\/wp-content\\\/uploads\\\/sites\\\/10\\\/2023\\\/11\\\/IMG-20231109-WA0007.jpg&quot;,&quot;id&quot;:&quot;32469&quot;,&quot;title&quot;:&quot;IMG-20231109-WA0007&quot;,&quot;alt&quot;:&quot;&quot;,&quot;caption&quot;:&quot;&quot;,&quot;itemprop&quot;:&quot;image&quot;},{&quot;src&quot;:&quot;https:\\\/\\\/cloud.alqueria.es\\\/wp-content\\\/uploads\\\/sites\\\/10\\\/2023\\\/11\\\/IMG-20231109-WA0009.jpg&quot;,&quot;id&quot;:&quot;32468&quot;,&quot;title&quot;:&quot;IMG-20231109-WA0009&quot;,&quot;alt&quot;:&quot;&quot;,&quot;caption&quot;:&quot;&quot;,&quot;itemprop&quot;:&quot;image&quot;},{&quot;src&quot;:&quot;https:\\\/\\\/cloud.alqueria.es\\\/wp-content\\\/uploads\\\/sites\\\/10\\\/2023\\\/11\\\/IMG-20231109-WA0018.jpg&quot;,&quot;id&quot;:&quot;32462&quot;,&quot;title&quot;:&quot;IMG-20231109-WA0018&quot;,&quot;alt&quot;:&quot;&quot;,&quot;caption&quot;:&quot;&quot;,&quot;itemprop&quot;:&quot;image&quot;},{&quot;src&quot;:&quot;https:\\\/\\\/cloud.alqueria.es\\\/wp-content\\\/uploads\\\/sites\\\/10\\\/2023\\\/11\\\/IMG-20231109-WA0016.jpg&quot;,&quot;id&quot;:&quot;32463&quot;,&quot;title&quot;:&quot;IMG-20231109-WA0016&quot;,&quot;alt&quot;:&quot;&quot;,&quot;caption&quot;:&quot;&quot;,&quot;itemprop&quot;:&quot;image&quot;},{&quot;src&quot;:&quot;https:\\\/\\\/cloud.alqueria.es\\\/wp-content\\\/uploads\\\/sites\\\/10\\\/2023\\\/11\\\/IMG-20231109-WA0017.jpg&quot;,&quot;id&quot;:&quot;32464&quot;,&quot;title&quot;:&quot;IMG-20231109-WA0017&quot;,&quot;alt&quot;:&quot;&quot;,&quot;caption&quot;:&quot;&quot;,&quot;itemprop&quot;:&quot;image&quot;},{&quot;src&quot;:&quot;https:\\\/\\\/cloud.alqueria.es\\\/wp-content\\\/uploads\\\/sites\\\/10\\\/2023\\\/11\\\/IMG-20231109-WA0012.jpg&quot;,&quot;id&quot;:&quot;32465&quot;,&quot;title&quot;:&quot;IMG-20231109-WA0012&quot;,&quot;alt&quot;:&quot;&quot;,&quot;caption&quot;:&quot;&quot;,&quot;itemprop&quot;:&quot;image&quot;},{&quot;src&quot;:&quot;https:\\\/\\\/cloud.alqueria.es\\\/wp-content\\\/uploads\\\/sites\\\/10\\\/2023\\\/11\\\/IMG-20231109-WA0013.jpg&quot;,&quot;id&quot;:&quot;32466&quot;,&quot;title&quot;:&quot;IMG-20231109-WA0013&quot;,&quot;alt&quot;:&quot;&quot;,&quot;caption&quot;:&quot;&quot;,&quot;itemprop&quot;:&quot;image&quot;},{&quot;src&quot;:&quot;https:\\\/\\\/cloud.alqueria.es\\\/wp-content\\\/uploads\\\/sites\\\/10\\\/2023\\\/11\\\/IMG-20231109-WA0010.jpg&quot;,&quot;id&quot;:&quot;32467&quot;,&quot;title&quot;:&quot;IMG-20231109-WA0010&quot;,&quot;alt&quot;:&quot;&quot;,&quot;caption&quot;:&quot;&quot;,&quot;itemprop&quot;:&quot;image&quot;}]\" itemscope itemtype=\"https:\/\/schema.org\/ImageGallery\"><\/div>\r\n<p>Tras la galleta a\u00fan nos queda apetito para un poco de pl\u00e1tano o mandarina&#8230;\u00a1 Qu\u00e9 buen apetito tienen los peque\u00f1os!<\/p>\r\n<p>Acabamos la ma\u00f1ana con un buen rato de juego en el parque.<\/p>\r\n<p><span style=\"color: #800080\"><img decoding=\"async\" class=\"alignleft size-full wp-image-32487\" src=\"https:\/\/cloud.alqueria.es\/wp-content\/uploads\/sites\/10\/2023\/11\/otono.jpg\" alt=\"\" width=\"267\" height=\"189\" \/>El viernes<\/span> comienza la jornada con el nerviosismo propio de la espera&#8230;\u00a1 Qu\u00e9 llega el Sr. Oto\u00f1o!&#8230;Ese divertido personaje que se transforma ante nuestros ojos y que se convierte en el esperado personaje que viene cargado de hojas secas&#8230;\u00a1 Muchas gracias Sr. Oto\u00f1o!&#8230; Le cantamos su canci\u00f3n y lo invitamos a una rica galleta de coco. Nos despedimos de este entra\u00f1able personaje pero nos quedamos con sus divertidas hojas secas que tanto juego dan a los m\u00e1s peque\u00f1os del cole.<\/p>\r\n<p class=\"jetpack-slideshow-noscript robots-nocontent\">El pase de diapositivas requiere JavaScript.<\/p><div id=\"gallery-32382-2-slideshow\" class=\"jetpack-slideshow-window jetpack-slideshow jetpack-slideshow-black\" data-trans=\"fade\" data-autostart=\"1\" data-gallery=\"[{&quot;src&quot;:&quot;https:\\\/\\\/cloud.alqueria.es\\\/wp-content\\\/uploads\\\/sites\\\/10\\\/2023\\\/11\\\/IMG-20231110-WA0003.jpg&quot;,&quot;id&quot;:&quot;32507&quot;,&quot;title&quot;:&quot;IMG-20231110-WA0003&quot;,&quot;alt&quot;:&quot;&quot;,&quot;caption&quot;:&quot;&quot;,&quot;itemprop&quot;:&quot;image&quot;},{&quot;src&quot;:&quot;https:\\\/\\\/cloud.alqueria.es\\\/wp-content\\\/uploads\\\/sites\\\/10\\\/2023\\\/11\\\/IMG-20231110-WA0015-1.jpg&quot;,&quot;id&quot;:&quot;32506&quot;,&quot;title&quot;:&quot;IMG-20231110-WA0015&quot;,&quot;alt&quot;:&quot;&quot;,&quot;caption&quot;:&quot;&quot;,&quot;itemprop&quot;:&quot;image&quot;},{&quot;src&quot;:&quot;https:\\\/\\\/cloud.alqueria.es\\\/wp-content\\\/uploads\\\/sites\\\/10\\\/2023\\\/11\\\/IMG-20231110-WA0014-1.jpg&quot;,&quot;id&quot;:&quot;32505&quot;,&quot;title&quot;:&quot;IMG-20231110-WA0014&quot;,&quot;alt&quot;:&quot;&quot;,&quot;caption&quot;:&quot;&quot;,&quot;itemprop&quot;:&quot;image&quot;},{&quot;src&quot;:&quot;https:\\\/\\\/cloud.alqueria.es\\\/wp-content\\\/uploads\\\/sites\\\/10\\\/2023\\\/11\\\/IMG-20231110-WA0021.jpg&quot;,&quot;id&quot;:&quot;32504&quot;,&quot;title&quot;:&quot;IMG-20231110-WA0021&quot;,&quot;alt&quot;:&quot;&quot;,&quot;caption&quot;:&quot;&quot;,&quot;itemprop&quot;:&quot;image&quot;},{&quot;src&quot;:&quot;https:\\\/\\\/cloud.alqueria.es\\\/wp-content\\\/uploads\\\/sites\\\/10\\\/2023\\\/11\\\/IMG-20231110-WA0005-1.jpg&quot;,&quot;id&quot;:&quot;32501&quot;,&quot;title&quot;:&quot;IMG-20231110-WA0005&quot;,&quot;alt&quot;:&quot;&quot;,&quot;caption&quot;:&quot;&quot;,&quot;itemprop&quot;:&quot;image&quot;},{&quot;src&quot;:&quot;https:\\\/\\\/cloud.alqueria.es\\\/wp-content\\\/uploads\\\/sites\\\/10\\\/2023\\\/11\\\/IMG-20231110-WA0009.jpg&quot;,&quot;id&quot;:&quot;32498&quot;,&quot;title&quot;:&quot;IMG-20231110-WA0009&quot;,&quot;alt&quot;:&quot;&quot;,&quot;caption&quot;:&quot;&quot;,&quot;itemprop&quot;:&quot;image&quot;}]\" itemscope itemtype=\"https:\/\/schema.org\/ImageGallery\"><\/div>\r\n<p>Continuamos la celebraci\u00f3n tomando la fruta en una gran asamblea con los compa\u00f1eros de la Clase Amarilla en donde seguimos disfrutando de un rato de juego hasta la hora de salir al parque.<\/p>\r\n<p>En el parque nos sumamos a todos los grupos de infantil para asistir a la representaci\u00f3n de Los Romances por parte de\u00a0 6\u00ba de primaria&#8230;\u00a1 Y hasta nos deleitan con un RAP de su invenci\u00f3n!<\/p>\r\n<p class=\"jetpack-slideshow-noscript robots-nocontent\">El pase de diapositivas requiere JavaScript.<\/p><div id=\"gallery-32382-3-slideshow\" class=\"jetpack-slideshow-window jetpack-slideshow jetpack-slideshow-black\" data-trans=\"fade\" data-autostart=\"1\" data-gallery=\"[{&quot;src&quot;:&quot;https:\\\/\\\/cloud.alqueria.es\\\/wp-content\\\/uploads\\\/sites\\\/10\\\/2023\\\/11\\\/IMG-20231110-WA0029.jpg&quot;,&quot;id&quot;:&quot;32492&quot;,&quot;title&quot;:&quot;IMG-20231110-WA0029&quot;,&quot;alt&quot;:&quot;&quot;,&quot;caption&quot;:&quot;&quot;,&quot;itemprop&quot;:&quot;image&quot;},{&quot;src&quot;:&quot;https:\\\/\\\/cloud.alqueria.es\\\/wp-content\\\/uploads\\\/sites\\\/10\\\/2023\\\/11\\\/IMG-20231110-WA0034.jpg&quot;,&quot;id&quot;:&quot;32491&quot;,&quot;title&quot;:&quot;IMG-20231110-WA0034&quot;,&quot;alt&quot;:&quot;&quot;,&quot;caption&quot;:&quot;&quot;,&quot;itemprop&quot;:&quot;image&quot;},{&quot;src&quot;:&quot;https:\\\/\\\/cloud.alqueria.es\\\/wp-content\\\/uploads\\\/sites\\\/10\\\/2023\\\/11\\\/IMG-20231110-WA0033.jpg&quot;,&quot;id&quot;:&quot;32490&quot;,&quot;title&quot;:&quot;IMG-20231110-WA0033&quot;,&quot;alt&quot;:&quot;&quot;,&quot;caption&quot;:&quot;&quot;,&quot;itemprop&quot;:&quot;image&quot;}]\" itemscope itemtype=\"https:\/\/schema.org\/ImageGallery\"><\/div>\r\n<p><img decoding=\"async\" class=\"alignleft wp-image-32511 size-full\" src=\"https:\/\/cloud.alqueria.es\/wp-content\/uploads\/sites\/10\/2023\/11\/IMG-20231111-WA0006.jpg\" alt=\"\" width=\"2048\" height=\"1536\" srcset=\"https:\/\/cloud.alqueria.es\/wp-content\/uploads\/sites\/10\/2023\/11\/IMG-20231111-WA0006.jpg 2048w, https:\/\/cloud.alqueria.es\/wp-content\/uploads\/sites\/10\/2023\/11\/IMG-20231111-WA0006-300x225.jpg 300w, https:\/\/cloud.alqueria.es\/wp-content\/uploads\/sites\/10\/2023\/11\/IMG-20231111-WA0006-1024x768.jpg 1024w, https:\/\/cloud.alqueria.es\/wp-content\/uploads\/sites\/10\/2023\/11\/IMG-20231111-WA0006-768x576.jpg 768w, https:\/\/cloud.alqueria.es\/wp-content\/uploads\/sites\/10\/2023\/11\/IMG-20231111-WA0006-1536x1152.jpg 1536w\" sizes=\"(max-width: 2048px) 100vw, 2048px\" \/>Foto en el jard\u00edn con el mu\u00f1eco de Oto\u00f1o ante el cual algunos se muestran un poco reticentes a acercarse. \u00a1 Pero si es bueno!&#8230;JAJAJA<\/p>\r\n<p>Tenemos el tiempo justo para comer, dormir y as\u00ed estar descansados y listos para la tarde que tambi\u00e9n llega repleta de actividades.<\/p>\r\n<p><img decoding=\"async\" class=\"alignleft size-medium wp-image-32518\" src=\"https:\/\/cloud.alqueria.es\/wp-content\/uploads\/sites\/10\/2023\/11\/IMG-20231111-WA0016-300x169.jpg\" alt=\"\" width=\"300\" height=\"169\" srcset=\"https:\/\/cloud.alqueria.es\/wp-content\/uploads\/sites\/10\/2023\/11\/IMG-20231111-WA0016-300x169.jpg 300w, https:\/\/cloud.alqueria.es\/wp-content\/uploads\/sites\/10\/2023\/11\/IMG-20231111-WA0016-1024x576.jpg 1024w, https:\/\/cloud.alqueria.es\/wp-content\/uploads\/sites\/10\/2023\/11\/IMG-20231111-WA0016-768x432.jpg 768w, https:\/\/cloud.alqueria.es\/wp-content\/uploads\/sites\/10\/2023\/11\/IMG-20231111-WA0016-1536x864.jpg 1536w, https:\/\/cloud.alqueria.es\/wp-content\/uploads\/sites\/10\/2023\/11\/IMG-20231111-WA0016.jpg 1600w\" sizes=\"(max-width: 300px) 100vw, 300px\" \/>Tras la siesta nos espera una muy interesante obra de teatro que nos representa los alumnos de la Clase Verde ( 5 a\u00f1os) <span style=\"color: #339966\">\u00abLAS ENSE\u00d1ANZAS DE LA LLUVIA\u00bb.<\/span> Un buen trabajo por parte de alumnos y maestras que hace que toda la etapa de infantil pueda disfrutar de tan preciosa representaci\u00f3n.\u00a1 Preciosos los actores!\u00a1Y qu\u00e9 atento el p\u00fablico!<\/p>\r\n<p class=\"jetpack-slideshow-noscript robots-nocontent\">El pase de diapositivas requiere JavaScript.<\/p><div id=\"gallery-32382-4-slideshow\" class=\"jetpack-slideshow-window jetpack-slideshow jetpack-slideshow-black\" data-trans=\"fade\" data-autostart=\"1\" data-gallery=\"[{&quot;src&quot;:&quot;https:\\\/\\\/cloud.alqueria.es\\\/wp-content\\\/uploads\\\/sites\\\/10\\\/2023\\\/11\\\/IMG-20231111-WA0017-300x169.jpg&quot;,&quot;id&quot;:&quot;32516&quot;,&quot;title&quot;:&quot;IMG-20231111-WA0017&quot;,&quot;alt&quot;:&quot;&quot;,&quot;caption&quot;:&quot;&quot;,&quot;itemprop&quot;:&quot;image&quot;},{&quot;src&quot;:&quot;https:\\\/\\\/cloud.alqueria.es\\\/wp-content\\\/uploads\\\/sites\\\/10\\\/2023\\\/11\\\/IMG-20231111-WA0018-300x169.jpg&quot;,&quot;id&quot;:&quot;32515&quot;,&quot;title&quot;:&quot;IMG-20231111-WA0018&quot;,&quot;alt&quot;:&quot;&quot;,&quot;caption&quot;:&quot;&quot;,&quot;itemprop&quot;:&quot;image&quot;},{&quot;src&quot;:&quot;https:\\\/\\\/cloud.alqueria.es\\\/wp-content\\\/uploads\\\/sites\\\/10\\\/2023\\\/11\\\/IMG-20231111-WA0019-300x169.jpg&quot;,&quot;id&quot;:&quot;32514&quot;,&quot;title&quot;:&quot;IMG-20231111-WA0019&quot;,&quot;alt&quot;:&quot;&quot;,&quot;caption&quot;:&quot;&quot;,&quot;itemprop&quot;:&quot;image&quot;}]\" itemscope itemtype=\"https:\/\/schema.org\/ImageGallery\"><\/div>\r\n<p>Por la tarde llega el momento de la merienda. Toda la comunidad educativa se re\u00fane en el patio alrededor de una mesa repleta de <img decoding=\"async\" class=\"alignleft size-medium wp-image-32517\" src=\"https:\/\/cloud.alqueria.es\/wp-content\/uploads\/sites\/10\/2023\/11\/IMG-20231111-WA0015-300x169.jpg\" alt=\"\" width=\"300\" height=\"169\" srcset=\"https:\/\/cloud.alqueria.es\/wp-content\/uploads\/sites\/10\/2023\/11\/IMG-20231111-WA0015-300x169.jpg 300w, https:\/\/cloud.alqueria.es\/wp-content\/uploads\/sites\/10\/2023\/11\/IMG-20231111-WA0015-1024x576.jpg 1024w, https:\/\/cloud.alqueria.es\/wp-content\/uploads\/sites\/10\/2023\/11\/IMG-20231111-WA0015-768x432.jpg 768w, https:\/\/cloud.alqueria.es\/wp-content\/uploads\/sites\/10\/2023\/11\/IMG-20231111-WA0015-1536x864.jpg 1536w, https:\/\/cloud.alqueria.es\/wp-content\/uploads\/sites\/10\/2023\/11\/IMG-20231111-WA0015.jpg 1600w\" sizes=\"(max-width: 300px) 100vw, 300px\" \/>ricos manjares. Cada familia colabora con una elaboraci\u00f3n ( dulce, salada, fruta&#8230;) que todos compartimos junto a un humeante chocolate.\u00a0<\/p>\r\n<p>En esta merienda compartida entablamos conversaciones entre todos, grandes y peque\u00f1os y nos da la oportunidad de conocer a todas las familias de la clase, el ciclo, la escuela&#8230;<img decoding=\"async\" class=\"alignleft size-medium wp-image-32519\" src=\"https:\/\/cloud.alqueria.es\/wp-content\/uploads\/sites\/10\/2023\/11\/IMG-20231111-WA0014-300x169.jpg\" alt=\"\" width=\"300\" height=\"169\" srcset=\"https:\/\/cloud.alqueria.es\/wp-content\/uploads\/sites\/10\/2023\/11\/IMG-20231111-WA0014-300x169.jpg 300w, https:\/\/cloud.alqueria.es\/wp-content\/uploads\/sites\/10\/2023\/11\/IMG-20231111-WA0014-1024x576.jpg 1024w, https:\/\/cloud.alqueria.es\/wp-content\/uploads\/sites\/10\/2023\/11\/IMG-20231111-WA0014-768x432.jpg 768w, https:\/\/cloud.alqueria.es\/wp-content\/uploads\/sites\/10\/2023\/11\/IMG-20231111-WA0014-1536x864.jpg 1536w, https:\/\/cloud.alqueria.es\/wp-content\/uploads\/sites\/10\/2023\/11\/IMG-20231111-WA0014.jpg 1600w\" sizes=\"(max-width: 300px) 100vw, 300px\" \/><\/p>\r\n<p>Mil\u00a0 gracias a todos por vuestra asistencia&#8230;por vuestras deliciosas recetas&#8230;por vuestra inestimable compa\u00f1\u00eda&#8230;<\/p>\r\n<p>Un abrazo y buen fin de semana<\/p>\r\n<p>Estefan\u00eda y Nuria<\/p>\r\n<p>&nbsp;<\/p>\r\n","protected":false},"excerpt":{"rendered":"<p>Estamos en una semana muy especial en la que pasamos con asombro de una actividad muy interesante\u00a0 a otras que adem\u00e1s son muy divertidas&#8230;\u00a1Si hasta nos visita el Sr. Oto\u00f1o!. El jueves, nos convertimos en peque\u00f1os cocineros en nuestro primer taller de cocina del curso&#8230;\u00a1 GALLETAS DE COCO!. Tras sentarnos a la mesa con las &hellip; <a href=\"https:\/\/www.alqueria.es\/blogs\/alqueriazulceleste\/2023\/11\/10\/fiesta-de-otono-y-muchas-cosas-mas\/\" class=\"more-link\">Seguir leyendo <span class=\"screen-reader-text\">\u00a1 FIESTA DE OTO\u00d1O!&#8230;\u00a1Y MUCHAS COSAS M\u00c1S!<\/span> <span class=\"meta-nav\">&rarr;<\/span><\/a><\/p>\n","protected":false},"author":28,"featured_media":0,"comment_status":"open","ping_status":"open","sticky":false,"template":"","format":"standard","meta":{"jetpack_post_was_ever_published":false,"_jetpack_newsletter_access":"","_jetpack_dont_email_post_to_subs":false,"_jetpack_newsletter_tier_id":0,"_jetpack_memberships_contains_paywalled_content":false,"_jetpack_memberships_contains_paid_content":false,"footnotes":"","jetpack_publicize_message":"","jetpack_publicize_feature_enabled":true,"jetpack_social_post_already_shared":true,"jetpack_social_options":{"image_generator_settings":{"template":"highway","default_image_id":0,"font":"","enabled":false},"version":2}},"categories":[5,49,163,109],"tags":[40,45,99,101,71,133],"class_list":["post-32382","post","type-post","status-publish","format-standard","hentry","category-clase-azul","category-fiestas","category-taller-de-cocina","category-taller-sensorial","tag-actividad-musical","tag-actividad-sensorial","tag-fiesta-de-otono","tag-fiestas","tag-taller-de-cocina-infantil","tag-teatro"],"jetpack_publicize_connections":[],"jetpack_featured_media_url":"","jetpack_sharing_enabled":true,"jetpack_shortlink":"https:\/\/wp.me\/p4mlAA-8qi","_links":{"self":[{"href":"https:\/\/www.alqueria.es\/blogs\/alqueriazulceleste\/wp-json\/wp\/v2\/posts\/32382","targetHints":{"allow":["GET"]}}],"collection":[{"href":"https:\/\/www.alqueria.es\/blogs\/alqueriazulceleste\/wp-json\/wp\/v2\/posts"}],"about":[{"href":"https:\/\/www.alqueria.es\/blogs\/alqueriazulceleste\/wp-json\/wp\/v2\/types\/post"}],"author":[{"embeddable":true,"href":"https:\/\/www.alqueria.es\/blogs\/alqueriazulceleste\/wp-json\/wp\/v2\/users\/28"}],"replies":[{"embeddable":true,"href":"https:\/\/www.alqueria.es\/blogs\/alqueriazulceleste\/wp-json\/wp\/v2\/comments?post=32382"}],"version-history":[{"count":22,"href":"https:\/\/www.alqueria.es\/blogs\/alqueriazulceleste\/wp-json\/wp\/v2\/posts\/32382\/revisions"}],"predecessor-version":[{"id":32521,"href":"https:\/\/www.alqueria.es\/blogs\/alqueriazulceleste\/wp-json\/wp\/v2\/posts\/32382\/revisions\/32521"}],"wp:attachment":[{"href":"https:\/\/www.alqueria.es\/blogs\/alqueriazulceleste\/wp-json\/wp\/v2\/media?parent=32382"}],"wp:term":[{"taxonomy":"category","embeddable":true,"href":"https:\/\/www.alqueria.es\/blogs\/alqueriazulceleste\/wp-json\/wp\/v2\/categories?post=32382"},{"taxonomy":"post_tag","embeddable":true,"href":"https:\/\/www.alqueria.es\/blogs\/alqueriazulceleste\/wp-json\/wp\/v2\/tags?post=32382"}],"curies":[{"name":"wp","href":"https:\/\/api.w.org\/{rel}","templated":true}]}}