{"id":33194,"date":"2024-01-08T17:21:19","date_gmt":"2024-01-08T16:21:19","guid":{"rendered":"https:\/\/www.alqueria.es\/blogs\/alqueriazulceleste\/?p=33194"},"modified":"2024-01-09T16:17:11","modified_gmt":"2024-01-09T15:17:11","slug":"se-acabaron-las-vacaciones-3","status":"publish","type":"post","link":"https:\/\/www.alqueria.es\/blogs\/alqueriazulceleste\/2024\/01\/08\/se-acabaron-las-vacaciones-3\/","title":{"rendered":"\u00a1 SE ACABARON LAS VACACIONES!"},"content":{"rendered":"\r\n<p><img decoding=\"async\" class=\"alignleft size-full wp-image-33198\" src=\"https:\/\/cloud.alqueria.es\/wp-content\/uploads\/sites\/10\/2024\/01\/back-to-school.jpg\" alt=\"\" width=\"215\" height=\"234\" \/>Se acabaron las vacaciones y tras tantos d\u00edas de fiesta en familia hoy ha tocado volver al cole, a nuestras rutinas diarias, a volver a madrugar&#8230; y algunos y algunas han protestado un poco\u00a0 pero &#8230;\u00a0 \u00a0 \u00a0\u00a1 Es lo que toca!.<\/p>\r\n<p>Los recibimientos son cari\u00f1osos. comentamos c\u00f3mo lo han pasado, los posibles regalos, las divertidas fiestas, las luces en las calles&#8230;y hasta cantamos alg\u00fan que otro villancico recordando a amigos y familia.<\/p>\r\n<p>Esta vuelta al cole ha llegado con un fr\u00edo tiempo invernal lo que nos da pie a hablar del invierno, la lluvia, la nieve&#8230;y como hay que ponerse un buen abrigo, un calentito gorro, una suave bufanda&#8230;\u00a1 Ha llegado el invierno!.<\/p>\r\n<p><img decoding=\"async\" class=\"alignleft size-medium wp-image-33199\" src=\"https:\/\/cloud.alqueria.es\/wp-content\/uploads\/sites\/10\/2024\/01\/ninos-300x150.jpg\" alt=\"\" width=\"300\" height=\"150\" srcset=\"https:\/\/cloud.alqueria.es\/wp-content\/uploads\/sites\/10\/2024\/01\/ninos-300x150.jpg 300w, https:\/\/cloud.alqueria.es\/wp-content\/uploads\/sites\/10\/2024\/01\/ninos.jpg 318w\" sizes=\"(max-width: 300px) 100vw, 300px\" \/>En pocas horas vamos retomando rutinas, el juego con los compa\u00f1eros, participando con agrado en las actividades y sobre todo volver a disfrutar del rico men\u00fa y de una reparadora siesta.<\/p>\r\n<p>La vuelta a las rutinas con unos horarios claros y bien distribuidos proporcionan a los m\u00e1s peque\u00f1os seguridad y fomentan su autonom\u00eda&#8230;\u00a1 Una estupenda vuelta al trabajo!.<\/p>\r\n<p>Un abrazo<\/p>\r\n<p>Estefan\u00eda y Nuria<\/p>\r\n<p>&nbsp;<\/p>\r\n","protected":false},"excerpt":{"rendered":"<p>Se acabaron las vacaciones y tras tantos d\u00edas de fiesta en familia hoy ha tocado volver al cole, a nuestras rutinas diarias, a volver a madrugar&#8230; y algunos y algunas han protestado un poco\u00a0 pero &#8230;\u00a0 \u00a0 \u00a0\u00a1 Es lo que toca!. Los recibimientos son cari\u00f1osos. comentamos c\u00f3mo lo han pasado, los posibles regalos, las &hellip; <a href=\"https:\/\/www.alqueria.es\/blogs\/alqueriazulceleste\/2024\/01\/08\/se-acabaron-las-vacaciones-3\/\" class=\"more-link\">Seguir leyendo <span class=\"screen-reader-text\">\u00a1 SE ACABARON LAS VACACIONES!<\/span> <span class=\"meta-nav\">&rarr;<\/span><\/a><\/p>\n","protected":false},"author":28,"featured_media":0,"comment_status":"open","ping_status":"open","sticky":false,"template":"","format":"standard","meta":{"jetpack_post_was_ever_published":false,"_jetpack_newsletter_access":"","_jetpack_dont_email_post_to_subs":false,"_jetpack_newsletter_tier_id":0,"_jetpack_memberships_contains_paywalled_content":false,"_jetpack_memberships_contains_paid_content":false,"footnotes":"","jetpack_publicize_message":"","jetpack_publicize_feature_enabled":true,"jetpack_social_post_already_shared":true,"jetpack_social_options":{"image_generator_settings":{"template":"highway","default_image_id":0,"font":"","enabled":false},"version":2}},"categories":[1],"tags":[],"class_list":["post-33194","post","type-post","status-publish","format-standard","hentry","category-sin-categoria"],"jetpack_publicize_connections":[],"jetpack_featured_media_url":"","jetpack_sharing_enabled":true,"jetpack_shortlink":"https:\/\/wp.me\/p4mlAA-8Do","_links":{"self":[{"href":"https:\/\/www.alqueria.es\/blogs\/alqueriazulceleste\/wp-json\/wp\/v2\/posts\/33194","targetHints":{"allow":["GET"]}}],"collection":[{"href":"https:\/\/www.alqueria.es\/blogs\/alqueriazulceleste\/wp-json\/wp\/v2\/posts"}],"about":[{"href":"https:\/\/www.alqueria.es\/blogs\/alqueriazulceleste\/wp-json\/wp\/v2\/types\/post"}],"author":[{"embeddable":true,"href":"https:\/\/www.alqueria.es\/blogs\/alqueriazulceleste\/wp-json\/wp\/v2\/users\/28"}],"replies":[{"embeddable":true,"href":"https:\/\/www.alqueria.es\/blogs\/alqueriazulceleste\/wp-json\/wp\/v2\/comments?post=33194"}],"version-history":[{"count":4,"href":"https:\/\/www.alqueria.es\/blogs\/alqueriazulceleste\/wp-json\/wp\/v2\/posts\/33194\/revisions"}],"predecessor-version":[{"id":33201,"href":"https:\/\/www.alqueria.es\/blogs\/alqueriazulceleste\/wp-json\/wp\/v2\/posts\/33194\/revisions\/33201"}],"wp:attachment":[{"href":"https:\/\/www.alqueria.es\/blogs\/alqueriazulceleste\/wp-json\/wp\/v2\/media?parent=33194"}],"wp:term":[{"taxonomy":"category","embeddable":true,"href":"https:\/\/www.alqueria.es\/blogs\/alqueriazulceleste\/wp-json\/wp\/v2\/categories?post=33194"},{"taxonomy":"post_tag","embeddable":true,"href":"https:\/\/www.alqueria.es\/blogs\/alqueriazulceleste\/wp-json\/wp\/v2\/tags?post=33194"}],"curies":[{"name":"wp","href":"https:\/\/api.w.org\/{rel}","templated":true}]}}