{"id":34859,"date":"2024-05-06T19:30:59","date_gmt":"2024-05-06T17:30:59","guid":{"rendered":"https:\/\/www.alqueria.es\/blogs\/alqueriazulceleste\/?p=34859"},"modified":"2024-05-06T23:38:38","modified_gmt":"2024-05-06T21:38:38","slug":"ultima-salida","status":"publish","type":"post","link":"https:\/\/www.alqueria.es\/blogs\/alqueriazulceleste\/2024\/05\/06\/ultima-salida\/","title":{"rendered":"\u00daLTIMA SALIDA"},"content":{"rendered":"<p style=\"text-align: left\"><em>Estimadas familias:<\/em><\/p>\n<p>Nos encontramos en el mes de <strong>Mayo<\/strong> y con ello se acerca la fecha de la salida al campo, que tendr\u00e1 lugar el pr\u00f3ximo <strong>17 de Mayo.<\/strong><\/p>\n<p>En esta excursi\u00f3n en la que pasaremos toda la jornada ser\u00e1 una salida destinada para <strong>Clase Azul-Amarilla, <\/strong>ser\u00e1\u00a0 en un espacio natural y acondicionado para ellos y ellas.<\/p>\n<p style=\"padding-left: 40px\"><img decoding=\"async\" class=\"size-large wp-image-70354\" style=\"height: auto;max-width: 100%;border: 0px;vertical-align: middle\" src=\"https:\/\/cloud.alqueria.es\/wp-content\/uploads\/sites\/9\/2024\/05\/Vista-del-Centro-Historico-desde-Parque-Ferial.-Alhendin.-www.alhendin.es_-1024x496.jpg\" alt=\"\" width=\"474\" height=\"230\" data-attachment-id=\"70354\" data-permalink=\"https:\/\/www.alqueria.es\/blogs\/alqueriaamarillanaranja\/2024\/05\/06\/nuestra-ultima-salida-del-curso\/sony-dsc-2\/\" data-orig-file=\"https:\/\/cloud.alqueria.es\/wp-content\/uploads\/sites\/9\/2024\/05\/Vista-del-Centro-Historico-desde-Parque-Ferial.-Alhendin.-www.alhendin.es_.jpg\" data-orig-size=\"2500,1212\" data-comments-opened=\"1\" data-image-meta=\"{&quot;aperture&quot;:&quot;6.3&quot;,&quot;credit&quot;:&quot;&quot;,&quot;camera&quot;:&quot;DSLR-A300&quot;,&quot;caption&quot;:&quot;SONY DSC&quot;,&quot;created_timestamp&quot;:&quot;1338404727&quot;,&quot;copyright&quot;:&quot;&quot;,&quot;focal_length&quot;:&quot;35&quot;,&quot;iso&quot;:&quot;100&quot;,&quot;shutter_speed&quot;:&quot;0.004&quot;,&quot;title&quot;:&quot;SONY DSC&quot;,&quot;orientation&quot;:&quot;1&quot;}\" data-image-title=\"SONY DSC\" data-image-description=\"\" data-image-caption=\"&lt;p&gt;SONY DSC&lt;\/p&gt; \" data-medium-file=\"https:\/\/cloud.alqueria.es\/wp-content\/uploads\/sites\/9\/2024\/05\/Vista-del-Centro-Historico-desde-Parque-Ferial.-Alhendin.-www.alhendin.es_-300x145.jpg\" data-large-file=\"https:\/\/cloud.alqueria.es\/wp-content\/uploads\/sites\/9\/2024\/05\/Vista-del-Centro-Historico-desde-Parque-Ferial.-Alhendin.-www.alhendin.es_-1024x496.jpg\" \/><\/p>\n<p>El sitio elegido para esta salida es un parque acotado que est\u00e1 en Alhend\u00edn que se llama\u00a0<a href=\"https:\/\/g.co\/kgs\/qajsk8M\">Parque Al-Hamdan<\/a> (m\u00e1s conocido por el parque del Ferial). Saldremos del cole a las <strong>9:30<\/strong> aproximadamente en el bus. Una vez all\u00ed, montaremos nuestro campamento base con todas las cosas necesarias que llevamos para que podamos llevar a cabo las rutinas de aseo, comida y sue\u00f1o, al igual que hacemos en clase.<\/p>\n<p>Primero tomaremos nuestra fruta\u00a0 antes\u00a0 de salir a explorar el lugar que est\u00e1 repleto de \u00e1rboles, flores, un riachuelo\u2026 y tambi\u00e9n una zona recreativa con tirolina, arenero y columpios que visitaremos hasta que llegue su hora de la comida que tendr\u00e1 el mismo horario ( 12:00 h). Despu\u00e9s prepararemos un espacio con colchonetas y\u00a0 edredones para que puedan descansar y dormir. Os sorprender\u00e1 saber que todos los a\u00f1os se duermen todos je, je, je y que podr\u00e9is verlo con vuestros propios ojos cuando llegu\u00e9is. A las familias os citamos\u00a0 <strong>a partir de las dos<\/strong> para poder compartir un <strong>almuerzo<\/strong> todos juntos<strong>.<\/strong><\/p>\n<p><img decoding=\"async\" class=\"alignleft size-full wp-image-34862\" src=\"https:\/\/cloud.alqueria.es\/wp-content\/uploads\/sites\/10\/2024\/05\/IMG-20230519-WA0020-300x135-1.jpg\" alt=\"\" width=\"300\" height=\"135\" \/><\/p>\n<p>El cole para este almuerzo aporta (tomate ali\u00f1ado, pollo empanado, tortillas de patatas, pan, bebida y caf\u00e9). Las <strong>familias<\/strong> podr\u00e9is llevar alg\u00fan plato o postre para compartir. Pondremos una lista en el corcho para que pod\u00e1is ir anotando qu\u00e9 vais a llevar y as\u00ed que no se repitan los aperitivos.<\/p>\n<p>Las tutoras y el bus tenemos que salir\u00a0 de vuelta al cole a las cuatro, para que el bus pueda realizar su ruta a tiempo. Cada familia se har\u00e1 cargo de sus peque\u00f1os y pod\u00e9is aprovechar para quedaros por all\u00ed y disfrutar de las instalaciones.<\/p>\n<p>Cualquier duda que teng\u00e1is al respecto no dud\u00e9is en dec\u00edrnosla.<\/p>\n<p>Un abrazo<\/p>\n<p><em>Nuria y Estefan\u00eda<\/em><\/p>\n","protected":false},"excerpt":{"rendered":"<p>Estimadas familias: Nos encontramos en el mes de Mayo y con ello se acerca la fecha de la salida al campo, que tendr\u00e1 lugar el pr\u00f3ximo 17 de Mayo. En esta excursi\u00f3n en la que pasaremos toda la jornada ser\u00e1 una salida destinada para Clase Azul-Amarilla, ser\u00e1\u00a0 en un espacio natural y acondicionado para ellos &hellip; <a href=\"https:\/\/www.alqueria.es\/blogs\/alqueriazulceleste\/2024\/05\/06\/ultima-salida\/\" class=\"more-link\">Seguir leyendo <span class=\"screen-reader-text\">\u00daLTIMA SALIDA<\/span> <span class=\"meta-nav\">&rarr;<\/span><\/a><\/p>\n","protected":false},"author":28,"featured_media":0,"comment_status":"open","ping_status":"open","sticky":false,"template":"","format":"standard","meta":{"jetpack_post_was_ever_published":false,"_jetpack_newsletter_access":"","_jetpack_dont_email_post_to_subs":false,"_jetpack_newsletter_tier_id":0,"_jetpack_memberships_contains_paywalled_content":false,"_jetpack_memberships_contains_paid_content":false,"footnotes":"","jetpack_publicize_message":"","jetpack_publicize_feature_enabled":true,"jetpack_social_post_already_shared":true,"jetpack_social_options":{"image_generator_settings":{"template":"highway","default_image_id":0,"font":"","enabled":false},"version":2}},"categories":[1],"tags":[],"class_list":["post-34859","post","type-post","status-publish","format-standard","hentry","category-sin-categoria"],"jetpack_publicize_connections":[],"jetpack_featured_media_url":"","jetpack_sharing_enabled":true,"jetpack_shortlink":"https:\/\/wp.me\/p4mlAA-94f","_links":{"self":[{"href":"https:\/\/www.alqueria.es\/blogs\/alqueriazulceleste\/wp-json\/wp\/v2\/posts\/34859","targetHints":{"allow":["GET"]}}],"collection":[{"href":"https:\/\/www.alqueria.es\/blogs\/alqueriazulceleste\/wp-json\/wp\/v2\/posts"}],"about":[{"href":"https:\/\/www.alqueria.es\/blogs\/alqueriazulceleste\/wp-json\/wp\/v2\/types\/post"}],"author":[{"embeddable":true,"href":"https:\/\/www.alqueria.es\/blogs\/alqueriazulceleste\/wp-json\/wp\/v2\/users\/28"}],"replies":[{"embeddable":true,"href":"https:\/\/www.alqueria.es\/blogs\/alqueriazulceleste\/wp-json\/wp\/v2\/comments?post=34859"}],"version-history":[{"count":3,"href":"https:\/\/www.alqueria.es\/blogs\/alqueriazulceleste\/wp-json\/wp\/v2\/posts\/34859\/revisions"}],"predecessor-version":[{"id":34863,"href":"https:\/\/www.alqueria.es\/blogs\/alqueriazulceleste\/wp-json\/wp\/v2\/posts\/34859\/revisions\/34863"}],"wp:attachment":[{"href":"https:\/\/www.alqueria.es\/blogs\/alqueriazulceleste\/wp-json\/wp\/v2\/media?parent=34859"}],"wp:term":[{"taxonomy":"category","embeddable":true,"href":"https:\/\/www.alqueria.es\/blogs\/alqueriazulceleste\/wp-json\/wp\/v2\/categories?post=34859"},{"taxonomy":"post_tag","embeddable":true,"href":"https:\/\/www.alqueria.es\/blogs\/alqueriazulceleste\/wp-json\/wp\/v2\/tags?post=34859"}],"curies":[{"name":"wp","href":"https:\/\/api.w.org\/{rel}","templated":true}]}}