{"id":36492,"date":"2024-11-09T11:35:29","date_gmt":"2024-11-09T10:35:29","guid":{"rendered":"https:\/\/www.alqueria.es\/blogs\/alqueriazulceleste\/?p=36492"},"modified":"2024-11-09T11:38:08","modified_gmt":"2024-11-09T10:38:08","slug":"fiesta-del-otono","status":"publish","type":"post","link":"https:\/\/www.alqueria.es\/blogs\/alqueriazulceleste\/2024\/11\/09\/fiesta-del-otono\/","title":{"rendered":"\u00a1FIESTA DEL OTO\u00d1O!"},"content":{"rendered":"<p>Estimadas familias,<\/p>\n<p>Nos encontramos muy emocionados con la llegada del se\u00f1or oto\u00f1o al colegio.<strong>\u00a1\u00a1Ring Ring\u2026 Llamando al Se\u00f1or Oto\u00f1o!!<\/strong><\/p>\n<p><img decoding=\"async\" class=\"wp-image-36521 alignleft\" src=\"https:\/\/cloud.alqueria.es\/wp-content\/uploads\/sites\/10\/2024\/11\/1731145992020-300x300.jpg\" alt=\"\" width=\"170\" height=\"170\" srcset=\"https:\/\/cloud.alqueria.es\/wp-content\/uploads\/sites\/10\/2024\/11\/1731145992020-300x300.jpg 300w, https:\/\/cloud.alqueria.es\/wp-content\/uploads\/sites\/10\/2024\/11\/1731145992020-1024x1024.jpg 1024w, https:\/\/cloud.alqueria.es\/wp-content\/uploads\/sites\/10\/2024\/11\/1731145992020-150x150.jpg 150w, https:\/\/cloud.alqueria.es\/wp-content\/uploads\/sites\/10\/2024\/11\/1731145992020-768x768.jpg 768w, https:\/\/cloud.alqueria.es\/wp-content\/uploads\/sites\/10\/2024\/11\/1731145992020.jpg 1232w\" sizes=\"(max-width: 170px) 100vw, 170px\" \/><\/p>\n<p>C\u00f3mo cada a\u00f1o, el d\u00eda previo a la fiesta junto con el grupo amarillo <strong>(ciclo 0 &#8211; 3 a\u00f1os)<\/strong>, nos encargamos de montar\u00a0 al mu\u00f1eco Sr. Oto\u00f1o. Primero manipulan el papel y despu\u00e9s los recogemos haciendo bolitas que vamos metiendo\u00a0 a nuestro mu\u00f1eco, hasta convertirlo en un abuelito, el cual ,da la bienvenida a las familias en la entrada del colegio. Todos permanecen expectantes, ante su montaje, algunos se atreven a cantar la canci\u00f3n del oto\u00f1o.<\/p>\n<div id='gallery-1' class='gallery galleryid-36492 gallery-columns-3 gallery-size-large'><figure class='gallery-item'>\n\t\t\t<div class='gallery-icon landscape'>\n\t\t\t\t<a href='https:\/\/www.alqueria.es\/blogs\/alqueriazulceleste\/2024\/11\/09\/fiesta-del-otono\/attachment\/1731145991783\/'><img decoding=\"async\" width=\"474\" height=\"474\" src=\"https:\/\/cloud.alqueria.es\/wp-content\/uploads\/sites\/10\/2024\/11\/1731145991783-1024x1024.jpg\" class=\"attachment-large size-large\" alt=\"\" srcset=\"https:\/\/cloud.alqueria.es\/wp-content\/uploads\/sites\/10\/2024\/11\/1731145991783-1024x1024.jpg 1024w, https:\/\/cloud.alqueria.es\/wp-content\/uploads\/sites\/10\/2024\/11\/1731145991783-300x300.jpg 300w, https:\/\/cloud.alqueria.es\/wp-content\/uploads\/sites\/10\/2024\/11\/1731145991783-150x150.jpg 150w, https:\/\/cloud.alqueria.es\/wp-content\/uploads\/sites\/10\/2024\/11\/1731145991783-768x768.jpg 768w, https:\/\/cloud.alqueria.es\/wp-content\/uploads\/sites\/10\/2024\/11\/1731145991783.jpg 1232w\" sizes=\"(max-width: 474px) 100vw, 474px\" \/><\/a>\n\t\t\t<\/div><\/figure><figure class='gallery-item'>\n\t\t\t<div class='gallery-icon landscape'>\n\t\t\t\t<a href='https:\/\/www.alqueria.es\/blogs\/alqueriazulceleste\/2024\/11\/09\/fiesta-del-otono\/attachment\/1731145991722\/'><img decoding=\"async\" width=\"474\" height=\"474\" src=\"https:\/\/cloud.alqueria.es\/wp-content\/uploads\/sites\/10\/2024\/11\/1731145991722-1024x1024.jpg\" class=\"attachment-large size-large\" alt=\"\" srcset=\"https:\/\/cloud.alqueria.es\/wp-content\/uploads\/sites\/10\/2024\/11\/1731145991722-1024x1024.jpg 1024w, https:\/\/cloud.alqueria.es\/wp-content\/uploads\/sites\/10\/2024\/11\/1731145991722-300x300.jpg 300w, https:\/\/cloud.alqueria.es\/wp-content\/uploads\/sites\/10\/2024\/11\/1731145991722-150x150.jpg 150w, https:\/\/cloud.alqueria.es\/wp-content\/uploads\/sites\/10\/2024\/11\/1731145991722-768x768.jpg 768w, https:\/\/cloud.alqueria.es\/wp-content\/uploads\/sites\/10\/2024\/11\/1731145991722.jpg 1232w\" sizes=\"(max-width: 474px) 100vw, 474px\" \/><\/a>\n\t\t\t<\/div><\/figure><figure class='gallery-item'>\n\t\t\t<div class='gallery-icon landscape'>\n\t\t\t\t<a href='https:\/\/www.alqueria.es\/blogs\/alqueriazulceleste\/2024\/11\/09\/fiesta-del-otono\/attachment\/1731145991961\/'><img decoding=\"async\" width=\"474\" height=\"474\" src=\"https:\/\/cloud.alqueria.es\/wp-content\/uploads\/sites\/10\/2024\/11\/1731145991961-1024x1024.jpg\" class=\"attachment-large size-large\" alt=\"\" srcset=\"https:\/\/cloud.alqueria.es\/wp-content\/uploads\/sites\/10\/2024\/11\/1731145991961-1024x1024.jpg 1024w, https:\/\/cloud.alqueria.es\/wp-content\/uploads\/sites\/10\/2024\/11\/1731145991961-300x300.jpg 300w, https:\/\/cloud.alqueria.es\/wp-content\/uploads\/sites\/10\/2024\/11\/1731145991961-150x150.jpg 150w, https:\/\/cloud.alqueria.es\/wp-content\/uploads\/sites\/10\/2024\/11\/1731145991961-768x768.jpg 768w, https:\/\/cloud.alqueria.es\/wp-content\/uploads\/sites\/10\/2024\/11\/1731145991961.jpg 1232w\" sizes=\"(max-width: 474px) 100vw, 474px\" \/><\/a>\n\t\t\t<\/div><\/figure>\n\t\t<\/div>\n\n<p>El <strong>grupo celeste-azul, <\/strong>este a\u00f1o tiene la gran suerte de contar con la participaci\u00f3n de\u00a0 <strong>Joaqu\u00edn y Elisa<\/strong> (padres de Elia, grupo amarillo) para la representaci\u00f3n del <strong>Se\u00f1or y la Se\u00f1ora oto\u00f1o. <\/strong>Adem\u00e1s les acompa\u00f1a un gran bagaje esc\u00e9nico, trabajando en la compa\u00f1\u00eda de artes esc\u00e9nicas<strong> &lt;&lt; La maquin\u00e9 &gt;&gt;<\/strong> .<\/p>\n<p><img decoding=\"async\" class=\"alignleft size-medium wp-image-36545\" src=\"https:\/\/cloud.alqueria.es\/wp-content\/uploads\/sites\/10\/2024\/11\/1731145990615-300x225.jpg\" alt=\"\" width=\"300\" height=\"225\" srcset=\"https:\/\/cloud.alqueria.es\/wp-content\/uploads\/sites\/10\/2024\/11\/1731145990615-300x225.jpg 300w, https:\/\/cloud.alqueria.es\/wp-content\/uploads\/sites\/10\/2024\/11\/1731145990615-768x576.jpg 768w, https:\/\/cloud.alqueria.es\/wp-content\/uploads\/sites\/10\/2024\/11\/1731145990615.jpg 800w\" sizes=\"(max-width: 300px) 100vw, 300px\" \/><\/p>\n<p>Para evitar que los peque\u00f1os, se van caracterizando frente a ellos, nombr\u00e1ndole cada elemento, incluso cambiando la voz pasando a ser finalmente unos abuelitos entra\u00f1ables.<\/p>\n<p class=\"jetpack-slideshow-noscript robots-nocontent\">El pase de diapositivas requiere JavaScript.<\/p><div id=\"gallery-36492-1-slideshow\" class=\"jetpack-slideshow-window jetpack-slideshow jetpack-slideshow-black\" data-trans=\"fade\" data-autostart=\"1\" data-gallery=\"[{&quot;src&quot;:&quot;https:\\\/\\\/cloud.alqueria.es\\\/wp-content\\\/uploads\\\/sites\\\/10\\\/2024\\\/11\\\/1731145989836.jpg&quot;,&quot;id&quot;:&quot;36555&quot;,&quot;title&quot;:&quot;1731145989836&quot;,&quot;alt&quot;:&quot;&quot;,&quot;caption&quot;:&quot;&quot;,&quot;itemprop&quot;:&quot;image&quot;},{&quot;src&quot;:&quot;https:\\\/\\\/cloud.alqueria.es\\\/wp-content\\\/uploads\\\/sites\\\/10\\\/2024\\\/11\\\/1731145990678.jpg&quot;,&quot;id&quot;:&quot;36544&quot;,&quot;title&quot;:&quot;1731145990678&quot;,&quot;alt&quot;:&quot;&quot;,&quot;caption&quot;:&quot;&quot;,&quot;itemprop&quot;:&quot;image&quot;},{&quot;src&quot;:&quot;https:\\\/\\\/cloud.alqueria.es\\\/wp-content\\\/uploads\\\/sites\\\/10\\\/2024\\\/11\\\/1731145989708.jpg&quot;,&quot;id&quot;:&quot;36556&quot;,&quot;title&quot;:&quot;1731145989708&quot;,&quot;alt&quot;:&quot;&quot;,&quot;caption&quot;:&quot;&quot;,&quot;itemprop&quot;:&quot;image&quot;},{&quot;src&quot;:&quot;https:\\\/\\\/cloud.alqueria.es\\\/wp-content\\\/uploads\\\/sites\\\/10\\\/2024\\\/11\\\/1731145989512.jpg&quot;,&quot;id&quot;:&quot;36560&quot;,&quot;title&quot;:&quot;1731145989512&quot;,&quot;alt&quot;:&quot;&quot;,&quot;caption&quot;:&quot;&quot;,&quot;itemprop&quot;:&quot;image&quot;},{&quot;src&quot;:&quot;https:\\\/\\\/cloud.alqueria.es\\\/wp-content\\\/uploads\\\/sites\\\/10\\\/2024\\\/11\\\/1731145989578.jpg&quot;,&quot;id&quot;:&quot;36559&quot;,&quot;title&quot;:&quot;1731145989578&quot;,&quot;alt&quot;:&quot;&quot;,&quot;caption&quot;:&quot;&quot;,&quot;itemprop&quot;:&quot;image&quot;},{&quot;src&quot;:&quot;https:\\\/\\\/cloud.alqueria.es\\\/wp-content\\\/uploads\\\/sites\\\/10\\\/2024\\\/11\\\/1731145989958.jpg&quot;,&quot;id&quot;:&quot;36554&quot;,&quot;title&quot;:&quot;1731145989958&quot;,&quot;alt&quot;:&quot;&quot;,&quot;caption&quot;:&quot;&quot;,&quot;itemprop&quot;:&quot;image&quot;},{&quot;src&quot;:&quot;https:\\\/\\\/cloud.alqueria.es\\\/wp-content\\\/uploads\\\/sites\\\/10\\\/2024\\\/11\\\/1731145989898.jpg&quot;,&quot;id&quot;:&quot;36561&quot;,&quot;title&quot;:&quot;1731145989898&quot;,&quot;alt&quot;:&quot;&quot;,&quot;caption&quot;:&quot;&quot;,&quot;itemprop&quot;:&quot;image&quot;},{&quot;src&quot;:&quot;https:\\\/\\\/cloud.alqueria.es\\\/wp-content\\\/uploads\\\/sites\\\/10\\\/2024\\\/11\\\/1731145990083.jpg&quot;,&quot;id&quot;:&quot;36552&quot;,&quot;title&quot;:&quot;1731145990083&quot;,&quot;alt&quot;:&quot;&quot;,&quot;caption&quot;:&quot;&quot;,&quot;itemprop&quot;:&quot;image&quot;},{&quot;src&quot;:&quot;https:\\\/\\\/cloud.alqueria.es\\\/wp-content\\\/uploads\\\/sites\\\/10\\\/2024\\\/11\\\/1731145990419.jpg&quot;,&quot;id&quot;:&quot;36549&quot;,&quot;title&quot;:&quot;1731145990419&quot;,&quot;alt&quot;:&quot;&quot;,&quot;caption&quot;:&quot;&quot;,&quot;itemprop&quot;:&quot;image&quot;},{&quot;src&quot;:&quot;https:\\\/\\\/cloud.alqueria.es\\\/wp-content\\\/uploads\\\/sites\\\/10\\\/2024\\\/11\\\/1731145990297.jpg&quot;,&quot;id&quot;:&quot;36547&quot;,&quot;title&quot;:&quot;1731145990297&quot;,&quot;alt&quot;:&quot;&quot;,&quot;caption&quot;:&quot;&quot;,&quot;itemprop&quot;:&quot;image&quot;},{&quot;src&quot;:&quot;https:\\\/\\\/cloud.alqueria.es\\\/wp-content\\\/uploads\\\/sites\\\/10\\\/2024\\\/11\\\/1731147898589-1.jpg&quot;,&quot;id&quot;:&quot;36564&quot;,&quot;title&quot;:&quot;1731147898589 (1)&quot;,&quot;alt&quot;:&quot;&quot;,&quot;caption&quot;:&quot;&quot;,&quot;itemprop&quot;:&quot;image&quot;},{&quot;src&quot;:&quot;https:\\\/\\\/cloud.alqueria.es\\\/wp-content\\\/uploads\\\/sites\\\/10\\\/2024\\\/11\\\/1731147898648-1.jpg&quot;,&quot;id&quot;:&quot;36563&quot;,&quot;title&quot;:&quot;1731147898648 (1)&quot;,&quot;alt&quot;:&quot;&quot;,&quot;caption&quot;:&quot;&quot;,&quot;itemprop&quot;:&quot;image&quot;}]\" itemscope itemtype=\"https:\/\/schema.org\/ImageGallery\"><\/div>\n<p>Nos cuentan de d\u00f3nde vienen, d\u00f3nde viven y c\u00f3mo es su d\u00eda a d\u00eda en el bosque y hasta han venido acompa\u00f1ados de su mascota <strong>\u201cMochi\u201d<\/strong>. Un mapache precioso que algunos se atreven a tocar. Finalmente nos regalan una preciosa lluvia de hojas para jugar.<\/p>\n<p>Ha sido <strong>m\u00e1gico<\/strong>,\u00a0 contar con esta representaci\u00f3n, nos dejan con ganas de m\u00e1s .Tambi\u00e9n ha sido un d\u00eda especial, ya que ha venido a\u00a0 visitarnos nuestra compa\u00f1era<strong> Nuria<\/strong> (veterana de la clase celeste-azul), que se jubil\u00f3 el a\u00f1o pasado, habiendo sido tutora de algunos azulitos, \u00a1Que ilusi\u00f3n!.<\/p>\n<p><img decoding=\"async\" class=\"alignleft size-medium wp-image-36553\" src=\"https:\/\/cloud.alqueria.es\/wp-content\/uploads\/sites\/10\/2024\/11\/1731145990146-300x225.jpg\" alt=\"\" width=\"300\" height=\"225\" srcset=\"https:\/\/cloud.alqueria.es\/wp-content\/uploads\/sites\/10\/2024\/11\/1731145990146-300x225.jpg 300w, https:\/\/cloud.alqueria.es\/wp-content\/uploads\/sites\/10\/2024\/11\/1731145990146-768x576.jpg 768w, https:\/\/cloud.alqueria.es\/wp-content\/uploads\/sites\/10\/2024\/11\/1731145990146.jpg 800w\" sizes=\"(max-width: 300px) 100vw, 300px\" \/><\/p>\n<p>&nbsp;<\/p>\n<p>&nbsp;<\/p>\n<p>&nbsp;<\/p>\n<p>&nbsp;<\/p>\n<p>&nbsp;<\/p>\n<p><strong>MUCHISIMAS GRACIAS POR PARTE DE TODO EL EQUIPO.<\/strong><\/p>\n<p>A continuaci\u00f3n tomamos la fruta. Mientras los celestes se duermen, los azules bajamos al parque y nos echamos la tradicional foto con e Sr Oto\u00f1o.<\/p>\n<div class=\"tiled-gallery type-square tiled-gallery-unresized\" data-original-width=\"474\" data-carousel-extra='null' itemscope itemtype=\"http:\/\/schema.org\/ImageGallery\" > <div class=\"gallery-row\" style=\"width: 474px; height: 237px;\" data-original-width=\"474\" data-original-height=\"237\" > <div class=\"gallery-group\" style=\"width: 237px; height: 237px;\" data-original-width=\"237\" data-original-height=\"237\" > <div class=\"tiled-gallery-item \" itemprop=\"associatedMedia\" itemscope itemtype=\"http:\/\/schema.org\/ImageObject\"> <a href=\"https:\/\/www.alqueria.es\/blogs\/alqueriazulceleste\/2024\/11\/09\/fiesta-del-otono\/attachment\/1731145991543\/\" border=\"0\" itemprop=\"url\"> <meta itemprop=\"width\" content=\"233\"> <meta itemprop=\"height\" content=\"233\"> <img decoding=\"async\" class=\"\" data-attachment-id=\"36530\" data-orig-file=\"https:\/\/cloud.alqueria.es\/wp-content\/uploads\/sites\/10\/2024\/11\/1731145991543.jpg\" data-orig-size=\"1500,1500\" data-comments-opened=\"1\" data-image-meta=\"{&quot;aperture&quot;:&quot;0&quot;,&quot;credit&quot;:&quot;&quot;,&quot;camera&quot;:&quot;&quot;,&quot;caption&quot;:&quot;&quot;,&quot;created_timestamp&quot;:&quot;0&quot;,&quot;copyright&quot;:&quot;&quot;,&quot;focal_length&quot;:&quot;0&quot;,&quot;iso&quot;:&quot;0&quot;,&quot;shutter_speed&quot;:&quot;0&quot;,&quot;title&quot;:&quot;&quot;,&quot;orientation&quot;:&quot;0&quot;}\" data-image-title=\"1731145991543\" data-image-description=\"\" data-medium-file=\"https:\/\/cloud.alqueria.es\/wp-content\/uploads\/sites\/10\/2024\/11\/1731145991543-300x300.jpg\" data-large-file=\"https:\/\/cloud.alqueria.es\/wp-content\/uploads\/sites\/10\/2024\/11\/1731145991543-1024x1024.jpg\" src=\"https:\/\/i0.wp.com\/cloud.alqueria.es\/wp-content\/uploads\/sites\/10\/2024\/11\/1731145991543.jpg?w=233&#038;h=233&#038;crop=1&#038;ssl=1\" srcset=\"https:\/\/cloud.alqueria.es\/wp-content\/uploads\/sites\/10\/2024\/11\/1731145991543.jpg 1500w, https:\/\/cloud.alqueria.es\/wp-content\/uploads\/sites\/10\/2024\/11\/1731145991543-300x300.jpg 300w, https:\/\/cloud.alqueria.es\/wp-content\/uploads\/sites\/10\/2024\/11\/1731145991543-1024x1024.jpg 1024w, https:\/\/cloud.alqueria.es\/wp-content\/uploads\/sites\/10\/2024\/11\/1731145991543-150x150.jpg 150w, https:\/\/cloud.alqueria.es\/wp-content\/uploads\/sites\/10\/2024\/11\/1731145991543-768x768.jpg 768w\" width=\"233\" height=\"233\" loading=\"lazy\" data-original-width=\"233\" data-original-height=\"233\" itemprop=\"http:\/\/schema.org\/image\" title=\"1731145991543\" alt=\"1731145991543\" style=\"width: 233px; height: 233px;\" \/> <\/a> <\/div> <\/div> <div class=\"gallery-group\" style=\"width: 237px; height: 237px;\" data-original-width=\"237\" data-original-height=\"237\" > <div class=\"tiled-gallery-item \" itemprop=\"associatedMedia\" itemscope itemtype=\"http:\/\/schema.org\/ImageObject\"> <a href=\"https:\/\/www.alqueria.es\/blogs\/alqueriazulceleste\/2024\/11\/09\/fiesta-del-otono\/attachment\/1731145991363\/\" border=\"0\" itemprop=\"url\"> <meta itemprop=\"width\" content=\"233\"> <meta itemprop=\"height\" content=\"233\"> <img decoding=\"async\" class=\"\" data-attachment-id=\"36532\" data-orig-file=\"https:\/\/cloud.alqueria.es\/wp-content\/uploads\/sites\/10\/2024\/11\/1731145991363.jpg\" data-orig-size=\"1500,1500\" data-comments-opened=\"1\" data-image-meta=\"{&quot;aperture&quot;:&quot;0&quot;,&quot;credit&quot;:&quot;&quot;,&quot;camera&quot;:&quot;&quot;,&quot;caption&quot;:&quot;&quot;,&quot;created_timestamp&quot;:&quot;0&quot;,&quot;copyright&quot;:&quot;&quot;,&quot;focal_length&quot;:&quot;0&quot;,&quot;iso&quot;:&quot;0&quot;,&quot;shutter_speed&quot;:&quot;0&quot;,&quot;title&quot;:&quot;&quot;,&quot;orientation&quot;:&quot;0&quot;}\" data-image-title=\"1731145991363\" data-image-description=\"\" data-medium-file=\"https:\/\/cloud.alqueria.es\/wp-content\/uploads\/sites\/10\/2024\/11\/1731145991363-300x300.jpg\" data-large-file=\"https:\/\/cloud.alqueria.es\/wp-content\/uploads\/sites\/10\/2024\/11\/1731145991363-1024x1024.jpg\" src=\"https:\/\/i0.wp.com\/cloud.alqueria.es\/wp-content\/uploads\/sites\/10\/2024\/11\/1731145991363.jpg?w=233&#038;h=233&#038;crop=1&#038;ssl=1\" srcset=\"https:\/\/cloud.alqueria.es\/wp-content\/uploads\/sites\/10\/2024\/11\/1731145991363.jpg 1500w, https:\/\/cloud.alqueria.es\/wp-content\/uploads\/sites\/10\/2024\/11\/1731145991363-300x300.jpg 300w, https:\/\/cloud.alqueria.es\/wp-content\/uploads\/sites\/10\/2024\/11\/1731145991363-1024x1024.jpg 1024w, https:\/\/cloud.alqueria.es\/wp-content\/uploads\/sites\/10\/2024\/11\/1731145991363-150x150.jpg 150w, https:\/\/cloud.alqueria.es\/wp-content\/uploads\/sites\/10\/2024\/11\/1731145991363-768x768.jpg 768w\" width=\"233\" height=\"233\" loading=\"lazy\" data-original-width=\"233\" data-original-height=\"233\" itemprop=\"http:\/\/schema.org\/image\" title=\"1731145991363\" alt=\"1731145991363\" style=\"width: 233px; height: 233px;\" \/> <\/a> <\/div> <\/div> <\/div> <\/div>\n<p>Despu\u00e9s jugamos un rato en el parque,<\/p>\n<p><img decoding=\"async\" class=\"alignleft wp-image-36535\" src=\"https:\/\/cloud.alqueria.es\/wp-content\/uploads\/sites\/10\/2024\/11\/1731145991244-300x300.jpg\" alt=\"\" width=\"188\" height=\"188\" srcset=\"https:\/\/cloud.alqueria.es\/wp-content\/uploads\/sites\/10\/2024\/11\/1731145991244-300x300.jpg 300w, https:\/\/cloud.alqueria.es\/wp-content\/uploads\/sites\/10\/2024\/11\/1731145991244-1024x1024.jpg 1024w, https:\/\/cloud.alqueria.es\/wp-content\/uploads\/sites\/10\/2024\/11\/1731145991244-150x150.jpg 150w, https:\/\/cloud.alqueria.es\/wp-content\/uploads\/sites\/10\/2024\/11\/1731145991244-768x768.jpg 768w, https:\/\/cloud.alqueria.es\/wp-content\/uploads\/sites\/10\/2024\/11\/1731145991244-e1731148299942.jpg 1232w\" sizes=\"(max-width: 188px) 100vw, 188px\" \/><img decoding=\"async\" class=\" wp-image-36537 alignnone\" src=\"https:\/\/cloud.alqueria.es\/wp-content\/uploads\/sites\/10\/2024\/11\/1731145991117-300x300.jpg\" alt=\"\" width=\"193\" height=\"193\" srcset=\"https:\/\/cloud.alqueria.es\/wp-content\/uploads\/sites\/10\/2024\/11\/1731145991117-300x300.jpg 300w, https:\/\/cloud.alqueria.es\/wp-content\/uploads\/sites\/10\/2024\/11\/1731145991117-1024x1024.jpg 1024w, https:\/\/cloud.alqueria.es\/wp-content\/uploads\/sites\/10\/2024\/11\/1731145991117-150x150.jpg 150w, https:\/\/cloud.alqueria.es\/wp-content\/uploads\/sites\/10\/2024\/11\/1731145991117-768x768.jpg 768w, https:\/\/cloud.alqueria.es\/wp-content\/uploads\/sites\/10\/2024\/11\/1731145991117.jpg 1232w\" sizes=\"(max-width: 193px) 100vw, 193px\" \/><\/p>\n<p>y nos sentamos en el \u00e1rbol reuni\u00f3n para escuchar los <strong>Romances<\/strong> que han preparado los compa\u00f1eros m\u00e1s mayores de <strong>sexto de Primaria<\/strong>.<\/p>\n<p><img decoding=\"async\" class=\"alignleft size-medium wp-image-36536\" src=\"https:\/\/cloud.alqueria.es\/wp-content\/uploads\/sites\/10\/2024\/11\/1731145991183-300x300.jpg\" alt=\"\" width=\"300\" height=\"300\" srcset=\"https:\/\/cloud.alqueria.es\/wp-content\/uploads\/sites\/10\/2024\/11\/1731145991183-300x300.jpg 300w, https:\/\/cloud.alqueria.es\/wp-content\/uploads\/sites\/10\/2024\/11\/1731145991183-1024x1024.jpg 1024w, https:\/\/cloud.alqueria.es\/wp-content\/uploads\/sites\/10\/2024\/11\/1731145991183-150x150.jpg 150w, https:\/\/cloud.alqueria.es\/wp-content\/uploads\/sites\/10\/2024\/11\/1731145991183-768x768.jpg 768w, https:\/\/cloud.alqueria.es\/wp-content\/uploads\/sites\/10\/2024\/11\/1731145991183.jpg 1232w\" sizes=\"(max-width: 300px) 100vw, 300px\" \/><\/p>\n<p>&nbsp;<\/p>\n<p>&nbsp;<\/p>\n<p>&nbsp;<\/p>\n<p>&nbsp;<\/p>\n<p>&nbsp;<\/p>\n<p>&nbsp;<\/p>\n<p>&nbsp;<\/p>\n<p><span class=\"s2\">Por la tarde, asistimos a la r<strong>epresentaci\u00f3n teatral del grupo verde:\u00a0<\/strong><\/span><strong><span class=\"s3\">\u00abEL \u00c1RBOL TRISTE\u00bb<\/span><\/strong><span class=\"s2\">. Lo han hecho muy bien y nos han encantado los disfraces que ellos mismos han preparado. Hemos sido unos magn\u00edficos espectadores desde los m\u00e1s peque\u00f1os hasta los m\u00e1s grandes.<img decoding=\"async\" class=\"alignleft size-medium wp-image-36513\" src=\"https:\/\/cloud.alqueria.es\/wp-content\/uploads\/sites\/10\/2024\/11\/PHOTO-2024-11-08-15-45-26-1024x768-1-300x225.jpg\" alt=\"\" width=\"300\" height=\"225\" srcset=\"https:\/\/cloud.alqueria.es\/wp-content\/uploads\/sites\/10\/2024\/11\/PHOTO-2024-11-08-15-45-26-1024x768-1-300x225.jpg 300w, https:\/\/cloud.alqueria.es\/wp-content\/uploads\/sites\/10\/2024\/11\/PHOTO-2024-11-08-15-45-26-1024x768-1-768x576.jpg 768w, https:\/\/cloud.alqueria.es\/wp-content\/uploads\/sites\/10\/2024\/11\/PHOTO-2024-11-08-15-45-26-1024x768-1.jpg 1024w\" sizes=\"(max-width: 300px) 100vw, 300px\" \/><\/span><\/p>\n<p>&nbsp;<\/p>\n<p>&nbsp;<\/p>\n<p>&nbsp;<\/p>\n<p>&nbsp;<\/p>\n<p>Para acabar el d\u00eda, las familias asisten a la <strong>fiesta del oto\u00f1o <\/strong>donde compartimos buenos momentos charlando y\u00a0 degustando diferentes postres hechos por las familia. \u00a1Ha sido un gran d\u00eda!<\/p>\n<div class=\"tiled-gallery type-circle tiled-gallery-unresized\" data-original-width=\"474\" data-carousel-extra='null' itemscope itemtype=\"http:\/\/schema.org\/ImageGallery\" > <div class=\"gallery-row\" style=\"width: 474px; height: 237px;\" data-original-width=\"474\" data-original-height=\"237\" > <div class=\"gallery-group\" style=\"width: 237px; height: 237px;\" data-original-width=\"237\" data-original-height=\"237\" > <div class=\"tiled-gallery-item \" itemprop=\"associatedMedia\" itemscope itemtype=\"http:\/\/schema.org\/ImageObject\"> <a href=\"https:\/\/www.alqueria.es\/blogs\/alqueriazulceleste\/2024\/11\/09\/fiesta-del-otono\/attachment\/1731145990929\/\" border=\"0\" itemprop=\"url\"> <meta itemprop=\"width\" content=\"233\"> <meta itemprop=\"height\" content=\"233\"> <img decoding=\"async\" class=\"\" data-attachment-id=\"36540\" data-orig-file=\"https:\/\/cloud.alqueria.es\/wp-content\/uploads\/sites\/10\/2024\/11\/1731145990929.jpg\" data-orig-size=\"1232,1232\" data-comments-opened=\"1\" data-image-meta=\"{&quot;aperture&quot;:&quot;0&quot;,&quot;credit&quot;:&quot;&quot;,&quot;camera&quot;:&quot;&quot;,&quot;caption&quot;:&quot;&quot;,&quot;created_timestamp&quot;:&quot;0&quot;,&quot;copyright&quot;:&quot;&quot;,&quot;focal_length&quot;:&quot;0&quot;,&quot;iso&quot;:&quot;0&quot;,&quot;shutter_speed&quot;:&quot;0&quot;,&quot;title&quot;:&quot;&quot;,&quot;orientation&quot;:&quot;0&quot;}\" data-image-title=\"1731145990929\" data-image-description=\"\" data-medium-file=\"https:\/\/cloud.alqueria.es\/wp-content\/uploads\/sites\/10\/2024\/11\/1731145990929-300x300.jpg\" data-large-file=\"https:\/\/cloud.alqueria.es\/wp-content\/uploads\/sites\/10\/2024\/11\/1731145990929-1024x1024.jpg\" src=\"https:\/\/i0.wp.com\/cloud.alqueria.es\/wp-content\/uploads\/sites\/10\/2024\/11\/1731145990929.jpg?w=233&#038;h=233&#038;crop=1&#038;ssl=1\" srcset=\"https:\/\/cloud.alqueria.es\/wp-content\/uploads\/sites\/10\/2024\/11\/1731145990929.jpg 1232w, https:\/\/cloud.alqueria.es\/wp-content\/uploads\/sites\/10\/2024\/11\/1731145990929-300x300.jpg 300w, https:\/\/cloud.alqueria.es\/wp-content\/uploads\/sites\/10\/2024\/11\/1731145990929-1024x1024.jpg 1024w, https:\/\/cloud.alqueria.es\/wp-content\/uploads\/sites\/10\/2024\/11\/1731145990929-150x150.jpg 150w, https:\/\/cloud.alqueria.es\/wp-content\/uploads\/sites\/10\/2024\/11\/1731145990929-768x768.jpg 768w\" width=\"233\" height=\"233\" loading=\"lazy\" data-original-width=\"233\" data-original-height=\"233\" itemprop=\"http:\/\/schema.org\/image\" title=\"1731145990929\" alt=\"1731145990929\" style=\"width: 233px; height: 233px;\" \/> <\/a> <\/div> <\/div> <div class=\"gallery-group\" style=\"width: 237px; height: 237px;\" data-original-width=\"237\" data-original-height=\"237\" > <div class=\"tiled-gallery-item \" itemprop=\"associatedMedia\" itemscope itemtype=\"http:\/\/schema.org\/ImageObject\"> <a href=\"https:\/\/www.alqueria.es\/blogs\/alqueriazulceleste\/2024\/11\/09\/fiesta-del-otono\/attachment\/1731145990989\/\" border=\"0\" itemprop=\"url\"> <meta itemprop=\"width\" content=\"233\"> <meta itemprop=\"height\" content=\"233\"> <img decoding=\"async\" class=\"\" data-attachment-id=\"36539\" data-orig-file=\"https:\/\/cloud.alqueria.es\/wp-content\/uploads\/sites\/10\/2024\/11\/1731145990989.jpg\" data-orig-size=\"1232,1232\" data-comments-opened=\"1\" data-image-meta=\"{&quot;aperture&quot;:&quot;0&quot;,&quot;credit&quot;:&quot;&quot;,&quot;camera&quot;:&quot;&quot;,&quot;caption&quot;:&quot;&quot;,&quot;created_timestamp&quot;:&quot;0&quot;,&quot;copyright&quot;:&quot;&quot;,&quot;focal_length&quot;:&quot;0&quot;,&quot;iso&quot;:&quot;0&quot;,&quot;shutter_speed&quot;:&quot;0&quot;,&quot;title&quot;:&quot;&quot;,&quot;orientation&quot;:&quot;0&quot;}\" data-image-title=\"1731145990989\" data-image-description=\"\" data-medium-file=\"https:\/\/cloud.alqueria.es\/wp-content\/uploads\/sites\/10\/2024\/11\/1731145990989-300x300.jpg\" data-large-file=\"https:\/\/cloud.alqueria.es\/wp-content\/uploads\/sites\/10\/2024\/11\/1731145990989-1024x1024.jpg\" src=\"https:\/\/i0.wp.com\/cloud.alqueria.es\/wp-content\/uploads\/sites\/10\/2024\/11\/1731145990989.jpg?w=233&#038;h=233&#038;crop=1&#038;ssl=1\" srcset=\"https:\/\/cloud.alqueria.es\/wp-content\/uploads\/sites\/10\/2024\/11\/1731145990989.jpg 1232w, https:\/\/cloud.alqueria.es\/wp-content\/uploads\/sites\/10\/2024\/11\/1731145990989-300x300.jpg 300w, https:\/\/cloud.alqueria.es\/wp-content\/uploads\/sites\/10\/2024\/11\/1731145990989-1024x1024.jpg 1024w, https:\/\/cloud.alqueria.es\/wp-content\/uploads\/sites\/10\/2024\/11\/1731145990989-150x150.jpg 150w, https:\/\/cloud.alqueria.es\/wp-content\/uploads\/sites\/10\/2024\/11\/1731145990989-768x768.jpg 768w\" width=\"233\" height=\"233\" loading=\"lazy\" data-original-width=\"233\" data-original-height=\"233\" itemprop=\"http:\/\/schema.org\/image\" title=\"1731145990989\" alt=\"1731145990989\" style=\"width: 233px; height: 233px;\" \/> <\/a> <\/div> <\/div> <\/div> <\/div>\n<p><strong>Muchas gracias por vuestra asistencia y colaboraci\u00f3n, que pas\u00e9is un gran fin de semana.<\/strong><\/p>\n<p><img decoding=\"async\" class=\"alignleft size-medium wp-image-36514\" src=\"https:\/\/cloud.alqueria.es\/wp-content\/uploads\/sites\/10\/2024\/11\/PHOTO-2024-11-08-19-58-18-2-300x225.jpg\" alt=\"\" width=\"300\" height=\"225\" srcset=\"https:\/\/cloud.alqueria.es\/wp-content\/uploads\/sites\/10\/2024\/11\/PHOTO-2024-11-08-19-58-18-2-300x225.jpg 300w, https:\/\/cloud.alqueria.es\/wp-content\/uploads\/sites\/10\/2024\/11\/PHOTO-2024-11-08-19-58-18-2-1024x768.jpg 1024w, https:\/\/cloud.alqueria.es\/wp-content\/uploads\/sites\/10\/2024\/11\/PHOTO-2024-11-08-19-58-18-2-768x576.jpg 768w, https:\/\/cloud.alqueria.es\/wp-content\/uploads\/sites\/10\/2024\/11\/PHOTO-2024-11-08-19-58-18-2-1536x1152.jpg 1536w, https:\/\/cloud.alqueria.es\/wp-content\/uploads\/sites\/10\/2024\/11\/PHOTO-2024-11-08-19-58-18-2.jpg 2048w\" sizes=\"(max-width: 300px) 100vw, 300px\" \/><\/p>\n<p>&nbsp;<\/p>\n<p>&nbsp;<\/p>\n<p>&nbsp;<\/p>\n<p>&nbsp;<\/p>\n<p>&nbsp;<\/p>\n<p>Un abrazo<\/p>\n<p>Estefan\u00eda.<\/p>\n<p>&nbsp;<\/p>\n","protected":false},"excerpt":{"rendered":"<p>Estimadas familias, Nos encontramos muy emocionados con la llegada del se\u00f1or oto\u00f1o al colegio.\u00a1\u00a1Ring Ring\u2026 Llamando al Se\u00f1or Oto\u00f1o!! C\u00f3mo cada a\u00f1o, el d\u00eda previo a la fiesta junto con el grupo amarillo (ciclo 0 &#8211; 3 a\u00f1os), nos encargamos de montar\u00a0 al mu\u00f1eco Sr. Oto\u00f1o. Primero manipulan el papel y despu\u00e9s los recogemos haciendo &hellip; <a href=\"https:\/\/www.alqueria.es\/blogs\/alqueriazulceleste\/2024\/11\/09\/fiesta-del-otono\/\" class=\"more-link\">Seguir leyendo <span class=\"screen-reader-text\">\u00a1FIESTA DEL OTO\u00d1O!<\/span> <span class=\"meta-nav\">&rarr;<\/span><\/a><\/p>\n","protected":false},"author":28,"featured_media":0,"comment_status":"open","ping_status":"open","sticky":false,"template":"","format":"standard","meta":{"jetpack_post_was_ever_published":false,"_jetpack_newsletter_access":"","_jetpack_dont_email_post_to_subs":false,"_jetpack_newsletter_tier_id":0,"_jetpack_memberships_contains_paywalled_content":false,"_jetpack_memberships_contains_paid_content":false,"footnotes":"","jetpack_publicize_message":"","jetpack_publicize_feature_enabled":true,"jetpack_social_post_already_shared":true,"jetpack_social_options":{"image_generator_settings":{"template":"highway","default_image_id":0,"font":"","enabled":false},"version":2}},"categories":[5,6,181,49],"tags":[99,101],"class_list":["post-36492","post","type-post","status-publish","format-standard","hentry","category-clase-azul","category-clase-celeste","category-coolaboraciones-familiares","category-fiestas","tag-fiesta-de-otono","tag-fiestas"],"jetpack_publicize_connections":[],"jetpack_featured_media_url":"","jetpack_sharing_enabled":true,"jetpack_shortlink":"https:\/\/wp.me\/p4mlAA-9uA","_links":{"self":[{"href":"https:\/\/www.alqueria.es\/blogs\/alqueriazulceleste\/wp-json\/wp\/v2\/posts\/36492","targetHints":{"allow":["GET"]}}],"collection":[{"href":"https:\/\/www.alqueria.es\/blogs\/alqueriazulceleste\/wp-json\/wp\/v2\/posts"}],"about":[{"href":"https:\/\/www.alqueria.es\/blogs\/alqueriazulceleste\/wp-json\/wp\/v2\/types\/post"}],"author":[{"embeddable":true,"href":"https:\/\/www.alqueria.es\/blogs\/alqueriazulceleste\/wp-json\/wp\/v2\/users\/28"}],"replies":[{"embeddable":true,"href":"https:\/\/www.alqueria.es\/blogs\/alqueriazulceleste\/wp-json\/wp\/v2\/comments?post=36492"}],"version-history":[{"count":6,"href":"https:\/\/www.alqueria.es\/blogs\/alqueriazulceleste\/wp-json\/wp\/v2\/posts\/36492\/revisions"}],"predecessor-version":[{"id":36567,"href":"https:\/\/www.alqueria.es\/blogs\/alqueriazulceleste\/wp-json\/wp\/v2\/posts\/36492\/revisions\/36567"}],"wp:attachment":[{"href":"https:\/\/www.alqueria.es\/blogs\/alqueriazulceleste\/wp-json\/wp\/v2\/media?parent=36492"}],"wp:term":[{"taxonomy":"category","embeddable":true,"href":"https:\/\/www.alqueria.es\/blogs\/alqueriazulceleste\/wp-json\/wp\/v2\/categories?post=36492"},{"taxonomy":"post_tag","embeddable":true,"href":"https:\/\/www.alqueria.es\/blogs\/alqueriazulceleste\/wp-json\/wp\/v2\/tags?post=36492"}],"curies":[{"name":"wp","href":"https:\/\/api.w.org\/{rel}","templated":true}]}}