{"id":36650,"date":"2024-11-18T23:05:21","date_gmt":"2024-11-18T22:05:21","guid":{"rendered":"https:\/\/www.alqueria.es\/blogs\/alqueriazulceleste\/?p=36650"},"modified":"2024-11-18T23:05:21","modified_gmt":"2024-11-18T22:05:21","slug":"dias-de-significacion-especial","status":"publish","type":"post","link":"https:\/\/www.alqueria.es\/blogs\/alqueriazulceleste\/2024\/11\/18\/dias-de-significacion-especial\/","title":{"rendered":"DIAS DE SIGNIFICACI\u00d3N ESPECIAL"},"content":{"rendered":"<p><em>Estimadas familias :<\/em><\/p>\n<p>C\u00f3mo ya comentamos en la anterior reuni\u00f3n pedag\u00f3gica, en nuestro proyecto apostamos por un <strong>aprendizaje globalizado<\/strong> y <strong>significativo<\/strong>. Trabajamos a trav\u00e9s de las distintas actividades, talleres y <strong>situaciones de aprendizaje<\/strong> que preparamos a lo largo del curso. Tambi\u00e9n aprendemos mediante diversas experiencias, convivencias, fiestas y excursiones programadas durante el curso.<\/p>\n<p>Adem\u00e1s de lo anteriormente nombrado, contamos con<strong> d\u00edas de significaci\u00f3n especial<\/strong> como son los<em><strong> cumplea\u00f1os, d\u00eda de la paz, d\u00eda de los derechos de la infancia (20 de Noviembre), el d\u00eda del medio ambiente(5 de Junio), el d\u00eda del flamenco ( 16 de Noviembre),semana de la lectura&#8230;<\/strong><\/em>Decir que a pesar de tener un d\u00eda oficial, habr\u00e1 ocasiones que lo celebremos\u00a0 otro d\u00eda por casu\u00edsticas clim\u00e1ticas o simplemente por organizaci\u00f3n de centro.<\/p>\n<p>En referencia al p\u00e1rrafo anterior, a pesar de haber sido oficialmente\u00a0 el\u00a0<em><strong>d\u00eda del flamenco 16 de Noviembre<\/strong><\/em>\u00a0,lo hemos celebrado hoy.<\/p>\n<p style=\"text-align: center\"><strong>\u00bf Qu\u00e9 nos aportan los d\u00edas de significaci\u00f3n especial en el desarrollo integral de vuestros hijos e hijas?\u00bfY en especial el d\u00eda del flamenco?<\/strong><\/p>\n<p>Es una oportunidad excelente para introducir a los ni\u00f1os de 0 a 6 a\u00f1os en una parte fundamental de la <strong>cultura espa\u00f1ola.<\/strong> Aunque en esta edad temprana los ni\u00f1os no tienen la capacidad para entender el flamenco en su totalidad, conmemorarlo puede aportarles m\u00faltiples beneficios.<\/p>\n<p>Para los ni\u00f1os peque\u00f1os, la m\u00fasica y el movimiento son esenciales para su <strong>desarrollo cognitivo<\/strong> y<strong> emocional<\/strong>. El flamenco, con sus diversas influencias (cante, guitarra, baile y palmas), puede despertar en los ni\u00f1os una apreciaci\u00f3n por los sonidos, ritmos y melod\u00edas.<\/p>\n<p>Imitar bailando favorece al desarrollo de la <strong>motricidad gruesa<\/strong> (saltos, giros y desplazamientos).Mientras que dando palmas, desarrollan la <strong>motricidad fina<\/strong> (control de dedos y manos).<\/p>\n<p>Esto favorece el desarrollo de la motricidad gruesa (coordinar movimientos grandes como saltos, giros y desplazamientos) y la motricidad fina (como el control de las manos y los dedos, en el caso de hacer palmas o movimientos m\u00e1s peque\u00f1os).<\/p>\n<p><strong>A nivel emociona<\/strong>l podemos ver como a trav\u00e9s de las canciones y danzas flamencas, los ni\u00f1os pueden comenzar a reconocer y expresar diferentes emociones.<\/p>\n<p>Fomentamos tambi\u00e9n a <strong>nivel cultural<\/strong> ya que el flamenco, tiene ra\u00edces en otras culturas, como la gitana, la \u00e1rabe, la jud\u00eda y la andaluza. Esto les ayudar\u00e1 a desarrollar una mentalidad abierta y respetuosa hacia diferentes tradiciones y formas de expresi\u00f3n art\u00edstica.<\/p>\n<p>En esta ocasi\u00f3n, hemos tenido la suerte de contar con un grupo de artistas formado por el <strong>\u00a0percusionista Josu\u00e9\u00a0 Heredia \u00abCheito\u00bb, guitarrista Jos\u00e9 \u00bb El pollo\u00bb y\u00a0 cantaora Aroa Palomo.<\/strong><\/p>\n<p><img decoding=\"async\" class=\"alignleft  wp-image-36657\" src=\"https:\/\/cloud.alqueria.es\/wp-content\/uploads\/sites\/10\/2024\/11\/1731932718480-300x300.jpg\" alt=\"\" width=\"237\" height=\"237\" srcset=\"https:\/\/cloud.alqueria.es\/wp-content\/uploads\/sites\/10\/2024\/11\/1731932718480-300x300.jpg 300w, https:\/\/cloud.alqueria.es\/wp-content\/uploads\/sites\/10\/2024\/11\/1731932718480-1024x1024.jpg 1024w, https:\/\/cloud.alqueria.es\/wp-content\/uploads\/sites\/10\/2024\/11\/1731932718480-150x150.jpg 150w, https:\/\/cloud.alqueria.es\/wp-content\/uploads\/sites\/10\/2024\/11\/1731932718480-768x768.jpg 768w\" sizes=\"(max-width: 237px) 100vw, 237px\" \/><\/p>\n<p>Nos han explicado detalles muy especiales del flamenco, que rol tiene cada uno dentro del grupo y qu\u00e9 instrumento utilizan y c\u00f3mo suena. Incluso, se han atrevido invit\u00e1ndonos a toda la etapa de\u00a0 0 &#8211; 6 a\u00f1os a participar hablando, jaleando y\u00a0 cantando una estrofa de <em><strong>Enrique Morente.<\/strong><\/em><\/p>\n<p><strong><em>\u00abTu vienes vendiendo\u00a0flores&#8230; Las mias son amarillas y las tuyas de dos colores\u00bb<\/em><\/strong><\/p>\n<p>Nuestros peque\u00f1os han alucinado, se han mostrado muy participativos con gran expectaci\u00f3n ante la actuaci\u00f3n.<\/p>\n<p><strong>MIL GRACIAS, ha sido una experiencia muy enriquecedora.<\/strong><\/p>\n<p>Un abrazo<\/p>\n<p><em>Estefan\u00eda<\/em><\/p>\n","protected":false},"excerpt":{"rendered":"<p>Estimadas familias : C\u00f3mo ya comentamos en la anterior reuni\u00f3n pedag\u00f3gica, en nuestro proyecto apostamos por un aprendizaje globalizado y significativo. Trabajamos a trav\u00e9s de las distintas actividades, talleres y situaciones de aprendizaje que preparamos a lo largo del curso. Tambi\u00e9n aprendemos mediante diversas experiencias, convivencias, fiestas y excursiones programadas durante el curso. Adem\u00e1s de &hellip; <a href=\"https:\/\/www.alqueria.es\/blogs\/alqueriazulceleste\/2024\/11\/18\/dias-de-significacion-especial\/\" class=\"more-link\">Seguir leyendo <span class=\"screen-reader-text\">DIAS DE SIGNIFICACI\u00d3N ESPECIAL<\/span> <span class=\"meta-nav\">&rarr;<\/span><\/a><\/p>\n","protected":false},"author":28,"featured_media":0,"comment_status":"open","ping_status":"open","sticky":false,"template":"","format":"standard","meta":{"jetpack_post_was_ever_published":false,"_jetpack_newsletter_access":"","_jetpack_dont_email_post_to_subs":false,"_jetpack_newsletter_tier_id":0,"_jetpack_memberships_contains_paywalled_content":false,"_jetpack_memberships_contains_paid_content":false,"footnotes":"","jetpack_publicize_message":"","jetpack_publicize_feature_enabled":true,"jetpack_social_post_already_shared":true,"jetpack_social_options":{"image_generator_settings":{"template":"highway","default_image_id":0,"font":"","enabled":false},"version":2}},"categories":[162,5,6,181,173,73],"tags":[40,88],"class_list":["post-36650","post","type-post","status-publish","format-standard","hentry","category-artistica","category-clase-azul","category-clase-celeste","category-coolaboraciones-familiares","category-dias-de-significacion-especial","category-musica","tag-actividad-musical","tag-artistica"],"jetpack_publicize_connections":[],"jetpack_featured_media_url":"","jetpack_sharing_enabled":true,"jetpack_shortlink":"https:\/\/wp.me\/p4mlAA-9x8","_links":{"self":[{"href":"https:\/\/www.alqueria.es\/blogs\/alqueriazulceleste\/wp-json\/wp\/v2\/posts\/36650","targetHints":{"allow":["GET"]}}],"collection":[{"href":"https:\/\/www.alqueria.es\/blogs\/alqueriazulceleste\/wp-json\/wp\/v2\/posts"}],"about":[{"href":"https:\/\/www.alqueria.es\/blogs\/alqueriazulceleste\/wp-json\/wp\/v2\/types\/post"}],"author":[{"embeddable":true,"href":"https:\/\/www.alqueria.es\/blogs\/alqueriazulceleste\/wp-json\/wp\/v2\/users\/28"}],"replies":[{"embeddable":true,"href":"https:\/\/www.alqueria.es\/blogs\/alqueriazulceleste\/wp-json\/wp\/v2\/comments?post=36650"}],"version-history":[{"count":2,"href":"https:\/\/www.alqueria.es\/blogs\/alqueriazulceleste\/wp-json\/wp\/v2\/posts\/36650\/revisions"}],"predecessor-version":[{"id":36670,"href":"https:\/\/www.alqueria.es\/blogs\/alqueriazulceleste\/wp-json\/wp\/v2\/posts\/36650\/revisions\/36670"}],"wp:attachment":[{"href":"https:\/\/www.alqueria.es\/blogs\/alqueriazulceleste\/wp-json\/wp\/v2\/media?parent=36650"}],"wp:term":[{"taxonomy":"category","embeddable":true,"href":"https:\/\/www.alqueria.es\/blogs\/alqueriazulceleste\/wp-json\/wp\/v2\/categories?post=36650"},{"taxonomy":"post_tag","embeddable":true,"href":"https:\/\/www.alqueria.es\/blogs\/alqueriazulceleste\/wp-json\/wp\/v2\/tags?post=36650"}],"curies":[{"name":"wp","href":"https:\/\/api.w.org\/{rel}","templated":true}]}}