{"id":38093,"date":"2025-02-04T21:22:46","date_gmt":"2025-02-04T20:22:46","guid":{"rendered":"https:\/\/www.alqueria.es\/blogs\/alqueriazulceleste\/?p=38093"},"modified":"2025-02-04T23:41:13","modified_gmt":"2025-02-04T22:41:13","slug":"carnavalcarnaval-%e2%99%aa%e2%99%aa","status":"publish","type":"post","link":"https:\/\/www.alqueria.es\/blogs\/alqueriazulceleste\/2025\/02\/04\/carnavalcarnaval-%e2%99%aa%e2%99%aa\/","title":{"rendered":"CARNAVAL,CARNAVAL&#8230;\u266a\u266a"},"content":{"rendered":"<p><em>Estimadas familias:<\/em><\/p>\n<p>Comienzan los preparativos para el pr\u00f3ximo<span style=\"color: #ff6600\"><strong> CARNAVAL 21 DE FEBRERO.<\/strong><\/span><\/p>\n<p>A continuaci\u00f3n os comentar\u00e9 los aspectos m\u00e1s relevantes sobre la <span style=\"color: #ff6600\">fiesta de carnaval<\/span> y lo que haremos\u00a0 previamente estas semanas para trabajar esta.<\/p>\n<p>Primero hemos elegido el <span style=\"color: #ff6600\">disfraz (pollitos),<\/span> se hace teniendo en cuenta que sea significativo para ellos\/as , en este caso hemos elegido tem\u00e1tica de animales. Para hacer nuestro disfraz utilizaremos camisetas, ya que es algo muy c\u00f3modo para los m\u00e1s peque\u00f1itos del cole.<img decoding=\"async\" class=\"alignleft size-medium wp-image-38096\" src=\"https:\/\/cloud.alqueria.es\/wp-content\/uploads\/sites\/10\/2025\/02\/IMG_20250204_224901-225x300.jpg\" alt=\"\" width=\"225\" height=\"300\" srcset=\"https:\/\/cloud.alqueria.es\/wp-content\/uploads\/sites\/10\/2025\/02\/IMG_20250204_224901-225x300.jpg 225w, https:\/\/cloud.alqueria.es\/wp-content\/uploads\/sites\/10\/2025\/02\/IMG_20250204_224901-768x1024.jpg 768w, https:\/\/cloud.alqueria.es\/wp-content\/uploads\/sites\/10\/2025\/02\/IMG_20250204_224901-1152x1536.jpg 1152w, https:\/\/cloud.alqueria.es\/wp-content\/uploads\/sites\/10\/2025\/02\/IMG_20250204_224901.jpg 1536w\" sizes=\"(max-width: 225px) 100vw, 225px\" \/><\/p>\n<p><span style=\"color: #ff6600\">Eva\u00a0 (mam\u00e1 de Daniela )<\/span> se ha encargado de comprar\u00a0 las <span style=\"color: #ffcc00\"><strong>camisetas<\/strong>\u00a0amarillas<\/span> que necesitamos para el disfraz, <strong>\u00a1MUCHAS GRACIAS!.<\/strong>\u00a0 Hoy han comenzado a pintar con ilusi\u00f3n. C\u00f3mo ya sab\u00e9is, es nuestro peque\u00f1o <span style=\"color: #ff6600\">proyecto de aula.<\/span><\/p>\n<p>Haremos talleres art\u00edsticos, nos disfrazaremos o caracterizaremos familiariz\u00e1ndonos con la fiesta.<\/p>\n<p><img decoding=\"async\" class=\"alignleft size-medium wp-image-33598\" src=\"https:\/\/cloud.alqueria.es\/wp-content\/uploads\/sites\/10\/2024\/02\/IMG-20240206-WA0002-300x225.jpg\" alt=\"\" width=\"300\" height=\"225\" srcset=\"https:\/\/cloud.alqueria.es\/wp-content\/uploads\/sites\/10\/2024\/02\/IMG-20240206-WA0002-300x225.jpg 300w, https:\/\/cloud.alqueria.es\/wp-content\/uploads\/sites\/10\/2024\/02\/IMG-20240206-WA0002-1024x768.jpg 1024w, https:\/\/cloud.alqueria.es\/wp-content\/uploads\/sites\/10\/2024\/02\/IMG-20240206-WA0002-768x576.jpg 768w, https:\/\/cloud.alqueria.es\/wp-content\/uploads\/sites\/10\/2024\/02\/IMG-20240206-WA0002-1536x1152.jpg 1536w, https:\/\/cloud.alqueria.es\/wp-content\/uploads\/sites\/10\/2024\/02\/IMG-20240206-WA0002.jpg 2048w\" sizes=\"(max-width: 300px) 100vw, 300px\" \/><\/p>\n<p>Adem\u00e1s cada azulito\/a colaborar\u00e1 con su familia en la decoraci\u00f3n de espacios con la aportaci\u00f3n de un antifaz decorado en casa donde todos participan, como hicimos con el motivo que dimos para Navidad. Este antifaz decorar\u00e1 el aula haci\u00e9ndolo para ellos m\u00e1s significativo.<\/p>\n<p>Como dato de inter\u00e9s de cara a los pr\u00f3ximos cursos decir que a\u00a0 partir de la clase amarilla todos los grupos preparan una actuaci\u00f3n con su chirigota.<\/p>\n<p>Adem\u00e1s en la fiesta tanto profesores como familias tambi\u00e9n elaboran \u00abcancioncillas\u00bb\u00a0 en un ambiente festivo y c\u00f3mico\u00a0 donde se plasman algunos \u00abaconteceres\u00bb de la vida de la escuela jajaja . Os animo a participar, est\u00e1is a tiempo, si quer\u00e9is participar me avis\u00e1is.<\/p>\n<p>\u00a1 Lo pasaremos fenomenal !<\/p>\n<p>Un abrazo<\/p>\n<p><em>Estefan\u00eda<\/em><\/p>\n","protected":false},"excerpt":{"rendered":"<p>Estimadas familias: Comienzan los preparativos para el pr\u00f3ximo CARNAVAL 21 DE FEBRERO. A continuaci\u00f3n os comentar\u00e9 los aspectos m\u00e1s relevantes sobre la fiesta de carnaval y lo que haremos\u00a0 previamente estas semanas para trabajar esta. Primero hemos elegido el disfraz (pollitos), se hace teniendo en cuenta que sea significativo para ellos\/as , en este caso &hellip; <a href=\"https:\/\/www.alqueria.es\/blogs\/alqueriazulceleste\/2025\/02\/04\/carnavalcarnaval-%e2%99%aa%e2%99%aa\/\" class=\"more-link\">Seguir leyendo <span class=\"screen-reader-text\">CARNAVAL,CARNAVAL&#8230;\u266a\u266a<\/span> <span class=\"meta-nav\">&rarr;<\/span><\/a><\/p>\n","protected":false},"author":28,"featured_media":0,"comment_status":"open","ping_status":"open","sticky":false,"template":"","format":"standard","meta":{"jetpack_post_was_ever_published":false,"_jetpack_newsletter_access":"","_jetpack_dont_email_post_to_subs":false,"_jetpack_newsletter_tier_id":0,"_jetpack_memberships_contains_paywalled_content":false,"_jetpack_memberships_contains_paid_content":false,"footnotes":"","jetpack_publicize_message":"","jetpack_publicize_feature_enabled":true,"jetpack_social_post_already_shared":true,"jetpack_social_options":{"image_generator_settings":{"template":"highway","default_image_id":0,"font":"","enabled":false},"version":2}},"categories":[1],"tags":[],"class_list":["post-38093","post","type-post","status-publish","format-standard","hentry","category-sin-categoria"],"jetpack_publicize_connections":[],"jetpack_featured_media_url":"","jetpack_sharing_enabled":true,"jetpack_shortlink":"https:\/\/wp.me\/p4mlAA-9Up","_links":{"self":[{"href":"https:\/\/www.alqueria.es\/blogs\/alqueriazulceleste\/wp-json\/wp\/v2\/posts\/38093","targetHints":{"allow":["GET"]}}],"collection":[{"href":"https:\/\/www.alqueria.es\/blogs\/alqueriazulceleste\/wp-json\/wp\/v2\/posts"}],"about":[{"href":"https:\/\/www.alqueria.es\/blogs\/alqueriazulceleste\/wp-json\/wp\/v2\/types\/post"}],"author":[{"embeddable":true,"href":"https:\/\/www.alqueria.es\/blogs\/alqueriazulceleste\/wp-json\/wp\/v2\/users\/28"}],"replies":[{"embeddable":true,"href":"https:\/\/www.alqueria.es\/blogs\/alqueriazulceleste\/wp-json\/wp\/v2\/comments?post=38093"}],"version-history":[{"count":3,"href":"https:\/\/www.alqueria.es\/blogs\/alqueriazulceleste\/wp-json\/wp\/v2\/posts\/38093\/revisions"}],"predecessor-version":[{"id":38098,"href":"https:\/\/www.alqueria.es\/blogs\/alqueriazulceleste\/wp-json\/wp\/v2\/posts\/38093\/revisions\/38098"}],"wp:attachment":[{"href":"https:\/\/www.alqueria.es\/blogs\/alqueriazulceleste\/wp-json\/wp\/v2\/media?parent=38093"}],"wp:term":[{"taxonomy":"category","embeddable":true,"href":"https:\/\/www.alqueria.es\/blogs\/alqueriazulceleste\/wp-json\/wp\/v2\/categories?post=38093"},{"taxonomy":"post_tag","embeddable":true,"href":"https:\/\/www.alqueria.es\/blogs\/alqueriazulceleste\/wp-json\/wp\/v2\/tags?post=38093"}],"curies":[{"name":"wp","href":"https:\/\/api.w.org\/{rel}","templated":true}]}}