{"id":38398,"date":"2025-02-24T19:30:51","date_gmt":"2025-02-24T18:30:51","guid":{"rendered":"https:\/\/www.alqueria.es\/blogs\/alqueriazulceleste\/?p=38398"},"modified":"2025-02-24T19:34:51","modified_gmt":"2025-02-24T18:34:51","slug":"fiesta-de-carnaval-2025","status":"publish","type":"post","link":"https:\/\/www.alqueria.es\/blogs\/alqueriazulceleste\/2025\/02\/24\/fiesta-de-carnaval-2025\/","title":{"rendered":"FIESTA DE CARNAVAL 2025"},"content":{"rendered":"<p style=\"text-align: left\">Estimadas familias:<\/p>\n<p>El <span style=\"color: #ff9900\"><strong>jueves<\/strong><\/span> estuvimos ambient\u00e1ndonos para el carnaval , primero terminamos nuestra careta de pollito, la cu\u00e1l nos pusimos en la cabeza el viernes completando nuestro <span style=\"color: #ff9900\">disfraz<\/span>.<\/p>\n<p class=\"jetpack-slideshow-noscript robots-nocontent\">El pase de diapositivas requiere JavaScript.<\/p><div id=\"gallery-38398-1-slideshow\" class=\"jetpack-slideshow-window jetpack-slideshow jetpack-slideshow-black\" data-trans=\"fade\" data-autostart=\"1\" data-gallery=\"[{&quot;src&quot;:&quot;https:\\\/\\\/cloud.alqueria.es\\\/wp-content\\\/uploads\\\/sites\\\/10\\\/2025\\\/02\\\/IMG-20250221-WA0019.jpg&quot;,&quot;id&quot;:&quot;38482&quot;,&quot;title&quot;:&quot;IMG-20250221-WA0019&quot;,&quot;alt&quot;:&quot;&quot;,&quot;caption&quot;:&quot;&quot;,&quot;itemprop&quot;:&quot;image&quot;},{&quot;src&quot;:&quot;https:\\\/\\\/cloud.alqueria.es\\\/wp-content\\\/uploads\\\/sites\\\/10\\\/2025\\\/02\\\/IMG20250220094001.jpg&quot;,&quot;id&quot;:&quot;38415&quot;,&quot;title&quot;:&quot;IMG20250220094001&quot;,&quot;alt&quot;:&quot;&quot;,&quot;caption&quot;:&quot;&quot;,&quot;itemprop&quot;:&quot;image&quot;},{&quot;src&quot;:&quot;https:\\\/\\\/cloud.alqueria.es\\\/wp-content\\\/uploads\\\/sites\\\/10\\\/2025\\\/02\\\/IMG20250221102709.jpg&quot;,&quot;id&quot;:&quot;38463&quot;,&quot;title&quot;:&quot;IMG20250221102709&quot;,&quot;alt&quot;:&quot;&quot;,&quot;caption&quot;:&quot;&quot;,&quot;itemprop&quot;:&quot;image&quot;},{&quot;src&quot;:&quot;https:\\\/\\\/cloud.alqueria.es\\\/wp-content\\\/uploads\\\/sites\\\/10\\\/2025\\\/02\\\/IMG20250221102947.jpg&quot;,&quot;id&quot;:&quot;38466&quot;,&quot;title&quot;:&quot;IMG20250221102947&quot;,&quot;alt&quot;:&quot;&quot;,&quot;caption&quot;:&quot;&quot;,&quot;itemprop&quot;:&quot;image&quot;},{&quot;src&quot;:&quot;https:\\\/\\\/cloud.alqueria.es\\\/wp-content\\\/uploads\\\/sites\\\/10\\\/2025\\\/02\\\/IMG20250221102614.jpg&quot;,&quot;id&quot;:&quot;38461&quot;,&quot;title&quot;:&quot;IMG20250221102614&quot;,&quot;alt&quot;:&quot;&quot;,&quot;caption&quot;:&quot;&quot;,&quot;itemprop&quot;:&quot;image&quot;},{&quot;src&quot;:&quot;https:\\\/\\\/cloud.alqueria.es\\\/wp-content\\\/uploads\\\/sites\\\/10\\\/2025\\\/02\\\/IMG20250221102503.jpg&quot;,&quot;id&quot;:&quot;38458&quot;,&quot;title&quot;:&quot;IMG20250221102503&quot;,&quot;alt&quot;:&quot;&quot;,&quot;caption&quot;:&quot;&quot;,&quot;itemprop&quot;:&quot;image&quot;},{&quot;src&quot;:&quot;https:\\\/\\\/cloud.alqueria.es\\\/wp-content\\\/uploads\\\/sites\\\/10\\\/2025\\\/02\\\/IMG20250221102247.jpg&quot;,&quot;id&quot;:&quot;38457&quot;,&quot;title&quot;:&quot;IMG20250221102247&quot;,&quot;alt&quot;:&quot;&quot;,&quot;caption&quot;:&quot;&quot;,&quot;itemprop&quot;:&quot;image&quot;},{&quot;src&quot;:&quot;https:\\\/\\\/cloud.alqueria.es\\\/wp-content\\\/uploads\\\/sites\\\/10\\\/2025\\\/02\\\/IMG20250221102717.jpg&quot;,&quot;id&quot;:&quot;38462&quot;,&quot;title&quot;:&quot;IMG20250221102717&quot;,&quot;alt&quot;:&quot;&quot;,&quot;caption&quot;:&quot;&quot;,&quot;itemprop&quot;:&quot;image&quot;},{&quot;src&quot;:&quot;https:\\\/\\\/cloud.alqueria.es\\\/wp-content\\\/uploads\\\/sites\\\/10\\\/2025\\\/02\\\/IMG20250221102250.jpg&quot;,&quot;id&quot;:&quot;38455&quot;,&quot;title&quot;:&quot;IMG20250221102250&quot;,&quot;alt&quot;:&quot;&quot;,&quot;caption&quot;:&quot;&quot;,&quot;itemprop&quot;:&quot;image&quot;},{&quot;src&quot;:&quot;https:\\\/\\\/cloud.alqueria.es\\\/wp-content\\\/uploads\\\/sites\\\/10\\\/2025\\\/02\\\/IMG20250221101918.jpg&quot;,&quot;id&quot;:&quot;38452&quot;,&quot;title&quot;:&quot;IMG20250221101918&quot;,&quot;alt&quot;:&quot;&quot;,&quot;caption&quot;:&quot;&quot;,&quot;itemprop&quot;:&quot;image&quot;},{&quot;src&quot;:&quot;https:\\\/\\\/cloud.alqueria.es\\\/wp-content\\\/uploads\\\/sites\\\/10\\\/2025\\\/02\\\/IMG20250221102204.jpg&quot;,&quot;id&quot;:&quot;38454&quot;,&quot;title&quot;:&quot;IMG20250221102204&quot;,&quot;alt&quot;:&quot;&quot;,&quot;caption&quot;:&quot;&quot;,&quot;itemprop&quot;:&quot;image&quot;},{&quot;src&quot;:&quot;https:\\\/\\\/cloud.alqueria.es\\\/wp-content\\\/uploads\\\/sites\\\/10\\\/2025\\\/02\\\/IMG20250221101920.jpg&quot;,&quot;id&quot;:&quot;38453&quot;,&quot;title&quot;:&quot;IMG20250221101920&quot;,&quot;alt&quot;:&quot;&quot;,&quot;caption&quot;:&quot;&quot;,&quot;itemprop&quot;:&quot;image&quot;},{&quot;src&quot;:&quot;https:\\\/\\\/cloud.alqueria.es\\\/wp-content\\\/uploads\\\/sites\\\/10\\\/2025\\\/02\\\/IMG20250221102417.jpg&quot;,&quot;id&quot;:&quot;38459&quot;,&quot;title&quot;:&quot;IMG20250221102417&quot;,&quot;alt&quot;:&quot;&quot;,&quot;caption&quot;:&quot;&quot;,&quot;itemprop&quot;:&quot;image&quot;}]\" itemscope itemtype=\"https:\/\/schema.org\/ImageGallery\"><\/div>\n<p>Seguidamente disfrutamos tocando algunos instrumentos, bailando <span style=\"color: #ff9900\">m\u00fasica<\/span> carnavalera y\u00a0 qui\u00e9n quiso\u00a0 tambi\u00e9n se caracteriz\u00f3 maquill\u00e1ndose un poquito la cara.<\/p>\n<div class=\"tiled-gallery type-square tiled-gallery-unresized\" data-original-width=\"474\" data-carousel-extra='null' itemscope itemtype=\"http:\/\/schema.org\/ImageGallery\" > <div class=\"gallery-row\" style=\"width: 474px; height: 158px;\" data-original-width=\"474\" data-original-height=\"158\" > <div class=\"gallery-group\" style=\"width: 158px; height: 158px;\" data-original-width=\"158\" data-original-height=\"158\" > <div class=\"tiled-gallery-item \" itemprop=\"associatedMedia\" itemscope itemtype=\"http:\/\/schema.org\/ImageObject\"> <a href=\"https:\/\/www.alqueria.es\/blogs\/alqueriazulceleste\/2025\/02\/24\/fiesta-de-carnaval-2025\/img20250220102519\/\" border=\"0\" itemprop=\"url\"> <meta itemprop=\"width\" content=\"154\"> <meta itemprop=\"height\" content=\"154\"> <img decoding=\"async\" class=\"\" data-attachment-id=\"38420\" data-orig-file=\"https:\/\/cloud.alqueria.es\/wp-content\/uploads\/sites\/10\/2025\/02\/IMG20250220102519.jpg\" data-orig-size=\"2048,1536\" data-comments-opened=\"1\" data-image-meta=\"{&quot;aperture&quot;:&quot;0&quot;,&quot;credit&quot;:&quot;&quot;,&quot;camera&quot;:&quot;&quot;,&quot;caption&quot;:&quot;&quot;,&quot;created_timestamp&quot;:&quot;0&quot;,&quot;copyright&quot;:&quot;&quot;,&quot;focal_length&quot;:&quot;0&quot;,&quot;iso&quot;:&quot;0&quot;,&quot;shutter_speed&quot;:&quot;0&quot;,&quot;title&quot;:&quot;&quot;,&quot;orientation&quot;:&quot;0&quot;}\" data-image-title=\"IMG20250220102519\" data-image-description=\"\" data-medium-file=\"https:\/\/cloud.alqueria.es\/wp-content\/uploads\/sites\/10\/2025\/02\/IMG20250220102519-300x225.jpg\" data-large-file=\"https:\/\/cloud.alqueria.es\/wp-content\/uploads\/sites\/10\/2025\/02\/IMG20250220102519-1024x768.jpg\" src=\"https:\/\/i0.wp.com\/cloud.alqueria.es\/wp-content\/uploads\/sites\/10\/2025\/02\/IMG20250220102519.jpg?w=154&#038;h=154&#038;crop=1&#038;ssl=1\" width=\"154\" height=\"154\" loading=\"lazy\" data-original-width=\"154\" data-original-height=\"154\" itemprop=\"http:\/\/schema.org\/image\" title=\"IMG20250220102519\" alt=\"IMG20250220102519\" style=\"width: 154px; height: 154px;\" \/> <\/a> <\/div> <\/div> <div class=\"gallery-group\" style=\"width: 158px; height: 158px;\" data-original-width=\"158\" data-original-height=\"158\" > <div class=\"tiled-gallery-item \" itemprop=\"associatedMedia\" itemscope itemtype=\"http:\/\/schema.org\/ImageObject\"> <a href=\"https:\/\/www.alqueria.es\/blogs\/alqueriazulceleste\/2025\/02\/24\/fiesta-de-carnaval-2025\/img20250220102313\/\" border=\"0\" itemprop=\"url\"> <meta itemprop=\"width\" content=\"154\"> <meta itemprop=\"height\" content=\"154\"> <img decoding=\"async\" class=\"\" data-attachment-id=\"38417\" data-orig-file=\"https:\/\/cloud.alqueria.es\/wp-content\/uploads\/sites\/10\/2025\/02\/IMG20250220102313.jpg\" data-orig-size=\"2048,1536\" data-comments-opened=\"1\" data-image-meta=\"{&quot;aperture&quot;:&quot;0&quot;,&quot;credit&quot;:&quot;&quot;,&quot;camera&quot;:&quot;&quot;,&quot;caption&quot;:&quot;&quot;,&quot;created_timestamp&quot;:&quot;0&quot;,&quot;copyright&quot;:&quot;&quot;,&quot;focal_length&quot;:&quot;0&quot;,&quot;iso&quot;:&quot;0&quot;,&quot;shutter_speed&quot;:&quot;0&quot;,&quot;title&quot;:&quot;&quot;,&quot;orientation&quot;:&quot;0&quot;}\" data-image-title=\"IMG20250220102313\" data-image-description=\"\" data-medium-file=\"https:\/\/cloud.alqueria.es\/wp-content\/uploads\/sites\/10\/2025\/02\/IMG20250220102313-300x225.jpg\" data-large-file=\"https:\/\/cloud.alqueria.es\/wp-content\/uploads\/sites\/10\/2025\/02\/IMG20250220102313-1024x768.jpg\" src=\"https:\/\/i0.wp.com\/cloud.alqueria.es\/wp-content\/uploads\/sites\/10\/2025\/02\/IMG20250220102313.jpg?w=154&#038;h=154&#038;crop=1&#038;ssl=1\" width=\"154\" height=\"154\" loading=\"lazy\" data-original-width=\"154\" data-original-height=\"154\" itemprop=\"http:\/\/schema.org\/image\" title=\"IMG20250220102313\" alt=\"IMG20250220102313\" style=\"width: 154px; height: 154px;\" \/> <\/a> <\/div> <\/div> <div class=\"gallery-group\" style=\"width: 158px; height: 158px;\" data-original-width=\"158\" data-original-height=\"158\" > <div class=\"tiled-gallery-item \" itemprop=\"associatedMedia\" itemscope itemtype=\"http:\/\/schema.org\/ImageObject\"> <a href=\"https:\/\/www.alqueria.es\/blogs\/alqueriazulceleste\/2025\/02\/24\/fiesta-de-carnaval-2025\/img20250220100032\/\" border=\"0\" itemprop=\"url\"> <meta itemprop=\"width\" content=\"154\"> <meta itemprop=\"height\" content=\"154\"> <img decoding=\"async\" class=\"\" data-attachment-id=\"38416\" data-orig-file=\"https:\/\/cloud.alqueria.es\/wp-content\/uploads\/sites\/10\/2025\/02\/IMG20250220100032.jpg\" data-orig-size=\"1224,1632\" data-comments-opened=\"1\" data-image-meta=\"{&quot;aperture&quot;:&quot;0&quot;,&quot;credit&quot;:&quot;&quot;,&quot;camera&quot;:&quot;&quot;,&quot;caption&quot;:&quot;&quot;,&quot;created_timestamp&quot;:&quot;0&quot;,&quot;copyright&quot;:&quot;&quot;,&quot;focal_length&quot;:&quot;0&quot;,&quot;iso&quot;:&quot;0&quot;,&quot;shutter_speed&quot;:&quot;0&quot;,&quot;title&quot;:&quot;&quot;,&quot;orientation&quot;:&quot;0&quot;}\" data-image-title=\"IMG20250220100032\" data-image-description=\"\" data-medium-file=\"https:\/\/cloud.alqueria.es\/wp-content\/uploads\/sites\/10\/2025\/02\/IMG20250220100032-225x300.jpg\" data-large-file=\"https:\/\/cloud.alqueria.es\/wp-content\/uploads\/sites\/10\/2025\/02\/IMG20250220100032-768x1024.jpg\" src=\"https:\/\/i0.wp.com\/cloud.alqueria.es\/wp-content\/uploads\/sites\/10\/2025\/02\/IMG20250220100032.jpg?w=154&#038;h=154&#038;crop=1&#038;ssl=1\" width=\"154\" height=\"154\" loading=\"lazy\" data-original-width=\"154\" data-original-height=\"154\" itemprop=\"http:\/\/schema.org\/image\" title=\"IMG20250220100032\" alt=\"IMG20250220100032\" style=\"width: 154px; height: 154px;\" \/> <\/a> <\/div> <\/div> <\/div> <div class=\"gallery-row\" style=\"width: 474px; height: 158px;\" data-original-width=\"474\" data-original-height=\"158\" > <div class=\"gallery-group\" style=\"width: 158px; height: 158px;\" data-original-width=\"158\" data-original-height=\"158\" > <div class=\"tiled-gallery-item \" itemprop=\"associatedMedia\" itemscope itemtype=\"http:\/\/schema.org\/ImageObject\"> <a href=\"https:\/\/www.alqueria.es\/blogs\/alqueriazulceleste\/2025\/02\/24\/fiesta-de-carnaval-2025\/img20250220101831\/\" border=\"0\" itemprop=\"url\"> <meta itemprop=\"width\" content=\"154\"> <meta itemprop=\"height\" content=\"154\"> <img decoding=\"async\" class=\"\" data-attachment-id=\"38412\" data-orig-file=\"https:\/\/cloud.alqueria.es\/wp-content\/uploads\/sites\/10\/2025\/02\/IMG20250220101831.jpg\" data-orig-size=\"2048,1536\" data-comments-opened=\"1\" data-image-meta=\"{&quot;aperture&quot;:&quot;0&quot;,&quot;credit&quot;:&quot;&quot;,&quot;camera&quot;:&quot;&quot;,&quot;caption&quot;:&quot;&quot;,&quot;created_timestamp&quot;:&quot;0&quot;,&quot;copyright&quot;:&quot;&quot;,&quot;focal_length&quot;:&quot;0&quot;,&quot;iso&quot;:&quot;0&quot;,&quot;shutter_speed&quot;:&quot;0&quot;,&quot;title&quot;:&quot;&quot;,&quot;orientation&quot;:&quot;0&quot;}\" data-image-title=\"IMG20250220101831\" data-image-description=\"\" data-medium-file=\"https:\/\/cloud.alqueria.es\/wp-content\/uploads\/sites\/10\/2025\/02\/IMG20250220101831-300x225.jpg\" data-large-file=\"https:\/\/cloud.alqueria.es\/wp-content\/uploads\/sites\/10\/2025\/02\/IMG20250220101831-1024x768.jpg\" src=\"https:\/\/i0.wp.com\/cloud.alqueria.es\/wp-content\/uploads\/sites\/10\/2025\/02\/IMG20250220101831.jpg?w=154&#038;h=154&#038;crop=1&#038;ssl=1\" width=\"154\" height=\"154\" loading=\"lazy\" data-original-width=\"154\" data-original-height=\"154\" itemprop=\"http:\/\/schema.org\/image\" title=\"IMG20250220101831\" alt=\"IMG20250220101831\" style=\"width: 154px; height: 154px;\" \/> <\/a> <\/div> <\/div> <div class=\"gallery-group\" style=\"width: 158px; height: 158px;\" data-original-width=\"158\" data-original-height=\"158\" > <div class=\"tiled-gallery-item \" itemprop=\"associatedMedia\" itemscope itemtype=\"http:\/\/schema.org\/ImageObject\"> <a href=\"https:\/\/www.alqueria.es\/blogs\/alqueriazulceleste\/2025\/02\/24\/fiesta-de-carnaval-2025\/img_20250224_163835\/\" border=\"0\" itemprop=\"url\"> <meta itemprop=\"width\" content=\"154\"> <meta itemprop=\"height\" content=\"154\"> <img decoding=\"async\" class=\"\" data-attachment-id=\"38413\" data-orig-file=\"https:\/\/cloud.alqueria.es\/wp-content\/uploads\/sites\/10\/2025\/02\/IMG_20250224_163835.jpg\" data-orig-size=\"2048,1536\" data-comments-opened=\"1\" data-image-meta=\"{&quot;aperture&quot;:&quot;0&quot;,&quot;credit&quot;:&quot;&quot;,&quot;camera&quot;:&quot;&quot;,&quot;caption&quot;:&quot;&quot;,&quot;created_timestamp&quot;:&quot;0&quot;,&quot;copyright&quot;:&quot;&quot;,&quot;focal_length&quot;:&quot;0&quot;,&quot;iso&quot;:&quot;0&quot;,&quot;shutter_speed&quot;:&quot;0&quot;,&quot;title&quot;:&quot;&quot;,&quot;orientation&quot;:&quot;0&quot;}\" data-image-title=\"IMG_20250224_163835\" data-image-description=\"\" data-medium-file=\"https:\/\/cloud.alqueria.es\/wp-content\/uploads\/sites\/10\/2025\/02\/IMG_20250224_163835-300x225.jpg\" data-large-file=\"https:\/\/cloud.alqueria.es\/wp-content\/uploads\/sites\/10\/2025\/02\/IMG_20250224_163835-1024x768.jpg\" src=\"https:\/\/i0.wp.com\/cloud.alqueria.es\/wp-content\/uploads\/sites\/10\/2025\/02\/IMG_20250224_163835.jpg?w=154&#038;h=154&#038;crop=1&#038;ssl=1\" width=\"154\" height=\"154\" loading=\"lazy\" data-original-width=\"154\" data-original-height=\"154\" itemprop=\"http:\/\/schema.org\/image\" title=\"IMG_20250224_163835\" alt=\"IMG_20250224_163835\" style=\"width: 154px; height: 154px;\" \/> <\/a> <\/div> <\/div> <div class=\"gallery-group\" style=\"width: 158px; height: 158px;\" data-original-width=\"158\" data-original-height=\"158\" > <div class=\"tiled-gallery-item \" itemprop=\"associatedMedia\" itemscope itemtype=\"http:\/\/schema.org\/ImageObject\"> <a href=\"https:\/\/www.alqueria.es\/blogs\/alqueriazulceleste\/2025\/02\/24\/fiesta-de-carnaval-2025\/img20250220100131\/\" border=\"0\" itemprop=\"url\"> <meta itemprop=\"width\" content=\"154\"> <meta itemprop=\"height\" content=\"154\"> <img decoding=\"async\" class=\"\" data-attachment-id=\"38411\" data-orig-file=\"https:\/\/cloud.alqueria.es\/wp-content\/uploads\/sites\/10\/2025\/02\/IMG20250220100131.jpg\" data-orig-size=\"1536,2048\" data-comments-opened=\"1\" data-image-meta=\"{&quot;aperture&quot;:&quot;0&quot;,&quot;credit&quot;:&quot;&quot;,&quot;camera&quot;:&quot;&quot;,&quot;caption&quot;:&quot;&quot;,&quot;created_timestamp&quot;:&quot;0&quot;,&quot;copyright&quot;:&quot;&quot;,&quot;focal_length&quot;:&quot;0&quot;,&quot;iso&quot;:&quot;0&quot;,&quot;shutter_speed&quot;:&quot;0&quot;,&quot;title&quot;:&quot;&quot;,&quot;orientation&quot;:&quot;0&quot;}\" data-image-title=\"IMG20250220100131\" data-image-description=\"\" data-medium-file=\"https:\/\/cloud.alqueria.es\/wp-content\/uploads\/sites\/10\/2025\/02\/IMG20250220100131-225x300.jpg\" data-large-file=\"https:\/\/cloud.alqueria.es\/wp-content\/uploads\/sites\/10\/2025\/02\/IMG20250220100131-768x1024.jpg\" src=\"https:\/\/i0.wp.com\/cloud.alqueria.es\/wp-content\/uploads\/sites\/10\/2025\/02\/IMG20250220100131.jpg?w=154&#038;h=154&#038;crop=1&#038;ssl=1\" width=\"154\" height=\"154\" loading=\"lazy\" data-original-width=\"154\" data-original-height=\"154\" itemprop=\"http:\/\/schema.org\/image\" title=\"IMG20250220100131\" alt=\"IMG20250220100131\" style=\"width: 154px; height: 154px;\" \/> <\/a> <\/div> <\/div> <\/div> <\/div>\n<p>En la ma\u00f1ana del <span style=\"color: #ff9900\"><strong>viernes<\/strong><\/span> los nervios estaban a flor de piel , nos unimos con el <span style=\"color: #ff9900\">grupo amarillo<\/span> para<span style=\"color: #ff9900\"> disfrazarnos<\/span> y<span style=\"color: #ff9900\"> maquillarnos.<\/span><\/p>\n<p class=\"jetpack-slideshow-noscript robots-nocontent\">El pase de diapositivas requiere JavaScript.<\/p><div id=\"gallery-38398-2-slideshow\" class=\"jetpack-slideshow-window jetpack-slideshow jetpack-slideshow-black\" data-trans=\"fade\" data-autostart=\"1\" data-gallery=\"[{&quot;src&quot;:&quot;https:\\\/\\\/cloud.alqueria.es\\\/wp-content\\\/uploads\\\/sites\\\/10\\\/2025\\\/02\\\/IMG_20250224_164333-1024x768.jpg&quot;,&quot;id&quot;:&quot;38464&quot;,&quot;title&quot;:&quot;IMG_20250224_164333&quot;,&quot;alt&quot;:&quot;&quot;,&quot;caption&quot;:&quot;&quot;,&quot;itemprop&quot;:&quot;image&quot;},{&quot;src&quot;:&quot;https:\\\/\\\/cloud.alqueria.es\\\/wp-content\\\/uploads\\\/sites\\\/10\\\/2025\\\/02\\\/IMG20250221102837-1024x768.jpg&quot;,&quot;id&quot;:&quot;38460&quot;,&quot;title&quot;:&quot;IMG20250221102837&quot;,&quot;alt&quot;:&quot;&quot;,&quot;caption&quot;:&quot;&quot;,&quot;itemprop&quot;:&quot;image&quot;},{&quot;src&quot;:&quot;https:\\\/\\\/cloud.alqueria.es\\\/wp-content\\\/uploads\\\/sites\\\/10\\\/2025\\\/02\\\/IMG20250221091735-768x1024.jpg&quot;,&quot;id&quot;:&quot;38433&quot;,&quot;title&quot;:&quot;IMG20250221091735&quot;,&quot;alt&quot;:&quot;&quot;,&quot;caption&quot;:&quot;&quot;,&quot;itemprop&quot;:&quot;image&quot;},{&quot;src&quot;:&quot;https:\\\/\\\/cloud.alqueria.es\\\/wp-content\\\/uploads\\\/sites\\\/10\\\/2025\\\/02\\\/IMG20250221095230-1024x768.jpg&quot;,&quot;id&quot;:&quot;38432&quot;,&quot;title&quot;:&quot;IMG20250221095230&quot;,&quot;alt&quot;:&quot;&quot;,&quot;caption&quot;:&quot;&quot;,&quot;itemprop&quot;:&quot;image&quot;},{&quot;src&quot;:&quot;https:\\\/\\\/cloud.alqueria.es\\\/wp-content\\\/uploads\\\/sites\\\/10\\\/2025\\\/02\\\/IMG20250221091102-768x1024.jpg&quot;,&quot;id&quot;:&quot;38428&quot;,&quot;title&quot;:&quot;IMG20250221091102&quot;,&quot;alt&quot;:&quot;&quot;,&quot;caption&quot;:&quot;&quot;,&quot;itemprop&quot;:&quot;image&quot;},{&quot;src&quot;:&quot;https:\\\/\\\/cloud.alqueria.es\\\/wp-content\\\/uploads\\\/sites\\\/10\\\/2025\\\/02\\\/IMG20250221091733-768x1024.jpg&quot;,&quot;id&quot;:&quot;38429&quot;,&quot;title&quot;:&quot;IMG20250221091733&quot;,&quot;alt&quot;:&quot;&quot;,&quot;caption&quot;:&quot;&quot;,&quot;itemprop&quot;:&quot;image&quot;},{&quot;src&quot;:&quot;https:\\\/\\\/cloud.alqueria.es\\\/wp-content\\\/uploads\\\/sites\\\/10\\\/2025\\\/02\\\/IMG20250221091641-768x1024.jpg&quot;,&quot;id&quot;:&quot;38430&quot;,&quot;title&quot;:&quot;IMG20250221091641&quot;,&quot;alt&quot;:&quot;&quot;,&quot;caption&quot;:&quot;&quot;,&quot;itemprop&quot;:&quot;image&quot;},{&quot;src&quot;:&quot;https:\\\/\\\/cloud.alqueria.es\\\/wp-content\\\/uploads\\\/sites\\\/10\\\/2025\\\/02\\\/IMG20250221092021-768x1024.jpg&quot;,&quot;id&quot;:&quot;38431&quot;,&quot;title&quot;:&quot;IMG20250221092021&quot;,&quot;alt&quot;:&quot;&quot;,&quot;caption&quot;:&quot;&quot;,&quot;itemprop&quot;:&quot;image&quot;},{&quot;src&quot;:&quot;https:\\\/\\\/cloud.alqueria.es\\\/wp-content\\\/uploads\\\/sites\\\/10\\\/2025\\\/02\\\/IMG20250221091123-768x1024.jpg&quot;,&quot;id&quot;:&quot;38426&quot;,&quot;title&quot;:&quot;IMG20250221091123&quot;,&quot;alt&quot;:&quot;&quot;,&quot;caption&quot;:&quot;&quot;,&quot;itemprop&quot;:&quot;image&quot;},{&quot;src&quot;:&quot;https:\\\/\\\/cloud.alqueria.es\\\/wp-content\\\/uploads\\\/sites\\\/10\\\/2025\\\/02\\\/IMG20250221091051-768x1024.jpg&quot;,&quot;id&quot;:&quot;38425&quot;,&quot;title&quot;:&quot;IMG20250221091051&quot;,&quot;alt&quot;:&quot;&quot;,&quot;caption&quot;:&quot;&quot;,&quot;itemprop&quot;:&quot;image&quot;},{&quot;src&quot;:&quot;https:\\\/\\\/cloud.alqueria.es\\\/wp-content\\\/uploads\\\/sites\\\/10\\\/2025\\\/02\\\/IMG20250221100500-768x1024.jpg&quot;,&quot;id&quot;:&quot;38434&quot;,&quot;title&quot;:&quot;IMG20250221100500&quot;,&quot;alt&quot;:&quot;&quot;,&quot;caption&quot;:&quot;&quot;,&quot;itemprop&quot;:&quot;image&quot;},{&quot;src&quot;:&quot;https:\\\/\\\/cloud.alqueria.es\\\/wp-content\\\/uploads\\\/sites\\\/10\\\/2025\\\/02\\\/IMG20250221092749-768x1024.jpg&quot;,&quot;id&quot;:&quot;38435&quot;,&quot;title&quot;:&quot;IMG20250221092749&quot;,&quot;alt&quot;:&quot;&quot;,&quot;caption&quot;:&quot;&quot;,&quot;itemprop&quot;:&quot;image&quot;},{&quot;src&quot;:&quot;https:\\\/\\\/cloud.alqueria.es\\\/wp-content\\\/uploads\\\/sites\\\/10\\\/2025\\\/02\\\/IMG20250221100501-768x1024.jpg&quot;,&quot;id&quot;:&quot;38438&quot;,&quot;title&quot;:&quot;IMG20250221100501&quot;,&quot;alt&quot;:&quot;&quot;,&quot;caption&quot;:&quot;&quot;,&quot;itemprop&quot;:&quot;image&quot;}]\" itemscope itemtype=\"https:\/\/schema.org\/ImageGallery\"><\/div>\n<p>Despu\u00e9s nos reunimos en una peque\u00f1a asamblea para presentar a la gallina \u00abcocoroc\u00f3\u00bb\u00a0 y sus huevos, de donde salieron los polluelos<\/p>\n<div id='gallery-4' class='gallery galleryid-38398 gallery-columns-3 gallery-size-large'><figure class='gallery-item'>\n\t\t\t<div class='gallery-icon landscape'>\n\t\t\t\t<a href='https:\/\/www.alqueria.es\/blogs\/alqueriazulceleste\/2025\/02\/24\/fiesta-de-carnaval-2025\/img20250221101512\/'><img decoding=\"async\" width=\"474\" height=\"356\" src=\"https:\/\/cloud.alqueria.es\/wp-content\/uploads\/sites\/10\/2025\/02\/IMG20250221101512-1024x768.jpg\" class=\"attachment-large size-large\" alt=\"\" srcset=\"https:\/\/cloud.alqueria.es\/wp-content\/uploads\/sites\/10\/2025\/02\/IMG20250221101512-1024x768.jpg 1024w, https:\/\/cloud.alqueria.es\/wp-content\/uploads\/sites\/10\/2025\/02\/IMG20250221101512-300x225.jpg 300w, https:\/\/cloud.alqueria.es\/wp-content\/uploads\/sites\/10\/2025\/02\/IMG20250221101512-768x576.jpg 768w, https:\/\/cloud.alqueria.es\/wp-content\/uploads\/sites\/10\/2025\/02\/IMG20250221101512-1536x1152.jpg 1536w, https:\/\/cloud.alqueria.es\/wp-content\/uploads\/sites\/10\/2025\/02\/IMG20250221101512.jpg 1632w\" sizes=\"(max-width: 474px) 100vw, 474px\" \/><\/a>\n\t\t\t<\/div><\/figure><figure class='gallery-item'>\n\t\t\t<div class='gallery-icon landscape'>\n\t\t\t\t<a href='https:\/\/www.alqueria.es\/blogs\/alqueriazulceleste\/2025\/02\/24\/fiesta-de-carnaval-2025\/img20250221101304\/'><img decoding=\"async\" width=\"474\" height=\"356\" src=\"https:\/\/cloud.alqueria.es\/wp-content\/uploads\/sites\/10\/2025\/02\/IMG20250221101304-1024x768.jpg\" class=\"attachment-large size-large\" alt=\"\" srcset=\"https:\/\/cloud.alqueria.es\/wp-content\/uploads\/sites\/10\/2025\/02\/IMG20250221101304-1024x768.jpg 1024w, https:\/\/cloud.alqueria.es\/wp-content\/uploads\/sites\/10\/2025\/02\/IMG20250221101304-300x225.jpg 300w, https:\/\/cloud.alqueria.es\/wp-content\/uploads\/sites\/10\/2025\/02\/IMG20250221101304-768x576.jpg 768w, https:\/\/cloud.alqueria.es\/wp-content\/uploads\/sites\/10\/2025\/02\/IMG20250221101304-1536x1152.jpg 1536w, https:\/\/cloud.alqueria.es\/wp-content\/uploads\/sites\/10\/2025\/02\/IMG20250221101304.jpg 2048w\" sizes=\"(max-width: 474px) 100vw, 474px\" \/><\/a>\n\t\t\t<\/div><\/figure><figure class='gallery-item'>\n\t\t\t<div class='gallery-icon landscape'>\n\t\t\t\t<a href='https:\/\/www.alqueria.es\/blogs\/alqueriazulceleste\/2025\/02\/24\/fiesta-de-carnaval-2025\/img20250221101516\/'><img decoding=\"async\" width=\"474\" height=\"356\" src=\"https:\/\/cloud.alqueria.es\/wp-content\/uploads\/sites\/10\/2025\/02\/IMG20250221101516-1024x768.jpg\" class=\"attachment-large size-large\" alt=\"\" srcset=\"https:\/\/cloud.alqueria.es\/wp-content\/uploads\/sites\/10\/2025\/02\/IMG20250221101516-1024x768.jpg 1024w, https:\/\/cloud.alqueria.es\/wp-content\/uploads\/sites\/10\/2025\/02\/IMG20250221101516-300x225.jpg 300w, https:\/\/cloud.alqueria.es\/wp-content\/uploads\/sites\/10\/2025\/02\/IMG20250221101516-768x576.jpg 768w, https:\/\/cloud.alqueria.es\/wp-content\/uploads\/sites\/10\/2025\/02\/IMG20250221101516-1536x1152.jpg 1536w, https:\/\/cloud.alqueria.es\/wp-content\/uploads\/sites\/10\/2025\/02\/IMG20250221101516.jpg 1632w\" sizes=\"(max-width: 474px) 100vw, 474px\" \/><\/a>\n\t\t\t<\/div><\/figure><figure class='gallery-item'>\n\t\t\t<div class='gallery-icon portrait'>\n\t\t\t\t<a href='https:\/\/www.alqueria.es\/blogs\/alqueriazulceleste\/2025\/02\/24\/fiesta-de-carnaval-2025\/img20250221101643\/'><img decoding=\"async\" width=\"474\" height=\"632\" src=\"https:\/\/cloud.alqueria.es\/wp-content\/uploads\/sites\/10\/2025\/02\/IMG20250221101643-768x1024.jpg\" class=\"attachment-large size-large\" alt=\"\" srcset=\"https:\/\/cloud.alqueria.es\/wp-content\/uploads\/sites\/10\/2025\/02\/IMG20250221101643-768x1024.jpg 768w, https:\/\/cloud.alqueria.es\/wp-content\/uploads\/sites\/10\/2025\/02\/IMG20250221101643-225x300.jpg 225w, https:\/\/cloud.alqueria.es\/wp-content\/uploads\/sites\/10\/2025\/02\/IMG20250221101643-1152x1536.jpg 1152w, https:\/\/cloud.alqueria.es\/wp-content\/uploads\/sites\/10\/2025\/02\/IMG20250221101643.jpg 1224w\" sizes=\"(max-width: 474px) 100vw, 474px\" \/><\/a>\n\t\t\t<\/div><\/figure><figure class='gallery-item'>\n\t\t\t<div class='gallery-icon landscape'>\n\t\t\t\t<a href='https:\/\/www.alqueria.es\/blogs\/alqueriazulceleste\/2025\/02\/24\/fiesta-de-carnaval-2025\/img20250221101540\/'><img decoding=\"async\" width=\"474\" height=\"356\" src=\"https:\/\/cloud.alqueria.es\/wp-content\/uploads\/sites\/10\/2025\/02\/IMG20250221101540-1024x768.jpg\" class=\"attachment-large size-large\" alt=\"\" srcset=\"https:\/\/cloud.alqueria.es\/wp-content\/uploads\/sites\/10\/2025\/02\/IMG20250221101540-1024x768.jpg 1024w, https:\/\/cloud.alqueria.es\/wp-content\/uploads\/sites\/10\/2025\/02\/IMG20250221101540-300x225.jpg 300w, https:\/\/cloud.alqueria.es\/wp-content\/uploads\/sites\/10\/2025\/02\/IMG20250221101540-768x576.jpg 768w, https:\/\/cloud.alqueria.es\/wp-content\/uploads\/sites\/10\/2025\/02\/IMG20250221101540-1536x1152.jpg 1536w, https:\/\/cloud.alqueria.es\/wp-content\/uploads\/sites\/10\/2025\/02\/IMG20250221101540.jpg 1632w\" sizes=\"(max-width: 474px) 100vw, 474px\" \/><\/a>\n\t\t\t<\/div><\/figure><figure class='gallery-item'>\n\t\t\t<div class='gallery-icon portrait'>\n\t\t\t\t<a href='https:\/\/www.alqueria.es\/blogs\/alqueriazulceleste\/2025\/02\/24\/fiesta-de-carnaval-2025\/img20250221101620\/'><img decoding=\"async\" width=\"474\" height=\"632\" src=\"https:\/\/cloud.alqueria.es\/wp-content\/uploads\/sites\/10\/2025\/02\/IMG20250221101620-768x1024.jpg\" class=\"attachment-large size-large\" alt=\"\" srcset=\"https:\/\/cloud.alqueria.es\/wp-content\/uploads\/sites\/10\/2025\/02\/IMG20250221101620-768x1024.jpg 768w, https:\/\/cloud.alqueria.es\/wp-content\/uploads\/sites\/10\/2025\/02\/IMG20250221101620-225x300.jpg 225w, https:\/\/cloud.alqueria.es\/wp-content\/uploads\/sites\/10\/2025\/02\/IMG20250221101620-1152x1536.jpg 1152w, https:\/\/cloud.alqueria.es\/wp-content\/uploads\/sites\/10\/2025\/02\/IMG20250221101620.jpg 1224w\" sizes=\"(max-width: 474px) 100vw, 474px\" \/><\/a>\n\t\t\t<\/div><\/figure><figure class='gallery-item'>\n\t\t\t<div class='gallery-icon portrait'>\n\t\t\t\t<a href='https:\/\/www.alqueria.es\/blogs\/alqueriazulceleste\/2025\/02\/24\/fiesta-de-carnaval-2025\/img20250221101701\/'><img decoding=\"async\" width=\"474\" height=\"632\" src=\"https:\/\/cloud.alqueria.es\/wp-content\/uploads\/sites\/10\/2025\/02\/IMG20250221101701-768x1024.jpg\" class=\"attachment-large size-large\" alt=\"\" srcset=\"https:\/\/cloud.alqueria.es\/wp-content\/uploads\/sites\/10\/2025\/02\/IMG20250221101701-768x1024.jpg 768w, https:\/\/cloud.alqueria.es\/wp-content\/uploads\/sites\/10\/2025\/02\/IMG20250221101701-225x300.jpg 225w, https:\/\/cloud.alqueria.es\/wp-content\/uploads\/sites\/10\/2025\/02\/IMG20250221101701-1152x1536.jpg 1152w, https:\/\/cloud.alqueria.es\/wp-content\/uploads\/sites\/10\/2025\/02\/IMG20250221101701.jpg 1224w\" sizes=\"(max-width: 474px) 100vw, 474px\" \/><\/a>\n\t\t\t<\/div><\/figure><figure class='gallery-item'>\n\t\t\t<div class='gallery-icon portrait'>\n\t\t\t\t<a href='https:\/\/www.alqueria.es\/blogs\/alqueriazulceleste\/2025\/02\/24\/fiesta-de-carnaval-2025\/img_20250224_164235\/'><img decoding=\"async\" width=\"474\" height=\"632\" src=\"https:\/\/cloud.alqueria.es\/wp-content\/uploads\/sites\/10\/2025\/02\/IMG_20250224_164235-768x1024.jpg\" class=\"attachment-large size-large\" alt=\"\" srcset=\"https:\/\/cloud.alqueria.es\/wp-content\/uploads\/sites\/10\/2025\/02\/IMG_20250224_164235-768x1024.jpg 768w, https:\/\/cloud.alqueria.es\/wp-content\/uploads\/sites\/10\/2025\/02\/IMG_20250224_164235-225x300.jpg 225w, https:\/\/cloud.alqueria.es\/wp-content\/uploads\/sites\/10\/2025\/02\/IMG_20250224_164235-1152x1536.jpg 1152w, https:\/\/cloud.alqueria.es\/wp-content\/uploads\/sites\/10\/2025\/02\/IMG_20250224_164235.jpg 1536w\" sizes=\"(max-width: 474px) 100vw, 474px\" \/><\/a>\n\t\t\t<\/div><\/figure><figure class='gallery-item'>\n\t\t\t<div class='gallery-icon portrait'>\n\t\t\t\t<a href='https:\/\/www.alqueria.es\/blogs\/alqueriazulceleste\/2025\/02\/24\/fiesta-de-carnaval-2025\/img20250221101654\/'><img decoding=\"async\" width=\"474\" height=\"632\" src=\"https:\/\/cloud.alqueria.es\/wp-content\/uploads\/sites\/10\/2025\/02\/IMG20250221101654-768x1024.jpg\" class=\"attachment-large size-large\" alt=\"\" srcset=\"https:\/\/cloud.alqueria.es\/wp-content\/uploads\/sites\/10\/2025\/02\/IMG20250221101654-768x1024.jpg 768w, https:\/\/cloud.alqueria.es\/wp-content\/uploads\/sites\/10\/2025\/02\/IMG20250221101654-225x300.jpg 225w, https:\/\/cloud.alqueria.es\/wp-content\/uploads\/sites\/10\/2025\/02\/IMG20250221101654-1152x1536.jpg 1152w, https:\/\/cloud.alqueria.es\/wp-content\/uploads\/sites\/10\/2025\/02\/IMG20250221101654.jpg 1224w\" sizes=\"(max-width: 474px) 100vw, 474px\" \/><\/a>\n\t\t\t<\/div><\/figure>\n\t\t<\/div>\n\n<p>Para mi sorpresa, el viernes aceptaron el complemento y se la dejaron puesta todo el tiempo mientras est\u00e1bamos disfrutando de las <span style=\"color: #ff9900\"><strong>actuaciones de infantil de la ma\u00f1ana, <\/strong><\/span>las cu\u00e1les nos gustaron mucho. Nuestros pollitos se comportaron\u00a0 como unos aut\u00e9nticos mayores participando en el desfile de carnaval, respetando las actuaciones, quietos en silencio y con mucha atenci\u00f3n, maravillados con cada chirigota.<\/p>\n<p><img decoding=\"async\" class=\"wp-image-38493 aligncenter\" src=\"https:\/\/cloud.alqueria.es\/wp-content\/uploads\/sites\/10\/2025\/02\/IMG_20250224_190745-300x225.jpg\" alt=\"\" width=\"312\" height=\"234\" srcset=\"https:\/\/cloud.alqueria.es\/wp-content\/uploads\/sites\/10\/2025\/02\/IMG_20250224_190745-300x225.jpg 300w, https:\/\/cloud.alqueria.es\/wp-content\/uploads\/sites\/10\/2025\/02\/IMG_20250224_190745-768x576.jpg 768w, https:\/\/cloud.alqueria.es\/wp-content\/uploads\/sites\/10\/2025\/02\/IMG_20250224_190745.jpg 800w\" sizes=\"(max-width: 312px) 100vw, 312px\" \/><\/p>\n<div class=\"tiled-gallery type-square tiled-gallery-unresized\" data-original-width=\"474\" data-carousel-extra='null' itemscope itemtype=\"http:\/\/schema.org\/ImageGallery\" > <div class=\"gallery-row\" style=\"width: 474px; height: 237px;\" data-original-width=\"474\" data-original-height=\"237\" > <div class=\"gallery-group\" style=\"width: 237px; height: 237px;\" data-original-width=\"237\" data-original-height=\"237\" > <div class=\"tiled-gallery-item \" itemprop=\"associatedMedia\" itemscope itemtype=\"http:\/\/schema.org\/ImageObject\"> <a href=\"https:\/\/www.alqueria.es\/blogs\/alqueriazulceleste\/2025\/02\/24\/fiesta-de-carnaval-2025\/img-20250221-wa0021\/\" border=\"0\" itemprop=\"url\"> <meta itemprop=\"width\" content=\"233\"> <meta itemprop=\"height\" content=\"233\"> <img decoding=\"async\" class=\"\" data-attachment-id=\"38476\" data-orig-file=\"https:\/\/cloud.alqueria.es\/wp-content\/uploads\/sites\/10\/2025\/02\/IMG-20250221-WA0021.jpg\" data-orig-size=\"774,558\" data-comments-opened=\"1\" data-image-meta=\"{&quot;aperture&quot;:&quot;0&quot;,&quot;credit&quot;:&quot;&quot;,&quot;camera&quot;:&quot;&quot;,&quot;caption&quot;:&quot;&quot;,&quot;created_timestamp&quot;:&quot;0&quot;,&quot;copyright&quot;:&quot;&quot;,&quot;focal_length&quot;:&quot;0&quot;,&quot;iso&quot;:&quot;0&quot;,&quot;shutter_speed&quot;:&quot;0&quot;,&quot;title&quot;:&quot;&quot;,&quot;orientation&quot;:&quot;0&quot;}\" data-image-title=\"IMG-20250221-WA0021\" data-image-description=\"\" data-medium-file=\"https:\/\/cloud.alqueria.es\/wp-content\/uploads\/sites\/10\/2025\/02\/IMG-20250221-WA0021-300x216.jpg\" data-large-file=\"https:\/\/cloud.alqueria.es\/wp-content\/uploads\/sites\/10\/2025\/02\/IMG-20250221-WA0021.jpg\" src=\"https:\/\/i0.wp.com\/cloud.alqueria.es\/wp-content\/uploads\/sites\/10\/2025\/02\/IMG-20250221-WA0021.jpg?w=233&#038;h=233&#038;crop=1&#038;ssl=1\" width=\"233\" height=\"233\" loading=\"lazy\" data-original-width=\"233\" data-original-height=\"233\" itemprop=\"http:\/\/schema.org\/image\" title=\"IMG-20250221-WA0021\" alt=\"IMG-20250221-WA0021\" style=\"width: 233px; height: 233px;\" \/> <\/a> <\/div> <\/div> <div class=\"gallery-group\" style=\"width: 237px; height: 237px;\" data-original-width=\"237\" data-original-height=\"237\" > <div class=\"tiled-gallery-item \" itemprop=\"associatedMedia\" itemscope itemtype=\"http:\/\/schema.org\/ImageObject\"> <a href=\"https:\/\/www.alqueria.es\/blogs\/alqueriazulceleste\/2025\/02\/24\/fiesta-de-carnaval-2025\/img-20250222-wa0014\/\" border=\"0\" itemprop=\"url\"> <meta itemprop=\"width\" content=\"233\"> <meta itemprop=\"height\" content=\"233\"> <img decoding=\"async\" class=\"\" data-attachment-id=\"38484\" data-orig-file=\"https:\/\/cloud.alqueria.es\/wp-content\/uploads\/sites\/10\/2025\/02\/IMG-20250222-WA0014.jpg\" data-orig-size=\"600,800\" data-comments-opened=\"1\" data-image-meta=\"{&quot;aperture&quot;:&quot;0&quot;,&quot;credit&quot;:&quot;&quot;,&quot;camera&quot;:&quot;&quot;,&quot;caption&quot;:&quot;&quot;,&quot;created_timestamp&quot;:&quot;0&quot;,&quot;copyright&quot;:&quot;&quot;,&quot;focal_length&quot;:&quot;0&quot;,&quot;iso&quot;:&quot;0&quot;,&quot;shutter_speed&quot;:&quot;0&quot;,&quot;title&quot;:&quot;&quot;,&quot;orientation&quot;:&quot;0&quot;}\" data-image-title=\"IMG-20250222-WA0014\" data-image-description=\"\" data-medium-file=\"https:\/\/cloud.alqueria.es\/wp-content\/uploads\/sites\/10\/2025\/02\/IMG-20250222-WA0014-225x300.jpg\" data-large-file=\"https:\/\/cloud.alqueria.es\/wp-content\/uploads\/sites\/10\/2025\/02\/IMG-20250222-WA0014.jpg\" src=\"https:\/\/i0.wp.com\/cloud.alqueria.es\/wp-content\/uploads\/sites\/10\/2025\/02\/IMG-20250222-WA0014.jpg?w=233&#038;h=233&#038;crop=1&#038;ssl=1\" width=\"233\" height=\"233\" loading=\"lazy\" data-original-width=\"233\" data-original-height=\"233\" itemprop=\"http:\/\/schema.org\/image\" title=\"IMG-20250222-WA0014\" alt=\"IMG-20250222-WA0014\" style=\"width: 233px; height: 233px;\" \/> <\/a> <\/div> <\/div> <\/div> <div class=\"gallery-row\" style=\"width: 474px; height: 158px;\" data-original-width=\"474\" data-original-height=\"158\" > <div class=\"gallery-group\" style=\"width: 158px; height: 158px;\" data-original-width=\"158\" data-original-height=\"158\" > <div class=\"tiled-gallery-item \" itemprop=\"associatedMedia\" itemscope itemtype=\"http:\/\/schema.org\/ImageObject\"> <a href=\"https:\/\/www.alqueria.es\/blogs\/alqueriazulceleste\/2025\/02\/24\/fiesta-de-carnaval-2025\/img20250221110017\/\" border=\"0\" itemprop=\"url\"> <meta itemprop=\"width\" content=\"154\"> <meta itemprop=\"height\" content=\"154\"> <img decoding=\"async\" class=\"\" data-attachment-id=\"38481\" data-orig-file=\"https:\/\/cloud.alqueria.es\/wp-content\/uploads\/sites\/10\/2025\/02\/IMG20250221110017.jpg\" data-orig-size=\"1224,1632\" data-comments-opened=\"1\" data-image-meta=\"{&quot;aperture&quot;:&quot;0&quot;,&quot;credit&quot;:&quot;&quot;,&quot;camera&quot;:&quot;&quot;,&quot;caption&quot;:&quot;&quot;,&quot;created_timestamp&quot;:&quot;0&quot;,&quot;copyright&quot;:&quot;&quot;,&quot;focal_length&quot;:&quot;0&quot;,&quot;iso&quot;:&quot;0&quot;,&quot;shutter_speed&quot;:&quot;0&quot;,&quot;title&quot;:&quot;&quot;,&quot;orientation&quot;:&quot;0&quot;}\" data-image-title=\"IMG20250221110017\" data-image-description=\"\" data-medium-file=\"https:\/\/cloud.alqueria.es\/wp-content\/uploads\/sites\/10\/2025\/02\/IMG20250221110017-225x300.jpg\" data-large-file=\"https:\/\/cloud.alqueria.es\/wp-content\/uploads\/sites\/10\/2025\/02\/IMG20250221110017-768x1024.jpg\" src=\"https:\/\/i0.wp.com\/cloud.alqueria.es\/wp-content\/uploads\/sites\/10\/2025\/02\/IMG20250221110017.jpg?w=154&#038;h=154&#038;crop=1&#038;ssl=1\" width=\"154\" height=\"154\" loading=\"lazy\" data-original-width=\"154\" data-original-height=\"154\" itemprop=\"http:\/\/schema.org\/image\" title=\"IMG20250221110017\" alt=\"IMG20250221110017\" style=\"width: 154px; height: 154px;\" \/> <\/a> <\/div> <\/div> <div class=\"gallery-group\" style=\"width: 158px; height: 158px;\" data-original-width=\"158\" data-original-height=\"158\" > <div class=\"tiled-gallery-item \" itemprop=\"associatedMedia\" itemscope itemtype=\"http:\/\/schema.org\/ImageObject\"> <a href=\"https:\/\/www.alqueria.es\/blogs\/alqueriazulceleste\/2025\/02\/24\/fiesta-de-carnaval-2025\/img20250221111413\/\" border=\"0\" itemprop=\"url\"> <meta itemprop=\"width\" content=\"154\"> <meta itemprop=\"height\" content=\"154\"> <img decoding=\"async\" class=\"\" data-attachment-id=\"38480\" data-orig-file=\"https:\/\/cloud.alqueria.es\/wp-content\/uploads\/sites\/10\/2025\/02\/IMG20250221111413.jpg\" data-orig-size=\"1224,1632\" data-comments-opened=\"1\" data-image-meta=\"{&quot;aperture&quot;:&quot;0&quot;,&quot;credit&quot;:&quot;&quot;,&quot;camera&quot;:&quot;&quot;,&quot;caption&quot;:&quot;&quot;,&quot;created_timestamp&quot;:&quot;0&quot;,&quot;copyright&quot;:&quot;&quot;,&quot;focal_length&quot;:&quot;0&quot;,&quot;iso&quot;:&quot;0&quot;,&quot;shutter_speed&quot;:&quot;0&quot;,&quot;title&quot;:&quot;&quot;,&quot;orientation&quot;:&quot;0&quot;}\" data-image-title=\"IMG20250221111413\" data-image-description=\"\" data-medium-file=\"https:\/\/cloud.alqueria.es\/wp-content\/uploads\/sites\/10\/2025\/02\/IMG20250221111413-225x300.jpg\" data-large-file=\"https:\/\/cloud.alqueria.es\/wp-content\/uploads\/sites\/10\/2025\/02\/IMG20250221111413-768x1024.jpg\" src=\"https:\/\/i0.wp.com\/cloud.alqueria.es\/wp-content\/uploads\/sites\/10\/2025\/02\/IMG20250221111413.jpg?w=154&#038;h=154&#038;crop=1&#038;ssl=1\" width=\"154\" height=\"154\" loading=\"lazy\" data-original-width=\"154\" data-original-height=\"154\" itemprop=\"http:\/\/schema.org\/image\" title=\"IMG20250221111413\" alt=\"IMG20250221111413\" style=\"width: 154px; height: 154px;\" \/> <\/a> <\/div> <\/div> <div class=\"gallery-group\" style=\"width: 158px; height: 158px;\" data-original-width=\"158\" data-original-height=\"158\" > <div class=\"tiled-gallery-item \" itemprop=\"associatedMedia\" itemscope itemtype=\"http:\/\/schema.org\/ImageObject\"> <a href=\"https:\/\/www.alqueria.es\/blogs\/alqueriazulceleste\/2025\/02\/24\/fiesta-de-carnaval-2025\/img20250221105439\/\" border=\"0\" itemprop=\"url\"> <meta itemprop=\"width\" content=\"154\"> <meta itemprop=\"height\" content=\"154\"> <img decoding=\"async\" class=\"\" data-attachment-id=\"38479\" data-orig-file=\"https:\/\/cloud.alqueria.es\/wp-content\/uploads\/sites\/10\/2025\/02\/IMG20250221105439.jpg\" data-orig-size=\"1632,1224\" data-comments-opened=\"1\" data-image-meta=\"{&quot;aperture&quot;:&quot;0&quot;,&quot;credit&quot;:&quot;&quot;,&quot;camera&quot;:&quot;&quot;,&quot;caption&quot;:&quot;&quot;,&quot;created_timestamp&quot;:&quot;0&quot;,&quot;copyright&quot;:&quot;&quot;,&quot;focal_length&quot;:&quot;0&quot;,&quot;iso&quot;:&quot;0&quot;,&quot;shutter_speed&quot;:&quot;0&quot;,&quot;title&quot;:&quot;&quot;,&quot;orientation&quot;:&quot;0&quot;}\" data-image-title=\"IMG20250221105439\" data-image-description=\"\" data-medium-file=\"https:\/\/cloud.alqueria.es\/wp-content\/uploads\/sites\/10\/2025\/02\/IMG20250221105439-300x225.jpg\" data-large-file=\"https:\/\/cloud.alqueria.es\/wp-content\/uploads\/sites\/10\/2025\/02\/IMG20250221105439-1024x768.jpg\" src=\"https:\/\/i0.wp.com\/cloud.alqueria.es\/wp-content\/uploads\/sites\/10\/2025\/02\/IMG20250221105439.jpg?w=154&#038;h=154&#038;crop=1&#038;ssl=1\" width=\"154\" height=\"154\" loading=\"lazy\" data-original-width=\"154\" data-original-height=\"154\" itemprop=\"http:\/\/schema.org\/image\" title=\"IMG20250221105439\" alt=\"IMG20250221105439\" style=\"width: 154px; height: 154px;\" \/> <\/a> <\/div> <\/div> <\/div> <div class=\"gallery-row\" style=\"width: 474px; height: 158px;\" data-original-width=\"474\" data-original-height=\"158\" > <div class=\"gallery-group\" style=\"width: 158px; height: 158px;\" data-original-width=\"158\" data-original-height=\"158\" > <div class=\"tiled-gallery-item \" itemprop=\"associatedMedia\" itemscope itemtype=\"http:\/\/schema.org\/ImageObject\"> <a href=\"https:\/\/www.alqueria.es\/blogs\/alqueriazulceleste\/2025\/02\/24\/fiesta-de-carnaval-2025\/img20250221105724\/\" border=\"0\" itemprop=\"url\"> <meta itemprop=\"width\" content=\"154\"> <meta itemprop=\"height\" content=\"154\"> <img decoding=\"async\" class=\"\" data-attachment-id=\"38473\" data-orig-file=\"https:\/\/cloud.alqueria.es\/wp-content\/uploads\/sites\/10\/2025\/02\/IMG20250221105724.jpg\" data-orig-size=\"1536,2048\" data-comments-opened=\"1\" data-image-meta=\"{&quot;aperture&quot;:&quot;0&quot;,&quot;credit&quot;:&quot;&quot;,&quot;camera&quot;:&quot;&quot;,&quot;caption&quot;:&quot;&quot;,&quot;created_timestamp&quot;:&quot;0&quot;,&quot;copyright&quot;:&quot;&quot;,&quot;focal_length&quot;:&quot;0&quot;,&quot;iso&quot;:&quot;0&quot;,&quot;shutter_speed&quot;:&quot;0&quot;,&quot;title&quot;:&quot;&quot;,&quot;orientation&quot;:&quot;0&quot;}\" data-image-title=\"IMG20250221105724\" data-image-description=\"\" data-medium-file=\"https:\/\/cloud.alqueria.es\/wp-content\/uploads\/sites\/10\/2025\/02\/IMG20250221105724-225x300.jpg\" data-large-file=\"https:\/\/cloud.alqueria.es\/wp-content\/uploads\/sites\/10\/2025\/02\/IMG20250221105724-768x1024.jpg\" src=\"https:\/\/i0.wp.com\/cloud.alqueria.es\/wp-content\/uploads\/sites\/10\/2025\/02\/IMG20250221105724.jpg?w=154&#038;h=154&#038;crop=1&#038;ssl=1\" width=\"154\" height=\"154\" loading=\"lazy\" data-original-width=\"154\" data-original-height=\"154\" itemprop=\"http:\/\/schema.org\/image\" title=\"IMG20250221105724\" alt=\"IMG20250221105724\" style=\"width: 154px; height: 154px;\" \/> <\/a> <\/div> <\/div> <div class=\"gallery-group\" style=\"width: 158px; height: 158px;\" data-original-width=\"158\" data-original-height=\"158\" > <div class=\"tiled-gallery-item \" itemprop=\"associatedMedia\" itemscope itemtype=\"http:\/\/schema.org\/ImageObject\"> <a href=\"https:\/\/www.alqueria.es\/blogs\/alqueriazulceleste\/2025\/02\/24\/fiesta-de-carnaval-2025\/img20250221110010\/\" border=\"0\" itemprop=\"url\"> <meta itemprop=\"width\" content=\"154\"> <meta itemprop=\"height\" content=\"154\"> <img decoding=\"async\" class=\"\" data-attachment-id=\"38474\" data-orig-file=\"https:\/\/cloud.alqueria.es\/wp-content\/uploads\/sites\/10\/2025\/02\/IMG20250221110010.jpg\" data-orig-size=\"1536,2048\" data-comments-opened=\"1\" data-image-meta=\"{&quot;aperture&quot;:&quot;0&quot;,&quot;credit&quot;:&quot;&quot;,&quot;camera&quot;:&quot;&quot;,&quot;caption&quot;:&quot;&quot;,&quot;created_timestamp&quot;:&quot;0&quot;,&quot;copyright&quot;:&quot;&quot;,&quot;focal_length&quot;:&quot;0&quot;,&quot;iso&quot;:&quot;0&quot;,&quot;shutter_speed&quot;:&quot;0&quot;,&quot;title&quot;:&quot;&quot;,&quot;orientation&quot;:&quot;0&quot;}\" data-image-title=\"IMG20250221110010\" data-image-description=\"\" data-medium-file=\"https:\/\/cloud.alqueria.es\/wp-content\/uploads\/sites\/10\/2025\/02\/IMG20250221110010-225x300.jpg\" data-large-file=\"https:\/\/cloud.alqueria.es\/wp-content\/uploads\/sites\/10\/2025\/02\/IMG20250221110010-768x1024.jpg\" src=\"https:\/\/i0.wp.com\/cloud.alqueria.es\/wp-content\/uploads\/sites\/10\/2025\/02\/IMG20250221110010.jpg?w=154&#038;h=154&#038;crop=1&#038;ssl=1\" width=\"154\" height=\"154\" loading=\"lazy\" data-original-width=\"154\" data-original-height=\"154\" itemprop=\"http:\/\/schema.org\/image\" title=\"IMG20250221110010\" alt=\"IMG20250221110010\" style=\"width: 154px; height: 154px;\" \/> <\/a> <\/div> <\/div> <div class=\"gallery-group\" style=\"width: 158px; height: 158px;\" data-original-width=\"158\" data-original-height=\"158\" > <div class=\"tiled-gallery-item \" itemprop=\"associatedMedia\" itemscope itemtype=\"http:\/\/schema.org\/ImageObject\"> <a href=\"https:\/\/www.alqueria.es\/blogs\/alqueriazulceleste\/2025\/02\/24\/fiesta-de-carnaval-2025\/img20250221105204\/\" border=\"0\" itemprop=\"url\"> <meta itemprop=\"width\" content=\"154\"> <meta itemprop=\"height\" content=\"154\"> <img decoding=\"async\" class=\"\" data-attachment-id=\"38472\" data-orig-file=\"https:\/\/cloud.alqueria.es\/wp-content\/uploads\/sites\/10\/2025\/02\/IMG20250221105204.jpg\" data-orig-size=\"1632,1224\" data-comments-opened=\"1\" data-image-meta=\"{&quot;aperture&quot;:&quot;0&quot;,&quot;credit&quot;:&quot;&quot;,&quot;camera&quot;:&quot;&quot;,&quot;caption&quot;:&quot;&quot;,&quot;created_timestamp&quot;:&quot;0&quot;,&quot;copyright&quot;:&quot;&quot;,&quot;focal_length&quot;:&quot;0&quot;,&quot;iso&quot;:&quot;0&quot;,&quot;shutter_speed&quot;:&quot;0&quot;,&quot;title&quot;:&quot;&quot;,&quot;orientation&quot;:&quot;0&quot;}\" data-image-title=\"IMG20250221105204\" data-image-description=\"\" data-medium-file=\"https:\/\/cloud.alqueria.es\/wp-content\/uploads\/sites\/10\/2025\/02\/IMG20250221105204-300x225.jpg\" data-large-file=\"https:\/\/cloud.alqueria.es\/wp-content\/uploads\/sites\/10\/2025\/02\/IMG20250221105204-1024x768.jpg\" src=\"https:\/\/i0.wp.com\/cloud.alqueria.es\/wp-content\/uploads\/sites\/10\/2025\/02\/IMG20250221105204.jpg?w=154&#038;h=154&#038;crop=1&#038;ssl=1\" width=\"154\" height=\"154\" loading=\"lazy\" data-original-width=\"154\" data-original-height=\"154\" itemprop=\"http:\/\/schema.org\/image\" title=\"IMG20250221105204\" alt=\"IMG20250221105204\" style=\"width: 154px; height: 154px;\" \/> <\/a> <\/div> <\/div> <\/div> <\/div>\n<p><img decoding=\"async\" class=\" wp-image-38497 alignright\" src=\"https:\/\/cloud.alqueria.es\/wp-content\/uploads\/sites\/10\/2025\/02\/IMG_20250221_104924-300x135.jpg\" alt=\"\" width=\"322\" height=\"145\" srcset=\"https:\/\/cloud.alqueria.es\/wp-content\/uploads\/sites\/10\/2025\/02\/IMG_20250221_104924-300x135.jpg 300w, https:\/\/cloud.alqueria.es\/wp-content\/uploads\/sites\/10\/2025\/02\/IMG_20250221_104924-1024x461.jpg 1024w, https:\/\/cloud.alqueria.es\/wp-content\/uploads\/sites\/10\/2025\/02\/IMG_20250221_104924-768x346.jpg 768w, https:\/\/cloud.alqueria.es\/wp-content\/uploads\/sites\/10\/2025\/02\/IMG_20250221_104924-1536x691.jpg 1536w, https:\/\/cloud.alqueria.es\/wp-content\/uploads\/sites\/10\/2025\/02\/IMG_20250221_104924-2048x922.jpg 2048w\" sizes=\"(max-width: 322px) 100vw, 322px\" \/><\/p>\n<p>Tras una reponedora <span style=\"color: #ff9900\">siesta<\/span> nos preparamos para asistir a la fiesta con nuestras familias. <span style=\"color: #ff9900\">\u00a1<strong>Muchas gracias por asistir!<\/strong><\/span><\/p>\n<p>Por la tarde, tanto el <strong>\u00a0<span style=\"color: #ff9900\">equipo de Alquer\u00eda y algunas familias,<\/span><\/strong> participaron con\u00a0 gran entusiasmo exhibiendo sus propias chirigotas, que bien lo pasamos, \u00a1Os animamos para el curso pr\u00f3ximo!.<\/p>\n<p><img decoding=\"async\" class=\" wp-image-38498 aligncenter\" src=\"https:\/\/cloud.alqueria.es\/wp-content\/uploads\/sites\/10\/2025\/02\/IMG_8963-300x257.jpeg\" alt=\"\" width=\"327\" height=\"280\" srcset=\"https:\/\/cloud.alqueria.es\/wp-content\/uploads\/sites\/10\/2025\/02\/IMG_8963-300x257.jpeg 300w, https:\/\/cloud.alqueria.es\/wp-content\/uploads\/sites\/10\/2025\/02\/IMG_8963-1024x877.jpeg 1024w, https:\/\/cloud.alqueria.es\/wp-content\/uploads\/sites\/10\/2025\/02\/IMG_8963-768x657.jpeg 768w, https:\/\/cloud.alqueria.es\/wp-content\/uploads\/sites\/10\/2025\/02\/IMG_8963.jpeg 1125w\" sizes=\"(max-width: 327px) 100vw, 327px\" \/><\/p>\n<p>Para cerrar la jornada compartimos una rica merienda fruta, deliciosa chocolatada y la tradicional torta de Carnaval.<\/p>\n<p>Espero que disfrutarais de la fiesta tanto como nosotros. Sobra decir que echamos mucho de menos\u00a0 a nuestros compa\u00f1eros <span style=\"color: #ff9900\">Jon\u00e1s<\/span> y\u00a0 \u00a0<span style=\"color: #ff9900\">Quinn<\/span> que no pudieron acompa\u00f1arnos en esta fiesta.\u00a0 Os mandamos un fuerte abrazo.<\/p>\n<p>Familias\u00a0 <strong><span style=\"color: #ff0000\">aprovecho para recordaros que esta semana es m\u00e1s corta de lo habitual y la pr\u00f3xima tambi\u00e9n<\/span>,<\/strong>\u00a0permaneciendo el centro cerrado desde el d\u00eda 27 de febrero hasta el 3 de marzo<strong>, <span style=\"color: #ff0000\">ambos incluidos.<\/span><\/strong><\/p>\n<p>Mientras tanto recargaremos pilas para la vuelta,<\/p>\n<p>\u00a1Hasta ma\u00f1ana!<\/p>\n<p>Un abrazo<\/p>\n<p><em>Estefan\u00eda<\/em><\/p>\n<p>&nbsp;<\/p>\n","protected":false},"excerpt":{"rendered":"<p>Estimadas familias: El jueves estuvimos ambient\u00e1ndonos para el carnaval , primero terminamos nuestra careta de pollito, la cu\u00e1l nos pusimos en la cabeza el viernes completando nuestro disfraz. Seguidamente disfrutamos tocando algunos instrumentos, bailando m\u00fasica carnavalera y\u00a0 qui\u00e9n quiso\u00a0 tambi\u00e9n se caracteriz\u00f3 maquill\u00e1ndose un poquito la cara. En la ma\u00f1ana del viernes los nervios estaban &hellip; <a href=\"https:\/\/www.alqueria.es\/blogs\/alqueriazulceleste\/2025\/02\/24\/fiesta-de-carnaval-2025\/\" class=\"more-link\">Seguir leyendo <span class=\"screen-reader-text\">FIESTA DE CARNAVAL 2025<\/span> <span class=\"meta-nav\">&rarr;<\/span><\/a><\/p>\n","protected":false},"author":28,"featured_media":0,"comment_status":"open","ping_status":"open","sticky":false,"template":"","format":"standard","meta":{"jetpack_post_was_ever_published":false,"_jetpack_newsletter_access":"","_jetpack_dont_email_post_to_subs":false,"_jetpack_newsletter_tier_id":0,"_jetpack_memberships_contains_paywalled_content":false,"_jetpack_memberships_contains_paid_content":false,"footnotes":"","jetpack_publicize_message":"","jetpack_publicize_feature_enabled":true,"jetpack_social_post_already_shared":true,"jetpack_social_options":{"image_generator_settings":{"template":"highway","default_image_id":0,"font":"","enabled":false},"version":2}},"categories":[5,6,164,49],"tags":[200],"class_list":["post-38398","post","type-post","status-publish","format-standard","hentry","category-clase-azul","category-clase-celeste","category-disfraces","category-fiestas","tag-fiesta-de-carnaval"],"jetpack_publicize_connections":[],"jetpack_featured_media_url":"","jetpack_sharing_enabled":true,"jetpack_shortlink":"https:\/\/wp.me\/p4mlAA-9Zk","_links":{"self":[{"href":"https:\/\/www.alqueria.es\/blogs\/alqueriazulceleste\/wp-json\/wp\/v2\/posts\/38398","targetHints":{"allow":["GET"]}}],"collection":[{"href":"https:\/\/www.alqueria.es\/blogs\/alqueriazulceleste\/wp-json\/wp\/v2\/posts"}],"about":[{"href":"https:\/\/www.alqueria.es\/blogs\/alqueriazulceleste\/wp-json\/wp\/v2\/types\/post"}],"author":[{"embeddable":true,"href":"https:\/\/www.alqueria.es\/blogs\/alqueriazulceleste\/wp-json\/wp\/v2\/users\/28"}],"replies":[{"embeddable":true,"href":"https:\/\/www.alqueria.es\/blogs\/alqueriazulceleste\/wp-json\/wp\/v2\/comments?post=38398"}],"version-history":[{"count":5,"href":"https:\/\/www.alqueria.es\/blogs\/alqueriazulceleste\/wp-json\/wp\/v2\/posts\/38398\/revisions"}],"predecessor-version":[{"id":38501,"href":"https:\/\/www.alqueria.es\/blogs\/alqueriazulceleste\/wp-json\/wp\/v2\/posts\/38398\/revisions\/38501"}],"wp:attachment":[{"href":"https:\/\/www.alqueria.es\/blogs\/alqueriazulceleste\/wp-json\/wp\/v2\/media?parent=38398"}],"wp:term":[{"taxonomy":"category","embeddable":true,"href":"https:\/\/www.alqueria.es\/blogs\/alqueriazulceleste\/wp-json\/wp\/v2\/categories?post=38398"},{"taxonomy":"post_tag","embeddable":true,"href":"https:\/\/www.alqueria.es\/blogs\/alqueriazulceleste\/wp-json\/wp\/v2\/tags?post=38398"}],"curies":[{"name":"wp","href":"https:\/\/api.w.org\/{rel}","templated":true}]}}