{"id":39377,"date":"2025-04-23T19:34:24","date_gmt":"2025-04-23T17:34:24","guid":{"rendered":"https:\/\/www.alqueria.es\/blogs\/alqueriazulceleste\/?p=39377"},"modified":"2025-04-23T19:34:24","modified_gmt":"2025-04-23T17:34:24","slug":"tercera-jornada-semana-de-la-lectura","status":"publish","type":"post","link":"https:\/\/www.alqueria.es\/blogs\/alqueriazulceleste\/2025\/04\/23\/tercera-jornada-semana-de-la-lectura\/","title":{"rendered":"TERCERA JORNADA.SEMANA DE LA LECTURA."},"content":{"rendered":"<p>Estimadas familias:<\/p>\n<p>En el d\u00eda de hoy hemos disfrutado de la colaboraci\u00f3n de varios familiares del grupo amarillo y azul que nos han deleitado con cuentos en diferentes lenguas<span style=\"color: #00ccff\"><strong> (Ingl\u00e9s, franc\u00e9s, portugu\u00e9s y alem\u00e1n).<\/strong><\/span><\/p>\n<p>Escuchar cuentos en distintos idiomas estimula el desarrollo del lenguaje y la imaginaci\u00f3n mientras aprenden a conocer otras culturas y formas de pensar.<\/p>\n<p><img decoding=\"async\" class=\"aligncenter\" src=\"https:\/\/cloud.alqueria.es\/wp-content\/uploads\/sites\/9\/2025\/04\/20250423_103709.jpg\" \/><\/p>\n<div id='gallery-1' class='gallery galleryid-39377 gallery-columns-3 gallery-size-full'><figure class='gallery-item'>\n\t\t\t<div class='gallery-icon landscape'>\n\t\t\t\t<a href='https:\/\/www.alqueria.es\/blogs\/alqueriazulceleste\/2025\/04\/23\/tercera-jornada-semana-de-la-lectura\/20250423_100540\/'><img decoding=\"async\" width=\"1632\" height=\"918\" src=\"https:\/\/cloud.alqueria.es\/wp-content\/uploads\/sites\/10\/2025\/04\/20250423_100540.jpg\" class=\"attachment-full size-full\" alt=\"\" srcset=\"https:\/\/cloud.alqueria.es\/wp-content\/uploads\/sites\/10\/2025\/04\/20250423_100540.jpg 1632w, https:\/\/cloud.alqueria.es\/wp-content\/uploads\/sites\/10\/2025\/04\/20250423_100540-300x169.jpg 300w, https:\/\/cloud.alqueria.es\/wp-content\/uploads\/sites\/10\/2025\/04\/20250423_100540-1024x576.jpg 1024w, https:\/\/cloud.alqueria.es\/wp-content\/uploads\/sites\/10\/2025\/04\/20250423_100540-768x432.jpg 768w, https:\/\/cloud.alqueria.es\/wp-content\/uploads\/sites\/10\/2025\/04\/20250423_100540-1536x864.jpg 1536w\" sizes=\"(max-width: 1632px) 100vw, 1632px\" \/><\/a>\n\t\t\t<\/div><\/figure><figure class='gallery-item'>\n\t\t\t<div class='gallery-icon landscape'>\n\t\t\t\t<a href='https:\/\/www.alqueria.es\/blogs\/alqueriazulceleste\/2025\/04\/23\/tercera-jornada-semana-de-la-lectura\/img_20250423_184913\/'><img decoding=\"async\" width=\"2048\" height=\"1536\" src=\"https:\/\/cloud.alqueria.es\/wp-content\/uploads\/sites\/10\/2025\/04\/IMG_20250423_184913.jpg\" class=\"attachment-full size-full\" alt=\"\" srcset=\"https:\/\/cloud.alqueria.es\/wp-content\/uploads\/sites\/10\/2025\/04\/IMG_20250423_184913.jpg 2048w, https:\/\/cloud.alqueria.es\/wp-content\/uploads\/sites\/10\/2025\/04\/IMG_20250423_184913-300x225.jpg 300w, https:\/\/cloud.alqueria.es\/wp-content\/uploads\/sites\/10\/2025\/04\/IMG_20250423_184913-1024x768.jpg 1024w, https:\/\/cloud.alqueria.es\/wp-content\/uploads\/sites\/10\/2025\/04\/IMG_20250423_184913-768x576.jpg 768w, https:\/\/cloud.alqueria.es\/wp-content\/uploads\/sites\/10\/2025\/04\/IMG_20250423_184913-1536x1152.jpg 1536w\" sizes=\"(max-width: 2048px) 100vw, 2048px\" \/><\/a>\n\t\t\t<\/div><\/figure><figure class='gallery-item'>\n\t\t\t<div class='gallery-icon landscape'>\n\t\t\t\t<a href='https:\/\/www.alqueria.es\/blogs\/alqueriazulceleste\/2025\/04\/23\/tercera-jornada-semana-de-la-lectura\/img20250423102708\/'><img decoding=\"async\" width=\"2048\" height=\"1536\" src=\"https:\/\/cloud.alqueria.es\/wp-content\/uploads\/sites\/10\/2025\/04\/IMG20250423102708.jpg\" class=\"attachment-full size-full\" alt=\"\" srcset=\"https:\/\/cloud.alqueria.es\/wp-content\/uploads\/sites\/10\/2025\/04\/IMG20250423102708.jpg 2048w, https:\/\/cloud.alqueria.es\/wp-content\/uploads\/sites\/10\/2025\/04\/IMG20250423102708-300x225.jpg 300w, https:\/\/cloud.alqueria.es\/wp-content\/uploads\/sites\/10\/2025\/04\/IMG20250423102708-1024x768.jpg 1024w, https:\/\/cloud.alqueria.es\/wp-content\/uploads\/sites\/10\/2025\/04\/IMG20250423102708-768x576.jpg 768w, https:\/\/cloud.alqueria.es\/wp-content\/uploads\/sites\/10\/2025\/04\/IMG20250423102708-1536x1152.jpg 1536w\" sizes=\"(max-width: 2048px) 100vw, 2048px\" \/><\/a>\n\t\t\t<\/div><\/figure><figure class='gallery-item'>\n\t\t\t<div class='gallery-icon landscape'>\n\t\t\t\t<a href='https:\/\/www.alqueria.es\/blogs\/alqueriazulceleste\/2025\/04\/23\/tercera-jornada-semana-de-la-lectura\/img_20250423_184734\/'><img decoding=\"async\" width=\"2048\" height=\"1536\" src=\"https:\/\/cloud.alqueria.es\/wp-content\/uploads\/sites\/10\/2025\/04\/IMG_20250423_184734.jpg\" class=\"attachment-full size-full\" alt=\"\" srcset=\"https:\/\/cloud.alqueria.es\/wp-content\/uploads\/sites\/10\/2025\/04\/IMG_20250423_184734.jpg 2048w, https:\/\/cloud.alqueria.es\/wp-content\/uploads\/sites\/10\/2025\/04\/IMG_20250423_184734-300x225.jpg 300w, https:\/\/cloud.alqueria.es\/wp-content\/uploads\/sites\/10\/2025\/04\/IMG_20250423_184734-1024x768.jpg 1024w, https:\/\/cloud.alqueria.es\/wp-content\/uploads\/sites\/10\/2025\/04\/IMG_20250423_184734-768x576.jpg 768w, https:\/\/cloud.alqueria.es\/wp-content\/uploads\/sites\/10\/2025\/04\/IMG_20250423_184734-1536x1152.jpg 1536w\" sizes=\"(max-width: 2048px) 100vw, 2048px\" \/><\/a>\n\t\t\t<\/div><\/figure><figure class='gallery-item'>\n\t\t\t<div class='gallery-icon landscape'>\n\t\t\t\t<a href='https:\/\/www.alqueria.es\/blogs\/alqueriazulceleste\/2025\/04\/23\/tercera-jornada-semana-de-la-lectura\/20250423_100809\/'><img decoding=\"async\" width=\"1632\" height=\"918\" src=\"https:\/\/cloud.alqueria.es\/wp-content\/uploads\/sites\/10\/2025\/04\/20250423_100809.jpg\" class=\"attachment-full size-full\" alt=\"\" srcset=\"https:\/\/cloud.alqueria.es\/wp-content\/uploads\/sites\/10\/2025\/04\/20250423_100809.jpg 1632w, https:\/\/cloud.alqueria.es\/wp-content\/uploads\/sites\/10\/2025\/04\/20250423_100809-300x169.jpg 300w, https:\/\/cloud.alqueria.es\/wp-content\/uploads\/sites\/10\/2025\/04\/20250423_100809-1024x576.jpg 1024w, https:\/\/cloud.alqueria.es\/wp-content\/uploads\/sites\/10\/2025\/04\/20250423_100809-768x432.jpg 768w, https:\/\/cloud.alqueria.es\/wp-content\/uploads\/sites\/10\/2025\/04\/20250423_100809-1536x864.jpg 1536w\" sizes=\"(max-width: 1632px) 100vw, 1632px\" \/><\/a>\n\t\t\t<\/div><\/figure>\n\t\t<\/div>\n\n<p>Gracias a<span style=\"color: #00ccff\"><strong> Sara, Mar\u00eda, Elena y Jose<\/strong><\/span> por participar el dia del libro.<\/p>\n<p>Nuestros azulitos hoy han recolectado sus<img decoding=\"async\" class=\"alignleft\" src=\"https:\/\/cloud.alqueria.es\/wp-content\/uploads\/sites\/9\/2025\/04\/20250423_113818-199x300.jpg\" width=\"155\" height=\"234\" \/> habas que tanto han crecido y las hemos probado \u00a1Qu\u00e9 ricas!. Junto con las macetas nos hemos llevado una para probarla.<\/p>\n<p>Mientras tanto nuestros celestes juegan en la terraza al solecito la mar de agusto junto con m\u00fasica tranquila.<\/p>\n<div class=\"tiled-gallery type-circle tiled-gallery-unresized\" data-original-width=\"474\" data-carousel-extra='null' itemscope itemtype=\"http:\/\/schema.org\/ImageGallery\" > <div class=\"gallery-row\" style=\"width: 474px; height: 158px;\" data-original-width=\"474\" data-original-height=\"158\" > <div class=\"gallery-group\" style=\"width: 158px; height: 158px;\" data-original-width=\"158\" data-original-height=\"158\" > <div class=\"tiled-gallery-item \" itemprop=\"associatedMedia\" itemscope itemtype=\"http:\/\/schema.org\/ImageObject\"> <a href=\"https:\/\/www.alqueria.es\/blogs\/alqueriazulceleste\/2025\/04\/23\/tercera-jornada-semana-de-la-lectura\/img_20250423_184511\/\" border=\"0\" itemprop=\"url\"> <meta itemprop=\"width\" content=\"154\"> <meta itemprop=\"height\" content=\"154\"> <img decoding=\"async\" class=\"\" data-attachment-id=\"39394\" data-orig-file=\"https:\/\/cloud.alqueria.es\/wp-content\/uploads\/sites\/10\/2025\/04\/IMG_20250423_184511.jpg\" data-orig-size=\"1632,1224\" data-comments-opened=\"1\" data-image-meta=\"{&quot;aperture&quot;:&quot;0&quot;,&quot;credit&quot;:&quot;&quot;,&quot;camera&quot;:&quot;&quot;,&quot;caption&quot;:&quot;&quot;,&quot;created_timestamp&quot;:&quot;0&quot;,&quot;copyright&quot;:&quot;&quot;,&quot;focal_length&quot;:&quot;0&quot;,&quot;iso&quot;:&quot;0&quot;,&quot;shutter_speed&quot;:&quot;0&quot;,&quot;title&quot;:&quot;&quot;,&quot;orientation&quot;:&quot;0&quot;}\" data-image-title=\"IMG_20250423_184511\" data-image-description=\"\" data-medium-file=\"https:\/\/cloud.alqueria.es\/wp-content\/uploads\/sites\/10\/2025\/04\/IMG_20250423_184511-300x225.jpg\" data-large-file=\"https:\/\/cloud.alqueria.es\/wp-content\/uploads\/sites\/10\/2025\/04\/IMG_20250423_184511-1024x768.jpg\" src=\"https:\/\/i0.wp.com\/cloud.alqueria.es\/wp-content\/uploads\/sites\/10\/2025\/04\/IMG_20250423_184511.jpg?w=154&#038;h=154&#038;crop=1&#038;ssl=1\" width=\"154\" height=\"154\" loading=\"lazy\" data-original-width=\"154\" data-original-height=\"154\" itemprop=\"http:\/\/schema.org\/image\" title=\"IMG_20250423_184511\" alt=\"IMG_20250423_184511\" style=\"width: 154px; height: 154px;\" \/> <\/a> <\/div> <\/div> <div class=\"gallery-group\" style=\"width: 158px; height: 158px;\" data-original-width=\"158\" data-original-height=\"158\" > <div class=\"tiled-gallery-item \" itemprop=\"associatedMedia\" itemscope itemtype=\"http:\/\/schema.org\/ImageObject\"> <a href=\"https:\/\/www.alqueria.es\/blogs\/alqueriazulceleste\/2025\/04\/23\/tercera-jornada-semana-de-la-lectura\/img_20250423_184241\/\" border=\"0\" itemprop=\"url\"> <meta itemprop=\"width\" content=\"154\"> <meta itemprop=\"height\" content=\"154\"> <img decoding=\"async\" class=\"\" data-attachment-id=\"39380\" data-orig-file=\"https:\/\/cloud.alqueria.es\/wp-content\/uploads\/sites\/10\/2025\/04\/IMG_20250423_184241.jpg\" data-orig-size=\"1536,2048\" data-comments-opened=\"1\" data-image-meta=\"{&quot;aperture&quot;:&quot;0&quot;,&quot;credit&quot;:&quot;&quot;,&quot;camera&quot;:&quot;&quot;,&quot;caption&quot;:&quot;&quot;,&quot;created_timestamp&quot;:&quot;0&quot;,&quot;copyright&quot;:&quot;&quot;,&quot;focal_length&quot;:&quot;0&quot;,&quot;iso&quot;:&quot;0&quot;,&quot;shutter_speed&quot;:&quot;0&quot;,&quot;title&quot;:&quot;&quot;,&quot;orientation&quot;:&quot;0&quot;}\" data-image-title=\"IMG_20250423_184241\" data-image-description=\"\" data-medium-file=\"https:\/\/cloud.alqueria.es\/wp-content\/uploads\/sites\/10\/2025\/04\/IMG_20250423_184241-225x300.jpg\" data-large-file=\"https:\/\/cloud.alqueria.es\/wp-content\/uploads\/sites\/10\/2025\/04\/IMG_20250423_184241-768x1024.jpg\" src=\"https:\/\/i0.wp.com\/cloud.alqueria.es\/wp-content\/uploads\/sites\/10\/2025\/04\/IMG_20250423_184241.jpg?w=154&#038;h=154&#038;crop=1&#038;ssl=1\" width=\"154\" height=\"154\" loading=\"lazy\" data-original-width=\"154\" data-original-height=\"154\" itemprop=\"http:\/\/schema.org\/image\" title=\"IMG_20250423_184241\" alt=\"IMG_20250423_184241\" style=\"width: 154px; height: 154px;\" \/> <\/a> <\/div> <\/div> <div class=\"gallery-group\" style=\"width: 158px; height: 158px;\" data-original-width=\"158\" data-original-height=\"158\" > <div class=\"tiled-gallery-item \" itemprop=\"associatedMedia\" itemscope itemtype=\"http:\/\/schema.org\/ImageObject\"> <a href=\"https:\/\/www.alqueria.es\/blogs\/alqueriazulceleste\/2025\/04\/23\/tercera-jornada-semana-de-la-lectura\/img20250423111430\/\" border=\"0\" itemprop=\"url\"> <meta itemprop=\"width\" content=\"154\"> <meta itemprop=\"height\" content=\"154\"> <img decoding=\"async\" class=\"\" data-attachment-id=\"39381\" data-orig-file=\"https:\/\/cloud.alqueria.es\/wp-content\/uploads\/sites\/10\/2025\/04\/IMG20250423111430.jpg\" data-orig-size=\"2048,1536\" data-comments-opened=\"1\" data-image-meta=\"{&quot;aperture&quot;:&quot;0&quot;,&quot;credit&quot;:&quot;&quot;,&quot;camera&quot;:&quot;&quot;,&quot;caption&quot;:&quot;&quot;,&quot;created_timestamp&quot;:&quot;0&quot;,&quot;copyright&quot;:&quot;&quot;,&quot;focal_length&quot;:&quot;0&quot;,&quot;iso&quot;:&quot;0&quot;,&quot;shutter_speed&quot;:&quot;0&quot;,&quot;title&quot;:&quot;&quot;,&quot;orientation&quot;:&quot;0&quot;}\" data-image-title=\"IMG20250423111430\" data-image-description=\"\" data-medium-file=\"https:\/\/cloud.alqueria.es\/wp-content\/uploads\/sites\/10\/2025\/04\/IMG20250423111430-300x225.jpg\" data-large-file=\"https:\/\/cloud.alqueria.es\/wp-content\/uploads\/sites\/10\/2025\/04\/IMG20250423111430-1024x768.jpg\" src=\"https:\/\/i0.wp.com\/cloud.alqueria.es\/wp-content\/uploads\/sites\/10\/2025\/04\/IMG20250423111430.jpg?w=154&#038;h=154&#038;crop=1&#038;ssl=1\" width=\"154\" height=\"154\" loading=\"lazy\" data-original-width=\"154\" data-original-height=\"154\" itemprop=\"http:\/\/schema.org\/image\" title=\"IMG20250423111430\" alt=\"IMG20250423111430\" style=\"width: 154px; height: 154px;\" \/> <\/a> <\/div> <\/div> <\/div> <\/div>\n<p>Por la tarde tambi\u00e9n hemos tenido dos colaboraciones<em><span style=\"color: #00ccff\">. Virginia (mam\u00e1 de Daniel) e Isabel (abuela de Daniela).<img decoding=\"async\" class=\"alignleft size-medium wp-image-39390\" src=\"https:\/\/cloud.alqueria.es\/wp-content\/uploads\/sites\/10\/2025\/04\/IMG20250423155839-300x225.jpg\" alt=\"\" width=\"300\" height=\"225\" srcset=\"https:\/\/cloud.alqueria.es\/wp-content\/uploads\/sites\/10\/2025\/04\/IMG20250423155839-300x225.jpg 300w, https:\/\/cloud.alqueria.es\/wp-content\/uploads\/sites\/10\/2025\/04\/IMG20250423155839-1024x768.jpg 1024w, https:\/\/cloud.alqueria.es\/wp-content\/uploads\/sites\/10\/2025\/04\/IMG20250423155839-768x576.jpg 768w, https:\/\/cloud.alqueria.es\/wp-content\/uploads\/sites\/10\/2025\/04\/IMG20250423155839-1536x1152.jpg 1536w, https:\/\/cloud.alqueria.es\/wp-content\/uploads\/sites\/10\/2025\/04\/IMG20250423155839.jpg 1632w\" sizes=\"(max-width: 300px) 100vw, 300px\" \/><\/span><\/em><\/p>\n<p>&nbsp;<\/p>\n<p><strong>\u00a0\u00a1Muchas gracias por venir e intervenir en este d\u00eda tan especial!<\/strong><\/p>\n<p>&nbsp;<\/p>\n<p>&nbsp;<\/p>\n<div id='gallery-3' class='gallery galleryid-39377 gallery-columns-3 gallery-size-full'><figure class='gallery-item'>\n\t\t\t<div class='gallery-icon landscape'>\n\t\t\t\t<a href='https:\/\/www.alqueria.es\/blogs\/alqueriazulceleste\/2025\/04\/23\/tercera-jornada-semana-de-la-lectura\/img20250423154234\/'><img decoding=\"async\" width=\"1632\" height=\"1224\" src=\"https:\/\/cloud.alqueria.es\/wp-content\/uploads\/sites\/10\/2025\/04\/IMG20250423154234.jpg\" class=\"attachment-full size-full\" alt=\"\" srcset=\"https:\/\/cloud.alqueria.es\/wp-content\/uploads\/sites\/10\/2025\/04\/IMG20250423154234.jpg 1632w, https:\/\/cloud.alqueria.es\/wp-content\/uploads\/sites\/10\/2025\/04\/IMG20250423154234-300x225.jpg 300w, https:\/\/cloud.alqueria.es\/wp-content\/uploads\/sites\/10\/2025\/04\/IMG20250423154234-1024x768.jpg 1024w, https:\/\/cloud.alqueria.es\/wp-content\/uploads\/sites\/10\/2025\/04\/IMG20250423154234-768x576.jpg 768w, https:\/\/cloud.alqueria.es\/wp-content\/uploads\/sites\/10\/2025\/04\/IMG20250423154234-1536x1152.jpg 1536w\" sizes=\"(max-width: 1632px) 100vw, 1632px\" \/><\/a>\n\t\t\t<\/div><\/figure><figure class='gallery-item'>\n\t\t\t<div class='gallery-icon landscape'>\n\t\t\t\t<a href='https:\/\/www.alqueria.es\/blogs\/alqueriazulceleste\/2025\/04\/23\/tercera-jornada-semana-de-la-lectura\/img20250423153752\/'><img decoding=\"async\" width=\"1632\" height=\"1224\" src=\"https:\/\/cloud.alqueria.es\/wp-content\/uploads\/sites\/10\/2025\/04\/IMG20250423153752.jpg\" class=\"attachment-full size-full\" alt=\"\" srcset=\"https:\/\/cloud.alqueria.es\/wp-content\/uploads\/sites\/10\/2025\/04\/IMG20250423153752.jpg 1632w, https:\/\/cloud.alqueria.es\/wp-content\/uploads\/sites\/10\/2025\/04\/IMG20250423153752-300x225.jpg 300w, https:\/\/cloud.alqueria.es\/wp-content\/uploads\/sites\/10\/2025\/04\/IMG20250423153752-1024x768.jpg 1024w, https:\/\/cloud.alqueria.es\/wp-content\/uploads\/sites\/10\/2025\/04\/IMG20250423153752-768x576.jpg 768w, https:\/\/cloud.alqueria.es\/wp-content\/uploads\/sites\/10\/2025\/04\/IMG20250423153752-1536x1152.jpg 1536w\" sizes=\"(max-width: 1632px) 100vw, 1632px\" \/><\/a>\n\t\t\t<\/div><\/figure><figure class='gallery-item'>\n\t\t\t<div class='gallery-icon landscape'>\n\t\t\t\t<a href='https:\/\/www.alqueria.es\/blogs\/alqueriazulceleste\/2025\/04\/23\/tercera-jornada-semana-de-la-lectura\/img20250423155543\/'><img decoding=\"async\" width=\"1632\" height=\"1224\" src=\"https:\/\/cloud.alqueria.es\/wp-content\/uploads\/sites\/10\/2025\/04\/IMG20250423155543.jpg\" class=\"attachment-full size-full\" alt=\"\" srcset=\"https:\/\/cloud.alqueria.es\/wp-content\/uploads\/sites\/10\/2025\/04\/IMG20250423155543.jpg 1632w, https:\/\/cloud.alqueria.es\/wp-content\/uploads\/sites\/10\/2025\/04\/IMG20250423155543-300x225.jpg 300w, https:\/\/cloud.alqueria.es\/wp-content\/uploads\/sites\/10\/2025\/04\/IMG20250423155543-1024x768.jpg 1024w, https:\/\/cloud.alqueria.es\/wp-content\/uploads\/sites\/10\/2025\/04\/IMG20250423155543-768x576.jpg 768w, https:\/\/cloud.alqueria.es\/wp-content\/uploads\/sites\/10\/2025\/04\/IMG20250423155543-1536x1152.jpg 1536w\" sizes=\"(max-width: 1632px) 100vw, 1632px\" \/><\/a>\n\t\t\t<\/div><\/figure>\n\t\t<\/div>\n\n<p><span style=\"color: #00ccff\"><strong>Por cierto&#8230;\u00a1 FELIZ DIA DEL LIBRO !<\/strong><\/span><\/p>\n<p><em><strong>\u00abUn cuento no es solo una historia, sino una invitaci\u00f3n a pensar, a sentir y a vivir.\u00bb\u00a0<\/strong><\/em><\/p>\n<p>Hoy nos hemos llevado nuestra <span style=\"color: #00ccff\">maceta<\/span> aludiendo al bonito lema de <span style=\"color: #00ccff\">S<strong>a<\/strong><strong>nt Jordi\u00a0 <em>\u00abTe regalo un mundo por un suspiro, una historia por una flor\u00bb .\u00a0 <\/em><\/strong><\/span><span style=\"color: #00ccff\"><strong><em><span style=\"color: #000000\">MUCHAS GRACIAS POR LOS CUENTOS APORTADOS A LA BIBLIOTECA DE LA CLASE AZUL Y VUESTRAS DEDICATORIAS.<\/span><\/em><\/strong><\/span><\/p>\n<p>Ma\u00f1ana nos esperan nuevas aventuras.<\/p>\n<p>Un abrazo<\/p>\n<p><em>Estefan\u00eda<\/em><\/p>\n<p>&nbsp;<\/p>\n","protected":false},"excerpt":{"rendered":"<p>Estimadas familias: En el d\u00eda de hoy hemos disfrutado de la colaboraci\u00f3n de varios familiares del grupo amarillo y azul que nos han deleitado con cuentos en diferentes lenguas (Ingl\u00e9s, franc\u00e9s, portugu\u00e9s y alem\u00e1n). Escuchar cuentos en distintos idiomas estimula el desarrollo del lenguaje y la imaginaci\u00f3n mientras aprenden a conocer otras culturas y formas &hellip; <a href=\"https:\/\/www.alqueria.es\/blogs\/alqueriazulceleste\/2025\/04\/23\/tercera-jornada-semana-de-la-lectura\/\" class=\"more-link\">Seguir leyendo <span class=\"screen-reader-text\">TERCERA JORNADA.SEMANA DE LA LECTURA.<\/span> <span class=\"meta-nav\">&rarr;<\/span><\/a><\/p>\n","protected":false},"author":28,"featured_media":0,"comment_status":"open","ping_status":"open","sticky":false,"template":"","format":"standard","meta":{"jetpack_post_was_ever_published":false,"_jetpack_newsletter_access":"","_jetpack_dont_email_post_to_subs":false,"_jetpack_newsletter_tier_id":0,"_jetpack_memberships_contains_paywalled_content":false,"_jetpack_memberships_contains_paid_content":false,"footnotes":"","jetpack_publicize_message":"","jetpack_publicize_feature_enabled":true,"jetpack_social_post_already_shared":true,"jetpack_social_options":{"image_generator_settings":{"template":"highway","default_image_id":0,"font":"","enabled":false},"version":2}},"categories":[5,6,169,113],"tags":[56],"class_list":["post-39377","post","type-post","status-publish","format-standard","hentry","category-clase-azul","category-clase-celeste","category-cuenta-cuentos","category-semana-de-la-lectura","tag-semana-de-la-lectura"],"jetpack_publicize_connections":[],"jetpack_featured_media_url":"","jetpack_sharing_enabled":true,"jetpack_shortlink":"https:\/\/wp.me\/p4mlAA-af7","_links":{"self":[{"href":"https:\/\/www.alqueria.es\/blogs\/alqueriazulceleste\/wp-json\/wp\/v2\/posts\/39377","targetHints":{"allow":["GET"]}}],"collection":[{"href":"https:\/\/www.alqueria.es\/blogs\/alqueriazulceleste\/wp-json\/wp\/v2\/posts"}],"about":[{"href":"https:\/\/www.alqueria.es\/blogs\/alqueriazulceleste\/wp-json\/wp\/v2\/types\/post"}],"author":[{"embeddable":true,"href":"https:\/\/www.alqueria.es\/blogs\/alqueriazulceleste\/wp-json\/wp\/v2\/users\/28"}],"replies":[{"embeddable":true,"href":"https:\/\/www.alqueria.es\/blogs\/alqueriazulceleste\/wp-json\/wp\/v2\/comments?post=39377"}],"version-history":[{"count":2,"href":"https:\/\/www.alqueria.es\/blogs\/alqueriazulceleste\/wp-json\/wp\/v2\/posts\/39377\/revisions"}],"predecessor-version":[{"id":39400,"href":"https:\/\/www.alqueria.es\/blogs\/alqueriazulceleste\/wp-json\/wp\/v2\/posts\/39377\/revisions\/39400"}],"wp:attachment":[{"href":"https:\/\/www.alqueria.es\/blogs\/alqueriazulceleste\/wp-json\/wp\/v2\/media?parent=39377"}],"wp:term":[{"taxonomy":"category","embeddable":true,"href":"https:\/\/www.alqueria.es\/blogs\/alqueriazulceleste\/wp-json\/wp\/v2\/categories?post=39377"},{"taxonomy":"post_tag","embeddable":true,"href":"https:\/\/www.alqueria.es\/blogs\/alqueriazulceleste\/wp-json\/wp\/v2\/tags?post=39377"}],"curies":[{"name":"wp","href":"https:\/\/api.w.org\/{rel}","templated":true}]}}