{"id":41274,"date":"2026-03-06T19:38:16","date_gmt":"2026-03-06T18:38:16","guid":{"rendered":"https:\/\/www.alqueria.es\/blogs\/alqueriazulceleste\/?p=41274"},"modified":"2026-03-06T19:38:16","modified_gmt":"2026-03-06T18:38:16","slug":"nos-preparamos-para-la-salida-2","status":"publish","type":"post","link":"https:\/\/www.alqueria.es\/blogs\/alqueriazulceleste\/2026\/03\/06\/nos-preparamos-para-la-salida-2\/","title":{"rendered":"NOS PREPARAMOS PARA LA SALIDA"},"content":{"rendered":"<p><em>Estimadas familias:<\/em><\/p>\n<p>Esta semana nos hemos preparado para nuestra pr\u00f3xima aventura, la <strong>salida a la Vaquer\u00eda Maravillas<\/strong> conociendo un poquito m\u00e1s a las vacas. A trav\u00e9s de cuentos, im\u00e1genes, canciones y juegos hemos descubierto c\u00f3mo son, qu\u00e9 sonido hacen y d\u00f3nde viven. Los azulitos y celestitos han disfrutado observando sus manchas, imitando su \u201cmuuu\u201d y explorando materiales relacionados con la granja.<\/p>\n<p><img decoding=\"async\" class=\"aligncenter wp-image-41276\" src=\"https:\/\/cloud.alqueria.es\/wp-content\/uploads\/sites\/10\/2026\/03\/image0-1-300x225.jpeg\" alt=\"\" width=\"280\" height=\"210\" srcset=\"https:\/\/cloud.alqueria.es\/wp-content\/uploads\/sites\/10\/2026\/03\/image0-1-300x225.jpeg 300w, https:\/\/cloud.alqueria.es\/wp-content\/uploads\/sites\/10\/2026\/03\/image0-1.jpeg 640w\" sizes=\"(max-width: 280px) 100vw, 280px\" \/><\/p>\n<p>Hemos realizado un <strong data-start=\"44\" data-end=\"77\">taller art\u00edstico muy especial<\/strong> en el que hemos creado <strong data-start=\"101\" data-end=\"110\">vacas<\/strong> utilizando materiales sencillos. Cada peque ha trabajado con un <strong data-start=\"175\" data-end=\"194\">plato de cart\u00f3n<\/strong> que hemos convertido en la carita de una vaca. Para ello, hemos pegado <strong data-start=\"266\" data-end=\"320\">recortes de cartulina negra para hacer las manchas<\/strong>, a\u00f1adido <strong data-start=\"330\" data-end=\"345\">unos ojitos<\/strong> y colocado <strong data-start=\"357\" data-end=\"381\">orejas con pegatinas<\/strong>. Durante el taller los peque\u00f1os han podido <strong data-start=\"433\" data-end=\"494\">explorar, pegar y observar c\u00f3mo su vaca iba tomando forma.<\/strong><\/p>\n<p><img decoding=\"async\" class=\"aligncenter size-medium wp-image-41277\" src=\"https:\/\/cloud.alqueria.es\/wp-content\/uploads\/sites\/10\/2026\/03\/61ff49cf-d1c7-4190-8676-91afcae89442-225x300.jpeg\" alt=\"\" width=\"225\" height=\"300\" srcset=\"https:\/\/cloud.alqueria.es\/wp-content\/uploads\/sites\/10\/2026\/03\/61ff49cf-d1c7-4190-8676-91afcae89442-225x300.jpeg 225w, https:\/\/cloud.alqueria.es\/wp-content\/uploads\/sites\/10\/2026\/03\/61ff49cf-d1c7-4190-8676-91afcae89442.jpeg 480w\" sizes=\"(max-width: 225px) 100vw, 225px\" \/><\/p>\n<p>Tambi\u00e9n hemos bajado al <strong data-start=\"28\" data-end=\"38\">jard\u00edn<\/strong> para practicar c\u00f3mo ir <strong data-start=\"62\" data-end=\"87\">agarrados a la cuerda<\/strong>, una actividad que nos ayuda a prepararnos para nuestras salidas fuera del cole. De esta forma, los peques aprenden a caminar juntos, sin soltarse y siguiendo el ritmo del grupo, algo muy importante para desplazarnos con seguridad. Adem\u00e1s, cada d\u00eda demuestran m\u00e1s autonom\u00eda, ya que <strong data-start=\"375\" data-end=\"424\">ya saben subir y bajar las escaleras muy bien<\/strong>, haci\u00e9ndolo con mayor seguridad y confianza. \u00a1Poco a poco vamos aprendiendo muchas cosas nuevas!<\/p>\n<div class=\"tiled-gallery type-circle tiled-gallery-unresized\" data-original-width=\"474\" data-carousel-extra='null' itemscope itemtype=\"http:\/\/schema.org\/ImageGallery\" > <div class=\"gallery-row\" style=\"width: 474px; height: 237px;\" data-original-width=\"474\" data-original-height=\"237\" > <div class=\"gallery-group\" style=\"width: 237px; height: 237px;\" data-original-width=\"237\" data-original-height=\"237\" > <div class=\"tiled-gallery-item \" itemprop=\"associatedMedia\" itemscope itemtype=\"http:\/\/schema.org\/ImageObject\"> <a href=\"https:\/\/www.alqueria.es\/blogs\/alqueriazulceleste\/2026\/03\/06\/nos-preparamos-para-la-salida-2\/311c3870-9842-473b-9a66-de6de1526d75\/\" border=\"0\" itemprop=\"url\"> <meta itemprop=\"width\" content=\"233\"> <meta itemprop=\"height\" content=\"233\"> <img decoding=\"async\" class=\"\" data-attachment-id=\"41278\" data-orig-file=\"https:\/\/cloud.alqueria.es\/wp-content\/uploads\/sites\/10\/2026\/03\/311c3870-9842-473b-9a66-de6de1526d75.jpeg\" data-orig-size=\"480,640\" data-comments-opened=\"1\" data-image-meta=\"{&quot;aperture&quot;:&quot;0&quot;,&quot;credit&quot;:&quot;&quot;,&quot;camera&quot;:&quot;&quot;,&quot;caption&quot;:&quot;&quot;,&quot;created_timestamp&quot;:&quot;0&quot;,&quot;copyright&quot;:&quot;&quot;,&quot;focal_length&quot;:&quot;0&quot;,&quot;iso&quot;:&quot;0&quot;,&quot;shutter_speed&quot;:&quot;0&quot;,&quot;title&quot;:&quot;&quot;,&quot;orientation&quot;:&quot;0&quot;}\" data-image-title=\"311c3870-9842-473b-9a66-de6de1526d75\" data-image-description=\"\" data-medium-file=\"https:\/\/cloud.alqueria.es\/wp-content\/uploads\/sites\/10\/2026\/03\/311c3870-9842-473b-9a66-de6de1526d75-225x300.jpeg\" data-large-file=\"https:\/\/cloud.alqueria.es\/wp-content\/uploads\/sites\/10\/2026\/03\/311c3870-9842-473b-9a66-de6de1526d75.jpeg\" src=\"https:\/\/i0.wp.com\/cloud.alqueria.es\/wp-content\/uploads\/sites\/10\/2026\/03\/311c3870-9842-473b-9a66-de6de1526d75.jpeg?w=233&#038;h=233&#038;crop=1&#038;ssl=1\" width=\"233\" height=\"233\" loading=\"lazy\" data-original-width=\"233\" data-original-height=\"233\" itemprop=\"http:\/\/schema.org\/image\" title=\"311c3870-9842-473b-9a66-de6de1526d75\" alt=\"311c3870-9842-473b-9a66-de6de1526d75\" style=\"width: 233px; height: 233px;\" \/> <\/a> <\/div> <\/div> <div class=\"gallery-group\" style=\"width: 237px; height: 237px;\" data-original-width=\"237\" data-original-height=\"237\" > <div class=\"tiled-gallery-item \" itemprop=\"associatedMedia\" itemscope itemtype=\"http:\/\/schema.org\/ImageObject\"> <a href=\"https:\/\/www.alqueria.es\/blogs\/alqueriazulceleste\/2026\/03\/06\/nos-preparamos-para-la-salida-2\/image0-2-3\/\" border=\"0\" itemprop=\"url\"> <meta itemprop=\"width\" content=\"233\"> <meta itemprop=\"height\" content=\"233\"> <img decoding=\"async\" class=\"\" data-attachment-id=\"41279\" data-orig-file=\"https:\/\/cloud.alqueria.es\/wp-content\/uploads\/sites\/10\/2026\/03\/image0-2.jpeg\" data-orig-size=\"480,640\" data-comments-opened=\"1\" data-image-meta=\"{&quot;aperture&quot;:&quot;0&quot;,&quot;credit&quot;:&quot;&quot;,&quot;camera&quot;:&quot;&quot;,&quot;caption&quot;:&quot;&quot;,&quot;created_timestamp&quot;:&quot;0&quot;,&quot;copyright&quot;:&quot;&quot;,&quot;focal_length&quot;:&quot;0&quot;,&quot;iso&quot;:&quot;0&quot;,&quot;shutter_speed&quot;:&quot;0&quot;,&quot;title&quot;:&quot;&quot;,&quot;orientation&quot;:&quot;0&quot;}\" data-image-title=\"image0 (2)\" data-image-description=\"\" data-medium-file=\"https:\/\/cloud.alqueria.es\/wp-content\/uploads\/sites\/10\/2026\/03\/image0-2-225x300.jpeg\" data-large-file=\"https:\/\/cloud.alqueria.es\/wp-content\/uploads\/sites\/10\/2026\/03\/image0-2.jpeg\" src=\"https:\/\/i0.wp.com\/cloud.alqueria.es\/wp-content\/uploads\/sites\/10\/2026\/03\/image0-2.jpeg?w=233&#038;h=233&#038;crop=1&#038;ssl=1\" width=\"233\" height=\"233\" loading=\"lazy\" data-original-width=\"233\" data-original-height=\"233\" itemprop=\"http:\/\/schema.org\/image\" title=\"image0 (2)\" alt=\"image0 (2)\" style=\"width: 233px; height: 233px;\" \/> <\/a> <\/div> <\/div> <\/div> <\/div>\n<p>Adem\u00e1s, aprovechamos el paseo para <strong data-start=\"307\" data-end=\"362\">visitar a los peces que hay en el estanque del cole<\/strong>, un momento que les ha encantado, ya que han podido observar c\u00f3mo nadaban en el agua.<\/p>\n<p><img decoding=\"async\" class=\"aligncenter size-medium wp-image-41280\" src=\"https:\/\/cloud.alqueria.es\/wp-content\/uploads\/sites\/10\/2026\/03\/IMG_1116-225x300.jpeg\" alt=\"\" width=\"225\" height=\"300\" srcset=\"https:\/\/cloud.alqueria.es\/wp-content\/uploads\/sites\/10\/2026\/03\/IMG_1116-225x300.jpeg 225w, https:\/\/cloud.alqueria.es\/wp-content\/uploads\/sites\/10\/2026\/03\/IMG_1116.jpeg 480w\" sizes=\"(max-width: 225px) 100vw, 225px\" \/><\/p>\n<p>Hemos disfrutado tambi\u00e9n del <strong data-start=\"33\" data-end=\"80\">juego heur\u00edstico con los azulitos<\/strong>. Durante la sesi\u00f3n, los peques han explorado y manipulado diferentes materiales como <strong data-start=\"166\" data-end=\"224\">tubos de papel, piezas, tapaderas de toallitas y latas<\/strong>. A trav\u00e9s de este tipo de juego libre, los peque\u00f1os experimentan, descubren sonidos, tama\u00f1os y formas, y desarrollan su curiosidad natural mientras manipulan y combinan los objetos a su manera.<\/p>\n<div id='gallery-2' class='gallery galleryid-41274 gallery-columns-3 gallery-size-thumbnail'><figure class='gallery-item'>\n\t\t\t<div class='gallery-icon landscape'>\n\t\t\t\t<a href='https:\/\/www.alqueria.es\/blogs\/alqueriazulceleste\/2026\/03\/06\/nos-preparamos-para-la-salida-2\/image3-7\/'><img decoding=\"async\" width=\"150\" height=\"150\" src=\"https:\/\/cloud.alqueria.es\/wp-content\/uploads\/sites\/10\/2026\/03\/image3-150x150.jpeg\" class=\"attachment-thumbnail size-thumbnail\" alt=\"\" \/><\/a>\n\t\t\t<\/div><\/figure><figure class='gallery-item'>\n\t\t\t<div class='gallery-icon portrait'>\n\t\t\t\t<a href='https:\/\/www.alqueria.es\/blogs\/alqueriazulceleste\/2026\/03\/06\/nos-preparamos-para-la-salida-2\/image1-1-3\/'><img decoding=\"async\" width=\"150\" height=\"150\" src=\"https:\/\/cloud.alqueria.es\/wp-content\/uploads\/sites\/10\/2026\/03\/image1-1-150x150.jpeg\" class=\"attachment-thumbnail size-thumbnail\" alt=\"\" \/><\/a>\n\t\t\t<\/div><\/figure><figure class='gallery-item'>\n\t\t\t<div class='gallery-icon portrait'>\n\t\t\t\t<a href='https:\/\/www.alqueria.es\/blogs\/alqueriazulceleste\/2026\/03\/06\/nos-preparamos-para-la-salida-2\/image2-11\/'><img decoding=\"async\" width=\"150\" height=\"150\" src=\"https:\/\/cloud.alqueria.es\/wp-content\/uploads\/sites\/10\/2026\/03\/image2-150x150.jpeg\" class=\"attachment-thumbnail size-thumbnail\" alt=\"\" \/><\/a>\n\t\t\t<\/div><\/figure>\n\t\t<\/div>\n\n<p>Los <strong data-start=\"383\" data-end=\"395\">celestes<\/strong> han jugado con el <strong data-start=\"427\" data-end=\"451\">cesto de los tesoros<\/strong>, donde han podido explorar distintos objetos cotidianos con diferentes texturas, formas y materiales.<\/p>\n<p><img decoding=\"async\" class=\"aligncenter size-medium wp-image-41284\" src=\"https:\/\/cloud.alqueria.es\/wp-content\/uploads\/sites\/10\/2026\/03\/image0-3-300x225.jpeg\" alt=\"\" width=\"300\" height=\"225\" srcset=\"https:\/\/cloud.alqueria.es\/wp-content\/uploads\/sites\/10\/2026\/03\/image0-3-300x225.jpeg 300w, https:\/\/cloud.alqueria.es\/wp-content\/uploads\/sites\/10\/2026\/03\/image0-3.jpeg 640w\" sizes=\"(max-width: 300px) 100vw, 300px\" \/><\/p>\n<p>En el <strong data-start=\"6\" data-end=\"26\">taller sensorial<\/strong>, los <strong data-start=\"32\" data-end=\"44\">azulitos<\/strong> hemos realizado una actividad muy divertida: \u00a1<strong data-start=\"91\" data-end=\"118\">hemos orde\u00f1ado una vaca<\/strong>! Para ello, utilizamos una vaca preparada con un <strong data-start=\"168\" data-end=\"201\">guante que simulaba las ubres<\/strong>, lo que nos permiti\u00f3 apretar suavemente y observar c\u00f3mo sal\u00eda el l\u00edquido, como si estuvi\u00e9ramos orde\u00f1ando de verdad. Los peques se mostraron muy curiosos y participaron con entusiasmo, explorando la acci\u00f3n de apretar y experimentando con esta propuesta sensorial tan original.<\/p>\n<p class=\"jetpack-slideshow-noscript robots-nocontent\">El pase de diapositivas requiere JavaScript.<\/p><div id=\"gallery-41274-1-slideshow\" class=\"jetpack-slideshow-window jetpack-slideshow jetpack-slideshow-black\" data-trans=\"fade\" data-autostart=\"1\" data-gallery=\"[{&quot;src&quot;:&quot;https:\\\/\\\/cloud.alqueria.es\\\/wp-content\\\/uploads\\\/sites\\\/10\\\/2026\\\/03\\\/IMG_1129.jpeg&quot;,&quot;id&quot;:&quot;41285&quot;,&quot;title&quot;:&quot;IMG_1129&quot;,&quot;alt&quot;:&quot;&quot;,&quot;caption&quot;:&quot;&quot;,&quot;itemprop&quot;:&quot;image&quot;},{&quot;src&quot;:&quot;https:\\\/\\\/cloud.alqueria.es\\\/wp-content\\\/uploads\\\/sites\\\/10\\\/2026\\\/03\\\/IMG_1131.jpeg&quot;,&quot;id&quot;:&quot;41286&quot;,&quot;title&quot;:&quot;IMG_1131&quot;,&quot;alt&quot;:&quot;&quot;,&quot;caption&quot;:&quot;&quot;,&quot;itemprop&quot;:&quot;image&quot;},{&quot;src&quot;:&quot;https:\\\/\\\/cloud.alqueria.es\\\/wp-content\\\/uploads\\\/sites\\\/10\\\/2026\\\/03\\\/IMG_1137.jpeg&quot;,&quot;id&quot;:&quot;41287&quot;,&quot;title&quot;:&quot;IMG_1137&quot;,&quot;alt&quot;:&quot;&quot;,&quot;caption&quot;:&quot;&quot;,&quot;itemprop&quot;:&quot;image&quot;},{&quot;src&quot;:&quot;https:\\\/\\\/cloud.alqueria.es\\\/wp-content\\\/uploads\\\/sites\\\/10\\\/2026\\\/03\\\/IMG_1139-1.jpeg&quot;,&quot;id&quot;:&quot;41288&quot;,&quot;title&quot;:&quot;IMG_1139 (1)&quot;,&quot;alt&quot;:&quot;&quot;,&quot;caption&quot;:&quot;&quot;,&quot;itemprop&quot;:&quot;image&quot;},{&quot;src&quot;:&quot;https:\\\/\\\/cloud.alqueria.es\\\/wp-content\\\/uploads\\\/sites\\\/10\\\/2026\\\/03\\\/IMG_1145.jpeg&quot;,&quot;id&quot;:&quot;41289&quot;,&quot;title&quot;:&quot;IMG_1145&quot;,&quot;alt&quot;:&quot;&quot;,&quot;caption&quot;:&quot;&quot;,&quot;itemprop&quot;:&quot;image&quot;}]\" itemscope itemtype=\"https:\/\/schema.org\/ImageGallery\"><\/div>\n<p>Mientras tanto, los <strong data-start=\"20\" data-end=\"32\">celestes<\/strong> han disfrutado de un <strong data-start=\"54\" data-end=\"87\">juego sensorial con una manta<\/strong> llena de <strong data-start=\"97\" data-end=\"120\">diferentes texturas<\/strong>. Durante el taller, han podido <strong data-start=\"166\" data-end=\"197\">tocar, explorar y descubrir<\/strong> materiales suaves, rugosos, lisos y \u00e1speros, estimulando su sentido del tacto y su curiosidad natural. Este tipo de propuesta ayuda a <strong data-start=\"332\" data-end=\"434\">desarrollar la percepci\u00f3n sensorial y la capacidad de explorar de forma aut\u00f3noma<\/strong>, adem\u00e1s de ser una experiencia divertida y relajante para los ni\u00f1os y ni\u00f1as.<\/p>\n<p><img decoding=\"async\" class=\"aligncenter size-medium wp-image-41290\" src=\"https:\/\/cloud.alqueria.es\/wp-content\/uploads\/sites\/10\/2026\/03\/image0-4-300x225.jpeg\" alt=\"\" width=\"300\" height=\"225\" srcset=\"https:\/\/cloud.alqueria.es\/wp-content\/uploads\/sites\/10\/2026\/03\/image0-4-300x225.jpeg 300w, https:\/\/cloud.alqueria.es\/wp-content\/uploads\/sites\/10\/2026\/03\/image0-4-1024x768.jpeg 1024w, https:\/\/cloud.alqueria.es\/wp-content\/uploads\/sites\/10\/2026\/03\/image0-4-768x576.jpeg 768w, https:\/\/cloud.alqueria.es\/wp-content\/uploads\/sites\/10\/2026\/03\/image0-4-1536x1152.jpeg 1536w, https:\/\/cloud.alqueria.es\/wp-content\/uploads\/sites\/10\/2026\/03\/image0-4.jpeg 2040w\" sizes=\"(max-width: 300px) 100vw, 300px\" \/><\/p>\n<p>Quiero compartir con vosotros la importancia de las <strong data-start=\"51\" data-end=\"77\">siestas a media ma\u00f1ana<\/strong> en el grupo de los <strong data-start=\"97\" data-end=\"119\">celestes<\/strong>. Este momento de descanso es fundamental para su bienestar y desarrollo, ya que les permite <strong data-start=\"212\" data-end=\"233\">recuperar energ\u00eda<\/strong>, consolidar lo aprendido durante las primeras horas de actividad y regular sus emociones. Adem\u00e1s, las siestas favorecen el <strong data-start=\"357\" data-end=\"390\">crecimiento f\u00edsico y cerebral<\/strong>, ya que el sue\u00f1o profundo es clave en estas edades para el desarrollo neurol\u00f3gico. Respetar este tiempo en un ambiente tranquilo y seguro les proporciona <strong data-start=\"545\" data-end=\"578\">calma, seguridad y equilibrio<\/strong>, ayudando a que puedan aprovechar mejor el resto de la jornada.<\/p>\n<p><span class=\"Apple-converted-space\"> <img decoding=\"async\" class=\"aligncenter size-medium wp-image-41291\" src=\"https:\/\/cloud.alqueria.es\/wp-content\/uploads\/sites\/10\/2026\/03\/2e3f73d7-6d1f-40f9-9368-37bf8544cd92-300x225.jpeg\" alt=\"\" width=\"300\" height=\"225\" srcset=\"https:\/\/cloud.alqueria.es\/wp-content\/uploads\/sites\/10\/2026\/03\/2e3f73d7-6d1f-40f9-9368-37bf8544cd92-300x225.jpeg 300w, https:\/\/cloud.alqueria.es\/wp-content\/uploads\/sites\/10\/2026\/03\/2e3f73d7-6d1f-40f9-9368-37bf8544cd92-1024x768.jpeg 1024w, https:\/\/cloud.alqueria.es\/wp-content\/uploads\/sites\/10\/2026\/03\/2e3f73d7-6d1f-40f9-9368-37bf8544cd92-768x576.jpeg 768w, https:\/\/cloud.alqueria.es\/wp-content\/uploads\/sites\/10\/2026\/03\/2e3f73d7-6d1f-40f9-9368-37bf8544cd92-1536x1152.jpeg 1536w, https:\/\/cloud.alqueria.es\/wp-content\/uploads\/sites\/10\/2026\/03\/2e3f73d7-6d1f-40f9-9368-37bf8544cd92.jpeg 1600w\" sizes=\"(max-width: 300px) 100vw, 300px\" \/><\/span><\/p>\n<p><span style=\"color: #3366ff\">NOTA:\u00a0 A la salida\u00a0 del d\u00eda 11 de marzo, solo <strong data-start=\"43\" data-end=\"64\">ir\u00e1 el grupo azul<\/strong>, por lo que es muy importante que los peques lleven <strong data-start=\"117\" data-end=\"132\">ropa c\u00f3moda<\/strong> que les permita moverse con facilidad durante la salida. Una vez lleguemos a la <strong data-start=\"221\" data-end=\"233\">vaquer\u00eda<\/strong>, haremos un recorrido, nos tomaremos all\u00ed el<strong data-start=\"250\" data-end=\"291\"> desayuno proporcionado por el cole <\/strong>y nos volveremos antes de la hora del almuerzo. Esta salida ser\u00e1 una oportunidad muy divertida y educativa para explorar, aprender y disfrutar juntos. Los celestes disfrutar\u00e1n de ella el curso siguiente.\u00a0<\/span><\/p>\n<p>Un abrazo,<\/p>\n<p>Laura.<\/p>\n<p>&nbsp;<\/p>\n","protected":false},"excerpt":{"rendered":"<p>Estimadas familias: Esta semana nos hemos preparado para nuestra pr\u00f3xima aventura, la salida a la Vaquer\u00eda Maravillas conociendo un poquito m\u00e1s a las vacas. A trav\u00e9s de cuentos, im\u00e1genes, canciones y juegos hemos descubierto c\u00f3mo son, qu\u00e9 sonido hacen y d\u00f3nde viven. Los azulitos y celestitos han disfrutado observando sus manchas, imitando su \u201cmuuu\u201d y &hellip; <a href=\"https:\/\/www.alqueria.es\/blogs\/alqueriazulceleste\/2026\/03\/06\/nos-preparamos-para-la-salida-2\/\" class=\"more-link\">Seguir leyendo <span class=\"screen-reader-text\">NOS PREPARAMOS PARA LA SALIDA<\/span> <span class=\"meta-nav\">&rarr;<\/span><\/a><\/p>\n","protected":false},"author":28,"featured_media":0,"comment_status":"open","ping_status":"open","sticky":false,"template":"","format":"standard","meta":{"jetpack_post_was_ever_published":false,"_jetpack_newsletter_access":"","_jetpack_dont_email_post_to_subs":false,"_jetpack_newsletter_tier_id":0,"_jetpack_memberships_contains_paywalled_content":false,"_jetpack_memberships_contains_paid_content":false,"footnotes":"","jetpack_publicize_message":"","jetpack_publicize_feature_enabled":true,"jetpack_social_post_already_shared":true,"jetpack_social_options":{"image_generator_settings":{"template":"highway","default_image_id":0,"font":"","enabled":false},"version":2}},"categories":[5,6,211,161,110,10,109,11],"tags":[],"class_list":["post-41274","post","type-post","status-publish","format-standard","hentry","category-clase-azul","category-clase-celeste","category-estimulacion-temprana-estimulacion-temprana","category-juegos-sensoriales","category-rutinas","category-salidas-a-la-vaqueria","category-taller-sensorial","category-talleres"],"jetpack_publicize_connections":[],"jetpack_featured_media_url":"","jetpack_sharing_enabled":true,"jetpack_shortlink":"https:\/\/wp.me\/p4mlAA-aJI","_links":{"self":[{"href":"https:\/\/www.alqueria.es\/blogs\/alqueriazulceleste\/wp-json\/wp\/v2\/posts\/41274","targetHints":{"allow":["GET"]}}],"collection":[{"href":"https:\/\/www.alqueria.es\/blogs\/alqueriazulceleste\/wp-json\/wp\/v2\/posts"}],"about":[{"href":"https:\/\/www.alqueria.es\/blogs\/alqueriazulceleste\/wp-json\/wp\/v2\/types\/post"}],"author":[{"embeddable":true,"href":"https:\/\/www.alqueria.es\/blogs\/alqueriazulceleste\/wp-json\/wp\/v2\/users\/28"}],"replies":[{"embeddable":true,"href":"https:\/\/www.alqueria.es\/blogs\/alqueriazulceleste\/wp-json\/wp\/v2\/comments?post=41274"}],"version-history":[{"count":3,"href":"https:\/\/www.alqueria.es\/blogs\/alqueriazulceleste\/wp-json\/wp\/v2\/posts\/41274\/revisions"}],"predecessor-version":[{"id":41293,"href":"https:\/\/www.alqueria.es\/blogs\/alqueriazulceleste\/wp-json\/wp\/v2\/posts\/41274\/revisions\/41293"}],"wp:attachment":[{"href":"https:\/\/www.alqueria.es\/blogs\/alqueriazulceleste\/wp-json\/wp\/v2\/media?parent=41274"}],"wp:term":[{"taxonomy":"category","embeddable":true,"href":"https:\/\/www.alqueria.es\/blogs\/alqueriazulceleste\/wp-json\/wp\/v2\/categories?post=41274"},{"taxonomy":"post_tag","embeddable":true,"href":"https:\/\/www.alqueria.es\/blogs\/alqueriazulceleste\/wp-json\/wp\/v2\/tags?post=41274"}],"curies":[{"name":"wp","href":"https:\/\/api.w.org\/{rel}","templated":true}]}}