{"id":41295,"date":"2026-03-13T18:34:26","date_gmt":"2026-03-13T17:34:26","guid":{"rendered":"https:\/\/www.alqueria.es\/blogs\/alqueriazulceleste\/?p=41295"},"modified":"2026-03-13T18:34:26","modified_gmt":"2026-03-13T17:34:26","slug":"bienvenida-paula-a-la-clase-celeste-azul","status":"publish","type":"post","link":"https:\/\/www.alqueria.es\/blogs\/alqueriazulceleste\/2026\/03\/13\/bienvenida-paula-a-la-clase-celeste-azul\/","title":{"rendered":"BIENVENIDA PAULA A LA CLASE CELESTE-AZUL"},"content":{"rendered":"<p><em>Estimadas familias:\u00a0<\/em><\/p>\n<p>Esta semana finalmente <strong>no hemos podido visitar la Granja Maravilla<\/strong> debido al mal tiempo. Aun as\u00ed, la actividad sigue en pie y realizaremos la visita el <strong>pr\u00f3ximo lunes 16 de marzo.<\/strong><\/p>\n<p>Mientras tanto, Nara nos ha tra\u00eddo un <strong>cuento sobre los animales de la granja<\/strong> y nos lo ha contado ella misma. En \u00e9l aparecen muchos animales y hemos podido conocer algunos de sus sonidos. Uno de ellos es la <strong>vaca<\/strong>, y en el cuento tambi\u00e9n se puede escuchar el sonido que hace. \u00a1Nos ha gustado mucho!<\/p>\n<p><img decoding=\"async\" class=\"aligncenter size-medium wp-image-41296\" src=\"https:\/\/cloud.alqueria.es\/wp-content\/uploads\/sites\/10\/2026\/03\/0b6d0ffd-11d9-47a6-9cdd-c1d2cfdeffd8-300x225.jpeg\" alt=\"\" width=\"300\" height=\"225\" srcset=\"https:\/\/cloud.alqueria.es\/wp-content\/uploads\/sites\/10\/2026\/03\/0b6d0ffd-11d9-47a6-9cdd-c1d2cfdeffd8-300x225.jpeg 300w, https:\/\/cloud.alqueria.es\/wp-content\/uploads\/sites\/10\/2026\/03\/0b6d0ffd-11d9-47a6-9cdd-c1d2cfdeffd8.jpeg 640w\" sizes=\"(max-width: 300px) 100vw, 300px\" \/><\/p>\n<p>Adem\u00e1s, en el <strong>taller art\u00edstico<\/strong> hemos realizado una actividad muy creativa utilizando los tubos de cart\u00f3n del papel. Los hemos mojado en pintura de diferentes colores y los hemos usado para hacer c\u00edrculos sobre el papel. Poco a poco han ido apareciendo muchas formas redondas y combinaciones de colores, creando dibujos muy originales y llenos de vida. Nos ha gustado mucho experimentar con los colores y ver todas las figuras circulares que pod\u00edamos crear con los tubos.<\/p>\n<p><img decoding=\"async\" class=\"aligncenter size-medium wp-image-41297\" src=\"https:\/\/cloud.alqueria.es\/wp-content\/uploads\/sites\/10\/2026\/03\/image0-300x225.jpeg\" alt=\"\" width=\"300\" height=\"225\" srcset=\"https:\/\/cloud.alqueria.es\/wp-content\/uploads\/sites\/10\/2026\/03\/image0-300x225.jpeg 300w, https:\/\/cloud.alqueria.es\/wp-content\/uploads\/sites\/10\/2026\/03\/image0.jpeg 640w\" sizes=\"(max-width: 300px) 100vw, 300px\" \/><\/p>\n<p class=\"jetpack-slideshow-noscript robots-nocontent\">El pase de diapositivas requiere JavaScript.<\/p><div id=\"gallery-41295-1-slideshow\" class=\"jetpack-slideshow-window jetpack-slideshow jetpack-slideshow-black\" data-trans=\"fade\" data-autostart=\"1\" data-gallery=\"[{&quot;src&quot;:&quot;https:\\\/\\\/cloud.alqueria.es\\\/wp-content\\\/uploads\\\/sites\\\/10\\\/2026\\\/03\\\/image0-5.jpeg&quot;,&quot;id&quot;:&quot;41298&quot;,&quot;title&quot;:&quot;image0&quot;,&quot;alt&quot;:&quot;&quot;,&quot;caption&quot;:&quot;&quot;,&quot;itemprop&quot;:&quot;image&quot;},{&quot;src&quot;:&quot;https:\\\/\\\/cloud.alqueria.es\\\/wp-content\\\/uploads\\\/sites\\\/10\\\/2026\\\/03\\\/image1.jpeg&quot;,&quot;id&quot;:&quot;41299&quot;,&quot;title&quot;:&quot;image1&quot;,&quot;alt&quot;:&quot;&quot;,&quot;caption&quot;:&quot;&quot;,&quot;itemprop&quot;:&quot;image&quot;},{&quot;src&quot;:&quot;https:\\\/\\\/cloud.alqueria.es\\\/wp-content\\\/uploads\\\/sites\\\/10\\\/2026\\\/03\\\/image2-1.jpeg&quot;,&quot;id&quot;:&quot;41300&quot;,&quot;title&quot;:&quot;image2&quot;,&quot;alt&quot;:&quot;&quot;,&quot;caption&quot;:&quot;&quot;,&quot;itemprop&quot;:&quot;image&quot;},{&quot;src&quot;:&quot;https:\\\/\\\/cloud.alqueria.es\\\/wp-content\\\/uploads\\\/sites\\\/10\\\/2026\\\/03\\\/image3-1.jpeg&quot;,&quot;id&quot;:&quot;41301&quot;,&quot;title&quot;:&quot;image3&quot;,&quot;alt&quot;:&quot;&quot;,&quot;caption&quot;:&quot;&quot;,&quot;itemprop&quot;:&quot;image&quot;},{&quot;src&quot;:&quot;https:\\\/\\\/cloud.alqueria.es\\\/wp-content\\\/uploads\\\/sites\\\/10\\\/2026\\\/03\\\/image4.jpeg&quot;,&quot;id&quot;:&quot;41302&quot;,&quot;title&quot;:&quot;image4&quot;,&quot;alt&quot;:&quot;&quot;,&quot;caption&quot;:&quot;&quot;,&quot;itemprop&quot;:&quot;image&quot;},{&quot;src&quot;:&quot;https:\\\/\\\/cloud.alqueria.es\\\/wp-content\\\/uploads\\\/sites\\\/10\\\/2026\\\/03\\\/image5.jpeg&quot;,&quot;id&quot;:&quot;41303&quot;,&quot;title&quot;:&quot;image5&quot;,&quot;alt&quot;:&quot;&quot;,&quot;caption&quot;:&quot;&quot;,&quot;itemprop&quot;:&quot;image&quot;},{&quot;src&quot;:&quot;https:\\\/\\\/cloud.alqueria.es\\\/wp-content\\\/uploads\\\/sites\\\/10\\\/2026\\\/03\\\/image6.jpeg&quot;,&quot;id&quot;:&quot;41304&quot;,&quot;title&quot;:&quot;image6&quot;,&quot;alt&quot;:&quot;&quot;,&quot;caption&quot;:&quot;&quot;,&quot;itemprop&quot;:&quot;image&quot;},{&quot;src&quot;:&quot;https:\\\/\\\/cloud.alqueria.es\\\/wp-content\\\/uploads\\\/sites\\\/10\\\/2026\\\/03\\\/image7.jpeg&quot;,&quot;id&quot;:&quot;41305&quot;,&quot;title&quot;:&quot;image7&quot;,&quot;alt&quot;:&quot;&quot;,&quot;caption&quot;:&quot;&quot;,&quot;itemprop&quot;:&quot;image&quot;},{&quot;src&quot;:&quot;https:\\\/\\\/cloud.alqueria.es\\\/wp-content\\\/uploads\\\/sites\\\/10\\\/2026\\\/03\\\/image8.jpeg&quot;,&quot;id&quot;:&quot;41306&quot;,&quot;title&quot;:&quot;image8&quot;,&quot;alt&quot;:&quot;&quot;,&quot;caption&quot;:&quot;&quot;,&quot;itemprop&quot;:&quot;image&quot;},{&quot;src&quot;:&quot;https:\\\/\\\/cloud.alqueria.es\\\/wp-content\\\/uploads\\\/sites\\\/10\\\/2026\\\/03\\\/image9.jpeg&quot;,&quot;id&quot;:&quot;41307&quot;,&quot;title&quot;:&quot;image9&quot;,&quot;alt&quot;:&quot;&quot;,&quot;caption&quot;:&quot;&quot;,&quot;itemprop&quot;:&quot;image&quot;}]\" itemscope itemtype=\"https:\/\/schema.org\/ImageGallery\"><\/div>\n<p data-start=\"164\" data-end=\"475\">Este mes tenemos la alegr\u00eda de recibir a una nueva compa\u00f1era en nuestro grupo celeste: \u00a1<strong data-start=\"251\" data-end=\"260\">Paula! <\/strong>Estamos muy contentos de que se sume a nuestras aventuras diarias y estamos seguros de que pronto se sentir\u00e1 como en casa.<\/p>\n<p data-start=\"477\" data-end=\"552\"><img decoding=\"async\" class=\"aligncenter size-medium wp-image-41326\" src=\"https:\/\/cloud.alqueria.es\/wp-content\/uploads\/sites\/10\/2026\/03\/IMG_1280-158x300.jpg\" alt=\"\" width=\"158\" height=\"300\" srcset=\"https:\/\/cloud.alqueria.es\/wp-content\/uploads\/sites\/10\/2026\/03\/IMG_1280-158x300.jpg 158w, https:\/\/cloud.alqueria.es\/wp-content\/uploads\/sites\/10\/2026\/03\/IMG_1280.jpg 336w\" sizes=\"(max-width: 158px) 100vw, 158px\" \/><\/p>\n<p data-start=\"477\" data-end=\"552\">\n<p>En el <strong>taller sensorial<\/strong>, los peque\u00f1os <strong>celestes<\/strong> vivieron una experiencia muy divertida y estimulante. Amalia trajo un paraguas muy especial, decorado con lazos de colores y peque\u00f1os objetos colgados que llamaban la atenci\u00f3n de todos. Cada ni\u00f1o pudo tocar, mover y explorar las distintas texturas y formas, descubriendo combinaciones de colores y objetos que despertaban su curiosidad.<\/p>\n<div class=\"tiled-gallery type-circle tiled-gallery-unresized\" data-original-width=\"474\" data-carousel-extra='null' itemscope itemtype=\"http:\/\/schema.org\/ImageGallery\" > <div class=\"gallery-row\" style=\"width: 474px; height: 237px;\" data-original-width=\"474\" data-original-height=\"237\" > <div class=\"gallery-group\" style=\"width: 237px; height: 237px;\" data-original-width=\"237\" data-original-height=\"237\" > <div class=\"tiled-gallery-item \" itemprop=\"associatedMedia\" itemscope itemtype=\"http:\/\/schema.org\/ImageObject\"> <a href=\"https:\/\/www.alqueria.es\/blogs\/alqueriazulceleste\/2026\/03\/13\/bienvenida-paula-a-la-clase-celeste-azul\/image1-18\/\" border=\"0\" itemprop=\"url\"> <meta itemprop=\"width\" content=\"233\"> <meta itemprop=\"height\" content=\"233\"> <img decoding=\"async\" class=\"\" data-attachment-id=\"41315\" data-orig-file=\"https:\/\/cloud.alqueria.es\/wp-content\/uploads\/sites\/10\/2026\/03\/image1-3.jpeg\" data-orig-size=\"1200,1600\" data-comments-opened=\"1\" data-image-meta=\"{&quot;aperture&quot;:&quot;0&quot;,&quot;credit&quot;:&quot;&quot;,&quot;camera&quot;:&quot;&quot;,&quot;caption&quot;:&quot;&quot;,&quot;created_timestamp&quot;:&quot;1773320296&quot;,&quot;copyright&quot;:&quot;&quot;,&quot;focal_length&quot;:&quot;0&quot;,&quot;iso&quot;:&quot;0&quot;,&quot;shutter_speed&quot;:&quot;0&quot;,&quot;title&quot;:&quot;&quot;,&quot;orientation&quot;:&quot;0&quot;}\" data-image-title=\"image1\" data-image-description=\"\" data-medium-file=\"https:\/\/cloud.alqueria.es\/wp-content\/uploads\/sites\/10\/2026\/03\/image1-3-225x300.jpeg\" data-large-file=\"https:\/\/cloud.alqueria.es\/wp-content\/uploads\/sites\/10\/2026\/03\/image1-3-768x1024.jpeg\" src=\"https:\/\/i0.wp.com\/cloud.alqueria.es\/wp-content\/uploads\/sites\/10\/2026\/03\/image1-3.jpeg?w=233&#038;h=233&#038;crop=1&#038;ssl=1\" width=\"233\" height=\"233\" loading=\"lazy\" data-original-width=\"233\" data-original-height=\"233\" itemprop=\"http:\/\/schema.org\/image\" title=\"image1\" alt=\"image1\" style=\"width: 233px; height: 233px;\" \/> <\/a> <\/div> <\/div> <div class=\"gallery-group\" style=\"width: 237px; height: 237px;\" data-original-width=\"237\" data-original-height=\"237\" > <div class=\"tiled-gallery-item \" itemprop=\"associatedMedia\" itemscope itemtype=\"http:\/\/schema.org\/ImageObject\"> <a href=\"https:\/\/www.alqueria.es\/blogs\/alqueriazulceleste\/2026\/03\/13\/bienvenida-paula-a-la-clase-celeste-azul\/image0-3-5\/\" border=\"0\" itemprop=\"url\"> <meta itemprop=\"width\" content=\"233\"> <meta itemprop=\"height\" content=\"233\"> <img decoding=\"async\" class=\"\" data-attachment-id=\"41316\" data-orig-file=\"https:\/\/cloud.alqueria.es\/wp-content\/uploads\/sites\/10\/2026\/03\/image0-3-1.jpeg\" data-orig-size=\"1200,1600\" data-comments-opened=\"1\" data-image-meta=\"{&quot;aperture&quot;:&quot;0&quot;,&quot;credit&quot;:&quot;&quot;,&quot;camera&quot;:&quot;&quot;,&quot;caption&quot;:&quot;&quot;,&quot;created_timestamp&quot;:&quot;1773320294&quot;,&quot;copyright&quot;:&quot;&quot;,&quot;focal_length&quot;:&quot;0&quot;,&quot;iso&quot;:&quot;0&quot;,&quot;shutter_speed&quot;:&quot;0&quot;,&quot;title&quot;:&quot;&quot;,&quot;orientation&quot;:&quot;0&quot;}\" data-image-title=\"image0-3\" data-image-description=\"\" data-medium-file=\"https:\/\/cloud.alqueria.es\/wp-content\/uploads\/sites\/10\/2026\/03\/image0-3-1-225x300.jpeg\" data-large-file=\"https:\/\/cloud.alqueria.es\/wp-content\/uploads\/sites\/10\/2026\/03\/image0-3-1-768x1024.jpeg\" src=\"https:\/\/i0.wp.com\/cloud.alqueria.es\/wp-content\/uploads\/sites\/10\/2026\/03\/image0-3-1.jpeg?w=233&#038;h=233&#038;crop=1&#038;ssl=1\" width=\"233\" height=\"233\" loading=\"lazy\" data-original-width=\"233\" data-original-height=\"233\" itemprop=\"http:\/\/schema.org\/image\" title=\"image0-3\" alt=\"image0-3\" style=\"width: 233px; height: 233px;\" \/> <\/a> <\/div> <\/div> <\/div> <\/div>\n<p>&nbsp;<\/p>\n<p>Los <strong>azulitos<\/strong> estuvimos jugando con los <strong>instrumentos<\/strong>, ya que les encanta. Pudimos tocar, escuchar y crear ritmos juntos, <strong>descubriendo nuevos sonidos y compartiendo muchas risas<\/strong>. Un momento lleno de m\u00fasica, movimiento y alegr\u00eda, donde tuvieron la oportunidad de expresarse a su manera y disfrutar de la magia de hacer m\u00fasica en grupo.<\/p>\n<div class=\"tiled-gallery type-rectangular tiled-gallery-unresized\" data-original-width=\"474\" data-carousel-extra='null' itemscope itemtype=\"http:\/\/schema.org\/ImageGallery\" > <div class=\"gallery-row\" style=\"width: 474px; height: 420px;\" data-original-width=\"474\" data-original-height=\"420\" > <div class=\"gallery-group images-2\" style=\"width: 158px; height: 420px;\" data-original-width=\"158\" data-original-height=\"420\" > <div class=\"tiled-gallery-item tiled-gallery-item-small\" itemprop=\"associatedMedia\" itemscope itemtype=\"http:\/\/schema.org\/ImageObject\"> <a href=\"https:\/\/www.alqueria.es\/blogs\/alqueriazulceleste\/2026\/03\/13\/bienvenida-paula-a-la-clase-celeste-azul\/image0-15\/\" border=\"0\" itemprop=\"url\"> <meta itemprop=\"width\" content=\"154\"> <meta itemprop=\"height\" content=\"206\"> <img decoding=\"async\" class=\"\" data-attachment-id=\"41320\" data-orig-file=\"https:\/\/cloud.alqueria.es\/wp-content\/uploads\/sites\/10\/2026\/03\/image0-8.jpeg\" data-orig-size=\"480,640\" data-comments-opened=\"1\" data-image-meta=\"{&quot;aperture&quot;:&quot;0&quot;,&quot;credit&quot;:&quot;&quot;,&quot;camera&quot;:&quot;&quot;,&quot;caption&quot;:&quot;&quot;,&quot;created_timestamp&quot;:&quot;0&quot;,&quot;copyright&quot;:&quot;&quot;,&quot;focal_length&quot;:&quot;0&quot;,&quot;iso&quot;:&quot;0&quot;,&quot;shutter_speed&quot;:&quot;0&quot;,&quot;title&quot;:&quot;&quot;,&quot;orientation&quot;:&quot;1&quot;}\" data-image-title=\"image0\" data-image-description=\"\" data-medium-file=\"https:\/\/cloud.alqueria.es\/wp-content\/uploads\/sites\/10\/2026\/03\/image0-8-225x300.jpeg\" data-large-file=\"https:\/\/cloud.alqueria.es\/wp-content\/uploads\/sites\/10\/2026\/03\/image0-8.jpeg\" src=\"https:\/\/i0.wp.com\/cloud.alqueria.es\/wp-content\/uploads\/sites\/10\/2026\/03\/image0-8.jpeg?w=154&#038;h=206&#038;ssl=1\" srcset=\"https:\/\/cloud.alqueria.es\/wp-content\/uploads\/sites\/10\/2026\/03\/image0-8.jpeg 480w, https:\/\/cloud.alqueria.es\/wp-content\/uploads\/sites\/10\/2026\/03\/image0-8-225x300.jpeg 225w\" width=\"154\" height=\"206\" loading=\"lazy\" data-original-width=\"154\" data-original-height=\"206\" itemprop=\"http:\/\/schema.org\/image\" title=\"image0\" alt=\"image0\" style=\"width: 154px; height: 206px;\" \/> <\/a> <\/div> <div class=\"tiled-gallery-item tiled-gallery-item-small\" itemprop=\"associatedMedia\" itemscope itemtype=\"http:\/\/schema.org\/ImageObject\"> <a href=\"https:\/\/www.alqueria.es\/blogs\/alqueriazulceleste\/2026\/03\/13\/bienvenida-paula-a-la-clase-celeste-azul\/image1-20\/\" border=\"0\" itemprop=\"url\"> <meta itemprop=\"width\" content=\"154\"> <meta itemprop=\"height\" content=\"206\"> <img decoding=\"async\" class=\"\" data-attachment-id=\"41321\" data-orig-file=\"https:\/\/cloud.alqueria.es\/wp-content\/uploads\/sites\/10\/2026\/03\/image1-5.jpeg\" data-orig-size=\"480,640\" data-comments-opened=\"1\" data-image-meta=\"{&quot;aperture&quot;:&quot;0&quot;,&quot;credit&quot;:&quot;&quot;,&quot;camera&quot;:&quot;&quot;,&quot;caption&quot;:&quot;&quot;,&quot;created_timestamp&quot;:&quot;0&quot;,&quot;copyright&quot;:&quot;&quot;,&quot;focal_length&quot;:&quot;0&quot;,&quot;iso&quot;:&quot;0&quot;,&quot;shutter_speed&quot;:&quot;0&quot;,&quot;title&quot;:&quot;&quot;,&quot;orientation&quot;:&quot;1&quot;}\" data-image-title=\"image1\" data-image-description=\"\" data-medium-file=\"https:\/\/cloud.alqueria.es\/wp-content\/uploads\/sites\/10\/2026\/03\/image1-5-225x300.jpeg\" data-large-file=\"https:\/\/cloud.alqueria.es\/wp-content\/uploads\/sites\/10\/2026\/03\/image1-5.jpeg\" src=\"https:\/\/i0.wp.com\/cloud.alqueria.es\/wp-content\/uploads\/sites\/10\/2026\/03\/image1-5.jpeg?w=154&#038;h=206&#038;ssl=1\" srcset=\"https:\/\/cloud.alqueria.es\/wp-content\/uploads\/sites\/10\/2026\/03\/image1-5.jpeg 480w, https:\/\/cloud.alqueria.es\/wp-content\/uploads\/sites\/10\/2026\/03\/image1-5-225x300.jpeg 225w\" width=\"154\" height=\"206\" loading=\"lazy\" data-original-width=\"154\" data-original-height=\"206\" itemprop=\"http:\/\/schema.org\/image\" title=\"image1\" alt=\"image1\" style=\"width: 154px; height: 206px;\" \/> <\/a> <\/div> <\/div> <!-- close group --> <div class=\"gallery-group images-1\" style=\"width: 316px; height: 420px;\" data-original-width=\"316\" data-original-height=\"420\" > <div class=\"tiled-gallery-item tiled-gallery-item-large\" itemprop=\"associatedMedia\" itemscope itemtype=\"http:\/\/schema.org\/ImageObject\"> <a href=\"https:\/\/www.alqueria.es\/blogs\/alqueriazulceleste\/2026\/03\/13\/bienvenida-paula-a-la-clase-celeste-azul\/image2-15\/\" border=\"0\" itemprop=\"url\"> <meta itemprop=\"width\" content=\"312\"> <meta itemprop=\"height\" content=\"416\"> <img decoding=\"async\" class=\"\" data-attachment-id=\"41322\" data-orig-file=\"https:\/\/cloud.alqueria.es\/wp-content\/uploads\/sites\/10\/2026\/03\/image2-4.jpeg\" data-orig-size=\"480,640\" data-comments-opened=\"1\" data-image-meta=\"{&quot;aperture&quot;:&quot;0&quot;,&quot;credit&quot;:&quot;&quot;,&quot;camera&quot;:&quot;&quot;,&quot;caption&quot;:&quot;&quot;,&quot;created_timestamp&quot;:&quot;0&quot;,&quot;copyright&quot;:&quot;&quot;,&quot;focal_length&quot;:&quot;0&quot;,&quot;iso&quot;:&quot;0&quot;,&quot;shutter_speed&quot;:&quot;0&quot;,&quot;title&quot;:&quot;&quot;,&quot;orientation&quot;:&quot;0&quot;}\" data-image-title=\"image2\" data-image-description=\"\" data-medium-file=\"https:\/\/cloud.alqueria.es\/wp-content\/uploads\/sites\/10\/2026\/03\/image2-4-225x300.jpeg\" data-large-file=\"https:\/\/cloud.alqueria.es\/wp-content\/uploads\/sites\/10\/2026\/03\/image2-4.jpeg\" src=\"https:\/\/i0.wp.com\/cloud.alqueria.es\/wp-content\/uploads\/sites\/10\/2026\/03\/image2-4.jpeg?w=312&#038;h=416&#038;ssl=1\" srcset=\"https:\/\/cloud.alqueria.es\/wp-content\/uploads\/sites\/10\/2026\/03\/image2-4.jpeg 480w, https:\/\/cloud.alqueria.es\/wp-content\/uploads\/sites\/10\/2026\/03\/image2-4-225x300.jpeg 225w\" width=\"312\" height=\"416\" loading=\"lazy\" data-original-width=\"312\" data-original-height=\"416\" itemprop=\"http:\/\/schema.org\/image\" title=\"image2\" alt=\"image2\" style=\"width: 312px; height: 416px;\" \/> <\/a> <\/div> <\/div> <!-- close group --> <\/div> <!-- close row --> <\/div>\n<p>Por otro lado, los <strong>azules<\/strong>\u00a0hemos disfrutado del <strong>juego simb\u00f3lico<\/strong>, especialmente jugando con los beb\u00e9s y los m\u00e9dicos. Les encanta este tipo de juegos, donde pueden imitar muchas acciones de los adultos, cuidar a los mu\u00f1ecos, preparar medicinas imaginarias y atender a sus \u2018pacientes\u2019. Estos momentos fomentan la creatividad, la cooperaci\u00f3n y la empat\u00eda, mientras se divierten y aprenden a reproducir situaciones de la vida cotidiana.<\/p>\n<p class=\"jetpack-slideshow-noscript robots-nocontent\">El pase de diapositivas requiere JavaScript.<\/p><div id=\"gallery-41295-2-slideshow\" class=\"jetpack-slideshow-window jetpack-slideshow jetpack-slideshow-black\" data-trans=\"fade\" data-autostart=\"1\" data-gallery=\"[{&quot;src&quot;:&quot;https:\\\/\\\/cloud.alqueria.es\\\/wp-content\\\/uploads\\\/sites\\\/10\\\/2026\\\/03\\\/image0-6.jpeg&quot;,&quot;id&quot;:&quot;41308&quot;,&quot;title&quot;:&quot;image0&quot;,&quot;alt&quot;:&quot;&quot;,&quot;caption&quot;:&quot;&quot;,&quot;itemprop&quot;:&quot;image&quot;},{&quot;src&quot;:&quot;https:\\\/\\\/cloud.alqueria.es\\\/wp-content\\\/uploads\\\/sites\\\/10\\\/2026\\\/03\\\/image1-2.jpeg&quot;,&quot;id&quot;:&quot;41309&quot;,&quot;title&quot;:&quot;image1&quot;,&quot;alt&quot;:&quot;&quot;,&quot;caption&quot;:&quot;&quot;,&quot;itemprop&quot;:&quot;image&quot;},{&quot;src&quot;:&quot;https:\\\/\\\/cloud.alqueria.es\\\/wp-content\\\/uploads\\\/sites\\\/10\\\/2026\\\/03\\\/image2-2.jpeg&quot;,&quot;id&quot;:&quot;41310&quot;,&quot;title&quot;:&quot;image2&quot;,&quot;alt&quot;:&quot;&quot;,&quot;caption&quot;:&quot;&quot;,&quot;itemprop&quot;:&quot;image&quot;},{&quot;src&quot;:&quot;https:\\\/\\\/cloud.alqueria.es\\\/wp-content\\\/uploads\\\/sites\\\/10\\\/2026\\\/03\\\/image3-2.jpeg&quot;,&quot;id&quot;:&quot;41311&quot;,&quot;title&quot;:&quot;image3&quot;,&quot;alt&quot;:&quot;&quot;,&quot;caption&quot;:&quot;&quot;,&quot;itemprop&quot;:&quot;image&quot;},{&quot;src&quot;:&quot;https:\\\/\\\/cloud.alqueria.es\\\/wp-content\\\/uploads\\\/sites\\\/10\\\/2026\\\/03\\\/image4-1.jpeg&quot;,&quot;id&quot;:&quot;41312&quot;,&quot;title&quot;:&quot;image4&quot;,&quot;alt&quot;:&quot;&quot;,&quot;caption&quot;:&quot;&quot;,&quot;itemprop&quot;:&quot;image&quot;},{&quot;src&quot;:&quot;https:\\\/\\\/cloud.alqueria.es\\\/wp-content\\\/uploads\\\/sites\\\/10\\\/2026\\\/03\\\/image5-1.jpeg&quot;,&quot;id&quot;:&quot;41313&quot;,&quot;title&quot;:&quot;image5&quot;,&quot;alt&quot;:&quot;&quot;,&quot;caption&quot;:&quot;&quot;,&quot;itemprop&quot;:&quot;image&quot;}]\" itemscope itemtype=\"https:\/\/schema.org\/ImageGallery\"><\/div>\n<p>Los <b>celestitos <\/b>tambi\u00e9n disfrutan del <strong>juego libre,<\/strong> un espacio muy importante para ellos. En estos momentos pueden explorar a su ritmo, tocar y mover los juguetes, mirar colores, escuchar sonidos y sonre\u00edr con sus compa\u00f1eros. El juego libre ayuda a despertar la curiosidad, a fortalecer sus primeras habilidades motoras y a disfrutar de las primeras interacciones sociales, todo mientras se divierten y descubren el mundo que los rodea.<\/p>\n<div class=\"tiled-gallery type-square tiled-gallery-unresized\" data-original-width=\"474\" data-carousel-extra='null' itemscope itemtype=\"http:\/\/schema.org\/ImageGallery\" > <div class=\"gallery-row\" style=\"width: 474px; height: 158px;\" data-original-width=\"474\" data-original-height=\"158\" > <div class=\"gallery-group\" style=\"width: 158px; height: 158px;\" data-original-width=\"158\" data-original-height=\"158\" > <div class=\"tiled-gallery-item \" itemprop=\"associatedMedia\" itemscope itemtype=\"http:\/\/schema.org\/ImageObject\"> <a href=\"https:\/\/www.alqueria.es\/blogs\/alqueriazulceleste\/2026\/03\/13\/bienvenida-paula-a-la-clase-celeste-azul\/image0-14\/\" border=\"0\" itemprop=\"url\"> <meta itemprop=\"width\" content=\"154\"> <meta itemprop=\"height\" content=\"154\"> <img decoding=\"async\" class=\"\" data-attachment-id=\"41317\" data-orig-file=\"https:\/\/cloud.alqueria.es\/wp-content\/uploads\/sites\/10\/2026\/03\/image0-7.jpeg\" data-orig-size=\"1600,1200\" data-comments-opened=\"1\" data-image-meta=\"{&quot;aperture&quot;:&quot;0&quot;,&quot;credit&quot;:&quot;&quot;,&quot;camera&quot;:&quot;&quot;,&quot;caption&quot;:&quot;&quot;,&quot;created_timestamp&quot;:&quot;0&quot;,&quot;copyright&quot;:&quot;&quot;,&quot;focal_length&quot;:&quot;0&quot;,&quot;iso&quot;:&quot;0&quot;,&quot;shutter_speed&quot;:&quot;0&quot;,&quot;title&quot;:&quot;&quot;,&quot;orientation&quot;:&quot;0&quot;}\" data-image-title=\"image0\" data-image-description=\"\" data-medium-file=\"https:\/\/cloud.alqueria.es\/wp-content\/uploads\/sites\/10\/2026\/03\/image0-7-300x225.jpeg\" data-large-file=\"https:\/\/cloud.alqueria.es\/wp-content\/uploads\/sites\/10\/2026\/03\/image0-7-1024x768.jpeg\" src=\"https:\/\/i0.wp.com\/cloud.alqueria.es\/wp-content\/uploads\/sites\/10\/2026\/03\/image0-7.jpeg?w=154&#038;h=154&#038;crop=1&#038;ssl=1\" width=\"154\" height=\"154\" loading=\"lazy\" data-original-width=\"154\" data-original-height=\"154\" itemprop=\"http:\/\/schema.org\/image\" title=\"image0\" alt=\"image0\" style=\"width: 154px; height: 154px;\" \/> <\/a> <\/div> <\/div> <div class=\"gallery-group\" style=\"width: 158px; height: 158px;\" data-original-width=\"158\" data-original-height=\"158\" > <div class=\"tiled-gallery-item \" itemprop=\"associatedMedia\" itemscope itemtype=\"http:\/\/schema.org\/ImageObject\"> <a href=\"https:\/\/www.alqueria.es\/blogs\/alqueriazulceleste\/2026\/03\/13\/bienvenida-paula-a-la-clase-celeste-azul\/image1-19\/\" border=\"0\" itemprop=\"url\"> <meta itemprop=\"width\" content=\"154\"> <meta itemprop=\"height\" content=\"154\"> <img decoding=\"async\" class=\"\" data-attachment-id=\"41318\" data-orig-file=\"https:\/\/cloud.alqueria.es\/wp-content\/uploads\/sites\/10\/2026\/03\/image1-4.jpeg\" data-orig-size=\"640,480\" data-comments-opened=\"1\" data-image-meta=\"{&quot;aperture&quot;:&quot;0&quot;,&quot;credit&quot;:&quot;&quot;,&quot;camera&quot;:&quot;&quot;,&quot;caption&quot;:&quot;&quot;,&quot;created_timestamp&quot;:&quot;0&quot;,&quot;copyright&quot;:&quot;&quot;,&quot;focal_length&quot;:&quot;0&quot;,&quot;iso&quot;:&quot;0&quot;,&quot;shutter_speed&quot;:&quot;0&quot;,&quot;title&quot;:&quot;&quot;,&quot;orientation&quot;:&quot;0&quot;}\" data-image-title=\"image1\" data-image-description=\"\" data-medium-file=\"https:\/\/cloud.alqueria.es\/wp-content\/uploads\/sites\/10\/2026\/03\/image1-4-300x225.jpeg\" data-large-file=\"https:\/\/cloud.alqueria.es\/wp-content\/uploads\/sites\/10\/2026\/03\/image1-4.jpeg\" src=\"https:\/\/i0.wp.com\/cloud.alqueria.es\/wp-content\/uploads\/sites\/10\/2026\/03\/image1-4.jpeg?w=154&#038;h=154&#038;crop=1&#038;ssl=1\" width=\"154\" height=\"154\" loading=\"lazy\" data-original-width=\"154\" data-original-height=\"154\" itemprop=\"http:\/\/schema.org\/image\" title=\"image1\" alt=\"image1\" style=\"width: 154px; height: 154px;\" \/> <\/a> <\/div> <\/div> <div class=\"gallery-group\" style=\"width: 158px; height: 158px;\" data-original-width=\"158\" data-original-height=\"158\" > <div class=\"tiled-gallery-item \" itemprop=\"associatedMedia\" itemscope itemtype=\"http:\/\/schema.org\/ImageObject\"> <a href=\"https:\/\/www.alqueria.es\/blogs\/alqueriazulceleste\/2026\/03\/13\/bienvenida-paula-a-la-clase-celeste-azul\/image2-14\/\" border=\"0\" itemprop=\"url\"> <meta itemprop=\"width\" content=\"154\"> <meta itemprop=\"height\" content=\"154\"> <img decoding=\"async\" class=\"\" data-attachment-id=\"41319\" data-orig-file=\"https:\/\/cloud.alqueria.es\/wp-content\/uploads\/sites\/10\/2026\/03\/image2-3.jpeg\" data-orig-size=\"1600,1200\" data-comments-opened=\"1\" data-image-meta=\"{&quot;aperture&quot;:&quot;0&quot;,&quot;credit&quot;:&quot;&quot;,&quot;camera&quot;:&quot;&quot;,&quot;caption&quot;:&quot;&quot;,&quot;created_timestamp&quot;:&quot;1773143830&quot;,&quot;copyright&quot;:&quot;&quot;,&quot;focal_length&quot;:&quot;0&quot;,&quot;iso&quot;:&quot;0&quot;,&quot;shutter_speed&quot;:&quot;0&quot;,&quot;title&quot;:&quot;&quot;,&quot;orientation&quot;:&quot;0&quot;}\" data-image-title=\"image2\" data-image-description=\"\" data-medium-file=\"https:\/\/cloud.alqueria.es\/wp-content\/uploads\/sites\/10\/2026\/03\/image2-3-300x225.jpeg\" data-large-file=\"https:\/\/cloud.alqueria.es\/wp-content\/uploads\/sites\/10\/2026\/03\/image2-3-1024x768.jpeg\" src=\"https:\/\/i0.wp.com\/cloud.alqueria.es\/wp-content\/uploads\/sites\/10\/2026\/03\/image2-3.jpeg?w=154&#038;h=154&#038;crop=1&#038;ssl=1\" width=\"154\" height=\"154\" loading=\"lazy\" data-original-width=\"154\" data-original-height=\"154\" itemprop=\"http:\/\/schema.org\/image\" title=\"image2\" alt=\"image2\" style=\"width: 154px; height: 154px;\" \/> <\/a> <\/div> <\/div> <\/div> <\/div>\n<p>Me gustar\u00eda hablar tambi\u00e9n del <strong>momento de la comida<\/strong>, ya que es muy importante para nuestros beb\u00e9s de 0 a 2 a\u00f1os. No se trata solo de alimentarse, sino de un espacio lleno de cuidados, aprendizaje y cari\u00f1o. Durante la comida, los peque\u00f1os tienen la oportunidad de <strong>explorar sabores, texturas y nuevas experiencias<\/strong>, mientras practican la coordinaci\u00f3n y descubren poco a poco la autonom\u00eda. Tambi\u00e9n es un momento para observar y acompa\u00f1ar sus gestos, sus primeras se\u00f1ales de hambre o saciedad, y ofrecerles seguridad y afecto. Adem\u00e1s, compartir este tiempo con sus compa\u00f1eros y educadores <strong>fomenta la socializaci\u00f3n, la comunicaci\u00f3n y la confianza<\/strong>. Cada comida se convierte en una rutina que les a<strong>porta seguridad, fortalece los v\u00ednculos afectivos y ayuda a crear h\u00e1bitos saludables<\/strong> desde los primeros a\u00f1os, mientras los beb\u00e9s disfrutan de un espacio tranquilo y seguro.<\/p>\n<div id='gallery-6' class='gallery galleryid-41295 gallery-columns-3 gallery-size-thumbnail'><figure class='gallery-item'>\n\t\t\t<div class='gallery-icon portrait'>\n\t\t\t\t<a href='https:\/\/www.alqueria.es\/blogs\/alqueriazulceleste\/2026\/03\/13\/bienvenida-paula-a-la-clase-celeste-azul\/image0-26\/'><img decoding=\"async\" width=\"150\" height=\"150\" src=\"https:\/\/cloud.alqueria.es\/wp-content\/uploads\/sites\/10\/2026\/03\/image0-9-150x150.jpeg\" class=\"attachment-thumbnail size-thumbnail\" alt=\"\" \/><\/a>\n\t\t\t<\/div><\/figure><figure class='gallery-item'>\n\t\t\t<div class='gallery-icon portrait'>\n\t\t\t\t<a href='https:\/\/www.alqueria.es\/blogs\/alqueriazulceleste\/2026\/03\/13\/bienvenida-paula-a-la-clase-celeste-azul\/image1-21\/'><img decoding=\"async\" width=\"150\" height=\"150\" src=\"https:\/\/cloud.alqueria.es\/wp-content\/uploads\/sites\/10\/2026\/03\/image1-6-150x150.jpeg\" class=\"attachment-thumbnail size-thumbnail\" alt=\"\" \/><\/a>\n\t\t\t<\/div><\/figure>\n\t\t<\/div>\n\n<p>Un abrazo y feliz fin de semana,<\/p>\n<p>Laura.<\/p>\n","protected":false},"excerpt":{"rendered":"<p>Estimadas familias:\u00a0 Esta semana finalmente no hemos podido visitar la Granja Maravilla debido al mal tiempo. Aun as\u00ed, la actividad sigue en pie y realizaremos la visita el pr\u00f3ximo lunes 16 de marzo. Mientras tanto, Nara nos ha tra\u00eddo un cuento sobre los animales de la granja y nos lo ha contado ella misma. En &hellip; <a href=\"https:\/\/www.alqueria.es\/blogs\/alqueriazulceleste\/2026\/03\/13\/bienvenida-paula-a-la-clase-celeste-azul\/\" class=\"more-link\">Seguir leyendo <span class=\"screen-reader-text\">BIENVENIDA PAULA A LA CLASE CELESTE-AZUL<\/span> <span class=\"meta-nav\">&rarr;<\/span><\/a><\/p>\n","protected":false},"author":28,"featured_media":0,"comment_status":"open","ping_status":"open","sticky":false,"template":"","format":"standard","meta":{"jetpack_post_was_ever_published":false,"_jetpack_newsletter_access":"","_jetpack_dont_email_post_to_subs":false,"_jetpack_newsletter_tier_id":0,"_jetpack_memberships_contains_paywalled_content":false,"_jetpack_memberships_contains_paid_content":false,"footnotes":"","jetpack_publicize_message":"","jetpack_publicize_feature_enabled":true,"jetpack_social_post_already_shared":true,"jetpack_social_options":{"image_generator_settings":{"template":"highway","default_image_id":0,"font":"","enabled":false},"version":2}},"categories":[5,6,193,196,161,10,187,109,11],"tags":[],"class_list":["post-41295","post","type-post","status-publish","format-standard","hentry","category-clase-azul","category-clase-celeste","category-estimulacion-temprana","category-juego-libre","category-juegos-sensoriales","category-salidas-a-la-vaqueria","category-salidas-2","category-taller-sensorial","category-talleres"],"jetpack_publicize_connections":[],"jetpack_featured_media_url":"","jetpack_sharing_enabled":true,"jetpack_shortlink":"https:\/\/wp.me\/p4mlAA-aK3","_links":{"self":[{"href":"https:\/\/www.alqueria.es\/blogs\/alqueriazulceleste\/wp-json\/wp\/v2\/posts\/41295","targetHints":{"allow":["GET"]}}],"collection":[{"href":"https:\/\/www.alqueria.es\/blogs\/alqueriazulceleste\/wp-json\/wp\/v2\/posts"}],"about":[{"href":"https:\/\/www.alqueria.es\/blogs\/alqueriazulceleste\/wp-json\/wp\/v2\/types\/post"}],"author":[{"embeddable":true,"href":"https:\/\/www.alqueria.es\/blogs\/alqueriazulceleste\/wp-json\/wp\/v2\/users\/28"}],"replies":[{"embeddable":true,"href":"https:\/\/www.alqueria.es\/blogs\/alqueriazulceleste\/wp-json\/wp\/v2\/comments?post=41295"}],"version-history":[{"count":2,"href":"https:\/\/www.alqueria.es\/blogs\/alqueriazulceleste\/wp-json\/wp\/v2\/posts\/41295\/revisions"}],"predecessor-version":[{"id":41327,"href":"https:\/\/www.alqueria.es\/blogs\/alqueriazulceleste\/wp-json\/wp\/v2\/posts\/41295\/revisions\/41327"}],"wp:attachment":[{"href":"https:\/\/www.alqueria.es\/blogs\/alqueriazulceleste\/wp-json\/wp\/v2\/media?parent=41295"}],"wp:term":[{"taxonomy":"category","embeddable":true,"href":"https:\/\/www.alqueria.es\/blogs\/alqueriazulceleste\/wp-json\/wp\/v2\/categories?post=41295"},{"taxonomy":"post_tag","embeddable":true,"href":"https:\/\/www.alqueria.es\/blogs\/alqueriazulceleste\/wp-json\/wp\/v2\/tags?post=41295"}],"curies":[{"name":"wp","href":"https:\/\/api.w.org\/{rel}","templated":true}]}}