{"id":10083,"date":"2021-11-05T19:40:05","date_gmt":"2021-11-05T18:40:05","guid":{"rendered":"https:\/\/www.alqueria.es\/blogs\/colegioalqueriatercerciclo\/?p=10083"},"modified":"2021-11-05T19:40:05","modified_gmt":"2021-11-05T18:40:05","slug":"fiesta-de-otono","status":"publish","type":"post","link":"https:\/\/www.alqueria.es\/blogs\/colegioalqueriatercerciclo\/2021\/11\/05\/fiesta-de-otono\/","title":{"rendered":"Fiesta de Oto\u00f1o"},"content":{"rendered":"<p>Hoy ha tenido lugar nuestra tradicional Fiesta del Oto\u00f1o. Este a\u00f1o seguimos manteniendo modificaciones en la celebraci\u00f3n\u00a0 debido a los protocolos de seguridad y salud.\u00a0 Aunque este a\u00f1o si hemos compartido nuestro <strong><span style=\"color: #ff6600\">TRADICIONAL ENCUENTRO LITERARIO<\/span><\/strong> toda la etapa de Primaria. Con distancia por clases y en nuestro oto\u00f1al jard\u00edn se ha desarrollado esta actividad que tanto a los ni\u00f1os y ni\u00f1as como a los docentes nos gusta realizar.\u00a0 De esta forma se ha desarrollado una gran fiesta.<\/p>\n<p><img decoding=\"async\" data-attachment-id=\"10085\" data-permalink=\"https:\/\/www.alqueria.es\/blogs\/colegioalqueriatercerciclo\/2021\/11\/05\/fiesta-de-otono\/photo-2021-11-05-08-27-31-1\/\" data-orig-file=\"https:\/\/cloud.alqueria.es\/wp-content\/uploads\/sites\/5\/2021\/11\/PHOTO-2021-11-05-08-27-31-1.jpg\" data-orig-size=\"1024,768\" data-comments-opened=\"1\" data-image-meta=\"{&quot;aperture&quot;:&quot;0&quot;,&quot;credit&quot;:&quot;&quot;,&quot;camera&quot;:&quot;&quot;,&quot;caption&quot;:&quot;&quot;,&quot;created_timestamp&quot;:&quot;0&quot;,&quot;copyright&quot;:&quot;&quot;,&quot;focal_length&quot;:&quot;0&quot;,&quot;iso&quot;:&quot;0&quot;,&quot;shutter_speed&quot;:&quot;0&quot;,&quot;title&quot;:&quot;&quot;,&quot;orientation&quot;:&quot;0&quot;}\" data-image-title=\"PHOTO-2021-11-05-08-27-31 (1)\" data-image-description=\"\" data-image-caption=\"\" data-large-file=\"https:\/\/cloud.alqueria.es\/wp-content\/uploads\/sites\/5\/2021\/11\/PHOTO-2021-11-05-08-27-31-1.jpg\" class=\"alignnone size-medium wp-image-10085\" src=\"https:\/\/cloud.alqueria.es\/wp-content\/uploads\/sites\/5\/2021\/11\/PHOTO-2021-11-05-08-27-31-1-300x225.jpg\" alt=\"\" width=\"300\" height=\"225\" srcset=\"https:\/\/cloud.alqueria.es\/wp-content\/uploads\/sites\/5\/2021\/11\/PHOTO-2021-11-05-08-27-31-1-300x225.jpg 300w, https:\/\/cloud.alqueria.es\/wp-content\/uploads\/sites\/5\/2021\/11\/PHOTO-2021-11-05-08-27-31-1-768x576.jpg 768w, https:\/\/cloud.alqueria.es\/wp-content\/uploads\/sites\/5\/2021\/11\/PHOTO-2021-11-05-08-27-31-1.jpg 1024w\" sizes=\"(max-width: 300px) 100vw, 300px\" \/><br \/>\nLas primeras horas de la ma\u00f1ana se dedican a ensayar los <span style=\"color: #ff9900\"><strong>Sonetos de Oto\u00f1o<\/strong><\/span> que el alumnado de quinto ha venido trabajando durante las semanas previas a la celebraci\u00f3n de este d\u00eda. En uno de nuestros descansos todos nos sorprendimos cuando por el jard\u00edn ha paseado el Sr Oto\u00f1o, despidi\u00e9ndose de los grupos de Infantil. Y \u00a0pese a su avanzada edad, el gran recorrido que debe hacer para llegar a nuestro cole y el uso de la mascarilla, ha podido tambi\u00e9n venir trayendo el Oto\u00f1o a nuestras clases.<\/p>\n<p><img decoding=\"async\" data-attachment-id=\"10092\" data-permalink=\"https:\/\/www.alqueria.es\/blogs\/colegioalqueriatercerciclo\/2021\/11\/05\/fiesta-de-otono\/photo-2021-11-05-11-58-34\/\" data-orig-file=\"https:\/\/cloud.alqueria.es\/wp-content\/uploads\/sites\/5\/2021\/11\/PHOTO-2021-11-05-11-58-34.jpg\" data-orig-size=\"1024,768\" data-comments-opened=\"1\" data-image-meta=\"{&quot;aperture&quot;:&quot;0&quot;,&quot;credit&quot;:&quot;&quot;,&quot;camera&quot;:&quot;&quot;,&quot;caption&quot;:&quot;&quot;,&quot;created_timestamp&quot;:&quot;0&quot;,&quot;copyright&quot;:&quot;&quot;,&quot;focal_length&quot;:&quot;0&quot;,&quot;iso&quot;:&quot;0&quot;,&quot;shutter_speed&quot;:&quot;0&quot;,&quot;title&quot;:&quot;&quot;,&quot;orientation&quot;:&quot;0&quot;}\" data-image-title=\"PHOTO-2021-11-05-11-58-34\" data-image-description=\"\" data-image-caption=\"\" data-large-file=\"https:\/\/cloud.alqueria.es\/wp-content\/uploads\/sites\/5\/2021\/11\/PHOTO-2021-11-05-11-58-34.jpg\" class=\"alignnone size-medium wp-image-10092\" src=\"https:\/\/cloud.alqueria.es\/wp-content\/uploads\/sites\/5\/2021\/11\/PHOTO-2021-11-05-11-58-34-300x225.jpg\" alt=\"\" width=\"300\" height=\"225\" srcset=\"https:\/\/cloud.alqueria.es\/wp-content\/uploads\/sites\/5\/2021\/11\/PHOTO-2021-11-05-11-58-34-300x225.jpg 300w, https:\/\/cloud.alqueria.es\/wp-content\/uploads\/sites\/5\/2021\/11\/PHOTO-2021-11-05-11-58-34-768x576.jpg 768w, https:\/\/cloud.alqueria.es\/wp-content\/uploads\/sites\/5\/2021\/11\/PHOTO-2021-11-05-11-58-34.jpg 1024w\" sizes=\"(max-width: 300px) 100vw, 300px\" \/><\/p>\n<p>Para la realizaci\u00f3n de los Sonetos, las semanas previas se ha desarrollado una serie de actividades de motivaci\u00f3n, aprendizaje, interiorizaci\u00f3n y creaci\u00f3n para ayudar al alumnado en la creaci\u00f3n de sus propios Sonetos. Previamente, como parte de las actividades de motivaci\u00f3n hemos le\u00eddo, comentado, desarrollado diversos poemas y de diferentes autores espa\u00f1oles y extranjeros. As\u00ed hemos le\u00eddo a Federico Garc\u00eda Lorca,\u00a0 Antonio Machado, Juan Ram\u00f3n Jim\u00e9nez, Jos\u00e9 Mart\u00ed, Carmen Conde, R Roald Dahl, Ruben Dar\u00edo,\u00a0 Se ha realizado un trabajo de an\u00e1lisis de diferentes poemas con tem\u00e1ticas propias del \u00aboto\u00f1o\u00bb para motivar y dar ideas, pero tambi\u00e9n de otros temas.\u00a0 Este an\u00e1lisis nos ayuda a aprender \u00a0nuevo vocabulario y tambi\u00e9n trabajar con los tipos de palabras, buscando sin\u00f3nimos y ant\u00f3nimos de los\u00a0 \u00a0sustantivos, adjetivos.<\/p>\n<p><img decoding=\"async\" data-attachment-id=\"10089\" data-permalink=\"https:\/\/www.alqueria.es\/blogs\/colegioalqueriatercerciclo\/2021\/11\/05\/fiesta-de-otono\/photo-2021-11-05-11-14-25-1\/\" data-orig-file=\"https:\/\/cloud.alqueria.es\/wp-content\/uploads\/sites\/5\/2021\/11\/PHOTO-2021-11-05-11-14-25-1.jpg\" data-orig-size=\"1024,768\" data-comments-opened=\"1\" data-image-meta=\"{&quot;aperture&quot;:&quot;0&quot;,&quot;credit&quot;:&quot;&quot;,&quot;camera&quot;:&quot;&quot;,&quot;caption&quot;:&quot;&quot;,&quot;created_timestamp&quot;:&quot;0&quot;,&quot;copyright&quot;:&quot;&quot;,&quot;focal_length&quot;:&quot;0&quot;,&quot;iso&quot;:&quot;0&quot;,&quot;shutter_speed&quot;:&quot;0&quot;,&quot;title&quot;:&quot;&quot;,&quot;orientation&quot;:&quot;0&quot;}\" data-image-title=\"PHOTO-2021-11-05-11-14-25 (1)\" data-image-description=\"\" data-image-caption=\"\" data-large-file=\"https:\/\/cloud.alqueria.es\/wp-content\/uploads\/sites\/5\/2021\/11\/PHOTO-2021-11-05-11-14-25-1.jpg\" class=\"alignnone size-medium wp-image-10089\" src=\"https:\/\/cloud.alqueria.es\/wp-content\/uploads\/sites\/5\/2021\/11\/PHOTO-2021-11-05-11-14-25-1-300x225.jpg\" alt=\"\" width=\"300\" height=\"225\" srcset=\"https:\/\/cloud.alqueria.es\/wp-content\/uploads\/sites\/5\/2021\/11\/PHOTO-2021-11-05-11-14-25-1-300x225.jpg 300w, https:\/\/cloud.alqueria.es\/wp-content\/uploads\/sites\/5\/2021\/11\/PHOTO-2021-11-05-11-14-25-1-768x576.jpg 768w, https:\/\/cloud.alqueria.es\/wp-content\/uploads\/sites\/5\/2021\/11\/PHOTO-2021-11-05-11-14-25-1.jpg 1024w\" sizes=\"(max-width: 300px) 100vw, 300px\" \/> <img decoding=\"async\" data-attachment-id=\"10090\" data-permalink=\"https:\/\/www.alqueria.es\/blogs\/colegioalqueriatercerciclo\/2021\/11\/05\/fiesta-de-otono\/photo-2021-11-05-11-14-25-2\/\" data-orig-file=\"https:\/\/cloud.alqueria.es\/wp-content\/uploads\/sites\/5\/2021\/11\/PHOTO-2021-11-05-11-14-25-2.jpg\" data-orig-size=\"1024,768\" data-comments-opened=\"1\" data-image-meta=\"{&quot;aperture&quot;:&quot;0&quot;,&quot;credit&quot;:&quot;&quot;,&quot;camera&quot;:&quot;&quot;,&quot;caption&quot;:&quot;&quot;,&quot;created_timestamp&quot;:&quot;0&quot;,&quot;copyright&quot;:&quot;&quot;,&quot;focal_length&quot;:&quot;0&quot;,&quot;iso&quot;:&quot;0&quot;,&quot;shutter_speed&quot;:&quot;0&quot;,&quot;title&quot;:&quot;&quot;,&quot;orientation&quot;:&quot;0&quot;}\" data-image-title=\"PHOTO-2021-11-05-11-14-25 (2)\" data-image-description=\"\" data-image-caption=\"\" data-large-file=\"https:\/\/cloud.alqueria.es\/wp-content\/uploads\/sites\/5\/2021\/11\/PHOTO-2021-11-05-11-14-25-2.jpg\" class=\"aligncenter wp-image-10090 size-medium\" src=\"https:\/\/cloud.alqueria.es\/wp-content\/uploads\/sites\/5\/2021\/11\/PHOTO-2021-11-05-11-14-25-2-300x225.jpg\" alt=\"\" width=\"300\" height=\"225\" srcset=\"https:\/\/cloud.alqueria.es\/wp-content\/uploads\/sites\/5\/2021\/11\/PHOTO-2021-11-05-11-14-25-2-300x225.jpg 300w, https:\/\/cloud.alqueria.es\/wp-content\/uploads\/sites\/5\/2021\/11\/PHOTO-2021-11-05-11-14-25-2-768x576.jpg 768w, https:\/\/cloud.alqueria.es\/wp-content\/uploads\/sites\/5\/2021\/11\/PHOTO-2021-11-05-11-14-25-2.jpg 1024w\" sizes=\"(max-width: 300px) 100vw, 300px\" \/> <img decoding=\"async\" data-attachment-id=\"10091\" data-permalink=\"https:\/\/www.alqueria.es\/blogs\/colegioalqueriatercerciclo\/2021\/11\/05\/fiesta-de-otono\/photo-2021-11-05-11-14-25\/\" data-orig-file=\"https:\/\/cloud.alqueria.es\/wp-content\/uploads\/sites\/5\/2021\/11\/PHOTO-2021-11-05-11-14-25.jpg\" data-orig-size=\"1024,768\" data-comments-opened=\"1\" data-image-meta=\"{&quot;aperture&quot;:&quot;0&quot;,&quot;credit&quot;:&quot;&quot;,&quot;camera&quot;:&quot;&quot;,&quot;caption&quot;:&quot;&quot;,&quot;created_timestamp&quot;:&quot;0&quot;,&quot;copyright&quot;:&quot;&quot;,&quot;focal_length&quot;:&quot;0&quot;,&quot;iso&quot;:&quot;0&quot;,&quot;shutter_speed&quot;:&quot;0&quot;,&quot;title&quot;:&quot;&quot;,&quot;orientation&quot;:&quot;0&quot;}\" data-image-title=\"PHOTO-2021-11-05-11-14-25\" data-image-description=\"\" data-image-caption=\"\" data-large-file=\"https:\/\/cloud.alqueria.es\/wp-content\/uploads\/sites\/5\/2021\/11\/PHOTO-2021-11-05-11-14-25.jpg\" class=\"alignright wp-image-10091 size-medium\" src=\"https:\/\/cloud.alqueria.es\/wp-content\/uploads\/sites\/5\/2021\/11\/PHOTO-2021-11-05-11-14-25-300x225.jpg\" alt=\"\" width=\"300\" height=\"225\" srcset=\"https:\/\/cloud.alqueria.es\/wp-content\/uploads\/sites\/5\/2021\/11\/PHOTO-2021-11-05-11-14-25-300x225.jpg 300w, https:\/\/cloud.alqueria.es\/wp-content\/uploads\/sites\/5\/2021\/11\/PHOTO-2021-11-05-11-14-25-768x576.jpg 768w, https:\/\/cloud.alqueria.es\/wp-content\/uploads\/sites\/5\/2021\/11\/PHOTO-2021-11-05-11-14-25.jpg 1024w\" sizes=\"(max-width: 300px) 100vw, 300px\" \/><\/p>\n<p>Hemos visto que los poemas tratan sobre las diferentes emociones que las personan sienten en diferentes momentos de su vida, descubrimos las met\u00e1foras, los mensajes ocultos, y muchas m\u00e1s cosas.<\/p>\n<p>Posteriormente\u00a0 se han practicado y recordado los conceptos de m\u00e9trica necesarios para elaborar un Soneto como son los versos, tipos de estrofas, tipos de rimas, posibles rimas dentro de cada estrofa, o versos libres, tipos de poemas. conteo sil\u00e1bico de los versos. Nosotros elegimos el Soneto porque es un tipo de poema que te permite trabajar diferentes estrofas, rimas y un n\u00famero limitado de s\u00edlabas en cada verso.<\/p>\n<p>Todo el alumnado ha desarrollado la creaci\u00f3n de sus Sonetos con motivaci\u00f3n, pidiendo ayuda, haciendo uso del diccionario, realizando primero un esquema para plasmar las ideas sobre lo\u00a0 que quiere que trate el soneto o haciendo una recopilaci\u00f3n de palabras, a modo de lluvia de ideas para desarrollar los versos. Han quedado unos Sonetos muy bien elaborados. Aunque tambi\u00e9n tenemos errores que no hay\u00a0 que ver como algo negativo sino como una forma de aprendizaje. Los errores m\u00e1s comunes y que han llevado tiempo y esfuerzo por parte de las ni\u00f1as y ni\u00f1os siempre se relacionan con la rimas. Es algo que les dificulta sobremanera la creaci\u00f3n de los poemas.<\/p>\n<p>A las doce todo el alumnado de Primaria estaba preparado para disfrutar de nuestro maravilloso <strong><span style=\"color: #ff9900\">ENCUENTRO LITERARIO<\/span><\/strong>. Felicitamos a todos y todas por sus extraordinarios trabajos. Destacamos el esfuerzo y los grandes trabajos realizados por todas las clases, desde primero hasta sexto.<\/p>\n<p class=\"jetpack-slideshow-noscript robots-nocontent\">El pase de diapositivas requiere JavaScript.<\/p><div id=\"gallery-10083-1-slideshow\" class=\"jetpack-slideshow-window jetpack-slideshow jetpack-slideshow-black\" data-trans=\"fade\" data-autostart=\"1\" data-gallery=\"[{&quot;src&quot;:&quot;https:\\\/\\\/cloud.alqueria.es\\\/wp-content\\\/uploads\\\/sites\\\/5\\\/2021\\\/11\\\/PHOTO-2021-11-05-12-55-03-1024x768.jpg&quot;,&quot;id&quot;:&quot;10108&quot;,&quot;title&quot;:&quot;PHOTO-2021-11-05-12-55-03&quot;,&quot;alt&quot;:&quot;&quot;,&quot;caption&quot;:&quot;&quot;,&quot;itemprop&quot;:&quot;image&quot;},{&quot;src&quot;:&quot;https:\\\/\\\/cloud.alqueria.es\\\/wp-content\\\/uploads\\\/sites\\\/5\\\/2021\\\/11\\\/PHOTO-2021-11-05-12-55-05-1024x768.jpg&quot;,&quot;id&quot;:&quot;10109&quot;,&quot;title&quot;:&quot;PHOTO-2021-11-05-12-55-05&quot;,&quot;alt&quot;:&quot;&quot;,&quot;caption&quot;:&quot;&quot;,&quot;itemprop&quot;:&quot;image&quot;},{&quot;src&quot;:&quot;https:\\\/\\\/cloud.alqueria.es\\\/wp-content\\\/uploads\\\/sites\\\/5\\\/2021\\\/11\\\/PHOTO-2021-11-05-12-55-08-1024x768.jpg&quot;,&quot;id&quot;:&quot;10110&quot;,&quot;title&quot;:&quot;PHOTO-2021-11-05-12-55-08&quot;,&quot;alt&quot;:&quot;&quot;,&quot;caption&quot;:&quot;&quot;,&quot;itemprop&quot;:&quot;image&quot;},{&quot;src&quot;:&quot;https:\\\/\\\/cloud.alqueria.es\\\/wp-content\\\/uploads\\\/sites\\\/5\\\/2021\\\/11\\\/PHOTO-2021-11-05-12-55-08_1-768x1024.jpg&quot;,&quot;id&quot;:&quot;10111&quot;,&quot;title&quot;:&quot;PHOTO-2021-11-05-12-55-08_1&quot;,&quot;alt&quot;:&quot;&quot;,&quot;caption&quot;:&quot;&quot;,&quot;itemprop&quot;:&quot;image&quot;},{&quot;src&quot;:&quot;https:\\\/\\\/cloud.alqueria.es\\\/wp-content\\\/uploads\\\/sites\\\/5\\\/2021\\\/11\\\/PHOTO-2021-11-05-12-55-09-1024x768.jpg&quot;,&quot;id&quot;:&quot;10112&quot;,&quot;title&quot;:&quot;PHOTO-2021-11-05-12-55-09&quot;,&quot;alt&quot;:&quot;&quot;,&quot;caption&quot;:&quot;&quot;,&quot;itemprop&quot;:&quot;image&quot;},{&quot;src&quot;:&quot;https:\\\/\\\/cloud.alqueria.es\\\/wp-content\\\/uploads\\\/sites\\\/5\\\/2021\\\/11\\\/PHOTO-2021-11-05-12-54-34-1024x768.jpg&quot;,&quot;id&quot;:&quot;10113&quot;,&quot;title&quot;:&quot;PHOTO-2021-11-05-12-54-34&quot;,&quot;alt&quot;:&quot;&quot;,&quot;caption&quot;:&quot;&quot;,&quot;itemprop&quot;:&quot;image&quot;},{&quot;src&quot;:&quot;https:\\\/\\\/cloud.alqueria.es\\\/wp-content\\\/uploads\\\/sites\\\/5\\\/2021\\\/11\\\/PHOTO-2021-11-05-13-59-34-1.jpg&quot;,&quot;id&quot;:&quot;10114&quot;,&quot;title&quot;:&quot;PHOTO-2021-11-05-13-59-34 (1)&quot;,&quot;alt&quot;:&quot;&quot;,&quot;caption&quot;:&quot;&quot;,&quot;itemprop&quot;:&quot;image&quot;},{&quot;src&quot;:&quot;https:\\\/\\\/cloud.alqueria.es\\\/wp-content\\\/uploads\\\/sites\\\/5\\\/2021\\\/11\\\/PHOTO-2021-11-05-13-59-34.jpg&quot;,&quot;id&quot;:&quot;10115&quot;,&quot;title&quot;:&quot;PHOTO-2021-11-05-13-59-34&quot;,&quot;alt&quot;:&quot;&quot;,&quot;caption&quot;:&quot;&quot;,&quot;itemprop&quot;:&quot;image&quot;}]\" itemscope itemtype=\"https:\/\/schema.org\/ImageGallery\"><\/div>\n<p>Aqu\u00ed os dejo la presentaci\u00f3n de los Sonetos de Oto\u00f1o preparados por quinto.<\/p>\n<p class=\"jetpack-slideshow-noscript robots-nocontent\">El pase de diapositivas requiere JavaScript.<\/p><div id=\"gallery-10083-2-slideshow\" class=\"jetpack-slideshow-window jetpack-slideshow jetpack-slideshow-black\" data-trans=\"fade\" data-autostart=\"1\" data-gallery=\"[{&quot;src&quot;:&quot;https:\\\/\\\/cloud.alqueria.es\\\/wp-content\\\/uploads\\\/sites\\\/5\\\/2021\\\/11\\\/PHOTO-2021-11-05-13-31-14.jpg&quot;,&quot;id&quot;:&quot;10107&quot;,&quot;title&quot;:&quot;PHOTO-2021-11-05-13-31-14&quot;,&quot;alt&quot;:&quot;&quot;,&quot;caption&quot;:&quot;&quot;,&quot;itemprop&quot;:&quot;image&quot;},{&quot;src&quot;:&quot;https:\\\/\\\/cloud.alqueria.es\\\/wp-content\\\/uploads\\\/sites\\\/5\\\/2021\\\/11\\\/PHOTO-2021-11-05-13-31-14-13.jpg&quot;,&quot;id&quot;:&quot;10105&quot;,&quot;title&quot;:&quot;PHOTO-2021-11-05-13-31-14 (13)&quot;,&quot;alt&quot;:&quot;&quot;,&quot;caption&quot;:&quot;&quot;,&quot;itemprop&quot;:&quot;image&quot;},{&quot;src&quot;:&quot;https:\\\/\\\/cloud.alqueria.es\\\/wp-content\\\/uploads\\\/sites\\\/5\\\/2021\\\/11\\\/PHOTO-2021-11-05-13-31-14-11.jpg&quot;,&quot;id&quot;:&quot;10103&quot;,&quot;title&quot;:&quot;PHOTO-2021-11-05-13-31-14 (11)&quot;,&quot;alt&quot;:&quot;&quot;,&quot;caption&quot;:&quot;&quot;,&quot;itemprop&quot;:&quot;image&quot;},{&quot;src&quot;:&quot;https:\\\/\\\/cloud.alqueria.es\\\/wp-content\\\/uploads\\\/sites\\\/5\\\/2021\\\/11\\\/PHOTO-2021-11-05-13-31-14-10.jpg&quot;,&quot;id&quot;:&quot;10102&quot;,&quot;title&quot;:&quot;PHOTO-2021-11-05-13-31-14 (10)&quot;,&quot;alt&quot;:&quot;&quot;,&quot;caption&quot;:&quot;&quot;,&quot;itemprop&quot;:&quot;image&quot;},{&quot;src&quot;:&quot;https:\\\/\\\/cloud.alqueria.es\\\/wp-content\\\/uploads\\\/sites\\\/5\\\/2021\\\/11\\\/PHOTO-2021-11-05-13-31-14-9.jpg&quot;,&quot;id&quot;:&quot;10101&quot;,&quot;title&quot;:&quot;PHOTO-2021-11-05-13-31-14 (9)&quot;,&quot;alt&quot;:&quot;&quot;,&quot;caption&quot;:&quot;&quot;,&quot;itemprop&quot;:&quot;image&quot;},{&quot;src&quot;:&quot;https:\\\/\\\/cloud.alqueria.es\\\/wp-content\\\/uploads\\\/sites\\\/5\\\/2021\\\/11\\\/PHOTO-2021-11-05-13-31-14-4.jpg&quot;,&quot;id&quot;:&quot;10096&quot;,&quot;title&quot;:&quot;PHOTO-2021-11-05-13-31-14 (4)&quot;,&quot;alt&quot;:&quot;&quot;,&quot;caption&quot;:&quot;&quot;,&quot;itemprop&quot;:&quot;image&quot;},{&quot;src&quot;:&quot;https:\\\/\\\/cloud.alqueria.es\\\/wp-content\\\/uploads\\\/sites\\\/5\\\/2021\\\/11\\\/PHOTO-2021-11-05-13-31-14-5.jpg&quot;,&quot;id&quot;:&quot;10097&quot;,&quot;title&quot;:&quot;PHOTO-2021-11-05-13-31-14 (5)&quot;,&quot;alt&quot;:&quot;&quot;,&quot;caption&quot;:&quot;&quot;,&quot;itemprop&quot;:&quot;image&quot;},{&quot;src&quot;:&quot;https:\\\/\\\/cloud.alqueria.es\\\/wp-content\\\/uploads\\\/sites\\\/5\\\/2021\\\/11\\\/PHOTO-2021-11-05-13-31-14-6.jpg&quot;,&quot;id&quot;:&quot;10098&quot;,&quot;title&quot;:&quot;PHOTO-2021-11-05-13-31-14 (6)&quot;,&quot;alt&quot;:&quot;&quot;,&quot;caption&quot;:&quot;&quot;,&quot;itemprop&quot;:&quot;image&quot;},{&quot;src&quot;:&quot;https:\\\/\\\/cloud.alqueria.es\\\/wp-content\\\/uploads\\\/sites\\\/5\\\/2021\\\/11\\\/PHOTO-2021-11-05-13-31-14-7.jpg&quot;,&quot;id&quot;:&quot;10099&quot;,&quot;title&quot;:&quot;PHOTO-2021-11-05-13-31-14 (7)&quot;,&quot;alt&quot;:&quot;&quot;,&quot;caption&quot;:&quot;&quot;,&quot;itemprop&quot;:&quot;image&quot;},{&quot;src&quot;:&quot;https:\\\/\\\/cloud.alqueria.es\\\/wp-content\\\/uploads\\\/sites\\\/5\\\/2021\\\/11\\\/PHOTO-2021-11-05-13-31-14-8.jpg&quot;,&quot;id&quot;:&quot;10100&quot;,&quot;title&quot;:&quot;PHOTO-2021-11-05-13-31-14 (8)&quot;,&quot;alt&quot;:&quot;&quot;,&quot;caption&quot;:&quot;&quot;,&quot;itemprop&quot;:&quot;image&quot;},{&quot;src&quot;:&quot;https:\\\/\\\/cloud.alqueria.es\\\/wp-content\\\/uploads\\\/sites\\\/5\\\/2021\\\/11\\\/PHOTO-2021-11-05-13-31-14-3.jpg&quot;,&quot;id&quot;:&quot;10095&quot;,&quot;title&quot;:&quot;PHOTO-2021-11-05-13-31-14 (3)&quot;,&quot;alt&quot;:&quot;&quot;,&quot;caption&quot;:&quot;&quot;,&quot;itemprop&quot;:&quot;image&quot;},{&quot;src&quot;:&quot;https:\\\/\\\/cloud.alqueria.es\\\/wp-content\\\/uploads\\\/sites\\\/5\\\/2021\\\/11\\\/PHOTO-2021-11-05-13-31-14-2.jpg&quot;,&quot;id&quot;:&quot;10094&quot;,&quot;title&quot;:&quot;PHOTO-2021-11-05-13-31-14 (2)&quot;,&quot;alt&quot;:&quot;&quot;,&quot;caption&quot;:&quot;&quot;,&quot;itemprop&quot;:&quot;image&quot;},{&quot;src&quot;:&quot;https:\\\/\\\/cloud.alqueria.es\\\/wp-content\\\/uploads\\\/sites\\\/5\\\/2021\\\/11\\\/PHOTO-2021-11-05-13-31-14-1.jpg&quot;,&quot;id&quot;:&quot;10093&quot;,&quot;title&quot;:&quot;PHOTO-2021-11-05-13-31-14 (1)&quot;,&quot;alt&quot;:&quot;&quot;,&quot;caption&quot;:&quot;&quot;,&quot;itemprop&quot;:&quot;image&quot;}]\" itemscope itemtype=\"https:\/\/schema.org\/ImageGallery\"><\/div>\n<p>Por la tarde hemos tenido nuestra tradicional casta\u00f1ada y merienda en el\u00a0 jard\u00edn y patio. Hemos podido degustar,\u00a0 junto al rico chocolate y bizcocho de nuestras cocineras Loli y Carmen,\u00a0 nuestras galletas de coco hechas el jueves en el Taller de Cocina.<\/p>\n<p>Un buen fin de Semana<\/p>\n<p>Isabel<\/p>\n","protected":false},"excerpt":{"rendered":"<p>Hoy ha tenido lugar nuestra tradicional Fiesta del Oto\u00f1o. Este a\u00f1o seguimos manteniendo modificaciones en la celebraci\u00f3n\u00a0 debido a los protocolos de seguridad y salud.\u00a0 Aunque este a\u00f1o si hemos compartido nuestro TRADICIONAL ENCUENTRO LITERARIO toda la etapa de Primaria. Con distancia por clases y en nuestro oto\u00f1al jard\u00edn se ha desarrollado esta actividad que &hellip; <a href=\"https:\/\/www.alqueria.es\/blogs\/colegioalqueriatercerciclo\/2021\/11\/05\/fiesta-de-otono\/\" class=\"more-link\">Seguir leyendo <span class=\"screen-reader-text\">Fiesta de Oto\u00f1o<\/span> <span class=\"meta-nav\">&rarr;<\/span><\/a><\/p>\n","protected":false},"author":9,"featured_media":0,"comment_status":"open","ping_status":"open","sticky":false,"template":"","format":"standard","meta":{"jetpack_post_was_ever_published":false,"_jetpack_newsletter_access":"","_jetpack_dont_email_post_to_subs":false,"_jetpack_newsletter_tier_id":0,"_jetpack_memberships_contains_paywalled_content":false,"_jetpack_memberships_contains_paid_content":false,"footnotes":"","jetpack_publicize_message":"","jetpack_publicize_feature_enabled":true,"jetpack_social_post_already_shared":true,"jetpack_social_options":{"image_generator_settings":{"template":"highway","default_image_id":0,"font":"","enabled":false},"version":2}},"categories":[2,348],"tags":[214,325],"class_list":["post-10083","post","type-post","status-publish","format-standard","hentry","category-5o-epo","category-fiestas","tag-fiesta-del-otono","tag-informacion-a-familias"],"jetpack_publicize_connections":[],"jetpack_featured_media_url":"","jetpack_sharing_enabled":true,"jetpack_shortlink":"https:\/\/wp.me\/p4l4AW-2CD","jetpack-related-posts":[],"_links":{"self":[{"href":"https:\/\/www.alqueria.es\/blogs\/colegioalqueriatercerciclo\/wp-json\/wp\/v2\/posts\/10083","targetHints":{"allow":["GET"]}}],"collection":[{"href":"https:\/\/www.alqueria.es\/blogs\/colegioalqueriatercerciclo\/wp-json\/wp\/v2\/posts"}],"about":[{"href":"https:\/\/www.alqueria.es\/blogs\/colegioalqueriatercerciclo\/wp-json\/wp\/v2\/types\/post"}],"author":[{"embeddable":true,"href":"https:\/\/www.alqueria.es\/blogs\/colegioalqueriatercerciclo\/wp-json\/wp\/v2\/users\/9"}],"replies":[{"embeddable":true,"href":"https:\/\/www.alqueria.es\/blogs\/colegioalqueriatercerciclo\/wp-json\/wp\/v2\/comments?post=10083"}],"version-history":[{"count":5,"href":"https:\/\/www.alqueria.es\/blogs\/colegioalqueriatercerciclo\/wp-json\/wp\/v2\/posts\/10083\/revisions"}],"predecessor-version":[{"id":10118,"href":"https:\/\/www.alqueria.es\/blogs\/colegioalqueriatercerciclo\/wp-json\/wp\/v2\/posts\/10083\/revisions\/10118"}],"wp:attachment":[{"href":"https:\/\/www.alqueria.es\/blogs\/colegioalqueriatercerciclo\/wp-json\/wp\/v2\/media?parent=10083"}],"wp:term":[{"taxonomy":"category","embeddable":true,"href":"https:\/\/www.alqueria.es\/blogs\/colegioalqueriatercerciclo\/wp-json\/wp\/v2\/categories?post=10083"},{"taxonomy":"post_tag","embeddable":true,"href":"https:\/\/www.alqueria.es\/blogs\/colegioalqueriatercerciclo\/wp-json\/wp\/v2\/tags?post=10083"}],"curies":[{"name":"wp","href":"https:\/\/api.w.org\/{rel}","templated":true}]}}