{"id":10120,"date":"2021-11-07T21:24:19","date_gmt":"2021-11-07T20:24:19","guid":{"rendered":"https:\/\/www.alqueria.es\/blogs\/colegioalqueriatercerciclo\/?p=10120"},"modified":"2021-11-07T21:29:20","modified_gmt":"2021-11-07T20:29:20","slug":"otono-en-sexto-2","status":"publish","type":"post","link":"https:\/\/www.alqueria.es\/blogs\/colegioalqueriatercerciclo\/2021\/11\/07\/otono-en-sexto-2\/","title":{"rendered":"Oto\u00f1o en sexto"},"content":{"rendered":"<p><strong>TALLER DE COCINA<\/strong><\/p>\n<p>El d\u00eda previo a la <strong>Fiesta del Oto\u00f1o<\/strong> es cuando preparamos nuestras t\u00edpicas galletas de coco que tanto gustan a los peque\u00f1os. Con ingredientes preparados y por equipos de trabajo de clase, comenzamos a elaborarlas siguiendo las medidas higi\u00e9nicas pertinentes para que cada uno se lleve las suyas para la fiesta del siguiente d\u00eda.<\/p>\n<p class=\"jetpack-slideshow-noscript robots-nocontent\">El pase de diapositivas requiere JavaScript.<\/p><div id=\"gallery-10120-1-slideshow\" class=\"jetpack-slideshow-window jetpack-slideshow jetpack-slideshow-black\" data-trans=\"fade\" data-autostart=\"1\" data-gallery=\"[{&quot;src&quot;:&quot;https:\\\/\\\/cloud.alqueria.es\\\/wp-content\\\/uploads\\\/sites\\\/5\\\/2021\\\/11\\\/otono1-21.jpeg&quot;,&quot;id&quot;:&quot;10122&quot;,&quot;title&quot;:&quot;oto\\u00f1o1 (21)&quot;,&quot;alt&quot;:&quot;&quot;,&quot;caption&quot;:&quot;&quot;,&quot;itemprop&quot;:&quot;image&quot;},{&quot;src&quot;:&quot;https:\\\/\\\/cloud.alqueria.es\\\/wp-content\\\/uploads\\\/sites\\\/5\\\/2021\\\/11\\\/otono1-22.jpeg&quot;,&quot;id&quot;:&quot;10123&quot;,&quot;title&quot;:&quot;oto\\u00f1o1 (22)&quot;,&quot;alt&quot;:&quot;&quot;,&quot;caption&quot;:&quot;&quot;,&quot;itemprop&quot;:&quot;image&quot;},{&quot;src&quot;:&quot;https:\\\/\\\/cloud.alqueria.es\\\/wp-content\\\/uploads\\\/sites\\\/5\\\/2021\\\/11\\\/otono1-23.jpeg&quot;,&quot;id&quot;:&quot;10124&quot;,&quot;title&quot;:&quot;oto\\u00f1o1 (23)&quot;,&quot;alt&quot;:&quot;&quot;,&quot;caption&quot;:&quot;&quot;,&quot;itemprop&quot;:&quot;image&quot;}]\" itemscope itemtype=\"https:\/\/schema.org\/ImageGallery\"><\/div>\n<p>En el encuentro literario para esta fiesta tan especial, el grupo de sexto prepar\u00f3 durante varias semanas algo que ya pudisteis ver en primera persona. Dos canciones tribales, un romance an\u00f3nimo y su versi\u00f3n en formato rap. Adem\u00e1s, las compartimos con los grupos de la etapa de infantil y primaria en el encuentro literario.<\/p>\n<p><strong>M\u00daSICA TRIBAL\u00a0<\/strong><\/p>\n<p>El <strong>origen de la m\u00fasica<\/strong> es tan antiguo como la existencia del ser humano. Algunos cient\u00edficos consideran que pudo deberse a la imitaci\u00f3n de los sonidos de la naturaleza aunque todos coinciden en atribuir a la m\u00fasica un poder m\u00e1gico y espiritual porque el soporte que utiliza, el sonido, pertenece al mundo de lo invisible.<\/p>\n<p>Por otro lado, el disfrutar juntos de la m\u00fasica, un\u00eda m\u00e1s al grupo.<\/p>\n<p>La <strong>m\u00fasica tribal<\/strong> es un claro ejemplo de or\u00edgenes de c\u00f3mo se utilizan en todo el mundo para confeccionar todo tipo de actividades y rituales como la danza, los nacimientos, la muerte y los ancestros, agradecimientos a la cosecha\u2026 La mayor\u00eda est\u00e1n asociados a un tipo de danza particular.<\/p>\n<p>Para el encuentro literario ofrecimos dos canciones tribales, una popular africana llamada<strong> \u201cYe y\u00e9 somay\u00e9\u201d<\/strong> usada tradicionalmente para llamar e invocar a los seres de la naturaleza de la que hicimos una adaptaci\u00f3n; y otra popular llamada <strong>\u201cGhili ghio\u201d<\/strong> que se canta para agradecer a los frutos y las cosechas.<\/p>\n<p><div class=\"a25-CTUOC-hidding-box\" data-original-content=\"&lt;iframe loading=&quot;lazy&quot; title=&quot;Canciones tribales.mp4&quot; src=&quot;https:\/\/player.vimeo.com\/video\/643254636?dnt=1&amp;amp;app_id=122963&quot; width=&quot;474&quot; height=&quot;267&quot; frameborder=&quot;0&quot; allow=&quot;autoplay; fullscreen; picture-in-picture; clipboard-write&quot;&gt;&lt;\/iframe&gt;\">Esta p\u00e1gina incluye contenido multimedia que requiere aceptar todas las cookies. Pulse aqu\u00ed para abrir la configuraci\u00f3n de cookies.<\/div><\/p>\n<p>https:\/\/vimeo.com\/manage\/videos\/643254636<\/p>\n<p><strong>ROMANCE<\/strong><\/p>\n<p>Quisimos hacer un homenaje a la <strong>literatura de tradici\u00f3n oral<\/strong> y por ello preparamos un romance tras trabajar varios de ellos en clase.<\/p>\n<p>Los<strong> romances<\/strong> son poemas que cuentan historias reales o inventadas, son an\u00f3nimos y se escribieron para ser cantados.<\/p>\n<p>Los versos de los romances iban pasando de boca en boca, de unos a otros, de padres a hijos, de abuelos a nietos, de generaci\u00f3n en generaci\u00f3n.\u00a0Se aprend\u00edan de memoria, como toda la literatura oral.<\/p>\n<p>En los siglos XIV y XV los juglares se dedicaban a cantar los romances mientras hac\u00edan malabares o bailaban, para entretener y divertir al pueblo.<\/p>\n<p>A partir del siglo XVI los poetas retoman la tradici\u00f3n del romance, pero ya no es an\u00f3nimo, tienen un autor conocido. Podemos encontrar romances de Lope de Vega, de G\u00f3ngora, de Quevedo, y de otros muchos poetas del siglo de Oro, m\u00e1s tarde, poetas como Federico Garc\u00eda Lorca que tambi\u00e9n escribieron romances.<\/p>\n<p>El romance an\u00f3nimo que recitan narra una historia que sucede a mediados de 1600. Trata de un historia de amor entre la princesa Nayla y el Conde Don Rodrigo. El rey no estaba de acuerdo con el romance que ambos manten\u00edan por lo que este es encerrado. Nayla no se quedar\u00e1 de brazos cruzados e ir\u00e1 en busca de \u00e9l.<\/p>\n<p><div class=\"a25-CTUOC-hidding-box\" data-original-content=\"&lt;iframe loading=&quot;lazy&quot; title=&quot;Romance y rap&quot; src=&quot;https:\/\/player.vimeo.com\/video\/643269748?dnt=1&amp;amp;app_id=122963&quot; width=&quot;474&quot; height=&quot;267&quot; frameborder=&quot;0&quot; allow=&quot;autoplay; fullscreen; picture-in-picture; clipboard-write&quot;&gt;&lt;\/iframe&gt;\">Esta p\u00e1gina incluye contenido multimedia que requiere aceptar todas las cookies. Pulse aqu\u00ed para abrir la configuraci\u00f3n de cookies.<\/div><\/p>\n<p><strong>RAP<\/strong><\/p>\n<p>Este romance que acab\u00e1is de escuchar, \u00a0lo hemos versionado con nuestras palabras, lo hemos adaptado a nuestra \u00e9poca actual, al siglo XXI. \u00a1Un rap!<\/p>\n<p>El\u00a0<strong>rap<\/strong> surge como un estilo musical desarrollado en los barrios latinos de New York a partir de finales de los 70. La palabra \u00abrap\u00bb proviene del\u00a0 verbo \u00abrapear\u00bb y se refiere a la t\u00e9cnica vocal que caracteriza a este g\u00e9nero, un tipo de\u00a0 recitaci\u00f3n r\u00edtmica de rimas y juegos de palabras. En la cultura\u00a0hip hop\u00a0la m\u00fasica rap es uno de los cuatro pilares fundamentales, de ah\u00ed que a menudo tambi\u00e9n se le llame\u00a0<strong>hip hop<\/strong>.<\/p>\n<p>Puede interpretarse\u00a0a capella, pero normalmente el rap va acompa\u00f1ado por un fondo musical r\u00edtmico conocido con la voz inglesa\u00a0beat.<\/p>\n<p>Compartimos en este documento la letra del romance y del rap.<\/p>\n<div class=\"a25-CTUOC-hidding-box\" data-original-content=\"&lt;iframe loading=&quot;lazy&quot; class=&quot;scribd_iframe_embed&quot; src=&quot;https:\/\/www.scribd.com\/embeds\/537661622\/content?start_page=1&amp;view_mode&amp;access_key=key-b6Fo0AbiCgnC5PasAlsH&quot;  data-auto-height=&quot;true&quot; scrolling=&quot;no&quot; id=&quot;scribd_537661622&quot; width=&quot;100%&quot; height=&quot;500&quot; frameborder=&quot;0&quot;&gt;&lt;\/iframe&gt;\">Esta p\u00e1gina incluye contenido multimedia que requiere aceptar todas las cookies. Pulse aqu\u00ed para abrir la configuraci\u00f3n de cookies.<\/div>\n\t\t<div style=\"font-size:10px;text-align:center;width:100%\"><a href=\"https:\/\/www.scribd.com\/doc\/537661622\" rel=\"noopener noreferrer\" target=\"_blank\">Ver este documento en Scribd<\/a><\/div>\n<p>Por la tarde disfrutamos de la t\u00edpica merienda del oto\u00f1o con casta\u00f1as asadas, chocolate caliente, bizcocho y las galletas de coco que preparamos en clase. Una merienda que disfrutamos despu\u00e9s del d\u00eda tan entretenido que pasamos.<\/p>\n<p><img decoding=\"async\" data-attachment-id=\"10128\" data-permalink=\"https:\/\/www.alqueria.es\/blogs\/colegioalqueriatercerciclo\/2021\/11\/07\/otono-en-sexto-2\/otono2-28\/\" data-orig-file=\"https:\/\/cloud.alqueria.es\/wp-content\/uploads\/sites\/5\/2021\/11\/otono2-28.jpeg\" data-orig-size=\"960,720\" data-comments-opened=\"1\" data-image-meta=\"{&quot;aperture&quot;:&quot;0&quot;,&quot;credit&quot;:&quot;&quot;,&quot;camera&quot;:&quot;&quot;,&quot;caption&quot;:&quot;&quot;,&quot;created_timestamp&quot;:&quot;0&quot;,&quot;copyright&quot;:&quot;&quot;,&quot;focal_length&quot;:&quot;0&quot;,&quot;iso&quot;:&quot;0&quot;,&quot;shutter_speed&quot;:&quot;0&quot;,&quot;title&quot;:&quot;&quot;,&quot;orientation&quot;:&quot;0&quot;}\" data-image-title=\"oto\u00f1o2 (28)\" data-image-description=\"\" data-image-caption=\"\" data-large-file=\"https:\/\/cloud.alqueria.es\/wp-content\/uploads\/sites\/5\/2021\/11\/otono2-28.jpeg\" class=\"alignnone size-full wp-image-10128\" src=\"https:\/\/cloud.alqueria.es\/wp-content\/uploads\/sites\/5\/2021\/11\/otono2-28.jpeg\" alt=\"\" width=\"960\" height=\"720\" srcset=\"https:\/\/cloud.alqueria.es\/wp-content\/uploads\/sites\/5\/2021\/11\/otono2-28.jpeg 960w, https:\/\/cloud.alqueria.es\/wp-content\/uploads\/sites\/5\/2021\/11\/otono2-28-300x225.jpeg 300w, https:\/\/cloud.alqueria.es\/wp-content\/uploads\/sites\/5\/2021\/11\/otono2-28-768x576.jpeg 768w\" sizes=\"(max-width: 960px) 100vw, 960px\" \/><\/p>\n","protected":false},"excerpt":{"rendered":"<p>TALLER DE COCINA El d\u00eda previo a la Fiesta del Oto\u00f1o es cuando preparamos nuestras t\u00edpicas galletas de coco que tanto gustan a los peque\u00f1os. Con ingredientes preparados y por equipos de trabajo de clase, comenzamos a elaborarlas siguiendo las medidas higi\u00e9nicas pertinentes para que cada uno se lleve las suyas para la fiesta del &hellip; <a href=\"https:\/\/www.alqueria.es\/blogs\/colegioalqueriatercerciclo\/2021\/11\/07\/otono-en-sexto-2\/\" class=\"more-link\">Seguir leyendo <span class=\"screen-reader-text\">Oto\u00f1o en sexto<\/span> <span class=\"meta-nav\">&rarr;<\/span><\/a><\/p>\n","protected":false},"author":3,"featured_media":0,"comment_status":"open","ping_status":"open","sticky":false,"template":"","format":"standard","meta":{"jetpack_post_was_ever_published":false,"_jetpack_newsletter_access":"","_jetpack_dont_email_post_to_subs":false,"_jetpack_newsletter_tier_id":0,"_jetpack_memberships_contains_paywalled_content":false,"_jetpack_memberships_contains_paid_content":false,"footnotes":"","jetpack_publicize_message":"","jetpack_publicize_feature_enabled":true,"jetpack_social_post_already_shared":true,"jetpack_social_options":{"image_generator_settings":{"template":"highway","default_image_id":0,"font":"","enabled":false},"version":2}},"categories":[3,15],"tags":[562,214,187,85,180],"class_list":["post-10120","post","type-post","status-publish","format-standard","hentry","category-6o-epo","category-semanario-6o","tag-canciones-tribales","tag-fiesta-del-otono","tag-rap","tag-romance","tag-semanario-6o"],"jetpack_publicize_connections":[],"jetpack_featured_media_url":"","jetpack_sharing_enabled":true,"jetpack_shortlink":"https:\/\/wp.me\/p4l4AW-2De","jetpack-related-posts":[],"_links":{"self":[{"href":"https:\/\/www.alqueria.es\/blogs\/colegioalqueriatercerciclo\/wp-json\/wp\/v2\/posts\/10120","targetHints":{"allow":["GET"]}}],"collection":[{"href":"https:\/\/www.alqueria.es\/blogs\/colegioalqueriatercerciclo\/wp-json\/wp\/v2\/posts"}],"about":[{"href":"https:\/\/www.alqueria.es\/blogs\/colegioalqueriatercerciclo\/wp-json\/wp\/v2\/types\/post"}],"author":[{"embeddable":true,"href":"https:\/\/www.alqueria.es\/blogs\/colegioalqueriatercerciclo\/wp-json\/wp\/v2\/users\/3"}],"replies":[{"embeddable":true,"href":"https:\/\/www.alqueria.es\/blogs\/colegioalqueriatercerciclo\/wp-json\/wp\/v2\/comments?post=10120"}],"version-history":[{"count":8,"href":"https:\/\/www.alqueria.es\/blogs\/colegioalqueriatercerciclo\/wp-json\/wp\/v2\/posts\/10120\/revisions"}],"predecessor-version":[{"id":10132,"href":"https:\/\/www.alqueria.es\/blogs\/colegioalqueriatercerciclo\/wp-json\/wp\/v2\/posts\/10120\/revisions\/10132"}],"wp:attachment":[{"href":"https:\/\/www.alqueria.es\/blogs\/colegioalqueriatercerciclo\/wp-json\/wp\/v2\/media?parent=10120"}],"wp:term":[{"taxonomy":"category","embeddable":true,"href":"https:\/\/www.alqueria.es\/blogs\/colegioalqueriatercerciclo\/wp-json\/wp\/v2\/categories?post=10120"},{"taxonomy":"post_tag","embeddable":true,"href":"https:\/\/www.alqueria.es\/blogs\/colegioalqueriatercerciclo\/wp-json\/wp\/v2\/tags?post=10120"}],"curies":[{"name":"wp","href":"https:\/\/api.w.org\/{rel}","templated":true}]}}