{"id":10488,"date":"2022-01-21T17:00:34","date_gmt":"2022-01-21T16:00:34","guid":{"rendered":"https:\/\/www.alqueria.es\/blogs\/colegioalqueriatercerciclo\/?p=10488"},"modified":"2022-01-21T15:09:38","modified_gmt":"2022-01-21T14:09:38","slug":"conferencias-5o-epo","status":"publish","type":"post","link":"https:\/\/www.alqueria.es\/blogs\/colegioalqueriatercerciclo\/2022\/01\/21\/conferencias-5o-epo\/","title":{"rendered":"Conferencias 5\u00ba EPO"},"content":{"rendered":"<p>Esta semana en la clase de quinto de primaria se han iniciado las\u00a0 primeras Conferencias del curso. El alumnado del tercer ciclo tiene un objetivo fundamental que es la autonom\u00eda y responsabilidad a la hora de preparar, investigar y exponer su conferencia, exponer ante el p\u00fablico.<\/p>\n<p><strong><span style=\"color: #ff0000\">\u00bfCU\u00c1L ES EL PROCESO QUE TENEMOS QUE SEGUIR?<\/span><\/strong><\/p>\n<p>El profesor\u00a0 plantea la actividad al alumnado, que ya la conoce, para que ellos libremente elijan tem\u00e1ticas de su inter\u00e9s. Se les ofrece una plantilla donde pueden elegir tres tem\u00e1ticas diferentes. Al alumnado que no se le ocurre sobre que podr\u00eda investigar se le ofrece un listado de temas seleccionado del \u00e1rea de ciencias sociales o naturales,\u00a0 matem\u00e1ticas, lengua organizado por bloques tem\u00e1ticos. Cada ni\u00f1a y ni\u00f1o elige el tema que m\u00e1s le interesa de cada bloque y los ordena por orden de preferencia.<\/p>\n<p>Una vez conocidas las preferencias\u00a0 se organizan individualmente. Se reserva el criterio del tutor para aconsejar el trabajo individual o en grupo a determinados alumnos en funci\u00f3n de sus necesidades.<\/p>\n<p>Se exponen los temas elegidos y se secuencian las exposiciones haci\u00e9ndolas coincidir con el trabajo de los proyectos o unidades de trabajo en el aula.<\/p>\n<p>Para que un alumno inicie el trabajo de su conferencia deber\u00e1 realizar su gui\u00f3n y presentarlo para ir preparando el gui\u00f3n de investigaci\u00f3n. Se le pueden aportar si lo solicitan fuentes de informaci\u00f3n, bibliograf\u00eda o webgraf\u00eda. Se le puede ayudar a seleccionar unidades de investigaci\u00f3n. El profesor orientar\u00e1 el contenido de la conferencia para que est\u00e9 relacionado con otras \u00e1reas.<\/p>\n<p>Los alumnos trabajan en casa el borrador y lo presenta al profesor. Si el alumnado quiere puede tener una tutor\u00eda donde ambos\u00a0 leen el trabajo y el profesor aporta sus sugerencias de mejora. El trabajo est\u00e1 listo para su edici\u00f3n. Una parte importante es c\u00f3mo se va a exponer. Hay libertad total, para elegir formato, digital, manual.. Importante si es digital reducir a lo adecuado la parte escrita para que a la hora de exponer no distraiga al espectador. Lo importante es la transmisi\u00f3n oral del conferenciante sobre el tema investigado.<\/p>\n<p>Se les propone que la conferencia genere una actividad para los compa\u00f1eros (se les ofrecer\u00e1 orientaci\u00f3n para ellos).<\/p>\n<p>Exposici\u00f3n a los compa\u00f1eros. Esta exposici\u00f3n podr\u00e1 estar apoyada con materiales visuales elaborados por los alumnos (esquemas, murales, maquetas, etc.).<\/p>\n<p><strong><span style=\"color: #ff0000\">ASPECTOS IMPORTANTES DE LA EXPOSICI\u00d3N ORAL<\/span><\/strong><\/p>\n<p><img decoding=\"async\" data-attachment-id=\"10491\" data-permalink=\"https:\/\/www.alqueria.es\/blogs\/colegioalqueriatercerciclo\/2022\/01\/21\/conferencias-5o-epo\/31f251cca681fc8743fcd4b74cfc0127\/\" data-orig-file=\"https:\/\/cloud.alqueria.es\/wp-content\/uploads\/sites\/5\/2022\/01\/31f251cca681fc8743fcd4b74cfc0127.jpg\" data-orig-size=\"1200,836\" data-comments-opened=\"1\" data-image-meta=\"{&quot;aperture&quot;:&quot;0&quot;,&quot;credit&quot;:&quot;&quot;,&quot;camera&quot;:&quot;&quot;,&quot;caption&quot;:&quot;&quot;,&quot;created_timestamp&quot;:&quot;0&quot;,&quot;copyright&quot;:&quot;&quot;,&quot;focal_length&quot;:&quot;0&quot;,&quot;iso&quot;:&quot;0&quot;,&quot;shutter_speed&quot;:&quot;0&quot;,&quot;title&quot;:&quot;&quot;,&quot;orientation&quot;:&quot;0&quot;}\" data-image-title=\"31f251cca681fc8743fcd4b74cfc0127\" data-image-description=\"\" data-image-caption=\"\" data-large-file=\"https:\/\/cloud.alqueria.es\/wp-content\/uploads\/sites\/5\/2022\/01\/31f251cca681fc8743fcd4b74cfc0127-1024x713.jpg\" class=\"alignnone size-medium wp-image-10491\" src=\"https:\/\/cloud.alqueria.es\/wp-content\/uploads\/sites\/5\/2022\/01\/31f251cca681fc8743fcd4b74cfc0127-300x209.jpg\" alt=\"\" width=\"300\" height=\"209\" srcset=\"https:\/\/cloud.alqueria.es\/wp-content\/uploads\/sites\/5\/2022\/01\/31f251cca681fc8743fcd4b74cfc0127-300x209.jpg 300w, https:\/\/cloud.alqueria.es\/wp-content\/uploads\/sites\/5\/2022\/01\/31f251cca681fc8743fcd4b74cfc0127-1024x713.jpg 1024w, https:\/\/cloud.alqueria.es\/wp-content\/uploads\/sites\/5\/2022\/01\/31f251cca681fc8743fcd4b74cfc0127-768x535.jpg 768w, https:\/\/cloud.alqueria.es\/wp-content\/uploads\/sites\/5\/2022\/01\/31f251cca681fc8743fcd4b74cfc0127.jpg 1200w\" sizes=\"(max-width: 300px) 100vw, 300px\" \/><\/p>\n<p><strong><span style=\"color: #ff0000\">\u00bfCU\u00c1LES SON LOS OBJETIVOS?<\/span><\/strong><\/p>\n<p>Algunos de los objetivos son los siguientes:<\/p>\n<ul>\n<li>Trabajar la expresi\u00f3n oral de un tema investigado y estudiado por ellos.<\/li>\n<li>Familiarizarse con el manejo de diferentes fuentes de informaci\u00f3n y con tratamiento de textos informativos.<\/li>\n<li>Realizar experimentos u otras actividades que acompa\u00f1en la exposici\u00f3n oral.<\/li>\n<li>Profundizar en diferentes contenidos curriculares y no curriculares.<\/li>\n<li>Hacer un informe donde se recoja la exposici\u00f3n.<\/li>\n<\/ul>\n<p><strong><span style=\"color: #ff0000\">EL D\u00cdA DE LA CONFERENCIA<\/span><\/strong><\/p>\n<p>Es un d\u00eda muy especial para el conferenciante.<\/p>\n<p>Esta semana han sido dos conferencias sobre los seres vivos: Serpientes y Linces. Tanto Alba como Alex nuestro conferenciantes han expuesto su investigaci\u00f3n con gran soltura, realizando un buen discurso y teniendo un buen hilo argumentativo.<\/p>\n<p>Han sido capaces de resolver la mayor\u00eda de las dudas que les planteaban sus compa\u00f1eros y compa\u00f1eras.<\/p>\n<p class=\"jetpack-slideshow-noscript robots-nocontent\">El pase de diapositivas requiere JavaScript.<\/p><div id=\"gallery-10488-1-slideshow\" class=\"jetpack-slideshow-window jetpack-slideshow jetpack-slideshow-black\" data-trans=\"fade\" data-autostart=\"1\" data-gallery=\"[{&quot;src&quot;:&quot;https:\\\/\\\/cloud.alqueria.es\\\/wp-content\\\/uploads\\\/sites\\\/5\\\/2022\\\/01\\\/PHOTO-2022-01-21-14-14.jpg&quot;,&quot;id&quot;:&quot;10493&quot;,&quot;title&quot;:&quot;PHOTO-2022-01-21-14-14&quot;,&quot;alt&quot;:&quot;&quot;,&quot;caption&quot;:&quot;&quot;,&quot;itemprop&quot;:&quot;image&quot;},{&quot;src&quot;:&quot;https:\\\/\\\/cloud.alqueria.es\\\/wp-content\\\/uploads\\\/sites\\\/5\\\/2022\\\/01\\\/PHOTO-2022-01-21-14-14-441.jpg&quot;,&quot;id&quot;:&quot;10494&quot;,&quot;title&quot;:&quot;PHOTO-2022-01-21-14-14-44(1)&quot;,&quot;alt&quot;:&quot;&quot;,&quot;caption&quot;:&quot;&quot;,&quot;itemprop&quot;:&quot;image&quot;},{&quot;src&quot;:&quot;https:\\\/\\\/cloud.alqueria.es\\\/wp-content\\\/uploads\\\/sites\\\/5\\\/2022\\\/01\\\/PHOTO-2022-01-21-14-14-442.jpg&quot;,&quot;id&quot;:&quot;10495&quot;,&quot;title&quot;:&quot;PHOTO-2022-01-21-14-14-44(2)&quot;,&quot;alt&quot;:&quot;&quot;,&quot;caption&quot;:&quot;&quot;,&quot;itemprop&quot;:&quot;image&quot;},{&quot;src&quot;:&quot;https:\\\/\\\/cloud.alqueria.es\\\/wp-content\\\/uploads\\\/sites\\\/5\\\/2022\\\/01\\\/PHOTO-2022-01-21-14-14-44.jpg&quot;,&quot;id&quot;:&quot;10496&quot;,&quot;title&quot;:&quot;PHOTO-2022-01-21-14-14-44&quot;,&quot;alt&quot;:&quot;&quot;,&quot;caption&quot;:&quot;&quot;,&quot;itemprop&quot;:&quot;image&quot;}]\" itemscope itemtype=\"https:\/\/schema.org\/ImageGallery\"><\/div>\n<p>La expresi\u00f3n oral se potencia en otras m\u00faltiples actividades que se desarrollan en el aula a lo largo de cada curso escolar: debates, tertulias, asambleas, cine forum, exposiciones de los proyectos de trabajo. Es una habilidad muy necesaria para todos los alumnos y alumnas de cualquier edad.<\/p>\n<p>Buen fin de Semana.<\/p>\n<p>Isabel<\/p>\n<p>&nbsp;<\/p>\n<p>&nbsp;<\/p>\n<p>&nbsp;<\/p>\n","protected":false},"excerpt":{"rendered":"<p>Esta semana en la clase de quinto de primaria se han iniciado las\u00a0 primeras Conferencias del curso. El alumnado del tercer ciclo tiene un objetivo fundamental que es la autonom\u00eda y responsabilidad a la hora de preparar, investigar y exponer su conferencia, exponer ante el p\u00fablico. \u00bfCU\u00c1L ES EL PROCESO QUE TENEMOS QUE SEGUIR? El &hellip; <a href=\"https:\/\/www.alqueria.es\/blogs\/colegioalqueriatercerciclo\/2022\/01\/21\/conferencias-5o-epo\/\" class=\"more-link\">Seguir leyendo <span class=\"screen-reader-text\">Conferencias 5\u00ba EPO<\/span> <span class=\"meta-nav\">&rarr;<\/span><\/a><\/p>\n","protected":false},"author":9,"featured_media":0,"comment_status":"open","ping_status":"open","sticky":false,"template":"","format":"standard","meta":{"jetpack_post_was_ever_published":false,"_jetpack_newsletter_access":"","_jetpack_dont_email_post_to_subs":false,"_jetpack_newsletter_tier_id":0,"_jetpack_memberships_contains_paywalled_content":false,"_jetpack_memberships_contains_paid_content":false,"footnotes":"","jetpack_publicize_message":"","jetpack_publicize_feature_enabled":true,"jetpack_social_post_already_shared":true,"jetpack_social_options":{"image_generator_settings":{"template":"highway","default_image_id":0,"font":"","enabled":false},"version":2}},"categories":[2,14],"tags":[32,325,179],"class_list":["post-10488","post","type-post","status-publish","format-standard","hentry","category-5o-epo","category-semanario-5o","tag-conferencias","tag-informacion-a-familias","tag-semanario-5o"],"jetpack_publicize_connections":[],"jetpack_featured_media_url":"","jetpack_sharing_enabled":true,"jetpack_shortlink":"https:\/\/wp.me\/p4l4AW-2Ja","jetpack-related-posts":[],"_links":{"self":[{"href":"https:\/\/www.alqueria.es\/blogs\/colegioalqueriatercerciclo\/wp-json\/wp\/v2\/posts\/10488","targetHints":{"allow":["GET"]}}],"collection":[{"href":"https:\/\/www.alqueria.es\/blogs\/colegioalqueriatercerciclo\/wp-json\/wp\/v2\/posts"}],"about":[{"href":"https:\/\/www.alqueria.es\/blogs\/colegioalqueriatercerciclo\/wp-json\/wp\/v2\/types\/post"}],"author":[{"embeddable":true,"href":"https:\/\/www.alqueria.es\/blogs\/colegioalqueriatercerciclo\/wp-json\/wp\/v2\/users\/9"}],"replies":[{"embeddable":true,"href":"https:\/\/www.alqueria.es\/blogs\/colegioalqueriatercerciclo\/wp-json\/wp\/v2\/comments?post=10488"}],"version-history":[{"count":4,"href":"https:\/\/www.alqueria.es\/blogs\/colegioalqueriatercerciclo\/wp-json\/wp\/v2\/posts\/10488\/revisions"}],"predecessor-version":[{"id":10497,"href":"https:\/\/www.alqueria.es\/blogs\/colegioalqueriatercerciclo\/wp-json\/wp\/v2\/posts\/10488\/revisions\/10497"}],"wp:attachment":[{"href":"https:\/\/www.alqueria.es\/blogs\/colegioalqueriatercerciclo\/wp-json\/wp\/v2\/media?parent=10488"}],"wp:term":[{"taxonomy":"category","embeddable":true,"href":"https:\/\/www.alqueria.es\/blogs\/colegioalqueriatercerciclo\/wp-json\/wp\/v2\/categories?post=10488"},{"taxonomy":"post_tag","embeddable":true,"href":"https:\/\/www.alqueria.es\/blogs\/colegioalqueriatercerciclo\/wp-json\/wp\/v2\/tags?post=10488"}],"curies":[{"name":"wp","href":"https:\/\/api.w.org\/{rel}","templated":true}]}}