{"id":10585,"date":"2022-01-28T19:18:04","date_gmt":"2022-01-28T18:18:04","guid":{"rendered":"https:\/\/www.alqueria.es\/blogs\/colegioalqueriatercerciclo\/?p=10585"},"modified":"2022-01-28T19:18:04","modified_gmt":"2022-01-28T18:18:04","slug":"dia-de-la-paz-y-no-violencia-2","status":"publish","type":"post","link":"https:\/\/www.alqueria.es\/blogs\/colegioalqueriatercerciclo\/2022\/01\/28\/dia-de-la-paz-y-no-violencia-2\/","title":{"rendered":"D\u00eda de la Paz y No Violencia"},"content":{"rendered":"<p>Para el D\u00eda de la Paz y no Violencia que celebramos en el colegio, el tercer ciclo lleva a cabo una propuesta sobre los perfiles que se desarrollan cuando alg\u00fan miembro de un grupo se siente desplazado, discriminado, rechazado&#8230; identificando los roles de acosado-v\u00edctima, palmeros-pasivos, acosadores-abusones.<\/p>\n<p>Comenzamos la jornada reflexionando el porqu\u00e9 celebramos este d\u00eda en el colegio. Despu\u00e9s visionamos un cortometraje de un colegio llamado \u00abCRA La Sabina\u00bb de Zaragoza donde se reflejan algunas situaciones que trabajamos despu\u00e9s y el cortometraje de Pixar \u00abLou\u00bb.<\/p>\n<p><span class=\"embed-youtube\" style=\"text-align:center; display: block;\"><div class=\"a25-CTUOC-hidding-box\" data-original-content=\"&lt;iframe loading=&quot;lazy&quot; class=&quot;youtube-player&quot; width=&quot;474&quot; height=&quot;267&quot; src=&quot;https:\/\/www.youtube.com\/embed\/30AYv9DJzOM?version=3&amp;#038;rel=1&amp;#038;showsearch=0&amp;#038;showinfo=1&amp;#038;iv_load_policy=1&amp;#038;fs=1&amp;#038;hl=es-ES&amp;#038;autohide=2&amp;#038;wmode=transparent&quot; allowfullscreen=&quot;true&quot; style=&quot;border:0;&quot; sandbox=&quot;allow-scripts allow-same-origin allow-popups allow-presentation allow-popups-to-escape-sandbox&quot;&gt;&lt;\/iframe&gt;\">Esta p\u00e1gina incluye contenido multimedia que requiere aceptar todas las cookies. Pulse aqu\u00ed para abrir la configuraci\u00f3n de cookies.<\/div><\/span><\/p>\n<p>Todas las situaciones que se representan las identifican en el momento haciendo uso de la empat\u00eda y participando en la asamblea aportando las emociones que les provoca o comentando algunas de las partes:<\/p>\n<ul>\n<li>Intentan reprimir a la ni\u00f1a.<\/li>\n<li>Manipulaci\u00f3n hacia los dem\u00e1s.<\/li>\n<li>No entender porqu\u00e9 se pon\u00edan en su contra.<\/li>\n<li>Le ten\u00edan celos y quer\u00edan poner a toda la clase en contra de ella siendo una ni\u00f1a buena y responsable.<\/li>\n<li>Tristeza.<\/li>\n<li>Enfado.<\/li>\n<li>Pena.<\/li>\n<li>Alegr\u00eda (al ver c\u00f3mo se desenvuelve la situaci\u00f3n).<\/li>\n<li>Angustia.<\/li>\n<li>Injusticia.<\/li>\n<li>Envidia.<\/li>\n<li>Miedo.<\/li>\n<li>Soledad.<\/li>\n<\/ul>\n<p>Planteamos algunas cuestiones como: Si fueras espectador en una situaci\u00f3n \u00bfc\u00f3mo reaccionar\u00edas? \u00bfC\u00f3mo quieres que act\u00faen los compa\u00f1eros? \u00bfHas vivido alguna situaci\u00f3n de espectador, abuso o acoso?<\/p>\n<p><span class=\"embed-youtube\" style=\"text-align:center; display: block;\"><div class=\"a25-CTUOC-hidding-box\" data-original-content=\"&lt;iframe loading=&quot;lazy&quot; class=&quot;youtube-player&quot; width=&quot;474&quot; height=&quot;267&quot; src=&quot;https:\/\/www.youtube.com\/embed\/zIL0vSNx8Xg?version=3&amp;#038;rel=1&amp;#038;showsearch=0&amp;#038;showinfo=1&amp;#038;iv_load_policy=1&amp;#038;fs=1&amp;#038;hl=es-ES&amp;#038;autohide=2&amp;#038;start=65&amp;#038;wmode=transparent&quot; allowfullscreen=&quot;true&quot; style=&quot;border:0;&quot; sandbox=&quot;allow-scripts allow-same-origin allow-popups allow-presentation allow-popups-to-escape-sandbox&quot;&gt;&lt;\/iframe&gt;\">Esta p\u00e1gina incluye contenido multimedia que requiere aceptar todas las cookies. Pulse aqu\u00ed para abrir la configuraci\u00f3n de cookies.<\/div><\/span><\/p>\n<p>En el caso del cortometraje de Pixar, \u00abLou\u00bb, les planteamos algunos interrogantes: \u00bfqu\u00e9 piensas que siente el ni\u00f1o abus\u00f3n cuando roba y molesta? \u00bfCon qu\u00e9 crees que puede estar relacionado su comportamiento? \u00bfC\u00f3mo gestiona el ni\u00f1o sus emociones? \u00bfC\u00f3mo lo har\u00edas t\u00fa? \u00bfTiene en cuanta a los dem\u00e1s o mira por s\u00ed mismo?&#8230;<\/p>\n<p>Se refieren a las conductas del ni\u00f1o conflictivo e interpretan sus actitudes por los siguientes motivos:<\/p>\n<ul>\n<li>El ni\u00f1o tiene problemas y como no sabe solucionarlos lo paga con los dem\u00e1s.<\/li>\n<li>El ni\u00f1o abusa de los dem\u00e1s para mostrarse m\u00e1s fuerte pero al final es inseguro .<\/li>\n<li>Parece que no es querido en su casa porque cuando le devuelve el juguete a la ni\u00f1a, esta le da un abrazo y el abus\u00f3n se sorprende.<\/li>\n<\/ul>\n<p>Una vez finalizada la asamblea, retomamos el rostro de August de \u00abWonder\u00bb para realizar la propuesta de \u00bfC\u00f3mo nos ven? \u00bfC\u00f3mo nos vemos?<\/p>\n<p><img decoding=\"async\" data-attachment-id=\"10587\" data-permalink=\"https:\/\/www.alqueria.es\/blogs\/colegioalqueriatercerciclo\/2022\/01\/28\/dia-de-la-paz-y-no-violencia-2\/dia-paz-1\/\" data-orig-file=\"https:\/\/cloud.alqueria.es\/wp-content\/uploads\/sites\/5\/2022\/01\/dia-paz-1.jpeg\" data-orig-size=\"2048,1152\" data-comments-opened=\"1\" data-image-meta=\"{&quot;aperture&quot;:&quot;0&quot;,&quot;credit&quot;:&quot;&quot;,&quot;camera&quot;:&quot;&quot;,&quot;caption&quot;:&quot;&quot;,&quot;created_timestamp&quot;:&quot;0&quot;,&quot;copyright&quot;:&quot;&quot;,&quot;focal_length&quot;:&quot;0&quot;,&quot;iso&quot;:&quot;0&quot;,&quot;shutter_speed&quot;:&quot;0&quot;,&quot;title&quot;:&quot;&quot;,&quot;orientation&quot;:&quot;0&quot;}\" data-image-title=\"d\u00eda paz (1)\" data-image-description=\"\" data-image-caption=\"\" data-large-file=\"https:\/\/cloud.alqueria.es\/wp-content\/uploads\/sites\/5\/2022\/01\/dia-paz-1-1024x576.jpeg\" class=\"alignnone size-full wp-image-10587\" src=\"https:\/\/cloud.alqueria.es\/wp-content\/uploads\/sites\/5\/2022\/01\/dia-paz-1.jpeg\" alt=\"\" width=\"2048\" height=\"1152\" srcset=\"https:\/\/cloud.alqueria.es\/wp-content\/uploads\/sites\/5\/2022\/01\/dia-paz-1.jpeg 2048w, https:\/\/cloud.alqueria.es\/wp-content\/uploads\/sites\/5\/2022\/01\/dia-paz-1-300x169.jpeg 300w, https:\/\/cloud.alqueria.es\/wp-content\/uploads\/sites\/5\/2022\/01\/dia-paz-1-1024x576.jpeg 1024w, https:\/\/cloud.alqueria.es\/wp-content\/uploads\/sites\/5\/2022\/01\/dia-paz-1-768x432.jpeg 768w, https:\/\/cloud.alqueria.es\/wp-content\/uploads\/sites\/5\/2022\/01\/dia-paz-1-1536x864.jpeg 1536w\" sizes=\"(max-width: 2048px) 100vw, 2048px\" \/> <img decoding=\"async\" data-attachment-id=\"10588\" data-permalink=\"https:\/\/www.alqueria.es\/blogs\/colegioalqueriatercerciclo\/2022\/01\/28\/dia-de-la-paz-y-no-violencia-2\/dia-paz-2\/\" data-orig-file=\"https:\/\/cloud.alqueria.es\/wp-content\/uploads\/sites\/5\/2022\/01\/dia-paz-2.jpeg\" data-orig-size=\"2048,1152\" data-comments-opened=\"1\" data-image-meta=\"{&quot;aperture&quot;:&quot;0&quot;,&quot;credit&quot;:&quot;&quot;,&quot;camera&quot;:&quot;&quot;,&quot;caption&quot;:&quot;&quot;,&quot;created_timestamp&quot;:&quot;0&quot;,&quot;copyright&quot;:&quot;&quot;,&quot;focal_length&quot;:&quot;0&quot;,&quot;iso&quot;:&quot;0&quot;,&quot;shutter_speed&quot;:&quot;0&quot;,&quot;title&quot;:&quot;&quot;,&quot;orientation&quot;:&quot;0&quot;}\" data-image-title=\"d\u00eda paz (2)\" data-image-description=\"\" data-image-caption=\"\" data-large-file=\"https:\/\/cloud.alqueria.es\/wp-content\/uploads\/sites\/5\/2022\/01\/dia-paz-2-1024x576.jpeg\" class=\"alignnone size-full wp-image-10588\" src=\"https:\/\/cloud.alqueria.es\/wp-content\/uploads\/sites\/5\/2022\/01\/dia-paz-2.jpeg\" alt=\"\" width=\"2048\" height=\"1152\" srcset=\"https:\/\/cloud.alqueria.es\/wp-content\/uploads\/sites\/5\/2022\/01\/dia-paz-2.jpeg 2048w, https:\/\/cloud.alqueria.es\/wp-content\/uploads\/sites\/5\/2022\/01\/dia-paz-2-300x169.jpeg 300w, https:\/\/cloud.alqueria.es\/wp-content\/uploads\/sites\/5\/2022\/01\/dia-paz-2-1024x576.jpeg 1024w, https:\/\/cloud.alqueria.es\/wp-content\/uploads\/sites\/5\/2022\/01\/dia-paz-2-768x432.jpeg 768w, https:\/\/cloud.alqueria.es\/wp-content\/uploads\/sites\/5\/2022\/01\/dia-paz-2-1536x864.jpeg 1536w\" sizes=\"(max-width: 2048px) 100vw, 2048px\" \/><\/p>\n<p>En la parte derecha del rostro deben mostrar c\u00f3mo se ven ellos f\u00edsicamente pudiendo mejorar algunos aspectos. Una vez hecho, en cada uno de los grupos de trabajo de clase deben desplazar y girar el folio hacia el compa\u00f1ero de al lado para escribir en la parte izquierda aquellas cualidades positivas de los trabajos de los compa\u00f1eros que le van llegando. As\u00ed, todos reciben una opini\u00f3n del grupo de clase.<\/p>\n<div class=\"a25-CTUOC-hidding-box\" data-original-content=\"&lt;iframe loading=&quot;lazy&quot; class=&quot;scribd_iframe_embed&quot; src=&quot;https:\/\/www.scribd.com\/embeds\/555540604\/content?start_page=1&amp;view_mode&amp;access_key=key-Au1jNqfDiEBhi0Jf9xvx&quot;  data-auto-height=&quot;true&quot; scrolling=&quot;no&quot; id=&quot;scribd_555540604&quot; width=&quot;100%&quot; height=&quot;500&quot; frameborder=&quot;0&quot;&gt;&lt;\/iframe&gt;\">Esta p\u00e1gina incluye contenido multimedia que requiere aceptar todas las cookies. Pulse aqu\u00ed para abrir la configuraci\u00f3n de cookies.<\/div>\n\t\t<div style=\"font-size:10px;text-align:center;width:100%\"><a href=\"https:\/\/www.scribd.com\/doc\/555540604\" rel=\"noopener noreferrer\" target=\"_blank\">Ver este documento en Scribd<\/a><\/div>\n<p>La actividad de definir con una palabra a un compa\u00f1ero con el que se tiene menos relaci\u00f3n o afinidad, resulta dificultosa en algunos casos teniendo que descubrir a esa persona en lo que resta de curso. Centrarse en los amigos de toda la vida y comenzar a interaccionar con otros de manera positiva, es algo que parte del grupo ha descubierto en este periodo de sexto, tanto a nivel emocional como acad\u00e9mico trabajando en equipo.<\/p>\n<p>En los pr\u00f3ximos d\u00edas publicar\u00e9 un post sobre el trabajo llevado a cabo de La Alhambra recogiendo adem\u00e1s la visita del jueves pasado.\u00a0 Mientras tanto os ofrezco algunas im\u00e1genes. Dar las gracias nuevamente a Rosario, madre de Lucas que nos acompa\u00f1\u00f3 como gu\u00eda en el recorrido de nuestro monumento nazar\u00ed.<\/p>\n<p><img decoding=\"async\" data-attachment-id=\"10589\" data-permalink=\"https:\/\/www.alqueria.es\/blogs\/colegioalqueriatercerciclo\/2022\/01\/28\/dia-de-la-paz-y-no-violencia-2\/alhambra-1-3\/\" data-orig-file=\"https:\/\/cloud.alqueria.es\/wp-content\/uploads\/sites\/5\/2022\/01\/Alhambra-1.jpeg\" data-orig-size=\"2048,1151\" data-comments-opened=\"1\" data-image-meta=\"{&quot;aperture&quot;:&quot;0&quot;,&quot;credit&quot;:&quot;&quot;,&quot;camera&quot;:&quot;&quot;,&quot;caption&quot;:&quot;&quot;,&quot;created_timestamp&quot;:&quot;0&quot;,&quot;copyright&quot;:&quot;&quot;,&quot;focal_length&quot;:&quot;0&quot;,&quot;iso&quot;:&quot;0&quot;,&quot;shutter_speed&quot;:&quot;0&quot;,&quot;title&quot;:&quot;&quot;,&quot;orientation&quot;:&quot;0&quot;}\" data-image-title=\"Alhambra (1)\" data-image-description=\"\" data-image-caption=\"\" data-large-file=\"https:\/\/cloud.alqueria.es\/wp-content\/uploads\/sites\/5\/2022\/01\/Alhambra-1-1024x576.jpeg\" class=\"alignnone size-full wp-image-10589\" src=\"https:\/\/cloud.alqueria.es\/wp-content\/uploads\/sites\/5\/2022\/01\/Alhambra-1.jpeg\" alt=\"\" width=\"2048\" height=\"1151\" srcset=\"https:\/\/cloud.alqueria.es\/wp-content\/uploads\/sites\/5\/2022\/01\/Alhambra-1.jpeg 2048w, https:\/\/cloud.alqueria.es\/wp-content\/uploads\/sites\/5\/2022\/01\/Alhambra-1-300x169.jpeg 300w, https:\/\/cloud.alqueria.es\/wp-content\/uploads\/sites\/5\/2022\/01\/Alhambra-1-1024x576.jpeg 1024w, https:\/\/cloud.alqueria.es\/wp-content\/uploads\/sites\/5\/2022\/01\/Alhambra-1-768x432.jpeg 768w, https:\/\/cloud.alqueria.es\/wp-content\/uploads\/sites\/5\/2022\/01\/Alhambra-1-1536x863.jpeg 1536w\" sizes=\"(max-width: 2048px) 100vw, 2048px\" \/> <img decoding=\"async\" data-attachment-id=\"10590\" data-permalink=\"https:\/\/www.alqueria.es\/blogs\/colegioalqueriatercerciclo\/2022\/01\/28\/dia-de-la-paz-y-no-violencia-2\/alhambra-2-2\/\" data-orig-file=\"https:\/\/cloud.alqueria.es\/wp-content\/uploads\/sites\/5\/2022\/01\/Alhambra-2.jpeg\" data-orig-size=\"2048,1151\" data-comments-opened=\"1\" data-image-meta=\"{&quot;aperture&quot;:&quot;0&quot;,&quot;credit&quot;:&quot;&quot;,&quot;camera&quot;:&quot;&quot;,&quot;caption&quot;:&quot;&quot;,&quot;created_timestamp&quot;:&quot;0&quot;,&quot;copyright&quot;:&quot;&quot;,&quot;focal_length&quot;:&quot;0&quot;,&quot;iso&quot;:&quot;0&quot;,&quot;shutter_speed&quot;:&quot;0&quot;,&quot;title&quot;:&quot;&quot;,&quot;orientation&quot;:&quot;0&quot;}\" data-image-title=\"Alhambra (2)\" data-image-description=\"\" data-image-caption=\"\" data-large-file=\"https:\/\/cloud.alqueria.es\/wp-content\/uploads\/sites\/5\/2022\/01\/Alhambra-2-1024x576.jpeg\" class=\"alignnone size-full wp-image-10590\" src=\"https:\/\/cloud.alqueria.es\/wp-content\/uploads\/sites\/5\/2022\/01\/Alhambra-2.jpeg\" alt=\"\" width=\"2048\" height=\"1151\" srcset=\"https:\/\/cloud.alqueria.es\/wp-content\/uploads\/sites\/5\/2022\/01\/Alhambra-2.jpeg 2048w, https:\/\/cloud.alqueria.es\/wp-content\/uploads\/sites\/5\/2022\/01\/Alhambra-2-300x169.jpeg 300w, https:\/\/cloud.alqueria.es\/wp-content\/uploads\/sites\/5\/2022\/01\/Alhambra-2-1024x576.jpeg 1024w, https:\/\/cloud.alqueria.es\/wp-content\/uploads\/sites\/5\/2022\/01\/Alhambra-2-768x432.jpeg 768w, https:\/\/cloud.alqueria.es\/wp-content\/uploads\/sites\/5\/2022\/01\/Alhambra-2-1536x863.jpeg 1536w\" sizes=\"(max-width: 2048px) 100vw, 2048px\" \/> <img decoding=\"async\" data-attachment-id=\"10591\" data-permalink=\"https:\/\/www.alqueria.es\/blogs\/colegioalqueriatercerciclo\/2022\/01\/28\/dia-de-la-paz-y-no-violencia-2\/alhambra-3-2\/\" data-orig-file=\"https:\/\/cloud.alqueria.es\/wp-content\/uploads\/sites\/5\/2022\/01\/Alhambra-3.jpeg\" data-orig-size=\"2048,1151\" data-comments-opened=\"1\" data-image-meta=\"{&quot;aperture&quot;:&quot;0&quot;,&quot;credit&quot;:&quot;&quot;,&quot;camera&quot;:&quot;&quot;,&quot;caption&quot;:&quot;&quot;,&quot;created_timestamp&quot;:&quot;0&quot;,&quot;copyright&quot;:&quot;&quot;,&quot;focal_length&quot;:&quot;0&quot;,&quot;iso&quot;:&quot;0&quot;,&quot;shutter_speed&quot;:&quot;0&quot;,&quot;title&quot;:&quot;&quot;,&quot;orientation&quot;:&quot;0&quot;}\" data-image-title=\"Alhambra (3)\" data-image-description=\"\" data-image-caption=\"\" data-large-file=\"https:\/\/cloud.alqueria.es\/wp-content\/uploads\/sites\/5\/2022\/01\/Alhambra-3-1024x576.jpeg\" class=\"alignnone size-full wp-image-10591\" src=\"https:\/\/cloud.alqueria.es\/wp-content\/uploads\/sites\/5\/2022\/01\/Alhambra-3.jpeg\" alt=\"\" width=\"2048\" height=\"1151\" srcset=\"https:\/\/cloud.alqueria.es\/wp-content\/uploads\/sites\/5\/2022\/01\/Alhambra-3.jpeg 2048w, https:\/\/cloud.alqueria.es\/wp-content\/uploads\/sites\/5\/2022\/01\/Alhambra-3-300x169.jpeg 300w, https:\/\/cloud.alqueria.es\/wp-content\/uploads\/sites\/5\/2022\/01\/Alhambra-3-1024x576.jpeg 1024w, https:\/\/cloud.alqueria.es\/wp-content\/uploads\/sites\/5\/2022\/01\/Alhambra-3-768x432.jpeg 768w, https:\/\/cloud.alqueria.es\/wp-content\/uploads\/sites\/5\/2022\/01\/Alhambra-3-1536x863.jpeg 1536w\" sizes=\"(max-width: 2048px) 100vw, 2048px\" \/> <img decoding=\"async\" data-attachment-id=\"10592\" data-permalink=\"https:\/\/www.alqueria.es\/blogs\/colegioalqueriatercerciclo\/2022\/01\/28\/dia-de-la-paz-y-no-violencia-2\/alhambra-4-2\/\" data-orig-file=\"https:\/\/cloud.alqueria.es\/wp-content\/uploads\/sites\/5\/2022\/01\/Alhambra-4.jpeg\" data-orig-size=\"2048,1151\" data-comments-opened=\"1\" data-image-meta=\"{&quot;aperture&quot;:&quot;0&quot;,&quot;credit&quot;:&quot;&quot;,&quot;camera&quot;:&quot;&quot;,&quot;caption&quot;:&quot;&quot;,&quot;created_timestamp&quot;:&quot;0&quot;,&quot;copyright&quot;:&quot;&quot;,&quot;focal_length&quot;:&quot;0&quot;,&quot;iso&quot;:&quot;0&quot;,&quot;shutter_speed&quot;:&quot;0&quot;,&quot;title&quot;:&quot;&quot;,&quot;orientation&quot;:&quot;0&quot;}\" data-image-title=\"Alhambra (4)\" data-image-description=\"\" data-image-caption=\"\" data-large-file=\"https:\/\/cloud.alqueria.es\/wp-content\/uploads\/sites\/5\/2022\/01\/Alhambra-4-1024x576.jpeg\" class=\"alignnone size-full wp-image-10592\" src=\"https:\/\/cloud.alqueria.es\/wp-content\/uploads\/sites\/5\/2022\/01\/Alhambra-4.jpeg\" alt=\"\" width=\"2048\" height=\"1151\" srcset=\"https:\/\/cloud.alqueria.es\/wp-content\/uploads\/sites\/5\/2022\/01\/Alhambra-4.jpeg 2048w, https:\/\/cloud.alqueria.es\/wp-content\/uploads\/sites\/5\/2022\/01\/Alhambra-4-300x169.jpeg 300w, https:\/\/cloud.alqueria.es\/wp-content\/uploads\/sites\/5\/2022\/01\/Alhambra-4-1024x576.jpeg 1024w, https:\/\/cloud.alqueria.es\/wp-content\/uploads\/sites\/5\/2022\/01\/Alhambra-4-768x432.jpeg 768w, https:\/\/cloud.alqueria.es\/wp-content\/uploads\/sites\/5\/2022\/01\/Alhambra-4-1536x863.jpeg 1536w\" sizes=\"(max-width: 2048px) 100vw, 2048px\" \/><\/p>\n<p>Buen fin de semana.<\/p>\n","protected":false},"excerpt":{"rendered":"<p>Para el D\u00eda de la Paz y no Violencia que celebramos en el colegio, el tercer ciclo lleva a cabo una propuesta sobre los perfiles que se desarrollan cuando alg\u00fan miembro de un grupo se siente desplazado, discriminado, rechazado&#8230; identificando los roles de acosado-v\u00edctima, palmeros-pasivos, acosadores-abusones. Comenzamos la jornada reflexionando el porqu\u00e9 celebramos este d\u00eda &hellip; <a href=\"https:\/\/www.alqueria.es\/blogs\/colegioalqueriatercerciclo\/2022\/01\/28\/dia-de-la-paz-y-no-violencia-2\/\" class=\"more-link\">Seguir leyendo <span class=\"screen-reader-text\">D\u00eda de la Paz y No Violencia<\/span> <span class=\"meta-nav\">&rarr;<\/span><\/a><\/p>\n","protected":false},"author":3,"featured_media":0,"comment_status":"open","ping_status":"open","sticky":false,"template":"","format":"standard","meta":{"jetpack_post_was_ever_published":false,"_jetpack_newsletter_access":"","_jetpack_dont_email_post_to_subs":false,"_jetpack_newsletter_tier_id":0,"_jetpack_memberships_contains_paywalled_content":false,"_jetpack_memberships_contains_paid_content":false,"footnotes":"","jetpack_publicize_message":"","jetpack_publicize_feature_enabled":true,"jetpack_social_post_already_shared":true,"jetpack_social_options":{"image_generator_settings":{"template":"highway","default_image_id":0,"font":"","enabled":false},"version":2}},"categories":[3,15],"tags":[39,180,115],"class_list":["post-10585","post","type-post","status-publish","format-standard","hentry","category-6o-epo","category-semanario-6o","tag-dia-de-la-paz-y-no-violencia","tag-semanario-6o","tag-youtube"],"jetpack_publicize_connections":[],"jetpack_featured_media_url":"","jetpack_sharing_enabled":true,"jetpack_shortlink":"https:\/\/wp.me\/p4l4AW-2KJ","jetpack-related-posts":[],"_links":{"self":[{"href":"https:\/\/www.alqueria.es\/blogs\/colegioalqueriatercerciclo\/wp-json\/wp\/v2\/posts\/10585","targetHints":{"allow":["GET"]}}],"collection":[{"href":"https:\/\/www.alqueria.es\/blogs\/colegioalqueriatercerciclo\/wp-json\/wp\/v2\/posts"}],"about":[{"href":"https:\/\/www.alqueria.es\/blogs\/colegioalqueriatercerciclo\/wp-json\/wp\/v2\/types\/post"}],"author":[{"embeddable":true,"href":"https:\/\/www.alqueria.es\/blogs\/colegioalqueriatercerciclo\/wp-json\/wp\/v2\/users\/3"}],"replies":[{"embeddable":true,"href":"https:\/\/www.alqueria.es\/blogs\/colegioalqueriatercerciclo\/wp-json\/wp\/v2\/comments?post=10585"}],"version-history":[{"count":2,"href":"https:\/\/www.alqueria.es\/blogs\/colegioalqueriatercerciclo\/wp-json\/wp\/v2\/posts\/10585\/revisions"}],"predecessor-version":[{"id":10593,"href":"https:\/\/www.alqueria.es\/blogs\/colegioalqueriatercerciclo\/wp-json\/wp\/v2\/posts\/10585\/revisions\/10593"}],"wp:attachment":[{"href":"https:\/\/www.alqueria.es\/blogs\/colegioalqueriatercerciclo\/wp-json\/wp\/v2\/media?parent=10585"}],"wp:term":[{"taxonomy":"category","embeddable":true,"href":"https:\/\/www.alqueria.es\/blogs\/colegioalqueriatercerciclo\/wp-json\/wp\/v2\/categories?post=10585"},{"taxonomy":"post_tag","embeddable":true,"href":"https:\/\/www.alqueria.es\/blogs\/colegioalqueriatercerciclo\/wp-json\/wp\/v2\/tags?post=10585"}],"curies":[{"name":"wp","href":"https:\/\/api.w.org\/{rel}","templated":true}]}}