{"id":11,"date":"2012-09-15T09:10:53","date_gmt":"2012-09-15T09:10:53","guid":{"rendered":"http:\/\/colegioalqueria.wordpress.com\/?p=11"},"modified":"2012-09-15T09:10:53","modified_gmt":"2012-09-15T09:10:53","slug":"primer-dia-de-clase","status":"publish","type":"post","link":"https:\/\/www.alqueria.es\/blogs\/colegioalqueriatercerciclo\/2012\/09\/15\/primer-dia-de-clase\/","title":{"rendered":"Primer d\u00eda de clase"},"content":{"rendered":"<p>Hoy ha dado comienzo nuestro nuevo curso. Esta ma\u00f1ana, tras los afectuosos saludos de bienvenida, hemos comenzado las clases. Como no pod\u00eda ser de otra manera, hemos empezado hablando del verano. Mediante un mapa de Espa\u00f1a y del mundo, en nuestra P.D.I., hemos ido saliendo uno a uno para situar una estrella all\u00ed donde hemos estado este verano. Ya de paso, compart\u00edamos con nuestros compa\u00f1eros alguna an\u00e9cdota de las vacaciones.<\/p>\n<p>Las provincias de Granada, Almer\u00eda y M\u00e1laga, han sido los destinos mayoritarios, sobre todo sus costas. Tambi\u00e9n, con menor n\u00famero de visitas, Sevilla, Madrid, Burgos, Valladolid, Valencia&#8230;. Los destinos fuera de Espa\u00f1a: Inglaterra, Francia, Holanda y Jap\u00f3n. Natalia ha compartido con nosotros una presentaci\u00f3n que ha realizado sobre las Olimpiadas de Londres 2012, a las que asisti\u00f3 con su familia. Antes del recreo, nos hemos reunido con todos los compa\u00f1eros de primaria en una asamblea de apertura del curso, donde Isabel, nuestra directora nos ha dado la bienvenida a todos.<\/p>\n<p><img decoding=\"async\" data-attachment-id=\"12\" data-permalink=\"https:\/\/www.alqueria.es\/blogs\/colegioalqueriatercerciclo\/2012\/09\/15\/primer-dia-de-clase\/attachment\/1\/\" data-orig-file=\"https:\/\/www.alqueria.es\/blogs\/colegioalqueriatercerciclo\/wp-content\/uploads\/sites\/5\/2012\/09\/1.jpg\" data-orig-size=\"267,189\" data-comments-opened=\"1\" data-image-meta=\"{&quot;aperture&quot;:&quot;0&quot;,&quot;credit&quot;:&quot;&quot;,&quot;camera&quot;:&quot;&quot;,&quot;caption&quot;:&quot;&quot;,&quot;created_timestamp&quot;:&quot;0&quot;,&quot;copyright&quot;:&quot;&quot;,&quot;focal_length&quot;:&quot;0&quot;,&quot;iso&quot;:&quot;0&quot;,&quot;shutter_speed&quot;:&quot;0&quot;,&quot;title&quot;:&quot;&quot;}\" data-image-title=\"Fotos viajeras\" data-image-description=\"\" data-image-caption=\"\" data-large-file=\"https:\/\/www.alqueria.es\/blogs\/colegioalqueriatercerciclo\/wp-content\/uploads\/sites\/5\/2012\/09\/1.jpg\" class=\"aligncenter size-full wp-image-12\" title=\"Fotos viajeras\" src=\"https:\/\/cloud.alqueria.es\/wp-content\/uploads\/sites\/5\/2012\/09\/1.jpg\" alt=\"\" width=\"267\" height=\"189\" \/><\/p>\n<p>La segunda parte de la ma\u00f1ana y la tarde la hemos dedicado a repartir material, rotularlo con nuestros nombres, organizar carpetas, perchas, toda la puesta en marcha necesaria para iniciar el trabajo.<\/p>\n<p>Para ma\u00f1ana les he indicado que traigan una carpeta clasificadora, el estuche, la agenda y un libro de lectura. Tambi\u00e9n tienen que buscar el significado de la palabra \u201cBIT\u00c1CORA\u201d.<\/p>\n<p><img decoding=\"async\" data-attachment-id=\"13\" data-permalink=\"https:\/\/www.alqueria.es\/blogs\/colegioalqueriatercerciclo\/2012\/09\/15\/primer-dia-de-clase\/attachment\/2\/\" data-orig-file=\"https:\/\/www.alqueria.es\/blogs\/colegioalqueriatercerciclo\/wp-content\/uploads\/sites\/5\/2012\/09\/2.jpg\" data-orig-size=\"259,194\" data-comments-opened=\"1\" data-image-meta=\"{&quot;aperture&quot;:&quot;0&quot;,&quot;credit&quot;:&quot;&quot;,&quot;camera&quot;:&quot;&quot;,&quot;caption&quot;:&quot;&quot;,&quot;created_timestamp&quot;:&quot;0&quot;,&quot;copyright&quot;:&quot;&quot;,&quot;focal_length&quot;:&quot;0&quot;,&quot;iso&quot;:&quot;0&quot;,&quot;shutter_speed&quot;:&quot;0&quot;,&quot;title&quot;:&quot;&quot;}\" data-image-title=\"herramientas de trabajo\" data-image-description=\"\" data-image-caption=\"\" data-large-file=\"https:\/\/www.alqueria.es\/blogs\/colegioalqueriatercerciclo\/wp-content\/uploads\/sites\/5\/2012\/09\/2.jpg\" class=\"aligncenter size-full wp-image-13\" title=\"herramientas de trabajo\" src=\"https:\/\/cloud.alqueria.es\/wp-content\/uploads\/sites\/5\/2012\/09\/2.jpg\" alt=\"\" width=\"259\" height=\"194\" \/><\/p>\n<p>Un saludo.<\/p>\n<p>Jose.<\/p>\n","protected":false},"excerpt":{"rendered":"<p>Hoy ha dado comienzo nuestro nuevo curso. Esta ma\u00f1ana, tras los afectuosos saludos de bienvenida, hemos comenzado las clases. Como no pod\u00eda ser de otra manera, hemos empezado hablando del verano. Mediante un mapa de Espa\u00f1a y del mundo, en nuestra P.D.I., hemos ido saliendo uno a uno para situar una estrella all\u00ed donde hemos &hellip; <a href=\"https:\/\/www.alqueria.es\/blogs\/colegioalqueriatercerciclo\/2012\/09\/15\/primer-dia-de-clase\/\" class=\"more-link\">Seguir leyendo <span class=\"screen-reader-text\">Primer d\u00eda de clase<\/span> <span class=\"meta-nav\">&rarr;<\/span><\/a><\/p>\n","protected":false},"author":7,"featured_media":0,"comment_status":"open","ping_status":"open","sticky":false,"template":"","format":"standard","meta":{"jetpack_post_was_ever_published":false,"_jetpack_newsletter_access":"","_jetpack_dont_email_post_to_subs":false,"_jetpack_newsletter_tier_id":0,"_jetpack_memberships_contains_paywalled_content":false,"_jetpack_memberships_contains_paid_content":false,"footnotes":"","jetpack_publicize_message":"","jetpack_publicize_feature_enabled":true,"jetpack_social_post_already_shared":true,"jetpack_social_options":{"image_generator_settings":{"template":"highway","default_image_id":0,"font":"","enabled":false},"version":2}},"categories":[2,14],"tags":[76,179],"class_list":["post-11","post","type-post","status-publish","format-standard","hentry","category-5o-epo","category-semanario-5o","tag-primer-dia-de-clase","tag-semanario-5o"],"jetpack_publicize_connections":[],"jetpack_featured_media_url":"","jetpack_sharing_enabled":true,"jetpack_shortlink":"https:\/\/wp.me\/p4l4AW-b","jetpack-related-posts":[],"_links":{"self":[{"href":"https:\/\/www.alqueria.es\/blogs\/colegioalqueriatercerciclo\/wp-json\/wp\/v2\/posts\/11","targetHints":{"allow":["GET"]}}],"collection":[{"href":"https:\/\/www.alqueria.es\/blogs\/colegioalqueriatercerciclo\/wp-json\/wp\/v2\/posts"}],"about":[{"href":"https:\/\/www.alqueria.es\/blogs\/colegioalqueriatercerciclo\/wp-json\/wp\/v2\/types\/post"}],"author":[{"embeddable":true,"href":"https:\/\/www.alqueria.es\/blogs\/colegioalqueriatercerciclo\/wp-json\/wp\/v2\/users\/7"}],"replies":[{"embeddable":true,"href":"https:\/\/www.alqueria.es\/blogs\/colegioalqueriatercerciclo\/wp-json\/wp\/v2\/comments?post=11"}],"version-history":[{"count":0,"href":"https:\/\/www.alqueria.es\/blogs\/colegioalqueriatercerciclo\/wp-json\/wp\/v2\/posts\/11\/revisions"}],"wp:attachment":[{"href":"https:\/\/www.alqueria.es\/blogs\/colegioalqueriatercerciclo\/wp-json\/wp\/v2\/media?parent=11"}],"wp:term":[{"taxonomy":"category","embeddable":true,"href":"https:\/\/www.alqueria.es\/blogs\/colegioalqueriatercerciclo\/wp-json\/wp\/v2\/categories?post=11"},{"taxonomy":"post_tag","embeddable":true,"href":"https:\/\/www.alqueria.es\/blogs\/colegioalqueriatercerciclo\/wp-json\/wp\/v2\/tags?post=11"}],"curies":[{"name":"wp","href":"https:\/\/api.w.org\/{rel}","templated":true}]}}