{"id":122,"date":"2012-10-05T16:59:53","date_gmt":"2012-10-05T14:59:53","guid":{"rendered":"http:\/\/colegioalqueria.wordpress.com\/?p=122"},"modified":"2012-10-05T16:59:53","modified_gmt":"2012-10-05T14:59:53","slug":"quinto-semana-del-1-al-5-de-octubre","status":"publish","type":"post","link":"https:\/\/www.alqueria.es\/blogs\/colegioalqueriatercerciclo\/2012\/10\/05\/quinto-semana-del-1-al-5-de-octubre\/","title":{"rendered":"QUINTO. Semana del 1 al 5 de octubre."},"content":{"rendered":"<p>Quiero dar las gracias a las familias \u00a0por su asistencia a la reuni\u00f3n de grupo y la atenci\u00f3n prestada. Como siempre es un buen momento para compartir con todos vosotros nuestros proyectos \u00a0y planes para el curso.<\/p>\n<p>En esta semana, en el taller de escritura, hemos trabajado sobre las leyendas. Estuvimos leyendo \u00a0\u00abEl monte de las \u00e1nimas\u00bb de B\u00e9cquer y tambi\u00e9n la leyenda del \u00abLagarto de Ja\u00e9n\u00bb. \u00c9sta \u00faltima nos ofrec\u00eda tres finales diferentes. Les propuse que con el mismo principio, eligieran uno de los finales, aunque tambi\u00e9n aceptamos leyendas totalmente inventadas. El resultado lo pod\u00e9is ver en el expositor de clase. Una de las pautas de trabajo era usar p\u00e1rrafos para darle estructura a nuestro texto, separando las ideas del mismo.<\/p>\n<p>En matem\u00e1ticas estamos trabajando con la operaci\u00f3n de suma y resta. Volvemos a redondear los sumandos para obtener resultados aproximados, igual con la resta. Jugamos a intercambiar los t\u00e9rminos de la resta para calcular el que falta.<\/p>\n<p>Hacer clic \u00a0en estos enlaces\u00a0para realizar actividades relacionadas con estos contenidos:<\/p>\n<p><a href=\"http:\/\/www2.gobiernodecanarias.org\/educacion\/17\/WebC\/eltanque\/todo_mate\/laresta\/laresta_p.html\">enlace 1<\/a><\/p>\n<p><a href=\"http:\/\/www.educa.jcyl.es\/educacyl\/cm\/zonaalumnos\/tkPopUp?pgseed=1172775298308&amp;idContent=8940&amp;locale=es_ES&amp;textOnly=false\">enlace 2<\/a>\u00a0 (Seleccionar el nivel 3)<\/p>\n<p>Seguimos avanzando en el estudio de los seres vivos. Hemos organizado nuevos grupos para trabajar los ANIMALES INVERTEBRADOS. La b\u00fasqueda de informaci\u00f3n la estamos realizando a trav\u00e9s de grupos de expertos. La pr\u00f3xima semana daremos continuidad a este trabajo, recogiendo la informaci\u00f3n de todos los miembros del grupo en nuestra WIKI.<\/p>\n<p>Para el lunes, como tarea, tenemos que entregar el Cuaderno de Bit\u00e1cora, con al menos dos entradas. En clase propusimos un tema: \u00bfQu\u00e9 pasar\u00eda si las c\u00e9lulas humanas tuviesen cloroplastos? \u00a0Tambi\u00e9n tienen que ir avanzando en el cuaderno de matem\u00e1ticas del nueve y medio.<\/p>\n<p>Hoy viernes, en la clase de \u00e9tica, tras la lectura del texto: \u00a0\u00abHector y la criatura misteriosa\u00bb, provocamos un interesante di\u00e1logo. Entre otros temas:<\/p>\n<p>&#8211; Hemos estado definiendo sentimientos: amor, odio, antipat\u00eda, rencor, desprecio, asco, envidia, violencia, avaricia, felicidad, esperanza, ilusi\u00f3n&#8230;.<\/p>\n<p>&#8211; \u00bfCrees que es f\u00e1cil o dif\u00edcil diferenciar entre lo que est\u00e1 bien y lo que est\u00e1 mal?.<\/p>\n<p>&#8211; Qu\u00e9 diferencia hay entre \u00a0\u00abrazones\u00bb, \u00abmotivos\u00bb y \u00abexcusas\u00bb.\u00a0\u00a0Situaciones de su vida donde han puesto una excusa, para no hacer algo que deb\u00edan hacer. Por cierto, han salido much\u00edsimas, y todos han aportado.<\/p>\n<p>Llevan en sus carpetas la historia, es un texto corto, el primer cap\u00edtulo de la historia que continuaremos las pr\u00f3ximas semanas. Les he propuesto que os lean en voz alta el texto.<\/p>\n<p>Un saludo.<\/p>\n","protected":false},"excerpt":{"rendered":"<p>Quiero dar las gracias a las familias \u00a0por su asistencia a la reuni\u00f3n de grupo y la atenci\u00f3n prestada. Como siempre es un buen momento para compartir con todos vosotros nuestros proyectos \u00a0y planes para el curso. En esta semana, en el taller de escritura, hemos trabajado sobre las leyendas. Estuvimos leyendo \u00a0\u00abEl monte de &hellip; <a href=\"https:\/\/www.alqueria.es\/blogs\/colegioalqueriatercerciclo\/2012\/10\/05\/quinto-semana-del-1-al-5-de-octubre\/\" class=\"more-link\">Seguir leyendo <span class=\"screen-reader-text\">QUINTO. Semana del 1 al 5 de octubre.<\/span> <span class=\"meta-nav\">&rarr;<\/span><\/a><\/p>\n","protected":false},"author":8,"featured_media":0,"comment_status":"open","ping_status":"open","sticky":false,"template":"","format":"standard","meta":{"jetpack_post_was_ever_published":false,"_jetpack_newsletter_access":"","_jetpack_dont_email_post_to_subs":false,"_jetpack_newsletter_tier_id":0,"_jetpack_memberships_contains_paywalled_content":false,"_jetpack_memberships_contains_paid_content":false,"footnotes":"","jetpack_publicize_message":"","jetpack_publicize_feature_enabled":true,"jetpack_social_post_already_shared":true,"jetpack_social_options":{"image_generator_settings":{"template":"highway","default_image_id":0,"font":"","enabled":false},"version":2}},"categories":[2,14],"tags":[179],"class_list":["post-122","post","type-post","status-publish","format-standard","hentry","category-5o-epo","category-semanario-5o","tag-semanario-5o"],"jetpack_publicize_connections":[],"jetpack_featured_media_url":"","jetpack_sharing_enabled":true,"jetpack_shortlink":"https:\/\/wp.me\/p4l4AW-1Y","jetpack-related-posts":[],"_links":{"self":[{"href":"https:\/\/www.alqueria.es\/blogs\/colegioalqueriatercerciclo\/wp-json\/wp\/v2\/posts\/122","targetHints":{"allow":["GET"]}}],"collection":[{"href":"https:\/\/www.alqueria.es\/blogs\/colegioalqueriatercerciclo\/wp-json\/wp\/v2\/posts"}],"about":[{"href":"https:\/\/www.alqueria.es\/blogs\/colegioalqueriatercerciclo\/wp-json\/wp\/v2\/types\/post"}],"author":[{"embeddable":true,"href":"https:\/\/www.alqueria.es\/blogs\/colegioalqueriatercerciclo\/wp-json\/wp\/v2\/users\/8"}],"replies":[{"embeddable":true,"href":"https:\/\/www.alqueria.es\/blogs\/colegioalqueriatercerciclo\/wp-json\/wp\/v2\/comments?post=122"}],"version-history":[{"count":0,"href":"https:\/\/www.alqueria.es\/blogs\/colegioalqueriatercerciclo\/wp-json\/wp\/v2\/posts\/122\/revisions"}],"wp:attachment":[{"href":"https:\/\/www.alqueria.es\/blogs\/colegioalqueriatercerciclo\/wp-json\/wp\/v2\/media?parent=122"}],"wp:term":[{"taxonomy":"category","embeddable":true,"href":"https:\/\/www.alqueria.es\/blogs\/colegioalqueriatercerciclo\/wp-json\/wp\/v2\/categories?post=122"},{"taxonomy":"post_tag","embeddable":true,"href":"https:\/\/www.alqueria.es\/blogs\/colegioalqueriatercerciclo\/wp-json\/wp\/v2\/tags?post=122"}],"curies":[{"name":"wp","href":"https:\/\/api.w.org\/{rel}","templated":true}]}}