{"id":12768,"date":"2022-12-09T15:46:47","date_gmt":"2022-12-09T14:46:47","guid":{"rendered":"https:\/\/www.alqueria.es\/blogs\/colegioalqueriatercerciclo\/?p=12768"},"modified":"2022-12-09T15:55:43","modified_gmt":"2022-12-09T14:55:43","slug":"cronica-de-nuestra-minisemana","status":"publish","type":"post","link":"https:\/\/www.alqueria.es\/blogs\/colegioalqueriatercerciclo\/2022\/12\/09\/cronica-de-nuestra-minisemana\/","title":{"rendered":"Cr\u00f3nica de nuestra \u00abminisemana\u00bb"},"content":{"rendered":"<p>En esta semana tan peculiar y con varios navegantes de viaje, a\u00fan de baja o con otra actividad&#8230; organizamos la semana con algunas tareas que a modo de cr\u00f3nica os relato.<\/p>\n<p><span style=\"color: #0000ff\"><strong>LUNES<\/strong><\/span><\/p>\n<ul>\n<li><strong>Repaso de decimales y operaciones.<\/strong><\/li>\n<\/ul>\n<p>Aprovechamos las primeras horas de la ma\u00f1ana para seguir resolviendo dudas de c\u00e1lculo enfocadas en operaciones con decimales, la divisi\u00f3n de varias cifras y la llevada en la resta. Adem\u00e1s, reforzamos la posici\u00f3n de n\u00fameros en la recta.<\/p>\n<ul>\n<li><strong>Biblioteca.<\/strong><\/li>\n<\/ul>\n<p>Subimos a la biblioteca del colegio para devolver aquellos libros que seleccionamos a principio de curso y que ya no nos hacen falta. Escogen un nuevo ejemplar y lo llevan a clase para leerlo tanto en clase como en casa.<\/p>\n<p><img decoding=\"async\" data-attachment-id=\"12771\" data-permalink=\"https:\/\/www.alqueria.es\/blogs\/colegioalqueriatercerciclo\/2022\/12\/09\/cronica-de-nuestra-minisemana\/05-12-4\/\" data-orig-file=\"https:\/\/cloud.alqueria.es\/wp-content\/uploads\/sites\/5\/2022\/12\/05.12-4.jpeg\" data-orig-size=\"2048,1151\" data-comments-opened=\"1\" data-image-meta=\"{&quot;aperture&quot;:&quot;0&quot;,&quot;credit&quot;:&quot;&quot;,&quot;camera&quot;:&quot;&quot;,&quot;caption&quot;:&quot;&quot;,&quot;created_timestamp&quot;:&quot;0&quot;,&quot;copyright&quot;:&quot;&quot;,&quot;focal_length&quot;:&quot;0&quot;,&quot;iso&quot;:&quot;0&quot;,&quot;shutter_speed&quot;:&quot;0&quot;,&quot;title&quot;:&quot;&quot;,&quot;orientation&quot;:&quot;0&quot;}\" data-image-title=\"05.12 (4)\" data-image-description=\"\" data-image-caption=\"\" data-large-file=\"https:\/\/cloud.alqueria.es\/wp-content\/uploads\/sites\/5\/2022\/12\/05.12-4-1024x576.jpeg\" class=\"alignnone size-full wp-image-12771\" src=\"https:\/\/cloud.alqueria.es\/wp-content\/uploads\/sites\/5\/2022\/12\/05.12-4.jpeg\" alt=\"\" width=\"2048\" height=\"1151\" srcset=\"https:\/\/cloud.alqueria.es\/wp-content\/uploads\/sites\/5\/2022\/12\/05.12-4.jpeg 2048w, https:\/\/cloud.alqueria.es\/wp-content\/uploads\/sites\/5\/2022\/12\/05.12-4-300x169.jpeg 300w, https:\/\/cloud.alqueria.es\/wp-content\/uploads\/sites\/5\/2022\/12\/05.12-4-1024x576.jpeg 1024w, https:\/\/cloud.alqueria.es\/wp-content\/uploads\/sites\/5\/2022\/12\/05.12-4-768x432.jpeg 768w, https:\/\/cloud.alqueria.es\/wp-content\/uploads\/sites\/5\/2022\/12\/05.12-4-1536x863.jpeg 1536w\" sizes=\"(max-width: 2048px) 100vw, 2048px\" \/><\/p>\n<ul>\n<li><strong>Constituci\u00f3n espa\u00f1ola.<\/strong><\/li>\n<\/ul>\n<p>Despu\u00e9s del recreo se lanza al grupo la pregunta de porqu\u00e9 el martes es festivo nacional. Son conocedores de que el d\u00eda 6 de diciembre se celebra la Constituci\u00f3n espa\u00f1ola. Aportan ideas de lo que es: un libro con las normas del pa\u00eds; es un libro que tambi\u00e9n se le llama Pepa; est\u00e1 formado por derechos y deberes, las elecciones generales&#8230;<\/p>\n<p>Con todos estos datos comenzamos a ver este v\u00eddeo para aportar nuevas ideas y volver a comentar.<\/p>\n<p><span class=\"embed-youtube\" style=\"text-align:center; display: block;\"><div class=\"a25-CTUOC-hidding-box\" data-original-content=\"&lt;iframe loading=&quot;lazy&quot; class=&quot;youtube-player&quot; width=&quot;474&quot; height=&quot;267&quot; src=&quot;https:\/\/www.youtube.com\/embed\/0WALSAouO1k?version=3&amp;#038;rel=1&amp;#038;showsearch=0&amp;#038;showinfo=1&amp;#038;iv_load_policy=1&amp;#038;fs=1&amp;#038;hl=es-ES&amp;#038;autohide=2&amp;#038;wmode=transparent&quot; allowfullscreen=&quot;true&quot; style=&quot;border:0;&quot; sandbox=&quot;allow-scripts allow-same-origin allow-popups allow-presentation allow-popups-to-escape-sandbox&quot;&gt;&lt;\/iframe&gt;\">Esta p\u00e1gina incluye contenido multimedia que requiere aceptar todas las cookies. Pulse aqu\u00ed para abrir la configuraci\u00f3n de cookies.<\/div><\/span><\/p>\n<p>De aqu\u00ed comienzan a surgir algunas preguntas y comentarios de c\u00f3mo surgi\u00f3 la Constituci\u00f3n, c\u00f3mo se viv\u00eda en esa \u00e9poca y la diferencia entre Rep\u00fablica y Monarqu\u00eda. El grupo ya conoc\u00eda muchos de los datos aportados por el v\u00eddeo.<\/p>\n<p>As\u00ed, comentamos sobre los derechos y deberes que cualquier ciudadana\/o tiene que llevar a cabo con responsabilidad para que un pa\u00eds funcione.<\/p>\n<p>Hacemos revisi\u00f3n de nuestras normas de aula, colegio, comedor, patio&#8230; que plantearon al inicio de curso, para reafirmar que siguen vigentes y cumpli\u00e9ndose a d\u00eda de hoy. Nos damos cuenta de que tenemos que hacer hincapi\u00e9 en escuchar m\u00e1s a la persona que tiene el turno de palabra.<\/p>\n<ul>\n<li><strong>Decoraci\u00f3n de clase con motivos invernales.<\/strong><\/li>\n<\/ul>\n<p>Gus nos ense\u00f1a a crear peque\u00f1os pinos de papel reciclado. As\u00ed que decidimos ponernos en marcha para generar algunos dise\u00f1os de estrellas y cadenetas haciendo uso de la l\u00f3gica al recortar con las tijeras.<\/p>\n<p><img decoding=\"async\" data-attachment-id=\"12772\" data-permalink=\"https:\/\/www.alqueria.es\/blogs\/colegioalqueriatercerciclo\/2022\/12\/09\/cronica-de-nuestra-minisemana\/05-12-3\/\" data-orig-file=\"https:\/\/cloud.alqueria.es\/wp-content\/uploads\/sites\/5\/2022\/12\/05.12-3.jpeg\" data-orig-size=\"2048,1151\" data-comments-opened=\"1\" data-image-meta=\"{&quot;aperture&quot;:&quot;0&quot;,&quot;credit&quot;:&quot;&quot;,&quot;camera&quot;:&quot;&quot;,&quot;caption&quot;:&quot;&quot;,&quot;created_timestamp&quot;:&quot;0&quot;,&quot;copyright&quot;:&quot;&quot;,&quot;focal_length&quot;:&quot;0&quot;,&quot;iso&quot;:&quot;0&quot;,&quot;shutter_speed&quot;:&quot;0&quot;,&quot;title&quot;:&quot;&quot;,&quot;orientation&quot;:&quot;0&quot;}\" data-image-title=\"05.12 (3)\" data-image-description=\"\" data-image-caption=\"\" data-large-file=\"https:\/\/cloud.alqueria.es\/wp-content\/uploads\/sites\/5\/2022\/12\/05.12-3-1024x576.jpeg\" class=\"alignnone size-full wp-image-12772\" src=\"https:\/\/cloud.alqueria.es\/wp-content\/uploads\/sites\/5\/2022\/12\/05.12-3.jpeg\" alt=\"\" width=\"2048\" height=\"1151\" srcset=\"https:\/\/cloud.alqueria.es\/wp-content\/uploads\/sites\/5\/2022\/12\/05.12-3.jpeg 2048w, https:\/\/cloud.alqueria.es\/wp-content\/uploads\/sites\/5\/2022\/12\/05.12-3-300x169.jpeg 300w, https:\/\/cloud.alqueria.es\/wp-content\/uploads\/sites\/5\/2022\/12\/05.12-3-1024x576.jpeg 1024w, https:\/\/cloud.alqueria.es\/wp-content\/uploads\/sites\/5\/2022\/12\/05.12-3-768x432.jpeg 768w, https:\/\/cloud.alqueria.es\/wp-content\/uploads\/sites\/5\/2022\/12\/05.12-3-1536x863.jpeg 1536w\" sizes=\"(max-width: 2048px) 100vw, 2048px\" \/> <img decoding=\"async\" data-attachment-id=\"12773\" data-permalink=\"https:\/\/www.alqueria.es\/blogs\/colegioalqueriatercerciclo\/2022\/12\/09\/cronica-de-nuestra-minisemana\/05-12-5\/\" data-orig-file=\"https:\/\/cloud.alqueria.es\/wp-content\/uploads\/sites\/5\/2022\/12\/05.12-5.jpeg\" data-orig-size=\"2048,1151\" data-comments-opened=\"1\" data-image-meta=\"{&quot;aperture&quot;:&quot;0&quot;,&quot;credit&quot;:&quot;&quot;,&quot;camera&quot;:&quot;&quot;,&quot;caption&quot;:&quot;&quot;,&quot;created_timestamp&quot;:&quot;0&quot;,&quot;copyright&quot;:&quot;&quot;,&quot;focal_length&quot;:&quot;0&quot;,&quot;iso&quot;:&quot;0&quot;,&quot;shutter_speed&quot;:&quot;0&quot;,&quot;title&quot;:&quot;&quot;,&quot;orientation&quot;:&quot;0&quot;}\" data-image-title=\"05.12 (5)\" data-image-description=\"\" data-image-caption=\"\" data-large-file=\"https:\/\/cloud.alqueria.es\/wp-content\/uploads\/sites\/5\/2022\/12\/05.12-5-1024x576.jpeg\" class=\"alignnone size-full wp-image-12773\" src=\"https:\/\/cloud.alqueria.es\/wp-content\/uploads\/sites\/5\/2022\/12\/05.12-5.jpeg\" alt=\"\" width=\"2048\" height=\"1151\" srcset=\"https:\/\/cloud.alqueria.es\/wp-content\/uploads\/sites\/5\/2022\/12\/05.12-5.jpeg 2048w, https:\/\/cloud.alqueria.es\/wp-content\/uploads\/sites\/5\/2022\/12\/05.12-5-300x169.jpeg 300w, https:\/\/cloud.alqueria.es\/wp-content\/uploads\/sites\/5\/2022\/12\/05.12-5-1024x576.jpeg 1024w, https:\/\/cloud.alqueria.es\/wp-content\/uploads\/sites\/5\/2022\/12\/05.12-5-768x432.jpeg 768w, https:\/\/cloud.alqueria.es\/wp-content\/uploads\/sites\/5\/2022\/12\/05.12-5-1536x863.jpeg 1536w\" sizes=\"(max-width: 2048px) 100vw, 2048px\" \/> <img decoding=\"async\" data-attachment-id=\"12774\" data-permalink=\"https:\/\/www.alqueria.es\/blogs\/colegioalqueriatercerciclo\/2022\/12\/09\/cronica-de-nuestra-minisemana\/05-12-6\/\" data-orig-file=\"https:\/\/cloud.alqueria.es\/wp-content\/uploads\/sites\/5\/2022\/12\/05.12-6.jpeg\" data-orig-size=\"2048,1151\" data-comments-opened=\"1\" data-image-meta=\"{&quot;aperture&quot;:&quot;0&quot;,&quot;credit&quot;:&quot;&quot;,&quot;camera&quot;:&quot;&quot;,&quot;caption&quot;:&quot;&quot;,&quot;created_timestamp&quot;:&quot;0&quot;,&quot;copyright&quot;:&quot;&quot;,&quot;focal_length&quot;:&quot;0&quot;,&quot;iso&quot;:&quot;0&quot;,&quot;shutter_speed&quot;:&quot;0&quot;,&quot;title&quot;:&quot;&quot;,&quot;orientation&quot;:&quot;0&quot;}\" data-image-title=\"05.12 (6)\" data-image-description=\"\" data-image-caption=\"\" data-large-file=\"https:\/\/cloud.alqueria.es\/wp-content\/uploads\/sites\/5\/2022\/12\/05.12-6-1024x576.jpeg\" class=\"alignnone size-full wp-image-12774\" src=\"https:\/\/cloud.alqueria.es\/wp-content\/uploads\/sites\/5\/2022\/12\/05.12-6.jpeg\" alt=\"\" width=\"2048\" height=\"1151\" srcset=\"https:\/\/cloud.alqueria.es\/wp-content\/uploads\/sites\/5\/2022\/12\/05.12-6.jpeg 2048w, https:\/\/cloud.alqueria.es\/wp-content\/uploads\/sites\/5\/2022\/12\/05.12-6-300x169.jpeg 300w, https:\/\/cloud.alqueria.es\/wp-content\/uploads\/sites\/5\/2022\/12\/05.12-6-1024x576.jpeg 1024w, https:\/\/cloud.alqueria.es\/wp-content\/uploads\/sites\/5\/2022\/12\/05.12-6-768x432.jpeg 768w, https:\/\/cloud.alqueria.es\/wp-content\/uploads\/sites\/5\/2022\/12\/05.12-6-1536x863.jpeg 1536w\" sizes=\"(max-width: 2048px) 100vw, 2048px\" \/><\/p>\n<ul>\n<li><strong>Ping pong en el patio.<\/strong><\/li>\n<\/ul>\n<p>Ponemos en marcha nuestra mesa de ping pong durante los recreos del mediod\u00eda. El alumnado del tercer ciclo har\u00e1 uso de ella generando un turno de tiempo o partidas para que puedan disfrutarla.<\/p>\n<p><img decoding=\"async\" data-attachment-id=\"12775\" data-permalink=\"https:\/\/www.alqueria.es\/blogs\/colegioalqueriatercerciclo\/2022\/12\/09\/cronica-de-nuestra-minisemana\/05-12-1\/\" data-orig-file=\"https:\/\/cloud.alqueria.es\/wp-content\/uploads\/sites\/5\/2022\/12\/05.12-1.jpeg\" data-orig-size=\"2048,1151\" data-comments-opened=\"1\" data-image-meta=\"{&quot;aperture&quot;:&quot;0&quot;,&quot;credit&quot;:&quot;&quot;,&quot;camera&quot;:&quot;&quot;,&quot;caption&quot;:&quot;&quot;,&quot;created_timestamp&quot;:&quot;0&quot;,&quot;copyright&quot;:&quot;&quot;,&quot;focal_length&quot;:&quot;0&quot;,&quot;iso&quot;:&quot;0&quot;,&quot;shutter_speed&quot;:&quot;0&quot;,&quot;title&quot;:&quot;&quot;,&quot;orientation&quot;:&quot;0&quot;}\" data-image-title=\"05.12 (1)\" data-image-description=\"\" data-image-caption=\"\" data-large-file=\"https:\/\/cloud.alqueria.es\/wp-content\/uploads\/sites\/5\/2022\/12\/05.12-1-1024x576.jpeg\" class=\"alignnone size-full wp-image-12775\" src=\"https:\/\/cloud.alqueria.es\/wp-content\/uploads\/sites\/5\/2022\/12\/05.12-1.jpeg\" alt=\"\" width=\"2048\" height=\"1151\" srcset=\"https:\/\/cloud.alqueria.es\/wp-content\/uploads\/sites\/5\/2022\/12\/05.12-1.jpeg 2048w, https:\/\/cloud.alqueria.es\/wp-content\/uploads\/sites\/5\/2022\/12\/05.12-1-300x169.jpeg 300w, https:\/\/cloud.alqueria.es\/wp-content\/uploads\/sites\/5\/2022\/12\/05.12-1-1024x576.jpeg 1024w, https:\/\/cloud.alqueria.es\/wp-content\/uploads\/sites\/5\/2022\/12\/05.12-1-768x432.jpeg 768w, https:\/\/cloud.alqueria.es\/wp-content\/uploads\/sites\/5\/2022\/12\/05.12-1-1536x863.jpeg 1536w\" sizes=\"(max-width: 2048px) 100vw, 2048px\" \/> <img decoding=\"async\" data-attachment-id=\"12776\" data-permalink=\"https:\/\/www.alqueria.es\/blogs\/colegioalqueriatercerciclo\/2022\/12\/09\/cronica-de-nuestra-minisemana\/05-12-2\/\" data-orig-file=\"https:\/\/cloud.alqueria.es\/wp-content\/uploads\/sites\/5\/2022\/12\/05.12-2.jpeg\" data-orig-size=\"2048,1151\" data-comments-opened=\"1\" data-image-meta=\"{&quot;aperture&quot;:&quot;0&quot;,&quot;credit&quot;:&quot;&quot;,&quot;camera&quot;:&quot;&quot;,&quot;caption&quot;:&quot;&quot;,&quot;created_timestamp&quot;:&quot;0&quot;,&quot;copyright&quot;:&quot;&quot;,&quot;focal_length&quot;:&quot;0&quot;,&quot;iso&quot;:&quot;0&quot;,&quot;shutter_speed&quot;:&quot;0&quot;,&quot;title&quot;:&quot;&quot;,&quot;orientation&quot;:&quot;0&quot;}\" data-image-title=\"05.12 (2)\" data-image-description=\"\" data-image-caption=\"\" data-large-file=\"https:\/\/cloud.alqueria.es\/wp-content\/uploads\/sites\/5\/2022\/12\/05.12-2-1024x576.jpeg\" class=\"alignnone size-full wp-image-12776\" src=\"https:\/\/cloud.alqueria.es\/wp-content\/uploads\/sites\/5\/2022\/12\/05.12-2.jpeg\" alt=\"\" width=\"2048\" height=\"1151\" srcset=\"https:\/\/cloud.alqueria.es\/wp-content\/uploads\/sites\/5\/2022\/12\/05.12-2.jpeg 2048w, https:\/\/cloud.alqueria.es\/wp-content\/uploads\/sites\/5\/2022\/12\/05.12-2-300x169.jpeg 300w, https:\/\/cloud.alqueria.es\/wp-content\/uploads\/sites\/5\/2022\/12\/05.12-2-1024x576.jpeg 1024w, https:\/\/cloud.alqueria.es\/wp-content\/uploads\/sites\/5\/2022\/12\/05.12-2-768x432.jpeg 768w, https:\/\/cloud.alqueria.es\/wp-content\/uploads\/sites\/5\/2022\/12\/05.12-2-1536x863.jpeg 1536w\" sizes=\"(max-width: 2048px) 100vw, 2048px\" \/><\/p>\n<p><span style=\"color: #0000ff\"><strong>MI\u00c9RCOLES<\/strong><\/span><\/p>\n<ul>\n<li>Avanzamos con el cuadernillo de las s\u00edlabas y revisi\u00f3n del cuaderno de Bit\u00e1cora centr\u00e1ndonos en la presentaci\u00f3n, orden, contenido y ortograf\u00eda.<\/li>\n<li>Comenzamos a armar las carpetas trimestrales para a\u00f1adiendo los datos personales.<\/li>\n<li><strong>\u00abSi yo fuera presidenta\/e&#8230;<\/strong><\/li>\n<\/ul>\n<p>En bit\u00e1cora les pedimos que desarrollaran esta idea para continuar con la celebraci\u00f3n del D\u00eda de la Constituci\u00f3n. La idea es pensar, a la edad de 10 a\u00f1os, algunas propuestas para mejorar el funcionamiento de un pa\u00eds. Aparecen diversas ideas como la desaparici\u00f3n de las corridas de toros y el maltrato animal, la regulaci\u00f3n de los patinetes el\u00e9ctricos para evitar accidentes, dar servicio y ayuda a los refugiados o personas que no llegan a final de mes, eliminaci\u00f3n del dinero&#8230; pero en esta parte de la asamblea debatimos con argumentos las dificultades que ello puede ocasionar. Si puedes acceder a un mercado y coger lo que quieras, cabe la posibilidad de que haya gente que se lleve m\u00e1s productos que otra. Por ello, tras una charla amena, descubren que la opci\u00f3n m\u00e1s satisfactoria para eliminar la moneda ser\u00eda el trueque o intercambio de servicios.<\/p>\n<p><img decoding=\"async\" data-attachment-id=\"12792\" data-permalink=\"https:\/\/www.alqueria.es\/blogs\/colegioalqueriatercerciclo\/2022\/12\/09\/cronica-de-nuestra-minisemana\/07-12-4\/\" data-orig-file=\"https:\/\/cloud.alqueria.es\/wp-content\/uploads\/sites\/5\/2022\/12\/07.12-4.jpeg\" data-orig-size=\"1416,796\" data-comments-opened=\"1\" data-image-meta=\"{&quot;aperture&quot;:&quot;0&quot;,&quot;credit&quot;:&quot;&quot;,&quot;camera&quot;:&quot;&quot;,&quot;caption&quot;:&quot;&quot;,&quot;created_timestamp&quot;:&quot;0&quot;,&quot;copyright&quot;:&quot;&quot;,&quot;focal_length&quot;:&quot;0&quot;,&quot;iso&quot;:&quot;0&quot;,&quot;shutter_speed&quot;:&quot;0&quot;,&quot;title&quot;:&quot;&quot;,&quot;orientation&quot;:&quot;0&quot;}\" data-image-title=\"07.12 (4)\" data-image-description=\"\" data-image-caption=\"\" data-large-file=\"https:\/\/cloud.alqueria.es\/wp-content\/uploads\/sites\/5\/2022\/12\/07.12-4-1024x576.jpeg\" class=\"alignnone size-full wp-image-12792\" src=\"https:\/\/cloud.alqueria.es\/wp-content\/uploads\/sites\/5\/2022\/12\/07.12-4.jpeg\" alt=\"\" width=\"1416\" height=\"796\" srcset=\"https:\/\/cloud.alqueria.es\/wp-content\/uploads\/sites\/5\/2022\/12\/07.12-4.jpeg 1416w, https:\/\/cloud.alqueria.es\/wp-content\/uploads\/sites\/5\/2022\/12\/07.12-4-300x169.jpeg 300w, https:\/\/cloud.alqueria.es\/wp-content\/uploads\/sites\/5\/2022\/12\/07.12-4-1024x576.jpeg 1024w, https:\/\/cloud.alqueria.es\/wp-content\/uploads\/sites\/5\/2022\/12\/07.12-4-768x432.jpeg 768w\" sizes=\"(max-width: 1416px) 100vw, 1416px\" \/><\/p>\n<ul>\n<li><strong>Damos un avance a nuestro proyecto de Minecraft.<\/strong><\/li>\n<\/ul>\n<p>Conforme van acabando las tareas, avanzamos en el proyecto de construcci\u00f3n del colegio. En este d\u00eda nos centramos en el dise\u00f1o de la pista deportiva teniendo que ajustar algunos rincones que no terminaban de cuadrarnos.<\/p>\n<p><img decoding=\"async\" data-attachment-id=\"12787\" data-permalink=\"https:\/\/www.alqueria.es\/blogs\/colegioalqueriatercerciclo\/2022\/12\/09\/cronica-de-nuestra-minisemana\/07-12-5\/\" data-orig-file=\"https:\/\/cloud.alqueria.es\/wp-content\/uploads\/sites\/5\/2022\/12\/07.12-5.jpeg\" data-orig-size=\"1416,796\" data-comments-opened=\"1\" data-image-meta=\"{&quot;aperture&quot;:&quot;0&quot;,&quot;credit&quot;:&quot;&quot;,&quot;camera&quot;:&quot;&quot;,&quot;caption&quot;:&quot;&quot;,&quot;created_timestamp&quot;:&quot;0&quot;,&quot;copyright&quot;:&quot;&quot;,&quot;focal_length&quot;:&quot;0&quot;,&quot;iso&quot;:&quot;0&quot;,&quot;shutter_speed&quot;:&quot;0&quot;,&quot;title&quot;:&quot;&quot;,&quot;orientation&quot;:&quot;0&quot;}\" data-image-title=\"07.12 (5)\" data-image-description=\"\" data-image-caption=\"\" data-large-file=\"https:\/\/cloud.alqueria.es\/wp-content\/uploads\/sites\/5\/2022\/12\/07.12-5-1024x576.jpeg\" class=\"alignnone size-full wp-image-12787\" src=\"https:\/\/cloud.alqueria.es\/wp-content\/uploads\/sites\/5\/2022\/12\/07.12-5.jpeg\" alt=\"\" width=\"1416\" height=\"796\" srcset=\"https:\/\/cloud.alqueria.es\/wp-content\/uploads\/sites\/5\/2022\/12\/07.12-5.jpeg 1416w, https:\/\/cloud.alqueria.es\/wp-content\/uploads\/sites\/5\/2022\/12\/07.12-5-300x169.jpeg 300w, https:\/\/cloud.alqueria.es\/wp-content\/uploads\/sites\/5\/2022\/12\/07.12-5-1024x576.jpeg 1024w, https:\/\/cloud.alqueria.es\/wp-content\/uploads\/sites\/5\/2022\/12\/07.12-5-768x432.jpeg 768w\" sizes=\"(max-width: 1416px) 100vw, 1416px\" \/><\/p>\n<ul>\n<li><strong>Art\u00edstica.<\/strong><\/li>\n<\/ul>\n<p>Seguimos trabajando en equipos la idea del c\u00f3mic peculiar (libre de vi\u00f1etas) y basada en las historias de Sergio Garc\u00eda y que vimos en la exposici\u00f3n de \u00abEn l\u00ednea\u00bb. Adem\u00e1s, por parejas van esmaltando las figuras de arcilla que crearon el mes pasado.<\/p>\n<p><img decoding=\"async\" data-attachment-id=\"12788\" data-permalink=\"https:\/\/www.alqueria.es\/blogs\/colegioalqueriatercerciclo\/2022\/12\/09\/cronica-de-nuestra-minisemana\/07-12-6\/\" data-orig-file=\"https:\/\/cloud.alqueria.es\/wp-content\/uploads\/sites\/5\/2022\/12\/07.12-6.jpeg\" data-orig-size=\"1416,796\" data-comments-opened=\"1\" data-image-meta=\"{&quot;aperture&quot;:&quot;0&quot;,&quot;credit&quot;:&quot;&quot;,&quot;camera&quot;:&quot;&quot;,&quot;caption&quot;:&quot;&quot;,&quot;created_timestamp&quot;:&quot;0&quot;,&quot;copyright&quot;:&quot;&quot;,&quot;focal_length&quot;:&quot;0&quot;,&quot;iso&quot;:&quot;0&quot;,&quot;shutter_speed&quot;:&quot;0&quot;,&quot;title&quot;:&quot;&quot;,&quot;orientation&quot;:&quot;0&quot;}\" data-image-title=\"07.12 (6)\" data-image-description=\"\" data-image-caption=\"\" data-large-file=\"https:\/\/cloud.alqueria.es\/wp-content\/uploads\/sites\/5\/2022\/12\/07.12-6-1024x576.jpeg\" class=\"alignnone size-full wp-image-12788\" src=\"https:\/\/cloud.alqueria.es\/wp-content\/uploads\/sites\/5\/2022\/12\/07.12-6.jpeg\" alt=\"\" width=\"1416\" height=\"796\" srcset=\"https:\/\/cloud.alqueria.es\/wp-content\/uploads\/sites\/5\/2022\/12\/07.12-6.jpeg 1416w, https:\/\/cloud.alqueria.es\/wp-content\/uploads\/sites\/5\/2022\/12\/07.12-6-300x169.jpeg 300w, https:\/\/cloud.alqueria.es\/wp-content\/uploads\/sites\/5\/2022\/12\/07.12-6-1024x576.jpeg 1024w, https:\/\/cloud.alqueria.es\/wp-content\/uploads\/sites\/5\/2022\/12\/07.12-6-768x432.jpeg 768w\" sizes=\"(max-width: 1416px) 100vw, 1416px\" \/> <img decoding=\"async\" data-attachment-id=\"12789\" data-permalink=\"https:\/\/www.alqueria.es\/blogs\/colegioalqueriatercerciclo\/2022\/12\/09\/cronica-de-nuestra-minisemana\/07-12-3\/\" data-orig-file=\"https:\/\/cloud.alqueria.es\/wp-content\/uploads\/sites\/5\/2022\/12\/07.12-3.jpeg\" data-orig-size=\"1416,796\" data-comments-opened=\"1\" data-image-meta=\"{&quot;aperture&quot;:&quot;0&quot;,&quot;credit&quot;:&quot;&quot;,&quot;camera&quot;:&quot;&quot;,&quot;caption&quot;:&quot;&quot;,&quot;created_timestamp&quot;:&quot;0&quot;,&quot;copyright&quot;:&quot;&quot;,&quot;focal_length&quot;:&quot;0&quot;,&quot;iso&quot;:&quot;0&quot;,&quot;shutter_speed&quot;:&quot;0&quot;,&quot;title&quot;:&quot;&quot;,&quot;orientation&quot;:&quot;0&quot;}\" data-image-title=\"07.12 (3)\" data-image-description=\"\" data-image-caption=\"\" data-large-file=\"https:\/\/cloud.alqueria.es\/wp-content\/uploads\/sites\/5\/2022\/12\/07.12-3-1024x576.jpeg\" class=\"alignnone size-full wp-image-12789\" src=\"https:\/\/cloud.alqueria.es\/wp-content\/uploads\/sites\/5\/2022\/12\/07.12-3.jpeg\" alt=\"\" width=\"1416\" height=\"796\" srcset=\"https:\/\/cloud.alqueria.es\/wp-content\/uploads\/sites\/5\/2022\/12\/07.12-3.jpeg 1416w, https:\/\/cloud.alqueria.es\/wp-content\/uploads\/sites\/5\/2022\/12\/07.12-3-300x169.jpeg 300w, https:\/\/cloud.alqueria.es\/wp-content\/uploads\/sites\/5\/2022\/12\/07.12-3-1024x576.jpeg 1024w, https:\/\/cloud.alqueria.es\/wp-content\/uploads\/sites\/5\/2022\/12\/07.12-3-768x432.jpeg 768w\" sizes=\"(max-width: 1416px) 100vw, 1416px\" \/> <img decoding=\"async\" data-attachment-id=\"12790\" data-permalink=\"https:\/\/www.alqueria.es\/blogs\/colegioalqueriatercerciclo\/2022\/12\/09\/cronica-de-nuestra-minisemana\/07-12-2\/\" data-orig-file=\"https:\/\/cloud.alqueria.es\/wp-content\/uploads\/sites\/5\/2022\/12\/07.12-2.jpeg\" data-orig-size=\"1600,900\" data-comments-opened=\"1\" data-image-meta=\"{&quot;aperture&quot;:&quot;0&quot;,&quot;credit&quot;:&quot;&quot;,&quot;camera&quot;:&quot;&quot;,&quot;caption&quot;:&quot;&quot;,&quot;created_timestamp&quot;:&quot;0&quot;,&quot;copyright&quot;:&quot;&quot;,&quot;focal_length&quot;:&quot;0&quot;,&quot;iso&quot;:&quot;0&quot;,&quot;shutter_speed&quot;:&quot;0&quot;,&quot;title&quot;:&quot;&quot;,&quot;orientation&quot;:&quot;0&quot;}\" data-image-title=\"07.12 (2)\" data-image-description=\"\" data-image-caption=\"\" data-large-file=\"https:\/\/cloud.alqueria.es\/wp-content\/uploads\/sites\/5\/2022\/12\/07.12-2-1024x576.jpeg\" class=\"alignnone size-full wp-image-12790\" src=\"https:\/\/cloud.alqueria.es\/wp-content\/uploads\/sites\/5\/2022\/12\/07.12-2.jpeg\" alt=\"\" width=\"1600\" height=\"900\" srcset=\"https:\/\/cloud.alqueria.es\/wp-content\/uploads\/sites\/5\/2022\/12\/07.12-2.jpeg 1600w, https:\/\/cloud.alqueria.es\/wp-content\/uploads\/sites\/5\/2022\/12\/07.12-2-300x169.jpeg 300w, https:\/\/cloud.alqueria.es\/wp-content\/uploads\/sites\/5\/2022\/12\/07.12-2-1024x576.jpeg 1024w, https:\/\/cloud.alqueria.es\/wp-content\/uploads\/sites\/5\/2022\/12\/07.12-2-768x432.jpeg 768w, https:\/\/cloud.alqueria.es\/wp-content\/uploads\/sites\/5\/2022\/12\/07.12-2-1536x864.jpeg 1536w\" sizes=\"(max-width: 1600px) 100vw, 1600px\" \/> <img decoding=\"async\" data-attachment-id=\"12791\" data-permalink=\"https:\/\/www.alqueria.es\/blogs\/colegioalqueriatercerciclo\/2022\/12\/09\/cronica-de-nuestra-minisemana\/07-12-1\/\" data-orig-file=\"https:\/\/cloud.alqueria.es\/wp-content\/uploads\/sites\/5\/2022\/12\/07.12-1.jpeg\" data-orig-size=\"1416,796\" data-comments-opened=\"1\" data-image-meta=\"{&quot;aperture&quot;:&quot;0&quot;,&quot;credit&quot;:&quot;&quot;,&quot;camera&quot;:&quot;&quot;,&quot;caption&quot;:&quot;&quot;,&quot;created_timestamp&quot;:&quot;0&quot;,&quot;copyright&quot;:&quot;&quot;,&quot;focal_length&quot;:&quot;0&quot;,&quot;iso&quot;:&quot;0&quot;,&quot;shutter_speed&quot;:&quot;0&quot;,&quot;title&quot;:&quot;&quot;,&quot;orientation&quot;:&quot;0&quot;}\" data-image-title=\"07.12 (1)\" data-image-description=\"\" data-image-caption=\"\" data-large-file=\"https:\/\/cloud.alqueria.es\/wp-content\/uploads\/sites\/5\/2022\/12\/07.12-1-1024x576.jpeg\" class=\"alignnone size-full wp-image-12791\" src=\"https:\/\/cloud.alqueria.es\/wp-content\/uploads\/sites\/5\/2022\/12\/07.12-1.jpeg\" alt=\"\" width=\"1416\" height=\"796\" srcset=\"https:\/\/cloud.alqueria.es\/wp-content\/uploads\/sites\/5\/2022\/12\/07.12-1.jpeg 1416w, https:\/\/cloud.alqueria.es\/wp-content\/uploads\/sites\/5\/2022\/12\/07.12-1-300x169.jpeg 300w, https:\/\/cloud.alqueria.es\/wp-content\/uploads\/sites\/5\/2022\/12\/07.12-1-1024x576.jpeg 1024w, https:\/\/cloud.alqueria.es\/wp-content\/uploads\/sites\/5\/2022\/12\/07.12-1-768x432.jpeg 768w\" sizes=\"(max-width: 1416px) 100vw, 1416px\" \/><\/p>\n<p><span style=\"color: #0000ff\"><strong>VIERNES<\/strong><\/span><\/p>\n<ul>\n<li><strong>El adjetivo y sus grados.<\/strong><strong>\u00a0<\/strong><\/li>\n<\/ul>\n<p>Despu\u00e9s de la clase de franc\u00e9s, comenzamos a identificar diferentes adjetivos y a diferenciarlos de los sustantivos y verbos. Hacemos uso de varias herramientas digitales en la pizarra para que participen de manera individual y grupal.<\/p>\n<p>Finalmente aclaramos y deducimos los diferentes grados que existen y lo dejamos anotado en nuestro cuaderno a modo de esquema.<\/p>\n<p>&nbsp;<\/p>\n<p><img decoding=\"async\" class=\"alignnone size-full wp-image-12796\" src=\"https:\/\/www.alqueria.es\/blogs\/colegioalqueriatercerciclo\/wp-content\/uploads\/sites\/5\/2022\/12\/adjetivo.png\" alt=\"\" width=\"721\" height=\"419\" \/><\/p>\n<ul>\n<li><strong>Carpetas trimestrales.<\/strong><\/li>\n<\/ul>\n<p>Seguimos entregando trabajos trimestrales finalizados para organizarlos por \u00e1reas y fechas e ir poco a poco armando la carpeta que se llevar\u00e1n a casa el d\u00eda 22 de diciembre. Un trabajo que requiere de tiempo y orden.<\/p>\n<p><img decoding=\"async\" data-attachment-id=\"12797\" data-permalink=\"https:\/\/www.alqueria.es\/blogs\/colegioalqueriatercerciclo\/2022\/12\/09\/cronica-de-nuestra-minisemana\/09-12-1\/\" data-orig-file=\"https:\/\/cloud.alqueria.es\/wp-content\/uploads\/sites\/5\/2022\/12\/09.12-1.jpeg\" data-orig-size=\"1151,2048\" data-comments-opened=\"1\" data-image-meta=\"{&quot;aperture&quot;:&quot;0&quot;,&quot;credit&quot;:&quot;&quot;,&quot;camera&quot;:&quot;&quot;,&quot;caption&quot;:&quot;&quot;,&quot;created_timestamp&quot;:&quot;0&quot;,&quot;copyright&quot;:&quot;&quot;,&quot;focal_length&quot;:&quot;0&quot;,&quot;iso&quot;:&quot;0&quot;,&quot;shutter_speed&quot;:&quot;0&quot;,&quot;title&quot;:&quot;&quot;,&quot;orientation&quot;:&quot;0&quot;}\" data-image-title=\"09.12 (1)\" data-image-description=\"\" data-image-caption=\"\" data-large-file=\"https:\/\/cloud.alqueria.es\/wp-content\/uploads\/sites\/5\/2022\/12\/09.12-1-576x1024.jpeg\" class=\"wp-image-12797 size-medium aligncenter\" src=\"https:\/\/cloud.alqueria.es\/wp-content\/uploads\/sites\/5\/2022\/12\/09.12-1-169x300.jpeg\" alt=\"\" width=\"169\" height=\"300\" srcset=\"https:\/\/cloud.alqueria.es\/wp-content\/uploads\/sites\/5\/2022\/12\/09.12-1-169x300.jpeg 169w, https:\/\/cloud.alqueria.es\/wp-content\/uploads\/sites\/5\/2022\/12\/09.12-1-576x1024.jpeg 576w, https:\/\/cloud.alqueria.es\/wp-content\/uploads\/sites\/5\/2022\/12\/09.12-1-768x1367.jpeg 768w, https:\/\/cloud.alqueria.es\/wp-content\/uploads\/sites\/5\/2022\/12\/09.12-1-863x1536.jpeg 863w, https:\/\/cloud.alqueria.es\/wp-content\/uploads\/sites\/5\/2022\/12\/09.12-1.jpeg 1151w\" sizes=\"(max-width: 169px) 100vw, 169px\" \/><\/p>\n<p>En este d\u00eda nos sorprende Isabela con una bizcocho para celebrar su d\u00e9cimo cumplea\u00f1os. \u00a1Delicioso! Terminamos chup\u00e1ndonos los dedos antes de salir al patio.<\/p>\n<p><img decoding=\"async\" data-attachment-id=\"12798\" data-permalink=\"https:\/\/www.alqueria.es\/blogs\/colegioalqueriatercerciclo\/2022\/12\/09\/cronica-de-nuestra-minisemana\/09-12-2\/\" data-orig-file=\"https:\/\/cloud.alqueria.es\/wp-content\/uploads\/sites\/5\/2022\/12\/09.12-2.jpeg\" data-orig-size=\"2048,1151\" data-comments-opened=\"1\" data-image-meta=\"{&quot;aperture&quot;:&quot;0&quot;,&quot;credit&quot;:&quot;&quot;,&quot;camera&quot;:&quot;&quot;,&quot;caption&quot;:&quot;&quot;,&quot;created_timestamp&quot;:&quot;0&quot;,&quot;copyright&quot;:&quot;&quot;,&quot;focal_length&quot;:&quot;0&quot;,&quot;iso&quot;:&quot;0&quot;,&quot;shutter_speed&quot;:&quot;0&quot;,&quot;title&quot;:&quot;&quot;,&quot;orientation&quot;:&quot;0&quot;}\" data-image-title=\"09.12 (2)\" data-image-description=\"\" data-image-caption=\"\" data-large-file=\"https:\/\/cloud.alqueria.es\/wp-content\/uploads\/sites\/5\/2022\/12\/09.12-2-1024x576.jpeg\" class=\"alignnone size-full wp-image-12798\" src=\"https:\/\/cloud.alqueria.es\/wp-content\/uploads\/sites\/5\/2022\/12\/09.12-2.jpeg\" alt=\"\" width=\"2048\" height=\"1151\" srcset=\"https:\/\/cloud.alqueria.es\/wp-content\/uploads\/sites\/5\/2022\/12\/09.12-2.jpeg 2048w, https:\/\/cloud.alqueria.es\/wp-content\/uploads\/sites\/5\/2022\/12\/09.12-2-300x169.jpeg 300w, https:\/\/cloud.alqueria.es\/wp-content\/uploads\/sites\/5\/2022\/12\/09.12-2-1024x576.jpeg 1024w, https:\/\/cloud.alqueria.es\/wp-content\/uploads\/sites\/5\/2022\/12\/09.12-2-768x432.jpeg 768w, https:\/\/cloud.alqueria.es\/wp-content\/uploads\/sites\/5\/2022\/12\/09.12-2-1536x863.jpeg 1536w\" sizes=\"(max-width: 2048px) 100vw, 2048px\" \/><\/p>\n<ul>\n<li><strong>Carrera nocturna de Granada.<\/strong><\/li>\n<\/ul>\n<p>El viernes 16 de diciembre se celebra la tradicional carrera nocturna de disfraces de Granada. Desde el grupo de sexto del curso pasado se propone asistir como grupo de Alquer\u00eda y hacer el recorrido en marcha de los casi cinco kil\u00f3metros por las calles de Granada animando a los viandantes y disfrutando del recorrido por las calles de nuestra ciudad y sin tr\u00e1fico.<\/p>\n<p>La propuesta ser\u00eda ir con la camiseta de la equipaci\u00f3n del colegio y un gorro de Pap\u00e1 Noel, el resto de complementos ya estar\u00edan a elecci\u00f3n del participante. El ir como equipo y con unos complementos comunes ser\u00eda para poder presentarnos a la categor\u00eda de grupos o equipo m\u00e1s numeroso.<\/p>\n<p>Es algo <strong>totalmente voluntario<\/strong> por lo que no comprometemos a nadie a asistir. La inscripci\u00f3n se realiza a trav\u00e9s de la p\u00e1gina del <a href=\"http:\/\/www.pmdgranada.es\/NOCTURNA\/\">Patronato Municipal de Deportes<\/a>. El plazo termina la noche del viernes 9 de diciembre.<\/p>\n<p><a href=\"http:\/\/www.pmdgranada.es\/NOCTURNA\/\"><img decoding=\"async\" data-attachment-id=\"12799\" data-permalink=\"https:\/\/www.alqueria.es\/blogs\/colegioalqueriatercerciclo\/2022\/12\/09\/cronica-de-nuestra-minisemana\/galleta-2022-768x507\/\" data-orig-file=\"https:\/\/cloud.alqueria.es\/wp-content\/uploads\/sites\/5\/2022\/12\/Galleta-2022-768x507-1.png\" data-orig-size=\"768,507\" data-comments-opened=\"1\" data-image-meta=\"{&quot;aperture&quot;:&quot;0&quot;,&quot;credit&quot;:&quot;&quot;,&quot;camera&quot;:&quot;&quot;,&quot;caption&quot;:&quot;&quot;,&quot;created_timestamp&quot;:&quot;0&quot;,&quot;copyright&quot;:&quot;&quot;,&quot;focal_length&quot;:&quot;0&quot;,&quot;iso&quot;:&quot;0&quot;,&quot;shutter_speed&quot;:&quot;0&quot;,&quot;title&quot;:&quot;&quot;,&quot;orientation&quot;:&quot;0&quot;}\" data-image-title=\"Galleta-2022-768&amp;#215;507\" data-image-description=\"\" data-image-caption=\"\" data-large-file=\"https:\/\/cloud.alqueria.es\/wp-content\/uploads\/sites\/5\/2022\/12\/Galleta-2022-768x507-1.png\" class=\"wp-image-12799 size-medium aligncenter\" src=\"https:\/\/cloud.alqueria.es\/wp-content\/uploads\/sites\/5\/2022\/12\/Galleta-2022-768x507-1-300x198.png\" alt=\"\" width=\"300\" height=\"198\" srcset=\"https:\/\/cloud.alqueria.es\/wp-content\/uploads\/sites\/5\/2022\/12\/Galleta-2022-768x507-1-300x198.png 300w, https:\/\/cloud.alqueria.es\/wp-content\/uploads\/sites\/5\/2022\/12\/Galleta-2022-768x507-1.png 768w\" sizes=\"(max-width: 300px) 100vw, 300px\" \/><\/a><\/p>\n<p>Con todo esto, volvemos el pr\u00f3ximo lunes para ir cerrando algunas de las propuestas que tenemos abiertas a\u00fan.<\/p>\n<p>Buen fin de semana.<\/p>\n<p>Jorge<\/p>\n","protected":false},"excerpt":{"rendered":"<p>En esta semana tan peculiar y con varios navegantes de viaje, a\u00fan de baja o con otra actividad&#8230; organizamos la semana con algunas tareas que a modo de cr\u00f3nica os relato. LUNES Repaso de decimales y operaciones. Aprovechamos las primeras horas de la ma\u00f1ana para seguir resolviendo dudas de c\u00e1lculo enfocadas en operaciones con decimales, &hellip; <a href=\"https:\/\/www.alqueria.es\/blogs\/colegioalqueriatercerciclo\/2022\/12\/09\/cronica-de-nuestra-minisemana\/\" class=\"more-link\">Seguir leyendo <span class=\"screen-reader-text\">Cr\u00f3nica de nuestra \u00abminisemana\u00bb<\/span> <span class=\"meta-nav\">&rarr;<\/span><\/a><\/p>\n","protected":false},"author":3,"featured_media":0,"comment_status":"open","ping_status":"open","sticky":false,"template":"","format":"standard","meta":{"jetpack_post_was_ever_published":false,"_jetpack_newsletter_access":"","_jetpack_dont_email_post_to_subs":false,"_jetpack_newsletter_tier_id":0,"_jetpack_memberships_contains_paywalled_content":false,"_jetpack_memberships_contains_paid_content":false,"footnotes":"","jetpack_publicize_message":"","jetpack_publicize_feature_enabled":true,"jetpack_social_post_already_shared":true,"jetpack_social_options":{"image_generator_settings":{"template":"highway","default_image_id":0,"font":"","enabled":false},"version":2}},"categories":[2,14],"tags":[603,602,506,153,173,604,179,115],"class_list":["post-12768","post","type-post","status-publish","format-standard","hentry","category-5o-epo","category-semanario-5o","tag-adjetivo","tag-carrera-nocturna-granada","tag-decimales","tag-dia-de-la-constitucion","tag-minecraft","tag-ping-pong","tag-semanario-5o","tag-youtube"],"jetpack_publicize_connections":[],"jetpack_featured_media_url":"","jetpack_sharing_enabled":true,"jetpack_shortlink":"https:\/\/wp.me\/p4l4AW-3jW","jetpack-related-posts":[],"_links":{"self":[{"href":"https:\/\/www.alqueria.es\/blogs\/colegioalqueriatercerciclo\/wp-json\/wp\/v2\/posts\/12768","targetHints":{"allow":["GET"]}}],"collection":[{"href":"https:\/\/www.alqueria.es\/blogs\/colegioalqueriatercerciclo\/wp-json\/wp\/v2\/posts"}],"about":[{"href":"https:\/\/www.alqueria.es\/blogs\/colegioalqueriatercerciclo\/wp-json\/wp\/v2\/types\/post"}],"author":[{"embeddable":true,"href":"https:\/\/www.alqueria.es\/blogs\/colegioalqueriatercerciclo\/wp-json\/wp\/v2\/users\/3"}],"replies":[{"embeddable":true,"href":"https:\/\/www.alqueria.es\/blogs\/colegioalqueriatercerciclo\/wp-json\/wp\/v2\/comments?post=12768"}],"version-history":[{"count":9,"href":"https:\/\/www.alqueria.es\/blogs\/colegioalqueriatercerciclo\/wp-json\/wp\/v2\/posts\/12768\/revisions"}],"predecessor-version":[{"id":12801,"href":"https:\/\/www.alqueria.es\/blogs\/colegioalqueriatercerciclo\/wp-json\/wp\/v2\/posts\/12768\/revisions\/12801"}],"wp:attachment":[{"href":"https:\/\/www.alqueria.es\/blogs\/colegioalqueriatercerciclo\/wp-json\/wp\/v2\/media?parent=12768"}],"wp:term":[{"taxonomy":"category","embeddable":true,"href":"https:\/\/www.alqueria.es\/blogs\/colegioalqueriatercerciclo\/wp-json\/wp\/v2\/categories?post=12768"},{"taxonomy":"post_tag","embeddable":true,"href":"https:\/\/www.alqueria.es\/blogs\/colegioalqueriatercerciclo\/wp-json\/wp\/v2\/tags?post=12768"}],"curies":[{"name":"wp","href":"https:\/\/api.w.org\/{rel}","templated":true}]}}