{"id":13431,"date":"2023-02-24T16:50:09","date_gmt":"2023-02-24T15:50:09","guid":{"rendered":"https:\/\/www.alqueria.es\/blogs\/colegioalqueriatercerciclo\/?p=13431"},"modified":"2023-02-24T16:50:09","modified_gmt":"2023-02-24T15:50:09","slug":"post-semana-cultural-3","status":"publish","type":"post","link":"https:\/\/www.alqueria.es\/blogs\/colegioalqueriatercerciclo\/2023\/02\/24\/post-semana-cultural-3\/","title":{"rendered":"Post Semana Cultural"},"content":{"rendered":"<p>Pasada la Semana Cultural y el Carnaval, volvemos a la rutina del d\u00eda a d\u00eda.<\/p>\n<p>Comenzamos la semana con nuestra habitual lectura silenciosa, y nuevos proyectos y actividades para esta \u00faltima semana de febrero y el mes de marzo.<\/p>\n<p><span style=\"color: #ff00ff\"><strong>Matem\u00e1ticas:<\/strong><\/span><\/p>\n<p>Nos centramos en el trabajo iniciado sobre Geometr\u00eda con trabajo pr\u00e1ctico sobre:<\/p>\n<ul>\n<li><span style=\"color: #ff00ff\">L<strong>\u00edneas, rectas, segmentos.<\/strong><\/span><\/li>\n<li><span style=\"color: #ff00ff\"><strong>\u00c1ngulos, tipos de \u00e1ngulos.<\/strong><\/span><\/li>\n<li><span style=\"color: #ff00ff\"><strong>Aprendemos a realizar bisectriz y mediatriz<\/strong><\/span><\/li>\n<li><span style=\"color: #ff00ff\"><strong>Manejo de escuadra y cartab\u00f3n, comp\u00e1s.<\/strong><\/span><\/li>\n<\/ul>\n<p>Partiendo de estos conceptos la semana que viene seguiremos avanzando en otros aspectos, como c\u00e1lculo de \u00e1reas de pol\u00edgonos, simples y compuestos, suma y resta de \u00e1ngulos.<\/p>\n<p><span style=\"color: #ff00ff\"><strong>Lengua:<\/strong><\/span><\/p>\n<p>Iniciamos la semana recordando los distintos conceptos relacionados con el verbo. Hay que volver a recordar las formas personales y no personales para el trabajo de an\u00e1lisis de oraciones tanto a nivel sint\u00e1ctico como morfol\u00f3gico.<\/p>\n<p>As\u00ed hemos trabajado:<\/p>\n<ul>\n<li><strong><span style=\"color: #ff00ff\">Lexemas y desinencias del verbo.<\/span><\/strong><\/li>\n<li><strong><span style=\"color: #ff00ff\">Formas personales, no personales.<\/span><\/strong><\/li>\n<li><strong><span style=\"color: #ff00ff\">Modo.<\/span><\/strong><\/li>\n<li><strong><span style=\"color: #ff00ff\">N\u00famero<\/span><\/strong><span style=\"color: #ff00ff\">.<\/span><\/li>\n<li><strong><span style=\"color: #ff00ff\">Persona.<\/span><\/strong><\/li>\n<\/ul>\n<p><strong><span style=\"color: #ff00ff\">Ciencias.<\/span><\/strong><\/p>\n<p>A lo largo de la semana se ha estado ultimando el proyecto de Ciencias sobre el cuerpo humano. Se ha desarrollado el guion para la realizaci\u00f3n de los diferentes productos finales del proyecto. En esta ocasi\u00f3n tenemos dos modalidades: podcast o v\u00eddeos.<\/p>\n<p>Tambi\u00e9n se ha dedicado una sesi\u00f3n de trabajo a la preparaci\u00f3n, por parte de cada grupo, de una serie de preguntas a modo de Trivial para poder realizar el proceso de evaluaci\u00f3n del proyecto utilizando este divertido juego. La pr\u00f3xima semana daremos por concluido el proyecto con la exposici\u00f3n de los podcast y v\u00eddeos y la realizaci\u00f3n del Trivial.<\/p>\n<p>Otra sesi\u00f3n de trabajo la hemos dedicado a experimentar, manipular con \u00f3rganos reales. Para ello hemos contado con la participaci\u00f3n de Cristina, mam\u00e1 de Alex, la sesi\u00f3n que nos ha ofrecido sobre el aparato digestivo, excretor y respiratorio. Cristina nos ha preparado una actividad vivencial, con \u00f3rganos reales de cerdo donde hemos podido ver en primera persona aquello que se ha estado investigando en el aula. Hemos visto los diferentes \u00f3rganos que componen estos sistemas. Con el bistur\u00ed, Cristina nos ha permitido observar los ri\u00f1ones por dentro, el coraz\u00f3n, los pulmones, la tr\u00e1quea, los bronquios, el diafragma, las venas y arterias, el h\u00edgado, el p\u00e1ncreas, la vejiga, el ur\u00e9ter&#8230;<\/p>\n<p>Ha sido una sesi\u00f3n din\u00e1mica, donde poco a poco el alumnado se ha ido animando a tocar, ver c\u00f3mo son los \u00f3rganos que se han estado trabajando en el aula. Cristina nos ha ayudado a completar esta misi\u00f3n y a resolver nuestras dudas. Muchas gracias Cristina por tu colaboraci\u00f3n.<\/p>\n<p class=\"jetpack-slideshow-noscript robots-nocontent\">El pase de diapositivas requiere JavaScript.<\/p><div id=\"gallery-13431-1-slideshow\" class=\"jetpack-slideshow-window jetpack-slideshow jetpack-slideshow-black\" data-trans=\"fade\" data-autostart=\"1\" data-gallery=\"[{&quot;src&quot;:&quot;https:\\\/\\\/cloud.alqueria.es\\\/wp-content\\\/uploads\\\/sites\\\/5\\\/2023\\\/02\\\/PHOTO-2023-02-24-16-22-32-5.jpg&quot;,&quot;id&quot;:&quot;13436&quot;,&quot;title&quot;:&quot;PHOTO-2023-02-24-16-22-32 (5)&quot;,&quot;alt&quot;:&quot;&quot;,&quot;caption&quot;:&quot;&quot;,&quot;itemprop&quot;:&quot;image&quot;},{&quot;src&quot;:&quot;https:\\\/\\\/cloud.alqueria.es\\\/wp-content\\\/uploads\\\/sites\\\/5\\\/2023\\\/02\\\/PHOTO-2023-02-24-16-22-32-6.jpg&quot;,&quot;id&quot;:&quot;13437&quot;,&quot;title&quot;:&quot;PHOTO-2023-02-24-16-22-32 (6)&quot;,&quot;alt&quot;:&quot;&quot;,&quot;caption&quot;:&quot;&quot;,&quot;itemprop&quot;:&quot;image&quot;},{&quot;src&quot;:&quot;https:\\\/\\\/cloud.alqueria.es\\\/wp-content\\\/uploads\\\/sites\\\/5\\\/2023\\\/02\\\/PHOTO-2023-02-24-16-22-32-7.jpg&quot;,&quot;id&quot;:&quot;13438&quot;,&quot;title&quot;:&quot;PHOTO-2023-02-24-16-22-32 (7)&quot;,&quot;alt&quot;:&quot;&quot;,&quot;caption&quot;:&quot;&quot;,&quot;itemprop&quot;:&quot;image&quot;},{&quot;src&quot;:&quot;https:\\\/\\\/cloud.alqueria.es\\\/wp-content\\\/uploads\\\/sites\\\/5\\\/2023\\\/02\\\/PHOTO-2023-02-24-16-22-32-8.jpg&quot;,&quot;id&quot;:&quot;13439&quot;,&quot;title&quot;:&quot;PHOTO-2023-02-24-16-22-32 (8)&quot;,&quot;alt&quot;:&quot;&quot;,&quot;caption&quot;:&quot;&quot;,&quot;itemprop&quot;:&quot;image&quot;},{&quot;src&quot;:&quot;https:\\\/\\\/cloud.alqueria.es\\\/wp-content\\\/uploads\\\/sites\\\/5\\\/2023\\\/02\\\/PHOTO-2023-02-24-16-22-32-9.jpg&quot;,&quot;id&quot;:&quot;13440&quot;,&quot;title&quot;:&quot;PHOTO-2023-02-24-16-22-32 (9)&quot;,&quot;alt&quot;:&quot;&quot;,&quot;caption&quot;:&quot;&quot;,&quot;itemprop&quot;:&quot;image&quot;},{&quot;src&quot;:&quot;https:\\\/\\\/cloud.alqueria.es\\\/wp-content\\\/uploads\\\/sites\\\/5\\\/2023\\\/02\\\/PHOTO-2023-02-24-16-22-32-10.jpg&quot;,&quot;id&quot;:&quot;13441&quot;,&quot;title&quot;:&quot;PHOTO-2023-02-24-16-22-32 (10)&quot;,&quot;alt&quot;:&quot;&quot;,&quot;caption&quot;:&quot;&quot;,&quot;itemprop&quot;:&quot;image&quot;},{&quot;src&quot;:&quot;https:\\\/\\\/cloud.alqueria.es\\\/wp-content\\\/uploads\\\/sites\\\/5\\\/2023\\\/02\\\/PHOTO-2023-02-24-16-22-32-11.jpg&quot;,&quot;id&quot;:&quot;13442&quot;,&quot;title&quot;:&quot;PHOTO-2023-02-24-16-22-32 (11)&quot;,&quot;alt&quot;:&quot;&quot;,&quot;caption&quot;:&quot;&quot;,&quot;itemprop&quot;:&quot;image&quot;},{&quot;src&quot;:&quot;https:\\\/\\\/cloud.alqueria.es\\\/wp-content\\\/uploads\\\/sites\\\/5\\\/2023\\\/02\\\/PHOTO-2023-02-24-16-22-32-12.jpg&quot;,&quot;id&quot;:&quot;13443&quot;,&quot;title&quot;:&quot;PHOTO-2023-02-24-16-22-32 (12)&quot;,&quot;alt&quot;:&quot;&quot;,&quot;caption&quot;:&quot;&quot;,&quot;itemprop&quot;:&quot;image&quot;},{&quot;src&quot;:&quot;https:\\\/\\\/cloud.alqueria.es\\\/wp-content\\\/uploads\\\/sites\\\/5\\\/2023\\\/02\\\/PHOTO-2023-02-24-16-22-32-13.jpg&quot;,&quot;id&quot;:&quot;13444&quot;,&quot;title&quot;:&quot;PHOTO-2023-02-24-16-22-32 (13)&quot;,&quot;alt&quot;:&quot;&quot;,&quot;caption&quot;:&quot;&quot;,&quot;itemprop&quot;:&quot;image&quot;},{&quot;src&quot;:&quot;https:\\\/\\\/cloud.alqueria.es\\\/wp-content\\\/uploads\\\/sites\\\/5\\\/2023\\\/02\\\/PHOTO-2023-02-24-16-22-32-14.jpg&quot;,&quot;id&quot;:&quot;13445&quot;,&quot;title&quot;:&quot;PHOTO-2023-02-24-16-22-32 (14)&quot;,&quot;alt&quot;:&quot;&quot;,&quot;caption&quot;:&quot;&quot;,&quot;itemprop&quot;:&quot;image&quot;},{&quot;src&quot;:&quot;https:\\\/\\\/cloud.alqueria.es\\\/wp-content\\\/uploads\\\/sites\\\/5\\\/2023\\\/02\\\/PHOTO-2023-02-24-16-22-32-15.jpg&quot;,&quot;id&quot;:&quot;13446&quot;,&quot;title&quot;:&quot;PHOTO-2023-02-24-16-22-32 (15)&quot;,&quot;alt&quot;:&quot;&quot;,&quot;caption&quot;:&quot;&quot;,&quot;itemprop&quot;:&quot;image&quot;},{&quot;src&quot;:&quot;https:\\\/\\\/cloud.alqueria.es\\\/wp-content\\\/uploads\\\/sites\\\/5\\\/2023\\\/02\\\/PHOTO-2023-02-24-16-22-32-16.jpg&quot;,&quot;id&quot;:&quot;13447&quot;,&quot;title&quot;:&quot;PHOTO-2023-02-24-16-22-32 (16)&quot;,&quot;alt&quot;:&quot;&quot;,&quot;caption&quot;:&quot;&quot;,&quot;itemprop&quot;:&quot;image&quot;},{&quot;src&quot;:&quot;https:\\\/\\\/cloud.alqueria.es\\\/wp-content\\\/uploads\\\/sites\\\/5\\\/2023\\\/02\\\/PHOTO-2023-02-24-16-22-32-17.jpg&quot;,&quot;id&quot;:&quot;13448&quot;,&quot;title&quot;:&quot;PHOTO-2023-02-24-16-22-32 (17)&quot;,&quot;alt&quot;:&quot;&quot;,&quot;caption&quot;:&quot;&quot;,&quot;itemprop&quot;:&quot;image&quot;},{&quot;src&quot;:&quot;https:\\\/\\\/cloud.alqueria.es\\\/wp-content\\\/uploads\\\/sites\\\/5\\\/2023\\\/02\\\/PHOTO-2023-02-24-16-22-32-18.jpg&quot;,&quot;id&quot;:&quot;13449&quot;,&quot;title&quot;:&quot;PHOTO-2023-02-24-16-22-32 (18)&quot;,&quot;alt&quot;:&quot;&quot;,&quot;caption&quot;:&quot;&quot;,&quot;itemprop&quot;:&quot;image&quot;}]\" itemscope itemtype=\"https:\/\/schema.org\/ImageGallery\"><\/div>\n<p>Por otra parte se ha continuado con la realizaci\u00f3n de las conferencias. Esta semana la ha realizado Nacho, con una estupenda conferencia sobre Argentina.<\/p>\n<p><img decoding=\"async\" data-attachment-id=\"13457\" data-permalink=\"https:\/\/www.alqueria.es\/blogs\/colegioalqueriatercerciclo\/2023\/02\/24\/post-semana-cultural-3\/photo-2023-02-24-16-42-25-3\/\" data-orig-file=\"https:\/\/cloud.alqueria.es\/wp-content\/uploads\/sites\/5\/2023\/02\/PHOTO-2023-02-24-16-42-25-3.jpg\" data-orig-size=\"1024,768\" data-comments-opened=\"1\" data-image-meta=\"{&quot;aperture&quot;:&quot;0&quot;,&quot;credit&quot;:&quot;&quot;,&quot;camera&quot;:&quot;&quot;,&quot;caption&quot;:&quot;&quot;,&quot;created_timestamp&quot;:&quot;0&quot;,&quot;copyright&quot;:&quot;&quot;,&quot;focal_length&quot;:&quot;0&quot;,&quot;iso&quot;:&quot;0&quot;,&quot;shutter_speed&quot;:&quot;0&quot;,&quot;title&quot;:&quot;&quot;,&quot;orientation&quot;:&quot;0&quot;}\" data-image-title=\"PHOTO-2023-02-24-16-42-25 (3)\" data-image-description=\"\" data-image-caption=\"\" data-large-file=\"https:\/\/cloud.alqueria.es\/wp-content\/uploads\/sites\/5\/2023\/02\/PHOTO-2023-02-24-16-42-25-3.jpg\" class=\"alignnone size-medium wp-image-13457\" src=\"https:\/\/cloud.alqueria.es\/wp-content\/uploads\/sites\/5\/2023\/02\/PHOTO-2023-02-24-16-42-25-3-300x225.jpg\" alt=\"\" width=\"300\" height=\"225\" srcset=\"https:\/\/cloud.alqueria.es\/wp-content\/uploads\/sites\/5\/2023\/02\/PHOTO-2023-02-24-16-42-25-3-300x225.jpg 300w, https:\/\/cloud.alqueria.es\/wp-content\/uploads\/sites\/5\/2023\/02\/PHOTO-2023-02-24-16-42-25-3-768x576.jpg 768w, https:\/\/cloud.alqueria.es\/wp-content\/uploads\/sites\/5\/2023\/02\/PHOTO-2023-02-24-16-42-25-3.jpg 1024w\" sizes=\"(max-width: 300px) 100vw, 300px\" \/><\/p>\n<p><img decoding=\"async\" data-attachment-id=\"13455\" data-permalink=\"https:\/\/www.alqueria.es\/blogs\/colegioalqueriatercerciclo\/2023\/02\/24\/post-semana-cultural-3\/photo-2023-02-24-16-42-25-1\/\" data-orig-file=\"https:\/\/cloud.alqueria.es\/wp-content\/uploads\/sites\/5\/2023\/02\/PHOTO-2023-02-24-16-42-25-1.jpg\" data-orig-size=\"1024,768\" data-comments-opened=\"1\" data-image-meta=\"{&quot;aperture&quot;:&quot;0&quot;,&quot;credit&quot;:&quot;&quot;,&quot;camera&quot;:&quot;&quot;,&quot;caption&quot;:&quot;&quot;,&quot;created_timestamp&quot;:&quot;0&quot;,&quot;copyright&quot;:&quot;&quot;,&quot;focal_length&quot;:&quot;0&quot;,&quot;iso&quot;:&quot;0&quot;,&quot;shutter_speed&quot;:&quot;0&quot;,&quot;title&quot;:&quot;&quot;,&quot;orientation&quot;:&quot;0&quot;}\" data-image-title=\"PHOTO-2023-02-24-16-42-25 (1)\" data-image-description=\"\" data-image-caption=\"\" data-large-file=\"https:\/\/cloud.alqueria.es\/wp-content\/uploads\/sites\/5\/2023\/02\/PHOTO-2023-02-24-16-42-25-1.jpg\" class=\"alignnone size-medium wp-image-13455\" src=\"https:\/\/cloud.alqueria.es\/wp-content\/uploads\/sites\/5\/2023\/02\/PHOTO-2023-02-24-16-42-25-1-300x225.jpg\" alt=\"\" width=\"300\" height=\"225\" srcset=\"https:\/\/cloud.alqueria.es\/wp-content\/uploads\/sites\/5\/2023\/02\/PHOTO-2023-02-24-16-42-25-1-300x225.jpg 300w, https:\/\/cloud.alqueria.es\/wp-content\/uploads\/sites\/5\/2023\/02\/PHOTO-2023-02-24-16-42-25-1-768x576.jpg 768w, https:\/\/cloud.alqueria.es\/wp-content\/uploads\/sites\/5\/2023\/02\/PHOTO-2023-02-24-16-42-25-1.jpg 1024w\" sizes=\"(max-width: 300px) 100vw, 300px\" \/><\/p>\n<p>A partir de su exposici\u00f3n hemos podido conocer aspectos del pa\u00eds del sur del continente americano que la mayor\u00eda del grupo desconoc\u00eda. Hemos aprendido sobre su situaci\u00f3n geogr\u00e1fica, relieve, ciudades, poblaci\u00f3n. Nacho ha hecho una estupenda labor de investigaci\u00f3n sobre la historia del pa\u00eds desde la \u00e9poca colonial y ha ido avanzando a lo largo de los siglos hasta el siglo XXI. Tambi\u00e9n nos ha contado cu\u00e1l es su cultura, fauna y flora, as\u00ed como los lugares m\u00e1s conocidos para visitar y disfrutar del pa\u00eds. Por \u00faltimo nos ha hablado de la gastronom\u00eda y para concluir nos ha invitado a una riqu\u00edsimas empanadas argentinas y ha preparado mate. Lo hemos disfrutado much\u00edsimo.<\/p>\n<p><img decoding=\"async\" data-attachment-id=\"13456\" data-permalink=\"https:\/\/www.alqueria.es\/blogs\/colegioalqueriatercerciclo\/2023\/02\/24\/post-semana-cultural-3\/photo-2023-02-24-16-42-25-2\/\" data-orig-file=\"https:\/\/cloud.alqueria.es\/wp-content\/uploads\/sites\/5\/2023\/02\/PHOTO-2023-02-24-16-42-25-2.jpg\" data-orig-size=\"1024,768\" data-comments-opened=\"1\" data-image-meta=\"{&quot;aperture&quot;:&quot;0&quot;,&quot;credit&quot;:&quot;&quot;,&quot;camera&quot;:&quot;&quot;,&quot;caption&quot;:&quot;&quot;,&quot;created_timestamp&quot;:&quot;0&quot;,&quot;copyright&quot;:&quot;&quot;,&quot;focal_length&quot;:&quot;0&quot;,&quot;iso&quot;:&quot;0&quot;,&quot;shutter_speed&quot;:&quot;0&quot;,&quot;title&quot;:&quot;&quot;,&quot;orientation&quot;:&quot;0&quot;}\" data-image-title=\"PHOTO-2023-02-24-16-42-25 (2)\" data-image-description=\"\" data-image-caption=\"\" data-large-file=\"https:\/\/cloud.alqueria.es\/wp-content\/uploads\/sites\/5\/2023\/02\/PHOTO-2023-02-24-16-42-25-2.jpg\" class=\"alignnone size-medium wp-image-13456\" src=\"https:\/\/cloud.alqueria.es\/wp-content\/uploads\/sites\/5\/2023\/02\/PHOTO-2023-02-24-16-42-25-2-300x225.jpg\" alt=\"\" width=\"300\" height=\"225\" srcset=\"https:\/\/cloud.alqueria.es\/wp-content\/uploads\/sites\/5\/2023\/02\/PHOTO-2023-02-24-16-42-25-2-300x225.jpg 300w, https:\/\/cloud.alqueria.es\/wp-content\/uploads\/sites\/5\/2023\/02\/PHOTO-2023-02-24-16-42-25-2-768x576.jpg 768w, https:\/\/cloud.alqueria.es\/wp-content\/uploads\/sites\/5\/2023\/02\/PHOTO-2023-02-24-16-42-25-2.jpg 1024w\" sizes=\"(max-width: 300px) 100vw, 300px\" \/><\/p>\n<p><img decoding=\"async\" data-attachment-id=\"13458\" data-permalink=\"https:\/\/www.alqueria.es\/blogs\/colegioalqueriatercerciclo\/2023\/02\/24\/post-semana-cultural-3\/photo-2023-02-24-16-42-25\/\" data-orig-file=\"https:\/\/cloud.alqueria.es\/wp-content\/uploads\/sites\/5\/2023\/02\/PHOTO-2023-02-24-16-42-25.jpg\" data-orig-size=\"1024,768\" data-comments-opened=\"1\" data-image-meta=\"{&quot;aperture&quot;:&quot;0&quot;,&quot;credit&quot;:&quot;&quot;,&quot;camera&quot;:&quot;&quot;,&quot;caption&quot;:&quot;&quot;,&quot;created_timestamp&quot;:&quot;0&quot;,&quot;copyright&quot;:&quot;&quot;,&quot;focal_length&quot;:&quot;0&quot;,&quot;iso&quot;:&quot;0&quot;,&quot;shutter_speed&quot;:&quot;0&quot;,&quot;title&quot;:&quot;&quot;,&quot;orientation&quot;:&quot;0&quot;}\" data-image-title=\"PHOTO-2023-02-24-16-42-25\" data-image-description=\"\" data-image-caption=\"\" data-large-file=\"https:\/\/cloud.alqueria.es\/wp-content\/uploads\/sites\/5\/2023\/02\/PHOTO-2023-02-24-16-42-25.jpg\" class=\"alignnone size-medium wp-image-13458\" src=\"https:\/\/cloud.alqueria.es\/wp-content\/uploads\/sites\/5\/2023\/02\/PHOTO-2023-02-24-16-42-25-300x225.jpg\" alt=\"\" width=\"300\" height=\"225\" srcset=\"https:\/\/cloud.alqueria.es\/wp-content\/uploads\/sites\/5\/2023\/02\/PHOTO-2023-02-24-16-42-25-300x225.jpg 300w, https:\/\/cloud.alqueria.es\/wp-content\/uploads\/sites\/5\/2023\/02\/PHOTO-2023-02-24-16-42-25-768x576.jpg 768w, https:\/\/cloud.alqueria.es\/wp-content\/uploads\/sites\/5\/2023\/02\/PHOTO-2023-02-24-16-42-25.jpg 1024w\" sizes=\"(max-width: 300px) 100vw, 300px\" \/><\/p>\n<p><strong><span style=\"color: #ff00ff\">Celebraci\u00f3n del D\u00eda de Andaluc\u00eda:<\/span><\/strong><\/p>\n<p>Hoy viernes hemos celebrado el D\u00eda de Andaluc\u00eda con actividades en el aula sobre los S\u00edmbolos y el Himno de la comunidad. Hemos recordado algunos contenidos trabajados el curso pasado sobre los lugares m\u00e1s importantes de cada ciudad, de la composici\u00f3n del parlamento, de las diferentes instituciones que hay en Andaluc\u00eda, derechos y deberes de los ciudadanos andaluces.<\/p>\n<p>Y por \u00faltimo en el patio hemos degustado unas riqu\u00edsimas saladillas con naranjas.<\/p>\n<p><span style=\"color: #ff00ff\"><b>\u00c9tica<\/b><\/span><\/p>\n<p>En \u00e9tica hemos trabajado el concepto de amistad, a trav\u00e9s de un mapa donde se especifica un nuevo modelo de relaci\u00f3n. La amistad es una relaci\u00f3n afectiva entre dos personas.<br \/>\nAmistad es un sentimiento convenido con otra persona, donde se busca confianza, consuelo, amor y respeto.<br \/>\nLa amistad se da en distintas etapas de la vida y en diferentes grados de importancia y trascendencia. Para ser amigos es necesario relacionarse y tener cosas en com\u00fan. Hay amistades que nacen a los pocos minutos de relacionarse y otras que tardan a\u00f1os en hacerlo.<\/p>\n<p>La amistad tiene que tener una serie de componentes, por la que se conforma esa relaci\u00f3n:<\/p>\n<ul>\n<li><strong><span style=\"color: #ff00ff\">Seguridad, tolerancia, agrado por compartir una o m\u00e1s actividades, dar \u00e1nimos y entender al otro en diferentes situaciones, apoyo mutuo. El amigo es aquel que nos dice lo que hacemos de forma inadecuada y nos ayuda a modificar actitudes. Hay reciprocidad, confianza, sinceridad, empat\u00eda.<\/span><\/strong><\/li>\n<\/ul>\n<p>Es una actividad donde interesa que el alumnado entienda en qu\u00e9 consiste la amistad. Como a lo largo de nuestra vida las amistades van creciendo, van cambiando, aparece gente nueva, desaparece otra gente. Se hace el s\u00edmil de un tren donde va subiendo gente y otra se va bajando porque han dejado de gustarnos las mismas cosas, nuestros intereses a lo largo del tiempo se van modificando, cambiando, ampliando, diversificando y de esta manera configuramos un mapa donde las personas, a partir de nosotros mismos van interactuando con nosotros.<\/p>\n<p>Para esto se le ha pedido al alumnado que en un folio ponga su nombre en el centro y piense en sus amigos actuales y ponga una palabra al lado de cada nombre donde se refleje que es lo que compartimos con cada uno de ellos, intereses, juegos, charlas, salidas. Despu\u00e9s les hemos pedido que escriban nombres de personas con los que entablamos relaci\u00f3n a partir de esos amigos y por \u00faltimo personas que han despertado en nosotros un inter\u00e9s y que nos gustar\u00eda explorar esa relaci\u00f3n. De esta forma configuramos un mapa que nos ayuda a reflexionar y a modificar actitudes. Es un mapa vivo que puedo realizar cada cierto tiempo y ver como cambia en diferentes espacios de tiempo.<\/p>\n<ul>\n<li><strong><span style=\"color: #ff00ff\">Sesi\u00f3n de Inteligencia Emocional, Proyecto Calma:<\/span><\/strong><\/li>\n<\/ul>\n<p>Esta semana tambi\u00e9n se ha retomado las sesiones del Proyecto Calma donde se ha trabajado en el grupo la t\u00e9cnica del s\u00e1ndwich. Esta t\u00e9cnica la hemos practicado en casos ficticios y en casos reales, con la participaci\u00f3n voluntaria del alumnado.<\/p>\n<p>Aqu\u00ed os dejo un esquema elaborado por David donde se explica claramente en qu\u00e9 consiste esta t\u00e9cnica.<\/p>\n<p><img decoding=\"async\" data-attachment-id=\"13435\" data-permalink=\"https:\/\/www.alqueria.es\/blogs\/colegioalqueriatercerciclo\/2023\/02\/24\/post-semana-cultural-3\/img-5815\/\" data-orig-file=\"https:\/\/cloud.alqueria.es\/wp-content\/uploads\/sites\/5\/2023\/02\/IMG-5815.jpg\" data-orig-size=\"1408,1970\" data-comments-opened=\"1\" data-image-meta=\"{&quot;aperture&quot;:&quot;1.6&quot;,&quot;credit&quot;:&quot;&quot;,&quot;camera&quot;:&quot;iPhone 12&quot;,&quot;caption&quot;:&quot;&quot;,&quot;created_timestamp&quot;:&quot;1677253173&quot;,&quot;copyright&quot;:&quot;&quot;,&quot;focal_length&quot;:&quot;4.2&quot;,&quot;iso&quot;:&quot;125&quot;,&quot;shutter_speed&quot;:&quot;0.0082644628099174&quot;,&quot;title&quot;:&quot;&quot;,&quot;orientation&quot;:&quot;1&quot;}\" data-image-title=\"IMG-5815\" data-image-description=\"\" data-image-caption=\"\" data-large-file=\"https:\/\/cloud.alqueria.es\/wp-content\/uploads\/sites\/5\/2023\/02\/IMG-5815-732x1024.jpg\" class=\"alignnone wp-image-13435 \" src=\"https:\/\/cloud.alqueria.es\/wp-content\/uploads\/sites\/5\/2023\/02\/IMG-5815.jpg\" alt=\"\" width=\"482\" height=\"674\" srcset=\"https:\/\/cloud.alqueria.es\/wp-content\/uploads\/sites\/5\/2023\/02\/IMG-5815.jpg 1408w, https:\/\/cloud.alqueria.es\/wp-content\/uploads\/sites\/5\/2023\/02\/IMG-5815-214x300.jpg 214w, https:\/\/cloud.alqueria.es\/wp-content\/uploads\/sites\/5\/2023\/02\/IMG-5815-732x1024.jpg 732w, https:\/\/cloud.alqueria.es\/wp-content\/uploads\/sites\/5\/2023\/02\/IMG-5815-768x1075.jpg 768w, https:\/\/cloud.alqueria.es\/wp-content\/uploads\/sites\/5\/2023\/02\/IMG-5815-1098x1536.jpg 1098w\" sizes=\"(max-width: 482px) 100vw, 482px\" \/><\/p>\n<p class=\"jetpack-slideshow-noscript robots-nocontent\">El pase de diapositivas requiere JavaScript.<\/p><div id=\"gallery-13431-2-slideshow\" class=\"jetpack-slideshow-window jetpack-slideshow jetpack-slideshow-black\" data-trans=\"fade\" data-autostart=\"1\" data-gallery=\"[{&quot;src&quot;:&quot;https:\\\/\\\/cloud.alqueria.es\\\/wp-content\\\/uploads\\\/sites\\\/5\\\/2023\\\/02\\\/PHOTO-2023-02-24-16-22-32-1.jpg&quot;,&quot;id&quot;:&quot;13450&quot;,&quot;title&quot;:&quot;PHOTO-2023-02-24-16-22-32 (1)&quot;,&quot;alt&quot;:&quot;&quot;,&quot;caption&quot;:&quot;&quot;,&quot;itemprop&quot;:&quot;image&quot;},{&quot;src&quot;:&quot;https:\\\/\\\/cloud.alqueria.es\\\/wp-content\\\/uploads\\\/sites\\\/5\\\/2023\\\/02\\\/PHOTO-2023-02-24-16-22-32-2.jpg&quot;,&quot;id&quot;:&quot;13451&quot;,&quot;title&quot;:&quot;PHOTO-2023-02-24-16-22-32 (2)&quot;,&quot;alt&quot;:&quot;&quot;,&quot;caption&quot;:&quot;&quot;,&quot;itemprop&quot;:&quot;image&quot;},{&quot;src&quot;:&quot;https:\\\/\\\/cloud.alqueria.es\\\/wp-content\\\/uploads\\\/sites\\\/5\\\/2023\\\/02\\\/PHOTO-2023-02-24-16-22-32-3.jpg&quot;,&quot;id&quot;:&quot;13452&quot;,&quot;title&quot;:&quot;PHOTO-2023-02-24-16-22-32 (3)&quot;,&quot;alt&quot;:&quot;&quot;,&quot;caption&quot;:&quot;&quot;,&quot;itemprop&quot;:&quot;image&quot;},{&quot;src&quot;:&quot;https:\\\/\\\/cloud.alqueria.es\\\/wp-content\\\/uploads\\\/sites\\\/5\\\/2023\\\/02\\\/PHOTO-2023-02-24-16-22-32-4.jpg&quot;,&quot;id&quot;:&quot;13453&quot;,&quot;title&quot;:&quot;PHOTO-2023-02-24-16-22-32 (4)&quot;,&quot;alt&quot;:&quot;&quot;,&quot;caption&quot;:&quot;&quot;,&quot;itemprop&quot;:&quot;image&quot;},{&quot;src&quot;:&quot;https:\\\/\\\/cloud.alqueria.es\\\/wp-content\\\/uploads\\\/sites\\\/5\\\/2023\\\/02\\\/PHOTO-2023-02-24-16-22-32.jpg&quot;,&quot;id&quot;:&quot;13454&quot;,&quot;title&quot;:&quot;PHOTO-2023-02-24-16-22-32&quot;,&quot;alt&quot;:&quot;&quot;,&quot;caption&quot;:&quot;&quot;,&quot;itemprop&quot;:&quot;image&quot;}]\" itemscope itemtype=\"https:\/\/schema.org\/ImageGallery\"><\/div>\n<p>&nbsp;<\/p>\n<p>Buen puente y nos vemos el jueves.<\/p>\n<p>Isabel<\/p>\n<p>&nbsp;<\/p>\n<p>&nbsp;<\/p>\n","protected":false},"excerpt":{"rendered":"<p>Pasada la Semana Cultural y el Carnaval, volvemos a la rutina del d\u00eda a d\u00eda. Comenzamos la semana con nuestra habitual lectura silenciosa, y nuevos proyectos y actividades para esta \u00faltima semana de febrero y el mes de marzo. Matem\u00e1ticas: Nos centramos en el trabajo iniciado sobre Geometr\u00eda con trabajo pr\u00e1ctico sobre: L\u00edneas, rectas, segmentos. &hellip; <a href=\"https:\/\/www.alqueria.es\/blogs\/colegioalqueriatercerciclo\/2023\/02\/24\/post-semana-cultural-3\/\" class=\"more-link\">Seguir leyendo <span class=\"screen-reader-text\">Post Semana Cultural<\/span> <span class=\"meta-nav\">&rarr;<\/span><\/a><\/p>\n","protected":false},"author":9,"featured_media":0,"comment_status":"open","ping_status":"open","sticky":false,"template":"","format":"standard","meta":{"jetpack_post_was_ever_published":false,"_jetpack_newsletter_access":"","_jetpack_dont_email_post_to_subs":false,"_jetpack_newsletter_tier_id":0,"_jetpack_memberships_contains_paywalled_content":false,"_jetpack_memberships_contains_paid_content":false,"footnotes":"","jetpack_publicize_message":"","jetpack_publicize_feature_enabled":true,"jetpack_social_post_already_shared":true,"jetpack_social_options":{"image_generator_settings":{"template":"highway","default_image_id":0,"font":"","enabled":false},"version":2}},"categories":[3,15],"tags":[32,325,180],"class_list":["post-13431","post","type-post","status-publish","format-standard","hentry","category-6o-epo","category-semanario-6o","tag-conferencias","tag-informacion-a-familias","tag-semanario-6o"],"jetpack_publicize_connections":[],"jetpack_featured_media_url":"","jetpack_sharing_enabled":true,"jetpack_shortlink":"https:\/\/wp.me\/p4l4AW-3uD","jetpack-related-posts":[],"_links":{"self":[{"href":"https:\/\/www.alqueria.es\/blogs\/colegioalqueriatercerciclo\/wp-json\/wp\/v2\/posts\/13431","targetHints":{"allow":["GET"]}}],"collection":[{"href":"https:\/\/www.alqueria.es\/blogs\/colegioalqueriatercerciclo\/wp-json\/wp\/v2\/posts"}],"about":[{"href":"https:\/\/www.alqueria.es\/blogs\/colegioalqueriatercerciclo\/wp-json\/wp\/v2\/types\/post"}],"author":[{"embeddable":true,"href":"https:\/\/www.alqueria.es\/blogs\/colegioalqueriatercerciclo\/wp-json\/wp\/v2\/users\/9"}],"replies":[{"embeddable":true,"href":"https:\/\/www.alqueria.es\/blogs\/colegioalqueriatercerciclo\/wp-json\/wp\/v2\/comments?post=13431"}],"version-history":[{"count":1,"href":"https:\/\/www.alqueria.es\/blogs\/colegioalqueriatercerciclo\/wp-json\/wp\/v2\/posts\/13431\/revisions"}],"predecessor-version":[{"id":13462,"href":"https:\/\/www.alqueria.es\/blogs\/colegioalqueriatercerciclo\/wp-json\/wp\/v2\/posts\/13431\/revisions\/13462"}],"wp:attachment":[{"href":"https:\/\/www.alqueria.es\/blogs\/colegioalqueriatercerciclo\/wp-json\/wp\/v2\/media?parent=13431"}],"wp:term":[{"taxonomy":"category","embeddable":true,"href":"https:\/\/www.alqueria.es\/blogs\/colegioalqueriatercerciclo\/wp-json\/wp\/v2\/categories?post=13431"},{"taxonomy":"post_tag","embeddable":true,"href":"https:\/\/www.alqueria.es\/blogs\/colegioalqueriatercerciclo\/wp-json\/wp\/v2\/tags?post=13431"}],"curies":[{"name":"wp","href":"https:\/\/api.w.org\/{rel}","templated":true}]}}