{"id":14598,"date":"2023-11-24T18:00:45","date_gmt":"2023-11-24T17:00:45","guid":{"rendered":"https:\/\/www.alqueria.es\/blogs\/colegioalqueriatercerciclo\/?p=14598"},"modified":"2023-11-24T14:14:35","modified_gmt":"2023-11-24T13:14:35","slug":"investigando-y-experimentando","status":"publish","type":"post","link":"https:\/\/www.alqueria.es\/blogs\/colegioalqueriatercerciclo\/2023\/11\/24\/investigando-y-experimentando\/","title":{"rendered":"Investigando y experimentando"},"content":{"rendered":"<p>Estimadas familias, esta semana se ha\u00a0 terminado el proyecto de trabajo sobre los seres vivos <span style=\"color: #000000\">con la elaboraci\u00f3n de distintas presentaciones y experimentaciones\u00a0 sobre el tema.<\/span><\/p>\n<p>En el inicio de este curso, las propuesta de trabajo tratan de ir\u00a0 dando peque\u00f1os pasos y avanzar para llegar al final de curso con una grado alto de autonom\u00eda \u00a0en cuanto al proceso de investigaci\u00f3n, b\u00fasqueda de informaci\u00f3n, capacidad de an\u00e1lisis, s\u00edntesis, desarrollo, elaboraci\u00f3n de informes, estudio, exposici\u00f3n.<\/p>\n<p><img decoding=\"async\" data-attachment-id=\"14624\" data-permalink=\"https:\/\/www.alqueria.es\/blogs\/colegioalqueriatercerciclo\/2023\/11\/24\/investigando-y-experimentando\/photo-2023-11-23-14-11-16-9\/\" data-orig-file=\"https:\/\/cloud.alqueria.es\/wp-content\/uploads\/sites\/5\/2023\/11\/PHOTO-2023-11-23-14-11-16-9.jpg\" data-orig-size=\"1024,768\" data-comments-opened=\"1\" data-image-meta=\"{&quot;aperture&quot;:&quot;0&quot;,&quot;credit&quot;:&quot;&quot;,&quot;camera&quot;:&quot;&quot;,&quot;caption&quot;:&quot;&quot;,&quot;created_timestamp&quot;:&quot;0&quot;,&quot;copyright&quot;:&quot;&quot;,&quot;focal_length&quot;:&quot;0&quot;,&quot;iso&quot;:&quot;0&quot;,&quot;shutter_speed&quot;:&quot;0&quot;,&quot;title&quot;:&quot;&quot;,&quot;orientation&quot;:&quot;0&quot;}\" data-image-title=\"PHOTO-2023-11-23-14-11-16 (9)\" data-image-description=\"\" data-image-caption=\"\" data-large-file=\"https:\/\/cloud.alqueria.es\/wp-content\/uploads\/sites\/5\/2023\/11\/PHOTO-2023-11-23-14-11-16-9.jpg\" class=\"alignleft wp-image-14624 size-medium\" src=\"https:\/\/cloud.alqueria.es\/wp-content\/uploads\/sites\/5\/2023\/11\/PHOTO-2023-11-23-14-11-16-9-300x225.jpg\" alt=\"\" width=\"300\" height=\"225\" srcset=\"https:\/\/cloud.alqueria.es\/wp-content\/uploads\/sites\/5\/2023\/11\/PHOTO-2023-11-23-14-11-16-9-300x225.jpg 300w, https:\/\/cloud.alqueria.es\/wp-content\/uploads\/sites\/5\/2023\/11\/PHOTO-2023-11-23-14-11-16-9-768x576.jpg 768w, https:\/\/cloud.alqueria.es\/wp-content\/uploads\/sites\/5\/2023\/11\/PHOTO-2023-11-23-14-11-16-9.jpg 1024w\" sizes=\"(max-width: 300px) 100vw, 300px\" \/> <img decoding=\"async\" data-attachment-id=\"14623\" data-permalink=\"https:\/\/www.alqueria.es\/blogs\/colegioalqueriatercerciclo\/2023\/11\/24\/investigando-y-experimentando\/photo-2023-11-23-14-11-16-8\/\" data-orig-file=\"https:\/\/cloud.alqueria.es\/wp-content\/uploads\/sites\/5\/2023\/11\/PHOTO-2023-11-23-14-11-16-8.jpg\" data-orig-size=\"1024,768\" data-comments-opened=\"1\" data-image-meta=\"{&quot;aperture&quot;:&quot;0&quot;,&quot;credit&quot;:&quot;&quot;,&quot;camera&quot;:&quot;&quot;,&quot;caption&quot;:&quot;&quot;,&quot;created_timestamp&quot;:&quot;0&quot;,&quot;copyright&quot;:&quot;&quot;,&quot;focal_length&quot;:&quot;0&quot;,&quot;iso&quot;:&quot;0&quot;,&quot;shutter_speed&quot;:&quot;0&quot;,&quot;title&quot;:&quot;&quot;,&quot;orientation&quot;:&quot;0&quot;}\" data-image-title=\"PHOTO-2023-11-23-14-11-16 (8)\" data-image-description=\"\" data-image-caption=\"\" data-large-file=\"https:\/\/cloud.alqueria.es\/wp-content\/uploads\/sites\/5\/2023\/11\/PHOTO-2023-11-23-14-11-16-8.jpg\" class=\"aligncenter wp-image-14623 size-medium\" src=\"https:\/\/cloud.alqueria.es\/wp-content\/uploads\/sites\/5\/2023\/11\/PHOTO-2023-11-23-14-11-16-8-300x225.jpg\" alt=\"\" width=\"300\" height=\"225\" srcset=\"https:\/\/cloud.alqueria.es\/wp-content\/uploads\/sites\/5\/2023\/11\/PHOTO-2023-11-23-14-11-16-8-300x225.jpg 300w, https:\/\/cloud.alqueria.es\/wp-content\/uploads\/sites\/5\/2023\/11\/PHOTO-2023-11-23-14-11-16-8-768x576.jpg 768w, https:\/\/cloud.alqueria.es\/wp-content\/uploads\/sites\/5\/2023\/11\/PHOTO-2023-11-23-14-11-16-8.jpg 1024w\" sizes=\"(max-width: 300px) 100vw, 300px\" \/> <img decoding=\"async\" data-attachment-id=\"14620\" data-permalink=\"https:\/\/www.alqueria.es\/blogs\/colegioalqueriatercerciclo\/2023\/11\/24\/investigando-y-experimentando\/photo-2023-11-23-14-11-16-4\/\" data-orig-file=\"https:\/\/cloud.alqueria.es\/wp-content\/uploads\/sites\/5\/2023\/11\/PHOTO-2023-11-23-14-11-16-4.jpg\" data-orig-size=\"1024,768\" data-comments-opened=\"1\" data-image-meta=\"{&quot;aperture&quot;:&quot;0&quot;,&quot;credit&quot;:&quot;&quot;,&quot;camera&quot;:&quot;&quot;,&quot;caption&quot;:&quot;&quot;,&quot;created_timestamp&quot;:&quot;0&quot;,&quot;copyright&quot;:&quot;&quot;,&quot;focal_length&quot;:&quot;0&quot;,&quot;iso&quot;:&quot;0&quot;,&quot;shutter_speed&quot;:&quot;0&quot;,&quot;title&quot;:&quot;&quot;,&quot;orientation&quot;:&quot;0&quot;}\" data-image-title=\"PHOTO-2023-11-23-14-11-16 (4)\" data-image-description=\"\" data-image-caption=\"\" data-large-file=\"https:\/\/cloud.alqueria.es\/wp-content\/uploads\/sites\/5\/2023\/11\/PHOTO-2023-11-23-14-11-16-4.jpg\" class=\"alignright wp-image-14620 size-medium\" src=\"https:\/\/cloud.alqueria.es\/wp-content\/uploads\/sites\/5\/2023\/11\/PHOTO-2023-11-23-14-11-16-4-300x225.jpg\" alt=\"\" width=\"300\" height=\"225\" srcset=\"https:\/\/cloud.alqueria.es\/wp-content\/uploads\/sites\/5\/2023\/11\/PHOTO-2023-11-23-14-11-16-4-300x225.jpg 300w, https:\/\/cloud.alqueria.es\/wp-content\/uploads\/sites\/5\/2023\/11\/PHOTO-2023-11-23-14-11-16-4-768x576.jpg 768w, https:\/\/cloud.alqueria.es\/wp-content\/uploads\/sites\/5\/2023\/11\/PHOTO-2023-11-23-14-11-16-4.jpg 1024w\" sizes=\"(max-width: 300px) 100vw, 300px\" \/><\/p>\n<p>Para iniciar un proyecto de trabajo es necesario una primera fase de motivaci\u00f3n. Muchas veces solo es necesario una pregunta<strong>: <span style=\"color: #339966\">En nuestro planeta viven millones de seres vivos pero, \u00bfsab\u00edas que se dividen en cinco reinos diferentes? Algunos, como los animales y las plantas, se encuentran a simple vista; otros, como las bacterias, solo son visibles a trav\u00e9s del microscopio.<\/span><\/strong><\/p>\n<p><img decoding=\"async\" data-attachment-id=\"14643\" data-permalink=\"https:\/\/www.alqueria.es\/blogs\/colegioalqueriatercerciclo\/2023\/11\/24\/investigando-y-experimentando\/photo-2023-11-23-16-44-46\/\" data-orig-file=\"https:\/\/cloud.alqueria.es\/wp-content\/uploads\/sites\/5\/2023\/11\/PHOTO-2023-11-23-16-44-46.jpg\" data-orig-size=\"1024,768\" data-comments-opened=\"1\" data-image-meta=\"{&quot;aperture&quot;:&quot;0&quot;,&quot;credit&quot;:&quot;&quot;,&quot;camera&quot;:&quot;&quot;,&quot;caption&quot;:&quot;&quot;,&quot;created_timestamp&quot;:&quot;0&quot;,&quot;copyright&quot;:&quot;&quot;,&quot;focal_length&quot;:&quot;0&quot;,&quot;iso&quot;:&quot;0&quot;,&quot;shutter_speed&quot;:&quot;0&quot;,&quot;title&quot;:&quot;&quot;,&quot;orientation&quot;:&quot;0&quot;}\" data-image-title=\"PHOTO-2023-11-23-16-44-46\" data-image-description=\"\" data-image-caption=\"\" data-large-file=\"https:\/\/cloud.alqueria.es\/wp-content\/uploads\/sites\/5\/2023\/11\/PHOTO-2023-11-23-16-44-46.jpg\" class=\"alignnone wp-image-14643 size-medium\" src=\"https:\/\/cloud.alqueria.es\/wp-content\/uploads\/sites\/5\/2023\/11\/PHOTO-2023-11-23-16-44-46-300x225.jpg\" alt=\"\" width=\"300\" height=\"225\" srcset=\"https:\/\/cloud.alqueria.es\/wp-content\/uploads\/sites\/5\/2023\/11\/PHOTO-2023-11-23-16-44-46-300x225.jpg 300w, https:\/\/cloud.alqueria.es\/wp-content\/uploads\/sites\/5\/2023\/11\/PHOTO-2023-11-23-16-44-46-768x576.jpg 768w, https:\/\/cloud.alqueria.es\/wp-content\/uploads\/sites\/5\/2023\/11\/PHOTO-2023-11-23-16-44-46.jpg 1024w\" sizes=\"(max-width: 300px) 100vw, 300px\" \/><\/p>\n<p>A partir de este momento cada grupo desarrollo su plan de trabajo y de investigaci\u00f3n. B\u00fasqueda de informaci\u00f3n en distintas fuentes de informaci\u00f3n: libros, p\u00e1ginas web, recursos educativos en la tablet, informaci\u00f3n de revistas y otros formatos. An\u00e1lisis de la informaci\u00f3n y elaboraci\u00f3n del portfolio en funci\u00f3n del \u00edndice elaborado por cada grupo. Preparaci\u00f3n del formato de exposici\u00f3n: PowerPoint, Powtoon, Lapbook. Estudio y preparaci\u00f3n en el aula de las exposiciones.<\/p>\n<p class=\"jetpack-slideshow-noscript robots-nocontent\">El pase de diapositivas requiere JavaScript.<\/p><div id=\"gallery-14598-1-slideshow\" class=\"jetpack-slideshow-window jetpack-slideshow jetpack-slideshow-black\" data-trans=\"fade\" data-autostart=\"1\" data-gallery=\"[{&quot;src&quot;:&quot;https:\\\/\\\/cloud.alqueria.es\\\/wp-content\\\/uploads\\\/sites\\\/5\\\/2023\\\/11\\\/PHOTO-2023-11-23-14-13-38-1.jpg&quot;,&quot;id&quot;:&quot;14628&quot;,&quot;title&quot;:&quot;PHOTO-2023-11-23-14-13-38 (1)&quot;,&quot;alt&quot;:&quot;&quot;,&quot;caption&quot;:&quot;&quot;,&quot;itemprop&quot;:&quot;image&quot;},{&quot;src&quot;:&quot;https:\\\/\\\/cloud.alqueria.es\\\/wp-content\\\/uploads\\\/sites\\\/5\\\/2023\\\/11\\\/PHOTO-2023-11-23-14-13-38-2.jpg&quot;,&quot;id&quot;:&quot;14629&quot;,&quot;title&quot;:&quot;PHOTO-2023-11-23-14-13-38 (2)&quot;,&quot;alt&quot;:&quot;&quot;,&quot;caption&quot;:&quot;&quot;,&quot;itemprop&quot;:&quot;image&quot;},{&quot;src&quot;:&quot;https:\\\/\\\/cloud.alqueria.es\\\/wp-content\\\/uploads\\\/sites\\\/5\\\/2023\\\/11\\\/PHOTO-2023-11-23-14-13-38-3.jpg&quot;,&quot;id&quot;:&quot;14630&quot;,&quot;title&quot;:&quot;PHOTO-2023-11-23-14-13-38 (3)&quot;,&quot;alt&quot;:&quot;&quot;,&quot;caption&quot;:&quot;&quot;,&quot;itemprop&quot;:&quot;image&quot;},{&quot;src&quot;:&quot;https:\\\/\\\/cloud.alqueria.es\\\/wp-content\\\/uploads\\\/sites\\\/5\\\/2023\\\/11\\\/PHOTO-2023-11-23-14-13-38-5.jpg&quot;,&quot;id&quot;:&quot;14632&quot;,&quot;title&quot;:&quot;PHOTO-2023-11-23-14-13-38 (5)&quot;,&quot;alt&quot;:&quot;&quot;,&quot;caption&quot;:&quot;&quot;,&quot;itemprop&quot;:&quot;image&quot;},{&quot;src&quot;:&quot;https:\\\/\\\/cloud.alqueria.es\\\/wp-content\\\/uploads\\\/sites\\\/5\\\/2023\\\/11\\\/PHOTO-2023-11-23-14-13-38-8.jpg&quot;,&quot;id&quot;:&quot;14634&quot;,&quot;title&quot;:&quot;PHOTO-2023-11-23-14-13-38 (8)&quot;,&quot;alt&quot;:&quot;&quot;,&quot;caption&quot;:&quot;&quot;,&quot;itemprop&quot;:&quot;image&quot;},{&quot;src&quot;:&quot;https:\\\/\\\/cloud.alqueria.es\\\/wp-content\\\/uploads\\\/sites\\\/5\\\/2023\\\/11\\\/PHOTO-2023-11-23-14-13-38.jpg&quot;,&quot;id&quot;:&quot;14635&quot;,&quot;title&quot;:&quot;PHOTO-2023-11-23-14-13-38&quot;,&quot;alt&quot;:&quot;&quot;,&quot;caption&quot;:&quot;&quot;,&quot;itemprop&quot;:&quot;image&quot;}]\" itemscope itemtype=\"https:\/\/schema.org\/ImageGallery\"><\/div>\n<p>El trabajo ha concluido con las exposiciones de los grupos de trabajo de sus productos finales.\u00a0 Una vez terminadas tambi\u00e9n utilizamos los microscopios para ver muestras de tejidos animales, mohos y levaduras.<\/p>\n<div data-carousel-extra='{&quot;blog_id&quot;:5,&quot;permalink&quot;:&quot;https:\/\/www.alqueria.es\/blogs\/colegioalqueriatercerciclo\/2023\/11\/24\/investigando-y-experimentando\/&quot;}' id='gallery-2' class='gallery galleryid-14598 gallery-columns-3 gallery-size-thumbnail'><figure class='gallery-item'>\n\t\t\t<div class='gallery-icon landscape'>\n\t\t\t\t<a href='https:\/\/www.alqueria.es\/blogs\/colegioalqueriatercerciclo\/2023\/11\/24\/investigando-y-experimentando\/dd\/'><img decoding=\"async\" width=\"150\" height=\"150\" src=\"https:\/\/cloud.alqueria.es\/wp-content\/uploads\/sites\/5\/2023\/11\/dd-e1700754799349-150x150.jpg\" class=\"attachment-thumbnail size-thumbnail\" alt=\"\" data-attachment-id=\"14644\" data-permalink=\"https:\/\/www.alqueria.es\/blogs\/colegioalqueriatercerciclo\/2023\/11\/24\/investigando-y-experimentando\/dd\/\" data-orig-file=\"https:\/\/cloud.alqueria.es\/wp-content\/uploads\/sites\/5\/2023\/11\/dd-e1700754799349.jpg\" data-orig-size=\"971,670\" data-comments-opened=\"1\" data-image-meta=\"{&quot;aperture&quot;:&quot;0&quot;,&quot;credit&quot;:&quot;&quot;,&quot;camera&quot;:&quot;&quot;,&quot;caption&quot;:&quot;&quot;,&quot;created_timestamp&quot;:&quot;0&quot;,&quot;copyright&quot;:&quot;&quot;,&quot;focal_length&quot;:&quot;0&quot;,&quot;iso&quot;:&quot;0&quot;,&quot;shutter_speed&quot;:&quot;0&quot;,&quot;title&quot;:&quot;&quot;,&quot;orientation&quot;:&quot;0&quot;}\" data-image-title=\"dd\" data-image-description=\"\" data-image-caption=\"\" data-large-file=\"https:\/\/cloud.alqueria.es\/wp-content\/uploads\/sites\/5\/2023\/11\/dd-1024x576.jpg\" \/><\/a>\n\t\t\t<\/div><\/figure><figure class='gallery-item'>\n\t\t\t<div class='gallery-icon landscape'>\n\t\t\t\t<a href='https:\/\/www.alqueria.es\/blogs\/colegioalqueriatercerciclo\/2023\/11\/24\/investigando-y-experimentando\/photo-2023-11-23-14-11-16-8\/'><img decoding=\"async\" width=\"150\" height=\"150\" src=\"https:\/\/cloud.alqueria.es\/wp-content\/uploads\/sites\/5\/2023\/11\/PHOTO-2023-11-23-14-11-16-8-150x150.jpg\" class=\"attachment-thumbnail size-thumbnail\" alt=\"\" data-attachment-id=\"14623\" data-permalink=\"https:\/\/www.alqueria.es\/blogs\/colegioalqueriatercerciclo\/2023\/11\/24\/investigando-y-experimentando\/photo-2023-11-23-14-11-16-8\/\" data-orig-file=\"https:\/\/cloud.alqueria.es\/wp-content\/uploads\/sites\/5\/2023\/11\/PHOTO-2023-11-23-14-11-16-8.jpg\" data-orig-size=\"1024,768\" data-comments-opened=\"1\" data-image-meta=\"{&quot;aperture&quot;:&quot;0&quot;,&quot;credit&quot;:&quot;&quot;,&quot;camera&quot;:&quot;&quot;,&quot;caption&quot;:&quot;&quot;,&quot;created_timestamp&quot;:&quot;0&quot;,&quot;copyright&quot;:&quot;&quot;,&quot;focal_length&quot;:&quot;0&quot;,&quot;iso&quot;:&quot;0&quot;,&quot;shutter_speed&quot;:&quot;0&quot;,&quot;title&quot;:&quot;&quot;,&quot;orientation&quot;:&quot;0&quot;}\" data-image-title=\"PHOTO-2023-11-23-14-11-16 (8)\" data-image-description=\"\" data-image-caption=\"\" data-large-file=\"https:\/\/cloud.alqueria.es\/wp-content\/uploads\/sites\/5\/2023\/11\/PHOTO-2023-11-23-14-11-16-8.jpg\" \/><\/a>\n\t\t\t<\/div><\/figure><figure class='gallery-item'>\n\t\t\t<div class='gallery-icon landscape'>\n\t\t\t\t<a href='https:\/\/www.alqueria.es\/blogs\/colegioalqueriatercerciclo\/2023\/11\/24\/investigando-y-experimentando\/photo-2023-11-23-14-11-16-6\/'><img decoding=\"async\" width=\"150\" height=\"150\" src=\"https:\/\/cloud.alqueria.es\/wp-content\/uploads\/sites\/5\/2023\/11\/PHOTO-2023-11-23-14-11-16-6-150x150.jpg\" class=\"attachment-thumbnail size-thumbnail\" alt=\"\" data-attachment-id=\"14622\" data-permalink=\"https:\/\/www.alqueria.es\/blogs\/colegioalqueriatercerciclo\/2023\/11\/24\/investigando-y-experimentando\/photo-2023-11-23-14-11-16-6\/\" data-orig-file=\"https:\/\/cloud.alqueria.es\/wp-content\/uploads\/sites\/5\/2023\/11\/PHOTO-2023-11-23-14-11-16-6.jpg\" data-orig-size=\"1024,768\" data-comments-opened=\"1\" data-image-meta=\"{&quot;aperture&quot;:&quot;0&quot;,&quot;credit&quot;:&quot;&quot;,&quot;camera&quot;:&quot;&quot;,&quot;caption&quot;:&quot;&quot;,&quot;created_timestamp&quot;:&quot;0&quot;,&quot;copyright&quot;:&quot;&quot;,&quot;focal_length&quot;:&quot;0&quot;,&quot;iso&quot;:&quot;0&quot;,&quot;shutter_speed&quot;:&quot;0&quot;,&quot;title&quot;:&quot;&quot;,&quot;orientation&quot;:&quot;0&quot;}\" data-image-title=\"PHOTO-2023-11-23-14-11-16 (6)\" data-image-description=\"\" data-image-caption=\"\" data-large-file=\"https:\/\/cloud.alqueria.es\/wp-content\/uploads\/sites\/5\/2023\/11\/PHOTO-2023-11-23-14-11-16-6.jpg\" \/><\/a>\n\t\t\t<\/div><\/figure><figure class='gallery-item'>\n\t\t\t<div class='gallery-icon landscape'>\n\t\t\t\t<a href='https:\/\/www.alqueria.es\/blogs\/colegioalqueriatercerciclo\/2023\/11\/24\/investigando-y-experimentando\/photo-2023-11-23-14-11-16-5\/'><img decoding=\"async\" width=\"150\" height=\"150\" src=\"https:\/\/cloud.alqueria.es\/wp-content\/uploads\/sites\/5\/2023\/11\/PHOTO-2023-11-23-14-11-16-5-150x150.jpg\" class=\"attachment-thumbnail size-thumbnail\" alt=\"\" data-attachment-id=\"14621\" data-permalink=\"https:\/\/www.alqueria.es\/blogs\/colegioalqueriatercerciclo\/2023\/11\/24\/investigando-y-experimentando\/photo-2023-11-23-14-11-16-5\/\" data-orig-file=\"https:\/\/cloud.alqueria.es\/wp-content\/uploads\/sites\/5\/2023\/11\/PHOTO-2023-11-23-14-11-16-5.jpg\" data-orig-size=\"1024,768\" data-comments-opened=\"1\" data-image-meta=\"{&quot;aperture&quot;:&quot;0&quot;,&quot;credit&quot;:&quot;&quot;,&quot;camera&quot;:&quot;&quot;,&quot;caption&quot;:&quot;&quot;,&quot;created_timestamp&quot;:&quot;0&quot;,&quot;copyright&quot;:&quot;&quot;,&quot;focal_length&quot;:&quot;0&quot;,&quot;iso&quot;:&quot;0&quot;,&quot;shutter_speed&quot;:&quot;0&quot;,&quot;title&quot;:&quot;&quot;,&quot;orientation&quot;:&quot;0&quot;}\" data-image-title=\"PHOTO-2023-11-23-14-11-16 (5)\" data-image-description=\"\" data-image-caption=\"\" data-large-file=\"https:\/\/cloud.alqueria.es\/wp-content\/uploads\/sites\/5\/2023\/11\/PHOTO-2023-11-23-14-11-16-5.jpg\" \/><\/a>\n\t\t\t<\/div><\/figure><figure class='gallery-item'>\n\t\t\t<div class='gallery-icon landscape'>\n\t\t\t\t<a href='https:\/\/www.alqueria.es\/blogs\/colegioalqueriatercerciclo\/2023\/11\/24\/investigando-y-experimentando\/photo-2023-11-23-14-11-16-3\/'><img decoding=\"async\" width=\"150\" height=\"150\" src=\"https:\/\/cloud.alqueria.es\/wp-content\/uploads\/sites\/5\/2023\/11\/PHOTO-2023-11-23-14-11-16-3-150x150.jpg\" class=\"attachment-thumbnail size-thumbnail\" alt=\"\" data-attachment-id=\"14619\" data-permalink=\"https:\/\/www.alqueria.es\/blogs\/colegioalqueriatercerciclo\/2023\/11\/24\/investigando-y-experimentando\/photo-2023-11-23-14-11-16-3\/\" data-orig-file=\"https:\/\/cloud.alqueria.es\/wp-content\/uploads\/sites\/5\/2023\/11\/PHOTO-2023-11-23-14-11-16-3.jpg\" data-orig-size=\"1024,768\" data-comments-opened=\"1\" data-image-meta=\"{&quot;aperture&quot;:&quot;0&quot;,&quot;credit&quot;:&quot;&quot;,&quot;camera&quot;:&quot;&quot;,&quot;caption&quot;:&quot;&quot;,&quot;created_timestamp&quot;:&quot;0&quot;,&quot;copyright&quot;:&quot;&quot;,&quot;focal_length&quot;:&quot;0&quot;,&quot;iso&quot;:&quot;0&quot;,&quot;shutter_speed&quot;:&quot;0&quot;,&quot;title&quot;:&quot;&quot;,&quot;orientation&quot;:&quot;0&quot;}\" data-image-title=\"PHOTO-2023-11-23-14-11-16 (3)\" data-image-description=\"\" data-image-caption=\"\" data-large-file=\"https:\/\/cloud.alqueria.es\/wp-content\/uploads\/sites\/5\/2023\/11\/PHOTO-2023-11-23-14-11-16-3.jpg\" \/><\/a>\n\t\t\t<\/div><\/figure><figure class='gallery-item'>\n\t\t\t<div class='gallery-icon landscape'>\n\t\t\t\t<a href='https:\/\/www.alqueria.es\/blogs\/colegioalqueriatercerciclo\/2023\/11\/24\/investigando-y-experimentando\/photo-2023-11-23-14-11-16-1\/'><img decoding=\"async\" width=\"150\" height=\"150\" src=\"https:\/\/cloud.alqueria.es\/wp-content\/uploads\/sites\/5\/2023\/11\/PHOTO-2023-11-23-14-11-16-1-150x150.jpg\" class=\"attachment-thumbnail size-thumbnail\" alt=\"\" data-attachment-id=\"14617\" data-permalink=\"https:\/\/www.alqueria.es\/blogs\/colegioalqueriatercerciclo\/2023\/11\/24\/investigando-y-experimentando\/photo-2023-11-23-14-11-16-1\/\" data-orig-file=\"https:\/\/cloud.alqueria.es\/wp-content\/uploads\/sites\/5\/2023\/11\/PHOTO-2023-11-23-14-11-16-1.jpg\" data-orig-size=\"1024,768\" data-comments-opened=\"1\" data-image-meta=\"{&quot;aperture&quot;:&quot;0&quot;,&quot;credit&quot;:&quot;&quot;,&quot;camera&quot;:&quot;&quot;,&quot;caption&quot;:&quot;&quot;,&quot;created_timestamp&quot;:&quot;0&quot;,&quot;copyright&quot;:&quot;&quot;,&quot;focal_length&quot;:&quot;0&quot;,&quot;iso&quot;:&quot;0&quot;,&quot;shutter_speed&quot;:&quot;0&quot;,&quot;title&quot;:&quot;&quot;,&quot;orientation&quot;:&quot;0&quot;}\" data-image-title=\"PHOTO-2023-11-23-14-11-16 (1)\" data-image-description=\"\" data-image-caption=\"\" data-large-file=\"https:\/\/cloud.alqueria.es\/wp-content\/uploads\/sites\/5\/2023\/11\/PHOTO-2023-11-23-14-11-16-1.jpg\" \/><\/a>\n\t\t\t<\/div><\/figure><figure class='gallery-item'>\n\t\t\t<div class='gallery-icon landscape'>\n\t\t\t\t<a href='https:\/\/www.alqueria.es\/blogs\/colegioalqueriatercerciclo\/2023\/11\/24\/investigando-y-experimentando\/photo-2023-11-23-14-11-16-2\/'><img decoding=\"async\" width=\"150\" height=\"150\" src=\"https:\/\/cloud.alqueria.es\/wp-content\/uploads\/sites\/5\/2023\/11\/PHOTO-2023-11-23-14-11-16-2-150x150.jpg\" class=\"attachment-thumbnail size-thumbnail\" alt=\"\" data-attachment-id=\"14618\" data-permalink=\"https:\/\/www.alqueria.es\/blogs\/colegioalqueriatercerciclo\/2023\/11\/24\/investigando-y-experimentando\/photo-2023-11-23-14-11-16-2\/\" data-orig-file=\"https:\/\/cloud.alqueria.es\/wp-content\/uploads\/sites\/5\/2023\/11\/PHOTO-2023-11-23-14-11-16-2.jpg\" data-orig-size=\"1024,768\" data-comments-opened=\"1\" data-image-meta=\"{&quot;aperture&quot;:&quot;0&quot;,&quot;credit&quot;:&quot;&quot;,&quot;camera&quot;:&quot;&quot;,&quot;caption&quot;:&quot;&quot;,&quot;created_timestamp&quot;:&quot;0&quot;,&quot;copyright&quot;:&quot;&quot;,&quot;focal_length&quot;:&quot;0&quot;,&quot;iso&quot;:&quot;0&quot;,&quot;shutter_speed&quot;:&quot;0&quot;,&quot;title&quot;:&quot;&quot;,&quot;orientation&quot;:&quot;0&quot;}\" data-image-title=\"PHOTO-2023-11-23-14-11-16 (2)\" data-image-description=\"\" data-image-caption=\"\" data-large-file=\"https:\/\/cloud.alqueria.es\/wp-content\/uploads\/sites\/5\/2023\/11\/PHOTO-2023-11-23-14-11-16-2.jpg\" \/><\/a>\n\t\t\t<\/div><\/figure>\n\t\t<\/div>\n\n<p>Adem\u00e1s en una sesi\u00f3n anterior tambi\u00e9n observamos y utilizamos los conocimientos adquiridos mediante una experiencia real con seres vivos tanto vertebrados como invertebrados del mar.<\/p>\n<p>Recordamos todo lo investigado: grupos de invertebrados, caracter\u00edsticas comunes de los grupos, caracter\u00edsticas individuales de los invertebrados, aspectos comunes y diferenciados entre ellos. Esta sesi\u00f3n fue un tiempo extraordinario de aprendizaje cooperativo y vivencial.<\/p>\n<p class=\"jetpack-slideshow-noscript robots-nocontent\">El pase de diapositivas requiere JavaScript.<\/p><div id=\"gallery-14598-2-slideshow\" class=\"jetpack-slideshow-window jetpack-slideshow jetpack-slideshow-black\" data-trans=\"fade\" data-autostart=\"1\" data-gallery=\"[{&quot;src&quot;:&quot;https:\\\/\\\/cloud.alqueria.es\\\/wp-content\\\/uploads\\\/sites\\\/5\\\/2023\\\/11\\\/PHOTO-2023-11-23-14-11-16-11.jpg&quot;,&quot;id&quot;:&quot;14626&quot;,&quot;title&quot;:&quot;PHOTO-2023-11-23-14-11-16 (11)&quot;,&quot;alt&quot;:&quot;&quot;,&quot;caption&quot;:&quot;&quot;,&quot;itemprop&quot;:&quot;image&quot;},{&quot;src&quot;:&quot;https:\\\/\\\/cloud.alqueria.es\\\/wp-content\\\/uploads\\\/sites\\\/5\\\/2023\\\/11\\\/PHOTO-2023-11-23-14-11-16-10.jpg&quot;,&quot;id&quot;:&quot;14625&quot;,&quot;title&quot;:&quot;PHOTO-2023-11-23-14-11-16 (10)&quot;,&quot;alt&quot;:&quot;&quot;,&quot;caption&quot;:&quot;&quot;,&quot;itemprop&quot;:&quot;image&quot;},{&quot;src&quot;:&quot;https:\\\/\\\/cloud.alqueria.es\\\/wp-content\\\/uploads\\\/sites\\\/5\\\/2023\\\/11\\\/PHOTO-2023-11-23-14-15-03-3.jpg&quot;,&quot;id&quot;:&quot;14638&quot;,&quot;title&quot;:&quot;PHOTO-2023-11-23-14-15-03 (3)&quot;,&quot;alt&quot;:&quot;&quot;,&quot;caption&quot;:&quot;&quot;,&quot;itemprop&quot;:&quot;image&quot;},{&quot;src&quot;:&quot;https:\\\/\\\/cloud.alqueria.es\\\/wp-content\\\/uploads\\\/sites\\\/5\\\/2023\\\/11\\\/PHOTO-2023-11-23-14-15-03-1.jpg&quot;,&quot;id&quot;:&quot;14636&quot;,&quot;title&quot;:&quot;PHOTO-2023-11-23-14-15-03 (1)&quot;,&quot;alt&quot;:&quot;&quot;,&quot;caption&quot;:&quot;&quot;,&quot;itemprop&quot;:&quot;image&quot;},{&quot;src&quot;:&quot;https:\\\/\\\/cloud.alqueria.es\\\/wp-content\\\/uploads\\\/sites\\\/5\\\/2023\\\/11\\\/PHOTO-2023-11-23-14-15-03-4.jpg&quot;,&quot;id&quot;:&quot;14639&quot;,&quot;title&quot;:&quot;PHOTO-2023-11-23-14-15-03 (4)&quot;,&quot;alt&quot;:&quot;&quot;,&quot;caption&quot;:&quot;&quot;,&quot;itemprop&quot;:&quot;image&quot;},{&quot;src&quot;:&quot;https:\\\/\\\/cloud.alqueria.es\\\/wp-content\\\/uploads\\\/sites\\\/5\\\/2023\\\/11\\\/PHOTO-2023-11-23-14-15-03-5.jpg&quot;,&quot;id&quot;:&quot;14640&quot;,&quot;title&quot;:&quot;PHOTO-2023-11-23-14-15-03 (5)&quot;,&quot;alt&quot;:&quot;&quot;,&quot;caption&quot;:&quot;&quot;,&quot;itemprop&quot;:&quot;image&quot;},{&quot;src&quot;:&quot;https:\\\/\\\/cloud.alqueria.es\\\/wp-content\\\/uploads\\\/sites\\\/5\\\/2023\\\/11\\\/PHOTO-2023-11-23-14-15-03-6.jpg&quot;,&quot;id&quot;:&quot;14641&quot;,&quot;title&quot;:&quot;PHOTO-2023-11-23-14-15-03 (6)&quot;,&quot;alt&quot;:&quot;&quot;,&quot;caption&quot;:&quot;&quot;,&quot;itemprop&quot;:&quot;image&quot;},{&quot;src&quot;:&quot;https:\\\/\\\/cloud.alqueria.es\\\/wp-content\\\/uploads\\\/sites\\\/5\\\/2023\\\/11\\\/PHOTO-2023-11-23-14-15-03.jpg&quot;,&quot;id&quot;:&quot;14642&quot;,&quot;title&quot;:&quot;PHOTO-2023-11-23-14-15-03&quot;,&quot;alt&quot;:&quot;&quot;,&quot;caption&quot;:&quot;&quot;,&quot;itemprop&quot;:&quot;image&quot;}]\" itemscope itemtype=\"https:\/\/schema.org\/ImageGallery\"><\/div>\n<p>Al analizar con ellos el trabajo desarrollados, coincid\u00edan conmigo en que hay aspectos que todos y todas debemos seguir mejorando, como la planificaci\u00f3n, organizaci\u00f3n, atenci\u00f3n en el desarrollo y estructura de nuestro trabajo.\u00a0 Adem\u00e1s cada grupo ha ido poco a poco interiorizando la importancia de desarrollar el trabajo en grupo, las rutinas a tener en cuenta en este desarrollo:<\/p>\n<ul>\n<li><strong><span style=\"color: #339966\">Decidir sobre qu\u00e9 se quiere investigar tras la sesi\u00f3n de ideas previas.<\/span><\/strong><\/li>\n<li><strong><span style=\"color: #339966\">Leer distintas fuentes de informaci\u00f3n sobre el tema elegido. Adem\u00e1s investigar en casa tambi\u00e9n sobre el tema para poder aportar informaci\u00f3n al grupo.<\/span><\/strong><\/li>\n<li><strong><span style=\"color: #339966\">C\u00f3mo se va a organizar el documento de investigaci\u00f3n para poder transmitir una clara y ordenada informaci\u00f3n a los compa\u00f1eros durante la exposici\u00f3n.<\/span><\/strong><\/li>\n<li><strong><span style=\"color: #339966\">Acordar c\u00f3mo se va a transmitir la informaci\u00f3n. Qu\u00e9 herramientas pueden ayudar en esta misi\u00f3n.<\/span><\/strong><\/li>\n<li><strong><span style=\"color: #339966\">Tiempo de estudio y repaso.<\/span><\/strong><\/li>\n<li><strong><span style=\"color: #339966\">Capacidad de resolver las dudas de los compa\u00f1eros y compa\u00f1eras.<\/span><\/strong><\/li>\n<li><strong><span style=\"color: #339966\">Reflexi\u00f3n sobre el propio trabajo con capacidad de cr\u00edtica.<\/span><\/strong><\/li>\n<li><strong><span style=\"color: #339966\">Autoevaluaci\u00f3n del proceso de aprendizaje.<\/span><\/strong><\/li>\n<\/ul>\n<p>Por \u00faltimo y como colof\u00f3n a este trabajo, esta semana han dado comienzo las <strong><span style=\"color: #0000ff\">CONFERENCIAS<\/span><\/strong>. En esta ocasi\u00f3n y coincidiendo con el proyecto ha tenido lugar la conferencia sobre la C\u00e9lula desarrollada por M\u00e4elys.<\/p>\n<p><img decoding=\"async\" data-attachment-id=\"14614\" data-permalink=\"https:\/\/www.alqueria.es\/blogs\/colegioalqueriatercerciclo\/2023\/11\/24\/investigando-y-experimentando\/photo-2023-11-23-14-10-28-6\/\" data-orig-file=\"https:\/\/cloud.alqueria.es\/wp-content\/uploads\/sites\/5\/2023\/11\/PHOTO-2023-11-23-14-10-28-6.jpg\" data-orig-size=\"1024,768\" data-comments-opened=\"1\" data-image-meta=\"{&quot;aperture&quot;:&quot;0&quot;,&quot;credit&quot;:&quot;&quot;,&quot;camera&quot;:&quot;&quot;,&quot;caption&quot;:&quot;&quot;,&quot;created_timestamp&quot;:&quot;0&quot;,&quot;copyright&quot;:&quot;&quot;,&quot;focal_length&quot;:&quot;0&quot;,&quot;iso&quot;:&quot;0&quot;,&quot;shutter_speed&quot;:&quot;0&quot;,&quot;title&quot;:&quot;&quot;,&quot;orientation&quot;:&quot;0&quot;}\" data-image-title=\"PHOTO-2023-11-23-14-10-28 (6)\" data-image-description=\"\" data-image-caption=\"\" data-large-file=\"https:\/\/cloud.alqueria.es\/wp-content\/uploads\/sites\/5\/2023\/11\/PHOTO-2023-11-23-14-10-28-6.jpg\" class=\"alignnone wp-image-14614\" src=\"https:\/\/cloud.alqueria.es\/wp-content\/uploads\/sites\/5\/2023\/11\/PHOTO-2023-11-23-14-10-28-6.jpg\" alt=\"\" width=\"375\" height=\"282\" srcset=\"https:\/\/cloud.alqueria.es\/wp-content\/uploads\/sites\/5\/2023\/11\/PHOTO-2023-11-23-14-10-28-6.jpg 1024w, https:\/\/cloud.alqueria.es\/wp-content\/uploads\/sites\/5\/2023\/11\/PHOTO-2023-11-23-14-10-28-6-300x225.jpg 300w, https:\/\/cloud.alqueria.es\/wp-content\/uploads\/sites\/5\/2023\/11\/PHOTO-2023-11-23-14-10-28-6-768x576.jpg 768w\" sizes=\"(max-width: 375px) 100vw, 375px\" \/><\/p>\n<p>La conferencia nos ha aportado informaci\u00f3n sobre los tipos de c\u00e9lulas, tama\u00f1os, diferencias entre c\u00e9lulas, reproducci\u00f3n de las c\u00e9lulas. Adem\u00e1s M\u00e4elyes nos ha preparado un juego en el ordenador donde hemos podido identificar las partes de una c\u00e9lula.<\/p>\n<p><img decoding=\"async\" data-attachment-id=\"14615\" data-permalink=\"https:\/\/www.alqueria.es\/blogs\/colegioalqueriatercerciclo\/2023\/11\/24\/investigando-y-experimentando\/photo-2023-11-23-14-10-28-7\/\" data-orig-file=\"https:\/\/cloud.alqueria.es\/wp-content\/uploads\/sites\/5\/2023\/11\/PHOTO-2023-11-23-14-10-28-7-e1700809844107.jpg\" data-orig-size=\"1024,622\" data-comments-opened=\"1\" data-image-meta=\"{&quot;aperture&quot;:&quot;0&quot;,&quot;credit&quot;:&quot;&quot;,&quot;camera&quot;:&quot;&quot;,&quot;caption&quot;:&quot;&quot;,&quot;created_timestamp&quot;:&quot;0&quot;,&quot;copyright&quot;:&quot;&quot;,&quot;focal_length&quot;:&quot;0&quot;,&quot;iso&quot;:&quot;0&quot;,&quot;shutter_speed&quot;:&quot;0&quot;,&quot;title&quot;:&quot;&quot;,&quot;orientation&quot;:&quot;0&quot;}\" data-image-title=\"PHOTO-2023-11-23-14-10-28 (7)\" data-image-description=\"\" data-image-caption=\"\" data-large-file=\"https:\/\/cloud.alqueria.es\/wp-content\/uploads\/sites\/5\/2023\/11\/PHOTO-2023-11-23-14-10-28-7-e1700809844107.jpg\" class=\"aligncenter wp-image-14615 size-medium\" src=\"https:\/\/cloud.alqueria.es\/wp-content\/uploads\/sites\/5\/2023\/11\/PHOTO-2023-11-23-14-10-28-7-e1700809844107.jpg\" alt=\"\" width=\"300\" height=\"182\" srcset=\"https:\/\/cloud.alqueria.es\/wp-content\/uploads\/sites\/5\/2023\/11\/PHOTO-2023-11-23-14-10-28-7-e1700809844107.jpg 1024w, https:\/\/cloud.alqueria.es\/wp-content\/uploads\/sites\/5\/2023\/11\/PHOTO-2023-11-23-14-10-28-7-e1700809844107-300x182.jpg 300w, https:\/\/cloud.alqueria.es\/wp-content\/uploads\/sites\/5\/2023\/11\/PHOTO-2023-11-23-14-10-28-7-e1700809844107-768x467.jpg 768w\" sizes=\"(max-width: 300px) 100vw, 300px\" \/><\/p>\n<p>Por otra parte esta semana se ha continuado con la tarea de cuidar nuestro Huerto y Granja. Las tareas que se han realizado ha sido:<\/p>\n<ul>\n<li>Ver el crecimiento de nuestras habas. Replantar en algunos lugares donde no est\u00e1n creciendo las habas plantadas a principios de mes.<\/li>\n<li>Regar nuestra zona de huerto para que las plantas tengan el agua necesaria.<\/li>\n<li>Plantaci\u00f3n de los ajos.<\/li>\n<li>Os dejo una muestra de las tareas realizadas.<\/li>\n<\/ul>\n<p class=\"jetpack-slideshow-noscript robots-nocontent\">El pase de diapositivas requiere JavaScript.<\/p><div id=\"gallery-14598-3-slideshow\" class=\"jetpack-slideshow-window jetpack-slideshow jetpack-slideshow-black\" data-trans=\"fade\" data-autostart=\"1\" data-gallery=\"[{&quot;src&quot;:&quot;https:\\\/\\\/cloud.alqueria.es\\\/wp-content\\\/uploads\\\/sites\\\/5\\\/2023\\\/11\\\/PHOTO-2023-11-24-13-52-22.jpg&quot;,&quot;id&quot;:&quot;14658&quot;,&quot;title&quot;:&quot;PHOTO-2023-11-24-13-52-22&quot;,&quot;alt&quot;:&quot;&quot;,&quot;caption&quot;:&quot;&quot;,&quot;itemprop&quot;:&quot;image&quot;},{&quot;src&quot;:&quot;https:\\\/\\\/cloud.alqueria.es\\\/wp-content\\\/uploads\\\/sites\\\/5\\\/2023\\\/11\\\/PHOTO-2023-11-24-13-52-22-7.jpg&quot;,&quot;id&quot;:&quot;14656&quot;,&quot;title&quot;:&quot;PHOTO-2023-11-24-13-52-22 (7)&quot;,&quot;alt&quot;:&quot;&quot;,&quot;caption&quot;:&quot;&quot;,&quot;itemprop&quot;:&quot;image&quot;},{&quot;src&quot;:&quot;https:\\\/\\\/cloud.alqueria.es\\\/wp-content\\\/uploads\\\/sites\\\/5\\\/2023\\\/11\\\/PHOTO-2023-11-24-13-52-22-5.jpg&quot;,&quot;id&quot;:&quot;14654&quot;,&quot;title&quot;:&quot;PHOTO-2023-11-24-13-52-22 (5)&quot;,&quot;alt&quot;:&quot;&quot;,&quot;caption&quot;:&quot;&quot;,&quot;itemprop&quot;:&quot;image&quot;},{&quot;src&quot;:&quot;https:\\\/\\\/cloud.alqueria.es\\\/wp-content\\\/uploads\\\/sites\\\/5\\\/2023\\\/11\\\/PHOTO-2023-11-24-13-52-22-3.jpg&quot;,&quot;id&quot;:&quot;14653&quot;,&quot;title&quot;:&quot;PHOTO-2023-11-24-13-52-22 (3)&quot;,&quot;alt&quot;:&quot;&quot;,&quot;caption&quot;:&quot;&quot;,&quot;itemprop&quot;:&quot;image&quot;},{&quot;src&quot;:&quot;https:\\\/\\\/cloud.alqueria.es\\\/wp-content\\\/uploads\\\/sites\\\/5\\\/2023\\\/11\\\/PHOTO-2023-11-24-13-52-22-2.jpg&quot;,&quot;id&quot;:&quot;14652&quot;,&quot;title&quot;:&quot;PHOTO-2023-11-24-13-52-22 (2)&quot;,&quot;alt&quot;:&quot;&quot;,&quot;caption&quot;:&quot;&quot;,&quot;itemprop&quot;:&quot;image&quot;},{&quot;src&quot;:&quot;https:\\\/\\\/cloud.alqueria.es\\\/wp-content\\\/uploads\\\/sites\\\/5\\\/2023\\\/11\\\/PHOTO-2023-11-24-13-52-22-1.jpg&quot;,&quot;id&quot;:&quot;14651&quot;,&quot;title&quot;:&quot;PHOTO-2023-11-24-13-52-22 (1)&quot;,&quot;alt&quot;:&quot;&quot;,&quot;caption&quot;:&quot;&quot;,&quot;itemprop&quot;:&quot;image&quot;}]\" itemscope itemtype=\"https:\/\/schema.org\/ImageGallery\"><\/div>\n<p><span style=\"color: #ff0000\">D\u00cdA INTERNACIONAL DE LOS DERECHOS DEL NI\u00d1O Y LA NI\u00d1A<\/span><\/p>\n<p>El 20 de noviembre se celebra el D\u00eda Universal del Ni\u00f1o y se conmemoran los aniversarios de la adopci\u00f3n de la\u00a0Declaraci\u00f3n Universal de los Derechos del Ni\u00f1o y\u00a0la aprobaci\u00f3n de la Convenci\u00f3n de los Derechos del Ni\u00f1o.<\/p>\n<p>Esta Convenci\u00f3n, establece una serie de derechos para los ni\u00f1os y las ni\u00f1as, incluidos los relativos a la vida, la salud y la educaci\u00f3n, el derecho a jugar, a la vida familiar, a la protecci\u00f3n frente a la violencia y la discriminaci\u00f3n, y a que se escuchen sus opiniones.<\/p>\n<p>Todos los miembros de nuestra sociedad desempe\u00f1amos un papel clave en\u00a0el bienestar de la infancia.<\/p>\n<p>Previamente a la celebraci\u00f3n de este d\u00eda, se pidi\u00f3 al alumnado que escribiera en el cuaderno de Bit\u00e1cora\u00a0 lo que sab\u00eda sobre los derechos del ni\u00f1os y la ni\u00f1a, y tambi\u00e9n los deberes. As\u00ed el lunes comenzamos la clase con una asamblea donde cada persona fue exponiendo su trabajo y donde se reflexion\u00f3 sobre lo que se estaba hablando.<\/p>\n<p>Adem\u00e1s el tercer ciclo para conmemorar este d\u00eda, ha tenido la oportunidad de asistir a un teatro en el Centro C\u00edvico del Zaid\u00edn para ver una obra musical de teatro sobre los Derechos y deberes de los ni\u00f1os. Ha sido una actividad que ha cerrado de una manera muy vivencial esta celebraci\u00f3n.<\/p>\n<p class=\"jetpack-slideshow-noscript robots-nocontent\">El pase de diapositivas requiere JavaScript.<\/p><div id=\"gallery-14598-4-slideshow\" class=\"jetpack-slideshow-window jetpack-slideshow jetpack-slideshow-black\" data-trans=\"fade\" data-autostart=\"1\" data-gallery=\"[{&quot;src&quot;:&quot;https:\\\/\\\/cloud.alqueria.es\\\/wp-content\\\/uploads\\\/sites\\\/5\\\/2023\\\/11\\\/PHOTO-2023-11-23-14-10-28-3.jpg&quot;,&quot;id&quot;:&quot;14611&quot;,&quot;title&quot;:&quot;PHOTO-2023-11-23-14-10-28 (3)&quot;,&quot;alt&quot;:&quot;&quot;,&quot;caption&quot;:&quot;&quot;,&quot;itemprop&quot;:&quot;image&quot;},{&quot;src&quot;:&quot;https:\\\/\\\/cloud.alqueria.es\\\/wp-content\\\/uploads\\\/sites\\\/5\\\/2023\\\/11\\\/PHOTO-2023-11-23-14-10-28-2.jpg&quot;,&quot;id&quot;:&quot;14610&quot;,&quot;title&quot;:&quot;PHOTO-2023-11-23-14-10-28 (2)&quot;,&quot;alt&quot;:&quot;&quot;,&quot;caption&quot;:&quot;&quot;,&quot;itemprop&quot;:&quot;image&quot;},{&quot;src&quot;:&quot;https:\\\/\\\/cloud.alqueria.es\\\/wp-content\\\/uploads\\\/sites\\\/5\\\/2023\\\/11\\\/PHOTO-2023-11-23-14-10-28-1.jpg&quot;,&quot;id&quot;:&quot;14609&quot;,&quot;title&quot;:&quot;PHOTO-2023-11-23-14-10-28 (1)&quot;,&quot;alt&quot;:&quot;&quot;,&quot;caption&quot;:&quot;&quot;,&quot;itemprop&quot;:&quot;image&quot;},{&quot;src&quot;:&quot;https:\\\/\\\/cloud.alqueria.es\\\/wp-content\\\/uploads\\\/sites\\\/5\\\/2023\\\/11\\\/PHOTO-2023-11-23-14-10-28.jpg&quot;,&quot;id&quot;:&quot;14616&quot;,&quot;title&quot;:&quot;PHOTO-2023-11-23-14-10-28&quot;,&quot;alt&quot;:&quot;&quot;,&quot;caption&quot;:&quot;&quot;,&quot;itemprop&quot;:&quot;image&quot;}]\" itemscope itemtype=\"https:\/\/schema.org\/ImageGallery\"><\/div>\n<p><strong><span style=\"color: #ff00ff\">\u00c1REA DE \u00c9TICA<\/span><\/strong><\/p>\n<p>El viernes hemos iniciado una actividad de <strong><span style=\"color: #993366\">cine-forum<\/span><\/strong> mediante la proyecci\u00f3n de una de las pel\u00edculas del festival de cine de Sevilla: \u00abLA VENTANA CIN\u00c9FILA\u00bb. Ventana Cin\u00e9fila es una propuesta que se inici\u00f3 gracias a la sinergia entre el\u00a0<strong>Festival de de Sevilla<\/strong>\u00a0y\u00a0la\u00a0<strong>Semana Internacional de Cine de Valladolid (SEMINCI)<\/strong>\u00a0y a la\u00a0que este a\u00f1o se han unido el\u00a0<strong>Festival de M\u00e1laga<\/strong>\u00a0y el\u00a0<strong>Festival de Huelva<\/strong>\u00a0para reforzar a\u00fan m\u00e1s el proyecto y en la que se recoge una selecci\u00f3n de<strong>\u00a0 largometrajes<\/strong> y <strong>cortos<\/strong> del cine europeo y latinoamericano contempor\u00e1neo m\u00e1s relevante para alumnos desde los 3 a\u00f1os.<\/p>\n<p>La pel\u00edcula elegida ha sido \u00abM\u00eda y el le\u00f3n blanco\u00bb<\/p>\n<p><img decoding=\"async\" data-attachment-id=\"14602\" data-permalink=\"https:\/\/www.alqueria.es\/blogs\/colegioalqueriatercerciclo\/2023\/11\/24\/investigando-y-experimentando\/mia\/\" data-orig-file=\"https:\/\/cloud.alqueria.es\/wp-content\/uploads\/sites\/5\/2023\/11\/mia.jpg\" data-orig-size=\"851,564\" data-comments-opened=\"1\" data-image-meta=\"{&quot;aperture&quot;:&quot;0&quot;,&quot;credit&quot;:&quot;&quot;,&quot;camera&quot;:&quot;&quot;,&quot;caption&quot;:&quot;&quot;,&quot;created_timestamp&quot;:&quot;0&quot;,&quot;copyright&quot;:&quot;&quot;,&quot;focal_length&quot;:&quot;0&quot;,&quot;iso&quot;:&quot;0&quot;,&quot;shutter_speed&quot;:&quot;0&quot;,&quot;title&quot;:&quot;&quot;,&quot;orientation&quot;:&quot;0&quot;}\" data-image-title=\"mia\" data-image-description=\"\" data-image-caption=\"\" data-large-file=\"https:\/\/cloud.alqueria.es\/wp-content\/uploads\/sites\/5\/2023\/11\/mia.jpg\" class=\"alignnone size-full wp-image-14602\" src=\"https:\/\/cloud.alqueria.es\/wp-content\/uploads\/sites\/5\/2023\/11\/mia.jpg\" alt=\"\" width=\"851\" height=\"564\" srcset=\"https:\/\/cloud.alqueria.es\/wp-content\/uploads\/sites\/5\/2023\/11\/mia.jpg 851w, https:\/\/cloud.alqueria.es\/wp-content\/uploads\/sites\/5\/2023\/11\/mia-300x199.jpg 300w, https:\/\/cloud.alqueria.es\/wp-content\/uploads\/sites\/5\/2023\/11\/mia-768x509.jpg 768w\" sizes=\"(max-width: 851px) 100vw, 851px\" \/><\/p>\n<p><span style=\"color: #993366\"><strong>La pel\u00edcula se inspira en una historia real. Todo empez\u00f3 cuando<\/strong><\/span><br \/>\n<span style=\"color: #993366\"><strong>el director Gilles de Maistre estaba filmando una serie de televisi\u00f3n<\/strong><\/span><br \/>\n<span style=\"color: #993366\"><strong>infantil francesa que retrataba la vida de ni\u00f1os de todo el mundo<\/strong><\/span><br \/>\n<span style=\"color: #993366\"><strong>que hab\u00edan sido educados al lado de animales salvajes. En su estada<\/strong><\/span><br \/>\n<span style=\"color: #993366\"><strong>en \u00c1frica del Sur se cruz\u00f3 con la historia de un ni\u00f1o que viv\u00eda junto<\/strong><\/span><br \/>\n<span style=\"color: #993366\"><strong>a la granja de leones gestionada por sus padres. El chico era un gran<\/strong><\/span><br \/>\n<span style=\"color: #993366\"><strong>amante de los felinos y establec\u00eda v\u00ednculos muy especiales con ellos,<\/strong><\/span><br \/>\n<span style=\"color: #993366\"><strong>justo como nos retrata la historia de Mia. Sin embargo, viv\u00eda enga\u00f1ado pensando que sus padres cuidaban a los leones para protegerlos cuando, en realidad, la mayor\u00eda de ellos<\/strong><\/span><br \/>\n<span style=\"color: #993366\"><strong>acababan siendo trofeos de cazas enlatadas. A Gilles le impact\u00f3 tanto la idea de pensar c\u00f3mo ser\u00eda el momento en que el ni\u00f1o descubriera la verdad, que decidi\u00f3 rendirle homenaje con este filme.<\/strong><\/span><br \/>\n<span style=\"color: #993366\"><strong>Lo que hace m\u00e1s especial la pel\u00edcula es que, la estrecha relaci\u00f3n que<\/strong><\/span><br \/>\n<span style=\"color: #993366\"><strong>percibimos entre Mia y Charlie es ver\u00eddica. Esto significa que la<\/strong><\/span><br \/>\n<span style=\"color: #993366\"><strong>relaci\u00f3n entre el le\u00f3n y la actriz Daniah de Villiers tuvo que<\/strong><\/span><br \/>\n<span style=\"color: #993366\"><strong>crearse. Para conseguirlo contaron con la imprescindible ayuda del<\/strong><\/span><br \/>\n<span style=\"color: #993366\"><strong>naturalista sudafricano, conocido como \u201cel susurrador de leones\u201d,<\/strong><\/span><br \/>\n<span style=\"color: #993366\"><strong>Kevin Richardson. Cuando Gilles le propuso el proyecto a Kevin, lo<\/strong><\/span><br \/>\n<span style=\"color: #993366\"><strong>primero que le dijo es que no iba a ser tarea f\u00e1cil, ya que deber\u00edan<\/strong><\/span><br \/>\n<span style=\"color: #993366\"><strong>rodar la pel\u00edcula durante tres a\u00f1os, proporcionando el tiempo<\/strong><\/span><br \/>\n<span style=\"color: #993366\"><strong>suficiente a Daniah y al le\u00f3n para conocerse.<\/strong><\/span><\/p>\n<p><img decoding=\"async\" data-attachment-id=\"14613\" data-permalink=\"https:\/\/www.alqueria.es\/blogs\/colegioalqueriatercerciclo\/2023\/11\/24\/investigando-y-experimentando\/photo-2023-11-23-14-10-28-5\/\" data-orig-file=\"https:\/\/cloud.alqueria.es\/wp-content\/uploads\/sites\/5\/2023\/11\/PHOTO-2023-11-23-14-10-28-5.jpg\" data-orig-size=\"1024,768\" data-comments-opened=\"1\" data-image-meta=\"{&quot;aperture&quot;:&quot;0&quot;,&quot;credit&quot;:&quot;&quot;,&quot;camera&quot;:&quot;&quot;,&quot;caption&quot;:&quot;&quot;,&quot;created_timestamp&quot;:&quot;0&quot;,&quot;copyright&quot;:&quot;&quot;,&quot;focal_length&quot;:&quot;0&quot;,&quot;iso&quot;:&quot;0&quot;,&quot;shutter_speed&quot;:&quot;0&quot;,&quot;title&quot;:&quot;&quot;,&quot;orientation&quot;:&quot;0&quot;}\" data-image-title=\"PHOTO-2023-11-23-14-10-28 (5)\" data-image-description=\"\" data-image-caption=\"\" data-large-file=\"https:\/\/cloud.alqueria.es\/wp-content\/uploads\/sites\/5\/2023\/11\/PHOTO-2023-11-23-14-10-28-5.jpg\" class=\"alignnone wp-image-14613\" src=\"https:\/\/cloud.alqueria.es\/wp-content\/uploads\/sites\/5\/2023\/11\/PHOTO-2023-11-23-14-10-28-5.jpg\" alt=\"\" width=\"354\" height=\"265\" srcset=\"https:\/\/cloud.alqueria.es\/wp-content\/uploads\/sites\/5\/2023\/11\/PHOTO-2023-11-23-14-10-28-5.jpg 1024w, https:\/\/cloud.alqueria.es\/wp-content\/uploads\/sites\/5\/2023\/11\/PHOTO-2023-11-23-14-10-28-5-300x225.jpg 300w, https:\/\/cloud.alqueria.es\/wp-content\/uploads\/sites\/5\/2023\/11\/PHOTO-2023-11-23-14-10-28-5-768x576.jpg 768w\" sizes=\"(max-width: 354px) 100vw, 354px\" \/><\/p>\n<p><img decoding=\"async\" data-attachment-id=\"14612\" data-permalink=\"https:\/\/www.alqueria.es\/blogs\/colegioalqueriatercerciclo\/2023\/11\/24\/investigando-y-experimentando\/photo-2023-11-23-14-10-28-4\/\" data-orig-file=\"https:\/\/cloud.alqueria.es\/wp-content\/uploads\/sites\/5\/2023\/11\/PHOTO-2023-11-23-14-10-28-4.jpg\" data-orig-size=\"1024,768\" data-comments-opened=\"1\" data-image-meta=\"{&quot;aperture&quot;:&quot;0&quot;,&quot;credit&quot;:&quot;&quot;,&quot;camera&quot;:&quot;&quot;,&quot;caption&quot;:&quot;&quot;,&quot;created_timestamp&quot;:&quot;0&quot;,&quot;copyright&quot;:&quot;&quot;,&quot;focal_length&quot;:&quot;0&quot;,&quot;iso&quot;:&quot;0&quot;,&quot;shutter_speed&quot;:&quot;0&quot;,&quot;title&quot;:&quot;&quot;,&quot;orientation&quot;:&quot;0&quot;}\" data-image-title=\"PHOTO-2023-11-23-14-10-28 (4)\" data-image-description=\"\" data-image-caption=\"\" data-large-file=\"https:\/\/cloud.alqueria.es\/wp-content\/uploads\/sites\/5\/2023\/11\/PHOTO-2023-11-23-14-10-28-4.jpg\" class=\"alignnone wp-image-14612\" src=\"https:\/\/cloud.alqueria.es\/wp-content\/uploads\/sites\/5\/2023\/11\/PHOTO-2023-11-23-14-10-28-4.jpg\" alt=\"\" width=\"349\" height=\"262\" srcset=\"https:\/\/cloud.alqueria.es\/wp-content\/uploads\/sites\/5\/2023\/11\/PHOTO-2023-11-23-14-10-28-4.jpg 1024w, https:\/\/cloud.alqueria.es\/wp-content\/uploads\/sites\/5\/2023\/11\/PHOTO-2023-11-23-14-10-28-4-300x225.jpg 300w, https:\/\/cloud.alqueria.es\/wp-content\/uploads\/sites\/5\/2023\/11\/PHOTO-2023-11-23-14-10-28-4-768x576.jpg 768w\" sizes=\"(max-width: 349px) 100vw, 349px\" \/><\/p>\n<p>Una vez vista hemos realizado un debate sobre aquellos aspectos que nos han llamada la atenci\u00f3n, sobre \u00a0roles encarnando la personalidad y punto de vista de los personajes principales de<br \/>\nla pel\u00edcula: Mia, el padre de Mia llamado John, la madre de Mia<br \/>\nllamada Alice, el hermano de Mia llamado Mick, y Dirk el vendedor de leones. actitudes de los personajes, desarrollo de la historia,\u00a0 Para ello previamente al debate hemos hecho una ficha sobre los personajes.<\/p>\n<p><span style=\"color: #808000\"><strong>TERTULIA LITERARIA<\/strong><\/span><\/p>\n<p>Hoy ha tenido lugar la Tertulia literaria del libro: \u00abKonrad o el ni\u00f1o que sali\u00f3 de una lata de conservas\u00bb.\u00a0 El libro cuenta la historia de la Se\u00f1ora Bartolotti, que se ha quedado solo en casa y que compra mucho. Un d\u00eda\u00a0 recibe por correo un ni\u00f1o de siete a\u00f1os. Obligada por las circunstancias, deber\u00e1 cuidar de \u00e9l y educarlo. Y lo har\u00e1; pero eso s\u00ed, de forma original y divertida.<\/p>\n<p><img decoding=\"async\" data-attachment-id=\"14657\" data-permalink=\"https:\/\/www.alqueria.es\/blogs\/colegioalqueriatercerciclo\/2023\/11\/24\/investigando-y-experimentando\/photo-2023-11-24-13-52-22-9\/\" data-orig-file=\"https:\/\/cloud.alqueria.es\/wp-content\/uploads\/sites\/5\/2023\/11\/PHOTO-2023-11-24-13-52-22-9.jpg\" data-orig-size=\"1024,768\" data-comments-opened=\"1\" data-image-meta=\"{&quot;aperture&quot;:&quot;0&quot;,&quot;credit&quot;:&quot;&quot;,&quot;camera&quot;:&quot;&quot;,&quot;caption&quot;:&quot;&quot;,&quot;created_timestamp&quot;:&quot;0&quot;,&quot;copyright&quot;:&quot;&quot;,&quot;focal_length&quot;:&quot;0&quot;,&quot;iso&quot;:&quot;0&quot;,&quot;shutter_speed&quot;:&quot;0&quot;,&quot;title&quot;:&quot;&quot;,&quot;orientation&quot;:&quot;0&quot;}\" data-image-title=\"PHOTO-2023-11-24-13-52-22 (9)\" data-image-description=\"\" data-image-caption=\"\" data-large-file=\"https:\/\/cloud.alqueria.es\/wp-content\/uploads\/sites\/5\/2023\/11\/PHOTO-2023-11-24-13-52-22-9.jpg\" class=\"aligncenter wp-image-14657 size-medium\" src=\"https:\/\/cloud.alqueria.es\/wp-content\/uploads\/sites\/5\/2023\/11\/PHOTO-2023-11-24-13-52-22-9-300x225.jpg\" alt=\"\" width=\"300\" height=\"225\" srcset=\"https:\/\/cloud.alqueria.es\/wp-content\/uploads\/sites\/5\/2023\/11\/PHOTO-2023-11-24-13-52-22-9-300x225.jpg 300w, https:\/\/cloud.alqueria.es\/wp-content\/uploads\/sites\/5\/2023\/11\/PHOTO-2023-11-24-13-52-22-9-768x576.jpg 768w, https:\/\/cloud.alqueria.es\/wp-content\/uploads\/sites\/5\/2023\/11\/PHOTO-2023-11-24-13-52-22-9.jpg 1024w\" sizes=\"(max-width: 300px) 100vw, 300px\" \/> <img decoding=\"async\" data-attachment-id=\"14659\" data-permalink=\"https:\/\/www.alqueria.es\/blogs\/colegioalqueriatercerciclo\/2023\/11\/24\/investigando-y-experimentando\/photo-2023-11-24-13-52-22-10\/\" data-orig-file=\"https:\/\/cloud.alqueria.es\/wp-content\/uploads\/sites\/5\/2023\/11\/PHOTO-2023-11-24-13-52-22-10.jpg\" data-orig-size=\"1024,768\" data-comments-opened=\"1\" data-image-meta=\"{&quot;aperture&quot;:&quot;0&quot;,&quot;credit&quot;:&quot;&quot;,&quot;camera&quot;:&quot;&quot;,&quot;caption&quot;:&quot;&quot;,&quot;created_timestamp&quot;:&quot;0&quot;,&quot;copyright&quot;:&quot;&quot;,&quot;focal_length&quot;:&quot;0&quot;,&quot;iso&quot;:&quot;0&quot;,&quot;shutter_speed&quot;:&quot;0&quot;,&quot;title&quot;:&quot;&quot;,&quot;orientation&quot;:&quot;0&quot;}\" data-image-title=\"PHOTO-2023-11-24-13-52-22 (10)\" data-image-description=\"\" data-image-caption=\"\" data-large-file=\"https:\/\/cloud.alqueria.es\/wp-content\/uploads\/sites\/5\/2023\/11\/PHOTO-2023-11-24-13-52-22-10.jpg\" class=\"alignleft wp-image-14659 size-medium\" src=\"https:\/\/cloud.alqueria.es\/wp-content\/uploads\/sites\/5\/2023\/11\/PHOTO-2023-11-24-13-52-22-10-300x225.jpg\" alt=\"\" width=\"300\" height=\"225\" srcset=\"https:\/\/cloud.alqueria.es\/wp-content\/uploads\/sites\/5\/2023\/11\/PHOTO-2023-11-24-13-52-22-10-300x225.jpg 300w, https:\/\/cloud.alqueria.es\/wp-content\/uploads\/sites\/5\/2023\/11\/PHOTO-2023-11-24-13-52-22-10-768x576.jpg 768w, https:\/\/cloud.alqueria.es\/wp-content\/uploads\/sites\/5\/2023\/11\/PHOTO-2023-11-24-13-52-22-10.jpg 1024w\" sizes=\"(max-width: 300px) 100vw, 300px\" \/><\/p>\n<p>Konrad es un ni\u00f1o de siete a\u00f1os fabricado para ser perfecto, es decir: educado, formal, nada respond\u00f3n, buen compa\u00f1ero, enemigo de las palabras soeces y de los insultos, comedor de alimentos sanos, respetuoso con sus mayores&#8230; que llega por error, en una lata, a la casa de la se\u00f1ora Berta Bartolotti una artista hippy m\u00e1s bien desordenada, estrafalaria y poco convencional. Este choque de caracteres, m\u00e1s que desacuerdos, trae mucho cari\u00f1o y tolerancia y cuando reclamen la mercanc\u00eda, por haberla enviado a un lugar equivocado, su madre adoptiva se las ingeniar\u00e1 para no perder a su perfecto hijito.<\/p>\n<p>En el debate desarrollado en el aula, a partir de los distintos p\u00e1rrafos elegidos se ha hablado de muchos temas como:<\/p>\n<ul>\n<li><span style=\"color: #0000ff\"><strong>Importancia que damos a lo perfecto, sociedad perfecta.<\/strong><\/span><\/li>\n<li><span style=\"color: #0000ff\"><strong>Qu\u00e9 cosas imperfectas me gustan.<\/strong><\/span><\/li>\n<li><span style=\"color: #0000ff\"><strong>Las diferencias de caracteres entre las personas.<\/strong><\/span><\/li>\n<li><span style=\"color: #0000ff\"><strong>Formas de describir a los personajes, personalidades.<\/strong><\/span><\/li>\n<li><span style=\"color: #0000ff\"><strong>Valores que transmite la historia.<\/strong><\/span><\/li>\n<li><span style=\"color: #0000ff\"><strong>La necesidad de tener opiniones distintas.<\/strong><\/span><\/li>\n<li><span style=\"color: #0000ff\"><strong>No todos somos iguales, preferencias y gustos.<\/strong><\/span><\/li>\n<li><span style=\"color: #0000ff\"><strong>La adopci\u00f3n.<\/strong><\/span><\/li>\n<li><strong><span style=\"color: #0000ff\">Cambios que se producen en nosotros a medida que tenemos experiencias y maduramos.<\/span><\/strong><\/li>\n<li><strong><span style=\"color: #0000ff\">\u00bfQu\u00e9 pasar\u00eda si naci\u00e9ramos de forma distinta?<\/span><\/strong><\/li>\n<\/ul>\n<p><span style=\"color: #ff9900\"><strong>EDUCACI\u00d3N F\u00cdSICA<\/strong><\/span><\/p>\n<p>A lo largo de estas primeras semanas del curso hemos podido observar como los alumnos y alumnas de este ciclo han empezado con gran entusiasmo las clases de Educaci\u00f3n F\u00edsica.<\/p>\n<p>En quinto hemos continuado incidiendo en el trabajo de las funciones ejecutivas<strong><span style=\"color: #ff9900\"> ( Planificaci\u00f3n, organizaci\u00f3n, inhibici\u00f3n de respuestas impulsivas, control emocional, resoluci\u00f3n de problemas y atenci\u00f3n y concentraci\u00f3n)<\/span><\/strong>, siempre a trav\u00e9s de juegos, actividades deportivas y l\u00fadicas.<\/p>\n<p>Durante las primeras sesiones hemos trabajado numerosas habilidades motrices gen\u00e9ricas como son: <strong><span style=\"color: #ff9900\">Golpeos, conducci\u00f3n, pase, interceptaci\u00f3n, bote y fintas (regates),<\/span> <\/strong>las cuales las seguiremos incidiendo a lo largo del curso.<\/p>\n<p>Gracias a las dos sesiones semanales de iniciaci\u00f3n a deportes colectivos, se ha facilitado la consecuci\u00f3n del objetivo en relaci\u00f3n al desarrollo de habilidades motrices anteriormente citadas.<\/p>\n<p>A trav\u00e9s de las sesiones deportivas se pretende conseguir una uni\u00f3n y cohesi\u00f3n grupal,\u00a0 tanto a nivel afectivo, de valores, cooperaci\u00f3n\u2026<\/p>\n<p>En resumen podemos decir que en las clases se observa un buen ambiente de trabajo y con un excelente aprovechamiento del tiempo empleado.<\/p>\n<p>A continuaci\u00f3n os dejo algunas fotos realizadas en las sesiones de Educaci\u00f3n f\u00edsica a lo largo de lo que llevamos de curso.<\/p>\n<p class=\"jetpack-slideshow-noscript robots-nocontent\">El pase de diapositivas requiere JavaScript.<\/p><div id=\"gallery-14598-5-slideshow\" class=\"jetpack-slideshow-window jetpack-slideshow jetpack-slideshow-black\" data-trans=\"fade\" data-autostart=\"1\" data-gallery=\"[{&quot;src&quot;:&quot;https:\\\/\\\/cloud.alqueria.es\\\/wp-content\\\/uploads\\\/sites\\\/5\\\/2023\\\/11\\\/5oepo-3-1024x771.jpg&quot;,&quot;id&quot;:&quot;14646&quot;,&quot;title&quot;:&quot;5\\u00baepo (3)&quot;,&quot;alt&quot;:&quot;&quot;,&quot;caption&quot;:&quot;&quot;,&quot;itemprop&quot;:&quot;image&quot;},{&quot;src&quot;:&quot;https:\\\/\\\/cloud.alqueria.es\\\/wp-content\\\/uploads\\\/sites\\\/5\\\/2023\\\/11\\\/5oepo-4-1024x771.jpg&quot;,&quot;id&quot;:&quot;14647&quot;,&quot;title&quot;:&quot;5\\u00baepo (4)&quot;,&quot;alt&quot;:&quot;&quot;,&quot;caption&quot;:&quot;&quot;,&quot;itemprop&quot;:&quot;image&quot;},{&quot;src&quot;:&quot;https:\\\/\\\/cloud.alqueria.es\\\/wp-content\\\/uploads\\\/sites\\\/5\\\/2023\\\/11\\\/5oepo-2-1024x771.jpg&quot;,&quot;id&quot;:&quot;14648&quot;,&quot;title&quot;:&quot;5\\u00baepo (2)&quot;,&quot;alt&quot;:&quot;&quot;,&quot;caption&quot;:&quot;&quot;,&quot;itemprop&quot;:&quot;image&quot;},{&quot;src&quot;:&quot;https:\\\/\\\/cloud.alqueria.es\\\/wp-content\\\/uploads\\\/sites\\\/5\\\/2023\\\/11\\\/5oepo-1-1024x771.jpg&quot;,&quot;id&quot;:&quot;14649&quot;,&quot;title&quot;:&quot;5\\u00baepo (1)&quot;,&quot;alt&quot;:&quot;&quot;,&quot;caption&quot;:&quot;&quot;,&quot;itemprop&quot;:&quot;image&quot;}]\" itemscope itemtype=\"https:\/\/schema.org\/ImageGallery\"><\/div>\n<p>Buen fin de semana<\/p>\n<p>Isabel Rosales<\/p>\n","protected":false},"excerpt":{"rendered":"<p>Estimadas familias, esta semana se ha\u00a0 terminado el proyecto de trabajo sobre los seres vivos con la elaboraci\u00f3n de distintas presentaciones y experimentaciones\u00a0 sobre el tema. En el inicio de este curso, las propuesta de trabajo tratan de ir\u00a0 dando peque\u00f1os pasos y avanzar para llegar al final de curso con una grado alto de &hellip; <a href=\"https:\/\/www.alqueria.es\/blogs\/colegioalqueriatercerciclo\/2023\/11\/24\/investigando-y-experimentando\/\" class=\"more-link\">Seguir leyendo <span class=\"screen-reader-text\">Investigando y experimentando<\/span> <span class=\"meta-nav\">&rarr;<\/span><\/a><\/p>\n","protected":false},"author":9,"featured_media":0,"comment_status":"open","ping_status":"open","sticky":false,"template":"","format":"standard","meta":{"jetpack_post_was_ever_published":false,"_jetpack_newsletter_access":"","_jetpack_dont_email_post_to_subs":false,"_jetpack_newsletter_tier_id":0,"_jetpack_memberships_contains_paywalled_content":false,"_jetpack_memberships_contains_paid_content":false,"footnotes":"","jetpack_publicize_message":"","jetpack_publicize_feature_enabled":true,"jetpack_social_post_already_shared":true,"jetpack_social_options":{"image_generator_settings":{"template":"highway","default_image_id":0,"font":"","enabled":false},"version":2}},"categories":[2,353,354,14],"tags":[32,526,325,95],"class_list":["post-14598","post","type-post","status-publish","format-standard","hentry","category-5o-epo","category-conferencias-tercer-ciclo","category-proyectos-de-trabajo","category-semanario-5o","tag-conferencias","tag-dia-de-los-derechos-del-nino-y-la-nina","tag-informacion-a-familias","tag-tertulia-literaria"],"jetpack_publicize_connections":[],"jetpack_featured_media_url":"","jetpack_sharing_enabled":true,"jetpack_shortlink":"https:\/\/wp.me\/p4l4AW-3Ns","jetpack-related-posts":[],"_links":{"self":[{"href":"https:\/\/www.alqueria.es\/blogs\/colegioalqueriatercerciclo\/wp-json\/wp\/v2\/posts\/14598","targetHints":{"allow":["GET"]}}],"collection":[{"href":"https:\/\/www.alqueria.es\/blogs\/colegioalqueriatercerciclo\/wp-json\/wp\/v2\/posts"}],"about":[{"href":"https:\/\/www.alqueria.es\/blogs\/colegioalqueriatercerciclo\/wp-json\/wp\/v2\/types\/post"}],"author":[{"embeddable":true,"href":"https:\/\/www.alqueria.es\/blogs\/colegioalqueriatercerciclo\/wp-json\/wp\/v2\/users\/9"}],"replies":[{"embeddable":true,"href":"https:\/\/www.alqueria.es\/blogs\/colegioalqueriatercerciclo\/wp-json\/wp\/v2\/comments?post=14598"}],"version-history":[{"count":5,"href":"https:\/\/www.alqueria.es\/blogs\/colegioalqueriatercerciclo\/wp-json\/wp\/v2\/posts\/14598\/revisions"}],"predecessor-version":[{"id":14660,"href":"https:\/\/www.alqueria.es\/blogs\/colegioalqueriatercerciclo\/wp-json\/wp\/v2\/posts\/14598\/revisions\/14660"}],"wp:attachment":[{"href":"https:\/\/www.alqueria.es\/blogs\/colegioalqueriatercerciclo\/wp-json\/wp\/v2\/media?parent=14598"}],"wp:term":[{"taxonomy":"category","embeddable":true,"href":"https:\/\/www.alqueria.es\/blogs\/colegioalqueriatercerciclo\/wp-json\/wp\/v2\/categories?post=14598"},{"taxonomy":"post_tag","embeddable":true,"href":"https:\/\/www.alqueria.es\/blogs\/colegioalqueriatercerciclo\/wp-json\/wp\/v2\/tags?post=14598"}],"curies":[{"name":"wp","href":"https:\/\/api.w.org\/{rel}","templated":true}]}}