{"id":14728,"date":"2023-12-05T22:00:19","date_gmt":"2023-12-05T21:00:19","guid":{"rendered":"https:\/\/www.alqueria.es\/blogs\/colegioalqueriatercerciclo\/?p=14728"},"modified":"2023-12-05T22:00:19","modified_gmt":"2023-12-05T21:00:19","slug":"celebracion-de-dias-de-significacion-especial","status":"publish","type":"post","link":"https:\/\/www.alqueria.es\/blogs\/colegioalqueriatercerciclo\/2023\/12\/05\/celebracion-de-dias-de-significacion-especial\/","title":{"rendered":"Celebraci\u00f3n de d\u00edas de significaci\u00f3n especial"},"content":{"rendered":"<p>Estimadas familias, en esta semana tan corta hemos podido trabajar sobre dos d\u00edas de significaci\u00f3n especial.<\/p>\n<p>En Alquer\u00eda Educaci\u00f3n los d\u00edas de significaci\u00f3n especial se celebran buscando su conexi\u00f3n con nuestro proyecto educativo, se preparan actividades que nos ayuden a vivenciar y a conocer de una forma m\u00e1s profunda las distintas tem\u00e1ticas a desarrollar. En esta ocasi\u00f3n coinciden en el tiempo dos d\u00edas importantes: El D\u00eda Internacional de la discapacidad y el D\u00eda de la Constituci\u00f3n Espa\u00f1ola.<\/p>\n<p>El d\u00eda 3 de diciembre es el<strong><span style=\"color: #ff00ff\"> D\u00eda Internacional de la Discapacidad<\/span><\/strong> con el objetivo de promover los derechos y el bienestar de las personas con discapacidad en todos los \u00e1mbitos de la sociedad, as\u00ed como concienciar sobre su situaci\u00f3n en todos los aspectos de la vida.<\/p>\n<p><img decoding=\"async\" data-attachment-id=\"12735\" data-permalink=\"https:\/\/www.alqueria.es\/blogs\/colegioalqueriatercerciclo\/2022\/12\/02\/exposicion-en-linea\/12-03_dia-internacional-de-las-personas-con-discapacidad\/\" data-orig-file=\"https:\/\/cloud.alqueria.es\/wp-content\/uploads\/sites\/5\/2022\/12\/12-03_dia-internacional-de-las-personas-con-discapacidad.jpg\" data-orig-size=\"305,203\" data-comments-opened=\"1\" data-image-meta=\"{&quot;aperture&quot;:&quot;0&quot;,&quot;credit&quot;:&quot;&quot;,&quot;camera&quot;:&quot;&quot;,&quot;caption&quot;:&quot;&quot;,&quot;created_timestamp&quot;:&quot;0&quot;,&quot;copyright&quot;:&quot;&quot;,&quot;focal_length&quot;:&quot;0&quot;,&quot;iso&quot;:&quot;0&quot;,&quot;shutter_speed&quot;:&quot;0&quot;,&quot;title&quot;:&quot;&quot;,&quot;orientation&quot;:&quot;0&quot;}\" data-image-title=\"12-03_dia-internacional-de-las-personas-con-discapacidad\" data-image-description=\"\" data-image-caption=\"\" data-large-file=\"https:\/\/cloud.alqueria.es\/wp-content\/uploads\/sites\/5\/2022\/12\/12-03_dia-internacional-de-las-personas-con-discapacidad.jpg\" class=\"alignnone size-medium wp-image-12735\" src=\"https:\/\/cloud.alqueria.es\/wp-content\/uploads\/sites\/5\/2022\/12\/12-03_dia-internacional-de-las-personas-con-discapacidad-300x200.jpg\" alt=\"\" width=\"300\" height=\"200\" srcset=\"https:\/\/cloud.alqueria.es\/wp-content\/uploads\/sites\/5\/2022\/12\/12-03_dia-internacional-de-las-personas-con-discapacidad-300x200.jpg 300w, https:\/\/cloud.alqueria.es\/wp-content\/uploads\/sites\/5\/2022\/12\/12-03_dia-internacional-de-las-personas-con-discapacidad.jpg 305w\" sizes=\"(max-width: 300px) 100vw, 300px\" \/><\/p>\n<p>Alquer\u00eda Educaci\u00f3n es un Proyecto Educativo donde la inclusi\u00f3n est\u00e1 representada en las aulas y la diversidad es un factor importante para el desarrollo de todas las personas que forman el proyecto. As\u00ed, para seguir concienciando sobre la situaci\u00f3n y condici\u00f3n de las personas con discapacidad se ha propuesto hacer una asamblea con diferentes preguntas de motivaci\u00f3n sobre conceptos que en nuestra escuela son habituales y que vivimos d\u00eda a d\u00eda. Hemos hablado sobre lo que significa la discapacidad, la diversidad, la inclusi\u00f3n, el respeto a las diferencias, la capacidad de superaci\u00f3n, el esfuerzo, la ayuda, el aprender los unos de los otros independientemente de las capacidades y habilidades. Tambi\u00e9n sobre los derechos que tienen estas personas a lo largo de la vida para conseguir una inclusi\u00f3n real en la sociedad en la que viven. De esta manera reforzamos el trabajo que venimos haciendo sobre empat\u00eda, solidaridad, respeto, tolerancia, cooperaci\u00f3n.<\/p>\n<p>Posteriormente a esta Asamblea hemos visto dos cortos que nos muestran el que todos somos \u00fanicos y diferentes, que podemos superarnos, que necesitamos de la ayuda de los dem\u00e1s, de su comprensi\u00f3n, solidaridad. Uno de los cortos se llama Louis y trata de un ni\u00f1o de 10 a\u00f1os \u00a0que se qued\u00f3 sordo siendo peque\u00f1o. Le gusta jugar con sus mascotas favoritas: los caracoles; sin embargo, no le gusta nada la escuela.\u00a0 Poco a poco mediante la ayuda de sus compa\u00f1eros y compa\u00f1eras empieza a gustarle el colegio.<\/p>\n<p><span class=\"embed-youtube\" style=\"text-align:center; display: block;\"><div class=\"a25-CTUOC-hidding-box\" data-original-content=\"&lt;iframe loading=&quot;lazy&quot; class=&quot;youtube-player&quot; width=&quot;474&quot; height=&quot;267&quot; src=&quot;https:\/\/www.youtube.com\/embed\/sFLAWO8_ivA?version=3&amp;#038;rel=1&amp;#038;showsearch=0&amp;#038;showinfo=1&amp;#038;iv_load_policy=1&amp;#038;fs=1&amp;#038;hl=es-ES&amp;#038;autohide=2&amp;#038;start=289&amp;#038;wmode=transparent&quot; allowfullscreen=&quot;true&quot; style=&quot;border:0;&quot; sandbox=&quot;allow-scripts allow-same-origin allow-popups allow-presentation allow-popups-to-escape-sandbox&quot;&gt;&lt;\/iframe&gt;\">Esta p\u00e1gina incluye contenido multimedia que requiere aceptar todas las cookies. Pulse aqu\u00ed para abrir la configuraci\u00f3n de cookies.<\/div><\/span><\/p>\n<p>El segundo corto se titulaba \u00abLos colores de las flores\u00bb. Trata de Diego, un ni\u00f1o ciego de nacimiento que se enfrenta al desaf\u00edo de explicar algo que nunca ha visto: c\u00f3mo son los colores de las flores&#8230;<\/p>\n<p><span class=\"embed-youtube\" style=\"text-align:center; display: block;\"><div class=\"a25-CTUOC-hidding-box\" data-original-content=\"&lt;iframe loading=&quot;lazy&quot; class=&quot;youtube-player&quot; width=&quot;474&quot; height=&quot;267&quot; src=&quot;https:\/\/www.youtube.com\/embed\/OgCRdTxCEic?version=3&amp;#038;rel=1&amp;#038;showsearch=0&amp;#038;showinfo=1&amp;#038;iv_load_policy=1&amp;#038;fs=1&amp;#038;hl=es-ES&amp;#038;autohide=2&amp;#038;start=248&amp;#038;wmode=transparent&quot; allowfullscreen=&quot;true&quot; style=&quot;border:0;&quot; sandbox=&quot;allow-scripts allow-same-origin allow-popups allow-presentation allow-popups-to-escape-sandbox&quot;&gt;&lt;\/iframe&gt;\">Esta p\u00e1gina incluye contenido multimedia que requiere aceptar todas las cookies. Pulse aqu\u00ed para abrir la configuraci\u00f3n de cookies.<\/div><\/span><\/p>\n<p>El martes 5 de diciembre celebramos el <strong><span style=\"color: #ff00ff\">D\u00eda de la Constituci\u00f3n<\/span> <\/strong>en\u00a0\u00a0 Alquer\u00eda Educaci\u00f3n con una serie de actividades que han terminado en una asamblea del tercer ciclo.<\/p>\n<p><img decoding=\"async\" data-attachment-id=\"14731\" data-permalink=\"https:\/\/www.alqueria.es\/blogs\/colegioalqueriatercerciclo\/2023\/12\/05\/celebracion-de-dias-de-significacion-especial\/photo-2023-12-05-13-11-01\/\" data-orig-file=\"https:\/\/cloud.alqueria.es\/wp-content\/uploads\/sites\/5\/2023\/12\/PHOTO-2023-12-05-13-11-01.jpg\" data-orig-size=\"488,1022\" data-comments-opened=\"1\" data-image-meta=\"{&quot;aperture&quot;:&quot;0&quot;,&quot;credit&quot;:&quot;&quot;,&quot;camera&quot;:&quot;&quot;,&quot;caption&quot;:&quot;&quot;,&quot;created_timestamp&quot;:&quot;0&quot;,&quot;copyright&quot;:&quot;&quot;,&quot;focal_length&quot;:&quot;0&quot;,&quot;iso&quot;:&quot;0&quot;,&quot;shutter_speed&quot;:&quot;0&quot;,&quot;title&quot;:&quot;&quot;,&quot;orientation&quot;:&quot;0&quot;}\" data-image-title=\"PHOTO-2023-12-05-13-11-01\" data-image-description=\"\" data-image-caption=\"\" data-large-file=\"https:\/\/cloud.alqueria.es\/wp-content\/uploads\/sites\/5\/2023\/12\/PHOTO-2023-12-05-13-11-01.jpg\" class=\"aligncenter wp-image-14731 size-medium\" src=\"https:\/\/cloud.alqueria.es\/wp-content\/uploads\/sites\/5\/2023\/12\/PHOTO-2023-12-05-13-11-01-143x300.jpg\" alt=\"\" width=\"143\" height=\"300\" srcset=\"https:\/\/cloud.alqueria.es\/wp-content\/uploads\/sites\/5\/2023\/12\/PHOTO-2023-12-05-13-11-01-143x300.jpg 143w, https:\/\/cloud.alqueria.es\/wp-content\/uploads\/sites\/5\/2023\/12\/PHOTO-2023-12-05-13-11-01.jpg 488w\" sizes=\"(max-width: 143px) 100vw, 143px\" \/><\/p>\n<p>Primero el alumnado ha expuesto lo que para cada uno es la constituci\u00f3n. La conclusi\u00f3n general es que: <strong>Una constituci\u00f3n es un acuerdo de reglas de convivencia, es decir, una forma de pacto pol\u00edtico y social. Se llama as\u00ed porque integra, establece, organiza,\u00a0<em>constituye<\/em> las normas que rigen a la sociedad de un pa\u00eds.\u00a0 En el colegio tambi\u00e9n existen las normas de convivencia que entre todos y todas hemos acordado. Este es un concepto que se trabaja a\u00f1o a a\u00f1o en nuestro Proyecto.\u00a0<\/strong><\/p>\n<p>Antes de reunirnos para el trabajo en com\u00fan, en cada aula hemos trabajado la constituci\u00f3n adaptada para ni\u00f1os en el aula.\u00a0 Primero recordamos que este a\u00f1o es el 45 cumplea\u00f1os de este documento que nos rige a todos los espa\u00f1oles y espa\u00f1olas. Se ha recordado como fue pensada, redactada y aprobada por todos y todas el 6 de diciembre de 1978. Hemos trabajado sobre los distintos art\u00edculos que se exponen y que son m\u00e1s significativos para los ni\u00f1os y ni\u00f1as de 10 a 12 a\u00f1os, la composici\u00f3n de este documento, los tipos de poderes, los diferentes gobiernos que han pasado por Espa\u00f1a desde la aprobaci\u00f3n de la Constituci\u00f3n.<\/p>\n<p>Una vez trabajada se hacen grupos heterog\u00e9neos de quinto y sexto donde debe reflexionar sobre distintas tem\u00e1ticas que afectan al alumnado y que tienen reflejo en algunos de los art\u00edculos de la Constituci\u00f3n. Los temas sobre los que hay que debatir y buscar los aspectos positivos y negativos han sido los siguientes:<\/p>\n<ul>\n<li>Libertad de expresi\u00f3n. Plantear argumentos sobre: grafitis en la cache, conversaciones WhatsApp, comentar sin pensar, sin empat\u00eda.<\/li>\n<li>Empat\u00eda: ponerme en el lugar del otro cuando hace cosas distintas a las m\u00edas.<\/li>\n<li>A qu\u00e9 edad es adecuado utilizar el m\u00f3vil.<\/li>\n<li>Tomar decisiones sin consultar con el adulto tutor, porque yo quiero hacer y no me importa lo que digan los dem\u00e1s.<\/li>\n<\/ul>\n<p class=\"jetpack-slideshow-noscript robots-nocontent\">El pase de diapositivas requiere JavaScript.<\/p><div id=\"gallery-14728-1-slideshow\" class=\"jetpack-slideshow-window jetpack-slideshow jetpack-slideshow-black\" data-trans=\"fade\" data-autostart=\"1\" data-gallery=\"[{&quot;src&quot;:&quot;https:\\\/\\\/cloud.alqueria.es\\\/wp-content\\\/uploads\\\/sites\\\/5\\\/2023\\\/12\\\/PHOTO-2023-12-05-13-10-23-1.jpg&quot;,&quot;id&quot;:&quot;14732&quot;,&quot;title&quot;:&quot;PHOTO-2023-12-05-13-10-23 (1)&quot;,&quot;alt&quot;:&quot;&quot;,&quot;caption&quot;:&quot;&quot;,&quot;itemprop&quot;:&quot;image&quot;},{&quot;src&quot;:&quot;https:\\\/\\\/cloud.alqueria.es\\\/wp-content\\\/uploads\\\/sites\\\/5\\\/2023\\\/12\\\/PHOTO-2023-12-05-13-10-23-2.jpg&quot;,&quot;id&quot;:&quot;14733&quot;,&quot;title&quot;:&quot;PHOTO-2023-12-05-13-10-23 (2)&quot;,&quot;alt&quot;:&quot;&quot;,&quot;caption&quot;:&quot;&quot;,&quot;itemprop&quot;:&quot;image&quot;},{&quot;src&quot;:&quot;https:\\\/\\\/cloud.alqueria.es\\\/wp-content\\\/uploads\\\/sites\\\/5\\\/2023\\\/12\\\/PHOTO-2023-12-05-13-10-23-4.jpg&quot;,&quot;id&quot;:&quot;14734&quot;,&quot;title&quot;:&quot;PHOTO-2023-12-05-13-10-23 (4)&quot;,&quot;alt&quot;:&quot;&quot;,&quot;caption&quot;:&quot;&quot;,&quot;itemprop&quot;:&quot;image&quot;},{&quot;src&quot;:&quot;https:\\\/\\\/cloud.alqueria.es\\\/wp-content\\\/uploads\\\/sites\\\/5\\\/2023\\\/12\\\/PHOTO-2023-12-05-13-10-23-5.jpg&quot;,&quot;id&quot;:&quot;14735&quot;,&quot;title&quot;:&quot;PHOTO-2023-12-05-13-10-23 (5)&quot;,&quot;alt&quot;:&quot;&quot;,&quot;caption&quot;:&quot;&quot;,&quot;itemprop&quot;:&quot;image&quot;}]\" itemscope itemtype=\"https:\/\/schema.org\/ImageGallery\"><\/div>\n<p>Este trabajo no termina hoy sino que seguiremos desarroll\u00e1ndolos en posteriores asambleas la semana que viene.<\/p>\n<p>Buen puente, Isabel y Jorge<\/p>\n","protected":false},"excerpt":{"rendered":"<p>Estimadas familias, en esta semana tan corta hemos podido trabajar sobre dos d\u00edas de significaci\u00f3n especial. En Alquer\u00eda Educaci\u00f3n los d\u00edas de significaci\u00f3n especial se celebran buscando su conexi\u00f3n con nuestro proyecto educativo, se preparan actividades que nos ayuden a vivenciar y a conocer de una forma m\u00e1s profunda las distintas tem\u00e1ticas a desarrollar. En &hellip; <a href=\"https:\/\/www.alqueria.es\/blogs\/colegioalqueriatercerciclo\/2023\/12\/05\/celebracion-de-dias-de-significacion-especial\/\" class=\"more-link\">Seguir leyendo <span class=\"screen-reader-text\">Celebraci\u00f3n de d\u00edas de significaci\u00f3n especial<\/span> <span class=\"meta-nav\">&rarr;<\/span><\/a><\/p>\n","protected":false},"author":9,"featured_media":0,"comment_status":"open","ping_status":"open","sticky":false,"template":"","format":"standard","meta":{"jetpack_post_was_ever_published":false,"_jetpack_newsletter_access":"","_jetpack_dont_email_post_to_subs":false,"_jetpack_newsletter_tier_id":0,"_jetpack_memberships_contains_paywalled_content":false,"_jetpack_memberships_contains_paid_content":false,"footnotes":"","jetpack_publicize_message":"","jetpack_publicize_feature_enabled":true,"jetpack_social_post_already_shared":true,"jetpack_social_options":{"image_generator_settings":{"template":"highway","default_image_id":0,"font":"","enabled":false},"version":2}},"categories":[2,3,459],"tags":[598,634,633,325,179,180,635],"class_list":["post-14728","post","type-post","status-publish","format-standard","hentry","category-5o-epo","category-6o-epo","category-dia-de-la-constitucion","tag-dia-de-la-discapacidad","tag-diversidad","tag-inclusion","tag-informacion-a-familias","tag-semanario-5o","tag-semanario-6o","tag-valores"],"jetpack_publicize_connections":[],"jetpack_featured_media_url":"","jetpack_sharing_enabled":true,"jetpack_shortlink":"https:\/\/wp.me\/p4l4AW-3Py","jetpack-related-posts":[],"_links":{"self":[{"href":"https:\/\/www.alqueria.es\/blogs\/colegioalqueriatercerciclo\/wp-json\/wp\/v2\/posts\/14728","targetHints":{"allow":["GET"]}}],"collection":[{"href":"https:\/\/www.alqueria.es\/blogs\/colegioalqueriatercerciclo\/wp-json\/wp\/v2\/posts"}],"about":[{"href":"https:\/\/www.alqueria.es\/blogs\/colegioalqueriatercerciclo\/wp-json\/wp\/v2\/types\/post"}],"author":[{"embeddable":true,"href":"https:\/\/www.alqueria.es\/blogs\/colegioalqueriatercerciclo\/wp-json\/wp\/v2\/users\/9"}],"replies":[{"embeddable":true,"href":"https:\/\/www.alqueria.es\/blogs\/colegioalqueriatercerciclo\/wp-json\/wp\/v2\/comments?post=14728"}],"version-history":[{"count":5,"href":"https:\/\/www.alqueria.es\/blogs\/colegioalqueriatercerciclo\/wp-json\/wp\/v2\/posts\/14728\/revisions"}],"predecessor-version":[{"id":14746,"href":"https:\/\/www.alqueria.es\/blogs\/colegioalqueriatercerciclo\/wp-json\/wp\/v2\/posts\/14728\/revisions\/14746"}],"wp:attachment":[{"href":"https:\/\/www.alqueria.es\/blogs\/colegioalqueriatercerciclo\/wp-json\/wp\/v2\/media?parent=14728"}],"wp:term":[{"taxonomy":"category","embeddable":true,"href":"https:\/\/www.alqueria.es\/blogs\/colegioalqueriatercerciclo\/wp-json\/wp\/v2\/categories?post=14728"},{"taxonomy":"post_tag","embeddable":true,"href":"https:\/\/www.alqueria.es\/blogs\/colegioalqueriatercerciclo\/wp-json\/wp\/v2\/tags?post=14728"}],"curies":[{"name":"wp","href":"https:\/\/api.w.org\/{rel}","templated":true}]}}