{"id":15,"date":"2012-09-15T09:13:07","date_gmt":"2012-09-15T09:13:07","guid":{"rendered":"http:\/\/colegioalqueria.wordpress.com\/?p=15"},"modified":"2012-09-15T09:13:07","modified_gmt":"2012-09-15T09:13:07","slug":"comenzamos-el-ultimo-curso-de-primaria","status":"publish","type":"post","link":"https:\/\/www.alqueria.es\/blogs\/colegioalqueriatercerciclo\/2012\/09\/15\/comenzamos-el-ultimo-curso-de-primaria\/","title":{"rendered":"Comenzamos el \u00faltimo curso de primaria"},"content":{"rendered":"<p>En estos primeros d\u00edas volvemos a reencontrarnos con nuestros compa\u00f1eros y maestros. Muchas cosas por contarnos, an\u00e9cdotas y viajes nos esperaba.<\/p>\n<p>Para arrancar el curso, empezamos hablando de la importancia que tiene este curso ya que cerramos ciclo y etapa. La responsabilidad ante el trabajo y los compa\u00f1eros debe ser el m\u00e1ximo, deben poner en pr\u00e1ctica todo lo que han aprendido en estos a\u00f1os y ser el ejemplo de los m\u00e1s peque\u00f1os (pasan a ser los mayores del cole).<\/p>\n<p>Hablamos sobre los distintos rincones que tenemos en clase, repartimos el material y lo etiquetamos.<\/p>\n<p>Una actividad que iniciamos es la de situar en <em>google maps<\/em> los lugares en los que hemos estado este verano, contamos algunas an\u00e9cdotas y citamos algunos sitios de inter\u00e9s. La costa mediterr\u00e1nea es el lugar m\u00e1s destacado en verano. No falta el interior de la pen\u00ednsula y parte de Europa y Estados Unidos.<\/p>\n<p><a href=\"https:\/\/cloud.alqueria.es\/wp-content\/uploads\/sites\/5\/2012\/09\/europa.jpg\"><img decoding=\"async\" data-attachment-id=\"16\" data-permalink=\"https:\/\/www.alqueria.es\/blogs\/colegioalqueriatercerciclo\/2012\/09\/15\/comenzamos-el-ultimo-curso-de-primaria\/europa\/\" data-orig-file=\"https:\/\/www.alqueria.es\/blogs\/colegioalqueriatercerciclo\/wp-content\/uploads\/sites\/5\/2012\/09\/europa.jpg\" data-orig-size=\"509,341\" data-comments-opened=\"1\" data-image-meta=\"{&quot;aperture&quot;:&quot;0&quot;,&quot;credit&quot;:&quot;&quot;,&quot;camera&quot;:&quot;&quot;,&quot;caption&quot;:&quot;&quot;,&quot;created_timestamp&quot;:&quot;0&quot;,&quot;copyright&quot;:&quot;&quot;,&quot;focal_length&quot;:&quot;0&quot;,&quot;iso&quot;:&quot;0&quot;,&quot;shutter_speed&quot;:&quot;0&quot;,&quot;title&quot;:&quot;&quot;}\" data-image-title=\"Vacaciones en Europa\" data-image-description=\"\" data-image-caption=\"\" data-large-file=\"https:\/\/www.alqueria.es\/blogs\/colegioalqueriatercerciclo\/wp-content\/uploads\/sites\/5\/2012\/09\/europa.jpg\" class=\"aligncenter size-full wp-image-16\" title=\"Vacaciones en Europa\" src=\"https:\/\/cloud.alqueria.es\/wp-content\/uploads\/sites\/5\/2012\/09\/europa.jpg\" alt=\"\" width=\"509\" height=\"341\" srcset=\"https:\/\/www.alqueria.es\/blogs\/colegioalqueriatercerciclo\/wp-content\/uploads\/sites\/5\/2012\/09\/europa.jpg 509w, https:\/\/www.alqueria.es\/blogs\/colegioalqueriatercerciclo\/wp-content\/uploads\/sites\/5\/2012\/09\/europa-300x200.jpg 300w\" sizes=\"(max-width: 509px) 100vw, 509px\" \/><\/a><\/p>\n<p>Una actividad para casa y para el lunes siguiente es la de pensar el tema de la conferencia para este curso. El tema es libre y debe estar relacionado con las \u00e1reas de clase. En el cuaderno de \u201ccono\u201d deben especificar el tema elegido y desarrollar un mini gui\u00f3n-\u00edndice de lo que quieren investigar. Cada conferencia lleva asociada una propuesta de trabajo a los compa\u00f1eros para trabajarla en equipo. Deben ir pens\u00e1ndola tambi\u00e9n. Es importante desarrollar este trabajo para el lunes y as\u00ed poder organizar el calendario de exposiciones de conferencias.<\/p>\n<p>Hablamos de las ventajas e inconvenientes que tiene estar en sexto y pensamos propuestas y expectativas para este curso. Todos estos trabajos y algunos m\u00e1s los seguimos desarrollando esta semana.<\/p>\n<p>Este blog ser\u00e1 nuestro medio de comunicaci\u00f3n, todo lo que trabajemos en clase lo podr\u00e9is consultar aqu\u00ed para luego comentarlo con vuestros hijos.<\/p>\n<p>Saludos, Jorge.<\/p>\n","protected":false},"excerpt":{"rendered":"<p>En estos primeros d\u00edas volvemos a reencontrarnos con nuestros compa\u00f1eros y maestros. Muchas cosas por contarnos, an\u00e9cdotas y viajes nos esperaba. Para arrancar el curso, empezamos hablando de la importancia que tiene este curso ya que cerramos ciclo y etapa. La responsabilidad ante el trabajo y los compa\u00f1eros debe ser el m\u00e1ximo, deben poner en &hellip; <a href=\"https:\/\/www.alqueria.es\/blogs\/colegioalqueriatercerciclo\/2012\/09\/15\/comenzamos-el-ultimo-curso-de-primaria\/\" class=\"more-link\">Seguir leyendo <span class=\"screen-reader-text\">Comenzamos el \u00faltimo curso de primaria<\/span> <span class=\"meta-nav\">&rarr;<\/span><\/a><\/p>\n","protected":false},"author":7,"featured_media":0,"comment_status":"open","ping_status":"open","sticky":false,"template":"","format":"standard","meta":{"jetpack_post_was_ever_published":false,"_jetpack_newsletter_access":"","_jetpack_dont_email_post_to_subs":false,"_jetpack_newsletter_tier_id":0,"_jetpack_memberships_contains_paywalled_content":false,"_jetpack_memberships_contains_paid_content":false,"footnotes":"","jetpack_publicize_message":"","jetpack_publicize_feature_enabled":true,"jetpack_social_post_already_shared":true,"jetpack_social_options":{"image_generator_settings":{"template":"highway","default_image_id":0,"font":"","enabled":false},"version":2}},"categories":[3,15],"tags":[77,180],"class_list":["post-15","post","type-post","status-publish","format-standard","hentry","category-6o-epo","category-semanario-6o","tag-primeros-dias-de-clase","tag-semanario-6o"],"jetpack_publicize_connections":[],"jetpack_featured_media_url":"","jetpack_sharing_enabled":true,"jetpack_shortlink":"https:\/\/wp.me\/p4l4AW-f","jetpack-related-posts":[],"_links":{"self":[{"href":"https:\/\/www.alqueria.es\/blogs\/colegioalqueriatercerciclo\/wp-json\/wp\/v2\/posts\/15","targetHints":{"allow":["GET"]}}],"collection":[{"href":"https:\/\/www.alqueria.es\/blogs\/colegioalqueriatercerciclo\/wp-json\/wp\/v2\/posts"}],"about":[{"href":"https:\/\/www.alqueria.es\/blogs\/colegioalqueriatercerciclo\/wp-json\/wp\/v2\/types\/post"}],"author":[{"embeddable":true,"href":"https:\/\/www.alqueria.es\/blogs\/colegioalqueriatercerciclo\/wp-json\/wp\/v2\/users\/7"}],"replies":[{"embeddable":true,"href":"https:\/\/www.alqueria.es\/blogs\/colegioalqueriatercerciclo\/wp-json\/wp\/v2\/comments?post=15"}],"version-history":[{"count":0,"href":"https:\/\/www.alqueria.es\/blogs\/colegioalqueriatercerciclo\/wp-json\/wp\/v2\/posts\/15\/revisions"}],"wp:attachment":[{"href":"https:\/\/www.alqueria.es\/blogs\/colegioalqueriatercerciclo\/wp-json\/wp\/v2\/media?parent=15"}],"wp:term":[{"taxonomy":"category","embeddable":true,"href":"https:\/\/www.alqueria.es\/blogs\/colegioalqueriatercerciclo\/wp-json\/wp\/v2\/categories?post=15"},{"taxonomy":"post_tag","embeddable":true,"href":"https:\/\/www.alqueria.es\/blogs\/colegioalqueriatercerciclo\/wp-json\/wp\/v2\/tags?post=15"}],"curies":[{"name":"wp","href":"https:\/\/api.w.org\/{rel}","templated":true}]}}