{"id":15053,"date":"2024-01-31T08:28:04","date_gmt":"2024-01-31T07:28:04","guid":{"rendered":"https:\/\/www.alqueria.es\/blogs\/colegioalqueriatercerciclo\/?p=15053"},"modified":"2024-01-31T08:28:04","modified_gmt":"2024-01-31T07:28:04","slug":"dia-escolar-de-la-paz","status":"publish","type":"post","link":"https:\/\/www.alqueria.es\/blogs\/colegioalqueriatercerciclo\/2024\/01\/31\/dia-escolar-de-la-paz\/","title":{"rendered":"D\u00eda escolar de la paz"},"content":{"rendered":"<p>Cada 30 de enero, en todas las escuelas del pa\u00eds, se celebra el D\u00eda Escolar de la No Violencia y la Paz. Esta fecha, promovida por UNICEF desde 1964, tiene como objetivo fomentar la educaci\u00f3n en valores de paz, solidaridad, respeto y no violencia.<\/p>\n<h6>\u00bfPor qu\u00e9 es importante trabajar el\u00a0D\u00eda Escolar de la Paz?<\/h6>\n<p>Adem\u00e1s de ser obligatorio seg\u00fan la legislaci\u00f3n educativa, este brinda una oportunidad invaluable para reflexionar sobre la importancia de promover una cultura de paz en nuestras aulas y en el mundo en general. Trabajarlo fomenta la convivencia pac\u00edfica y el respeto hacia los dem\u00e1s, ayudando a crear un ambiente escolar seguro y armonioso.<\/p>\n<ul>\n<li>Hemos celebrado el<strong>\u00a0D\u00eda\u00a0 Escolar de la Paz<\/strong>, de una forma muy significativa para la comunidad educativa Alquer\u00eda Educaci\u00f3n.<\/li>\n<\/ul>\n<p>Desde hace muchos a\u00f1os este d\u00eda de significaci\u00f3n especial, reflejado como tal en nuestro Plan de Centro, se celebra a trav\u00e9s de la participaci\u00f3n activa de todo el alumnado del colegio en una actividad com\u00fan. La conformaci\u00f3n de grupos interniveles, compuestos por ni\u00f1os y ni\u00f1as de edades heterog\u00e9neas (3 a 12 a\u00f1os), aporta una singular riqueza en cuanto a interacciones sociales, experiencias y por supuesto convivencia. El ciclo 0-3 a\u00f1os participa del \u00abresultado final\u00bb o exposici\u00f3n, con su aportaci\u00f3n creativa particular.<\/p>\n<p>La experiencia llevada a cabo ha tenido por t\u00edtulo<\/p>\n<div id=\"v1mainscreen\">\n<h1 class=\"v1voice\">\u00abCAMINANDO HACIA LA PAZ\u00bb<\/h1>\n<div id=\"v1mainscreencontent\">\n<div id=\"v1mailview-right\" class=\"v1uibox\">\n<div id=\"v1messagecontent\">\n<div class=\"v1leftcol\">\n<div id=\"v1messagebody\">\n<div id=\"v1message-htmlpart3\" class=\"v1message-htmlpart\">\n<div class=\"v1rcmBody\">\n<p>La propuesta ha sido la elaboraci\u00f3n de\u00a0<strong>caminos <\/strong>que nos conducen a la PAZ , a trav\u00e9s de\u00a0<strong>huellas <\/strong>que vamos dejando, llenas de mensajes para conseguir la paz. Caminos compuestos por\u00a0 las huellas impresas (algunas correspondientes a cada uno de las alumnas y alumnos). Elegimos siluetas de \u00a0huellas o pasos\u00a0 que van dejando mensajes o palabras que \u00a0definen la paz.<\/p>\n<p>&#8211; Reflexionamos a partir de mensajes \u00a0y la propia experiencia, sobre el significado y sentido de la paz.<br \/>\n&#8211; Relacionamos con los sentimientos pacifistas y las emociones.<br \/>\n&#8211; Conocemos la exposici\u00f3n visual como recurso para transformar las ideas en imagen.<br \/>\n&#8211; Trabajamos en grupo internivel de manera colaborativa utilizando diferentes recursos.<\/p>\n<p>Nos reunimos en grupos heterog\u00e9neos interniveles, hablamos sobre la paz y c\u00f3mo podemos tenerla en el d\u00eda a d\u00eda para mejorar nuestra convivencia. Conversamos sobre el significado de la palabra paz y qu\u00e9 mensajes pueden llevarnos a evocar sentimientos pac\u00edficos. C\u00f3mo podemos buscar soluciones para eliminar acciones, palabras, mensajes que pueden herir a los dem\u00e1s. En primaria tambi\u00e9n\u00a0 haciendo referencia a personas conocidas que\u00a0 HAN\u00a0 DEJADO SU HUELLA, siendo activistas para la paz mundial, as\u00ed como las\u00a0 acciones se realizan en el ambiente escolar para que la convivencia nos la proporcione.<\/p>\n<p>Estos\u00a0 pasos peque\u00f1os y otros m\u00e1s grandes, nos llevan a diferentes caminos que van hacia los valores , que\u00a0 son el final de cada uno de los caminos.<\/p>\n<p class=\"jetpack-slideshow-noscript robots-nocontent\">El pase de diapositivas requiere JavaScript.<\/p><div id=\"gallery-15053-1-slideshow\" class=\"jetpack-slideshow-window jetpack-slideshow jetpack-slideshow-black\" data-trans=\"fade\" data-autostart=\"1\" data-gallery=\"[{&quot;src&quot;:&quot;https:\\\/\\\/cloud.alqueria.es\\\/wp-content\\\/uploads\\\/sites\\\/5\\\/2024\\\/01\\\/paz-3.jpeg&quot;,&quot;id&quot;:&quot;15056&quot;,&quot;title&quot;:&quot;paz (3)&quot;,&quot;alt&quot;:&quot;&quot;,&quot;caption&quot;:&quot;&quot;,&quot;itemprop&quot;:&quot;image&quot;},{&quot;src&quot;:&quot;https:\\\/\\\/cloud.alqueria.es\\\/wp-content\\\/uploads\\\/sites\\\/5\\\/2024\\\/01\\\/paz-4.jpeg&quot;,&quot;id&quot;:&quot;15057&quot;,&quot;title&quot;:&quot;paz (4)&quot;,&quot;alt&quot;:&quot;&quot;,&quot;caption&quot;:&quot;&quot;,&quot;itemprop&quot;:&quot;image&quot;},{&quot;src&quot;:&quot;https:\\\/\\\/cloud.alqueria.es\\\/wp-content\\\/uploads\\\/sites\\\/5\\\/2024\\\/01\\\/paz-5.jpeg&quot;,&quot;id&quot;:&quot;15058&quot;,&quot;title&quot;:&quot;paz (5)&quot;,&quot;alt&quot;:&quot;&quot;,&quot;caption&quot;:&quot;&quot;,&quot;itemprop&quot;:&quot;image&quot;},{&quot;src&quot;:&quot;https:\\\/\\\/cloud.alqueria.es\\\/wp-content\\\/uploads\\\/sites\\\/5\\\/2024\\\/01\\\/paz-1.jpeg&quot;,&quot;id&quot;:&quot;15059&quot;,&quot;title&quot;:&quot;paz (1)&quot;,&quot;alt&quot;:&quot;&quot;,&quot;caption&quot;:&quot;&quot;,&quot;itemprop&quot;:&quot;image&quot;}]\" itemscope itemtype=\"https:\/\/schema.org\/ImageGallery\"><\/div>\n<p>Para hacer los mensajes\u00a0 ponemos al alumnado en situaci\u00f3n de reflexi\u00f3n, pensando que la paz no es solo ausencia de guerra, la paz tambi\u00e9n est\u00e1 en las peque\u00f1as cosas como una sonrisa, una caricia y las grandes como la igualdad, la tolerancia.<\/p>\n<p>Formamos un recorriendo por el colegio de\u00a0<strong>\u201cCAMINOS DE PAZ\u00bb.<\/strong><\/p>\n<p><img decoding=\"async\" data-attachment-id=\"15055\" data-permalink=\"https:\/\/www.alqueria.es\/blogs\/colegioalqueriatercerciclo\/2024\/01\/31\/dia-escolar-de-la-paz\/paz-2\/\" data-orig-file=\"https:\/\/cloud.alqueria.es\/wp-content\/uploads\/sites\/5\/2024\/01\/paz-2.jpeg\" data-orig-size=\"2040,1148\" data-comments-opened=\"1\" data-image-meta=\"{&quot;aperture&quot;:&quot;0&quot;,&quot;credit&quot;:&quot;&quot;,&quot;camera&quot;:&quot;&quot;,&quot;caption&quot;:&quot;&quot;,&quot;created_timestamp&quot;:&quot;0&quot;,&quot;copyright&quot;:&quot;&quot;,&quot;focal_length&quot;:&quot;0&quot;,&quot;iso&quot;:&quot;0&quot;,&quot;shutter_speed&quot;:&quot;0&quot;,&quot;title&quot;:&quot;&quot;,&quot;orientation&quot;:&quot;0&quot;}\" data-image-title=\"paz (2)\" data-image-description=\"\" data-image-caption=\"\" data-large-file=\"https:\/\/cloud.alqueria.es\/wp-content\/uploads\/sites\/5\/2024\/01\/paz-2-1024x576.jpeg\" class=\"alignnone size-full wp-image-15055\" src=\"https:\/\/cloud.alqueria.es\/wp-content\/uploads\/sites\/5\/2024\/01\/paz-2.jpeg\" alt=\"\" width=\"2040\" height=\"1148\" srcset=\"https:\/\/cloud.alqueria.es\/wp-content\/uploads\/sites\/5\/2024\/01\/paz-2.jpeg 2040w, https:\/\/cloud.alqueria.es\/wp-content\/uploads\/sites\/5\/2024\/01\/paz-2-300x169.jpeg 300w, https:\/\/cloud.alqueria.es\/wp-content\/uploads\/sites\/5\/2024\/01\/paz-2-1024x576.jpeg 1024w, https:\/\/cloud.alqueria.es\/wp-content\/uploads\/sites\/5\/2024\/01\/paz-2-768x432.jpeg 768w, https:\/\/cloud.alqueria.es\/wp-content\/uploads\/sites\/5\/2024\/01\/paz-2-1536x864.jpeg 1536w\" sizes=\"(max-width: 2040px) 100vw, 2040px\" \/><\/p>\n<div class=\"v1rcmBody\">\n<p>Hemos vivido un\u00a0 d\u00eda de forma muy emotiva al poder disfrutar del intercambio entre grupos y la participaci\u00f3n\/colaboraci\u00f3n de todo el alumnado\/profesorado del centro en una misma actividad, en un clima escolar en PAZ. Se han vivido momentos de encuentro, di\u00e1logo, debate, compa\u00f1erismo, ayuda, cuidado, sorpresa, cooperaci\u00f3n, alegr\u00eda\u2026<\/p>\n<p><strong>\u00a1\u00a1\u00a1DEJA TU HUELLA!!!<\/strong><\/p>\n<p>A continuaci\u00f3n os dejamos un breve documento gr\u00e1fico de algunos momentos vividos, que pensamos os acercar\u00e1 bastante m\u00e1s a la jornada\u00a0 maravillosa que hemos compartido.<\/p>\n<p><div class=\"a25-CTUOC-hidding-box\" data-original-content=\"&lt;iframe loading=&quot;lazy&quot; title=&quot;CAMINANDO HACIA LA PAZ&quot; src=&quot;https:\/\/player.vimeo.com\/video\/908011887?dnt=1&amp;amp;app_id=122963&quot; width=&quot;474&quot; height=&quot;356&quot; frameborder=&quot;0&quot; allow=&quot;autoplay; fullscreen; picture-in-picture; clipboard-write&quot;&gt;&lt;\/iframe&gt;\">Esta p\u00e1gina incluye contenido multimedia que requiere aceptar todas las cookies. Pulse aqu\u00ed para abrir la configuraci\u00f3n de cookies.<\/div><\/p>\n<\/div>\n<p>Un saludo\u00a0 del equipo Alquer\u00eda Educaci\u00f3n<\/p>\n<\/div>\n<\/div>\n<\/div>\n<\/div>\n<\/div>\n<\/div>\n<\/div>\n<\/div>\n","protected":false},"excerpt":{"rendered":"<p>Cada 30 de enero, en todas las escuelas del pa\u00eds, se celebra el D\u00eda Escolar de la No Violencia y la Paz. Esta fecha, promovida por UNICEF desde 1964, tiene como objetivo fomentar la educaci\u00f3n en valores de paz, solidaridad, respeto y no violencia. \u00bfPor qu\u00e9 es importante trabajar el\u00a0D\u00eda Escolar de la Paz? Adem\u00e1s &hellip; <a href=\"https:\/\/www.alqueria.es\/blogs\/colegioalqueriatercerciclo\/2024\/01\/31\/dia-escolar-de-la-paz\/\" class=\"more-link\">Seguir leyendo <span class=\"screen-reader-text\">D\u00eda escolar de la paz<\/span> <span class=\"meta-nav\">&rarr;<\/span><\/a><\/p>\n","protected":false},"author":3,"featured_media":0,"comment_status":"open","ping_status":"open","sticky":false,"template":"","format":"standard","meta":{"jetpack_post_was_ever_published":false,"_jetpack_newsletter_access":"","_jetpack_dont_email_post_to_subs":false,"_jetpack_newsletter_tier_id":0,"_jetpack_memberships_contains_paywalled_content":false,"_jetpack_memberships_contains_paid_content":false,"footnotes":"","jetpack_publicize_message":"","jetpack_publicize_feature_enabled":true,"jetpack_social_post_already_shared":true,"jetpack_social_options":{"image_generator_settings":{"template":"highway","default_image_id":0,"font":"","enabled":false},"version":2}},"categories":[2,3,368],"tags":[641,160,39],"class_list":["post-15053","post","type-post","status-publish","format-standard","hentry","category-5o-epo","category-6o-epo","category-dia-de-la-paz","tag-30-de-enero","tag-dia-de-la-paz","tag-dia-de-la-paz-y-no-violencia"],"jetpack_publicize_connections":[],"jetpack_featured_media_url":"","jetpack_sharing_enabled":true,"jetpack_shortlink":"https:\/\/wp.me\/p4l4AW-3UN","jetpack-related-posts":[],"_links":{"self":[{"href":"https:\/\/www.alqueria.es\/blogs\/colegioalqueriatercerciclo\/wp-json\/wp\/v2\/posts\/15053","targetHints":{"allow":["GET"]}}],"collection":[{"href":"https:\/\/www.alqueria.es\/blogs\/colegioalqueriatercerciclo\/wp-json\/wp\/v2\/posts"}],"about":[{"href":"https:\/\/www.alqueria.es\/blogs\/colegioalqueriatercerciclo\/wp-json\/wp\/v2\/types\/post"}],"author":[{"embeddable":true,"href":"https:\/\/www.alqueria.es\/blogs\/colegioalqueriatercerciclo\/wp-json\/wp\/v2\/users\/3"}],"replies":[{"embeddable":true,"href":"https:\/\/www.alqueria.es\/blogs\/colegioalqueriatercerciclo\/wp-json\/wp\/v2\/comments?post=15053"}],"version-history":[{"count":2,"href":"https:\/\/www.alqueria.es\/blogs\/colegioalqueriatercerciclo\/wp-json\/wp\/v2\/posts\/15053\/revisions"}],"predecessor-version":[{"id":15060,"href":"https:\/\/www.alqueria.es\/blogs\/colegioalqueriatercerciclo\/wp-json\/wp\/v2\/posts\/15053\/revisions\/15060"}],"wp:attachment":[{"href":"https:\/\/www.alqueria.es\/blogs\/colegioalqueriatercerciclo\/wp-json\/wp\/v2\/media?parent=15053"}],"wp:term":[{"taxonomy":"category","embeddable":true,"href":"https:\/\/www.alqueria.es\/blogs\/colegioalqueriatercerciclo\/wp-json\/wp\/v2\/categories?post=15053"},{"taxonomy":"post_tag","embeddable":true,"href":"https:\/\/www.alqueria.es\/blogs\/colegioalqueriatercerciclo\/wp-json\/wp\/v2\/tags?post=15053"}],"curies":[{"name":"wp","href":"https:\/\/api.w.org\/{rel}","templated":true}]}}