{"id":15392,"date":"2024-02-26T19:18:17","date_gmt":"2024-02-26T18:18:17","guid":{"rendered":"https:\/\/www.alqueria.es\/blogs\/colegioalqueriatercerciclo\/?p=15392"},"modified":"2024-02-26T19:18:17","modified_gmt":"2024-02-26T18:18:17","slug":"carnaval-2024","status":"publish","type":"post","link":"https:\/\/www.alqueria.es\/blogs\/colegioalqueriatercerciclo\/2024\/02\/26\/carnaval-2024\/","title":{"rendered":"Carnaval 2024"},"content":{"rendered":"<p>Un a\u00f1o m\u00e1s llega el <span style=\"color: #ff00ff\"><strong>Gran Carnaval de Alquer\u00eda Educaci\u00f3n<\/strong><\/span>. Todo el\u00a0alumnado ha llegado al centro disfrazado con sus mejores galas. Estamos maravillados del ingenio, creatividad e imaginaci\u00f3n que nuestros ni\u00f1os y ni\u00f1as tienen a la hora de hacer sus creaciones.<\/p>\n<p class=\"jetpack-slideshow-noscript robots-nocontent\">El pase de diapositivas requiere JavaScript.<\/p><div id=\"gallery-15392-1-slideshow\" class=\"jetpack-slideshow-window jetpack-slideshow jetpack-slideshow-black\" data-trans=\"fade\" data-autostart=\"1\" data-gallery=\"[{&quot;src&quot;:&quot;https:\\\/\\\/cloud.alqueria.es\\\/wp-content\\\/uploads\\\/sites\\\/5\\\/2024\\\/02\\\/PHOTO-2024-02-23-14-02-47-22.jpg&quot;,&quot;id&quot;:&quot;15433&quot;,&quot;title&quot;:&quot;PHOTO-2024-02-23-14-02-47 (22)&quot;,&quot;alt&quot;:&quot;&quot;,&quot;caption&quot;:&quot;&quot;,&quot;itemprop&quot;:&quot;image&quot;},{&quot;src&quot;:&quot;https:\\\/\\\/cloud.alqueria.es\\\/wp-content\\\/uploads\\\/sites\\\/5\\\/2024\\\/02\\\/PHOTO-2024-02-23-14-03-31-2.jpg&quot;,&quot;id&quot;:&quot;15432&quot;,&quot;title&quot;:&quot;PHOTO-2024-02-23-14-03-31 (2)&quot;,&quot;alt&quot;:&quot;&quot;,&quot;caption&quot;:&quot;&quot;,&quot;itemprop&quot;:&quot;image&quot;},{&quot;src&quot;:&quot;https:\\\/\\\/cloud.alqueria.es\\\/wp-content\\\/uploads\\\/sites\\\/5\\\/2024\\\/02\\\/PHOTO-2024-02-23-14-02-47-17.jpg&quot;,&quot;id&quot;:&quot;15429&quot;,&quot;title&quot;:&quot;PHOTO-2024-02-23-14-02-47 (17)&quot;,&quot;alt&quot;:&quot;&quot;,&quot;caption&quot;:&quot;&quot;,&quot;itemprop&quot;:&quot;image&quot;},{&quot;src&quot;:&quot;https:\\\/\\\/cloud.alqueria.es\\\/wp-content\\\/uploads\\\/sites\\\/5\\\/2024\\\/02\\\/PHOTO-2024-02-23-14-02-47-15.jpg&quot;,&quot;id&quot;:&quot;15428&quot;,&quot;title&quot;:&quot;PHOTO-2024-02-23-14-02-47 (15)&quot;,&quot;alt&quot;:&quot;&quot;,&quot;caption&quot;:&quot;&quot;,&quot;itemprop&quot;:&quot;image&quot;},{&quot;src&quot;:&quot;https:\\\/\\\/cloud.alqueria.es\\\/wp-content\\\/uploads\\\/sites\\\/5\\\/2024\\\/02\\\/PHOTO-2024-02-23-14-02-47-14.jpg&quot;,&quot;id&quot;:&quot;15427&quot;,&quot;title&quot;:&quot;PHOTO-2024-02-23-14-02-47 (14)&quot;,&quot;alt&quot;:&quot;&quot;,&quot;caption&quot;:&quot;&quot;,&quot;itemprop&quot;:&quot;image&quot;},{&quot;src&quot;:&quot;https:\\\/\\\/cloud.alqueria.es\\\/wp-content\\\/uploads\\\/sites\\\/5\\\/2024\\\/02\\\/PHOTO-2024-02-23-14-02-47-13.jpg&quot;,&quot;id&quot;:&quot;15426&quot;,&quot;title&quot;:&quot;PHOTO-2024-02-23-14-02-47 (13)&quot;,&quot;alt&quot;:&quot;&quot;,&quot;caption&quot;:&quot;&quot;,&quot;itemprop&quot;:&quot;image&quot;},{&quot;src&quot;:&quot;https:\\\/\\\/cloud.alqueria.es\\\/wp-content\\\/uploads\\\/sites\\\/5\\\/2024\\\/02\\\/PHOTO-2024-02-23-14-03-31-1.jpg&quot;,&quot;id&quot;:&quot;15431&quot;,&quot;title&quot;:&quot;PHOTO-2024-02-23-14-03-31 (1)&quot;,&quot;alt&quot;:&quot;&quot;,&quot;caption&quot;:&quot;&quot;,&quot;itemprop&quot;:&quot;image&quot;},{&quot;src&quot;:&quot;https:\\\/\\\/cloud.alqueria.es\\\/wp-content\\\/uploads\\\/sites\\\/5\\\/2024\\\/02\\\/PHOTO-2024-02-23-14-02-47-5.jpg&quot;,&quot;id&quot;:&quot;15421&quot;,&quot;title&quot;:&quot;PHOTO-2024-02-23-14-02-47 (5)&quot;,&quot;alt&quot;:&quot;&quot;,&quot;caption&quot;:&quot;&quot;,&quot;itemprop&quot;:&quot;image&quot;},{&quot;src&quot;:&quot;https:\\\/\\\/cloud.alqueria.es\\\/wp-content\\\/uploads\\\/sites\\\/5\\\/2024\\\/02\\\/PHOTO-2024-02-23-14-02-47-6.jpg&quot;,&quot;id&quot;:&quot;15422&quot;,&quot;title&quot;:&quot;PHOTO-2024-02-23-14-02-47 (6)&quot;,&quot;alt&quot;:&quot;&quot;,&quot;caption&quot;:&quot;&quot;,&quot;itemprop&quot;:&quot;image&quot;},{&quot;src&quot;:&quot;https:\\\/\\\/cloud.alqueria.es\\\/wp-content\\\/uploads\\\/sites\\\/5\\\/2024\\\/02\\\/PHOTO-2024-02-23-14-02-47-7.jpg&quot;,&quot;id&quot;:&quot;15423&quot;,&quot;title&quot;:&quot;PHOTO-2024-02-23-14-02-47 (7)&quot;,&quot;alt&quot;:&quot;&quot;,&quot;caption&quot;:&quot;&quot;,&quot;itemprop&quot;:&quot;image&quot;},{&quot;src&quot;:&quot;https:\\\/\\\/cloud.alqueria.es\\\/wp-content\\\/uploads\\\/sites\\\/5\\\/2024\\\/02\\\/PHOTO-2024-02-23-14-02-47-8.jpg&quot;,&quot;id&quot;:&quot;15424&quot;,&quot;title&quot;:&quot;PHOTO-2024-02-23-14-02-47 (8)&quot;,&quot;alt&quot;:&quot;&quot;,&quot;caption&quot;:&quot;&quot;,&quot;itemprop&quot;:&quot;image&quot;},{&quot;src&quot;:&quot;https:\\\/\\\/cloud.alqueria.es\\\/wp-content\\\/uploads\\\/sites\\\/5\\\/2024\\\/02\\\/PHOTO-2024-02-23-14-02-47-10.jpg&quot;,&quot;id&quot;:&quot;15425&quot;,&quot;title&quot;:&quot;PHOTO-2024-02-23-14-02-47 (10)&quot;,&quot;alt&quot;:&quot;&quot;,&quot;caption&quot;:&quot;&quot;,&quot;itemprop&quot;:&quot;image&quot;},{&quot;src&quot;:&quot;https:\\\/\\\/cloud.alqueria.es\\\/wp-content\\\/uploads\\\/sites\\\/5\\\/2024\\\/02\\\/PHOTO-2024-02-23-14-02-47-4.jpg&quot;,&quot;id&quot;:&quot;15420&quot;,&quot;title&quot;:&quot;PHOTO-2024-02-23-14-02-47 (4)&quot;,&quot;alt&quot;:&quot;&quot;,&quot;caption&quot;:&quot;&quot;,&quot;itemprop&quot;:&quot;image&quot;},{&quot;src&quot;:&quot;https:\\\/\\\/cloud.alqueria.es\\\/wp-content\\\/uploads\\\/sites\\\/5\\\/2024\\\/02\\\/PHOTO-2024-02-23-14-02-47-3.jpg&quot;,&quot;id&quot;:&quot;15419&quot;,&quot;title&quot;:&quot;PHOTO-2024-02-23-14-02-47 (3)&quot;,&quot;alt&quot;:&quot;&quot;,&quot;caption&quot;:&quot;&quot;,&quot;itemprop&quot;:&quot;image&quot;},{&quot;src&quot;:&quot;https:\\\/\\\/cloud.alqueria.es\\\/wp-content\\\/uploads\\\/sites\\\/5\\\/2024\\\/02\\\/PHOTO-2024-02-23-14-02-47-2.jpg&quot;,&quot;id&quot;:&quot;15418&quot;,&quot;title&quot;:&quot;PHOTO-2024-02-23-14-02-47 (2)&quot;,&quot;alt&quot;:&quot;&quot;,&quot;caption&quot;:&quot;&quot;,&quot;itemprop&quot;:&quot;image&quot;},{&quot;src&quot;:&quot;https:\\\/\\\/cloud.alqueria.es\\\/wp-content\\\/uploads\\\/sites\\\/5\\\/2024\\\/02\\\/PHOTO-2024-02-23-14-02-47-1.jpg&quot;,&quot;id&quot;:&quot;15417&quot;,&quot;title&quot;:&quot;PHOTO-2024-02-23-14-02-47 (1)&quot;,&quot;alt&quot;:&quot;&quot;,&quot;caption&quot;:&quot;&quot;,&quot;itemprop&quot;:&quot;image&quot;}]\" itemscope itemtype=\"https:\/\/schema.org\/ImageGallery\"><\/div>\n<p class=\"jetpack-slideshow-noscript robots-nocontent\">El pase de diapositivas requiere JavaScript.<\/p><div id=\"gallery-15392-2-slideshow\" class=\"jetpack-slideshow-window jetpack-slideshow jetpack-slideshow-black\" data-trans=\"fade\" data-autostart=\"1\" data-gallery=\"[{&quot;src&quot;:&quot;https:\\\/\\\/cloud.alqueria.es\\\/wp-content\\\/uploads\\\/sites\\\/5\\\/2024\\\/02\\\/GRUPOS-6-1.jpeg&quot;,&quot;id&quot;:&quot;15441&quot;,&quot;title&quot;:&quot;GRUPOS 6 (1)&quot;,&quot;alt&quot;:&quot;&quot;,&quot;caption&quot;:&quot;&quot;,&quot;itemprop&quot;:&quot;image&quot;},{&quot;src&quot;:&quot;https:\\\/\\\/cloud.alqueria.es\\\/wp-content\\\/uploads\\\/sites\\\/5\\\/2024\\\/02\\\/GRUPOS-6-2.jpeg&quot;,&quot;id&quot;:&quot;15442&quot;,&quot;title&quot;:&quot;GRUPOS 6 (2)&quot;,&quot;alt&quot;:&quot;&quot;,&quot;caption&quot;:&quot;&quot;,&quot;itemprop&quot;:&quot;image&quot;},{&quot;src&quot;:&quot;https:\\\/\\\/cloud.alqueria.es\\\/wp-content\\\/uploads\\\/sites\\\/5\\\/2024\\\/02\\\/GRUPOS-6-3.jpeg&quot;,&quot;id&quot;:&quot;15443&quot;,&quot;title&quot;:&quot;GRUPOS 6 (3)&quot;,&quot;alt&quot;:&quot;&quot;,&quot;caption&quot;:&quot;&quot;,&quot;itemprop&quot;:&quot;image&quot;},{&quot;src&quot;:&quot;https:\\\/\\\/cloud.alqueria.es\\\/wp-content\\\/uploads\\\/sites\\\/5\\\/2024\\\/02\\\/GRUPOS-6-4.jpeg&quot;,&quot;id&quot;:&quot;15444&quot;,&quot;title&quot;:&quot;GRUPOS 6 (4)&quot;,&quot;alt&quot;:&quot;&quot;,&quot;caption&quot;:&quot;&quot;,&quot;itemprop&quot;:&quot;image&quot;},{&quot;src&quot;:&quot;https:\\\/\\\/cloud.alqueria.es\\\/wp-content\\\/uploads\\\/sites\\\/5\\\/2024\\\/02\\\/GRUPOS-6-5.jpeg&quot;,&quot;id&quot;:&quot;15445&quot;,&quot;title&quot;:&quot;GRUPOS 6 (5)&quot;,&quot;alt&quot;:&quot;&quot;,&quot;caption&quot;:&quot;&quot;,&quot;itemprop&quot;:&quot;image&quot;},{&quot;src&quot;:&quot;https:\\\/\\\/cloud.alqueria.es\\\/wp-content\\\/uploads\\\/sites\\\/5\\\/2024\\\/02\\\/GRUPOS-6-6.jpeg&quot;,&quot;id&quot;:&quot;15446&quot;,&quot;title&quot;:&quot;GRUPOS 6 (6)&quot;,&quot;alt&quot;:&quot;&quot;,&quot;caption&quot;:&quot;&quot;,&quot;itemprop&quot;:&quot;image&quot;},{&quot;src&quot;:&quot;https:\\\/\\\/cloud.alqueria.es\\\/wp-content\\\/uploads\\\/sites\\\/5\\\/2024\\\/02\\\/GRUPOS-6-7.jpeg&quot;,&quot;id&quot;:&quot;15447&quot;,&quot;title&quot;:&quot;GRUPOS 6 (7)&quot;,&quot;alt&quot;:&quot;&quot;,&quot;caption&quot;:&quot;&quot;,&quot;itemprop&quot;:&quot;image&quot;}]\" itemscope itemtype=\"https:\/\/schema.org\/ImageGallery\"><\/div>\n<p>Nos ha encantado la implicaci\u00f3n, el trabajo, la motivaci\u00f3n y esfuerzo de todo el alumnado en la preparaci\u00f3n de sus canciones en estas \u00faltimas semanas. Las actuaciones han sido muy aplaudidas por el resto de grupos y ya van tarareando algunos de los estribillos.<\/p>\n<p><img decoding=\"async\" data-attachment-id=\"15413\" data-permalink=\"https:\/\/www.alqueria.es\/blogs\/colegioalqueriatercerciclo\/2024\/02\/26\/carnaval-2024\/photo-2024-02-23-12-58-1500\/\" data-orig-file=\"https:\/\/cloud.alqueria.es\/wp-content\/uploads\/sites\/5\/2024\/02\/PHOTO-2024-02-23-12-58-1500.jpg\" data-orig-size=\"1100,556\" data-comments-opened=\"1\" data-image-meta=\"{&quot;aperture&quot;:&quot;0&quot;,&quot;credit&quot;:&quot;&quot;,&quot;camera&quot;:&quot;&quot;,&quot;caption&quot;:&quot;&quot;,&quot;created_timestamp&quot;:&quot;0&quot;,&quot;copyright&quot;:&quot;&quot;,&quot;focal_length&quot;:&quot;0&quot;,&quot;iso&quot;:&quot;0&quot;,&quot;shutter_speed&quot;:&quot;0&quot;,&quot;title&quot;:&quot;&quot;,&quot;orientation&quot;:&quot;0&quot;}\" data-image-title=\"PHOTO-2024-02-23-12-58-1500\" data-image-description=\"\" data-image-caption=\"\" data-large-file=\"https:\/\/cloud.alqueria.es\/wp-content\/uploads\/sites\/5\/2024\/02\/PHOTO-2024-02-23-12-58-1500-1024x518.jpg\" class=\"alignnone size-full wp-image-15413\" src=\"https:\/\/cloud.alqueria.es\/wp-content\/uploads\/sites\/5\/2024\/02\/PHOTO-2024-02-23-12-58-1500.jpg\" alt=\"\" width=\"1100\" height=\"556\" srcset=\"https:\/\/cloud.alqueria.es\/wp-content\/uploads\/sites\/5\/2024\/02\/PHOTO-2024-02-23-12-58-1500.jpg 1100w, https:\/\/cloud.alqueria.es\/wp-content\/uploads\/sites\/5\/2024\/02\/PHOTO-2024-02-23-12-58-1500-300x152.jpg 300w, https:\/\/cloud.alqueria.es\/wp-content\/uploads\/sites\/5\/2024\/02\/PHOTO-2024-02-23-12-58-1500-1024x518.jpg 1024w, https:\/\/cloud.alqueria.es\/wp-content\/uploads\/sites\/5\/2024\/02\/PHOTO-2024-02-23-12-58-1500-768x388.jpg 768w\" sizes=\"(max-width: 1100px) 100vw, 1100px\" \/> <img decoding=\"async\" data-attachment-id=\"15412\" data-permalink=\"https:\/\/www.alqueria.es\/blogs\/colegioalqueriatercerciclo\/2024\/02\/26\/carnaval-2024\/photo-2024-02-23-12-58-15-3\/\" data-orig-file=\"https:\/\/cloud.alqueria.es\/wp-content\/uploads\/sites\/5\/2024\/02\/PHOTO-2024-02-23-12-58-15-3.jpg\" data-orig-size=\"1600,1200\" data-comments-opened=\"1\" data-image-meta=\"{&quot;aperture&quot;:&quot;0&quot;,&quot;credit&quot;:&quot;&quot;,&quot;camera&quot;:&quot;&quot;,&quot;caption&quot;:&quot;&quot;,&quot;created_timestamp&quot;:&quot;0&quot;,&quot;copyright&quot;:&quot;&quot;,&quot;focal_length&quot;:&quot;0&quot;,&quot;iso&quot;:&quot;0&quot;,&quot;shutter_speed&quot;:&quot;0&quot;,&quot;title&quot;:&quot;&quot;,&quot;orientation&quot;:&quot;0&quot;}\" data-image-title=\"PHOTO-2024-02-23-12-58-15 (3)\" data-image-description=\"\" data-image-caption=\"\" data-large-file=\"https:\/\/cloud.alqueria.es\/wp-content\/uploads\/sites\/5\/2024\/02\/PHOTO-2024-02-23-12-58-15-3-1024x768.jpg\" class=\"alignnone size-full wp-image-15412\" src=\"https:\/\/cloud.alqueria.es\/wp-content\/uploads\/sites\/5\/2024\/02\/PHOTO-2024-02-23-12-58-15-3.jpg\" alt=\"\" width=\"1600\" height=\"1200\" srcset=\"https:\/\/cloud.alqueria.es\/wp-content\/uploads\/sites\/5\/2024\/02\/PHOTO-2024-02-23-12-58-15-3.jpg 1600w, https:\/\/cloud.alqueria.es\/wp-content\/uploads\/sites\/5\/2024\/02\/PHOTO-2024-02-23-12-58-15-3-300x225.jpg 300w, https:\/\/cloud.alqueria.es\/wp-content\/uploads\/sites\/5\/2024\/02\/PHOTO-2024-02-23-12-58-15-3-1024x768.jpg 1024w, https:\/\/cloud.alqueria.es\/wp-content\/uploads\/sites\/5\/2024\/02\/PHOTO-2024-02-23-12-58-15-3-768x576.jpg 768w, https:\/\/cloud.alqueria.es\/wp-content\/uploads\/sites\/5\/2024\/02\/PHOTO-2024-02-23-12-58-15-3-1536x1152.jpg 1536w\" sizes=\"(max-width: 1600px) 100vw, 1600px\" \/> <img decoding=\"async\" data-attachment-id=\"15411\" data-permalink=\"https:\/\/www.alqueria.es\/blogs\/colegioalqueriatercerciclo\/2024\/02\/26\/carnaval-2024\/photo-2024-02-23-12-58-15-1\/\" data-orig-file=\"https:\/\/cloud.alqueria.es\/wp-content\/uploads\/sites\/5\/2024\/02\/PHOTO-2024-02-23-12-58-15-1.jpg\" data-orig-size=\"1600,1200\" data-comments-opened=\"1\" data-image-meta=\"{&quot;aperture&quot;:&quot;0&quot;,&quot;credit&quot;:&quot;&quot;,&quot;camera&quot;:&quot;&quot;,&quot;caption&quot;:&quot;&quot;,&quot;created_timestamp&quot;:&quot;0&quot;,&quot;copyright&quot;:&quot;&quot;,&quot;focal_length&quot;:&quot;0&quot;,&quot;iso&quot;:&quot;0&quot;,&quot;shutter_speed&quot;:&quot;0&quot;,&quot;title&quot;:&quot;&quot;,&quot;orientation&quot;:&quot;0&quot;}\" data-image-title=\"PHOTO-2024-02-23-12-58-15 (1)\" data-image-description=\"\" data-image-caption=\"\" data-large-file=\"https:\/\/cloud.alqueria.es\/wp-content\/uploads\/sites\/5\/2024\/02\/PHOTO-2024-02-23-12-58-15-1-1024x768.jpg\" class=\"alignnone size-full wp-image-15411\" src=\"https:\/\/cloud.alqueria.es\/wp-content\/uploads\/sites\/5\/2024\/02\/PHOTO-2024-02-23-12-58-15-1.jpg\" alt=\"\" width=\"1600\" height=\"1200\" srcset=\"https:\/\/cloud.alqueria.es\/wp-content\/uploads\/sites\/5\/2024\/02\/PHOTO-2024-02-23-12-58-15-1.jpg 1600w, https:\/\/cloud.alqueria.es\/wp-content\/uploads\/sites\/5\/2024\/02\/PHOTO-2024-02-23-12-58-15-1-300x225.jpg 300w, https:\/\/cloud.alqueria.es\/wp-content\/uploads\/sites\/5\/2024\/02\/PHOTO-2024-02-23-12-58-15-1-1024x768.jpg 1024w, https:\/\/cloud.alqueria.es\/wp-content\/uploads\/sites\/5\/2024\/02\/PHOTO-2024-02-23-12-58-15-1-768x576.jpg 768w, https:\/\/cloud.alqueria.es\/wp-content\/uploads\/sites\/5\/2024\/02\/PHOTO-2024-02-23-12-58-15-1-1536x1152.jpg 1536w\" sizes=\"(max-width: 1600px) 100vw, 1600px\" \/><\/p>\n<p>La ma\u00f1ana comienza con el encuentro de todos los grupos en sus clases cont\u00e1ndose las haza\u00f1as de sus vestimentas de los personajes, de la elaboraci\u00f3n e ideas para el d\u00eda. Antes de hacer el desfile de todas las clases del colegio, desde la clase naranja hasta sexto de Primaria, llegan los retoques de \u00faltima hora, ensayos y fotos de grupo.<\/p>\n<p><img decoding=\"async\" data-attachment-id=\"15415\" data-permalink=\"https:\/\/www.alqueria.es\/blogs\/colegioalqueriatercerciclo\/2024\/02\/26\/carnaval-2024\/photo-2024-02-23-14-01-21-2\/\" data-orig-file=\"https:\/\/cloud.alqueria.es\/wp-content\/uploads\/sites\/5\/2024\/02\/PHOTO-2024-02-23-14-01-21-2.jpg\" data-orig-size=\"1600,1200\" data-comments-opened=\"1\" data-image-meta=\"{&quot;aperture&quot;:&quot;0&quot;,&quot;credit&quot;:&quot;&quot;,&quot;camera&quot;:&quot;&quot;,&quot;caption&quot;:&quot;&quot;,&quot;created_timestamp&quot;:&quot;0&quot;,&quot;copyright&quot;:&quot;&quot;,&quot;focal_length&quot;:&quot;0&quot;,&quot;iso&quot;:&quot;0&quot;,&quot;shutter_speed&quot;:&quot;0&quot;,&quot;title&quot;:&quot;&quot;,&quot;orientation&quot;:&quot;0&quot;}\" data-image-title=\"PHOTO-2024-02-23-14-01-21 (2)\" data-image-description=\"\" data-image-caption=\"\" data-large-file=\"https:\/\/cloud.alqueria.es\/wp-content\/uploads\/sites\/5\/2024\/02\/PHOTO-2024-02-23-14-01-21-2-1024x768.jpg\" class=\"alignnone size-full wp-image-15415\" src=\"https:\/\/cloud.alqueria.es\/wp-content\/uploads\/sites\/5\/2024\/02\/PHOTO-2024-02-23-14-01-21-2.jpg\" alt=\"\" width=\"1600\" height=\"1200\" srcset=\"https:\/\/cloud.alqueria.es\/wp-content\/uploads\/sites\/5\/2024\/02\/PHOTO-2024-02-23-14-01-21-2.jpg 1600w, https:\/\/cloud.alqueria.es\/wp-content\/uploads\/sites\/5\/2024\/02\/PHOTO-2024-02-23-14-01-21-2-300x225.jpg 300w, https:\/\/cloud.alqueria.es\/wp-content\/uploads\/sites\/5\/2024\/02\/PHOTO-2024-02-23-14-01-21-2-1024x768.jpg 1024w, https:\/\/cloud.alqueria.es\/wp-content\/uploads\/sites\/5\/2024\/02\/PHOTO-2024-02-23-14-01-21-2-768x576.jpg 768w, https:\/\/cloud.alqueria.es\/wp-content\/uploads\/sites\/5\/2024\/02\/PHOTO-2024-02-23-14-01-21-2-1536x1152.jpg 1536w\" sizes=\"(max-width: 1600px) 100vw, 1600px\" \/><\/p>\n<p><img decoding=\"async\" data-attachment-id=\"15440\" data-permalink=\"https:\/\/www.alqueria.es\/blogs\/colegioalqueriatercerciclo\/2024\/02\/26\/carnaval-2024\/foto-grupo-carnaval-6\/\" data-orig-file=\"https:\/\/cloud.alqueria.es\/wp-content\/uploads\/sites\/5\/2024\/02\/FOTO-GRUPO-CARNAVAL-6.jpeg\" data-orig-size=\"2040,1148\" data-comments-opened=\"1\" data-image-meta=\"{&quot;aperture&quot;:&quot;0&quot;,&quot;credit&quot;:&quot;&quot;,&quot;camera&quot;:&quot;&quot;,&quot;caption&quot;:&quot;&quot;,&quot;created_timestamp&quot;:&quot;0&quot;,&quot;copyright&quot;:&quot;&quot;,&quot;focal_length&quot;:&quot;0&quot;,&quot;iso&quot;:&quot;0&quot;,&quot;shutter_speed&quot;:&quot;0&quot;,&quot;title&quot;:&quot;&quot;,&quot;orientation&quot;:&quot;0&quot;}\" data-image-title=\"FOTO GRUPO CARNAVAL 6+\" data-image-description=\"\" data-image-caption=\"\" data-large-file=\"https:\/\/cloud.alqueria.es\/wp-content\/uploads\/sites\/5\/2024\/02\/FOTO-GRUPO-CARNAVAL-6-1024x576.jpeg\" class=\"alignnone size-full wp-image-15440\" src=\"https:\/\/cloud.alqueria.es\/wp-content\/uploads\/sites\/5\/2024\/02\/FOTO-GRUPO-CARNAVAL-6.jpeg\" alt=\"\" width=\"2040\" height=\"1148\" srcset=\"https:\/\/cloud.alqueria.es\/wp-content\/uploads\/sites\/5\/2024\/02\/FOTO-GRUPO-CARNAVAL-6.jpeg 2040w, https:\/\/cloud.alqueria.es\/wp-content\/uploads\/sites\/5\/2024\/02\/FOTO-GRUPO-CARNAVAL-6-300x169.jpeg 300w, https:\/\/cloud.alqueria.es\/wp-content\/uploads\/sites\/5\/2024\/02\/FOTO-GRUPO-CARNAVAL-6-1024x576.jpeg 1024w, https:\/\/cloud.alqueria.es\/wp-content\/uploads\/sites\/5\/2024\/02\/FOTO-GRUPO-CARNAVAL-6-768x432.jpeg 768w, https:\/\/cloud.alqueria.es\/wp-content\/uploads\/sites\/5\/2024\/02\/FOTO-GRUPO-CARNAVAL-6-1536x864.jpeg 1536w\" sizes=\"(max-width: 2040px) 100vw, 2040px\" \/><\/p>\n<p>Disfrutamos de las chirigotas de nuestro alumnado, incluso cantan los amarillos (2-3 a\u00f1os). Cada a\u00f1o las canciones nos sorprenden m\u00e1s, tanto en su letra como en el ritmo y entonaci\u00f3n que tienen nuestros peque\u00f1ines.<\/p>\n<p><img decoding=\"async\" data-attachment-id=\"15461\" data-permalink=\"https:\/\/www.alqueria.es\/blogs\/colegioalqueriatercerciclo\/2024\/02\/26\/carnaval-2024\/photo-2024-02-23-12-26-22-3\/\" data-orig-file=\"https:\/\/cloud.alqueria.es\/wp-content\/uploads\/sites\/5\/2024\/02\/PHOTO-2024-02-23-12-26-22-3.jpg\" data-orig-size=\"2040,1148\" data-comments-opened=\"1\" data-image-meta=\"{&quot;aperture&quot;:&quot;0&quot;,&quot;credit&quot;:&quot;&quot;,&quot;camera&quot;:&quot;&quot;,&quot;caption&quot;:&quot;&quot;,&quot;created_timestamp&quot;:&quot;0&quot;,&quot;copyright&quot;:&quot;&quot;,&quot;focal_length&quot;:&quot;0&quot;,&quot;iso&quot;:&quot;0&quot;,&quot;shutter_speed&quot;:&quot;0&quot;,&quot;title&quot;:&quot;&quot;,&quot;orientation&quot;:&quot;0&quot;}\" data-image-title=\"PHOTO-2024-02-23-12-26-22 (3)\" data-image-description=\"\" data-image-caption=\"\" data-large-file=\"https:\/\/cloud.alqueria.es\/wp-content\/uploads\/sites\/5\/2024\/02\/PHOTO-2024-02-23-12-26-22-3-1024x576.jpg\" class=\"alignnone size-full wp-image-15461\" src=\"https:\/\/cloud.alqueria.es\/wp-content\/uploads\/sites\/5\/2024\/02\/PHOTO-2024-02-23-12-26-22-3.jpg\" alt=\"\" width=\"2040\" height=\"1148\" srcset=\"https:\/\/cloud.alqueria.es\/wp-content\/uploads\/sites\/5\/2024\/02\/PHOTO-2024-02-23-12-26-22-3.jpg 2040w, https:\/\/cloud.alqueria.es\/wp-content\/uploads\/sites\/5\/2024\/02\/PHOTO-2024-02-23-12-26-22-3-300x169.jpg 300w, https:\/\/cloud.alqueria.es\/wp-content\/uploads\/sites\/5\/2024\/02\/PHOTO-2024-02-23-12-26-22-3-1024x576.jpg 1024w, https:\/\/cloud.alqueria.es\/wp-content\/uploads\/sites\/5\/2024\/02\/PHOTO-2024-02-23-12-26-22-3-768x432.jpg 768w, https:\/\/cloud.alqueria.es\/wp-content\/uploads\/sites\/5\/2024\/02\/PHOTO-2024-02-23-12-26-22-3-1536x864.jpg 1536w\" sizes=\"(max-width: 2040px) 100vw, 2040px\" \/><\/p>\n<p><img decoding=\"async\" data-attachment-id=\"15464\" data-permalink=\"https:\/\/www.alqueria.es\/blogs\/colegioalqueriatercerciclo\/2024\/02\/26\/carnaval-2024\/photo-2024-02-23-14-48-35\/\" data-orig-file=\"https:\/\/cloud.alqueria.es\/wp-content\/uploads\/sites\/5\/2024\/02\/PHOTO-2024-02-23-14-48-35.jpg\" data-orig-size=\"1600,1200\" data-comments-opened=\"1\" data-image-meta=\"{&quot;aperture&quot;:&quot;0&quot;,&quot;credit&quot;:&quot;&quot;,&quot;camera&quot;:&quot;&quot;,&quot;caption&quot;:&quot;&quot;,&quot;created_timestamp&quot;:&quot;0&quot;,&quot;copyright&quot;:&quot;&quot;,&quot;focal_length&quot;:&quot;0&quot;,&quot;iso&quot;:&quot;0&quot;,&quot;shutter_speed&quot;:&quot;0&quot;,&quot;title&quot;:&quot;&quot;,&quot;orientation&quot;:&quot;0&quot;}\" data-image-title=\"PHOTO-2024-02-23-14-48-35\" data-image-description=\"\" data-image-caption=\"\" data-large-file=\"https:\/\/cloud.alqueria.es\/wp-content\/uploads\/sites\/5\/2024\/02\/PHOTO-2024-02-23-14-48-35-1024x768.jpg\" class=\"alignnone size-full wp-image-15464\" src=\"https:\/\/cloud.alqueria.es\/wp-content\/uploads\/sites\/5\/2024\/02\/PHOTO-2024-02-23-14-48-35.jpg\" alt=\"\" width=\"1600\" height=\"1200\" srcset=\"https:\/\/cloud.alqueria.es\/wp-content\/uploads\/sites\/5\/2024\/02\/PHOTO-2024-02-23-14-48-35.jpg 1600w, https:\/\/cloud.alqueria.es\/wp-content\/uploads\/sites\/5\/2024\/02\/PHOTO-2024-02-23-14-48-35-300x225.jpg 300w, https:\/\/cloud.alqueria.es\/wp-content\/uploads\/sites\/5\/2024\/02\/PHOTO-2024-02-23-14-48-35-1024x768.jpg 1024w, https:\/\/cloud.alqueria.es\/wp-content\/uploads\/sites\/5\/2024\/02\/PHOTO-2024-02-23-14-48-35-768x576.jpg 768w, https:\/\/cloud.alqueria.es\/wp-content\/uploads\/sites\/5\/2024\/02\/PHOTO-2024-02-23-14-48-35-1536x1152.jpg 1536w\" sizes=\"(max-width: 1600px) 100vw, 1600px\" \/><\/p>\n<p><img decoding=\"async\" data-attachment-id=\"15462\" data-permalink=\"https:\/\/www.alqueria.es\/blogs\/colegioalqueriatercerciclo\/2024\/02\/26\/carnaval-2024\/photo-2024-02-26-07-59-14-2\/\" data-orig-file=\"https:\/\/cloud.alqueria.es\/wp-content\/uploads\/sites\/5\/2024\/02\/PHOTO-2024-02-26-07-59-14-2.jpg\" data-orig-size=\"1600,900\" data-comments-opened=\"1\" data-image-meta=\"{&quot;aperture&quot;:&quot;0&quot;,&quot;credit&quot;:&quot;&quot;,&quot;camera&quot;:&quot;&quot;,&quot;caption&quot;:&quot;&quot;,&quot;created_timestamp&quot;:&quot;0&quot;,&quot;copyright&quot;:&quot;&quot;,&quot;focal_length&quot;:&quot;0&quot;,&quot;iso&quot;:&quot;0&quot;,&quot;shutter_speed&quot;:&quot;0&quot;,&quot;title&quot;:&quot;&quot;,&quot;orientation&quot;:&quot;0&quot;}\" data-image-title=\"PHOTO-2024-02-26-07-59-14 (2)\" data-image-description=\"\" data-image-caption=\"\" data-large-file=\"https:\/\/cloud.alqueria.es\/wp-content\/uploads\/sites\/5\/2024\/02\/PHOTO-2024-02-26-07-59-14-2-1024x576.jpg\" class=\"alignnone size-full wp-image-15462\" src=\"https:\/\/cloud.alqueria.es\/wp-content\/uploads\/sites\/5\/2024\/02\/PHOTO-2024-02-26-07-59-14-2.jpg\" alt=\"\" width=\"1600\" height=\"900\" srcset=\"https:\/\/cloud.alqueria.es\/wp-content\/uploads\/sites\/5\/2024\/02\/PHOTO-2024-02-26-07-59-14-2.jpg 1600w, https:\/\/cloud.alqueria.es\/wp-content\/uploads\/sites\/5\/2024\/02\/PHOTO-2024-02-26-07-59-14-2-300x169.jpg 300w, https:\/\/cloud.alqueria.es\/wp-content\/uploads\/sites\/5\/2024\/02\/PHOTO-2024-02-26-07-59-14-2-1024x576.jpg 1024w, https:\/\/cloud.alqueria.es\/wp-content\/uploads\/sites\/5\/2024\/02\/PHOTO-2024-02-26-07-59-14-2-768x432.jpg 768w, https:\/\/cloud.alqueria.es\/wp-content\/uploads\/sites\/5\/2024\/02\/PHOTO-2024-02-26-07-59-14-2-1536x864.jpg 1536w\" sizes=\"(max-width: 1600px) 100vw, 1600px\" \/><\/p>\n<p><img decoding=\"async\" data-attachment-id=\"15463\" data-permalink=\"https:\/\/www.alqueria.es\/blogs\/colegioalqueriatercerciclo\/2024\/02\/26\/carnaval-2024\/photo-2024-02-26-07-59-14-1\/\" data-orig-file=\"https:\/\/cloud.alqueria.es\/wp-content\/uploads\/sites\/5\/2024\/02\/PHOTO-2024-02-26-07-59-14-1.jpg\" data-orig-size=\"1600,1200\" data-comments-opened=\"1\" data-image-meta=\"{&quot;aperture&quot;:&quot;0&quot;,&quot;credit&quot;:&quot;&quot;,&quot;camera&quot;:&quot;&quot;,&quot;caption&quot;:&quot;&quot;,&quot;created_timestamp&quot;:&quot;0&quot;,&quot;copyright&quot;:&quot;&quot;,&quot;focal_length&quot;:&quot;0&quot;,&quot;iso&quot;:&quot;0&quot;,&quot;shutter_speed&quot;:&quot;0&quot;,&quot;title&quot;:&quot;&quot;,&quot;orientation&quot;:&quot;0&quot;}\" data-image-title=\"PHOTO-2024-02-26-07-59-14 (1)\" data-image-description=\"\" data-image-caption=\"\" data-large-file=\"https:\/\/cloud.alqueria.es\/wp-content\/uploads\/sites\/5\/2024\/02\/PHOTO-2024-02-26-07-59-14-1-1024x768.jpg\" class=\"alignnone size-full wp-image-15463\" src=\"https:\/\/cloud.alqueria.es\/wp-content\/uploads\/sites\/5\/2024\/02\/PHOTO-2024-02-26-07-59-14-1.jpg\" alt=\"\" width=\"1600\" height=\"1200\" srcset=\"https:\/\/cloud.alqueria.es\/wp-content\/uploads\/sites\/5\/2024\/02\/PHOTO-2024-02-26-07-59-14-1.jpg 1600w, https:\/\/cloud.alqueria.es\/wp-content\/uploads\/sites\/5\/2024\/02\/PHOTO-2024-02-26-07-59-14-1-300x225.jpg 300w, https:\/\/cloud.alqueria.es\/wp-content\/uploads\/sites\/5\/2024\/02\/PHOTO-2024-02-26-07-59-14-1-1024x768.jpg 1024w, https:\/\/cloud.alqueria.es\/wp-content\/uploads\/sites\/5\/2024\/02\/PHOTO-2024-02-26-07-59-14-1-768x576.jpg 768w, https:\/\/cloud.alqueria.es\/wp-content\/uploads\/sites\/5\/2024\/02\/PHOTO-2024-02-26-07-59-14-1-1536x1152.jpg 1536w\" sizes=\"(max-width: 1600px) 100vw, 1600px\" \/><\/p>\n<p><strong><span style=\"color: #ff00ff\">QUINTO:<\/span><\/strong><\/p>\n<p><span style=\"color: #993366\"><strong><em>SOMOS LOS DE QUINTO:<\/em><\/strong><\/span><\/p>\n<audio class=\"wp-audio-shortcode\" id=\"audio-15392-1\" preload=\"none\" style=\"width: 100%;\" controls=\"controls\"><source type=\"audio\/mpeg\" src=\"https:\/\/cloud.alqueria.es\/wp-content\/uploads\/sites\/5\/2024\/02\/Colegio-Alqueria-5.m4a?_=1\" \/><a href=\"https:\/\/cloud.alqueria.es\/wp-content\/uploads\/sites\/5\/2024\/02\/Colegio-Alqueria-5.m4a\">https:\/\/cloud.alqueria.es\/wp-content\/uploads\/sites\/5\/2024\/02\/Colegio-Alqueria-5.m4a<\/a><\/audio>\n<p><strong><span style=\"color: #993366\">A M\u00cd ME GUSTA MUCHO ESTE COLE:<\/span><\/strong><\/p>\n<audio class=\"wp-audio-shortcode\" id=\"audio-15392-2\" preload=\"none\" style=\"width: 100%;\" controls=\"controls\"><source type=\"audio\/mpeg\" src=\"https:\/\/cloud.alqueria.es\/wp-content\/uploads\/sites\/5\/2024\/02\/Colegio-Alqueria-7.m4a?_=2\" \/><a href=\"https:\/\/cloud.alqueria.es\/wp-content\/uploads\/sites\/5\/2024\/02\/Colegio-Alqueria-7.m4a\">https:\/\/cloud.alqueria.es\/wp-content\/uploads\/sites\/5\/2024\/02\/Colegio-Alqueria-7.m4a<\/a><\/audio>\n<p><span style=\"color: #ff00ff\"><strong>SEXTO:\u00a0<\/strong><\/span><\/p>\n<p><strong><span style=\"color: #993300\">SI NO ESTOY AQU\u00cd<\/span><\/strong><\/p>\n<audio class=\"wp-audio-shortcode\" id=\"audio-15392-3\" preload=\"none\" style=\"width: 100%;\" controls=\"controls\"><source type=\"audio\/mpeg\" src=\"https:\/\/cloud.alqueria.es\/wp-content\/uploads\/sites\/5\/2024\/02\/AUDIO-6.2-1.mp3?_=3\" \/><a href=\"https:\/\/cloud.alqueria.es\/wp-content\/uploads\/sites\/5\/2024\/02\/AUDIO-6.2-1.mp3\">https:\/\/cloud.alqueria.es\/wp-content\/uploads\/sites\/5\/2024\/02\/AUDIO-6.2-1.mp3<\/a><\/audio>\n<p><span style=\"color: #993300\"><strong>DALE ALEGR\u00cdA AL COLEGIO ALQUER\u00cdA<\/strong><\/span><\/p>\n<audio class=\"wp-audio-shortcode\" id=\"audio-15392-4\" preload=\"none\" style=\"width: 100%;\" controls=\"controls\"><source type=\"audio\/mpeg\" src=\"https:\/\/cloud.alqueria.es\/wp-content\/uploads\/sites\/5\/2024\/02\/AUDIO-6.2.mp3?_=4\" \/><a href=\"https:\/\/cloud.alqueria.es\/wp-content\/uploads\/sites\/5\/2024\/02\/AUDIO-6.2.mp3\">https:\/\/cloud.alqueria.es\/wp-content\/uploads\/sites\/5\/2024\/02\/AUDIO-6.2.mp3<\/a><\/audio>\n<p>Al mediod\u00eda, antes del comedor, se realiza un desfile de disfraces voluntario donde exponer cualquier tipo de historieta o escena breve c\u00f3mica previamente preparada y acordada para mostrar a los dem\u00e1s .<\/p>\n<p class=\"jetpack-slideshow-noscript robots-nocontent\">El pase de diapositivas requiere JavaScript.<\/p><div id=\"gallery-15392-3-slideshow\" class=\"jetpack-slideshow-window jetpack-slideshow jetpack-slideshow-black\" data-trans=\"fade\" data-autostart=\"1\" data-gallery=\"[{&quot;src&quot;:&quot;https:\\\/\\\/cloud.alqueria.es\\\/wp-content\\\/uploads\\\/sites\\\/5\\\/2024\\\/02\\\/TEATRO-1.jpeg&quot;,&quot;id&quot;:&quot;15435&quot;,&quot;title&quot;:&quot;TEATRO (1)&quot;,&quot;alt&quot;:&quot;&quot;,&quot;caption&quot;:&quot;&quot;,&quot;itemprop&quot;:&quot;image&quot;},{&quot;src&quot;:&quot;https:\\\/\\\/cloud.alqueria.es\\\/wp-content\\\/uploads\\\/sites\\\/5\\\/2024\\\/02\\\/TEATRO-2.jpeg&quot;,&quot;id&quot;:&quot;15436&quot;,&quot;title&quot;:&quot;TEATRO (2)&quot;,&quot;alt&quot;:&quot;&quot;,&quot;caption&quot;:&quot;&quot;,&quot;itemprop&quot;:&quot;image&quot;},{&quot;src&quot;:&quot;https:\\\/\\\/cloud.alqueria.es\\\/wp-content\\\/uploads\\\/sites\\\/5\\\/2024\\\/02\\\/TEATRO-3.jpeg&quot;,&quot;id&quot;:&quot;15437&quot;,&quot;title&quot;:&quot;TEATRO (3)&quot;,&quot;alt&quot;:&quot;&quot;,&quot;caption&quot;:&quot;&quot;,&quot;itemprop&quot;:&quot;image&quot;},{&quot;src&quot;:&quot;https:\\\/\\\/cloud.alqueria.es\\\/wp-content\\\/uploads\\\/sites\\\/5\\\/2024\\\/02\\\/TEATRO-4.jpeg&quot;,&quot;id&quot;:&quot;15438&quot;,&quot;title&quot;:&quot;TEATRO (4)&quot;,&quot;alt&quot;:&quot;&quot;,&quot;caption&quot;:&quot;&quot;,&quot;itemprop&quot;:&quot;image&quot;},{&quot;src&quot;:&quot;https:\\\/\\\/cloud.alqueria.es\\\/wp-content\\\/uploads\\\/sites\\\/5\\\/2024\\\/02\\\/TEATRO-5.jpeg&quot;,&quot;id&quot;:&quot;15439&quot;,&quot;title&quot;:&quot;TEATRO (5)&quot;,&quot;alt&quot;:&quot;&quot;,&quot;caption&quot;:&quot;&quot;,&quot;itemprop&quot;:&quot;image&quot;}]\" itemscope itemtype=\"https:\/\/schema.org\/ImageGallery\"><\/div>\n<p>Por la tarde disfrutamos con las familias de estas actuaciones, adem\u00e1s de la gran actuaci\u00f3n de las familias, y como no, tambi\u00e9n del profesorado. Disfrutamos de una merienda con chocolate y torta de carnaval gracias a nuestras cocineras.<\/p>\n<p class=\"jetpack-slideshow-noscript robots-nocontent\">El pase de diapositivas requiere JavaScript.<\/p><div id=\"gallery-15392-4-slideshow\" class=\"jetpack-slideshow-window jetpack-slideshow jetpack-slideshow-black\" data-trans=\"fade\" data-autostart=\"1\" data-gallery=\"[{&quot;src&quot;:&quot;https:\\\/\\\/cloud.alqueria.es\\\/wp-content\\\/uploads\\\/sites\\\/5\\\/2024\\\/02\\\/PHOTO-2024-02-23-18-01-17.jpg&quot;,&quot;id&quot;:&quot;15453&quot;,&quot;title&quot;:&quot;PHOTO-2024-02-23-18-01-17&quot;,&quot;alt&quot;:&quot;&quot;,&quot;caption&quot;:&quot;&quot;,&quot;itemprop&quot;:&quot;image&quot;},{&quot;src&quot;:&quot;https:\\\/\\\/cloud.alqueria.es\\\/wp-content\\\/uploads\\\/sites\\\/5\\\/2024\\\/02\\\/PHOTO-2024-02-25-10-51-48-1.jpg&quot;,&quot;id&quot;:&quot;15454&quot;,&quot;title&quot;:&quot;PHOTO-2024-02-25-10-51-48 (1)&quot;,&quot;alt&quot;:&quot;&quot;,&quot;caption&quot;:&quot;&quot;,&quot;itemprop&quot;:&quot;image&quot;},{&quot;src&quot;:&quot;https:\\\/\\\/cloud.alqueria.es\\\/wp-content\\\/uploads\\\/sites\\\/5\\\/2024\\\/02\\\/PHOTO-2024-02-25-10-51-48-2.jpg&quot;,&quot;id&quot;:&quot;15455&quot;,&quot;title&quot;:&quot;PHOTO-2024-02-25-10-51-48 (2)&quot;,&quot;alt&quot;:&quot;&quot;,&quot;caption&quot;:&quot;&quot;,&quot;itemprop&quot;:&quot;image&quot;},{&quot;src&quot;:&quot;https:\\\/\\\/cloud.alqueria.es\\\/wp-content\\\/uploads\\\/sites\\\/5\\\/2024\\\/02\\\/PHOTO-2024-02-25-10-51-48-3.jpg&quot;,&quot;id&quot;:&quot;15456&quot;,&quot;title&quot;:&quot;PHOTO-2024-02-25-10-51-48 (3)&quot;,&quot;alt&quot;:&quot;&quot;,&quot;caption&quot;:&quot;&quot;,&quot;itemprop&quot;:&quot;image&quot;},{&quot;src&quot;:&quot;https:\\\/\\\/cloud.alqueria.es\\\/wp-content\\\/uploads\\\/sites\\\/5\\\/2024\\\/02\\\/PHOTO-2024-02-25-10-51-48-4.jpg&quot;,&quot;id&quot;:&quot;15457&quot;,&quot;title&quot;:&quot;PHOTO-2024-02-25-10-51-48 (4)&quot;,&quot;alt&quot;:&quot;&quot;,&quot;caption&quot;:&quot;&quot;,&quot;itemprop&quot;:&quot;image&quot;},{&quot;src&quot;:&quot;https:\\\/\\\/cloud.alqueria.es\\\/wp-content\\\/uploads\\\/sites\\\/5\\\/2024\\\/02\\\/PHOTO-2024-02-25-10-51-48-5.jpg&quot;,&quot;id&quot;:&quot;15458&quot;,&quot;title&quot;:&quot;PHOTO-2024-02-25-10-51-48 (5)&quot;,&quot;alt&quot;:&quot;&quot;,&quot;caption&quot;:&quot;&quot;,&quot;itemprop&quot;:&quot;image&quot;},{&quot;src&quot;:&quot;https:\\\/\\\/cloud.alqueria.es\\\/wp-content\\\/uploads\\\/sites\\\/5\\\/2024\\\/02\\\/PHOTO-2024-02-25-10-51-48-7.jpg&quot;,&quot;id&quot;:&quot;15459&quot;,&quot;title&quot;:&quot;PHOTO-2024-02-25-10-51-48 (7)&quot;,&quot;alt&quot;:&quot;&quot;,&quot;caption&quot;:&quot;&quot;,&quot;itemprop&quot;:&quot;image&quot;},{&quot;src&quot;:&quot;https:\\\/\\\/cloud.alqueria.es\\\/wp-content\\\/uploads\\\/sites\\\/5\\\/2024\\\/02\\\/PHOTO-2024-02-25-10-51-48.jpg&quot;,&quot;id&quot;:&quot;15460&quot;,&quot;title&quot;:&quot;PHOTO-2024-02-25-10-51-48&quot;,&quot;alt&quot;:&quot;&quot;,&quot;caption&quot;:&quot;&quot;,&quot;itemprop&quot;:&quot;image&quot;}]\" itemscope itemtype=\"https:\/\/schema.org\/ImageGallery\"><\/div>\n<p>Esperamos que hay\u00e1is disfrutado de este d\u00eda tanto como nosotros lo hemos hecho junto a vuestros hijos e hijas.<\/p>\n<p>Isabel y Jorge<\/p>\n","protected":false},"excerpt":{"rendered":"<p>Un a\u00f1o m\u00e1s llega el Gran Carnaval de Alquer\u00eda Educaci\u00f3n. Todo el\u00a0alumnado ha llegado al centro disfrazado con sus mejores galas. Estamos maravillados del ingenio, creatividad e imaginaci\u00f3n que nuestros ni\u00f1os y ni\u00f1as tienen a la hora de hacer sus creaciones. Nos ha encantado la implicaci\u00f3n, el trabajo, la motivaci\u00f3n y esfuerzo de todo el &hellip; <a href=\"https:\/\/www.alqueria.es\/blogs\/colegioalqueriatercerciclo\/2024\/02\/26\/carnaval-2024\/\" class=\"more-link\">Seguir leyendo <span class=\"screen-reader-text\">Carnaval 2024<\/span> <span class=\"meta-nav\">&rarr;<\/span><\/a><\/p>\n","protected":false},"author":9,"featured_media":0,"comment_status":"open","ping_status":"open","sticky":false,"template":"","format":"standard","meta":{"jetpack_post_was_ever_published":false,"_jetpack_newsletter_access":"","_jetpack_dont_email_post_to_subs":false,"_jetpack_newsletter_tier_id":0,"_jetpack_memberships_contains_paywalled_content":false,"_jetpack_memberships_contains_paid_content":false,"footnotes":"","jetpack_publicize_message":"","jetpack_publicize_feature_enabled":true,"jetpack_social_post_already_shared":true,"jetpack_social_options":{"image_generator_settings":{"template":"highway","default_image_id":0,"font":"","enabled":false},"version":2}},"categories":[2,3],"tags":[121],"class_list":["post-15392","post","type-post","status-publish","format-standard","hentry","category-5o-epo","category-6o-epo","tag-carnaval"],"jetpack_publicize_connections":[],"jetpack_featured_media_url":"","jetpack_sharing_enabled":true,"jetpack_shortlink":"https:\/\/wp.me\/p4l4AW-40g","jetpack-related-posts":[],"_links":{"self":[{"href":"https:\/\/www.alqueria.es\/blogs\/colegioalqueriatercerciclo\/wp-json\/wp\/v2\/posts\/15392","targetHints":{"allow":["GET"]}}],"collection":[{"href":"https:\/\/www.alqueria.es\/blogs\/colegioalqueriatercerciclo\/wp-json\/wp\/v2\/posts"}],"about":[{"href":"https:\/\/www.alqueria.es\/blogs\/colegioalqueriatercerciclo\/wp-json\/wp\/v2\/types\/post"}],"author":[{"embeddable":true,"href":"https:\/\/www.alqueria.es\/blogs\/colegioalqueriatercerciclo\/wp-json\/wp\/v2\/users\/9"}],"replies":[{"embeddable":true,"href":"https:\/\/www.alqueria.es\/blogs\/colegioalqueriatercerciclo\/wp-json\/wp\/v2\/comments?post=15392"}],"version-history":[{"count":7,"href":"https:\/\/www.alqueria.es\/blogs\/colegioalqueriatercerciclo\/wp-json\/wp\/v2\/posts\/15392\/revisions"}],"predecessor-version":[{"id":15465,"href":"https:\/\/www.alqueria.es\/blogs\/colegioalqueriatercerciclo\/wp-json\/wp\/v2\/posts\/15392\/revisions\/15465"}],"wp:attachment":[{"href":"https:\/\/www.alqueria.es\/blogs\/colegioalqueriatercerciclo\/wp-json\/wp\/v2\/media?parent=15392"}],"wp:term":[{"taxonomy":"category","embeddable":true,"href":"https:\/\/www.alqueria.es\/blogs\/colegioalqueriatercerciclo\/wp-json\/wp\/v2\/categories?post=15392"},{"taxonomy":"post_tag","embeddable":true,"href":"https:\/\/www.alqueria.es\/blogs\/colegioalqueriatercerciclo\/wp-json\/wp\/v2\/tags?post=15392"}],"curies":[{"name":"wp","href":"https:\/\/api.w.org\/{rel}","templated":true}]}}