{"id":15501,"date":"2024-03-15T21:33:27","date_gmt":"2024-03-15T20:33:27","guid":{"rendered":"https:\/\/www.alqueria.es\/blogs\/colegioalqueriatercerciclo\/?p=15501"},"modified":"2024-03-15T21:37:29","modified_gmt":"2024-03-15T20:37:29","slug":"visita-a-la-facultad-de-bellas-artes","status":"publish","type":"post","link":"https:\/\/www.alqueria.es\/blogs\/colegioalqueriatercerciclo\/2024\/03\/15\/visita-a-la-facultad-de-bellas-artes\/","title":{"rendered":"Visita a la Facultad de Bellas Artes"},"content":{"rendered":"<p>Estimada familia, esta semana se ha realizado la salida cultural, del segundo trimestre. Hemos visitado la Facultad de Bellas Artes en compa\u00f1\u00eda de Reyes Gonz\u00e1lez Vida, mama de Mario y profesora de la Facultad.<\/p>\n<p><img decoding=\"async\" data-attachment-id=\"15504\" data-permalink=\"https:\/\/www.alqueria.es\/blogs\/colegioalqueriatercerciclo\/2024\/03\/15\/visita-a-la-facultad-de-bellas-artes\/photo-2024-03-11-17-19-4222\/\" data-orig-file=\"https:\/\/cloud.alqueria.es\/wp-content\/uploads\/sites\/5\/2024\/03\/PHOTO-2024-03-11-17-19-4222.jpg\" data-orig-size=\"1600,1200\" data-comments-opened=\"1\" data-image-meta=\"{&quot;aperture&quot;:&quot;0&quot;,&quot;credit&quot;:&quot;&quot;,&quot;camera&quot;:&quot;&quot;,&quot;caption&quot;:&quot;&quot;,&quot;created_timestamp&quot;:&quot;0&quot;,&quot;copyright&quot;:&quot;&quot;,&quot;focal_length&quot;:&quot;0&quot;,&quot;iso&quot;:&quot;0&quot;,&quot;shutter_speed&quot;:&quot;0&quot;,&quot;title&quot;:&quot;&quot;,&quot;orientation&quot;:&quot;0&quot;}\" data-image-title=\"PHOTO-2024-03-11-17-19-42(22)\" data-image-description=\"\" data-image-caption=\"\" data-large-file=\"https:\/\/cloud.alqueria.es\/wp-content\/uploads\/sites\/5\/2024\/03\/PHOTO-2024-03-11-17-19-4222-1024x768.jpg\" class=\"alignnone size-full wp-image-15504\" src=\"https:\/\/cloud.alqueria.es\/wp-content\/uploads\/sites\/5\/2024\/03\/PHOTO-2024-03-11-17-19-4222.jpg\" alt=\"\" width=\"1600\" height=\"1200\" srcset=\"https:\/\/cloud.alqueria.es\/wp-content\/uploads\/sites\/5\/2024\/03\/PHOTO-2024-03-11-17-19-4222.jpg 1600w, https:\/\/cloud.alqueria.es\/wp-content\/uploads\/sites\/5\/2024\/03\/PHOTO-2024-03-11-17-19-4222-300x225.jpg 300w, https:\/\/cloud.alqueria.es\/wp-content\/uploads\/sites\/5\/2024\/03\/PHOTO-2024-03-11-17-19-4222-1024x768.jpg 1024w, https:\/\/cloud.alqueria.es\/wp-content\/uploads\/sites\/5\/2024\/03\/PHOTO-2024-03-11-17-19-4222-768x576.jpg 768w, https:\/\/cloud.alqueria.es\/wp-content\/uploads\/sites\/5\/2024\/03\/PHOTO-2024-03-11-17-19-4222-1536x1152.jpg 1536w\" sizes=\"(max-width: 1600px) 100vw, 1600px\" \/><\/p>\n<p>Agradecemos a Reyes la organizaci\u00f3n de la visita, toda la implicaci\u00f3n que nos ha demostrado, las actividades que nos ha dise\u00f1ado para hacer de la salida una visita muy divertida, did\u00e1ctica y donde hemos disfrutado much\u00edsimo. Durante toda la visita nos han acompa\u00f1ado y nos han ayudado en la realizaci\u00f3n de las distintas actividades Mar\u00eda Mart\u00edn y Nuria Polo, dos alumnas que han colaborado con Reyes.<\/p>\n<p><img decoding=\"async\" data-attachment-id=\"15502\" data-permalink=\"https:\/\/www.alqueria.es\/blogs\/colegioalqueriatercerciclo\/2024\/03\/15\/visita-a-la-facultad-de-bellas-artes\/photo-2024-03-11-18-59-09\/\" data-orig-file=\"https:\/\/cloud.alqueria.es\/wp-content\/uploads\/sites\/5\/2024\/03\/PHOTO-2024-03-11-18-59-09.jpg\" data-orig-size=\"1600,1200\" data-comments-opened=\"1\" data-image-meta=\"{&quot;aperture&quot;:&quot;0&quot;,&quot;credit&quot;:&quot;&quot;,&quot;camera&quot;:&quot;&quot;,&quot;caption&quot;:&quot;&quot;,&quot;created_timestamp&quot;:&quot;0&quot;,&quot;copyright&quot;:&quot;&quot;,&quot;focal_length&quot;:&quot;0&quot;,&quot;iso&quot;:&quot;0&quot;,&quot;shutter_speed&quot;:&quot;0&quot;,&quot;title&quot;:&quot;&quot;,&quot;orientation&quot;:&quot;0&quot;}\" data-image-title=\"PHOTO-2024-03-11-18-59-09\" data-image-description=\"\" data-image-caption=\"\" data-large-file=\"https:\/\/cloud.alqueria.es\/wp-content\/uploads\/sites\/5\/2024\/03\/PHOTO-2024-03-11-18-59-09-1024x768.jpg\" class=\"alignnone size-full wp-image-15502\" src=\"https:\/\/cloud.alqueria.es\/wp-content\/uploads\/sites\/5\/2024\/03\/PHOTO-2024-03-11-18-59-09.jpg\" alt=\"\" width=\"1600\" height=\"1200\" srcset=\"https:\/\/cloud.alqueria.es\/wp-content\/uploads\/sites\/5\/2024\/03\/PHOTO-2024-03-11-18-59-09.jpg 1600w, https:\/\/cloud.alqueria.es\/wp-content\/uploads\/sites\/5\/2024\/03\/PHOTO-2024-03-11-18-59-09-300x225.jpg 300w, https:\/\/cloud.alqueria.es\/wp-content\/uploads\/sites\/5\/2024\/03\/PHOTO-2024-03-11-18-59-09-1024x768.jpg 1024w, https:\/\/cloud.alqueria.es\/wp-content\/uploads\/sites\/5\/2024\/03\/PHOTO-2024-03-11-18-59-09-768x576.jpg 768w, https:\/\/cloud.alqueria.es\/wp-content\/uploads\/sites\/5\/2024\/03\/PHOTO-2024-03-11-18-59-09-1536x1152.jpg 1536w\" sizes=\"(max-width: 1600px) 100vw, 1600px\" \/><\/p>\n<p>En el Proyecto de Alquer\u00eda Educaci\u00f3n siempre que tenemos programada una visita, trabajamos antes en el aula sobre el contexto de la Salida. Se hace una programaci\u00f3n espec\u00edfica para desarrollar en el aula antes, durante y posterior a la visita. En esta ocasi\u00f3n gracias a Reyes consideramos oportuno orientar el desarrollo de la visita a trav\u00e9s de la exposici\u00f3n que \u00edbamos a ver durante el d\u00eda.<\/p>\n<p>La exposici\u00f3n tiene por t\u00edtulo \u00abSE\u00d1AL\u00c9TICA\u00bb\u00a0 y trata de visibilizar diferentes tem\u00e1ticas como la violencia, el medio ambiente, la salud a trav\u00e9s de distintas intervenciones sobre se\u00f1ales que hay en las distintas localidades del mundo.<\/p>\n<p><img decoding=\"async\" data-attachment-id=\"15505\" data-permalink=\"https:\/\/www.alqueria.es\/blogs\/colegioalqueriatercerciclo\/2024\/03\/15\/visita-a-la-facultad-de-bellas-artes\/photo-2024-03-11-17-19-4220\/\" data-orig-file=\"https:\/\/cloud.alqueria.es\/wp-content\/uploads\/sites\/5\/2024\/03\/PHOTO-2024-03-11-17-19-4220.jpg\" data-orig-size=\"1600,1200\" data-comments-opened=\"1\" data-image-meta=\"{&quot;aperture&quot;:&quot;0&quot;,&quot;credit&quot;:&quot;&quot;,&quot;camera&quot;:&quot;&quot;,&quot;caption&quot;:&quot;&quot;,&quot;created_timestamp&quot;:&quot;0&quot;,&quot;copyright&quot;:&quot;&quot;,&quot;focal_length&quot;:&quot;0&quot;,&quot;iso&quot;:&quot;0&quot;,&quot;shutter_speed&quot;:&quot;0&quot;,&quot;title&quot;:&quot;&quot;,&quot;orientation&quot;:&quot;0&quot;}\" data-image-title=\"PHOTO-2024-03-11-17-19-42(20)\" data-image-description=\"\" data-image-caption=\"\" data-large-file=\"https:\/\/cloud.alqueria.es\/wp-content\/uploads\/sites\/5\/2024\/03\/PHOTO-2024-03-11-17-19-4220-1024x768.jpg\" class=\"alignnone size-full wp-image-15505\" src=\"https:\/\/cloud.alqueria.es\/wp-content\/uploads\/sites\/5\/2024\/03\/PHOTO-2024-03-11-17-19-4220.jpg\" alt=\"\" width=\"1600\" height=\"1200\" srcset=\"https:\/\/cloud.alqueria.es\/wp-content\/uploads\/sites\/5\/2024\/03\/PHOTO-2024-03-11-17-19-4220.jpg 1600w, https:\/\/cloud.alqueria.es\/wp-content\/uploads\/sites\/5\/2024\/03\/PHOTO-2024-03-11-17-19-4220-300x225.jpg 300w, https:\/\/cloud.alqueria.es\/wp-content\/uploads\/sites\/5\/2024\/03\/PHOTO-2024-03-11-17-19-4220-1024x768.jpg 1024w, https:\/\/cloud.alqueria.es\/wp-content\/uploads\/sites\/5\/2024\/03\/PHOTO-2024-03-11-17-19-4220-768x576.jpg 768w, https:\/\/cloud.alqueria.es\/wp-content\/uploads\/sites\/5\/2024\/03\/PHOTO-2024-03-11-17-19-4220-1536x1152.jpg 1536w\" sizes=\"(max-width: 1600px) 100vw, 1600px\" \/><\/p>\n<p>La muestra est\u00e1 formada por una selecci\u00f3n de unas cincuenta obras de car\u00e1cter gr\u00e1fico de entre las m\u00e1s de trescientas recopiladas en el proyecto, una decena de piezas objetuales, m\u00e1s de ciento cincuenta postales recibidas en la convocatoria \u00abSe\u00f1al\u00c9tica VII Posdata Esperanza Recuerda\u00bb, y algunas im\u00e1genes y enlaces a intervenciones en el espacio p\u00fablico.<\/p>\n<p>La investigaci\u00f3n est\u00e1 vinculada al Programa DACIU (Fundaci\u00f3n Avanza y Universidad), y ha sido realizada por un equipo de Bellas Artes de la Universidad de Granada, con la coordinaci\u00f3n de Consuelo Vallejo. La exposici\u00f3n est\u00e1 producida por el Laboratorio de Imagen de la Facultad de Bellas Artes, y est\u00e1 financiada por el Grupo de Investigaci\u00f3n Hum-611, dirigido por Pedro Os\u00e1kar Olaiz, y el Departamento de Pintura, con la coordinaci\u00f3n del Vicedecanato de Extensi\u00f3n Cultural y Estudiantes. Colaboran los profesores Mar\u00eda Rodr\u00edguez Vald\u00e9s y Jos\u00e9 Luis Lozano Jim\u00e9nez.<\/p>\n<p><img decoding=\"async\" data-attachment-id=\"15524\" data-permalink=\"https:\/\/www.alqueria.es\/blogs\/colegioalqueriatercerciclo\/2024\/03\/15\/visita-a-la-facultad-de-bellas-artes\/20240311_102238\/\" data-orig-file=\"https:\/\/cloud.alqueria.es\/wp-content\/uploads\/sites\/5\/2024\/03\/20240311_102238.jpg\" data-orig-size=\"2500,1875\" data-comments-opened=\"1\" data-image-meta=\"{&quot;aperture&quot;:&quot;1.7&quot;,&quot;credit&quot;:&quot;&quot;,&quot;camera&quot;:&quot;SM-A705FN&quot;,&quot;caption&quot;:&quot;&quot;,&quot;created_timestamp&quot;:&quot;1710152558&quot;,&quot;copyright&quot;:&quot;&quot;,&quot;focal_length&quot;:&quot;3.92&quot;,&quot;iso&quot;:&quot;250&quot;,&quot;shutter_speed&quot;:&quot;0.02&quot;,&quot;title&quot;:&quot;&quot;,&quot;orientation&quot;:&quot;0&quot;}\" data-image-title=\"20240311_102238\" data-image-description=\"\" data-image-caption=\"\" data-large-file=\"https:\/\/cloud.alqueria.es\/wp-content\/uploads\/sites\/5\/2024\/03\/20240311_102238-1024x768.jpg\" class=\"alignnone size-full wp-image-15524\" src=\"https:\/\/cloud.alqueria.es\/wp-content\/uploads\/sites\/5\/2024\/03\/20240311_102238.jpg\" alt=\"\" width=\"2500\" height=\"1875\" srcset=\"https:\/\/cloud.alqueria.es\/wp-content\/uploads\/sites\/5\/2024\/03\/20240311_102238.jpg 2500w, https:\/\/cloud.alqueria.es\/wp-content\/uploads\/sites\/5\/2024\/03\/20240311_102238-300x225.jpg 300w, https:\/\/cloud.alqueria.es\/wp-content\/uploads\/sites\/5\/2024\/03\/20240311_102238-1024x768.jpg 1024w, https:\/\/cloud.alqueria.es\/wp-content\/uploads\/sites\/5\/2024\/03\/20240311_102238-768x576.jpg 768w, https:\/\/cloud.alqueria.es\/wp-content\/uploads\/sites\/5\/2024\/03\/20240311_102238-1536x1152.jpg 1536w, https:\/\/cloud.alqueria.es\/wp-content\/uploads\/sites\/5\/2024\/03\/20240311_102238-2048x1536.jpg 2048w\" sizes=\"(max-width: 2500px) 100vw, 2500px\" \/><\/p>\n<p>Agradecemos a Consuelo\u00a0 su buen hacer a la hora de explicarnos la exposici\u00f3n, de hacernos el recorrido de forma tan did\u00e1ctica. El grupo de alumnos y alumnas ha participado de forma activa y expresando lo que le transmiten las obras de la exposici\u00f3n.<\/p>\n<p class=\"jetpack-slideshow-noscript robots-nocontent\">El pase de diapositivas requiere JavaScript.<\/p><div id=\"gallery-15501-1-slideshow\" class=\"jetpack-slideshow-window jetpack-slideshow jetpack-slideshow-black\" data-trans=\"fade\" data-autostart=\"1\" data-gallery=\"[{&quot;src&quot;:&quot;https:\\\/\\\/cloud.alqueria.es\\\/wp-content\\\/uploads\\\/sites\\\/5\\\/2024\\\/03\\\/20240311_103843.jpg&quot;,&quot;id&quot;:&quot;15531&quot;,&quot;title&quot;:&quot;20240311_103843&quot;,&quot;alt&quot;:&quot;&quot;,&quot;caption&quot;:&quot;&quot;,&quot;itemprop&quot;:&quot;image&quot;},{&quot;src&quot;:&quot;https:\\\/\\\/cloud.alqueria.es\\\/wp-content\\\/uploads\\\/sites\\\/5\\\/2024\\\/03\\\/20240311_103704.jpg&quot;,&quot;id&quot;:&quot;15530&quot;,&quot;title&quot;:&quot;20240311_103704&quot;,&quot;alt&quot;:&quot;&quot;,&quot;caption&quot;:&quot;&quot;,&quot;itemprop&quot;:&quot;image&quot;},{&quot;src&quot;:&quot;https:\\\/\\\/cloud.alqueria.es\\\/wp-content\\\/uploads\\\/sites\\\/5\\\/2024\\\/03\\\/20240311_103512.jpg&quot;,&quot;id&quot;:&quot;15529&quot;,&quot;title&quot;:&quot;20240311_103512&quot;,&quot;alt&quot;:&quot;&quot;,&quot;caption&quot;:&quot;&quot;,&quot;itemprop&quot;:&quot;image&quot;},{&quot;src&quot;:&quot;https:\\\/\\\/cloud.alqueria.es\\\/wp-content\\\/uploads\\\/sites\\\/5\\\/2024\\\/03\\\/20240311_103418.jpg&quot;,&quot;id&quot;:&quot;15528&quot;,&quot;title&quot;:&quot;20240311_103418&quot;,&quot;alt&quot;:&quot;&quot;,&quot;caption&quot;:&quot;&quot;,&quot;itemprop&quot;:&quot;image&quot;},{&quot;src&quot;:&quot;https:\\\/\\\/cloud.alqueria.es\\\/wp-content\\\/uploads\\\/sites\\\/5\\\/2024\\\/03\\\/20240311_103232.jpg&quot;,&quot;id&quot;:&quot;15527&quot;,&quot;title&quot;:&quot;20240311_103232&quot;,&quot;alt&quot;:&quot;&quot;,&quot;caption&quot;:&quot;&quot;,&quot;itemprop&quot;:&quot;image&quot;},{&quot;src&quot;:&quot;https:\\\/\\\/cloud.alqueria.es\\\/wp-content\\\/uploads\\\/sites\\\/5\\\/2024\\\/03\\\/20240311_102932.jpg&quot;,&quot;id&quot;:&quot;15526&quot;,&quot;title&quot;:&quot;20240311_102932&quot;,&quot;alt&quot;:&quot;&quot;,&quot;caption&quot;:&quot;&quot;,&quot;itemprop&quot;:&quot;image&quot;},{&quot;src&quot;:&quot;https:\\\/\\\/cloud.alqueria.es\\\/wp-content\\\/uploads\\\/sites\\\/5\\\/2024\\\/03\\\/20240311_102716.jpg&quot;,&quot;id&quot;:&quot;15525&quot;,&quot;title&quot;:&quot;20240311_102716&quot;,&quot;alt&quot;:&quot;&quot;,&quot;caption&quot;:&quot;&quot;,&quot;itemprop&quot;:&quot;image&quot;},{&quot;src&quot;:&quot;https:\\\/\\\/cloud.alqueria.es\\\/wp-content\\\/uploads\\\/sites\\\/5\\\/2024\\\/03\\\/20240311_101222.jpg&quot;,&quot;id&quot;:&quot;15522&quot;,&quot;title&quot;:&quot;20240311_101222&quot;,&quot;alt&quot;:&quot;&quot;,&quot;caption&quot;:&quot;&quot;,&quot;itemprop&quot;:&quot;image&quot;},{&quot;src&quot;:&quot;https:\\\/\\\/cloud.alqueria.es\\\/wp-content\\\/uploads\\\/sites\\\/5\\\/2024\\\/03\\\/20240311_100845.jpg&quot;,&quot;id&quot;:&quot;15520&quot;,&quot;title&quot;:&quot;20240311_100845&quot;,&quot;alt&quot;:&quot;&quot;,&quot;caption&quot;:&quot;&quot;,&quot;itemprop&quot;:&quot;image&quot;},{&quot;src&quot;:&quot;https:\\\/\\\/cloud.alqueria.es\\\/wp-content\\\/uploads\\\/sites\\\/5\\\/2024\\\/03\\\/20240311_100640.jpg&quot;,&quot;id&quot;:&quot;15519&quot;,&quot;title&quot;:&quot;20240311_100640&quot;,&quot;alt&quot;:&quot;&quot;,&quot;caption&quot;:&quot;&quot;,&quot;itemprop&quot;:&quot;image&quot;},{&quot;src&quot;:&quot;https:\\\/\\\/cloud.alqueria.es\\\/wp-content\\\/uploads\\\/sites\\\/5\\\/2024\\\/03\\\/20240311_100555.jpg&quot;,&quot;id&quot;:&quot;15518&quot;,&quot;title&quot;:&quot;20240311_100555&quot;,&quot;alt&quot;:&quot;&quot;,&quot;caption&quot;:&quot;&quot;,&quot;itemprop&quot;:&quot;image&quot;},{&quot;src&quot;:&quot;https:\\\/\\\/cloud.alqueria.es\\\/wp-content\\\/uploads\\\/sites\\\/5\\\/2024\\\/03\\\/20240311_100526.jpg&quot;,&quot;id&quot;:&quot;15516&quot;,&quot;title&quot;:&quot;20240311_100526&quot;,&quot;alt&quot;:&quot;&quot;,&quot;caption&quot;:&quot;&quot;,&quot;itemprop&quot;:&quot;image&quot;},{&quot;src&quot;:&quot;https:\\\/\\\/cloud.alqueria.es\\\/wp-content\\\/uploads\\\/sites\\\/5\\\/2024\\\/03\\\/20240311_100539.jpg&quot;,&quot;id&quot;:&quot;15517&quot;,&quot;title&quot;:&quot;20240311_100539&quot;,&quot;alt&quot;:&quot;&quot;,&quot;caption&quot;:&quot;&quot;,&quot;itemprop&quot;:&quot;image&quot;}]\" itemscope itemtype=\"https:\/\/schema.org\/ImageGallery\"><\/div>\n<p>El grupo de quinto, previamente a la visita, trabajamos sobre la exposici\u00f3n interviniendo sobre se\u00f1ales que a cada miembro del aula le ha llamado la atenci\u00f3n. Primero elegimos la se\u00f1al y luego de forma manual o de forma digital transformaron esa se\u00f1al para transmitir distintos mensajes. Consuelo nos ha felicitado por la gran calidad de los trabajos.<\/p>\n<p>Adem\u00e1s nos hemos llevado una gran sorpresa y es que Consuelo nos ha dicho que \u00edbamos a formar parte de la muestra junto al resto de intervenciones creadas por distintas personas.\u00a0 Incluso podemos formar parte del cat\u00e1logo de la exposici\u00f3n cuando se elabore.<\/p>\n<p class=\"jetpack-slideshow-noscript robots-nocontent\">El pase de diapositivas requiere JavaScript.<\/p><div id=\"gallery-15501-2-slideshow\" class=\"jetpack-slideshow-window jetpack-slideshow jetpack-slideshow-black\" data-trans=\"fade\" data-autostart=\"1\" data-gallery=\"[{&quot;src&quot;:&quot;https:\\\/\\\/cloud.alqueria.es\\\/wp-content\\\/uploads\\\/sites\\\/5\\\/2024\\\/03\\\/PHOTO-2024-03-13-09-39-26.jpg&quot;,&quot;id&quot;:&quot;15536&quot;,&quot;title&quot;:&quot;PHOTO-2024-03-13-09-39-26&quot;,&quot;alt&quot;:&quot;&quot;,&quot;caption&quot;:&quot;&quot;,&quot;itemprop&quot;:&quot;image&quot;},{&quot;src&quot;:&quot;https:\\\/\\\/cloud.alqueria.es\\\/wp-content\\\/uploads\\\/sites\\\/5\\\/2024\\\/03\\\/PHOTO-2024-03-13-09-39-25.jpg&quot;,&quot;id&quot;:&quot;15535&quot;,&quot;title&quot;:&quot;PHOTO-2024-03-13-09-39-25&quot;,&quot;alt&quot;:&quot;&quot;,&quot;caption&quot;:&quot;&quot;,&quot;itemprop&quot;:&quot;image&quot;},{&quot;src&quot;:&quot;https:\\\/\\\/cloud.alqueria.es\\\/wp-content\\\/uploads\\\/sites\\\/5\\\/2024\\\/03\\\/20240311_101841.jpg&quot;,&quot;id&quot;:&quot;15523&quot;,&quot;title&quot;:&quot;20240311_101841&quot;,&quot;alt&quot;:&quot;&quot;,&quot;caption&quot;:&quot;&quot;,&quot;itemprop&quot;:&quot;image&quot;},{&quot;src&quot;:&quot;https:\\\/\\\/cloud.alqueria.es\\\/wp-content\\\/uploads\\\/sites\\\/5\\\/2024\\\/03\\\/20240311_100845.jpg&quot;,&quot;id&quot;:&quot;15520&quot;,&quot;title&quot;:&quot;20240311_100845&quot;,&quot;alt&quot;:&quot;&quot;,&quot;caption&quot;:&quot;&quot;,&quot;itemprop&quot;:&quot;image&quot;}]\" itemscope itemtype=\"https:\/\/schema.org\/ImageGallery\"><\/div>\n<p>Para terminar nuestra visita a la exposici\u00f3n, Consuelo nos quiere despedir con un detalle muy especial de la muestra y que ha elaborado ella para cada uno de nosotros. El detalle consiste en regalarnos una hoja de distintos \u00e1rboles,\u00a0 bordada con palabras de emociones.\u00a0 Tambi\u00e9n nos regala una postal\u00a0 donde podemos enviar esta hoja a la persona que cada uno considere. Adem\u00e1s nos cuenta la historia de una hoja que le llego para una muestra anterior y que nos transmite un mensaje muy bonito sobre el respeto y el buen hacer de las personas. Pedirle a vuestros hijos que os cuenten la historia.<\/p>\n<p><img decoding=\"async\" data-attachment-id=\"15533\" data-permalink=\"https:\/\/www.alqueria.es\/blogs\/colegioalqueriatercerciclo\/2024\/03\/15\/visita-a-la-facultad-de-bellas-artes\/20240311_105513\/\" data-orig-file=\"https:\/\/cloud.alqueria.es\/wp-content\/uploads\/sites\/5\/2024\/03\/20240311_105513.jpg\" data-orig-size=\"1875,2500\" data-comments-opened=\"1\" data-image-meta=\"{&quot;aperture&quot;:&quot;1.7&quot;,&quot;credit&quot;:&quot;&quot;,&quot;camera&quot;:&quot;SM-A705FN&quot;,&quot;caption&quot;:&quot;&quot;,&quot;created_timestamp&quot;:&quot;1710154513&quot;,&quot;copyright&quot;:&quot;&quot;,&quot;focal_length&quot;:&quot;3.92&quot;,&quot;iso&quot;:&quot;320&quot;,&quot;shutter_speed&quot;:&quot;0.03030303030303&quot;,&quot;title&quot;:&quot;&quot;,&quot;orientation&quot;:&quot;0&quot;}\" data-image-title=\"20240311_105513\" data-image-description=\"\" data-image-caption=\"\" data-large-file=\"https:\/\/cloud.alqueria.es\/wp-content\/uploads\/sites\/5\/2024\/03\/20240311_105513-768x1024.jpg\" class=\"alignnone size-full wp-image-15533\" src=\"https:\/\/cloud.alqueria.es\/wp-content\/uploads\/sites\/5\/2024\/03\/20240311_105513.jpg\" alt=\"\" width=\"1875\" height=\"2500\" srcset=\"https:\/\/cloud.alqueria.es\/wp-content\/uploads\/sites\/5\/2024\/03\/20240311_105513.jpg 1875w, https:\/\/cloud.alqueria.es\/wp-content\/uploads\/sites\/5\/2024\/03\/20240311_105513-225x300.jpg 225w, https:\/\/cloud.alqueria.es\/wp-content\/uploads\/sites\/5\/2024\/03\/20240311_105513-768x1024.jpg 768w, https:\/\/cloud.alqueria.es\/wp-content\/uploads\/sites\/5\/2024\/03\/20240311_105513-1152x1536.jpg 1152w, https:\/\/cloud.alqueria.es\/wp-content\/uploads\/sites\/5\/2024\/03\/20240311_105513-1536x2048.jpg 1536w\" sizes=\"(max-width: 1875px) 100vw, 1875px\" \/><\/p>\n<p>&nbsp;<\/p>\n<p><img decoding=\"async\" data-attachment-id=\"15549\" data-permalink=\"https:\/\/www.alqueria.es\/blogs\/colegioalqueriatercerciclo\/2024\/03\/15\/visita-a-la-facultad-de-bellas-artes\/20240311_104524\/\" data-orig-file=\"https:\/\/cloud.alqueria.es\/wp-content\/uploads\/sites\/5\/2024\/03\/20240311_104524.jpg\" data-orig-size=\"1875,2500\" data-comments-opened=\"1\" data-image-meta=\"{&quot;aperture&quot;:&quot;1.7&quot;,&quot;credit&quot;:&quot;&quot;,&quot;camera&quot;:&quot;SM-A705FN&quot;,&quot;caption&quot;:&quot;&quot;,&quot;created_timestamp&quot;:&quot;1710153924&quot;,&quot;copyright&quot;:&quot;&quot;,&quot;focal_length&quot;:&quot;3.92&quot;,&quot;iso&quot;:&quot;500&quot;,&quot;shutter_speed&quot;:&quot;0.04&quot;,&quot;title&quot;:&quot;&quot;,&quot;orientation&quot;:&quot;0&quot;}\" data-image-title=\"20240311_104524\" data-image-description=\"\" data-image-caption=\"\" data-large-file=\"https:\/\/cloud.alqueria.es\/wp-content\/uploads\/sites\/5\/2024\/03\/20240311_104524-768x1024.jpg\" class=\"alignnone size-full wp-image-15549\" src=\"https:\/\/cloud.alqueria.es\/wp-content\/uploads\/sites\/5\/2024\/03\/20240311_104524.jpg\" alt=\"\" width=\"1875\" height=\"2500\" srcset=\"https:\/\/cloud.alqueria.es\/wp-content\/uploads\/sites\/5\/2024\/03\/20240311_104524.jpg 1875w, https:\/\/cloud.alqueria.es\/wp-content\/uploads\/sites\/5\/2024\/03\/20240311_104524-225x300.jpg 225w, https:\/\/cloud.alqueria.es\/wp-content\/uploads\/sites\/5\/2024\/03\/20240311_104524-768x1024.jpg 768w, https:\/\/cloud.alqueria.es\/wp-content\/uploads\/sites\/5\/2024\/03\/20240311_104524-1152x1536.jpg 1152w, https:\/\/cloud.alqueria.es\/wp-content\/uploads\/sites\/5\/2024\/03\/20240311_104524-1536x2048.jpg 1536w\" sizes=\"(max-width: 1875px) 100vw, 1875px\" \/><\/p>\n<p>Reyes despu\u00e9s de la visita a la exposici\u00f3n, nos muestra la sala donde se han imprimido nuestras se\u00f1ales y donde se han cortado con una m\u00e1quina l\u00e1ser las palabras que nos van a ayudar a crear nuestro siguiente trabajo. En clase el d\u00eda de la mujer, en grupos de cinco alumnos elaboramos frases de cinco palabras sobre la Importancia de la Mujer. Esas palabras gracias al encargado del taller nos las han preparado en madera para que sirva como plantilla para el trabajo a realizar. Para hacer esta actividad nos vamos a un aula junto al patio de Bellas Artes, donde el primer paso de la actividad consist\u00eda en decorar el fondo de una cartulina. Cada persona de la clase ha elegido el color de la cartulina y ha dise\u00f1ado el fondo de la misma utilizando distintos colores y distintas plantillas. Esas cartulinas se utilizan como base para escribir las palabras que conforman las frases creadas para el d\u00eda de la Mujer. Mediante el uso de spray y utilizando las plantillas de las palabras creadas, pintamos cada uno, una palabra. Luego dejamos secar las palabras hasta que al final de nuestra visita vayamos al taller de fotograf\u00eda para componer nuestras frases y tomar una foto de grupo.<\/p>\n<p class=\"jetpack-slideshow-noscript robots-nocontent\">El pase de diapositivas requiere JavaScript.<\/p><div id=\"gallery-15501-3-slideshow\" class=\"jetpack-slideshow-window jetpack-slideshow jetpack-slideshow-black\" data-trans=\"fade\" data-autostart=\"1\" data-gallery=\"[{&quot;src&quot;:&quot;https:\\\/\\\/cloud.alqueria.es\\\/wp-content\\\/uploads\\\/sites\\\/5\\\/2024\\\/03\\\/PHOTO-2024-03-11-17-18-01-2.jpg&quot;,&quot;id&quot;:&quot;15537&quot;,&quot;title&quot;:&quot;PHOTO-2024-03-11-17-18-01 (2)&quot;,&quot;alt&quot;:&quot;&quot;,&quot;caption&quot;:&quot;&quot;,&quot;itemprop&quot;:&quot;image&quot;},{&quot;src&quot;:&quot;https:\\\/\\\/cloud.alqueria.es\\\/wp-content\\\/uploads\\\/sites\\\/5\\\/2024\\\/03\\\/PHOTO-2024-03-11-17-18-012.jpg&quot;,&quot;id&quot;:&quot;15538&quot;,&quot;title&quot;:&quot;PHOTO-2024-03-11-17-18-01(2)&quot;,&quot;alt&quot;:&quot;&quot;,&quot;caption&quot;:&quot;&quot;,&quot;itemprop&quot;:&quot;image&quot;},{&quot;src&quot;:&quot;https:\\\/\\\/cloud.alqueria.es\\\/wp-content\\\/uploads\\\/sites\\\/5\\\/2024\\\/03\\\/PHOTO-2024-03-11-17-18-014.jpg&quot;,&quot;id&quot;:&quot;15539&quot;,&quot;title&quot;:&quot;PHOTO-2024-03-11-17-18-01(4)&quot;,&quot;alt&quot;:&quot;&quot;,&quot;caption&quot;:&quot;&quot;,&quot;itemprop&quot;:&quot;image&quot;},{&quot;src&quot;:&quot;https:\\\/\\\/cloud.alqueria.es\\\/wp-content\\\/uploads\\\/sites\\\/5\\\/2024\\\/03\\\/PHOTO-2024-03-11-17-18-015.jpg&quot;,&quot;id&quot;:&quot;15540&quot;,&quot;title&quot;:&quot;PHOTO-2024-03-11-17-18-01(5)&quot;,&quot;alt&quot;:&quot;&quot;,&quot;caption&quot;:&quot;&quot;,&quot;itemprop&quot;:&quot;image&quot;},{&quot;src&quot;:&quot;https:\\\/\\\/cloud.alqueria.es\\\/wp-content\\\/uploads\\\/sites\\\/5\\\/2024\\\/03\\\/PHOTO-2024-03-11-17-18-016.jpg&quot;,&quot;id&quot;:&quot;15541&quot;,&quot;title&quot;:&quot;PHOTO-2024-03-11-17-18-01(6)&quot;,&quot;alt&quot;:&quot;&quot;,&quot;caption&quot;:&quot;&quot;,&quot;itemprop&quot;:&quot;image&quot;},{&quot;src&quot;:&quot;https:\\\/\\\/cloud.alqueria.es\\\/wp-content\\\/uploads\\\/sites\\\/5\\\/2024\\\/03\\\/PHOTO-2024-03-11-19-01-29.jpg&quot;,&quot;id&quot;:&quot;15542&quot;,&quot;title&quot;:&quot;PHOTO-2024-03-11-19-01-29&quot;,&quot;alt&quot;:&quot;&quot;,&quot;caption&quot;:&quot;&quot;,&quot;itemprop&quot;:&quot;image&quot;},{&quot;src&quot;:&quot;https:\\\/\\\/cloud.alqueria.es\\\/wp-content\\\/uploads\\\/sites\\\/5\\\/2024\\\/03\\\/PHOTO-2024-03-11-19-01-31.jpg&quot;,&quot;id&quot;:&quot;15543&quot;,&quot;title&quot;:&quot;PHOTO-2024-03-11-19-01-31&quot;,&quot;alt&quot;:&quot;&quot;,&quot;caption&quot;:&quot;&quot;,&quot;itemprop&quot;:&quot;image&quot;},{&quot;src&quot;:&quot;https:\\\/\\\/cloud.alqueria.es\\\/wp-content\\\/uploads\\\/sites\\\/5\\\/2024\\\/03\\\/PHOTO-2024-03-11-19-01-351.jpg&quot;,&quot;id&quot;:&quot;15544&quot;,&quot;title&quot;:&quot;PHOTO-2024-03-11-19-01-35(1)&quot;,&quot;alt&quot;:&quot;&quot;,&quot;caption&quot;:&quot;&quot;,&quot;itemprop&quot;:&quot;image&quot;},{&quot;src&quot;:&quot;https:\\\/\\\/cloud.alqueria.es\\\/wp-content\\\/uploads\\\/sites\\\/5\\\/2024\\\/03\\\/PHOTO-2024-03-11-19-01-353.jpg&quot;,&quot;id&quot;:&quot;15545&quot;,&quot;title&quot;:&quot;PHOTO-2024-03-11-19-01-35(3)&quot;,&quot;alt&quot;:&quot;&quot;,&quot;caption&quot;:&quot;&quot;,&quot;itemprop&quot;:&quot;image&quot;},{&quot;src&quot;:&quot;https:\\\/\\\/cloud.alqueria.es\\\/wp-content\\\/uploads\\\/sites\\\/5\\\/2024\\\/03\\\/PHOTO-2024-03-11-19-01-354.jpg&quot;,&quot;id&quot;:&quot;15546&quot;,&quot;title&quot;:&quot;PHOTO-2024-03-11-19-01-35(4)&quot;,&quot;alt&quot;:&quot;&quot;,&quot;caption&quot;:&quot;&quot;,&quot;itemprop&quot;:&quot;image&quot;},{&quot;src&quot;:&quot;https:\\\/\\\/cloud.alqueria.es\\\/wp-content\\\/uploads\\\/sites\\\/5\\\/2024\\\/03\\\/PHOTO-2024-03-11-19-01-355.jpg&quot;,&quot;id&quot;:&quot;15547&quot;,&quot;title&quot;:&quot;PHOTO-2024-03-11-19-01-35(5)&quot;,&quot;alt&quot;:&quot;&quot;,&quot;caption&quot;:&quot;&quot;,&quot;itemprop&quot;:&quot;image&quot;},{&quot;src&quot;:&quot;https:\\\/\\\/cloud.alqueria.es\\\/wp-content\\\/uploads\\\/sites\\\/5\\\/2024\\\/03\\\/PHOTO-2024-03-11-19-01-35.jpg&quot;,&quot;id&quot;:&quot;15548&quot;,&quot;title&quot;:&quot;PHOTO-2024-03-11-19-01-35&quot;,&quot;alt&quot;:&quot;&quot;,&quot;caption&quot;:&quot;&quot;,&quot;itemprop&quot;:&quot;image&quot;},{&quot;src&quot;:&quot;https:\\\/\\\/cloud.alqueria.es\\\/wp-content\\\/uploads\\\/sites\\\/5\\\/2024\\\/03\\\/20240311_110411.jpg&quot;,&quot;id&quot;:&quot;15557&quot;,&quot;title&quot;:&quot;20240311_110411&quot;,&quot;alt&quot;:&quot;&quot;,&quot;caption&quot;:&quot;&quot;,&quot;itemprop&quot;:&quot;image&quot;}]\" itemscope itemtype=\"https:\/\/schema.org\/ImageGallery\"><\/div>\n<p>A lo largo de la ma\u00f1ana no solo recorremos las distintas aulas y departamentos de la Facultad sino que tambi\u00e9n tenemos nuestro merecido descanso y tomamos riqu\u00edsimos tentempi\u00e9s<\/p>\n<p class=\"jetpack-slideshow-noscript robots-nocontent\">El pase de diapositivas requiere JavaScript.<\/p><div id=\"gallery-15501-4-slideshow\" class=\"jetpack-slideshow-window jetpack-slideshow jetpack-slideshow-black\" data-trans=\"fade\" data-autostart=\"1\" data-gallery=\"[{&quot;src&quot;:&quot;https:\\\/\\\/cloud.alqueria.es\\\/wp-content\\\/uploads\\\/sites\\\/5\\\/2024\\\/03\\\/PHOTO-2024-03-11-17-17-257.jpg&quot;,&quot;id&quot;:&quot;15550&quot;,&quot;title&quot;:&quot;PHOTO-2024-03-11-17-17-25(7)&quot;,&quot;alt&quot;:&quot;&quot;,&quot;caption&quot;:&quot;&quot;,&quot;itemprop&quot;:&quot;image&quot;},{&quot;src&quot;:&quot;https:\\\/\\\/cloud.alqueria.es\\\/wp-content\\\/uploads\\\/sites\\\/5\\\/2024\\\/03\\\/PHOTO-2024-03-11-17-17-258.jpg&quot;,&quot;id&quot;:&quot;15551&quot;,&quot;title&quot;:&quot;PHOTO-2024-03-11-17-17-25(8)&quot;,&quot;alt&quot;:&quot;&quot;,&quot;caption&quot;:&quot;&quot;,&quot;itemprop&quot;:&quot;image&quot;},{&quot;src&quot;:&quot;https:\\\/\\\/cloud.alqueria.es\\\/wp-content\\\/uploads\\\/sites\\\/5\\\/2024\\\/03\\\/PHOTO-2024-03-11-17-17-2517.jpg&quot;,&quot;id&quot;:&quot;15552&quot;,&quot;title&quot;:&quot;PHOTO-2024-03-11-17-17-25(17)&quot;,&quot;alt&quot;:&quot;&quot;,&quot;caption&quot;:&quot;&quot;,&quot;itemprop&quot;:&quot;image&quot;},{&quot;src&quot;:&quot;https:\\\/\\\/cloud.alqueria.es\\\/wp-content\\\/uploads\\\/sites\\\/5\\\/2024\\\/03\\\/PHOTO-2024-03-11-17-17-2518.jpg&quot;,&quot;id&quot;:&quot;15553&quot;,&quot;title&quot;:&quot;PHOTO-2024-03-11-17-17-25(18)&quot;,&quot;alt&quot;:&quot;&quot;,&quot;caption&quot;:&quot;&quot;,&quot;itemprop&quot;:&quot;image&quot;},{&quot;src&quot;:&quot;https:\\\/\\\/cloud.alqueria.es\\\/wp-content\\\/uploads\\\/sites\\\/5\\\/2024\\\/03\\\/PHOTO-2024-03-11-17-17-2519.jpg&quot;,&quot;id&quot;:&quot;15554&quot;,&quot;title&quot;:&quot;PHOTO-2024-03-11-17-17-25(19)&quot;,&quot;alt&quot;:&quot;&quot;,&quot;caption&quot;:&quot;&quot;,&quot;itemprop&quot;:&quot;image&quot;},{&quot;src&quot;:&quot;https:\\\/\\\/cloud.alqueria.es\\\/wp-content\\\/uploads\\\/sites\\\/5\\\/2024\\\/03\\\/PHOTO-2024-03-11-17-17-2520.jpg&quot;,&quot;id&quot;:&quot;15555&quot;,&quot;title&quot;:&quot;PHOTO-2024-03-11-17-17-25(20)&quot;,&quot;alt&quot;:&quot;&quot;,&quot;caption&quot;:&quot;&quot;,&quot;itemprop&quot;:&quot;image&quot;},{&quot;src&quot;:&quot;https:\\\/\\\/cloud.alqueria.es\\\/wp-content\\\/uploads\\\/sites\\\/5\\\/2024\\\/03\\\/PHOTO-2024-03-11-17-17-25.jpg&quot;,&quot;id&quot;:&quot;15556&quot;,&quot;title&quot;:&quot;PHOTO-2024-03-11-17-17-25&quot;,&quot;alt&quot;:&quot;&quot;,&quot;caption&quot;:&quot;&quot;,&quot;itemprop&quot;:&quot;image&quot;}]\" itemscope itemtype=\"https:\/\/schema.org\/ImageGallery\"><\/div>\n<p>Hemos conocido casi todos los rincones de la Facultad, hemos pasado por la Conserjer\u00eda, el Decanato, la Secretaria, distintas aulas como la de Pintura, Escultura, Fotograf\u00eda, Talleres distintos, Dibujo, La Biblioteca. Aqu\u00ed os dejamos algunas im\u00e1genes de esos espacios.<\/p>\n<p class=\"jetpack-slideshow-noscript robots-nocontent\">El pase de diapositivas requiere JavaScript.<\/p><div id=\"gallery-15501-5-slideshow\" class=\"jetpack-slideshow-window jetpack-slideshow jetpack-slideshow-black\" data-trans=\"fade\" data-autostart=\"1\" data-gallery=\"[{&quot;src&quot;:&quot;https:\\\/\\\/cloud.alqueria.es\\\/wp-content\\\/uploads\\\/sites\\\/5\\\/2024\\\/03\\\/20240311_122032.jpg&quot;,&quot;id&quot;:&quot;15558&quot;,&quot;title&quot;:&quot;20240311_122032&quot;,&quot;alt&quot;:&quot;&quot;,&quot;caption&quot;:&quot;&quot;,&quot;itemprop&quot;:&quot;image&quot;},{&quot;src&quot;:&quot;https:\\\/\\\/cloud.alqueria.es\\\/wp-content\\\/uploads\\\/sites\\\/5\\\/2024\\\/03\\\/20240311_123210.jpg&quot;,&quot;id&quot;:&quot;15559&quot;,&quot;title&quot;:&quot;20240311_123210&quot;,&quot;alt&quot;:&quot;&quot;,&quot;caption&quot;:&quot;&quot;,&quot;itemprop&quot;:&quot;image&quot;},{&quot;src&quot;:&quot;https:\\\/\\\/cloud.alqueria.es\\\/wp-content\\\/uploads\\\/sites\\\/5\\\/2024\\\/03\\\/20240311_123230.jpg&quot;,&quot;id&quot;:&quot;15560&quot;,&quot;title&quot;:&quot;20240311_123230&quot;,&quot;alt&quot;:&quot;&quot;,&quot;caption&quot;:&quot;&quot;,&quot;itemprop&quot;:&quot;image&quot;},{&quot;src&quot;:&quot;https:\\\/\\\/cloud.alqueria.es\\\/wp-content\\\/uploads\\\/sites\\\/5\\\/2024\\\/03\\\/PHOTO-2024-03-11-17-16-338.jpg&quot;,&quot;id&quot;:&quot;15561&quot;,&quot;title&quot;:&quot;PHOTO-2024-03-11-17-16-33(8)&quot;,&quot;alt&quot;:&quot;&quot;,&quot;caption&quot;:&quot;&quot;,&quot;itemprop&quot;:&quot;image&quot;},{&quot;src&quot;:&quot;https:\\\/\\\/cloud.alqueria.es\\\/wp-content\\\/uploads\\\/sites\\\/5\\\/2024\\\/03\\\/PHOTO-2024-03-11-17-16-3312.jpg&quot;,&quot;id&quot;:&quot;15562&quot;,&quot;title&quot;:&quot;PHOTO-2024-03-11-17-16-33(12)&quot;,&quot;alt&quot;:&quot;&quot;,&quot;caption&quot;:&quot;&quot;,&quot;itemprop&quot;:&quot;image&quot;},{&quot;src&quot;:&quot;https:\\\/\\\/cloud.alqueria.es\\\/wp-content\\\/uploads\\\/sites\\\/5\\\/2024\\\/03\\\/PHOTO-2024-03-11-17-16-3316.jpg&quot;,&quot;id&quot;:&quot;15563&quot;,&quot;title&quot;:&quot;PHOTO-2024-03-11-17-16-33(16)&quot;,&quot;alt&quot;:&quot;&quot;,&quot;caption&quot;:&quot;&quot;,&quot;itemprop&quot;:&quot;image&quot;},{&quot;src&quot;:&quot;https:\\\/\\\/cloud.alqueria.es\\\/wp-content\\\/uploads\\\/sites\\\/5\\\/2024\\\/03\\\/PHOTO-2024-03-11-17-17-251.jpg&quot;,&quot;id&quot;:&quot;15564&quot;,&quot;title&quot;:&quot;PHOTO-2024-03-11-17-17-25(1)&quot;,&quot;alt&quot;:&quot;&quot;,&quot;caption&quot;:&quot;&quot;,&quot;itemprop&quot;:&quot;image&quot;},{&quot;src&quot;:&quot;https:\\\/\\\/cloud.alqueria.es\\\/wp-content\\\/uploads\\\/sites\\\/5\\\/2024\\\/03\\\/PHOTO-2024-03-11-17-17-252.jpg&quot;,&quot;id&quot;:&quot;15565&quot;,&quot;title&quot;:&quot;PHOTO-2024-03-11-17-17-25(2)&quot;,&quot;alt&quot;:&quot;&quot;,&quot;caption&quot;:&quot;&quot;,&quot;itemprop&quot;:&quot;image&quot;},{&quot;src&quot;:&quot;https:\\\/\\\/cloud.alqueria.es\\\/wp-content\\\/uploads\\\/sites\\\/5\\\/2024\\\/03\\\/PHOTO-2024-03-11-17-17-254.jpg&quot;,&quot;id&quot;:&quot;15566&quot;,&quot;title&quot;:&quot;PHOTO-2024-03-11-17-17-25(4)&quot;,&quot;alt&quot;:&quot;&quot;,&quot;caption&quot;:&quot;&quot;,&quot;itemprop&quot;:&quot;image&quot;},{&quot;src&quot;:&quot;https:\\\/\\\/cloud.alqueria.es\\\/wp-content\\\/uploads\\\/sites\\\/5\\\/2024\\\/03\\\/PHOTO-2024-03-11-17-17-255.jpg&quot;,&quot;id&quot;:&quot;15567&quot;,&quot;title&quot;:&quot;PHOTO-2024-03-11-17-17-25(5)&quot;,&quot;alt&quot;:&quot;&quot;,&quot;caption&quot;:&quot;&quot;,&quot;itemprop&quot;:&quot;image&quot;},{&quot;src&quot;:&quot;https:\\\/\\\/cloud.alqueria.es\\\/wp-content\\\/uploads\\\/sites\\\/5\\\/2024\\\/03\\\/PHOTO-2024-03-11-17-17-259.jpg&quot;,&quot;id&quot;:&quot;15568&quot;,&quot;title&quot;:&quot;PHOTO-2024-03-11-17-17-25(9)&quot;,&quot;alt&quot;:&quot;&quot;,&quot;caption&quot;:&quot;&quot;,&quot;itemprop&quot;:&quot;image&quot;},{&quot;src&quot;:&quot;https:\\\/\\\/cloud.alqueria.es\\\/wp-content\\\/uploads\\\/sites\\\/5\\\/2024\\\/03\\\/PHOTO-2024-03-11-17-17-2510.jpg&quot;,&quot;id&quot;:&quot;15569&quot;,&quot;title&quot;:&quot;PHOTO-2024-03-11-17-17-25(10)&quot;,&quot;alt&quot;:&quot;&quot;,&quot;caption&quot;:&quot;&quot;,&quot;itemprop&quot;:&quot;image&quot;},{&quot;src&quot;:&quot;https:\\\/\\\/cloud.alqueria.es\\\/wp-content\\\/uploads\\\/sites\\\/5\\\/2024\\\/03\\\/PHOTO-2024-03-11-17-17-2511.jpg&quot;,&quot;id&quot;:&quot;15570&quot;,&quot;title&quot;:&quot;PHOTO-2024-03-11-17-17-25(11)&quot;,&quot;alt&quot;:&quot;&quot;,&quot;caption&quot;:&quot;&quot;,&quot;itemprop&quot;:&quot;image&quot;},{&quot;src&quot;:&quot;https:\\\/\\\/cloud.alqueria.es\\\/wp-content\\\/uploads\\\/sites\\\/5\\\/2024\\\/03\\\/PHOTO-2024-03-11-17-17-2512.jpg&quot;,&quot;id&quot;:&quot;15571&quot;,&quot;title&quot;:&quot;PHOTO-2024-03-11-17-17-25(12)&quot;,&quot;alt&quot;:&quot;&quot;,&quot;caption&quot;:&quot;&quot;,&quot;itemprop&quot;:&quot;image&quot;},{&quot;src&quot;:&quot;https:\\\/\\\/cloud.alqueria.es\\\/wp-content\\\/uploads\\\/sites\\\/5\\\/2024\\\/03\\\/PHOTO-2024-03-11-17-17-2513.jpg&quot;,&quot;id&quot;:&quot;15572&quot;,&quot;title&quot;:&quot;PHOTO-2024-03-11-17-17-25(13)&quot;,&quot;alt&quot;:&quot;&quot;,&quot;caption&quot;:&quot;&quot;,&quot;itemprop&quot;:&quot;image&quot;},{&quot;src&quot;:&quot;https:\\\/\\\/cloud.alqueria.es\\\/wp-content\\\/uploads\\\/sites\\\/5\\\/2024\\\/03\\\/PHOTO-2024-03-11-17-17-2514.jpg&quot;,&quot;id&quot;:&quot;15573&quot;,&quot;title&quot;:&quot;PHOTO-2024-03-11-17-17-25(14)&quot;,&quot;alt&quot;:&quot;&quot;,&quot;caption&quot;:&quot;&quot;,&quot;itemprop&quot;:&quot;image&quot;},{&quot;src&quot;:&quot;https:\\\/\\\/cloud.alqueria.es\\\/wp-content\\\/uploads\\\/sites\\\/5\\\/2024\\\/03\\\/PHOTO-2024-03-11-17-17-2515.jpg&quot;,&quot;id&quot;:&quot;15574&quot;,&quot;title&quot;:&quot;PHOTO-2024-03-11-17-17-25(15)&quot;,&quot;alt&quot;:&quot;&quot;,&quot;caption&quot;:&quot;&quot;,&quot;itemprop&quot;:&quot;image&quot;},{&quot;src&quot;:&quot;https:\\\/\\\/cloud.alqueria.es\\\/wp-content\\\/uploads\\\/sites\\\/5\\\/2024\\\/03\\\/PHOTO-2024-03-11-17-19-4212.jpg&quot;,&quot;id&quot;:&quot;15575&quot;,&quot;title&quot;:&quot;PHOTO-2024-03-11-17-19-42(12)&quot;,&quot;alt&quot;:&quot;&quot;,&quot;caption&quot;:&quot;&quot;,&quot;itemprop&quot;:&quot;image&quot;},{&quot;src&quot;:&quot;https:\\\/\\\/cloud.alqueria.es\\\/wp-content\\\/uploads\\\/sites\\\/5\\\/2024\\\/03\\\/PHOTO-2024-03-11-17-19-4214.jpg&quot;,&quot;id&quot;:&quot;15576&quot;,&quot;title&quot;:&quot;PHOTO-2024-03-11-17-19-42(14)&quot;,&quot;alt&quot;:&quot;&quot;,&quot;caption&quot;:&quot;&quot;,&quot;itemprop&quot;:&quot;image&quot;},{&quot;src&quot;:&quot;https:\\\/\\\/cloud.alqueria.es\\\/wp-content\\\/uploads\\\/sites\\\/5\\\/2024\\\/03\\\/PHOTO-2024-03-11-17-19-4217.jpg&quot;,&quot;id&quot;:&quot;15577&quot;,&quot;title&quot;:&quot;PHOTO-2024-03-11-17-19-42(17)&quot;,&quot;alt&quot;:&quot;&quot;,&quot;caption&quot;:&quot;&quot;,&quot;itemprop&quot;:&quot;image&quot;},{&quot;src&quot;:&quot;https:\\\/\\\/cloud.alqueria.es\\\/wp-content\\\/uploads\\\/sites\\\/5\\\/2024\\\/03\\\/PHOTO-2024-03-11-17-19-4218.jpg&quot;,&quot;id&quot;:&quot;15578&quot;,&quot;title&quot;:&quot;PHOTO-2024-03-11-17-19-42(18)&quot;,&quot;alt&quot;:&quot;&quot;,&quot;caption&quot;:&quot;&quot;,&quot;itemprop&quot;:&quot;image&quot;},{&quot;src&quot;:&quot;https:\\\/\\\/cloud.alqueria.es\\\/wp-content\\\/uploads\\\/sites\\\/5\\\/2024\\\/03\\\/PHOTO-2024-03-11-17-19-4221.jpg&quot;,&quot;id&quot;:&quot;15579&quot;,&quot;title&quot;:&quot;PHOTO-2024-03-11-17-19-42(21)&quot;,&quot;alt&quot;:&quot;&quot;,&quot;caption&quot;:&quot;&quot;,&quot;itemprop&quot;:&quot;image&quot;},{&quot;src&quot;:&quot;https:\\\/\\\/cloud.alqueria.es\\\/wp-content\\\/uploads\\\/sites\\\/5\\\/2024\\\/03\\\/PHOTO-2024-03-11-17-17-255-1.jpg&quot;,&quot;id&quot;:&quot;15588&quot;,&quot;title&quot;:&quot;PHOTO-2024-03-11-17-17-25(5)&quot;,&quot;alt&quot;:&quot;&quot;,&quot;caption&quot;:&quot;&quot;,&quot;itemprop&quot;:&quot;image&quot;},{&quot;src&quot;:&quot;https:\\\/\\\/cloud.alqueria.es\\\/wp-content\\\/uploads\\\/sites\\\/5\\\/2024\\\/03\\\/PHOTO-2024-03-11-17-17-251-1.jpg&quot;,&quot;id&quot;:&quot;15587&quot;,&quot;title&quot;:&quot;PHOTO-2024-03-11-17-17-25(1)&quot;,&quot;alt&quot;:&quot;&quot;,&quot;caption&quot;:&quot;&quot;,&quot;itemprop&quot;:&quot;image&quot;},{&quot;src&quot;:&quot;https:\\\/\\\/cloud.alqueria.es\\\/wp-content\\\/uploads\\\/sites\\\/5\\\/2024\\\/03\\\/20240311_121730.jpg&quot;,&quot;id&quot;:&quot;15586&quot;,&quot;title&quot;:&quot;20240311_121730&quot;,&quot;alt&quot;:&quot;&quot;,&quot;caption&quot;:&quot;&quot;,&quot;itemprop&quot;:&quot;image&quot;}]\" itemscope itemtype=\"https:\/\/schema.org\/ImageGallery\"><\/div>\n<p>Antes de realizar nuestra \u00faltima actividad en la visita, Reyes nos muestra el edificio de Escultura donde el Profesor de escultura Alfonso Mas\u00f3, nos muestra el Proyecto que se est\u00e1 realizando sobre Palestina. Este trabajo se va a sacar a las calles y plazas de Granada para mostrar lo que est\u00e1 ocurriendo en este pa\u00eds y concienciar a la ciudadan\u00eda. Nos ha mostrado que hay diversas formas de hacer escultura y en esta ocasi\u00f3n \u00e9l utiliza escayola para algunas partes de las esculturas y cinta adhesiva para otras partes.<\/p>\n<p class=\"jetpack-slideshow-noscript robots-nocontent\">El pase de diapositivas requiere JavaScript.<\/p><div id=\"gallery-15501-6-slideshow\" class=\"jetpack-slideshow-window jetpack-slideshow jetpack-slideshow-black\" data-trans=\"fade\" data-autostart=\"1\" data-gallery=\"[{&quot;src&quot;:&quot;https:\\\/\\\/cloud.alqueria.es\\\/wp-content\\\/uploads\\\/sites\\\/5\\\/2024\\\/03\\\/20240311_130825.jpg&quot;,&quot;id&quot;:&quot;15581&quot;,&quot;title&quot;:&quot;20240311_130825&quot;,&quot;alt&quot;:&quot;&quot;,&quot;caption&quot;:&quot;&quot;,&quot;itemprop&quot;:&quot;image&quot;},{&quot;src&quot;:&quot;https:\\\/\\\/cloud.alqueria.es\\\/wp-content\\\/uploads\\\/sites\\\/5\\\/2024\\\/03\\\/20240311_130828.jpg&quot;,&quot;id&quot;:&quot;15582&quot;,&quot;title&quot;:&quot;20240311_130828&quot;,&quot;alt&quot;:&quot;&quot;,&quot;caption&quot;:&quot;&quot;,&quot;itemprop&quot;:&quot;image&quot;},{&quot;src&quot;:&quot;https:\\\/\\\/cloud.alqueria.es\\\/wp-content\\\/uploads\\\/sites\\\/5\\\/2024\\\/03\\\/20240311_131016.jpg&quot;,&quot;id&quot;:&quot;15583&quot;,&quot;title&quot;:&quot;20240311_131016&quot;,&quot;alt&quot;:&quot;&quot;,&quot;caption&quot;:&quot;&quot;,&quot;itemprop&quot;:&quot;image&quot;},{&quot;src&quot;:&quot;https:\\\/\\\/cloud.alqueria.es\\\/wp-content\\\/uploads\\\/sites\\\/5\\\/2024\\\/03\\\/20240311_132117.jpg&quot;,&quot;id&quot;:&quot;15584&quot;,&quot;title&quot;:&quot;20240311_132117&quot;,&quot;alt&quot;:&quot;&quot;,&quot;caption&quot;:&quot;&quot;,&quot;itemprop&quot;:&quot;image&quot;},{&quot;src&quot;:&quot;https:\\\/\\\/cloud.alqueria.es\\\/wp-content\\\/uploads\\\/sites\\\/5\\\/2024\\\/03\\\/PHOTO-2024-03-11-17-16-335.jpg&quot;,&quot;id&quot;:&quot;15585&quot;,&quot;title&quot;:&quot;PHOTO-2024-03-11-17-16-33(5)&quot;,&quot;alt&quot;:&quot;&quot;,&quot;caption&quot;:&quot;&quot;,&quot;itemprop&quot;:&quot;image&quot;}]\" itemscope itemtype=\"https:\/\/schema.org\/ImageGallery\"><\/div>\n<p>Por \u00faltimo, vamos al edificio donde se encuentran las aulas de fotograf\u00eda y realizamos una sesi\u00f3n fotogr\u00e1fica donde cada grupo de alumnos y alumnas compone su frase sobre la mujer. Tambi\u00e9n hacemos una foto final de grupo que nos quede como recuerdo de nuestro divertido d\u00eda.<\/p>\n<p class=\"jetpack-slideshow-noscript robots-nocontent\">El pase de diapositivas requiere JavaScript.<\/p><div id=\"gallery-15501-7-slideshow\" class=\"jetpack-slideshow-window jetpack-slideshow jetpack-slideshow-black\" data-trans=\"fade\" data-autostart=\"1\" data-gallery=\"[{&quot;src&quot;:&quot;https:\\\/\\\/cloud.alqueria.es\\\/wp-content\\\/uploads\\\/sites\\\/5\\\/2024\\\/03\\\/DSC0163.jpg&quot;,&quot;id&quot;:&quot;15594&quot;,&quot;title&quot;:&quot;_DSC0163&quot;,&quot;alt&quot;:&quot;&quot;,&quot;caption&quot;:&quot;&quot;,&quot;itemprop&quot;:&quot;image&quot;},{&quot;src&quot;:&quot;https:\\\/\\\/cloud.alqueria.es\\\/wp-content\\\/uploads\\\/sites\\\/5\\\/2024\\\/03\\\/DSC0156.jpg&quot;,&quot;id&quot;:&quot;15593&quot;,&quot;title&quot;:&quot;_DSC0156&quot;,&quot;alt&quot;:&quot;&quot;,&quot;caption&quot;:&quot;&quot;,&quot;itemprop&quot;:&quot;image&quot;},{&quot;src&quot;:&quot;https:\\\/\\\/cloud.alqueria.es\\\/wp-content\\\/uploads\\\/sites\\\/5\\\/2024\\\/03\\\/DSC0153.jpg&quot;,&quot;id&quot;:&quot;15592&quot;,&quot;title&quot;:&quot;_DSC0153&quot;,&quot;alt&quot;:&quot;&quot;,&quot;caption&quot;:&quot;&quot;,&quot;itemprop&quot;:&quot;image&quot;},{&quot;src&quot;:&quot;https:\\\/\\\/cloud.alqueria.es\\\/wp-content\\\/uploads\\\/sites\\\/5\\\/2024\\\/03\\\/DSC0148.jpg&quot;,&quot;id&quot;:&quot;15591&quot;,&quot;title&quot;:&quot;_DSC0148&quot;,&quot;alt&quot;:&quot;&quot;,&quot;caption&quot;:&quot;&quot;,&quot;itemprop&quot;:&quot;image&quot;},{&quot;src&quot;:&quot;https:\\\/\\\/cloud.alqueria.es\\\/wp-content\\\/uploads\\\/sites\\\/5\\\/2024\\\/03\\\/DSC0146.jpg&quot;,&quot;id&quot;:&quot;15590&quot;,&quot;title&quot;:&quot;_DSC0146&quot;,&quot;alt&quot;:&quot;&quot;,&quot;caption&quot;:&quot;&quot;,&quot;itemprop&quot;:&quot;image&quot;},{&quot;src&quot;:&quot;https:\\\/\\\/cloud.alqueria.es\\\/wp-content\\\/uploads\\\/sites\\\/5\\\/2024\\\/03\\\/DSC0143.jpg&quot;,&quot;id&quot;:&quot;15589&quot;,&quot;title&quot;:&quot;_DSC0143&quot;,&quot;alt&quot;:&quot;&quot;,&quot;caption&quot;:&quot;&quot;,&quot;itemprop&quot;:&quot;image&quot;}]\" itemscope itemtype=\"https:\/\/schema.org\/ImageGallery\"><\/div>\n<p>De nuevo, agradezco a Reyes su colaboraci\u00f3n en la realizaci\u00f3n de esta visita. Nos ha encantado.<\/p>\n<p>Buen fin de Semana.<\/p>\n<p>Isabel<\/p>\n","protected":false},"excerpt":{"rendered":"<p>Estimada familia, esta semana se ha realizado la salida cultural, del segundo trimestre. Hemos visitado la Facultad de Bellas Artes en compa\u00f1\u00eda de Reyes Gonz\u00e1lez Vida, mama de Mario y profesora de la Facultad. Agradecemos a Reyes la organizaci\u00f3n de la visita, toda la implicaci\u00f3n que nos ha demostrado, las actividades que nos ha dise\u00f1ado &hellip; <a href=\"https:\/\/www.alqueria.es\/blogs\/colegioalqueriatercerciclo\/2024\/03\/15\/visita-a-la-facultad-de-bellas-artes\/\" class=\"more-link\">Seguir leyendo <span class=\"screen-reader-text\">Visita a la Facultad de Bellas Artes<\/span> <span class=\"meta-nav\">&rarr;<\/span><\/a><\/p>\n","protected":false},"author":9,"featured_media":0,"comment_status":"open","ping_status":"open","sticky":false,"template":"","format":"standard","meta":{"jetpack_post_was_ever_published":false,"_jetpack_newsletter_access":"","_jetpack_dont_email_post_to_subs":false,"_jetpack_newsletter_tier_id":0,"_jetpack_memberships_contains_paywalled_content":false,"_jetpack_memberships_contains_paid_content":false,"footnotes":"","jetpack_publicize_message":"","jetpack_publicize_feature_enabled":true,"jetpack_social_post_already_shared":true,"jetpack_social_options":{"image_generator_settings":{"template":"highway","default_image_id":0,"font":"","enabled":false},"version":2}},"categories":[2,16,12],"tags":[325,88,179],"class_list":["post-15501","post","type-post","status-publish","format-standard","hentry","category-5o-epo","category-artistica-5o","category-salidas-5o","tag-informacion-a-familias","tag-salidas","tag-semanario-5o"],"jetpack_publicize_connections":[],"jetpack_featured_media_url":"","jetpack_sharing_enabled":true,"jetpack_shortlink":"https:\/\/wp.me\/p4l4AW-421","jetpack-related-posts":[],"_links":{"self":[{"href":"https:\/\/www.alqueria.es\/blogs\/colegioalqueriatercerciclo\/wp-json\/wp\/v2\/posts\/15501","targetHints":{"allow":["GET"]}}],"collection":[{"href":"https:\/\/www.alqueria.es\/blogs\/colegioalqueriatercerciclo\/wp-json\/wp\/v2\/posts"}],"about":[{"href":"https:\/\/www.alqueria.es\/blogs\/colegioalqueriatercerciclo\/wp-json\/wp\/v2\/types\/post"}],"author":[{"embeddable":true,"href":"https:\/\/www.alqueria.es\/blogs\/colegioalqueriatercerciclo\/wp-json\/wp\/v2\/users\/9"}],"replies":[{"embeddable":true,"href":"https:\/\/www.alqueria.es\/blogs\/colegioalqueriatercerciclo\/wp-json\/wp\/v2\/comments?post=15501"}],"version-history":[{"count":4,"href":"https:\/\/www.alqueria.es\/blogs\/colegioalqueriatercerciclo\/wp-json\/wp\/v2\/posts\/15501\/revisions"}],"predecessor-version":[{"id":15597,"href":"https:\/\/www.alqueria.es\/blogs\/colegioalqueriatercerciclo\/wp-json\/wp\/v2\/posts\/15501\/revisions\/15597"}],"wp:attachment":[{"href":"https:\/\/www.alqueria.es\/blogs\/colegioalqueriatercerciclo\/wp-json\/wp\/v2\/media?parent=15501"}],"wp:term":[{"taxonomy":"category","embeddable":true,"href":"https:\/\/www.alqueria.es\/blogs\/colegioalqueriatercerciclo\/wp-json\/wp\/v2\/categories?post=15501"},{"taxonomy":"post_tag","embeddable":true,"href":"https:\/\/www.alqueria.es\/blogs\/colegioalqueriatercerciclo\/wp-json\/wp\/v2\/tags?post=15501"}],"curies":[{"name":"wp","href":"https:\/\/api.w.org\/{rel}","templated":true}]}}