{"id":15598,"date":"2024-03-22T17:57:12","date_gmt":"2024-03-22T16:57:12","guid":{"rendered":"https:\/\/www.alqueria.es\/blogs\/colegioalqueriatercerciclo\/?p=15598"},"modified":"2024-03-22T17:57:12","modified_gmt":"2024-03-22T16:57:12","slug":"fin-del-segundo-trimestre-en-quinto","status":"publish","type":"post","link":"https:\/\/www.alqueria.es\/blogs\/colegioalqueriatercerciclo\/2024\/03\/22\/fin-del-segundo-trimestre-en-quinto\/","title":{"rendered":"Fin del segundo trimestre en quinto."},"content":{"rendered":"<p>Estimadas familias, hemos llegado al final del segundo trimestre, con grandes avances y aprendizajes en el grupo clase.<\/p>\n<p>Hemos afianzado rutinas, h\u00e1bitos de trabajo, nos hemos divertido en distintos momentos del trimestre. Hemos realizado distintas actividades de todos los \u00e1mbitos, destacando aquellas espec\u00edficas del \u00e1mbito socioemocional realizadas con Laura, los debates en \u00e9tica, el trabajo en grupo, las actividades cooperativas con los grupos de clase naranja, segundo, quinto y cuarto.<\/p>\n<p><img decoding=\"async\" src=\"https:\/\/cloud.alqueria.es\/wp-content\/uploads\/sites\/5\/2021\/03\/tiulotri2-238x300.jpg\" \/><\/p>\n<p>Las actividades desarrolladas en este trimestre del \u00e1rea socioemocional han sido las siguientes: <strong><span style=\"color: #800080\">Taller afectivo-sexual<\/span><\/strong><\/p>\n<ul>\n<li>Sexualidad: Introducimos los conceptos b\u00e1sicos de lo que es el sexo, la sexualidad y c\u00f3mo se desarrolla a lo largo de nuestra vida.<\/li>\n<li>Vocabulario: Pedimos a los ni\u00f1os que nos digan todas las palabras que tienen asociadas a partes del cuerpo como el pene, la vulva, etc. Vamos reflexionando en lo absurdo de dichos nombres, lo err\u00f3neos que pueden ser y las emociones que generan en las personas que lo escuchan. Esto nos hace entender como la verg\u00fcenza, el asco o el sentirnos vulnerables son emociones que pueden derivar de nombrar err\u00f3neamente a nuestro cuerpo.<\/li>\n<li>Modelamos la figura: Pedimos a los ni\u00f1os que modelen su cuerpo desnudo con plastilina y analizamos de nuevo lo que nos hace sentir este ejercicio, la conciencia que tenemos sobre el cuerpo y sus partes, y la importancia de cuidarlo y respetarlo para hacerlo respetar.<\/li>\n<\/ul>\n<p><b><span style=\"color: #800080\">Taller de habilidades sociales y cohesi\u00f3n de grupo<\/span>.<\/b><\/p>\n<p><strong>Primera sesi\u00f3n<\/strong><\/p>\n<ul>\n<li>El secreto: Sacamos a la mitad de los ni\u00f1os del aula y al resto les pedimos que act\u00faen como si supi\u00e9semos algo avergonzante de los ni\u00f1os que est\u00e1n afuera (cotilleo, risitas, etc.) Sin demorar demasiado, paramos el juego y les pedimos que analicen c\u00f3mo se han sentido. Se trata de una situaci\u00f3n en la que muchos nos sentimos representados y nos da pie a identificar las emociones que nos genera, as\u00ed como poder gestionar qu\u00e9 hacer con ellas. Por otro lado analizamos la funci\u00f3n de los secretos, los tipos de secreto y las finalidades que tienen en muchas ocasiones, como agentes de conflicto en los grupos.<\/li>\n<li>\u201cMe encanta tu sudadera\u201d: Al mismo ni\u00f1o le expresamos esta frase con la instrucci\u00f3n previa de darle una emoci\u00f3n diferente (odio, envidia, admiraci\u00f3n, sorpresa, pena, etc.). Con esta actividad nos damos cuenta de c\u00f3mo a veces nuestra emoci\u00f3n y nuestro mensaje no son acordes, y tambi\u00e9n de c\u00f3mo la misma emoci\u00f3n se puede expresar de muchas formas y esto puede llevarnos a muchas malas interpretaciones.<\/li>\n<\/ul>\n<p><strong>Segunda sesi\u00f3n<\/strong><\/p>\n<ul>\n<li>Im\u00e1genes palabreadas: A partir de una imagen, tenemos que escribir otra al lado. Despu\u00e9s con nuestra lista iremos preguntando a los ni\u00f1os y ni\u00f1as de la clase para ver cu\u00e1ntas coincidencias encontramos. Es una actividad muy motivadora para ellos y les permite darse cuenta de qu\u00e9 personas tienen cosas en com\u00fan con ellos que quiz\u00e1s no se hab\u00edan dado cuenta.<\/li>\n<li>Fases de la amistad: Analizamos las diferentes fases por las que pasan las relaciones de amistad y qu\u00e9 t\u00edpicas frases acompa\u00f1an a estas situaciones. Reflexionamos sobre nuestras conductas en relaci\u00f3n a esas situaciones.<\/li>\n<\/ul>\n<p><strong>Tercera sesi\u00f3n:<\/strong><\/p>\n<ul>\n<li>Frases arriesgadas: Por parejas se cuentan uno al otro algunas frases que hablan de s\u00ed mismo. El otro s\u00f3lo tiene que escuchar, lo cual ya es mucho. Reflexionamos sobre la importancia de escuchar para conocerse y tambi\u00e9n de sentirse escuchado. En la primera ronda las parejas son personas con las que no tengo mucha relaci\u00f3n, en la segunda personas al azar y en la tercera personas que yo elijo. Analizamos las diferencias.<\/li>\n<li>Caricias en la espalda: Por parejas intentar\u00e1n adivinar los trazos que su compa\u00f1ero les hace en la espalda, siguiendo un modelo que les ofrecemos. Esta actividad favorece el compa\u00f1erismo y buen trato, activa el sentido y atenci\u00f3n sobre el tacto y es muy agradable.<\/li>\n<\/ul>\n<p><strong><span style=\"color: #800080\">AREA DE LENGUA<\/span><\/strong><\/p>\n<p><img decoding=\"async\" data-attachment-id=\"15601\" data-permalink=\"https:\/\/www.alqueria.es\/blogs\/colegioalqueriatercerciclo\/2024\/03\/22\/fin-del-segundo-trimestre-en-quinto\/descarga-13\/\" data-orig-file=\"https:\/\/cloud.alqueria.es\/wp-content\/uploads\/sites\/5\/2024\/03\/descarga.jpg\" data-orig-size=\"175,289\" data-comments-opened=\"1\" data-image-meta=\"{&quot;aperture&quot;:&quot;0&quot;,&quot;credit&quot;:&quot;&quot;,&quot;camera&quot;:&quot;&quot;,&quot;caption&quot;:&quot;&quot;,&quot;created_timestamp&quot;:&quot;0&quot;,&quot;copyright&quot;:&quot;&quot;,&quot;focal_length&quot;:&quot;0&quot;,&quot;iso&quot;:&quot;0&quot;,&quot;shutter_speed&quot;:&quot;0&quot;,&quot;title&quot;:&quot;&quot;,&quot;orientation&quot;:&quot;0&quot;}\" data-image-title=\"descarga\" data-image-description=\"\" data-image-caption=\"\" data-large-file=\"https:\/\/cloud.alqueria.es\/wp-content\/uploads\/sites\/5\/2024\/03\/descarga.jpg\" class=\"alignnone size-full wp-image-15601\" src=\"https:\/\/cloud.alqueria.es\/wp-content\/uploads\/sites\/5\/2024\/03\/descarga.jpg\" alt=\"\" width=\"175\" height=\"289\" \/><\/p>\n<p>Realizamos la tertulia de <em>\u00abBen quiere a Anna\u00bb<\/em> <em>\u00ab<\/em> de Peter H\u00e4rtling. este libro cuenta la historia de Anna y sus padres cuando regresan de Alemania, despu\u00e9s de vivir unos a\u00f1os en Polonia. Pero a la joven todo en su pa\u00eds le resulta extra\u00f1o. La cultura y las costumbres han cambiado mucho y sus compa\u00f1eros piensan que es un bicho raro.<\/p>\n<p>La mayor\u00eda del grupo piensa que el libro trataba sobre el amor entre Anna y Ben y pensaban que es un tema algo aburrido. Por ello hemos tenido que ir desglosando parte del libro para que en el desarrollo de\u00a0 la tertulia\u00a0 trataremos muchos de las ense\u00f1anzas que el libro nos quiere transmitir. Como son el valor de la amistad, el enamoramiento, el compartir experiencia, el trato poco respetuoso que ofrec\u00edan a Anna algunos de los compa\u00f1eros que la trataban como un bicho raro. Hemos trabajado sobre la imagen personal, como me visto, por qu\u00e9 el vestir de forma diferente, no siguiendo lo est\u00e1ndares de los dem\u00e1s es considerado como una persona rara. Hemos hablado del respeto, de la fortaleza personal, de la personalidad para decidir por uno mismo lo que quiere y necesita, con lo que se siente a gusto.<\/p>\n<p><span style=\"color: #800080\"><strong>D\u00cdA INTERNACIONAL DE LA POES\u00cdA<\/strong><\/span><\/p>\n<p>Sin abandonar el \u00e1rea de Lengua esta semana se ha celebrado el d\u00eda Internacional de la Poes\u00eda. En quinto hemos trabajado dos textos para conmemorar este d\u00eda. El primero del poeta chileno Pablo Neruda, donde en forma de relato narra como se interes\u00f3 por la poes\u00eda desde peque\u00f1o. Y el segundo ha consistido en recitar una peque\u00f1a poes\u00eda de\u00a0 \u00a0Michael Ende, titulada \u00bfDe verdad&#8230;.?.<\/p>\n<ul>\n<li><strong>\u00bfDe verdad\u2026.?<\/strong><\/li>\n<\/ul>\n<p><strong><span style=\"color: #ff0000\">\u00bfTe lo cuento? Pues, se\u00f1or, que yo vi andar una flor.<\/span><\/strong><\/p>\n<p><strong><span style=\"color: #ff0000\">-No me mientas, por favor.<\/span><\/strong><\/p>\n<p><strong><span style=\"color: #ff0000\">-Pues es verdad, yo la vi:<\/span><\/strong><\/p>\n<p><strong><span style=\"color: #ff0000\">sobre sus peque\u00f1as piernas,<\/span><\/strong><\/p>\n<p><strong><span style=\"color: #ff0000\">la flor andaba, as\u00ed, as\u00ed,<\/span><\/strong><\/p>\n<p><strong><span style=\"color: #ff0000\">sobre las ra\u00edces tiernas\u2026<\/span><\/strong><\/p>\n<p><strong><span style=\"color: #ff0000\">-Pero\u2026<\/span><\/strong><\/p>\n<p><strong><span style=\"color: #ff0000\">-Te digo que s\u00ed.<\/span><\/strong><\/p>\n<p><strong><span style=\"color: #ff0000\">Y luego lleg\u00f3 a una escuela<\/span><\/strong><\/p>\n<p><strong><span style=\"color: #ff0000\">donde un raro profesor<\/span><\/strong><\/p>\n<p><strong><span style=\"color: #ff0000\">ense\u00f1aba \u201cvuela-vuela\u201d,<\/span><\/strong><\/p>\n<p><strong><span style=\"color: #ff0000\">qu\u00e9 era un vuelo sin motor\u2026<\/span><\/strong><\/p>\n<p><strong><span style=\"color: #ff0000\">-T\u00fa me mientes.<\/span><\/strong><\/p>\n<p><strong><span style=\"color: #ff0000\">-No se\u00f1or.<\/span><\/strong><\/p>\n<p><strong><span style=\"color: #ff0000\">Vio el profesor a la flor<\/span><\/strong><\/p>\n<p><strong><span style=\"color: #ff0000\">y dijo estar sola frase:<\/span><\/strong><\/p>\n<p><strong><span style=\"color: #ff0000\">\u201cVamos a empezar la clase.\u201d<\/span><\/strong><\/p>\n<p><strong><span style=\"color: #ff0000\">Ella con todo primor,<\/span><\/strong><\/p>\n<p><strong><span style=\"color: #ff0000\">Tom\u00f3 asiento; yo, a su lado.<\/span><\/strong><\/p>\n<p><strong><span style=\"color: #ff0000\">Y el profesor, dicho y hecho,<\/span><\/strong><\/p>\n<p><strong><span style=\"color: #ff0000\">me orden\u00f3 subir al techo.<\/span><\/strong><\/p>\n<p><strong><span style=\"color: #ff0000\">T\u00fa me enga\u00f1as, no hay derecho.<\/span><\/strong><\/p>\n<p><strong><span style=\"color: #ff0000\">No, amiguito, es verdad.<\/span><\/strong><\/p>\n<p><strong><span style=\"color: #ff0000\">Como en las artes del vuelo<\/span><\/strong><\/p>\n<p><strong><span style=\"color: #ff0000\">mostr\u00e9 poca habilidad,<\/span><\/strong><\/p>\n<p><strong><span style=\"color: #ff0000\">perd\u00ed la estabilidad<\/span><\/strong><\/p>\n<p><strong><span style=\"color: #ff0000\">y, \u00a1plaf!, me estrell\u00e9 contra el suelo.<\/span><\/strong><\/p>\n<p><strong><span style=\"color: #ff0000\">La flor me dio su consuelo.<\/span><\/strong><\/p>\n<p><strong><span style=\"color: #ff0000\">\u00bfY qu\u00e9 m\u00e1s? Y luego \u00bfqu\u00e9?<\/span><\/strong><\/p>\n<p><strong><span style=\"color: #ff0000\">Pues, ver\u00e1s: me despert\u00e9.<\/span><\/strong><\/p>\n<p><span style=\"color: #800080\"><strong>Michael Ende<\/strong><\/span><\/p>\n<p>Se lee de forma individual en silencio y luego la recitamos en voz alta. Analizamos lo que nos quiere transmitir, qu\u00e9 vocabulario utiliza, expresiones propias de las poes\u00edas, met\u00e1foras, comparaciones, hip\u00e9rboles. Tambi\u00e9n se hace un profundo trabajo de comprensi\u00f3n lectora respondiendo a preguntas de car\u00e1cter inferencial o literales.<\/p>\n<p><span style=\"color: #800080\"><strong>SALIDA A LA VEGA<\/strong><\/span><\/p>\n<p>Por otra parte, esta semana el grupo de quinto y sexto ha compartido una actividad al aire libre enmarcada dentro de nuestra programaci\u00f3n de actividades medioambientales.<\/p>\n<p><img decoding=\"async\" data-attachment-id=\"15617\" data-permalink=\"https:\/\/www.alqueria.es\/blogs\/colegioalqueriatercerciclo\/2024\/03\/22\/fin-del-segundo-trimestre-en-quinto\/photo-2024-03-19-16-09-11\/\" data-orig-file=\"https:\/\/cloud.alqueria.es\/wp-content\/uploads\/sites\/5\/2024\/03\/PHOTO-2024-03-19-16-09-11.jpg\" data-orig-size=\"2048,1536\" data-comments-opened=\"1\" data-image-meta=\"{&quot;aperture&quot;:&quot;0&quot;,&quot;credit&quot;:&quot;&quot;,&quot;camera&quot;:&quot;&quot;,&quot;caption&quot;:&quot;&quot;,&quot;created_timestamp&quot;:&quot;0&quot;,&quot;copyright&quot;:&quot;&quot;,&quot;focal_length&quot;:&quot;0&quot;,&quot;iso&quot;:&quot;0&quot;,&quot;shutter_speed&quot;:&quot;0&quot;,&quot;title&quot;:&quot;&quot;,&quot;orientation&quot;:&quot;0&quot;}\" data-image-title=\"PHOTO-2024-03-19-16-09-11\" data-image-description=\"\" data-image-caption=\"\" data-large-file=\"https:\/\/cloud.alqueria.es\/wp-content\/uploads\/sites\/5\/2024\/03\/PHOTO-2024-03-19-16-09-11-1024x768.jpg\" class=\"alignnone size-full wp-image-15617\" src=\"https:\/\/cloud.alqueria.es\/wp-content\/uploads\/sites\/5\/2024\/03\/PHOTO-2024-03-19-16-09-11.jpg\" alt=\"\" width=\"2048\" height=\"1536\" srcset=\"https:\/\/cloud.alqueria.es\/wp-content\/uploads\/sites\/5\/2024\/03\/PHOTO-2024-03-19-16-09-11.jpg 2048w, https:\/\/cloud.alqueria.es\/wp-content\/uploads\/sites\/5\/2024\/03\/PHOTO-2024-03-19-16-09-11-300x225.jpg 300w, https:\/\/cloud.alqueria.es\/wp-content\/uploads\/sites\/5\/2024\/03\/PHOTO-2024-03-19-16-09-11-1024x768.jpg 1024w, https:\/\/cloud.alqueria.es\/wp-content\/uploads\/sites\/5\/2024\/03\/PHOTO-2024-03-19-16-09-11-768x576.jpg 768w, https:\/\/cloud.alqueria.es\/wp-content\/uploads\/sites\/5\/2024\/03\/PHOTO-2024-03-19-16-09-11-1536x1152.jpg 1536w\" sizes=\"(max-width: 2048px) 100vw, 2048px\" \/><\/p>\n<p>La tarea ha consistido en realizar una peque\u00f1a salida al entorno cercano del colegio: La Vega de Granada, acompa\u00f1ando a nuestros compa\u00f1eros y compa\u00f1eras de infantil. Es una actividad muy gratificante para todos y todas ya que cada alumna y alumno mayor se encarga de realizar el paseo con una compa\u00f1ero de las clases naranja, roja y verde.<\/p>\n<p class=\"jetpack-slideshow-noscript robots-nocontent\">El pase de diapositivas requiere JavaScript.<\/p><div id=\"gallery-15598-1-slideshow\" class=\"jetpack-slideshow-window jetpack-slideshow jetpack-slideshow-black\" data-trans=\"fade\" data-autostart=\"1\" data-gallery=\"[{&quot;src&quot;:&quot;https:\\\/\\\/cloud.alqueria.es\\\/wp-content\\\/uploads\\\/sites\\\/5\\\/2024\\\/03\\\/PHOTO-2024-03-19-16-09-17.jpg&quot;,&quot;id&quot;:&quot;15631&quot;,&quot;title&quot;:&quot;PHOTO-2024-03-19-16-09-17&quot;,&quot;alt&quot;:&quot;&quot;,&quot;caption&quot;:&quot;&quot;,&quot;itemprop&quot;:&quot;image&quot;},{&quot;src&quot;:&quot;https:\\\/\\\/cloud.alqueria.es\\\/wp-content\\\/uploads\\\/sites\\\/5\\\/2024\\\/03\\\/PHOTO-2024-03-19-16-09-19.jpg&quot;,&quot;id&quot;:&quot;15632&quot;,&quot;title&quot;:&quot;PHOTO-2024-03-19-16-09-19&quot;,&quot;alt&quot;:&quot;&quot;,&quot;caption&quot;:&quot;&quot;,&quot;itemprop&quot;:&quot;image&quot;},{&quot;src&quot;:&quot;https:\\\/\\\/cloud.alqueria.es\\\/wp-content\\\/uploads\\\/sites\\\/5\\\/2024\\\/03\\\/PHOTO-2024-03-19-16-09-45.jpg&quot;,&quot;id&quot;:&quot;15633&quot;,&quot;title&quot;:&quot;PHOTO-2024-03-19-16-09-45&quot;,&quot;alt&quot;:&quot;&quot;,&quot;caption&quot;:&quot;&quot;,&quot;itemprop&quot;:&quot;image&quot;},{&quot;src&quot;:&quot;https:\\\/\\\/cloud.alqueria.es\\\/wp-content\\\/uploads\\\/sites\\\/5\\\/2024\\\/03\\\/PHOTO-2024-03-19-16-09-52.jpg&quot;,&quot;id&quot;:&quot;15634&quot;,&quot;title&quot;:&quot;PHOTO-2024-03-19-16-09-52&quot;,&quot;alt&quot;:&quot;&quot;,&quot;caption&quot;:&quot;&quot;,&quot;itemprop&quot;:&quot;image&quot;},{&quot;src&quot;:&quot;https:\\\/\\\/cloud.alqueria.es\\\/wp-content\\\/uploads\\\/sites\\\/5\\\/2024\\\/03\\\/PHOTO-2024-03-19-16-09-53-1.jpg&quot;,&quot;id&quot;:&quot;15635&quot;,&quot;title&quot;:&quot;PHOTO-2024-03-19-16-09-53 (1)&quot;,&quot;alt&quot;:&quot;&quot;,&quot;caption&quot;:&quot;&quot;,&quot;itemprop&quot;:&quot;image&quot;},{&quot;src&quot;:&quot;https:\\\/\\\/cloud.alqueria.es\\\/wp-content\\\/uploads\\\/sites\\\/5\\\/2024\\\/03\\\/PHOTO-2024-03-19-16-09-54-1.jpg&quot;,&quot;id&quot;:&quot;15636&quot;,&quot;title&quot;:&quot;PHOTO-2024-03-19-16-09-54 (1)&quot;,&quot;alt&quot;:&quot;&quot;,&quot;caption&quot;:&quot;&quot;,&quot;itemprop&quot;:&quot;image&quot;},{&quot;src&quot;:&quot;https:\\\/\\\/cloud.alqueria.es\\\/wp-content\\\/uploads\\\/sites\\\/5\\\/2024\\\/03\\\/PHOTO-2024-03-19-16-09-54-2.jpg&quot;,&quot;id&quot;:&quot;15637&quot;,&quot;title&quot;:&quot;PHOTO-2024-03-19-16-09-54 (2)&quot;,&quot;alt&quot;:&quot;&quot;,&quot;caption&quot;:&quot;&quot;,&quot;itemprop&quot;:&quot;image&quot;},{&quot;src&quot;:&quot;https:\\\/\\\/cloud.alqueria.es\\\/wp-content\\\/uploads\\\/sites\\\/5\\\/2024\\\/03\\\/PHOTO-2024-03-19-16-09-54-4.jpg&quot;,&quot;id&quot;:&quot;15638&quot;,&quot;title&quot;:&quot;PHOTO-2024-03-19-16-09-54 (4)&quot;,&quot;alt&quot;:&quot;&quot;,&quot;caption&quot;:&quot;&quot;,&quot;itemprop&quot;:&quot;image&quot;},{&quot;src&quot;:&quot;https:\\\/\\\/cloud.alqueria.es\\\/wp-content\\\/uploads\\\/sites\\\/5\\\/2024\\\/03\\\/PHOTO-2024-03-19-16-09-54-5.jpg&quot;,&quot;id&quot;:&quot;15639&quot;,&quot;title&quot;:&quot;PHOTO-2024-03-19-16-09-54 (5)&quot;,&quot;alt&quot;:&quot;&quot;,&quot;caption&quot;:&quot;&quot;,&quot;itemprop&quot;:&quot;image&quot;}]\" itemscope itemtype=\"https:\/\/schema.org\/ImageGallery\"><\/div>\n<p>Compartimos merienda, le ayudan a pelar las mandarinas, compartimos los palitos y disfrutamos todos y todas de esta salida.<\/p>\n<p><img decoding=\"async\" data-attachment-id=\"15618\" data-permalink=\"https:\/\/www.alqueria.es\/blogs\/colegioalqueriatercerciclo\/2024\/03\/22\/fin-del-segundo-trimestre-en-quinto\/photo-2024-03-19-16-09-54-7\/\" data-orig-file=\"https:\/\/cloud.alqueria.es\/wp-content\/uploads\/sites\/5\/2024\/03\/PHOTO-2024-03-19-16-09-54-7.jpg\" data-orig-size=\"2048,1536\" data-comments-opened=\"1\" data-image-meta=\"{&quot;aperture&quot;:&quot;0&quot;,&quot;credit&quot;:&quot;&quot;,&quot;camera&quot;:&quot;&quot;,&quot;caption&quot;:&quot;&quot;,&quot;created_timestamp&quot;:&quot;0&quot;,&quot;copyright&quot;:&quot;&quot;,&quot;focal_length&quot;:&quot;0&quot;,&quot;iso&quot;:&quot;0&quot;,&quot;shutter_speed&quot;:&quot;0&quot;,&quot;title&quot;:&quot;&quot;,&quot;orientation&quot;:&quot;0&quot;}\" data-image-title=\"PHOTO-2024-03-19-16-09-54 (7)\" data-image-description=\"\" data-image-caption=\"\" data-large-file=\"https:\/\/cloud.alqueria.es\/wp-content\/uploads\/sites\/5\/2024\/03\/PHOTO-2024-03-19-16-09-54-7-1024x768.jpg\" class=\"alignnone size-full wp-image-15618\" src=\"https:\/\/cloud.alqueria.es\/wp-content\/uploads\/sites\/5\/2024\/03\/PHOTO-2024-03-19-16-09-54-7.jpg\" alt=\"\" width=\"2048\" height=\"1536\" srcset=\"https:\/\/cloud.alqueria.es\/wp-content\/uploads\/sites\/5\/2024\/03\/PHOTO-2024-03-19-16-09-54-7.jpg 2048w, https:\/\/cloud.alqueria.es\/wp-content\/uploads\/sites\/5\/2024\/03\/PHOTO-2024-03-19-16-09-54-7-300x225.jpg 300w, https:\/\/cloud.alqueria.es\/wp-content\/uploads\/sites\/5\/2024\/03\/PHOTO-2024-03-19-16-09-54-7-1024x768.jpg 1024w, https:\/\/cloud.alqueria.es\/wp-content\/uploads\/sites\/5\/2024\/03\/PHOTO-2024-03-19-16-09-54-7-768x576.jpg 768w, https:\/\/cloud.alqueria.es\/wp-content\/uploads\/sites\/5\/2024\/03\/PHOTO-2024-03-19-16-09-54-7-1536x1152.jpg 1536w\" sizes=\"(max-width: 2048px) 100vw, 2048px\" \/><\/p>\n<p><img decoding=\"async\" data-attachment-id=\"15619\" data-permalink=\"https:\/\/www.alqueria.es\/blogs\/colegioalqueriatercerciclo\/2024\/03\/22\/fin-del-segundo-trimestre-en-quinto\/photo-2024-03-19-16-09-54-8\/\" data-orig-file=\"https:\/\/cloud.alqueria.es\/wp-content\/uploads\/sites\/5\/2024\/03\/PHOTO-2024-03-19-16-09-54-8.jpg\" data-orig-size=\"2048,1536\" data-comments-opened=\"1\" data-image-meta=\"{&quot;aperture&quot;:&quot;0&quot;,&quot;credit&quot;:&quot;&quot;,&quot;camera&quot;:&quot;&quot;,&quot;caption&quot;:&quot;&quot;,&quot;created_timestamp&quot;:&quot;0&quot;,&quot;copyright&quot;:&quot;&quot;,&quot;focal_length&quot;:&quot;0&quot;,&quot;iso&quot;:&quot;0&quot;,&quot;shutter_speed&quot;:&quot;0&quot;,&quot;title&quot;:&quot;&quot;,&quot;orientation&quot;:&quot;0&quot;}\" data-image-title=\"PHOTO-2024-03-19-16-09-54 (8)\" data-image-description=\"\" data-image-caption=\"\" data-large-file=\"https:\/\/cloud.alqueria.es\/wp-content\/uploads\/sites\/5\/2024\/03\/PHOTO-2024-03-19-16-09-54-8-1024x768.jpg\" class=\"alignnone size-full wp-image-15619\" src=\"https:\/\/cloud.alqueria.es\/wp-content\/uploads\/sites\/5\/2024\/03\/PHOTO-2024-03-19-16-09-54-8.jpg\" alt=\"\" width=\"2048\" height=\"1536\" srcset=\"https:\/\/cloud.alqueria.es\/wp-content\/uploads\/sites\/5\/2024\/03\/PHOTO-2024-03-19-16-09-54-8.jpg 2048w, https:\/\/cloud.alqueria.es\/wp-content\/uploads\/sites\/5\/2024\/03\/PHOTO-2024-03-19-16-09-54-8-300x225.jpg 300w, https:\/\/cloud.alqueria.es\/wp-content\/uploads\/sites\/5\/2024\/03\/PHOTO-2024-03-19-16-09-54-8-1024x768.jpg 1024w, https:\/\/cloud.alqueria.es\/wp-content\/uploads\/sites\/5\/2024\/03\/PHOTO-2024-03-19-16-09-54-8-768x576.jpg 768w, https:\/\/cloud.alqueria.es\/wp-content\/uploads\/sites\/5\/2024\/03\/PHOTO-2024-03-19-16-09-54-8-1536x1152.jpg 1536w\" sizes=\"(max-width: 2048px) 100vw, 2048px\" \/><\/p>\n<p>Al regresar por el carril bici, hemos realizado canciones de corro donde mayores y peque\u00f1os han disfrutado de m\u00fasica y baile.<\/p>\n<p class=\"jetpack-slideshow-noscript robots-nocontent\">El pase de diapositivas requiere JavaScript.<\/p><div id=\"gallery-15598-2-slideshow\" class=\"jetpack-slideshow-window jetpack-slideshow jetpack-slideshow-black\" data-trans=\"fade\" data-autostart=\"1\" data-gallery=\"[{&quot;src&quot;:&quot;https:\\\/\\\/cloud.alqueria.es\\\/wp-content\\\/uploads\\\/sites\\\/5\\\/2024\\\/03\\\/PHOTO-2024-03-19-16-09-54-3.jpg&quot;,&quot;id&quot;:&quot;15623&quot;,&quot;title&quot;:&quot;PHOTO-2024-03-19-16-09-54 (3)&quot;,&quot;alt&quot;:&quot;&quot;,&quot;caption&quot;:&quot;&quot;,&quot;itemprop&quot;:&quot;image&quot;},{&quot;src&quot;:&quot;https:\\\/\\\/cloud.alqueria.es\\\/wp-content\\\/uploads\\\/sites\\\/5\\\/2024\\\/03\\\/PHOTO-2024-03-19-16-09-54-6.jpg&quot;,&quot;id&quot;:&quot;15624&quot;,&quot;title&quot;:&quot;PHOTO-2024-03-19-16-09-54 (6)&quot;,&quot;alt&quot;:&quot;&quot;,&quot;caption&quot;:&quot;&quot;,&quot;itemprop&quot;:&quot;image&quot;},{&quot;src&quot;:&quot;https:\\\/\\\/cloud.alqueria.es\\\/wp-content\\\/uploads\\\/sites\\\/5\\\/2024\\\/03\\\/PHOTO-2024-03-21-16-09-57-1.jpg&quot;,&quot;id&quot;:&quot;15625&quot;,&quot;title&quot;:&quot;PHOTO-2024-03-21-16-09-57 (1)&quot;,&quot;alt&quot;:&quot;&quot;,&quot;caption&quot;:&quot;&quot;,&quot;itemprop&quot;:&quot;image&quot;},{&quot;src&quot;:&quot;https:\\\/\\\/cloud.alqueria.es\\\/wp-content\\\/uploads\\\/sites\\\/5\\\/2024\\\/03\\\/PHOTO-2024-03-21-16-09-57-2.jpg&quot;,&quot;id&quot;:&quot;15626&quot;,&quot;title&quot;:&quot;PHOTO-2024-03-21-16-09-57 (2)&quot;,&quot;alt&quot;:&quot;&quot;,&quot;caption&quot;:&quot;&quot;,&quot;itemprop&quot;:&quot;image&quot;},{&quot;src&quot;:&quot;https:\\\/\\\/cloud.alqueria.es\\\/wp-content\\\/uploads\\\/sites\\\/5\\\/2024\\\/03\\\/PHOTO-2024-03-21-16-09-57-3.jpg&quot;,&quot;id&quot;:&quot;15627&quot;,&quot;title&quot;:&quot;PHOTO-2024-03-21-16-09-57 (3)&quot;,&quot;alt&quot;:&quot;&quot;,&quot;caption&quot;:&quot;&quot;,&quot;itemprop&quot;:&quot;image&quot;},{&quot;src&quot;:&quot;https:\\\/\\\/cloud.alqueria.es\\\/wp-content\\\/uploads\\\/sites\\\/5\\\/2024\\\/03\\\/PHOTO-2024-03-21-16-09-57-4.jpg&quot;,&quot;id&quot;:&quot;15628&quot;,&quot;title&quot;:&quot;PHOTO-2024-03-21-16-09-57 (4)&quot;,&quot;alt&quot;:&quot;&quot;,&quot;caption&quot;:&quot;&quot;,&quot;itemprop&quot;:&quot;image&quot;},{&quot;src&quot;:&quot;https:\\\/\\\/cloud.alqueria.es\\\/wp-content\\\/uploads\\\/sites\\\/5\\\/2024\\\/03\\\/PHOTO-2024-03-21-16-09-57-6.jpg&quot;,&quot;id&quot;:&quot;15629&quot;,&quot;title&quot;:&quot;PHOTO-2024-03-21-16-09-57 (6)&quot;,&quot;alt&quot;:&quot;&quot;,&quot;caption&quot;:&quot;&quot;,&quot;itemprop&quot;:&quot;image&quot;},{&quot;src&quot;:&quot;https:\\\/\\\/cloud.alqueria.es\\\/wp-content\\\/uploads\\\/sites\\\/5\\\/2024\\\/03\\\/PHOTO-2024-03-21-16-09-57-7.jpg&quot;,&quot;id&quot;:&quot;15630&quot;,&quot;title&quot;:&quot;PHOTO-2024-03-21-16-09-57 (7)&quot;,&quot;alt&quot;:&quot;&quot;,&quot;caption&quot;:&quot;&quot;,&quot;itemprop&quot;:&quot;image&quot;}]\" itemscope itemtype=\"https:\/\/schema.org\/ImageGallery\"><\/div>\n<p>Adem\u00e1s, al regresar hemos disfrutado del jard\u00edn en compa\u00f1\u00eda de infantil. Hemos jugado con el alumnado y hemos podido observar las tortugas del estanque, anticip\u00e1ndose al buen tiempo de primavera.<\/p>\n<p><img decoding=\"async\" data-attachment-id=\"15620\" data-permalink=\"https:\/\/www.alqueria.es\/blogs\/colegioalqueriatercerciclo\/2024\/03\/22\/fin-del-segundo-trimestre-en-quinto\/photo-2024-03-21-16-09-57-8\/\" data-orig-file=\"https:\/\/cloud.alqueria.es\/wp-content\/uploads\/sites\/5\/2024\/03\/PHOTO-2024-03-21-16-09-57-8.jpg\" data-orig-size=\"1200,1600\" data-comments-opened=\"1\" data-image-meta=\"{&quot;aperture&quot;:&quot;0&quot;,&quot;credit&quot;:&quot;&quot;,&quot;camera&quot;:&quot;&quot;,&quot;caption&quot;:&quot;&quot;,&quot;created_timestamp&quot;:&quot;0&quot;,&quot;copyright&quot;:&quot;&quot;,&quot;focal_length&quot;:&quot;0&quot;,&quot;iso&quot;:&quot;0&quot;,&quot;shutter_speed&quot;:&quot;0&quot;,&quot;title&quot;:&quot;&quot;,&quot;orientation&quot;:&quot;0&quot;}\" data-image-title=\"PHOTO-2024-03-21-16-09-57 (8)\" data-image-description=\"\" data-image-caption=\"\" data-large-file=\"https:\/\/cloud.alqueria.es\/wp-content\/uploads\/sites\/5\/2024\/03\/PHOTO-2024-03-21-16-09-57-8-768x1024.jpg\" class=\"alignnone wp-image-15620 size-medium\" src=\"https:\/\/cloud.alqueria.es\/wp-content\/uploads\/sites\/5\/2024\/03\/PHOTO-2024-03-21-16-09-57-8-225x300.jpg\" alt=\"\" width=\"225\" height=\"300\" srcset=\"https:\/\/cloud.alqueria.es\/wp-content\/uploads\/sites\/5\/2024\/03\/PHOTO-2024-03-21-16-09-57-8-225x300.jpg 225w, https:\/\/cloud.alqueria.es\/wp-content\/uploads\/sites\/5\/2024\/03\/PHOTO-2024-03-21-16-09-57-8-768x1024.jpg 768w, https:\/\/cloud.alqueria.es\/wp-content\/uploads\/sites\/5\/2024\/03\/PHOTO-2024-03-21-16-09-57-8-1152x1536.jpg 1152w, https:\/\/cloud.alqueria.es\/wp-content\/uploads\/sites\/5\/2024\/03\/PHOTO-2024-03-21-16-09-57-8.jpg 1200w\" sizes=\"(max-width: 225px) 100vw, 225px\" \/> <img decoding=\"async\" data-attachment-id=\"15621\" data-permalink=\"https:\/\/www.alqueria.es\/blogs\/colegioalqueriatercerciclo\/2024\/03\/22\/fin-del-segundo-trimestre-en-quinto\/photo-2024-03-21-16-09-57-9\/\" data-orig-file=\"https:\/\/cloud.alqueria.es\/wp-content\/uploads\/sites\/5\/2024\/03\/PHOTO-2024-03-21-16-09-57-9.jpg\" data-orig-size=\"1200,1600\" data-comments-opened=\"1\" data-image-meta=\"{&quot;aperture&quot;:&quot;0&quot;,&quot;credit&quot;:&quot;&quot;,&quot;camera&quot;:&quot;&quot;,&quot;caption&quot;:&quot;&quot;,&quot;created_timestamp&quot;:&quot;0&quot;,&quot;copyright&quot;:&quot;&quot;,&quot;focal_length&quot;:&quot;0&quot;,&quot;iso&quot;:&quot;0&quot;,&quot;shutter_speed&quot;:&quot;0&quot;,&quot;title&quot;:&quot;&quot;,&quot;orientation&quot;:&quot;0&quot;}\" data-image-title=\"PHOTO-2024-03-21-16-09-57 (9)\" data-image-description=\"\" data-image-caption=\"\" data-large-file=\"https:\/\/cloud.alqueria.es\/wp-content\/uploads\/sites\/5\/2024\/03\/PHOTO-2024-03-21-16-09-57-9-768x1024.jpg\" class=\"aligncenter wp-image-15621 size-medium\" src=\"https:\/\/cloud.alqueria.es\/wp-content\/uploads\/sites\/5\/2024\/03\/PHOTO-2024-03-21-16-09-57-9-225x300.jpg\" alt=\"\" width=\"225\" height=\"300\" srcset=\"https:\/\/cloud.alqueria.es\/wp-content\/uploads\/sites\/5\/2024\/03\/PHOTO-2024-03-21-16-09-57-9-225x300.jpg 225w, https:\/\/cloud.alqueria.es\/wp-content\/uploads\/sites\/5\/2024\/03\/PHOTO-2024-03-21-16-09-57-9-768x1024.jpg 768w, https:\/\/cloud.alqueria.es\/wp-content\/uploads\/sites\/5\/2024\/03\/PHOTO-2024-03-21-16-09-57-9-1152x1536.jpg 1152w, https:\/\/cloud.alqueria.es\/wp-content\/uploads\/sites\/5\/2024\/03\/PHOTO-2024-03-21-16-09-57-9.jpg 1200w\" sizes=\"(max-width: 225px) 100vw, 225px\" \/> <img decoding=\"async\" data-attachment-id=\"15622\" data-permalink=\"https:\/\/www.alqueria.es\/blogs\/colegioalqueriatercerciclo\/2024\/03\/22\/fin-del-segundo-trimestre-en-quinto\/photo-2024-03-21-16-09-57\/\" data-orig-file=\"https:\/\/cloud.alqueria.es\/wp-content\/uploads\/sites\/5\/2024\/03\/PHOTO-2024-03-21-16-09-57.jpg\" data-orig-size=\"1600,1200\" data-comments-opened=\"1\" data-image-meta=\"{&quot;aperture&quot;:&quot;0&quot;,&quot;credit&quot;:&quot;&quot;,&quot;camera&quot;:&quot;&quot;,&quot;caption&quot;:&quot;&quot;,&quot;created_timestamp&quot;:&quot;0&quot;,&quot;copyright&quot;:&quot;&quot;,&quot;focal_length&quot;:&quot;0&quot;,&quot;iso&quot;:&quot;0&quot;,&quot;shutter_speed&quot;:&quot;0&quot;,&quot;title&quot;:&quot;&quot;,&quot;orientation&quot;:&quot;0&quot;}\" data-image-title=\"PHOTO-2024-03-21-16-09-57\" data-image-description=\"\" data-image-caption=\"\" data-large-file=\"https:\/\/cloud.alqueria.es\/wp-content\/uploads\/sites\/5\/2024\/03\/PHOTO-2024-03-21-16-09-57-1024x768.jpg\" class=\"alignnone size-full wp-image-15622\" src=\"https:\/\/cloud.alqueria.es\/wp-content\/uploads\/sites\/5\/2024\/03\/PHOTO-2024-03-21-16-09-57.jpg\" alt=\"\" width=\"1600\" height=\"1200\" srcset=\"https:\/\/cloud.alqueria.es\/wp-content\/uploads\/sites\/5\/2024\/03\/PHOTO-2024-03-21-16-09-57.jpg 1600w, https:\/\/cloud.alqueria.es\/wp-content\/uploads\/sites\/5\/2024\/03\/PHOTO-2024-03-21-16-09-57-300x225.jpg 300w, https:\/\/cloud.alqueria.es\/wp-content\/uploads\/sites\/5\/2024\/03\/PHOTO-2024-03-21-16-09-57-1024x768.jpg 1024w, https:\/\/cloud.alqueria.es\/wp-content\/uploads\/sites\/5\/2024\/03\/PHOTO-2024-03-21-16-09-57-768x576.jpg 768w, https:\/\/cloud.alqueria.es\/wp-content\/uploads\/sites\/5\/2024\/03\/PHOTO-2024-03-21-16-09-57-1536x1152.jpg 1536w\" sizes=\"(max-width: 1600px) 100vw, 1600px\" \/><\/p>\n<p>Para finalizar durante la semana se han estado ultimando las tareas que quedaban por terminar, y hemos preparado nuestras carpetas para la entrega de trabajos de este segundo trimestre. Hemos tomado acuerdos de cara al tercer trimestre sobre qu\u00e9 aspectos debemos ser m\u00e1s responsables, c\u00f3mo van a ser las din\u00e1micas de trabajo y hemos organizado los nuevos grupo de trabajo.<\/p>\n<p>En el \u00faltimo d\u00eda del trimestre se han realizado actividades especiales. Dedicamos las primeras horas para ver una pel\u00edcula y disfrutar de algunos aperitivos.<\/p>\n<p>&nbsp;<\/p>\n<p>Despu\u00e9s del recreo realizamos una gran sesi\u00f3n de juegos. En peque\u00f1os grupos elegimos alg\u00fan juego de mesa y nos divertimos.<\/p>\n<p class=\"jetpack-slideshow-noscript robots-nocontent\">El pase de diapositivas requiere JavaScript.<\/p><div id=\"gallery-15598-3-slideshow\" class=\"jetpack-slideshow-window jetpack-slideshow jetpack-slideshow-black\" data-trans=\"fade\" data-autostart=\"1\" data-gallery=\"[{&quot;src&quot;:&quot;https:\\\/\\\/cloud.alqueria.es\\\/wp-content\\\/uploads\\\/sites\\\/5\\\/2024\\\/03\\\/PHOTO-2024-03-22-12-34-38-1.jpg&quot;,&quot;id&quot;:&quot;15642&quot;,&quot;title&quot;:&quot;PHOTO-2024-03-22-12-34-38 (1)&quot;,&quot;alt&quot;:&quot;&quot;,&quot;caption&quot;:&quot;&quot;,&quot;itemprop&quot;:&quot;image&quot;},{&quot;src&quot;:&quot;https:\\\/\\\/cloud.alqueria.es\\\/wp-content\\\/uploads\\\/sites\\\/5\\\/2024\\\/03\\\/PHOTO-2024-03-22-12-34-38-2.jpg&quot;,&quot;id&quot;:&quot;15643&quot;,&quot;title&quot;:&quot;PHOTO-2024-03-22-12-34-38 (2)&quot;,&quot;alt&quot;:&quot;&quot;,&quot;caption&quot;:&quot;&quot;,&quot;itemprop&quot;:&quot;image&quot;},{&quot;src&quot;:&quot;https:\\\/\\\/cloud.alqueria.es\\\/wp-content\\\/uploads\\\/sites\\\/5\\\/2024\\\/03\\\/PHOTO-2024-03-22-12-34-38-3.jpg&quot;,&quot;id&quot;:&quot;15644&quot;,&quot;title&quot;:&quot;PHOTO-2024-03-22-12-34-38 (3)&quot;,&quot;alt&quot;:&quot;&quot;,&quot;caption&quot;:&quot;&quot;,&quot;itemprop&quot;:&quot;image&quot;},{&quot;src&quot;:&quot;https:\\\/\\\/cloud.alqueria.es\\\/wp-content\\\/uploads\\\/sites\\\/5\\\/2024\\\/03\\\/PHOTO-2024-03-22-12-34-38-4.jpg&quot;,&quot;id&quot;:&quot;15645&quot;,&quot;title&quot;:&quot;PHOTO-2024-03-22-12-34-38 (4)&quot;,&quot;alt&quot;:&quot;&quot;,&quot;caption&quot;:&quot;&quot;,&quot;itemprop&quot;:&quot;image&quot;},{&quot;src&quot;:&quot;https:\\\/\\\/cloud.alqueria.es\\\/wp-content\\\/uploads\\\/sites\\\/5\\\/2024\\\/03\\\/PHOTO-2024-03-22-12-34-38-5.jpg&quot;,&quot;id&quot;:&quot;15646&quot;,&quot;title&quot;:&quot;PHOTO-2024-03-22-12-34-38 (5)&quot;,&quot;alt&quot;:&quot;&quot;,&quot;caption&quot;:&quot;&quot;,&quot;itemprop&quot;:&quot;image&quot;},{&quot;src&quot;:&quot;https:\\\/\\\/cloud.alqueria.es\\\/wp-content\\\/uploads\\\/sites\\\/5\\\/2024\\\/03\\\/PHOTO-2024-03-22-13-05-22-1.jpg&quot;,&quot;id&quot;:&quot;15647&quot;,&quot;title&quot;:&quot;PHOTO-2024-03-22-13-05-22 (1)&quot;,&quot;alt&quot;:&quot;&quot;,&quot;caption&quot;:&quot;&quot;,&quot;itemprop&quot;:&quot;image&quot;},{&quot;src&quot;:&quot;https:\\\/\\\/cloud.alqueria.es\\\/wp-content\\\/uploads\\\/sites\\\/5\\\/2024\\\/03\\\/PHOTO-2024-03-22-13-05-22-2.jpg&quot;,&quot;id&quot;:&quot;15648&quot;,&quot;title&quot;:&quot;PHOTO-2024-03-22-13-05-22 (2)&quot;,&quot;alt&quot;:&quot;&quot;,&quot;caption&quot;:&quot;&quot;,&quot;itemprop&quot;:&quot;image&quot;},{&quot;src&quot;:&quot;https:\\\/\\\/cloud.alqueria.es\\\/wp-content\\\/uploads\\\/sites\\\/5\\\/2024\\\/03\\\/PHOTO-2024-03-22-13-05-22-3.jpg&quot;,&quot;id&quot;:&quot;15649&quot;,&quot;title&quot;:&quot;PHOTO-2024-03-22-13-05-22 (3)&quot;,&quot;alt&quot;:&quot;&quot;,&quot;caption&quot;:&quot;&quot;,&quot;itemprop&quot;:&quot;image&quot;},{&quot;src&quot;:&quot;https:\\\/\\\/cloud.alqueria.es\\\/wp-content\\\/uploads\\\/sites\\\/5\\\/2024\\\/03\\\/PHOTO-2024-03-22-13-05-22-4.jpg&quot;,&quot;id&quot;:&quot;15650&quot;,&quot;title&quot;:&quot;PHOTO-2024-03-22-13-05-22 (4)&quot;,&quot;alt&quot;:&quot;&quot;,&quot;caption&quot;:&quot;&quot;,&quot;itemprop&quot;:&quot;image&quot;},{&quot;src&quot;:&quot;https:\\\/\\\/cloud.alqueria.es\\\/wp-content\\\/uploads\\\/sites\\\/5\\\/2024\\\/03\\\/PHOTO-2024-03-22-13-05-22.jpg&quot;,&quot;id&quot;:&quot;15651&quot;,&quot;title&quot;:&quot;PHOTO-2024-03-22-13-05-22&quot;,&quot;alt&quot;:&quot;&quot;,&quot;caption&quot;:&quot;&quot;,&quot;itemprop&quot;:&quot;image&quot;}]\" itemscope itemtype=\"https:\/\/schema.org\/ImageGallery\"><\/div>\n<p><span style=\"color: #800080\"><strong>SESIONES DE EDUCACI\u00d3N F\u00cdSICA EN EL TRIMESTRE.<\/strong><\/span><\/p>\n<p>A lo largo del trimestre se han realizado las sesiones de educaci\u00f3n f\u00edsica y de las de iniciaci\u00f3n a deportes colectivos donde se van cumpliendo los objetivos propios del tercer ciclo.<\/p>\n<p>El \u00e1rea de educaci\u00f3n f\u00edsica en la etapa de primaria no solo se centra en el desarrollo f\u00edsico de los ni\u00f1os y ni\u00f1as sino que tambi\u00e9n juega un papel fundamental en la transmisi\u00f3n de valores. A trav\u00e9s del juego, la actividad f\u00edsica y la interacci\u00f3n social, los alumnos y alumnas pueden aprender y desarrollar una serie de valores esenciales para su formaci\u00f3n integral.<\/p>\n<p>En este trimestre las clases de educaci\u00f3n f\u00edsica han ido encaminadas a desarrollar las distintas habilidades motrices gen\u00e9ricas (golpeos, conducci\u00f3n, pase, interceptaci\u00f3n, bote y fintas) y a fortalecer esos valores tan esenciales para su vida personal y social \u00a0como son:<\/p>\n<ul>\n<li>Cooperaci\u00f3n y trabajo en equipo<\/li>\n<li>Respeto<\/li>\n<li>Responsabilidad<\/li>\n<li>Tolerancia:\u00a0Aprender a aceptar las diferencias entre s\u00ed, a ser comprensivos con los dem\u00e1s y a evitar la discriminaci\u00f3n.<\/li>\n<li>Deportividad:\u00a0Desarrollar y practicar el jugar limpio, a aceptar la derrota y a celebrar la victoria de los dem\u00e1s.<\/li>\n<li>Esfuerzo y superaci\u00f3n: Tener que esforzarse para alcanzar sus metas, a superar sus dificultades y a no rendirse f\u00e1cilmente.<\/li>\n<li>Autonom\u00eda:\u00a0Lograr que conf\u00eden en sus propias capacidades.<\/li>\n<\/ul>\n<p>Para trabajar estos los valores en el \u00e1rea, hemos utilizado juegos y actividades cooperativas:\u00a0Los juegos y actividades en equipo son una excelente forma de fomentar la cooperaci\u00f3n, el respeto y la comunicaci\u00f3n entre los alumnos.<\/p>\n<p>Respecto a desarrollo de habilidades motrices gen\u00e9ricas citadas anteriormente, hemos realizado en este segundo trimestre numerosos juegos, actividades l\u00fadicas \u2013 deportivas y deportes de equipo, en los cuales la participaci\u00f3n ha sido muy buena por parte de todo el alumnado de tercer ciclo y su motivaci\u00f3n por las sesiones de iniciaci\u00f3n deportiva es muy alta al igual que su disfrute y diversi\u00f3n en las sesiones de juegos y actividades l\u00fadicas.<\/p>\n<p>A continuaci\u00f3n os dejo algunas fotos realizadas en las sesiones de Educaci\u00f3n f\u00edsica realizadas en este segundo trimestre donde en ellas se muestran al alumnado participando, jugando, disfrutando de su aprendizaje y fortaleciendo sus habilidades motrices y sociales.<\/p>\n<p class=\"jetpack-slideshow-noscript robots-nocontent\">El pase de diapositivas requiere JavaScript.<\/p><div id=\"gallery-15598-4-slideshow\" class=\"jetpack-slideshow-window jetpack-slideshow jetpack-slideshow-black\" data-trans=\"fade\" data-autostart=\"1\" data-gallery=\"[{&quot;src&quot;:&quot;https:\\\/\\\/cloud.alqueria.es\\\/wp-content\\\/uploads\\\/sites\\\/5\\\/2024\\\/03\\\/1710990027699.jpg&quot;,&quot;id&quot;:&quot;15605&quot;,&quot;title&quot;:&quot;1710990027699&quot;,&quot;alt&quot;:&quot;&quot;,&quot;caption&quot;:&quot;&quot;,&quot;itemprop&quot;:&quot;image&quot;},{&quot;src&quot;:&quot;https:\\\/\\\/cloud.alqueria.es\\\/wp-content\\\/uploads\\\/sites\\\/5\\\/2024\\\/03\\\/1710990027722.jpg&quot;,&quot;id&quot;:&quot;15606&quot;,&quot;title&quot;:&quot;1710990027722&quot;,&quot;alt&quot;:&quot;&quot;,&quot;caption&quot;:&quot;&quot;,&quot;itemprop&quot;:&quot;image&quot;},{&quot;src&quot;:&quot;https:\\\/\\\/cloud.alqueria.es\\\/wp-content\\\/uploads\\\/sites\\\/5\\\/2024\\\/03\\\/1710990027831.jpg&quot;,&quot;id&quot;:&quot;15607&quot;,&quot;title&quot;:&quot;1710990027831&quot;,&quot;alt&quot;:&quot;&quot;,&quot;caption&quot;:&quot;&quot;,&quot;itemprop&quot;:&quot;image&quot;},{&quot;src&quot;:&quot;https:\\\/\\\/cloud.alqueria.es\\\/wp-content\\\/uploads\\\/sites\\\/5\\\/2024\\\/03\\\/1710990027903.jpg&quot;,&quot;id&quot;:&quot;15608&quot;,&quot;title&quot;:&quot;1710990027903&quot;,&quot;alt&quot;:&quot;&quot;,&quot;caption&quot;:&quot;&quot;,&quot;itemprop&quot;:&quot;image&quot;},{&quot;src&quot;:&quot;https:\\\/\\\/cloud.alqueria.es\\\/wp-content\\\/uploads\\\/sites\\\/5\\\/2024\\\/03\\\/1710990027960.jpg&quot;,&quot;id&quot;:&quot;15609&quot;,&quot;title&quot;:&quot;1710990027960&quot;,&quot;alt&quot;:&quot;&quot;,&quot;caption&quot;:&quot;&quot;,&quot;itemprop&quot;:&quot;image&quot;},{&quot;src&quot;:&quot;https:\\\/\\\/cloud.alqueria.es\\\/wp-content\\\/uploads\\\/sites\\\/5\\\/2024\\\/03\\\/1710990027977.jpg&quot;,&quot;id&quot;:&quot;15610&quot;,&quot;title&quot;:&quot;1710990027977&quot;,&quot;alt&quot;:&quot;&quot;,&quot;caption&quot;:&quot;&quot;,&quot;itemprop&quot;:&quot;image&quot;},{&quot;src&quot;:&quot;https:\\\/\\\/cloud.alqueria.es\\\/wp-content\\\/uploads\\\/sites\\\/5\\\/2024\\\/03\\\/1710990028083.jpg&quot;,&quot;id&quot;:&quot;15611&quot;,&quot;title&quot;:&quot;1710990028083&quot;,&quot;alt&quot;:&quot;&quot;,&quot;caption&quot;:&quot;&quot;,&quot;itemprop&quot;:&quot;image&quot;},{&quot;src&quot;:&quot;https:\\\/\\\/cloud.alqueria.es\\\/wp-content\\\/uploads\\\/sites\\\/5\\\/2024\\\/03\\\/1710990028147.jpg&quot;,&quot;id&quot;:&quot;15612&quot;,&quot;title&quot;:&quot;1710990028147&quot;,&quot;alt&quot;:&quot;&quot;,&quot;caption&quot;:&quot;&quot;,&quot;itemprop&quot;:&quot;image&quot;},{&quot;src&quot;:&quot;https:\\\/\\\/cloud.alqueria.es\\\/wp-content\\\/uploads\\\/sites\\\/5\\\/2024\\\/03\\\/1710990028213.jpg&quot;,&quot;id&quot;:&quot;15613&quot;,&quot;title&quot;:&quot;1710990028213&quot;,&quot;alt&quot;:&quot;&quot;,&quot;caption&quot;:&quot;&quot;,&quot;itemprop&quot;:&quot;image&quot;},{&quot;src&quot;:&quot;https:\\\/\\\/cloud.alqueria.es\\\/wp-content\\\/uploads\\\/sites\\\/5\\\/2024\\\/03\\\/1710990028255.jpg&quot;,&quot;id&quot;:&quot;15614&quot;,&quot;title&quot;:&quot;1710990028255&quot;,&quot;alt&quot;:&quot;&quot;,&quot;caption&quot;:&quot;&quot;,&quot;itemprop&quot;:&quot;image&quot;},{&quot;src&quot;:&quot;https:\\\/\\\/cloud.alqueria.es\\\/wp-content\\\/uploads\\\/sites\\\/5\\\/2024\\\/03\\\/1710990028270.jpg&quot;,&quot;id&quot;:&quot;15615&quot;,&quot;title&quot;:&quot;1710990028270&quot;,&quot;alt&quot;:&quot;&quot;,&quot;caption&quot;:&quot;&quot;,&quot;itemprop&quot;:&quot;image&quot;}]\" itemscope itemtype=\"https:\/\/schema.org\/ImageGallery\"><\/div>\n<p>Que teng\u00e1is unas estupendas vacaciones. Nos vemos a la vuelta<\/p>\n<p>Isabel<\/p>\n","protected":false},"excerpt":{"rendered":"<p>Estimadas familias, hemos llegado al final del segundo trimestre, con grandes avances y aprendizajes en el grupo clase. Hemos afianzado rutinas, h\u00e1bitos de trabajo, nos hemos divertido en distintos momentos del trimestre. Hemos realizado distintas actividades de todos los \u00e1mbitos, destacando aquellas espec\u00edficas del \u00e1mbito socioemocional realizadas con Laura, los debates en \u00e9tica, el trabajo &hellip; <a href=\"https:\/\/www.alqueria.es\/blogs\/colegioalqueriatercerciclo\/2024\/03\/22\/fin-del-segundo-trimestre-en-quinto\/\" class=\"more-link\">Seguir leyendo <span class=\"screen-reader-text\">Fin del segundo trimestre en quinto.<\/span> <span class=\"meta-nav\">&rarr;<\/span><\/a><\/p>\n","protected":false},"author":9,"featured_media":0,"comment_status":"open","ping_status":"open","sticky":false,"template":"","format":"standard","meta":{"jetpack_post_was_ever_published":false,"_jetpack_newsletter_access":"","_jetpack_dont_email_post_to_subs":false,"_jetpack_newsletter_tier_id":0,"_jetpack_memberships_contains_paywalled_content":false,"_jetpack_memberships_contains_paid_content":false,"footnotes":"","jetpack_publicize_message":"","jetpack_publicize_feature_enabled":true,"jetpack_social_post_already_shared":true,"jetpack_social_options":{"image_generator_settings":{"template":"highway","default_image_id":0,"font":"","enabled":false},"version":2}},"categories":[2,521,18,12,14],"tags":[156,325,88,95],"class_list":["post-15598","post","type-post","status-publish","format-standard","hentry","category-5o-epo","category-actividad-medioambiental","category-educacion-fisica-5o","category-salidas-5o","category-semanario-5o","tag-fin-de-trimestre","tag-informacion-a-familias","tag-salidas","tag-tertulia-literaria"],"jetpack_publicize_connections":[],"jetpack_featured_media_url":"","jetpack_sharing_enabled":true,"jetpack_shortlink":"https:\/\/wp.me\/p4l4AW-43A","jetpack-related-posts":[],"_links":{"self":[{"href":"https:\/\/www.alqueria.es\/blogs\/colegioalqueriatercerciclo\/wp-json\/wp\/v2\/posts\/15598","targetHints":{"allow":["GET"]}}],"collection":[{"href":"https:\/\/www.alqueria.es\/blogs\/colegioalqueriatercerciclo\/wp-json\/wp\/v2\/posts"}],"about":[{"href":"https:\/\/www.alqueria.es\/blogs\/colegioalqueriatercerciclo\/wp-json\/wp\/v2\/types\/post"}],"author":[{"embeddable":true,"href":"https:\/\/www.alqueria.es\/blogs\/colegioalqueriatercerciclo\/wp-json\/wp\/v2\/users\/9"}],"replies":[{"embeddable":true,"href":"https:\/\/www.alqueria.es\/blogs\/colegioalqueriatercerciclo\/wp-json\/wp\/v2\/comments?post=15598"}],"version-history":[{"count":7,"href":"https:\/\/www.alqueria.es\/blogs\/colegioalqueriatercerciclo\/wp-json\/wp\/v2\/posts\/15598\/revisions"}],"predecessor-version":[{"id":15652,"href":"https:\/\/www.alqueria.es\/blogs\/colegioalqueriatercerciclo\/wp-json\/wp\/v2\/posts\/15598\/revisions\/15652"}],"wp:attachment":[{"href":"https:\/\/www.alqueria.es\/blogs\/colegioalqueriatercerciclo\/wp-json\/wp\/v2\/media?parent=15598"}],"wp:term":[{"taxonomy":"category","embeddable":true,"href":"https:\/\/www.alqueria.es\/blogs\/colegioalqueriatercerciclo\/wp-json\/wp\/v2\/categories?post=15598"},{"taxonomy":"post_tag","embeddable":true,"href":"https:\/\/www.alqueria.es\/blogs\/colegioalqueriatercerciclo\/wp-json\/wp\/v2\/tags?post=15598"}],"curies":[{"name":"wp","href":"https:\/\/api.w.org\/{rel}","templated":true}]}}