{"id":15839,"date":"2024-04-20T11:10:49","date_gmt":"2024-04-20T09:10:49","guid":{"rendered":"https:\/\/www.alqueria.es\/blogs\/colegioalqueriatercerciclo\/?p=15839"},"modified":"2024-04-20T11:10:49","modified_gmt":"2024-04-20T09:10:49","slug":"dinamica-de-6o-epo","status":"publish","type":"post","link":"https:\/\/www.alqueria.es\/blogs\/colegioalqueriatercerciclo\/2024\/04\/20\/dinamica-de-6o-epo\/","title":{"rendered":"Din\u00e1mica de 6\u00ba EPO"},"content":{"rendered":"<p>Durante estos d\u00edas hemos desarrollado diferentes actividades y alguna charla que vienen a completar la programaci\u00f3n propia de ciclo.<\/p>\n<p><strong><span style=\"color: #0000ff\">CHARLA EDUCACI\u00d3N INTERGENERACIONAL<\/span><\/strong><\/p>\n<p>Nos visita Asunci\u00f3n y Mar\u00eda, profesoras jubiladas de Lengua y Literatura en Secundaria y Bachiller, y profesora de Ciclos formativos.<\/p>\n<p>La charla comienza con la pregunta de qu\u00e9 quieren ser de mayores o c\u00f3mo se imaginan la vida adulta, sus aficiones. Se comenta la vivencia de ellas a lo largo de la etapa primaria y secundaria haciendo una comparaci\u00f3n con la actual.\u00a0 En el acceso a Secundaria, en muchas ocasiones y a trav\u00e9s de las series, se tiene una tipificaci\u00f3n de c\u00f3mo son los roles en los institutos que muchas veces est\u00e1n muy alejadas de la realidad.<\/p>\n<p>El grupo comenta y pregunta para interesarse sobre c\u00f3mo son los grados formativos, la Universidad, los partes en los institutos, los horarios y asignaturas opcionales, itinerarios, funcionamiento de los centros y aulas de Secundaria&#8230;<\/p>\n<p><img decoding=\"async\" data-attachment-id=\"15911\" data-permalink=\"https:\/\/www.alqueria.es\/blogs\/colegioalqueriatercerciclo\/2024\/04\/20\/dinamica-de-6o-epo\/20240410_131308\/\" data-orig-file=\"https:\/\/cloud.alqueria.es\/wp-content\/uploads\/sites\/5\/2024\/04\/20240410_131308-scaled.jpg\" data-orig-size=\"2560,1441\" data-comments-opened=\"1\" data-image-meta=\"{&quot;aperture&quot;:&quot;0&quot;,&quot;credit&quot;:&quot;&quot;,&quot;camera&quot;:&quot;&quot;,&quot;caption&quot;:&quot;&quot;,&quot;created_timestamp&quot;:&quot;0&quot;,&quot;copyright&quot;:&quot;&quot;,&quot;focal_length&quot;:&quot;0&quot;,&quot;iso&quot;:&quot;0&quot;,&quot;shutter_speed&quot;:&quot;0&quot;,&quot;title&quot;:&quot;&quot;,&quot;orientation&quot;:&quot;0&quot;}\" data-image-title=\"20240410_131308\" data-image-description=\"\" data-image-caption=\"\" data-large-file=\"https:\/\/cloud.alqueria.es\/wp-content\/uploads\/sites\/5\/2024\/04\/20240410_131308-1024x576.jpg\" class=\"alignnone size-full wp-image-15911\" src=\"https:\/\/cloud.alqueria.es\/wp-content\/uploads\/sites\/5\/2024\/04\/20240410_131308-scaled.jpg\" alt=\"\" width=\"2560\" height=\"1441\" srcset=\"https:\/\/cloud.alqueria.es\/wp-content\/uploads\/sites\/5\/2024\/04\/20240410_131308-scaled.jpg 2560w, https:\/\/cloud.alqueria.es\/wp-content\/uploads\/sites\/5\/2024\/04\/20240410_131308-300x169.jpg 300w, https:\/\/cloud.alqueria.es\/wp-content\/uploads\/sites\/5\/2024\/04\/20240410_131308-1024x576.jpg 1024w, https:\/\/cloud.alqueria.es\/wp-content\/uploads\/sites\/5\/2024\/04\/20240410_131308-768x432.jpg 768w, https:\/\/cloud.alqueria.es\/wp-content\/uploads\/sites\/5\/2024\/04\/20240410_131308-1536x864.jpg 1536w, https:\/\/cloud.alqueria.es\/wp-content\/uploads\/sites\/5\/2024\/04\/20240410_131308-2048x1153.jpg 2048w\" sizes=\"(max-width: 2560px) 100vw, 2560px\" \/><\/p>\n<p>Nuestras ponentes vienen de la Asociaci\u00f3n del alumnado de mayores de la Universidad de Granada (UNIGRAMA), una Asociaci\u00f3n si \u00e1nimo de lucro integrada por personas mayores pertenecientes al Aula permanente de Formaci\u00f3n Abierta de la nuestra Universidad.<\/p>\n<p>Realizan diversas actividades de todo tipo, senderismo, cine, conciertos, charlas, convivencia, etc. organizando actividades para los socios\/as que la componen. En nuestro caso, colaborando con el Ayuntamiento en el Programa educativo anual y la Universidad de Granada para ofrecer este tipo de charlas intergeneracionales.<\/p>\n<p>Pasamos un grato momento con ellas prestando la m\u00e1xima atenci\u00f3n comparando lo que los abuelos\/as nos contaron en la pasada semana cultural en el colegio y aprendiendo de sus vivencias y consejos sabios.<\/p>\n<p><span style=\"color: #0000ff\"><strong>D\u00cdA DEL LIBRO<\/strong><\/span><\/p>\n<p>La pr\u00f3xima semana se celebra el D\u00eda del libro y se llevar\u00e1n a cabo diferentes actividades relacionadas con la lectura y escritura.<\/p>\n<p>En clase han comenzado a desarrollar diferentes \u00abMicrorrelatos\u00bb partiendo de un inicio que se les sugiere y teniendo en cuenta las caracter\u00edsticas de este tipo de texto<\/p>\n<p><span style=\"color: #339966\"><span style=\"color: #000000\">El microcuento\u00a0 es un texto ficcional breve. E<\/span><\/span><span style=\"color: #000000\">scribir un microrrelato no es sencillo. Al igual que en cualquier otro texto, el desarrollo de la acci\u00f3n debe ser coherente, debe tener una estructura con presentaci\u00f3n, desarrollo y desenlace. Puede presentarse un personaje e, incluso, una sorpresa en el final que incite al lector a reflexionar o dejar una moraleja.<\/span><\/p>\n<p class=\"XzvDs _208Ie tFDi5 blog-post-text-font blog-post-text-color _2QAo- _1iXso _7G6-i tFDi5\"><span style=\"color: #000000\">Cada texto debe centrarse en un momento de la historia sin tener que dar demasiados detalles del personaje o del ambiente. El propio t\u00edtulo ya aporta informaci\u00f3n de la trama del relato.\u00a0<\/span><\/p>\n<p>Est\u00e1n apareciendo diversas creaciones manteniendo la esencia de lo pedido con finales que llevan a pensar al lector y tener que releer el texto por segunda vez.<\/p>\n<p><img decoding=\"async\" data-attachment-id=\"4406\" data-permalink=\"https:\/\/www.alqueria.es\/blogs\/colegioalqueriatercerciclo\/2017\/04\/21\/tras-el-descanso-de-semana-santa-en-sexto\/microrrelato-2\/\" data-orig-file=\"https:\/\/cloud.alqueria.es\/wp-content\/uploads\/sites\/5\/2017\/04\/Microrrelato.jpg\" data-orig-size=\"314,160\" data-comments-opened=\"1\" data-image-meta=\"{&quot;aperture&quot;:&quot;0&quot;,&quot;credit&quot;:&quot;&quot;,&quot;camera&quot;:&quot;&quot;,&quot;caption&quot;:&quot;&quot;,&quot;created_timestamp&quot;:&quot;0&quot;,&quot;copyright&quot;:&quot;&quot;,&quot;focal_length&quot;:&quot;0&quot;,&quot;iso&quot;:&quot;0&quot;,&quot;shutter_speed&quot;:&quot;0&quot;,&quot;title&quot;:&quot;&quot;,&quot;orientation&quot;:&quot;0&quot;}\" data-image-title=\"Microrrelato\" data-image-description=\"\" data-image-caption=\"\" data-large-file=\"https:\/\/cloud.alqueria.es\/wp-content\/uploads\/sites\/5\/2017\/04\/Microrrelato.jpg\" class=\"size-full wp-image-4406 aligncenter\" src=\"https:\/\/cloud.alqueria.es\/wp-content\/uploads\/sites\/5\/2017\/04\/Microrrelato.jpg\" alt=\"\" width=\"314\" height=\"160\" srcset=\"https:\/\/cloud.alqueria.es\/wp-content\/uploads\/sites\/5\/2017\/04\/Microrrelato.jpg 314w, https:\/\/cloud.alqueria.es\/wp-content\/uploads\/sites\/5\/2017\/04\/Microrrelato-300x153.jpg 300w\" sizes=\"(max-width: 314px) 100vw, 314px\" \/><\/p>\n<p><span style=\"color: #0000ff\"><strong>EDAD MEDIA<\/strong><\/span><\/p>\n<p>Una vez realizada la conferencia de Marina sobre la Edad Media, trabajan esta parte de la historia en pareja. Sit\u00faan en la l\u00ednea del tiempo este periodo y se investiga sobre la invasi\u00f3n de los Visigodos, Al-\u00c1ndalus y la conquista cristiana. Durante dos semanas elaborar\u00e1n un gui\u00f3n con una parte de este periodo para compartir con el grupo a trav\u00e9s de una exposici\u00f3n.<\/p>\n<p><strong><span style=\"color: #0000ff\">ASERTIVIDAD<\/span><\/strong><\/p>\n<p>La asertividad es una forma de comunicaci\u00f3n que consiste en\u00a0defender tus derechos,\u00a0expresar tus opiniones\u00a0y\u00a0realizar sugerencias de forma honesta, sin caer en la agresividad o la pasividad, respetando a los dem\u00e1s pero sobre todo respetando tus propias necesidades.<\/p>\n<p>As\u00ed, durante esta semana y la que viene, seguimos trabajando este aspecto a trav\u00e9s de una din\u00e1mica en la que deben identificar de un listado un \u00abderecho\u00bb que consideren que alguien de clase no lo ejerce. Deben elaborar un plan de actuaci\u00f3n sencillo para ayudar a esa persona a desarrollar su derecho y, por consiguiente, interiorizar el comportamiento asertivo.<\/p>\n<p>Por otro lado, desarrollamos el juego del lobo en el que deben averiguar qui\u00e9n del grupo ha obtenido la tarjeta de ese infiltrado a trav\u00e9s de argumentos entre dos participantes que deben defender la postura de que no lo son. Si esos argumentos son convincentes, en la votaci\u00f3n de la asamblea, se desvela qui\u00e9nes son realmente hasta dar con el lobo.<\/p>\n<p><span style=\"color: #0000ff\"><strong>OTRAS \u00c1REAS<\/strong><\/span><\/p>\n<p>Dentro del \u00e1rea de lengua, vamos ultimando la parte gramatical con conjunciones, preposiciones y adverbios haciendo hincapi\u00e9 en que son palabras invariables con una funcionalidad concreta. Una vez se afiance este concepto, pasaremos al an\u00e1lisis de verbos en sus tres modos y el an\u00e1lisis morfol\u00f3gico y sint\u00e1ctico de oraciones.<\/p>\n<p>Terminamos de hacer c\u00e1lculos con el n\u00famero Pi, la superficie y per\u00edmetro de varias figuras y cuerpos geom\u00e9tricos. Adem\u00e1s de aprender la forma de hacerlo, practicamos al algoritmo de la multiplicaci\u00f3n y divisi\u00f3n con n\u00fameros decimales.<\/p>\n<p><strong><span style=\"color: #0000ff\">COLABORACI\u00d3N CON SEGUNDO DE PRIMARIA<\/span><\/strong><\/p>\n<p>Da comienzo la tutorizaci\u00f3n de nuestro grupo con el de segundo en la ense\u00f1anza de programaci\u00f3n b\u00e1sica, inteligencia artificial y pensamiento computacional a trav\u00e9s de la aplicaci\u00f3n\/web\u00a0 CODE.ORG en la que por parejas, cada miembro ense\u00f1a, ayuda y colabora con el m\u00e1s peque\u00f1o a desarrollar\u00a0<strong>competencias de pensamiento transversales:<\/strong> capacidad anal\u00edtica, resoluci\u00f3n de problemas, habilidades matem\u00e1ticas, cient\u00edficas y t\u00e9cnicas, y creatividad.<\/p>\n<p>As\u00ed, desplazar un mu\u00f1eco a trav\u00e9s de un tablero digital para superar obst\u00e1culos en varias direcciones, giros y patrones hasta llegar a un punto en concreto, fomenta el desarrollo de orientaci\u00f3n y espacialidad junto a la l\u00f3gica matem\u00e1tica.<\/p>\n<p>Esta actividad se est\u00e1 desarrollando en el mes de abril y finalizar\u00e1 en la segunda quincena de mayo.<\/p>\n<p><img decoding=\"async\" data-attachment-id=\"15912\" data-permalink=\"https:\/\/www.alqueria.es\/blogs\/colegioalqueriatercerciclo\/2024\/04\/20\/dinamica-de-6o-epo\/20240412_101305\/\" data-orig-file=\"https:\/\/cloud.alqueria.es\/wp-content\/uploads\/sites\/5\/2024\/04\/20240412_101305-scaled.jpg\" data-orig-size=\"2560,1441\" data-comments-opened=\"1\" data-image-meta=\"{&quot;aperture&quot;:&quot;0&quot;,&quot;credit&quot;:&quot;&quot;,&quot;camera&quot;:&quot;&quot;,&quot;caption&quot;:&quot;&quot;,&quot;created_timestamp&quot;:&quot;0&quot;,&quot;copyright&quot;:&quot;&quot;,&quot;focal_length&quot;:&quot;0&quot;,&quot;iso&quot;:&quot;0&quot;,&quot;shutter_speed&quot;:&quot;0&quot;,&quot;title&quot;:&quot;&quot;,&quot;orientation&quot;:&quot;0&quot;}\" data-image-title=\"20240412_101305\" data-image-description=\"\" data-image-caption=\"\" data-large-file=\"https:\/\/cloud.alqueria.es\/wp-content\/uploads\/sites\/5\/2024\/04\/20240412_101305-1024x576.jpg\" class=\"alignnone size-full wp-image-15912\" src=\"https:\/\/cloud.alqueria.es\/wp-content\/uploads\/sites\/5\/2024\/04\/20240412_101305-scaled.jpg\" alt=\"\" width=\"2560\" height=\"1441\" srcset=\"https:\/\/cloud.alqueria.es\/wp-content\/uploads\/sites\/5\/2024\/04\/20240412_101305-scaled.jpg 2560w, https:\/\/cloud.alqueria.es\/wp-content\/uploads\/sites\/5\/2024\/04\/20240412_101305-300x169.jpg 300w, https:\/\/cloud.alqueria.es\/wp-content\/uploads\/sites\/5\/2024\/04\/20240412_101305-1024x576.jpg 1024w, https:\/\/cloud.alqueria.es\/wp-content\/uploads\/sites\/5\/2024\/04\/20240412_101305-768x432.jpg 768w, https:\/\/cloud.alqueria.es\/wp-content\/uploads\/sites\/5\/2024\/04\/20240412_101305-1536x864.jpg 1536w, https:\/\/cloud.alqueria.es\/wp-content\/uploads\/sites\/5\/2024\/04\/20240412_101305-2048x1153.jpg 2048w\" sizes=\"(max-width: 2560px) 100vw, 2560px\" \/><\/p>\n<p><span style=\"color: #0000ff\"><strong>DIN\u00c1MICAS DE GRUPO Y JUEGOS<\/strong><\/span><\/p>\n<p>Esta semana vuelve Laura G. con dos propuestas:<\/p>\n<ul>\n<li>Teniendo 100 monedas cada persona del grupo de sexto, deb\u00edan invertir y distribuir ciertas cantidades en las personas que tienen a su alrededor: familia, amistades, colegio, mascotas, aficiones&#8230; de manera que luego deb\u00edan desglosar de manera minuciosa (pap\u00e1, mam\u00e1, hermano&#8230;). Una vez realizado el listado, deb\u00edan anotar qu\u00e9 cantidad recib\u00edan de cada miembro para comparar si lo que ofrec\u00edan era similar a lo recibido o no. En caso de desequilibrio, habr\u00eda que trabajarlo para recibir lo mismo que das o viceversa.<\/li>\n<li>Din\u00e1mica de trabajo en equipo en la que deb\u00edan hacer un circuito con un aro en la mano comenzando con un integrante al que se sumaba otro miembro una vez acabado el recorrido hasta completar que el \u00abtren\u00bb estuviera completo llegando a meta y sin perder el aro de vista.<\/li>\n<\/ul>\n<p><img decoding=\"async\" data-attachment-id=\"15915\" data-permalink=\"https:\/\/www.alqueria.es\/blogs\/colegioalqueriatercerciclo\/2024\/04\/20\/dinamica-de-6o-epo\/patio-abril-4\/\" data-orig-file=\"https:\/\/cloud.alqueria.es\/wp-content\/uploads\/sites\/5\/2024\/04\/Patio-abril-4.jpeg\" data-orig-size=\"2040,1148\" data-comments-opened=\"1\" data-image-meta=\"{&quot;aperture&quot;:&quot;0&quot;,&quot;credit&quot;:&quot;&quot;,&quot;camera&quot;:&quot;&quot;,&quot;caption&quot;:&quot;&quot;,&quot;created_timestamp&quot;:&quot;0&quot;,&quot;copyright&quot;:&quot;&quot;,&quot;focal_length&quot;:&quot;0&quot;,&quot;iso&quot;:&quot;0&quot;,&quot;shutter_speed&quot;:&quot;0&quot;,&quot;title&quot;:&quot;&quot;,&quot;orientation&quot;:&quot;0&quot;}\" data-image-title=\"Patio abril (4)\" data-image-description=\"\" data-image-caption=\"\" data-large-file=\"https:\/\/cloud.alqueria.es\/wp-content\/uploads\/sites\/5\/2024\/04\/Patio-abril-4-1024x576.jpeg\" class=\"alignnone size-full wp-image-15915\" src=\"https:\/\/cloud.alqueria.es\/wp-content\/uploads\/sites\/5\/2024\/04\/Patio-abril-4.jpeg\" alt=\"\" width=\"2040\" height=\"1148\" srcset=\"https:\/\/cloud.alqueria.es\/wp-content\/uploads\/sites\/5\/2024\/04\/Patio-abril-4.jpeg 2040w, https:\/\/cloud.alqueria.es\/wp-content\/uploads\/sites\/5\/2024\/04\/Patio-abril-4-300x169.jpeg 300w, https:\/\/cloud.alqueria.es\/wp-content\/uploads\/sites\/5\/2024\/04\/Patio-abril-4-1024x576.jpeg 1024w, https:\/\/cloud.alqueria.es\/wp-content\/uploads\/sites\/5\/2024\/04\/Patio-abril-4-768x432.jpeg 768w, https:\/\/cloud.alqueria.es\/wp-content\/uploads\/sites\/5\/2024\/04\/Patio-abril-4-1536x864.jpeg 1536w\" sizes=\"(max-width: 2040px) 100vw, 2040px\" \/> <img decoding=\"async\" data-attachment-id=\"15916\" data-permalink=\"https:\/\/www.alqueria.es\/blogs\/colegioalqueriatercerciclo\/2024\/04\/20\/dinamica-de-6o-epo\/patio-abril-5\/\" data-orig-file=\"https:\/\/cloud.alqueria.es\/wp-content\/uploads\/sites\/5\/2024\/04\/patio-abril-5.jpeg\" data-orig-size=\"2040,1148\" data-comments-opened=\"1\" data-image-meta=\"{&quot;aperture&quot;:&quot;0&quot;,&quot;credit&quot;:&quot;&quot;,&quot;camera&quot;:&quot;&quot;,&quot;caption&quot;:&quot;&quot;,&quot;created_timestamp&quot;:&quot;0&quot;,&quot;copyright&quot;:&quot;&quot;,&quot;focal_length&quot;:&quot;0&quot;,&quot;iso&quot;:&quot;0&quot;,&quot;shutter_speed&quot;:&quot;0&quot;,&quot;title&quot;:&quot;&quot;,&quot;orientation&quot;:&quot;0&quot;}\" data-image-title=\"patio abril (5)\" data-image-description=\"\" data-image-caption=\"\" data-large-file=\"https:\/\/cloud.alqueria.es\/wp-content\/uploads\/sites\/5\/2024\/04\/patio-abril-5-1024x576.jpeg\" class=\"alignnone size-full wp-image-15916\" src=\"https:\/\/cloud.alqueria.es\/wp-content\/uploads\/sites\/5\/2024\/04\/patio-abril-5.jpeg\" alt=\"\" width=\"2040\" height=\"1148\" srcset=\"https:\/\/cloud.alqueria.es\/wp-content\/uploads\/sites\/5\/2024\/04\/patio-abril-5.jpeg 2040w, https:\/\/cloud.alqueria.es\/wp-content\/uploads\/sites\/5\/2024\/04\/patio-abril-5-300x169.jpeg 300w, https:\/\/cloud.alqueria.es\/wp-content\/uploads\/sites\/5\/2024\/04\/patio-abril-5-1024x576.jpeg 1024w, https:\/\/cloud.alqueria.es\/wp-content\/uploads\/sites\/5\/2024\/04\/patio-abril-5-768x432.jpeg 768w, https:\/\/cloud.alqueria.es\/wp-content\/uploads\/sites\/5\/2024\/04\/patio-abril-5-1536x864.jpeg 1536w\" sizes=\"(max-width: 2040px) 100vw, 2040px\" \/><\/p>\n<p>Momentos de la semana en los que aparecen diversos juegos y de todo tipo como canicas, abalorios, juegos de mesa, de jard\u00edn, charlas, creaciones art\u00edsticas&#8230;<\/p>\n<p class=\"jetpack-slideshow-noscript robots-nocontent\">El pase de diapositivas requiere JavaScript.<\/p><div id=\"gallery-15839-1-slideshow\" class=\"jetpack-slideshow-window jetpack-slideshow jetpack-slideshow-black\" data-trans=\"fade\" data-autostart=\"1\" data-gallery=\"[{&quot;src&quot;:&quot;https:\\\/\\\/cloud.alqueria.es\\\/wp-content\\\/uploads\\\/sites\\\/5\\\/2024\\\/04\\\/patio-abril-1.jpeg&quot;,&quot;id&quot;:&quot;15917&quot;,&quot;title&quot;:&quot;patio abril (1)&quot;,&quot;alt&quot;:&quot;&quot;,&quot;caption&quot;:&quot;&quot;,&quot;itemprop&quot;:&quot;image&quot;},{&quot;src&quot;:&quot;https:\\\/\\\/cloud.alqueria.es\\\/wp-content\\\/uploads\\\/sites\\\/5\\\/2024\\\/04\\\/patio-abril-2.jpeg&quot;,&quot;id&quot;:&quot;15918&quot;,&quot;title&quot;:&quot;patio abril (2)&quot;,&quot;alt&quot;:&quot;&quot;,&quot;caption&quot;:&quot;&quot;,&quot;itemprop&quot;:&quot;image&quot;},{&quot;src&quot;:&quot;https:\\\/\\\/cloud.alqueria.es\\\/wp-content\\\/uploads\\\/sites\\\/5\\\/2024\\\/04\\\/patio-abril-3.jpeg&quot;,&quot;id&quot;:&quot;15919&quot;,&quot;title&quot;:&quot;patio abril (3)&quot;,&quot;alt&quot;:&quot;&quot;,&quot;caption&quot;:&quot;&quot;,&quot;itemprop&quot;:&quot;image&quot;},{&quot;src&quot;:&quot;https:\\\/\\\/cloud.alqueria.es\\\/wp-content\\\/uploads\\\/sites\\\/5\\\/2024\\\/04\\\/patio-abril-6.jpeg&quot;,&quot;id&quot;:&quot;15920&quot;,&quot;title&quot;:&quot;patio abril (6)&quot;,&quot;alt&quot;:&quot;&quot;,&quot;caption&quot;:&quot;&quot;,&quot;itemprop&quot;:&quot;image&quot;},{&quot;src&quot;:&quot;https:\\\/\\\/cloud.alqueria.es\\\/wp-content\\\/uploads\\\/sites\\\/5\\\/2024\\\/04\\\/patio-abril-7.jpeg&quot;,&quot;id&quot;:&quot;15921&quot;,&quot;title&quot;:&quot;patio abril (7)&quot;,&quot;alt&quot;:&quot;&quot;,&quot;caption&quot;:&quot;&quot;,&quot;itemprop&quot;:&quot;image&quot;},{&quot;src&quot;:&quot;https:\\\/\\\/cloud.alqueria.es\\\/wp-content\\\/uploads\\\/sites\\\/5\\\/2024\\\/04\\\/patio-abril-8.jpeg&quot;,&quot;id&quot;:&quot;15922&quot;,&quot;title&quot;:&quot;patio abril (8)&quot;,&quot;alt&quot;:&quot;&quot;,&quot;caption&quot;:&quot;&quot;,&quot;itemprop&quot;:&quot;image&quot;},{&quot;src&quot;:&quot;https:\\\/\\\/cloud.alqueria.es\\\/wp-content\\\/uploads\\\/sites\\\/5\\\/2024\\\/04\\\/patio-abril-9.jpeg&quot;,&quot;id&quot;:&quot;15923&quot;,&quot;title&quot;:&quot;patio abril (9)&quot;,&quot;alt&quot;:&quot;&quot;,&quot;caption&quot;:&quot;&quot;,&quot;itemprop&quot;:&quot;image&quot;},{&quot;src&quot;:&quot;https:\\\/\\\/cloud.alqueria.es\\\/wp-content\\\/uploads\\\/sites\\\/5\\\/2024\\\/04\\\/patio-abril-10.jpeg&quot;,&quot;id&quot;:&quot;15924&quot;,&quot;title&quot;:&quot;patio abril (10)&quot;,&quot;alt&quot;:&quot;&quot;,&quot;caption&quot;:&quot;&quot;,&quot;itemprop&quot;:&quot;image&quot;},{&quot;src&quot;:&quot;https:\\\/\\\/cloud.alqueria.es\\\/wp-content\\\/uploads\\\/sites\\\/5\\\/2024\\\/04\\\/patio-abril-11.jpeg&quot;,&quot;id&quot;:&quot;15925&quot;,&quot;title&quot;:&quot;patio abril (11)&quot;,&quot;alt&quot;:&quot;&quot;,&quot;caption&quot;:&quot;&quot;,&quot;itemprop&quot;:&quot;image&quot;}]\" itemscope itemtype=\"https:\/\/schema.org\/ImageGallery\"><\/div>\n<p>Buen fin de semana.<\/p>\n<p>Jorge<\/p>\n","protected":false},"excerpt":{"rendered":"<p>Durante estos d\u00edas hemos desarrollado diferentes actividades y alguna charla que vienen a completar la programaci\u00f3n propia de ciclo. CHARLA EDUCACI\u00d3N INTERGENERACIONAL Nos visita Asunci\u00f3n y Mar\u00eda, profesoras jubiladas de Lengua y Literatura en Secundaria y Bachiller, y profesora de Ciclos formativos. La charla comienza con la pregunta de qu\u00e9 quieren ser de mayores o &hellip; <a href=\"https:\/\/www.alqueria.es\/blogs\/colegioalqueriatercerciclo\/2024\/04\/20\/dinamica-de-6o-epo\/\" class=\"more-link\">Seguir leyendo <span class=\"screen-reader-text\">Din\u00e1mica de 6\u00ba EPO<\/span> <span class=\"meta-nav\">&rarr;<\/span><\/a><\/p>\n","protected":false},"author":3,"featured_media":0,"comment_status":"open","ping_status":"open","sticky":false,"template":"","format":"standard","meta":{"jetpack_post_was_ever_published":false,"_jetpack_newsletter_access":"","_jetpack_dont_email_post_to_subs":false,"_jetpack_newsletter_tier_id":0,"_jetpack_memberships_contains_paywalled_content":false,"_jetpack_memberships_contains_paid_content":false,"footnotes":"","jetpack_publicize_message":"","jetpack_publicize_feature_enabled":true,"jetpack_social_post_already_shared":true,"jetpack_social_options":{"image_generator_settings":{"template":"highway","default_image_id":0,"font":"","enabled":false},"version":2}},"categories":[3,15],"tags":[180],"class_list":["post-15839","post","type-post","status-publish","format-standard","hentry","category-6o-epo","category-semanario-6o","tag-semanario-6o"],"jetpack_publicize_connections":[],"jetpack_featured_media_url":"","jetpack_sharing_enabled":true,"jetpack_shortlink":"https:\/\/wp.me\/p4l4AW-47t","jetpack-related-posts":[],"_links":{"self":[{"href":"https:\/\/www.alqueria.es\/blogs\/colegioalqueriatercerciclo\/wp-json\/wp\/v2\/posts\/15839","targetHints":{"allow":["GET"]}}],"collection":[{"href":"https:\/\/www.alqueria.es\/blogs\/colegioalqueriatercerciclo\/wp-json\/wp\/v2\/posts"}],"about":[{"href":"https:\/\/www.alqueria.es\/blogs\/colegioalqueriatercerciclo\/wp-json\/wp\/v2\/types\/post"}],"author":[{"embeddable":true,"href":"https:\/\/www.alqueria.es\/blogs\/colegioalqueriatercerciclo\/wp-json\/wp\/v2\/users\/3"}],"replies":[{"embeddable":true,"href":"https:\/\/www.alqueria.es\/blogs\/colegioalqueriatercerciclo\/wp-json\/wp\/v2\/comments?post=15839"}],"version-history":[{"count":5,"href":"https:\/\/www.alqueria.es\/blogs\/colegioalqueriatercerciclo\/wp-json\/wp\/v2\/posts\/15839\/revisions"}],"predecessor-version":[{"id":15926,"href":"https:\/\/www.alqueria.es\/blogs\/colegioalqueriatercerciclo\/wp-json\/wp\/v2\/posts\/15839\/revisions\/15926"}],"wp:attachment":[{"href":"https:\/\/www.alqueria.es\/blogs\/colegioalqueriatercerciclo\/wp-json\/wp\/v2\/media?parent=15839"}],"wp:term":[{"taxonomy":"category","embeddable":true,"href":"https:\/\/www.alqueria.es\/blogs\/colegioalqueriatercerciclo\/wp-json\/wp\/v2\/categories?post=15839"},{"taxonomy":"post_tag","embeddable":true,"href":"https:\/\/www.alqueria.es\/blogs\/colegioalqueriatercerciclo\/wp-json\/wp\/v2\/tags?post=15839"}],"curies":[{"name":"wp","href":"https:\/\/api.w.org\/{rel}","templated":true}]}}