{"id":15955,"date":"2024-04-29T16:11:43","date_gmt":"2024-04-29T14:11:43","guid":{"rendered":"https:\/\/www.alqueria.es\/blogs\/colegioalqueriatercerciclo\/?p=15955"},"modified":"2024-04-29T16:11:43","modified_gmt":"2024-04-29T14:11:43","slug":"semana-del-libro","status":"publish","type":"post","link":"https:\/\/www.alqueria.es\/blogs\/colegioalqueriatercerciclo\/2024\/04\/29\/semana-del-libro\/","title":{"rendered":"Semana del libro"},"content":{"rendered":"<p>Durante esta semana tan especial, se llevan a cabo varias actividades para celebra el D\u00eda del Libro el 23 de abril.<\/p>\n<p><span style=\"color: #0000ff\"><strong>MICRORRELATOS O MICROCUENTOS<\/strong><\/span><\/p>\n<p>Comenzamos hablando de qu\u00e9 piensan qu\u00e9 es un microrrelato explicando cu\u00e1les son sus caracter\u00edsticas:<\/p>\n<ul>\n<li>Es una historia m\u00ednima que no necesita m\u00e1s que unas l\u00edneas para ser contada. No es el resumen de un cuento m\u00e1s largo.<\/li>\n<li>Tienen un planteamiento, nudo y desenlace y su objetivo es contar un cambio, c\u00f3mo se resuelve el conflicto que se plantea en las primeras l\u00edneas.<\/li>\n<li>Habitualmente no transcurrir\u00e1 mucho tiempo entre el principio y el final de la historia.<\/li>\n<li>Tres personajes ya son multitud.<\/li>\n<li>El microcuento suele suceder en un solo escenario, dos a lo sumo.<\/li>\n<li>Para evitar alargarnos en la presentaci\u00f3n y descripci\u00f3n de espacios y personajes, es aconsejable seleccionar bien los detalles con los que ser\u00e1n descritos. Un detalle bien elegido puede decirlo todo.<\/li>\n<li>Un microcuento es, sobre todo, un ejercicio de precisi\u00f3n en el contar y en el uso del lenguaje. Es muy importante seleccionar dr\u00e1sticamente lo que se cuenta (y tambi\u00e9n lo que no se cuenta). El t\u00edtulo es esencial, es bueno que entre a formar parte de la historia y, con una extensi\u00f3n m\u00ednima, ha de desvelar algo importante.<\/li>\n<li>Cuentan algo muy peque\u00f1o pero que tiene un significado muy grande.<\/li>\n<li>Es conveniente evitar las descripciones abstractas, las explicaciones, los juicios de valor.<\/li>\n<\/ul>\n<p>Una vez entendidas las pautas y resueltas las dudas, leemos varios ejemplos de microrrelatos para dar algunas ideas. Deben desarrollar tres microcuentos. Se ofrecen diferentes inicios para para comenzar la idea. Entre ellos, se ofrecieron los siguientes:<\/p>\n<ul>\n<li><em>Sigo atrapado all\u00ed dentro.<\/em><\/li>\n<li><em>Me encuentro en una cueva, una cueva oscura, cerrada.<\/em><\/li>\n<li><em>Todo estaba escrito en la peque\u00f1a libreta gris que llevaba en el bolsillo.<\/em><\/li>\n<li><em>Esa noche solo cenamos una triste tortilla.<\/em><\/li>\n<li><em>Cuando me despert\u00e9, el dinosaurio segu\u00eda ah\u00ed.<\/em><\/li>\n<li><em>Quiz\u00e1s pudi\u00e9ramos esperar a ma\u00f1ana.<\/em><\/li>\n<li><em>Resultaba tan dif\u00edcil, que entre todos llegaron a desliar el ovillo.<\/em><\/li>\n<\/ul>\n<p>El desarrollo de este taller de escritura es algo complicado. Se debe pensar en la esencia y forma de captar la atenci\u00f3n del lector para hacerle pensar en varias opciones finales o giro de historia inesperado.\u00a0 As\u00ed, aparecen en clase diversas historias que cumplen dichos requisitos.<\/p>\n<p><span style=\"color: #0000ff\"><strong>TALLER DE ESCRITURA<\/strong><\/span><\/p>\n<p>\u00abSubiendo a la biblioteca&#8230;\u00bb es la propuesta de texto creativo que desarrolla toda la etapa de Primaria en torno a la siguiente imagen:<\/p>\n<p><img decoding=\"async\" data-attachment-id=\"15961\" data-permalink=\"https:\/\/www.alqueria.es\/blogs\/colegioalqueriatercerciclo\/2024\/04\/27\/dia-del-libro-2\/sin-titulo-14\/\" data-orig-file=\"https:\/\/cloud.alqueria.es\/wp-content\/uploads\/sites\/5\/2024\/04\/Sin-titulo.jpg\" data-orig-size=\"336,463\" data-comments-opened=\"1\" data-image-meta=\"{&quot;aperture&quot;:&quot;0&quot;,&quot;credit&quot;:&quot;&quot;,&quot;camera&quot;:&quot;&quot;,&quot;caption&quot;:&quot;&quot;,&quot;created_timestamp&quot;:&quot;0&quot;,&quot;copyright&quot;:&quot;&quot;,&quot;focal_length&quot;:&quot;0&quot;,&quot;iso&quot;:&quot;0&quot;,&quot;shutter_speed&quot;:&quot;0&quot;,&quot;title&quot;:&quot;&quot;,&quot;orientation&quot;:&quot;0&quot;}\" data-image-title=\"Sin t\u00edtulo\" data-image-description=\"\" data-image-caption=\"\" data-large-file=\"https:\/\/cloud.alqueria.es\/wp-content\/uploads\/sites\/5\/2024\/04\/Sin-titulo.jpg\" class=\"wp-image-15961 size-medium aligncenter\" src=\"https:\/\/cloud.alqueria.es\/wp-content\/uploads\/sites\/5\/2024\/04\/Sin-titulo-218x300.jpg\" alt=\"\" width=\"218\" height=\"300\" srcset=\"https:\/\/cloud.alqueria.es\/wp-content\/uploads\/sites\/5\/2024\/04\/Sin-titulo-218x300.jpg 218w, https:\/\/cloud.alqueria.es\/wp-content\/uploads\/sites\/5\/2024\/04\/Sin-titulo.jpg 336w\" sizes=\"(max-width: 218px) 100vw, 218px\" \/><\/p>\n<p>La cabeza de un ser misterioso en el comienzo de la baranda que llega hasta la biblioteca&#8230; nos acompa\u00f1a a diario cada vez que pasamos por ese espacio. Algunos ya ten\u00edan su historia inventada desde que conocieron este personaje hace a\u00f1os. Otros, han comenzado a plantearse la existencia de este ser d\u00e1ndole importancia ahora para crear una leyenda que quede instaurada en el colegio por muchos a\u00f1os.<\/p>\n<p><span style=\"color: #0000ff\"><strong>TERTULIA LITERARIA \u00abLa lecci\u00f3n de August\u00bb<\/strong><\/span><\/p>\n<p>Su cara lo hace distinto y \u00e9l solo quiere ser uno m\u00e1s. August sale poco, su vida transcurre entre las paredes de su casa, la compa\u00f1\u00eda de su familia, su perra Daisy y las incre\u00edbles historias de La guerra de las galaxias. Este a\u00f1o todo va a cambiar porque va a ir por primera vez a la escuela. All\u00ed aprender\u00e1 la lecci\u00f3n m\u00e1s importante de su vida, la que no se ense\u00f1a en las aulas ni en los libros de texto: crecer en la adversidad, aceptarse tal como es, sonre\u00edr a los d\u00edas grises y saber que, al final, siempre encontrar\u00e1 una mano amiga.<\/p>\n<p>Esa es la trama de este genial libro que con tanto entusiasmo han le\u00eddo en grupo. Varios son los aspectos que hemos tratado en la tertulia de este mes centr\u00e1ndonos en la figura del protagonista y los personajes que entran en juego: el que acompa\u00f1a, el que asedia, el palmero, el que media&#8230;<\/p>\n<blockquote>\n<p style=\"text-align: center\">\u00abCuando puedas elegir entre tener raz\u00f3n o ser amable, elige ser amable\u00bb<\/p>\n<\/blockquote>\n<p>Precepto de Septiembre del Se\u00f1or Browne. Afirmaci\u00f3n que el profesor de la clase de August trabaja con su grupo y precepto que debemos grabarnos en la mente y poner en pr\u00e1ctica a diario cuando nos dirigimos a los dem\u00e1s o intentamos resolver alguna diferencia.<\/p>\n<p class=\"jetpack-slideshow-noscript robots-nocontent\">El pase de diapositivas requiere JavaScript.<\/p><div id=\"gallery-15955-1-slideshow\" class=\"jetpack-slideshow-window jetpack-slideshow jetpack-slideshow-black\" data-trans=\"fade\" data-autostart=\"1\" data-gallery=\"[{&quot;src&quot;:&quot;https:\\\/\\\/cloud.alqueria.es\\\/wp-content\\\/uploads\\\/sites\\\/5\\\/2024\\\/04\\\/tertulia-wonder-1.jpeg&quot;,&quot;id&quot;:&quot;16013&quot;,&quot;title&quot;:&quot;tertulia wonder (1)&quot;,&quot;alt&quot;:&quot;&quot;,&quot;caption&quot;:&quot;&quot;,&quot;itemprop&quot;:&quot;image&quot;},{&quot;src&quot;:&quot;https:\\\/\\\/cloud.alqueria.es\\\/wp-content\\\/uploads\\\/sites\\\/5\\\/2024\\\/04\\\/tertulia-wonder-2.jpeg&quot;,&quot;id&quot;:&quot;16014&quot;,&quot;title&quot;:&quot;tertulia wonder (2)&quot;,&quot;alt&quot;:&quot;&quot;,&quot;caption&quot;:&quot;&quot;,&quot;itemprop&quot;:&quot;image&quot;},{&quot;src&quot;:&quot;https:\\\/\\\/cloud.alqueria.es\\\/wp-content\\\/uploads\\\/sites\\\/5\\\/2024\\\/04\\\/tertulia-wonder-3.jpeg&quot;,&quot;id&quot;:&quot;16015&quot;,&quot;title&quot;:&quot;tertulia wonder (3)&quot;,&quot;alt&quot;:&quot;&quot;,&quot;caption&quot;:&quot;&quot;,&quot;itemprop&quot;:&quot;image&quot;}]\" itemscope itemtype=\"https:\/\/schema.org\/ImageGallery\"><\/div>\n<p>Hablando de los personajes del libro, se a\u00f1ade en la pizarra el esquema relacionado con la zona de confort, de aprendizaje, zona de p\u00e1nico y m\u00e1gica. Una vez claros los conceptos, ubicamos a varios de los personajes en las zonas que consideran estar.<\/p>\n<p><img decoding=\"async\" data-attachment-id=\"16016\" data-permalink=\"https:\/\/www.alqueria.es\/blogs\/colegioalqueriatercerciclo\/2024\/04\/29\/semana-del-libro\/d560b2_c0ae32fbc5734a819999692f914b9758_mv2\/\" data-orig-file=\"https:\/\/cloud.alqueria.es\/wp-content\/uploads\/sites\/5\/2024\/04\/d560b2_c0ae32fbc5734a819999692f914b9758_mv2.png\" data-orig-size=\"319,221\" data-comments-opened=\"1\" data-image-meta=\"{&quot;aperture&quot;:&quot;0&quot;,&quot;credit&quot;:&quot;&quot;,&quot;camera&quot;:&quot;&quot;,&quot;caption&quot;:&quot;&quot;,&quot;created_timestamp&quot;:&quot;0&quot;,&quot;copyright&quot;:&quot;&quot;,&quot;focal_length&quot;:&quot;0&quot;,&quot;iso&quot;:&quot;0&quot;,&quot;shutter_speed&quot;:&quot;0&quot;,&quot;title&quot;:&quot;&quot;,&quot;orientation&quot;:&quot;0&quot;}\" data-image-title=\"d560b2_c0ae32fbc5734a819999692f914b9758_mv2\" data-image-description=\"\" data-image-caption=\"\" data-large-file=\"https:\/\/cloud.alqueria.es\/wp-content\/uploads\/sites\/5\/2024\/04\/d560b2_c0ae32fbc5734a819999692f914b9758_mv2.png\" class=\"alignnone size-full wp-image-16016 aligncenter\" src=\"https:\/\/cloud.alqueria.es\/wp-content\/uploads\/sites\/5\/2024\/04\/d560b2_c0ae32fbc5734a819999692f914b9758_mv2.png\" alt=\"\" width=\"319\" height=\"221\" srcset=\"https:\/\/cloud.alqueria.es\/wp-content\/uploads\/sites\/5\/2024\/04\/d560b2_c0ae32fbc5734a819999692f914b9758_mv2.png 319w, https:\/\/cloud.alqueria.es\/wp-content\/uploads\/sites\/5\/2024\/04\/d560b2_c0ae32fbc5734a819999692f914b9758_mv2-300x208.png 300w\" sizes=\"(max-width: 319px) 100vw, 319px\" \/><\/p>\n<p>As\u00ed, identificamos situaciones de la vida diaria que nos hacen permanecer en la zona c\u00f3moda aun sabiendo que se podr\u00edan hacer cosas diferentes. Tambi\u00e9n ocurre que sin darse cuenta, no se valoran otras opciones de aprendizaje porque suponen un esfuerzo.<\/p>\n<p>Sin duda, esta tem\u00e1tica seguir\u00e1 siendo tema de conversaci\u00f3n y trabajo dentro del aula.<\/p>\n<p>Buena semana.<\/p>\n<p>Jorge<\/p>\n","protected":false},"excerpt":{"rendered":"<p>Durante esta semana tan especial, se llevan a cabo varias actividades para celebra el D\u00eda del Libro el 23 de abril. MICRORRELATOS O MICROCUENTOS Comenzamos hablando de qu\u00e9 piensan qu\u00e9 es un microrrelato explicando cu\u00e1les son sus caracter\u00edsticas: Es una historia m\u00ednima que no necesita m\u00e1s que unas l\u00edneas para ser contada. No es el &hellip; <a href=\"https:\/\/www.alqueria.es\/blogs\/colegioalqueriatercerciclo\/2024\/04\/29\/semana-del-libro\/\" class=\"more-link\">Seguir leyendo <span class=\"screen-reader-text\">Semana del libro<\/span> <span class=\"meta-nav\">&rarr;<\/span><\/a><\/p>\n","protected":false},"author":3,"featured_media":0,"comment_status":"open","ping_status":"open","sticky":false,"template":"","format":"standard","meta":{"jetpack_post_was_ever_published":false,"_jetpack_newsletter_access":"","_jetpack_dont_email_post_to_subs":false,"_jetpack_newsletter_tier_id":0,"_jetpack_memberships_contains_paywalled_content":false,"_jetpack_memberships_contains_paid_content":false,"footnotes":"","jetpack_publicize_message":"","jetpack_publicize_feature_enabled":true,"jetpack_social_post_already_shared":true,"jetpack_social_options":{"image_generator_settings":{"template":"highway","default_image_id":0,"font":"","enabled":false},"version":2}},"categories":[3,15],"tags":[550,256,652,305,651,362],"class_list":["post-15955","post","type-post","status-publish","format-standard","hentry","category-6o-epo","category-semanario-6o","tag-dia-del-libro","tag-la-leccion-de-august","tag-microcuentos","tag-microrrelatos","tag-semana-del-libro","tag-wonder"],"jetpack_publicize_connections":[],"jetpack_featured_media_url":"","jetpack_sharing_enabled":true,"jetpack_shortlink":"https:\/\/wp.me\/p4l4AW-49l","jetpack-related-posts":[],"_links":{"self":[{"href":"https:\/\/www.alqueria.es\/blogs\/colegioalqueriatercerciclo\/wp-json\/wp\/v2\/posts\/15955","targetHints":{"allow":["GET"]}}],"collection":[{"href":"https:\/\/www.alqueria.es\/blogs\/colegioalqueriatercerciclo\/wp-json\/wp\/v2\/posts"}],"about":[{"href":"https:\/\/www.alqueria.es\/blogs\/colegioalqueriatercerciclo\/wp-json\/wp\/v2\/types\/post"}],"author":[{"embeddable":true,"href":"https:\/\/www.alqueria.es\/blogs\/colegioalqueriatercerciclo\/wp-json\/wp\/v2\/users\/3"}],"replies":[{"embeddable":true,"href":"https:\/\/www.alqueria.es\/blogs\/colegioalqueriatercerciclo\/wp-json\/wp\/v2\/comments?post=15955"}],"version-history":[{"count":3,"href":"https:\/\/www.alqueria.es\/blogs\/colegioalqueriatercerciclo\/wp-json\/wp\/v2\/posts\/15955\/revisions"}],"predecessor-version":[{"id":16017,"href":"https:\/\/www.alqueria.es\/blogs\/colegioalqueriatercerciclo\/wp-json\/wp\/v2\/posts\/15955\/revisions\/16017"}],"wp:attachment":[{"href":"https:\/\/www.alqueria.es\/blogs\/colegioalqueriatercerciclo\/wp-json\/wp\/v2\/media?parent=15955"}],"wp:term":[{"taxonomy":"category","embeddable":true,"href":"https:\/\/www.alqueria.es\/blogs\/colegioalqueriatercerciclo\/wp-json\/wp\/v2\/categories?post=15955"},{"taxonomy":"post_tag","embeddable":true,"href":"https:\/\/www.alqueria.es\/blogs\/colegioalqueriatercerciclo\/wp-json\/wp\/v2\/tags?post=15955"}],"curies":[{"name":"wp","href":"https:\/\/api.w.org\/{rel}","templated":true}]}}