{"id":1639,"date":"2013-12-30T11:39:06","date_gmt":"2013-12-30T10:39:06","guid":{"rendered":"http:\/\/colegioalqueria.wordpress.com\/?p=1639"},"modified":"2013-12-30T11:39:06","modified_gmt":"2013-12-30T10:39:06","slug":"ojo-con-tus-datos","status":"publish","type":"post","link":"https:\/\/www.alqueria.es\/blogs\/colegioalqueriatercerciclo\/2013\/12\/30\/ojo-con-tus-datos\/","title":{"rendered":"\u00a1Ojo con tus datos!"},"content":{"rendered":"<p style=\"text-align:justify\">Todos los movimientos que realizamos en redes, Internet, b\u00fasquedas de informaci\u00f3n, compras&#8230; van dejando un rastro que queda almacenado en grandes silos y del que muchas veces no somos conscientes. Esta huella dif\u00edcilmente pueda ser borrada.<\/p>\n<p style=\"text-align:justify\">El uso de las nuevas tecnolog\u00edas y con acceso a Internet son herramientas que nos facilitan el trabajo y que usamos a diario mediante ordenador, tablets o m\u00f3vil. Una educaci\u00f3n sobre el buen uso de ellas y sobre el ciudadano digital \u00e9tico y responsable debe trabajarse desde primaria en familia y en el aula. <span style=\"color:#0000ff\">En mi opini\u00f3n, no se trata de negar o no permitir, sino m\u00e1s bien de educar en el buen uso de ello.\u00a0<\/span><\/p>\n<p style=\"text-align:justify\">Jorge Flores, director de <em>Pantallas amigas\u00a0<\/em>dice sobre los m\u00f3viles con conexi\u00f3n a Internet a un menor: <em>\u00ab&#8230;les estamos dando un coche que corre mucho a un chaval que apenas ha dado dos clases pr\u00e1cticas, como lo regala Ferrari, \u00a1toma coche! &#8230; bueno m\u00e1s o menos el chaval se apa\u00f1a, ya, pero t\u00fa est\u00e1s permitiendo que conduzca ese Ferrari&#8230;\u00bb.<\/em><\/p>\n<p style=\"text-align:justify\">Interesante documental de La 2 de TVE que aconsejo ver y comentar en familia para sacar conclusiones y seguir as\u00ed en sinton\u00eda con las sesiones de \u00e9tica que llevamos trabajadas y que tenemos preparadas en clase para los siguientes meses.<\/p>\n<p style=\"text-align:center\"><a href=\"http:\/\/www.rtve.es\/television\/20131223\/documentos-ojo-con-tus-datos\/826300.shtml\" target=\"_blank\"><img decoding=\"async\" data-attachment-id=\"1640\" data-permalink=\"https:\/\/www.alqueria.es\/blogs\/colegioalqueriatercerciclo\/2013\/12\/30\/ojo-con-tus-datos\/captura-19\/\" data-orig-file=\"https:\/\/www.alqueria.es\/blogs\/colegioalqueriatercerciclo\/wp-content\/uploads\/sites\/5\/2013\/12\/captura.jpg\" data-orig-size=\"584,331\" data-comments-opened=\"1\" data-image-meta=\"{&quot;aperture&quot;:&quot;0&quot;,&quot;credit&quot;:&quot;&quot;,&quot;camera&quot;:&quot;&quot;,&quot;caption&quot;:&quot;&quot;,&quot;created_timestamp&quot;:&quot;0&quot;,&quot;copyright&quot;:&quot;&quot;,&quot;focal_length&quot;:&quot;0&quot;,&quot;iso&quot;:&quot;0&quot;,&quot;shutter_speed&quot;:&quot;0&quot;,&quot;title&quot;:&quot;&quot;}\" data-image-title=\"ojo con tus datos\" data-image-description=\"\" data-image-caption=\"\" data-large-file=\"https:\/\/www.alqueria.es\/blogs\/colegioalqueriatercerciclo\/wp-content\/uploads\/sites\/5\/2013\/12\/captura.jpg\" class=\"size-large wp-image-1640 aligncenter\" alt=\"ojo con tus datos\" src=\"https:\/\/cloud.alqueria.es\/wp-content\/uploads\/sites\/5\/2013\/12\/captura.jpg?w=480\" width=\"480\" height=\"272\" srcset=\"https:\/\/www.alqueria.es\/blogs\/colegioalqueriatercerciclo\/wp-content\/uploads\/sites\/5\/2013\/12\/captura.jpg 584w, https:\/\/www.alqueria.es\/blogs\/colegioalqueriatercerciclo\/wp-content\/uploads\/sites\/5\/2013\/12\/captura-300x170.jpg 300w\" sizes=\"(max-width: 480px) 100vw, 480px\" \/><\/a><\/p>\n","protected":false},"excerpt":{"rendered":"<p>Todos los movimientos que realizamos en redes, Internet, b\u00fasquedas de informaci\u00f3n, compras&#8230; van dejando un rastro que queda almacenado en grandes silos y del que muchas veces no somos conscientes. Esta huella dif\u00edcilmente pueda ser borrada. El uso de las nuevas tecnolog\u00edas y con acceso a Internet son herramientas que nos facilitan el trabajo y &hellip; <a href=\"https:\/\/www.alqueria.es\/blogs\/colegioalqueriatercerciclo\/2013\/12\/30\/ojo-con-tus-datos\/\" class=\"more-link\">Seguir leyendo <span class=\"screen-reader-text\">\u00a1Ojo con tus datos!<\/span> <span class=\"meta-nav\">&rarr;<\/span><\/a><\/p>\n","protected":false},"author":7,"featured_media":0,"comment_status":"open","ping_status":"open","sticky":false,"template":"","format":"standard","meta":{"jetpack_post_was_ever_published":false,"_jetpack_newsletter_access":"","_jetpack_dont_email_post_to_subs":false,"_jetpack_newsletter_tier_id":0,"_jetpack_memberships_contains_paywalled_content":false,"_jetpack_memberships_contains_paid_content":false,"footnotes":"","jetpack_publicize_message":"","jetpack_publicize_feature_enabled":true,"jetpack_social_post_already_shared":true,"jetpack_social_options":{"image_generator_settings":{"template":"highway","default_image_id":0,"font":"","enabled":false},"version":2}},"categories":[11],"tags":[31,40,52,98],"class_list":["post-1639","post","type-post","status-publish","format-standard","hentry","category-noticias-2-0","tag-ciudadanos-digitales","tag-documentos-tv","tag-huella-digital","tag-tve"],"jetpack_publicize_connections":[],"jetpack_featured_media_url":"","jetpack_sharing_enabled":true,"jetpack_shortlink":"https:\/\/wp.me\/p4l4AW-qr","jetpack-related-posts":[],"_links":{"self":[{"href":"https:\/\/www.alqueria.es\/blogs\/colegioalqueriatercerciclo\/wp-json\/wp\/v2\/posts\/1639","targetHints":{"allow":["GET"]}}],"collection":[{"href":"https:\/\/www.alqueria.es\/blogs\/colegioalqueriatercerciclo\/wp-json\/wp\/v2\/posts"}],"about":[{"href":"https:\/\/www.alqueria.es\/blogs\/colegioalqueriatercerciclo\/wp-json\/wp\/v2\/types\/post"}],"author":[{"embeddable":true,"href":"https:\/\/www.alqueria.es\/blogs\/colegioalqueriatercerciclo\/wp-json\/wp\/v2\/users\/7"}],"replies":[{"embeddable":true,"href":"https:\/\/www.alqueria.es\/blogs\/colegioalqueriatercerciclo\/wp-json\/wp\/v2\/comments?post=1639"}],"version-history":[{"count":0,"href":"https:\/\/www.alqueria.es\/blogs\/colegioalqueriatercerciclo\/wp-json\/wp\/v2\/posts\/1639\/revisions"}],"wp:attachment":[{"href":"https:\/\/www.alqueria.es\/blogs\/colegioalqueriatercerciclo\/wp-json\/wp\/v2\/media?parent=1639"}],"wp:term":[{"taxonomy":"category","embeddable":true,"href":"https:\/\/www.alqueria.es\/blogs\/colegioalqueriatercerciclo\/wp-json\/wp\/v2\/categories?post=1639"},{"taxonomy":"post_tag","embeddable":true,"href":"https:\/\/www.alqueria.es\/blogs\/colegioalqueriatercerciclo\/wp-json\/wp\/v2\/tags?post=1639"}],"curies":[{"name":"wp","href":"https:\/\/api.w.org\/{rel}","templated":true}]}}