{"id":16525,"date":"2024-09-13T16:28:46","date_gmt":"2024-09-13T14:28:46","guid":{"rendered":"https:\/\/www.alqueria.es\/blogs\/colegioalqueriatercerciclo\/?p=16525"},"modified":"2024-09-13T16:28:46","modified_gmt":"2024-09-13T14:28:46","slug":"bienvenida-al-nuevo-curso-2024-2025","status":"publish","type":"post","link":"https:\/\/www.alqueria.es\/blogs\/colegioalqueriatercerciclo\/2024\/09\/13\/bienvenida-al-nuevo-curso-2024-2025\/","title":{"rendered":"Bienvenida al nuevo curso 2024\/2025"},"content":{"rendered":"<p>&nbsp;<\/p>\n<p><img decoding=\"async\" data-attachment-id=\"9717\" data-permalink=\"https:\/\/www.alqueria.es\/blogs\/colegioalqueriatercerciclo\/2021\/09\/10\/comienzo-del-curso-21-22\/welcome-1280x720\/\" data-orig-file=\"https:\/\/cloud.alqueria.es\/wp-content\/uploads\/sites\/5\/2021\/09\/welcome-1280x720-1.jpg\" data-orig-size=\"1024,576\" data-comments-opened=\"1\" data-image-meta=\"{&quot;aperture&quot;:&quot;0&quot;,&quot;credit&quot;:&quot;&quot;,&quot;camera&quot;:&quot;&quot;,&quot;caption&quot;:&quot;&quot;,&quot;created_timestamp&quot;:&quot;0&quot;,&quot;copyright&quot;:&quot;&quot;,&quot;focal_length&quot;:&quot;0&quot;,&quot;iso&quot;:&quot;0&quot;,&quot;shutter_speed&quot;:&quot;0&quot;,&quot;title&quot;:&quot;&quot;,&quot;orientation&quot;:&quot;0&quot;}\" data-image-title=\"welcome-1280&amp;#215;720\" data-image-description=\"\" data-image-caption=\"\" data-large-file=\"https:\/\/cloud.alqueria.es\/wp-content\/uploads\/sites\/5\/2021\/09\/welcome-1280x720-1.jpg\" class=\"alignnone size-full wp-image-9717\" src=\"https:\/\/cloud.alqueria.es\/wp-content\/uploads\/sites\/5\/2021\/09\/welcome-1280x720-1.jpg\" alt=\"\" width=\"1024\" height=\"576\" srcset=\"https:\/\/cloud.alqueria.es\/wp-content\/uploads\/sites\/5\/2021\/09\/welcome-1280x720-1.jpg 1024w, https:\/\/cloud.alqueria.es\/wp-content\/uploads\/sites\/5\/2021\/09\/welcome-1280x720-1-300x169.jpg 300w, https:\/\/cloud.alqueria.es\/wp-content\/uploads\/sites\/5\/2021\/09\/welcome-1280x720-1-768x432.jpg 768w\" sizes=\"(max-width: 1024px) 100vw, 1024px\" \/><\/p>\n<p>Iniciamos el nuevo curso escolar cargados de ilusi\u00f3n, con nuevos proyectos, din\u00e1micas, juegos y actividades.<\/p>\n<p>En primer lugar queremos dar la bienvenida al grupo de quinto que se incorpora al ciclo y compartir\u00e1 tiempo, juegos, din\u00e1micas y actividades con el grupo de sexto, as\u00ed como a los nuevos compa\u00f1eros y compa\u00f1eras que se incorporan al proyecto en nuestro ciclo. Pretendemos que ambas clases formen un gran equipo, que colaboren y disfruten de su aprendizaje.<\/p>\n<p>Damos tambi\u00e9n una calurosa bienvenida al grupo de sexto que este a\u00f1o se convierten en los mayores de nuestro proyecto y finalizan su etapa en Primaria.\u00a0 Esperamos que este curso sea plenamente satisfactorio y suponga un magn\u00edfico broche a esta etapa de su aprendizaje.<\/p>\n<p><img decoding=\"async\" data-attachment-id=\"16530\" data-permalink=\"https:\/\/www.alqueria.es\/blogs\/colegioalqueriatercerciclo\/2024\/09\/13\/bienvenida-al-nuevo-curso-2024-2025\/bienvenida-curso\/\" data-orig-file=\"https:\/\/cloud.alqueria.es\/wp-content\/uploads\/sites\/5\/2024\/09\/Bienvenida-curso.jpeg\" data-orig-size=\"1600,773\" data-comments-opened=\"1\" data-image-meta=\"{&quot;aperture&quot;:&quot;0&quot;,&quot;credit&quot;:&quot;&quot;,&quot;camera&quot;:&quot;&quot;,&quot;caption&quot;:&quot;&quot;,&quot;created_timestamp&quot;:&quot;0&quot;,&quot;copyright&quot;:&quot;&quot;,&quot;focal_length&quot;:&quot;0&quot;,&quot;iso&quot;:&quot;0&quot;,&quot;shutter_speed&quot;:&quot;0&quot;,&quot;title&quot;:&quot;&quot;,&quot;orientation&quot;:&quot;0&quot;}\" data-image-title=\"Bienvenida curso\" data-image-description=\"\" data-image-caption=\"\" data-large-file=\"https:\/\/cloud.alqueria.es\/wp-content\/uploads\/sites\/5\/2024\/09\/Bienvenida-curso-1024x495.jpeg\" class=\"alignnone size-full wp-image-16530\" src=\"https:\/\/cloud.alqueria.es\/wp-content\/uploads\/sites\/5\/2024\/09\/Bienvenida-curso.jpeg\" alt=\"\" width=\"1600\" height=\"773\" srcset=\"https:\/\/cloud.alqueria.es\/wp-content\/uploads\/sites\/5\/2024\/09\/Bienvenida-curso.jpeg 1600w, https:\/\/cloud.alqueria.es\/wp-content\/uploads\/sites\/5\/2024\/09\/Bienvenida-curso-300x145.jpeg 300w, https:\/\/cloud.alqueria.es\/wp-content\/uploads\/sites\/5\/2024\/09\/Bienvenida-curso-1024x495.jpeg 1024w, https:\/\/cloud.alqueria.es\/wp-content\/uploads\/sites\/5\/2024\/09\/Bienvenida-curso-768x371.jpeg 768w, https:\/\/cloud.alqueria.es\/wp-content\/uploads\/sites\/5\/2024\/09\/Bienvenida-curso-1536x742.jpeg 1536w\" sizes=\"(max-width: 1600px) 100vw, 1600px\" \/><\/p>\n<p>El primer d\u00eda de clase, el Equipo directivo y todo el profesorado de Primaria da\u00a0 la bienvenida a todos y todas\u00a0 en una agradable asamblea donde estuvo reunida toda la etapa de Primaria. En esta bienvenida conocimos a las nuevas incorporaciones al centro tanto de alumnado como profesorado\u00a0 y que formar\u00e1n parte del proyecto educativo.<\/p>\n<p>Esta primera semana y todo el mes de septiembre es un tiempo de adaptaci\u00f3n, de vuelta al h\u00e1bito de trabajo, de estudio, de conocerse m\u00e1s,\u00a0 de intercambio de\u00a0 experiencias, aprendizajes personales durante las vacaciones, de observar los cambios que se van produciendo en el alumnado ya que es un ciclo de crecimiento en todos los niveles.<\/p>\n<p><img decoding=\"async\" data-attachment-id=\"16533\" data-permalink=\"https:\/\/www.alqueria.es\/blogs\/colegioalqueriatercerciclo\/2024\/09\/13\/bienvenida-al-nuevo-curso-2024-2025\/photo-2024-09-13-16-10-37-8\/\" data-orig-file=\"https:\/\/cloud.alqueria.es\/wp-content\/uploads\/sites\/5\/2024\/09\/PHOTO-2024-09-13-16-10-37-8.jpg\" data-orig-size=\"1600,1200\" data-comments-opened=\"1\" data-image-meta=\"{&quot;aperture&quot;:&quot;0&quot;,&quot;credit&quot;:&quot;&quot;,&quot;camera&quot;:&quot;&quot;,&quot;caption&quot;:&quot;&quot;,&quot;created_timestamp&quot;:&quot;0&quot;,&quot;copyright&quot;:&quot;&quot;,&quot;focal_length&quot;:&quot;0&quot;,&quot;iso&quot;:&quot;0&quot;,&quot;shutter_speed&quot;:&quot;0&quot;,&quot;title&quot;:&quot;&quot;,&quot;orientation&quot;:&quot;0&quot;}\" data-image-title=\"PHOTO-2024-09-13-16-10-37 (8)\" data-image-description=\"\" data-image-caption=\"\" data-large-file=\"https:\/\/cloud.alqueria.es\/wp-content\/uploads\/sites\/5\/2024\/09\/PHOTO-2024-09-13-16-10-37-8-1024x768.jpg\" class=\"aligncenter wp-image-16533 \" src=\"https:\/\/cloud.alqueria.es\/wp-content\/uploads\/sites\/5\/2024\/09\/PHOTO-2024-09-13-16-10-37-8-1024x768.jpg\" alt=\"\" width=\"390\" height=\"293\" srcset=\"https:\/\/cloud.alqueria.es\/wp-content\/uploads\/sites\/5\/2024\/09\/PHOTO-2024-09-13-16-10-37-8-1024x768.jpg 1024w, https:\/\/cloud.alqueria.es\/wp-content\/uploads\/sites\/5\/2024\/09\/PHOTO-2024-09-13-16-10-37-8-300x225.jpg 300w, https:\/\/cloud.alqueria.es\/wp-content\/uploads\/sites\/5\/2024\/09\/PHOTO-2024-09-13-16-10-37-8-768x576.jpg 768w, https:\/\/cloud.alqueria.es\/wp-content\/uploads\/sites\/5\/2024\/09\/PHOTO-2024-09-13-16-10-37-8-1536x1152.jpg 1536w, https:\/\/cloud.alqueria.es\/wp-content\/uploads\/sites\/5\/2024\/09\/PHOTO-2024-09-13-16-10-37-8.jpg 1600w\" sizes=\"(max-width: 390px) 100vw, 390px\" \/><\/p>\n<p><img decoding=\"async\" data-attachment-id=\"16534\" data-permalink=\"https:\/\/www.alqueria.es\/blogs\/colegioalqueriatercerciclo\/2024\/09\/13\/bienvenida-al-nuevo-curso-2024-2025\/photo-2024-09-13-16-10-37-9\/\" data-orig-file=\"https:\/\/cloud.alqueria.es\/wp-content\/uploads\/sites\/5\/2024\/09\/PHOTO-2024-09-13-16-10-37-9.jpg\" data-orig-size=\"1600,1200\" data-comments-opened=\"1\" data-image-meta=\"{&quot;aperture&quot;:&quot;0&quot;,&quot;credit&quot;:&quot;&quot;,&quot;camera&quot;:&quot;&quot;,&quot;caption&quot;:&quot;&quot;,&quot;created_timestamp&quot;:&quot;0&quot;,&quot;copyright&quot;:&quot;&quot;,&quot;focal_length&quot;:&quot;0&quot;,&quot;iso&quot;:&quot;0&quot;,&quot;shutter_speed&quot;:&quot;0&quot;,&quot;title&quot;:&quot;&quot;,&quot;orientation&quot;:&quot;0&quot;}\" data-image-title=\"PHOTO-2024-09-13-16-10-37 (9)\" data-image-description=\"\" data-image-caption=\"\" data-large-file=\"https:\/\/cloud.alqueria.es\/wp-content\/uploads\/sites\/5\/2024\/09\/PHOTO-2024-09-13-16-10-37-9-1024x768.jpg\" class=\"alignnone  wp-image-16534\" src=\"https:\/\/cloud.alqueria.es\/wp-content\/uploads\/sites\/5\/2024\/09\/PHOTO-2024-09-13-16-10-37-9.jpg\" alt=\"\" width=\"357\" height=\"268\" srcset=\"https:\/\/cloud.alqueria.es\/wp-content\/uploads\/sites\/5\/2024\/09\/PHOTO-2024-09-13-16-10-37-9.jpg 1600w, https:\/\/cloud.alqueria.es\/wp-content\/uploads\/sites\/5\/2024\/09\/PHOTO-2024-09-13-16-10-37-9-300x225.jpg 300w, https:\/\/cloud.alqueria.es\/wp-content\/uploads\/sites\/5\/2024\/09\/PHOTO-2024-09-13-16-10-37-9-1024x768.jpg 1024w, https:\/\/cloud.alqueria.es\/wp-content\/uploads\/sites\/5\/2024\/09\/PHOTO-2024-09-13-16-10-37-9-768x576.jpg 768w, https:\/\/cloud.alqueria.es\/wp-content\/uploads\/sites\/5\/2024\/09\/PHOTO-2024-09-13-16-10-37-9-1536x1152.jpg 1536w\" sizes=\"(max-width: 357px) 100vw, 357px\" \/><\/p>\n<p>Hemos comenzado despacio con actividades de toma de contacto, de organizaci\u00f3n del aula y reparto de material, de revisi\u00f3n de lo aprendido hasta el tercer ciclo. Desde ah\u00ed iniciaremos la andadura en este Tercer Ciclo de Primaria.<\/p>\n<p>Durante este curso escolar pretendemos seguir fomentando el trabajo en equipo en ciclo con distintas tem\u00e1ticas propuestas desde el centro o desde la propia iniciativa e inter\u00e9s del alumnado.<\/p>\n<p>Os damos la bienvenida al blog del tercer ciclo.<\/p>\n<p><strong>Isabel y Jorge (tutores del tercer ciclo de Primaria).<\/strong><\/p>\n","protected":false},"excerpt":{"rendered":"<p>&nbsp; Iniciamos el nuevo curso escolar cargados de ilusi\u00f3n, con nuevos proyectos, din\u00e1micas, juegos y actividades. En primer lugar queremos dar la bienvenida al grupo de quinto que se incorpora al ciclo y compartir\u00e1 tiempo, juegos, din\u00e1micas y actividades con el grupo de sexto, as\u00ed como a los nuevos compa\u00f1eros y compa\u00f1eras que se incorporan &hellip; <a href=\"https:\/\/www.alqueria.es\/blogs\/colegioalqueriatercerciclo\/2024\/09\/13\/bienvenida-al-nuevo-curso-2024-2025\/\" class=\"more-link\">Seguir leyendo <span class=\"screen-reader-text\">Bienvenida al nuevo curso 2024\/2025<\/span> <span class=\"meta-nav\">&rarr;<\/span><\/a><\/p>\n","protected":false},"author":9,"featured_media":0,"comment_status":"open","ping_status":"open","sticky":false,"template":"","format":"standard","meta":{"jetpack_post_was_ever_published":false,"_jetpack_newsletter_access":"","_jetpack_dont_email_post_to_subs":false,"_jetpack_newsletter_tier_id":0,"_jetpack_memberships_contains_paywalled_content":false,"_jetpack_memberships_contains_paid_content":false,"footnotes":"","jetpack_publicize_message":"","jetpack_publicize_feature_enabled":true,"jetpack_social_post_already_shared":true,"jetpack_social_options":{"image_generator_settings":{"template":"highway","default_image_id":0,"font":"","enabled":false},"version":2}},"categories":[2,3,14,15],"tags":[324,179,180],"class_list":["post-16525","post","type-post","status-publish","format-standard","hentry","category-5o-epo","category-6o-epo","category-semanario-5o","category-semanario-6o","tag-inicio-de-curso","tag-semanario-5o","tag-semanario-6o"],"jetpack_publicize_connections":[],"jetpack_featured_media_url":"","jetpack_sharing_enabled":true,"jetpack_shortlink":"https:\/\/wp.me\/p4l4AW-4ix","jetpack-related-posts":[],"_links":{"self":[{"href":"https:\/\/www.alqueria.es\/blogs\/colegioalqueriatercerciclo\/wp-json\/wp\/v2\/posts\/16525","targetHints":{"allow":["GET"]}}],"collection":[{"href":"https:\/\/www.alqueria.es\/blogs\/colegioalqueriatercerciclo\/wp-json\/wp\/v2\/posts"}],"about":[{"href":"https:\/\/www.alqueria.es\/blogs\/colegioalqueriatercerciclo\/wp-json\/wp\/v2\/types\/post"}],"author":[{"embeddable":true,"href":"https:\/\/www.alqueria.es\/blogs\/colegioalqueriatercerciclo\/wp-json\/wp\/v2\/users\/9"}],"replies":[{"embeddable":true,"href":"https:\/\/www.alqueria.es\/blogs\/colegioalqueriatercerciclo\/wp-json\/wp\/v2\/comments?post=16525"}],"version-history":[{"count":6,"href":"https:\/\/www.alqueria.es\/blogs\/colegioalqueriatercerciclo\/wp-json\/wp\/v2\/posts\/16525\/revisions"}],"predecessor-version":[{"id":16535,"href":"https:\/\/www.alqueria.es\/blogs\/colegioalqueriatercerciclo\/wp-json\/wp\/v2\/posts\/16525\/revisions\/16535"}],"wp:attachment":[{"href":"https:\/\/www.alqueria.es\/blogs\/colegioalqueriatercerciclo\/wp-json\/wp\/v2\/media?parent=16525"}],"wp:term":[{"taxonomy":"category","embeddable":true,"href":"https:\/\/www.alqueria.es\/blogs\/colegioalqueriatercerciclo\/wp-json\/wp\/v2\/categories?post=16525"},{"taxonomy":"post_tag","embeddable":true,"href":"https:\/\/www.alqueria.es\/blogs\/colegioalqueriatercerciclo\/wp-json\/wp\/v2\/tags?post=16525"}],"curies":[{"name":"wp","href":"https:\/\/api.w.org\/{rel}","templated":true}]}}