{"id":1661,"date":"2014-01-12T12:52:36","date_gmt":"2014-01-12T11:52:36","guid":{"rendered":"http:\/\/colegioalqueria.wordpress.com\/?p=1661"},"modified":"2014-01-12T12:52:36","modified_gmt":"2014-01-12T11:52:36","slug":"nuevo-trimestre-nuevos-proyectos","status":"publish","type":"post","link":"https:\/\/www.alqueria.es\/blogs\/colegioalqueriatercerciclo\/2014\/01\/12\/nuevo-trimestre-nuevos-proyectos\/","title":{"rendered":"Nuevo trimestre, nuevos proyectos"},"content":{"rendered":"<p style=\"text-align:justify\">Volvemos a la carga en este cuatrimestre que abarcar\u00e1 casi la totalidad de los contenidos de sexto. Por ello, es un trimestre importante en cuanto a trabajo y afianzamiento de contenidos.<\/p>\n<p style=\"text-align:justify\">Esta primera semana la comenzamos con tranquilidad y energ\u00eda para afrontar los nuevos proyectos y contenidos. Las dos semanas de vacaciones han sido efectivas para recargarnos de energ\u00eda. Respiramos un nuevo ambiente y con mucho \u00e1nimo de trabajo.<\/p>\n<p style=\"text-align:justify\">Hemos comenzado con las<span style=\"color:#ff6600\"> fracciones<\/span>, realizado un <span style=\"color:#0000ff\">minitaller de escritura<\/span> con \u00abExcusas para&#8230;\u00bb (ir al ba\u00f1o, no hacer los deberes, salir antes al patio&#8230;), que a\u00f1adiremos al blog de alumnos en breve. En <span style=\"color:#99cc00\">conocimiento del medio<\/span> tocamos la parte de <span style=\"color:#ff0000\">la ciencia<\/span> con luz y sonido, energ\u00eda, m\u00e1quinas y fuerzas, electricidad y magnetismo. Este \u00faltimo es un gran proyecto que nos llevar\u00e1 casi dos meses. En <span style=\"color:#800080\">\u00e9tica<\/span> seguimos trabajando la reflexi\u00f3n de casos, situaciones en dilemas morales y empat\u00eda.<\/p>\n<p style=\"text-align:justify\">La novedad que abordamos en este mes de enero es la colaboraci\u00f3n que haremos con el colegio de Motril \u00abVirgen de la Cabeza\u00bb y su maestra Ana Galindo; participando en el \u00abProyecto Lun\u00e1TICos 2.0\u00bb.<\/p>\n<figure id=\"attachment_1662\" aria-describedby=\"caption-attachment-1662\" style=\"width: 480px\" class=\"wp-caption aligncenter\"><a href=\"http:\/\/proyectolunatico.blogspot.com.es\/2014\/01\/pautas-de-creacion-de-enero-naturaleza.html\"><img decoding=\"async\" data-attachment-id=\"1662\" data-permalink=\"https:\/\/www.alqueria.es\/blogs\/colegioalqueriatercerciclo\/2014\/01\/12\/nuevo-trimestre-nuevos-proyectos\/alqueria-lunaticos\/\" data-orig-file=\"https:\/\/www.alqueria.es\/blogs\/colegioalqueriatercerciclo\/wp-content\/uploads\/sites\/5\/2014\/01\/alqueria-lunaticos.jpg\" data-orig-size=\"763,553\" data-comments-opened=\"1\" data-image-meta=\"{&quot;aperture&quot;:&quot;0&quot;,&quot;credit&quot;:&quot;&quot;,&quot;camera&quot;:&quot;&quot;,&quot;caption&quot;:&quot;&quot;,&quot;created_timestamp&quot;:&quot;0&quot;,&quot;copyright&quot;:&quot;&quot;,&quot;focal_length&quot;:&quot;0&quot;,&quot;iso&quot;:&quot;0&quot;,&quot;shutter_speed&quot;:&quot;0&quot;,&quot;title&quot;:&quot;&quot;}\" data-image-title=\"Alqueria-Lunaticos\" data-image-description=\"\" data-image-caption=\"\" data-large-file=\"https:\/\/www.alqueria.es\/blogs\/colegioalqueriatercerciclo\/wp-content\/uploads\/sites\/5\/2014\/01\/alqueria-lunaticos.jpg\" class=\"size-large wp-image-1662\" alt=\"Alqueria-Lunaticos\" src=\"https:\/\/cloud.alqueria.es\/wp-content\/uploads\/sites\/5\/2014\/01\/alqueria-lunaticos.jpg?w=480\" width=\"480\" height=\"347\" srcset=\"https:\/\/www.alqueria.es\/blogs\/colegioalqueriatercerciclo\/wp-content\/uploads\/sites\/5\/2014\/01\/alqueria-lunaticos.jpg 763w, https:\/\/www.alqueria.es\/blogs\/colegioalqueriatercerciclo\/wp-content\/uploads\/sites\/5\/2014\/01\/alqueria-lunaticos-300x217.jpg 300w\" sizes=\"(max-width: 480px) 100vw, 480px\" \/><\/a><figcaption id=\"caption-attachment-1662\" class=\"wp-caption-text\">Sexto se sube a la luna junto a 5\u00ba de Motril en Lun\u00e1TICos 2.0<\/figcaption><\/figure>\n<p style=\"text-align:justify\">Clicando en la imagen acced\u00e9is al plan de trabajo que se ha elaborado para crear poemas de manera conjunta en este mes. El tema es NATURALEZA INSPIRADA, y el autor en el que nos centraremos es DAL\u00cd .<\/p>\n<p style=\"text-align:justify\">Unas pinceladas sobre el proyecto ser\u00edan las siguientes:<\/p>\n<ul>\n<li><strong>Equipo de trabajo entre dos alumnos de 5\u00ba de Motril y dos de 6\u00ba de Alquer\u00eda. Trabajar\u00e1n con Google Drive.<\/strong><\/li>\n<li><strong>A trav\u00e9s de un poema conocido, una obra de Dal\u00ed y una canci\u00f3n que hable de naturaleza, los equipos se pondr\u00e1n en marcha para elaborar un listado de palabras en lluvia de ideas que servir\u00e1n para crear sus propios poemas.<\/strong><\/li>\n<li><strong>Crear un poema de 12 versos en tres estrofas inspir\u00e1ndose en lo anterior.<\/strong><\/li>\n<li><strong>Finalmente, hacer uso de herramientas TIC para grabar el audio del poema, retocar im\u00e1genes, realizar un fotomontaje con sus recitados, im\u00e1genes y m\u00fasica elegida.<\/strong><\/li>\n<\/ul>\n<p style=\"text-align:justify\">El proyecto se llevar\u00e1 a cabo los lunes cuando ambas clases conectar\u00e1n y concretar\u00e1n todos estos aspectos. Cada semana iremos publicando los resultados en el blog Lun\u00e1TICos 2.0 y alguna que otra cosa en el blog de alumnos.<\/p>\n<p style=\"text-align:justify\">Cualquier duda, aportaci\u00f3n, comentario; no dud\u00e9is en hacerla llegar, sobre estos temas o vuestros hijos. Juntos avanzamos.<\/p>\n<p style=\"text-align:justify\">Saludos. Jorge.<\/p>\n","protected":false},"excerpt":{"rendered":"<p>Volvemos a la carga en este cuatrimestre que abarcar\u00e1 casi la totalidad de los contenidos de sexto. Por ello, es un trimestre importante en cuanto a trabajo y afianzamiento de contenidos. Esta primera semana la comenzamos con tranquilidad y energ\u00eda para afrontar los nuevos proyectos y contenidos. Las dos semanas de vacaciones han sido efectivas &hellip; <a href=\"https:\/\/www.alqueria.es\/blogs\/colegioalqueriatercerciclo\/2014\/01\/12\/nuevo-trimestre-nuevos-proyectos\/\" class=\"more-link\">Seguir leyendo <span class=\"screen-reader-text\">Nuevo trimestre, nuevos proyectos<\/span> <span class=\"meta-nav\">&rarr;<\/span><\/a><\/p>\n","protected":false},"author":7,"featured_media":0,"comment_status":"open","ping_status":"open","sticky":false,"template":"","format":"standard","meta":{"jetpack_post_was_ever_published":false,"_jetpack_newsletter_access":"","_jetpack_dont_email_post_to_subs":false,"_jetpack_newsletter_tier_id":0,"_jetpack_memberships_contains_paywalled_content":false,"_jetpack_memberships_contains_paid_content":false,"footnotes":"","jetpack_publicize_message":"","jetpack_publicize_feature_enabled":true,"jetpack_social_post_already_shared":true,"jetpack_social_options":{"image_generator_settings":{"template":"highway","default_image_id":0,"font":"","enabled":false},"version":2}},"categories":[3,15],"tags":[60,180],"class_list":["post-1661","post","type-post","status-publish","format-standard","hentry","category-6o-epo","category-semanario-6o","tag-lunaticos-2-0","tag-semanario-6o"],"jetpack_publicize_connections":[],"jetpack_featured_media_url":"","jetpack_sharing_enabled":true,"jetpack_shortlink":"https:\/\/wp.me\/p4l4AW-qN","jetpack-related-posts":[],"_links":{"self":[{"href":"https:\/\/www.alqueria.es\/blogs\/colegioalqueriatercerciclo\/wp-json\/wp\/v2\/posts\/1661","targetHints":{"allow":["GET"]}}],"collection":[{"href":"https:\/\/www.alqueria.es\/blogs\/colegioalqueriatercerciclo\/wp-json\/wp\/v2\/posts"}],"about":[{"href":"https:\/\/www.alqueria.es\/blogs\/colegioalqueriatercerciclo\/wp-json\/wp\/v2\/types\/post"}],"author":[{"embeddable":true,"href":"https:\/\/www.alqueria.es\/blogs\/colegioalqueriatercerciclo\/wp-json\/wp\/v2\/users\/7"}],"replies":[{"embeddable":true,"href":"https:\/\/www.alqueria.es\/blogs\/colegioalqueriatercerciclo\/wp-json\/wp\/v2\/comments?post=1661"}],"version-history":[{"count":0,"href":"https:\/\/www.alqueria.es\/blogs\/colegioalqueriatercerciclo\/wp-json\/wp\/v2\/posts\/1661\/revisions"}],"wp:attachment":[{"href":"https:\/\/www.alqueria.es\/blogs\/colegioalqueriatercerciclo\/wp-json\/wp\/v2\/media?parent=1661"}],"wp:term":[{"taxonomy":"category","embeddable":true,"href":"https:\/\/www.alqueria.es\/blogs\/colegioalqueriatercerciclo\/wp-json\/wp\/v2\/categories?post=1661"},{"taxonomy":"post_tag","embeddable":true,"href":"https:\/\/www.alqueria.es\/blogs\/colegioalqueriatercerciclo\/wp-json\/wp\/v2\/tags?post=1661"}],"curies":[{"name":"wp","href":"https:\/\/api.w.org\/{rel}","templated":true}]}}