{"id":17199,"date":"2024-12-20T14:32:55","date_gmt":"2024-12-20T13:32:55","guid":{"rendered":"https:\/\/www.alqueria.es\/blogs\/colegioalqueriatercerciclo\/?p=17199"},"modified":"2024-12-20T14:32:55","modified_gmt":"2024-12-20T13:32:55","slug":"feliz-navidad-2025","status":"publish","type":"post","link":"https:\/\/www.alqueria.es\/blogs\/colegioalqueriatercerciclo\/2024\/12\/20\/feliz-navidad-2025\/","title":{"rendered":"Feliz Navidad 2025"},"content":{"rendered":"<p>Nuestro fin de trimestre comenz\u00f3 ayer jueves con una comida especial a la que asistieron con sus mejores galas el alumnado de Primaria. De men\u00fa tomaron:<\/p>\n<p>Tramezzino, sopa de estrellitas, patatas fritas y carne en salsa y mantecados. Todo adornado con velas y motivos navide\u00f1os.<\/p>\n<p><img decoding=\"async\" data-attachment-id=\"17203\" data-permalink=\"https:\/\/www.alqueria.es\/blogs\/colegioalqueriatercerciclo\/2024\/12\/20\/feliz-navidad-2025\/photo-2024-12-19-14-30-28-1\/\" data-orig-file=\"https:\/\/cloud.alqueria.es\/wp-content\/uploads\/sites\/5\/2024\/12\/PHOTO-2024-12-19-14-30-28-1.jpg\" data-orig-size=\"1200,1600\" data-comments-opened=\"1\" data-image-meta=\"{&quot;aperture&quot;:&quot;0&quot;,&quot;credit&quot;:&quot;&quot;,&quot;camera&quot;:&quot;&quot;,&quot;caption&quot;:&quot;&quot;,&quot;created_timestamp&quot;:&quot;0&quot;,&quot;copyright&quot;:&quot;&quot;,&quot;focal_length&quot;:&quot;0&quot;,&quot;iso&quot;:&quot;0&quot;,&quot;shutter_speed&quot;:&quot;0&quot;,&quot;title&quot;:&quot;&quot;,&quot;orientation&quot;:&quot;0&quot;}\" data-image-title=\"PHOTO-2024-12-19-14-30-28 (1)\" data-image-description=\"\" data-image-caption=\"\" data-large-file=\"https:\/\/cloud.alqueria.es\/wp-content\/uploads\/sites\/5\/2024\/12\/PHOTO-2024-12-19-14-30-28-1-768x1024.jpg\" class=\"aligncenter wp-image-17203 size-medium\" src=\"https:\/\/cloud.alqueria.es\/wp-content\/uploads\/sites\/5\/2024\/12\/PHOTO-2024-12-19-14-30-28-1-225x300.jpg\" alt=\"\" width=\"225\" height=\"300\" srcset=\"https:\/\/cloud.alqueria.es\/wp-content\/uploads\/sites\/5\/2024\/12\/PHOTO-2024-12-19-14-30-28-1-225x300.jpg 225w, https:\/\/cloud.alqueria.es\/wp-content\/uploads\/sites\/5\/2024\/12\/PHOTO-2024-12-19-14-30-28-1-768x1024.jpg 768w, https:\/\/cloud.alqueria.es\/wp-content\/uploads\/sites\/5\/2024\/12\/PHOTO-2024-12-19-14-30-28-1-1152x1536.jpg 1152w, https:\/\/cloud.alqueria.es\/wp-content\/uploads\/sites\/5\/2024\/12\/PHOTO-2024-12-19-14-30-28-1.jpg 1200w\" sizes=\"(max-width: 225px) 100vw, 225px\" \/> <img decoding=\"async\" data-attachment-id=\"17204\" data-permalink=\"https:\/\/www.alqueria.es\/blogs\/colegioalqueriatercerciclo\/2024\/12\/20\/feliz-navidad-2025\/photo-2024-12-19-14-30-28-2\/\" data-orig-file=\"https:\/\/cloud.alqueria.es\/wp-content\/uploads\/sites\/5\/2024\/12\/PHOTO-2024-12-19-14-30-28-2.jpg\" data-orig-size=\"1200,1600\" data-comments-opened=\"1\" data-image-meta=\"{&quot;aperture&quot;:&quot;0&quot;,&quot;credit&quot;:&quot;&quot;,&quot;camera&quot;:&quot;&quot;,&quot;caption&quot;:&quot;&quot;,&quot;created_timestamp&quot;:&quot;0&quot;,&quot;copyright&quot;:&quot;&quot;,&quot;focal_length&quot;:&quot;0&quot;,&quot;iso&quot;:&quot;0&quot;,&quot;shutter_speed&quot;:&quot;0&quot;,&quot;title&quot;:&quot;&quot;,&quot;orientation&quot;:&quot;0&quot;}\" data-image-title=\"PHOTO-2024-12-19-14-30-28 (2)\" data-image-description=\"\" data-image-caption=\"\" data-large-file=\"https:\/\/cloud.alqueria.es\/wp-content\/uploads\/sites\/5\/2024\/12\/PHOTO-2024-12-19-14-30-28-2-768x1024.jpg\" class=\"wp-image-17204 size-medium aligncenter\" src=\"https:\/\/cloud.alqueria.es\/wp-content\/uploads\/sites\/5\/2024\/12\/PHOTO-2024-12-19-14-30-28-2-225x300.jpg\" alt=\"\" width=\"225\" height=\"300\" srcset=\"https:\/\/cloud.alqueria.es\/wp-content\/uploads\/sites\/5\/2024\/12\/PHOTO-2024-12-19-14-30-28-2-225x300.jpg 225w, https:\/\/cloud.alqueria.es\/wp-content\/uploads\/sites\/5\/2024\/12\/PHOTO-2024-12-19-14-30-28-2-768x1024.jpg 768w, https:\/\/cloud.alqueria.es\/wp-content\/uploads\/sites\/5\/2024\/12\/PHOTO-2024-12-19-14-30-28-2-1152x1536.jpg 1152w, https:\/\/cloud.alqueria.es\/wp-content\/uploads\/sites\/5\/2024\/12\/PHOTO-2024-12-19-14-30-28-2.jpg 1200w\" sizes=\"(max-width: 225px) 100vw, 225px\" \/><\/p>\n<p class=\"jetpack-slideshow-noscript robots-nocontent\">El pase de diapositivas requiere JavaScript.<\/p><div id=\"gallery-17199-1-slideshow\" class=\"jetpack-slideshow-window jetpack-slideshow jetpack-slideshow-black\" data-trans=\"fade\" data-autostart=\"1\" data-gallery=\"[{&quot;src&quot;:&quot;https:\\\/\\\/cloud.alqueria.es\\\/wp-content\\\/uploads\\\/sites\\\/5\\\/2024\\\/12\\\/comida-especial-2-1024x576.jpeg&quot;,&quot;id&quot;:&quot;17220&quot;,&quot;title&quot;:&quot;comida especial (2)&quot;,&quot;alt&quot;:&quot;&quot;,&quot;caption&quot;:&quot;&quot;,&quot;itemprop&quot;:&quot;image&quot;},{&quot;src&quot;:&quot;https:\\\/\\\/cloud.alqueria.es\\\/wp-content\\\/uploads\\\/sites\\\/5\\\/2024\\\/12\\\/comida-especial-3-1024x576.jpeg&quot;,&quot;id&quot;:&quot;17221&quot;,&quot;title&quot;:&quot;comida especial (3)&quot;,&quot;alt&quot;:&quot;&quot;,&quot;caption&quot;:&quot;&quot;,&quot;itemprop&quot;:&quot;image&quot;},{&quot;src&quot;:&quot;https:\\\/\\\/cloud.alqueria.es\\\/wp-content\\\/uploads\\\/sites\\\/5\\\/2024\\\/12\\\/comida-especial-4-1024x576.jpeg&quot;,&quot;id&quot;:&quot;17222&quot;,&quot;title&quot;:&quot;comida especial (4)&quot;,&quot;alt&quot;:&quot;&quot;,&quot;caption&quot;:&quot;&quot;,&quot;itemprop&quot;:&quot;image&quot;},{&quot;src&quot;:&quot;https:\\\/\\\/cloud.alqueria.es\\\/wp-content\\\/uploads\\\/sites\\\/5\\\/2024\\\/12\\\/comida-especial-1-1024x763.jpeg&quot;,&quot;id&quot;:&quot;17223&quot;,&quot;title&quot;:&quot;comida especial (1)&quot;,&quot;alt&quot;:&quot;&quot;,&quot;caption&quot;:&quot;&quot;,&quot;itemprop&quot;:&quot;image&quot;}]\" itemscope itemtype=\"https:\/\/schema.org\/ImageGallery\"><\/div>\n<p>De postre degustaron unas ricas galletas realizadas en el taller de cocina celebrado el mi\u00e9rcoles.<\/p>\n<p><img decoding=\"async\" data-attachment-id=\"17201\" data-permalink=\"https:\/\/www.alqueria.es\/blogs\/colegioalqueriatercerciclo\/2024\/12\/20\/feliz-navidad-2025\/sin-titulo-19\/\" data-orig-file=\"https:\/\/cloud.alqueria.es\/wp-content\/uploads\/sites\/5\/2024\/12\/Sin-titulo-e1734592085962.png\" data-orig-size=\"507,620\" data-comments-opened=\"1\" data-image-meta=\"{&quot;aperture&quot;:&quot;0&quot;,&quot;credit&quot;:&quot;&quot;,&quot;camera&quot;:&quot;&quot;,&quot;caption&quot;:&quot;&quot;,&quot;created_timestamp&quot;:&quot;0&quot;,&quot;copyright&quot;:&quot;&quot;,&quot;focal_length&quot;:&quot;0&quot;,&quot;iso&quot;:&quot;0&quot;,&quot;shutter_speed&quot;:&quot;0&quot;,&quot;title&quot;:&quot;&quot;,&quot;orientation&quot;:&quot;0&quot;}\" data-image-title=\"Sin t\u00edtulo\" data-image-description=\"\" data-image-caption=\"\" data-large-file=\"https:\/\/cloud.alqueria.es\/wp-content\/uploads\/sites\/5\/2024\/12\/Sin-titulo-e1734592085962.png\" class=\"alignnone wp-image-17201 size-full\" src=\"https:\/\/cloud.alqueria.es\/wp-content\/uploads\/sites\/5\/2024\/12\/Sin-titulo-e1734592037685.png\" alt=\"\" width=\"507\" height=\"620\" \/><\/p>\n<p class=\"jetpack-slideshow-noscript robots-nocontent\">El pase de diapositivas requiere JavaScript.<\/p><div id=\"gallery-17199-2-slideshow\" class=\"jetpack-slideshow-window jetpack-slideshow jetpack-slideshow-black\" data-trans=\"fade\" data-autostart=\"1\" data-gallery=\"[{&quot;src&quot;:&quot;https:\\\/\\\/cloud.alqueria.es\\\/wp-content\\\/uploads\\\/sites\\\/5\\\/2024\\\/12\\\/taller-cocina-1-1024x1024.jpeg&quot;,&quot;id&quot;:&quot;17224&quot;,&quot;title&quot;:&quot;taller cocina (1)&quot;,&quot;alt&quot;:&quot;&quot;,&quot;caption&quot;:&quot;&quot;,&quot;itemprop&quot;:&quot;image&quot;},{&quot;src&quot;:&quot;https:\\\/\\\/cloud.alqueria.es\\\/wp-content\\\/uploads\\\/sites\\\/5\\\/2024\\\/12\\\/taller-cocina-2-1024x1024.jpeg&quot;,&quot;id&quot;:&quot;17225&quot;,&quot;title&quot;:&quot;taller cocina (2)&quot;,&quot;alt&quot;:&quot;&quot;,&quot;caption&quot;:&quot;&quot;,&quot;itemprop&quot;:&quot;image&quot;},{&quot;src&quot;:&quot;https:\\\/\\\/cloud.alqueria.es\\\/wp-content\\\/uploads\\\/sites\\\/5\\\/2024\\\/12\\\/taller-cocina-3-1024x576.jpeg&quot;,&quot;id&quot;:&quot;17226&quot;,&quot;title&quot;:&quot;taller cocina (3)&quot;,&quot;alt&quot;:&quot;&quot;,&quot;caption&quot;:&quot;&quot;,&quot;itemprop&quot;:&quot;image&quot;},{&quot;src&quot;:&quot;https:\\\/\\\/cloud.alqueria.es\\\/wp-content\\\/uploads\\\/sites\\\/5\\\/2024\\\/12\\\/taller-cocina-4-1024x576.jpeg&quot;,&quot;id&quot;:&quot;17227&quot;,&quot;title&quot;:&quot;taller cocina (4)&quot;,&quot;alt&quot;:&quot;&quot;,&quot;caption&quot;:&quot;&quot;,&quot;itemprop&quot;:&quot;image&quot;},{&quot;src&quot;:&quot;https:\\\/\\\/cloud.alqueria.es\\\/wp-content\\\/uploads\\\/sites\\\/5\\\/2024\\\/12\\\/taller-cocina-5-1024x576.jpeg&quot;,&quot;id&quot;:&quot;17228&quot;,&quot;title&quot;:&quot;taller cocina (5)&quot;,&quot;alt&quot;:&quot;&quot;,&quot;caption&quot;:&quot;&quot;,&quot;itemprop&quot;:&quot;image&quot;},{&quot;src&quot;:&quot;https:\\\/\\\/cloud.alqueria.es\\\/wp-content\\\/uploads\\\/sites\\\/5\\\/2024\\\/12\\\/taller-cocina-6-1024x1024.jpeg&quot;,&quot;id&quot;:&quot;17229&quot;,&quot;title&quot;:&quot;taller cocina (6)&quot;,&quot;alt&quot;:&quot;&quot;,&quot;caption&quot;:&quot;&quot;,&quot;itemprop&quot;:&quot;image&quot;},{&quot;src&quot;:&quot;https:\\\/\\\/cloud.alqueria.es\\\/wp-content\\\/uploads\\\/sites\\\/5\\\/2024\\\/12\\\/taller-cocina-7-1024x1024.jpeg&quot;,&quot;id&quot;:&quot;17230&quot;,&quot;title&quot;:&quot;taller cocina (7)&quot;,&quot;alt&quot;:&quot;&quot;,&quot;caption&quot;:&quot;&quot;,&quot;itemprop&quot;:&quot;image&quot;}]\" itemscope itemtype=\"https:\/\/schema.org\/ImageGallery\"><\/div>\n<p>&nbsp;<\/p>\n<p class=\"jetpack-slideshow-noscript robots-nocontent\">El pase de diapositivas requiere JavaScript.<\/p><div id=\"gallery-17199-3-slideshow\" class=\"jetpack-slideshow-window jetpack-slideshow jetpack-slideshow-black\" data-trans=\"fade\" data-autostart=\"1\" data-gallery=\"[{&quot;src&quot;:&quot;https:\\\/\\\/cloud.alqueria.es\\\/wp-content\\\/uploads\\\/sites\\\/5\\\/2024\\\/12\\\/PHOTO-2024-12-20-08-08-53.jpg&quot;,&quot;id&quot;:&quot;17232&quot;,&quot;title&quot;:&quot;PHOTO-2024-12-20-08-08-53&quot;,&quot;alt&quot;:&quot;&quot;,&quot;caption&quot;:&quot;&quot;,&quot;itemprop&quot;:&quot;image&quot;},{&quot;src&quot;:&quot;https:\\\/\\\/cloud.alqueria.es\\\/wp-content\\\/uploads\\\/sites\\\/5\\\/2024\\\/12\\\/PHOTO-2024-12-20-08-09-33-1.jpg&quot;,&quot;id&quot;:&quot;17233&quot;,&quot;title&quot;:&quot;PHOTO-2024-12-20-08-09-33 (1)&quot;,&quot;alt&quot;:&quot;&quot;,&quot;caption&quot;:&quot;&quot;,&quot;itemprop&quot;:&quot;image&quot;},{&quot;src&quot;:&quot;https:\\\/\\\/cloud.alqueria.es\\\/wp-content\\\/uploads\\\/sites\\\/5\\\/2024\\\/12\\\/PHOTO-2024-12-20-08-09-33-2.jpg&quot;,&quot;id&quot;:&quot;17234&quot;,&quot;title&quot;:&quot;PHOTO-2024-12-20-08-09-33 (2)&quot;,&quot;alt&quot;:&quot;&quot;,&quot;caption&quot;:&quot;&quot;,&quot;itemprop&quot;:&quot;image&quot;},{&quot;src&quot;:&quot;https:\\\/\\\/cloud.alqueria.es\\\/wp-content\\\/uploads\\\/sites\\\/5\\\/2024\\\/12\\\/PHOTO-2024-12-20-08-09-33-3.jpg&quot;,&quot;id&quot;:&quot;17235&quot;,&quot;title&quot;:&quot;PHOTO-2024-12-20-08-09-33 (3)&quot;,&quot;alt&quot;:&quot;&quot;,&quot;caption&quot;:&quot;&quot;,&quot;itemprop&quot;:&quot;image&quot;},{&quot;src&quot;:&quot;https:\\\/\\\/cloud.alqueria.es\\\/wp-content\\\/uploads\\\/sites\\\/5\\\/2024\\\/12\\\/PHOTO-2024-12-20-08-09-33-4.jpg&quot;,&quot;id&quot;:&quot;17236&quot;,&quot;title&quot;:&quot;PHOTO-2024-12-20-08-09-33 (4)&quot;,&quot;alt&quot;:&quot;&quot;,&quot;caption&quot;:&quot;&quot;,&quot;itemprop&quot;:&quot;image&quot;},{&quot;src&quot;:&quot;https:\\\/\\\/cloud.alqueria.es\\\/wp-content\\\/uploads\\\/sites\\\/5\\\/2024\\\/12\\\/PHOTO-2024-12-20-08-09-33-5.jpg&quot;,&quot;id&quot;:&quot;17237&quot;,&quot;title&quot;:&quot;PHOTO-2024-12-20-08-09-33 (5)&quot;,&quot;alt&quot;:&quot;&quot;,&quot;caption&quot;:&quot;&quot;,&quot;itemprop&quot;:&quot;image&quot;},{&quot;src&quot;:&quot;https:\\\/\\\/cloud.alqueria.es\\\/wp-content\\\/uploads\\\/sites\\\/5\\\/2024\\\/12\\\/PHOTO-2024-12-20-08-09-33-6.jpg&quot;,&quot;id&quot;:&quot;17238&quot;,&quot;title&quot;:&quot;PHOTO-2024-12-20-08-09-33 (6)&quot;,&quot;alt&quot;:&quot;&quot;,&quot;caption&quot;:&quot;&quot;,&quot;itemprop&quot;:&quot;image&quot;},{&quot;src&quot;:&quot;https:\\\/\\\/cloud.alqueria.es\\\/wp-content\\\/uploads\\\/sites\\\/5\\\/2024\\\/12\\\/PHOTO-2024-12-20-08-09-33.jpg&quot;,&quot;id&quot;:&quot;17239&quot;,&quot;title&quot;:&quot;PHOTO-2024-12-20-08-09-33&quot;,&quot;alt&quot;:&quot;&quot;,&quot;caption&quot;:&quot;&quot;,&quot;itemprop&quot;:&quot;image&quot;}]\" itemscope itemtype=\"https:\/\/schema.org\/ImageGallery\"><\/div>\n<p>Durante esta \u00faltima semana tambi\u00e9n han tenido lugar algunas actividades que han puesto punto y final a un gran trimestre. El grupo de sexto ha realizado un concierto al grupo de quinto con el villancico preparado en la clase de m\u00fasica.<\/p>\n<p><img decoding=\"async\" data-attachment-id=\"17240\" data-permalink=\"https:\/\/www.alqueria.es\/blogs\/colegioalqueriatercerciclo\/2024\/12\/20\/feliz-navidad-2025\/photo-2024-12-20-08-21-35-1\/\" data-orig-file=\"https:\/\/cloud.alqueria.es\/wp-content\/uploads\/sites\/5\/2024\/12\/PHOTO-2024-12-20-08-21-35-1.jpg\" data-orig-size=\"1600,890\" data-comments-opened=\"1\" data-image-meta=\"{&quot;aperture&quot;:&quot;0&quot;,&quot;credit&quot;:&quot;&quot;,&quot;camera&quot;:&quot;&quot;,&quot;caption&quot;:&quot;&quot;,&quot;created_timestamp&quot;:&quot;0&quot;,&quot;copyright&quot;:&quot;&quot;,&quot;focal_length&quot;:&quot;0&quot;,&quot;iso&quot;:&quot;0&quot;,&quot;shutter_speed&quot;:&quot;0&quot;,&quot;title&quot;:&quot;&quot;,&quot;orientation&quot;:&quot;0&quot;}\" data-image-title=\"PHOTO-2024-12-20-08-21-35 (1)\" data-image-description=\"\" data-image-caption=\"\" data-large-file=\"https:\/\/cloud.alqueria.es\/wp-content\/uploads\/sites\/5\/2024\/12\/PHOTO-2024-12-20-08-21-35-1-1024x570.jpg\" class=\"alignnone size-full wp-image-17240\" src=\"https:\/\/cloud.alqueria.es\/wp-content\/uploads\/sites\/5\/2024\/12\/PHOTO-2024-12-20-08-21-35-1.jpg\" alt=\"\" width=\"1600\" height=\"890\" srcset=\"https:\/\/cloud.alqueria.es\/wp-content\/uploads\/sites\/5\/2024\/12\/PHOTO-2024-12-20-08-21-35-1.jpg 1600w, https:\/\/cloud.alqueria.es\/wp-content\/uploads\/sites\/5\/2024\/12\/PHOTO-2024-12-20-08-21-35-1-300x167.jpg 300w, https:\/\/cloud.alqueria.es\/wp-content\/uploads\/sites\/5\/2024\/12\/PHOTO-2024-12-20-08-21-35-1-1024x570.jpg 1024w, https:\/\/cloud.alqueria.es\/wp-content\/uploads\/sites\/5\/2024\/12\/PHOTO-2024-12-20-08-21-35-1-768x427.jpg 768w, https:\/\/cloud.alqueria.es\/wp-content\/uploads\/sites\/5\/2024\/12\/PHOTO-2024-12-20-08-21-35-1-1536x854.jpg 1536w, https:\/\/cloud.alqueria.es\/wp-content\/uploads\/sites\/5\/2024\/12\/PHOTO-2024-12-20-08-21-35-1-1038x576.jpg 1038w\" sizes=\"(max-width: 1600px) 100vw, 1600px\" \/><\/p>\n<p><img decoding=\"async\" data-attachment-id=\"17241\" data-permalink=\"https:\/\/www.alqueria.es\/blogs\/colegioalqueriatercerciclo\/2024\/12\/20\/feliz-navidad-2025\/photo-2024-12-20-08-21-35\/\" data-orig-file=\"https:\/\/cloud.alqueria.es\/wp-content\/uploads\/sites\/5\/2024\/12\/PHOTO-2024-12-20-08-21-35.jpg\" data-orig-size=\"1600,872\" data-comments-opened=\"1\" data-image-meta=\"{&quot;aperture&quot;:&quot;0&quot;,&quot;credit&quot;:&quot;&quot;,&quot;camera&quot;:&quot;&quot;,&quot;caption&quot;:&quot;&quot;,&quot;created_timestamp&quot;:&quot;0&quot;,&quot;copyright&quot;:&quot;&quot;,&quot;focal_length&quot;:&quot;0&quot;,&quot;iso&quot;:&quot;0&quot;,&quot;shutter_speed&quot;:&quot;0&quot;,&quot;title&quot;:&quot;&quot;,&quot;orientation&quot;:&quot;0&quot;}\" data-image-title=\"PHOTO-2024-12-20-08-21-35\" data-image-description=\"\" data-image-caption=\"\" data-large-file=\"https:\/\/cloud.alqueria.es\/wp-content\/uploads\/sites\/5\/2024\/12\/PHOTO-2024-12-20-08-21-35-1024x558.jpg\" class=\"alignnone size-full wp-image-17241\" src=\"https:\/\/cloud.alqueria.es\/wp-content\/uploads\/sites\/5\/2024\/12\/PHOTO-2024-12-20-08-21-35.jpg\" alt=\"\" width=\"1600\" height=\"872\" srcset=\"https:\/\/cloud.alqueria.es\/wp-content\/uploads\/sites\/5\/2024\/12\/PHOTO-2024-12-20-08-21-35.jpg 1600w, https:\/\/cloud.alqueria.es\/wp-content\/uploads\/sites\/5\/2024\/12\/PHOTO-2024-12-20-08-21-35-300x164.jpg 300w, https:\/\/cloud.alqueria.es\/wp-content\/uploads\/sites\/5\/2024\/12\/PHOTO-2024-12-20-08-21-35-1024x558.jpg 1024w, https:\/\/cloud.alqueria.es\/wp-content\/uploads\/sites\/5\/2024\/12\/PHOTO-2024-12-20-08-21-35-768x419.jpg 768w, https:\/\/cloud.alqueria.es\/wp-content\/uploads\/sites\/5\/2024\/12\/PHOTO-2024-12-20-08-21-35-1536x837.jpg 1536w\" sizes=\"(max-width: 1600px) 100vw, 1600px\" \/><\/p>\n<p><img decoding=\"async\" data-attachment-id=\"17242\" data-permalink=\"https:\/\/www.alqueria.es\/blogs\/colegioalqueriatercerciclo\/2024\/12\/20\/feliz-navidad-2025\/photo-2024-12-20-08-22-44\/\" data-orig-file=\"https:\/\/cloud.alqueria.es\/wp-content\/uploads\/sites\/5\/2024\/12\/PHOTO-2024-12-20-08-22-44.jpg\" data-orig-size=\"1600,918\" data-comments-opened=\"1\" data-image-meta=\"{&quot;aperture&quot;:&quot;0&quot;,&quot;credit&quot;:&quot;&quot;,&quot;camera&quot;:&quot;&quot;,&quot;caption&quot;:&quot;&quot;,&quot;created_timestamp&quot;:&quot;0&quot;,&quot;copyright&quot;:&quot;&quot;,&quot;focal_length&quot;:&quot;0&quot;,&quot;iso&quot;:&quot;0&quot;,&quot;shutter_speed&quot;:&quot;0&quot;,&quot;title&quot;:&quot;&quot;,&quot;orientation&quot;:&quot;0&quot;}\" data-image-title=\"PHOTO-2024-12-20-08-22-44\" data-image-description=\"\" data-image-caption=\"\" data-large-file=\"https:\/\/cloud.alqueria.es\/wp-content\/uploads\/sites\/5\/2024\/12\/PHOTO-2024-12-20-08-22-44-1024x588.jpg\" class=\"alignnone size-full wp-image-17242\" src=\"https:\/\/cloud.alqueria.es\/wp-content\/uploads\/sites\/5\/2024\/12\/PHOTO-2024-12-20-08-22-44.jpg\" alt=\"\" width=\"1600\" height=\"918\" srcset=\"https:\/\/cloud.alqueria.es\/wp-content\/uploads\/sites\/5\/2024\/12\/PHOTO-2024-12-20-08-22-44.jpg 1600w, https:\/\/cloud.alqueria.es\/wp-content\/uploads\/sites\/5\/2024\/12\/PHOTO-2024-12-20-08-22-44-300x172.jpg 300w, https:\/\/cloud.alqueria.es\/wp-content\/uploads\/sites\/5\/2024\/12\/PHOTO-2024-12-20-08-22-44-1024x588.jpg 1024w, https:\/\/cloud.alqueria.es\/wp-content\/uploads\/sites\/5\/2024\/12\/PHOTO-2024-12-20-08-22-44-768x441.jpg 768w, https:\/\/cloud.alqueria.es\/wp-content\/uploads\/sites\/5\/2024\/12\/PHOTO-2024-12-20-08-22-44-1536x881.jpg 1536w\" sizes=\"(max-width: 1600px) 100vw, 1600px\" \/><\/p>\n<p>Adem\u00e1s sexto ha estado preparando a lo largo del mes de diciembre una obra de teatro navide\u00f1a en franc\u00e9s con Teacher Manolo y Marta profesora de Yoga. El jueves interpretaron el teatro haciendo dos pases privados a la Etapa de Infantil y a la Etapa de Primaria. El alumnado de sexto ha sido el gran protagonista de esta obra ya que han elaborado el guion, los escenarios, el vestuario, la m\u00fasica.<\/p>\n<p class=\"jetpack-slideshow-noscript robots-nocontent\">El pase de diapositivas requiere JavaScript.<\/p><div id=\"gallery-17199-4-slideshow\" class=\"jetpack-slideshow-window jetpack-slideshow jetpack-slideshow-black\" data-trans=\"fade\" data-autostart=\"1\" data-gallery=\"[{&quot;src&quot;:&quot;https:\\\/\\\/cloud.alqueria.es\\\/wp-content\\\/uploads\\\/sites\\\/5\\\/2024\\\/12\\\/PHOTO-2024-12-19-10-27-04.jpg&quot;,&quot;id&quot;:&quot;17205&quot;,&quot;title&quot;:&quot;PHOTO-2024-12-19-10-27-04&quot;,&quot;alt&quot;:&quot;&quot;,&quot;caption&quot;:&quot;&quot;,&quot;itemprop&quot;:&quot;image&quot;},{&quot;src&quot;:&quot;https:\\\/\\\/cloud.alqueria.es\\\/wp-content\\\/uploads\\\/sites\\\/5\\\/2024\\\/12\\\/PHOTO-2024-12-19-10-28-51-1.jpg&quot;,&quot;id&quot;:&quot;17206&quot;,&quot;title&quot;:&quot;PHOTO-2024-12-19-10-28-51 (1)&quot;,&quot;alt&quot;:&quot;&quot;,&quot;caption&quot;:&quot;&quot;,&quot;itemprop&quot;:&quot;image&quot;},{&quot;src&quot;:&quot;https:\\\/\\\/cloud.alqueria.es\\\/wp-content\\\/uploads\\\/sites\\\/5\\\/2024\\\/12\\\/PHOTO-2024-12-19-10-28-51-2.jpg&quot;,&quot;id&quot;:&quot;17207&quot;,&quot;title&quot;:&quot;PHOTO-2024-12-19-10-28-51 (2)&quot;,&quot;alt&quot;:&quot;&quot;,&quot;caption&quot;:&quot;&quot;,&quot;itemprop&quot;:&quot;image&quot;},{&quot;src&quot;:&quot;https:\\\/\\\/cloud.alqueria.es\\\/wp-content\\\/uploads\\\/sites\\\/5\\\/2024\\\/12\\\/PHOTO-2024-12-19-10-28-51-3.jpg&quot;,&quot;id&quot;:&quot;17208&quot;,&quot;title&quot;:&quot;PHOTO-2024-12-19-10-28-51 (3)&quot;,&quot;alt&quot;:&quot;&quot;,&quot;caption&quot;:&quot;&quot;,&quot;itemprop&quot;:&quot;image&quot;},{&quot;src&quot;:&quot;https:\\\/\\\/cloud.alqueria.es\\\/wp-content\\\/uploads\\\/sites\\\/5\\\/2024\\\/12\\\/PHOTO-2024-12-19-10-28-51-4.jpg&quot;,&quot;id&quot;:&quot;17209&quot;,&quot;title&quot;:&quot;PHOTO-2024-12-19-10-28-51 (4)&quot;,&quot;alt&quot;:&quot;&quot;,&quot;caption&quot;:&quot;&quot;,&quot;itemprop&quot;:&quot;image&quot;},{&quot;src&quot;:&quot;https:\\\/\\\/cloud.alqueria.es\\\/wp-content\\\/uploads\\\/sites\\\/5\\\/2024\\\/12\\\/PHOTO-2024-12-19-10-28-51-6.jpg&quot;,&quot;id&quot;:&quot;17210&quot;,&quot;title&quot;:&quot;PHOTO-2024-12-19-10-28-51 (6)&quot;,&quot;alt&quot;:&quot;&quot;,&quot;caption&quot;:&quot;&quot;,&quot;itemprop&quot;:&quot;image&quot;},{&quot;src&quot;:&quot;https:\\\/\\\/cloud.alqueria.es\\\/wp-content\\\/uploads\\\/sites\\\/5\\\/2024\\\/12\\\/PHOTO-2024-12-19-10-28-51-7.jpg&quot;,&quot;id&quot;:&quot;17211&quot;,&quot;title&quot;:&quot;PHOTO-2024-12-19-10-28-51 (7)&quot;,&quot;alt&quot;:&quot;&quot;,&quot;caption&quot;:&quot;&quot;,&quot;itemprop&quot;:&quot;image&quot;},{&quot;src&quot;:&quot;https:\\\/\\\/cloud.alqueria.es\\\/wp-content\\\/uploads\\\/sites\\\/5\\\/2024\\\/12\\\/PHOTO-2024-12-19-10-28-51.jpg&quot;,&quot;id&quot;:&quot;17212&quot;,&quot;title&quot;:&quot;PHOTO-2024-12-19-10-28-51&quot;,&quot;alt&quot;:&quot;&quot;,&quot;caption&quot;:&quot;&quot;,&quot;itemprop&quot;:&quot;image&quot;},{&quot;src&quot;:&quot;https:\\\/\\\/cloud.alqueria.es\\\/wp-content\\\/uploads\\\/sites\\\/5\\\/2024\\\/12\\\/PHOTO-2024-12-19-10-29-41-1.jpg&quot;,&quot;id&quot;:&quot;17213&quot;,&quot;title&quot;:&quot;PHOTO-2024-12-19-10-29-41 (1)&quot;,&quot;alt&quot;:&quot;&quot;,&quot;caption&quot;:&quot;&quot;,&quot;itemprop&quot;:&quot;image&quot;},{&quot;src&quot;:&quot;https:\\\/\\\/cloud.alqueria.es\\\/wp-content\\\/uploads\\\/sites\\\/5\\\/2024\\\/12\\\/PHOTO-2024-12-19-10-29-41-2.jpg&quot;,&quot;id&quot;:&quot;17214&quot;,&quot;title&quot;:&quot;PHOTO-2024-12-19-10-29-41 (2)&quot;,&quot;alt&quot;:&quot;&quot;,&quot;caption&quot;:&quot;&quot;,&quot;itemprop&quot;:&quot;image&quot;},{&quot;src&quot;:&quot;https:\\\/\\\/cloud.alqueria.es\\\/wp-content\\\/uploads\\\/sites\\\/5\\\/2024\\\/12\\\/PHOTO-2024-12-19-10-29-41-3.jpg&quot;,&quot;id&quot;:&quot;17215&quot;,&quot;title&quot;:&quot;PHOTO-2024-12-19-10-29-41 (3)&quot;,&quot;alt&quot;:&quot;&quot;,&quot;caption&quot;:&quot;&quot;,&quot;itemprop&quot;:&quot;image&quot;},{&quot;src&quot;:&quot;https:\\\/\\\/cloud.alqueria.es\\\/wp-content\\\/uploads\\\/sites\\\/5\\\/2024\\\/12\\\/PHOTO-2024-12-19-10-29-41-4.jpg&quot;,&quot;id&quot;:&quot;17216&quot;,&quot;title&quot;:&quot;PHOTO-2024-12-19-10-29-41 (4)&quot;,&quot;alt&quot;:&quot;&quot;,&quot;caption&quot;:&quot;&quot;,&quot;itemprop&quot;:&quot;image&quot;},{&quot;src&quot;:&quot;https:\\\/\\\/cloud.alqueria.es\\\/wp-content\\\/uploads\\\/sites\\\/5\\\/2024\\\/12\\\/PHOTO-2024-12-19-10-29-41.jpg&quot;,&quot;id&quot;:&quot;17217&quot;,&quot;title&quot;:&quot;PHOTO-2024-12-19-10-29-41&quot;,&quot;alt&quot;:&quot;&quot;,&quot;caption&quot;:&quot;&quot;,&quot;itemprop&quot;:&quot;image&quot;}]\" itemscope itemtype=\"https:\/\/schema.org\/ImageGallery\"><\/div>\n<p>Hoy d\u00eda 20 de diciembre hemos celebrado\u00a0 la llegada de la Navidad con distintas actividades.<\/p>\n<p><img decoding=\"async\" data-attachment-id=\"17247\" data-permalink=\"https:\/\/www.alqueria.es\/blogs\/colegioalqueriatercerciclo\/2024\/12\/20\/feliz-navidad-2025\/photo-2024-12-20-13-27-52-11\/\" data-orig-file=\"https:\/\/cloud.alqueria.es\/wp-content\/uploads\/sites\/5\/2024\/12\/PHOTO-2024-12-20-13-27-52-11.jpg\" data-orig-size=\"1600,1200\" data-comments-opened=\"1\" data-image-meta=\"{&quot;aperture&quot;:&quot;0&quot;,&quot;credit&quot;:&quot;&quot;,&quot;camera&quot;:&quot;&quot;,&quot;caption&quot;:&quot;&quot;,&quot;created_timestamp&quot;:&quot;0&quot;,&quot;copyright&quot;:&quot;&quot;,&quot;focal_length&quot;:&quot;0&quot;,&quot;iso&quot;:&quot;0&quot;,&quot;shutter_speed&quot;:&quot;0&quot;,&quot;title&quot;:&quot;&quot;,&quot;orientation&quot;:&quot;0&quot;}\" data-image-title=\"PHOTO-2024-12-20-13-27-52 (11)\" data-image-description=\"\" data-image-caption=\"\" data-large-file=\"https:\/\/cloud.alqueria.es\/wp-content\/uploads\/sites\/5\/2024\/12\/PHOTO-2024-12-20-13-27-52-11-1024x768.jpg\" class=\"alignnone size-full wp-image-17247\" src=\"https:\/\/cloud.alqueria.es\/wp-content\/uploads\/sites\/5\/2024\/12\/PHOTO-2024-12-20-13-27-52-11.jpg\" alt=\"\" width=\"1600\" height=\"1200\" srcset=\"https:\/\/cloud.alqueria.es\/wp-content\/uploads\/sites\/5\/2024\/12\/PHOTO-2024-12-20-13-27-52-11.jpg 1600w, https:\/\/cloud.alqueria.es\/wp-content\/uploads\/sites\/5\/2024\/12\/PHOTO-2024-12-20-13-27-52-11-300x225.jpg 300w, https:\/\/cloud.alqueria.es\/wp-content\/uploads\/sites\/5\/2024\/12\/PHOTO-2024-12-20-13-27-52-11-1024x768.jpg 1024w, https:\/\/cloud.alqueria.es\/wp-content\/uploads\/sites\/5\/2024\/12\/PHOTO-2024-12-20-13-27-52-11-768x576.jpg 768w, https:\/\/cloud.alqueria.es\/wp-content\/uploads\/sites\/5\/2024\/12\/PHOTO-2024-12-20-13-27-52-11-1536x1152.jpg 1536w\" sizes=\"(max-width: 1600px) 100vw, 1600px\" \/><\/p>\n<p>A las 10h de la ma\u00f1ana hemos realizado un encuentro de villancicos y canciones navide\u00f1as en la Etapa de Primaria, donde todos los grupos han participando cantando, incluidos los profes.<\/p>\n<p>Hemos terminado con los villancicos tanto de quinto como de sexto. Quinto ha cantado \u00abUn a\u00f1o m\u00e1s\u00bb de Mecano:<\/p>\n<p><img decoding=\"async\" data-attachment-id=\"17252\" data-permalink=\"https:\/\/www.alqueria.es\/blogs\/colegioalqueriatercerciclo\/2024\/12\/20\/feliz-navidad-2025\/villancico-5-2\/\" data-orig-file=\"https:\/\/cloud.alqueria.es\/wp-content\/uploads\/sites\/5\/2024\/12\/villancico-5-2.jpeg\" data-orig-size=\"2040,1148\" data-comments-opened=\"1\" data-image-meta=\"{&quot;aperture&quot;:&quot;0&quot;,&quot;credit&quot;:&quot;&quot;,&quot;camera&quot;:&quot;&quot;,&quot;caption&quot;:&quot;&quot;,&quot;created_timestamp&quot;:&quot;0&quot;,&quot;copyright&quot;:&quot;&quot;,&quot;focal_length&quot;:&quot;0&quot;,&quot;iso&quot;:&quot;0&quot;,&quot;shutter_speed&quot;:&quot;0&quot;,&quot;title&quot;:&quot;&quot;,&quot;orientation&quot;:&quot;0&quot;}\" data-image-title=\"villancico 5 (2)\" data-image-description=\"\" data-image-caption=\"\" data-large-file=\"https:\/\/cloud.alqueria.es\/wp-content\/uploads\/sites\/5\/2024\/12\/villancico-5-2-1024x576.jpeg\" class=\"alignnone size-full wp-image-17252\" src=\"https:\/\/cloud.alqueria.es\/wp-content\/uploads\/sites\/5\/2024\/12\/villancico-5-2.jpeg\" alt=\"\" width=\"2040\" height=\"1148\" srcset=\"https:\/\/cloud.alqueria.es\/wp-content\/uploads\/sites\/5\/2024\/12\/villancico-5-2.jpeg 2040w, https:\/\/cloud.alqueria.es\/wp-content\/uploads\/sites\/5\/2024\/12\/villancico-5-2-300x169.jpeg 300w, https:\/\/cloud.alqueria.es\/wp-content\/uploads\/sites\/5\/2024\/12\/villancico-5-2-1024x576.jpeg 1024w, https:\/\/cloud.alqueria.es\/wp-content\/uploads\/sites\/5\/2024\/12\/villancico-5-2-768x432.jpeg 768w, https:\/\/cloud.alqueria.es\/wp-content\/uploads\/sites\/5\/2024\/12\/villancico-5-2-1536x864.jpeg 1536w\" sizes=\"(max-width: 2040px) 100vw, 2040px\" \/><\/p>\n<p><img decoding=\"async\" data-attachment-id=\"17253\" data-permalink=\"https:\/\/www.alqueria.es\/blogs\/colegioalqueriatercerciclo\/2024\/12\/20\/feliz-navidad-2025\/villancico-5-1\/\" data-orig-file=\"https:\/\/cloud.alqueria.es\/wp-content\/uploads\/sites\/5\/2024\/12\/villancico-5-1.jpeg\" data-orig-size=\"2040,1148\" data-comments-opened=\"1\" data-image-meta=\"{&quot;aperture&quot;:&quot;0&quot;,&quot;credit&quot;:&quot;&quot;,&quot;camera&quot;:&quot;&quot;,&quot;caption&quot;:&quot;&quot;,&quot;created_timestamp&quot;:&quot;0&quot;,&quot;copyright&quot;:&quot;&quot;,&quot;focal_length&quot;:&quot;0&quot;,&quot;iso&quot;:&quot;0&quot;,&quot;shutter_speed&quot;:&quot;0&quot;,&quot;title&quot;:&quot;&quot;,&quot;orientation&quot;:&quot;0&quot;}\" data-image-title=\"villancico 5 (1)\" data-image-description=\"\" data-image-caption=\"\" data-large-file=\"https:\/\/cloud.alqueria.es\/wp-content\/uploads\/sites\/5\/2024\/12\/villancico-5-1-1024x576.jpeg\" class=\"alignnone size-full wp-image-17253\" src=\"https:\/\/cloud.alqueria.es\/wp-content\/uploads\/sites\/5\/2024\/12\/villancico-5-1.jpeg\" alt=\"\" width=\"2040\" height=\"1148\" srcset=\"https:\/\/cloud.alqueria.es\/wp-content\/uploads\/sites\/5\/2024\/12\/villancico-5-1.jpeg 2040w, https:\/\/cloud.alqueria.es\/wp-content\/uploads\/sites\/5\/2024\/12\/villancico-5-1-300x169.jpeg 300w, https:\/\/cloud.alqueria.es\/wp-content\/uploads\/sites\/5\/2024\/12\/villancico-5-1-1024x576.jpeg 1024w, https:\/\/cloud.alqueria.es\/wp-content\/uploads\/sites\/5\/2024\/12\/villancico-5-1-768x432.jpeg 768w, https:\/\/cloud.alqueria.es\/wp-content\/uploads\/sites\/5\/2024\/12\/villancico-5-1-1536x864.jpeg 1536w\" sizes=\"(max-width: 2040px) 100vw, 2040px\" \/><\/p>\n<p>Sexto ha interpretado un villancico en franc\u00e9s, ingl\u00e9s, un baile y un villancico en castellano.<\/p>\n<p class=\"jetpack-slideshow-noscript robots-nocontent\">El pase de diapositivas requiere JavaScript.<\/p><div id=\"gallery-17199-5-slideshow\" class=\"jetpack-slideshow-window jetpack-slideshow jetpack-slideshow-black\" data-trans=\"fade\" data-autostart=\"1\" data-gallery=\"[{&quot;src&quot;:&quot;https:\\\/\\\/cloud.alqueria.es\\\/wp-content\\\/uploads\\\/sites\\\/5\\\/2024\\\/12\\\/PHOTO-2024-12-20-13-27-52-17.jpg&quot;,&quot;id&quot;:&quot;17249&quot;,&quot;title&quot;:&quot;PHOTO-2024-12-20-13-27-52 (17)&quot;,&quot;alt&quot;:&quot;&quot;,&quot;caption&quot;:&quot;&quot;,&quot;itemprop&quot;:&quot;image&quot;},{&quot;src&quot;:&quot;https:\\\/\\\/cloud.alqueria.es\\\/wp-content\\\/uploads\\\/sites\\\/5\\\/2024\\\/12\\\/PHOTO-2024-12-20-13-27-52-1.jpg&quot;,&quot;id&quot;:&quot;17245&quot;,&quot;title&quot;:&quot;PHOTO-2024-12-20-13-27-52 (1)&quot;,&quot;alt&quot;:&quot;&quot;,&quot;caption&quot;:&quot;&quot;,&quot;itemprop&quot;:&quot;image&quot;},{&quot;src&quot;:&quot;https:\\\/\\\/cloud.alqueria.es\\\/wp-content\\\/uploads\\\/sites\\\/5\\\/2024\\\/12\\\/PHOTO-2024-12-20-13-27-52.jpg&quot;,&quot;id&quot;:&quot;17250&quot;,&quot;title&quot;:&quot;PHOTO-2024-12-20-13-27-52&quot;,&quot;alt&quot;:&quot;&quot;,&quot;caption&quot;:&quot;&quot;,&quot;itemprop&quot;:&quot;image&quot;},{&quot;src&quot;:&quot;https:\\\/\\\/cloud.alqueria.es\\\/wp-content\\\/uploads\\\/sites\\\/5\\\/2024\\\/12\\\/PHOTO-2024-12-20-13-27-52-15.jpg&quot;,&quot;id&quot;:&quot;17248&quot;,&quot;title&quot;:&quot;PHOTO-2024-12-20-13-27-52 (15)&quot;,&quot;alt&quot;:&quot;&quot;,&quot;caption&quot;:&quot;&quot;,&quot;itemprop&quot;:&quot;image&quot;},{&quot;src&quot;:&quot;https:\\\/\\\/cloud.alqueria.es\\\/wp-content\\\/uploads\\\/sites\\\/5\\\/2024\\\/12\\\/PHOTO-2024-12-20-13-27-52-10.jpg&quot;,&quot;id&quot;:&quot;17246&quot;,&quot;title&quot;:&quot;PHOTO-2024-12-20-13-27-52 (10)&quot;,&quot;alt&quot;:&quot;&quot;,&quot;caption&quot;:&quot;&quot;,&quot;itemprop&quot;:&quot;image&quot;}]\" itemscope itemtype=\"https:\/\/schema.org\/ImageGallery\"><\/div>\n<p>Una vez hemos descansado y tomado la fruta, ha dado comienzo la Gymkana que preparan los profesores de pr\u00e1cticas.<\/p>\n<p><img decoding=\"async\" data-attachment-id=\"17254\" data-permalink=\"https:\/\/www.alqueria.es\/blogs\/colegioalqueriatercerciclo\/2024\/12\/20\/feliz-navidad-2025\/gymkana-2\/\" data-orig-file=\"https:\/\/cloud.alqueria.es\/wp-content\/uploads\/sites\/5\/2024\/12\/gymkana-2.jpeg\" data-orig-size=\"2040,1148\" data-comments-opened=\"1\" data-image-meta=\"{&quot;aperture&quot;:&quot;0&quot;,&quot;credit&quot;:&quot;&quot;,&quot;camera&quot;:&quot;&quot;,&quot;caption&quot;:&quot;&quot;,&quot;created_timestamp&quot;:&quot;0&quot;,&quot;copyright&quot;:&quot;&quot;,&quot;focal_length&quot;:&quot;0&quot;,&quot;iso&quot;:&quot;0&quot;,&quot;shutter_speed&quot;:&quot;0&quot;,&quot;title&quot;:&quot;&quot;,&quot;orientation&quot;:&quot;0&quot;}\" data-image-title=\"gymkana (2)\" data-image-description=\"\" data-image-caption=\"\" data-large-file=\"https:\/\/cloud.alqueria.es\/wp-content\/uploads\/sites\/5\/2024\/12\/gymkana-2-1024x576.jpeg\" class=\"alignnone size-full wp-image-17254\" src=\"https:\/\/cloud.alqueria.es\/wp-content\/uploads\/sites\/5\/2024\/12\/gymkana-2.jpeg\" alt=\"\" width=\"2040\" height=\"1148\" srcset=\"https:\/\/cloud.alqueria.es\/wp-content\/uploads\/sites\/5\/2024\/12\/gymkana-2.jpeg 2040w, https:\/\/cloud.alqueria.es\/wp-content\/uploads\/sites\/5\/2024\/12\/gymkana-2-300x169.jpeg 300w, https:\/\/cloud.alqueria.es\/wp-content\/uploads\/sites\/5\/2024\/12\/gymkana-2-1024x576.jpeg 1024w, https:\/\/cloud.alqueria.es\/wp-content\/uploads\/sites\/5\/2024\/12\/gymkana-2-768x432.jpeg 768w, https:\/\/cloud.alqueria.es\/wp-content\/uploads\/sites\/5\/2024\/12\/gymkana-2-1536x864.jpeg 1536w\" sizes=\"(max-width: 2040px) 100vw, 2040px\" \/><\/p>\n<p>El juego comienza al descubrir que falta uno de los renos\u2026 el peque\u00f1o Rudolf ha desaparecido. El Grinch lo ha secuestrado para arruinar la Navidad a todos, por lo que en el colegio entre todos deben encontrarlo. Pero sabemos que el Grinch ha puesto trampas para impedir su rescate, as\u00ed que hay que tener cuidado y trabajar en equipo.<\/p>\n<ol>\n<li>El reno mareado:\u00a0dos tres en raya a la vez. El juego trata de que, el primero de cada fila, da cinco vueltas sobre s\u00ed mismo, y echa a correr con un objeto en la mano, y lo coloca en un hueco del tres en raya que tienen en frente. Despu\u00e9s regresa corriendo a su fila y le choca la mano al siguiente, para que este repita el mismo proceso. Gana el grupo que consiga el tres en raya primero.<\/li>\n<li>Cadena navide\u00f1o): Nos dividiremos en dos grupos, y repartiremos un aro a cada uno de ellos, y los ni\u00f1os tendr\u00e1n que ir pas\u00e1ndolo desde el primero hasta el \u00faltimo, pasando por debajo de \u00e9l.<\/li>\n<li>Tiro al Grinch: Lanzamiento de bolas a los bolos en tres equipos.<\/li>\n<li>La caza del pa\u00f1uelo m\u00e1gico: El gran juego del pa\u00f1uelo en el jard\u00edn.<\/li>\n<li>Carrera de obst\u00e1culos navide\u00f1a: Prep\u00e1rense para una emocionante carrera, donde cada jugador deber\u00e1 de superar incre\u00edbles obst\u00e1culos. El objetivo es llevar al final del circuito y entregar el relevo al siguiente compa\u00f1ero.<\/li>\n<li>El baile del rescate: con m\u00fasica navide\u00f1a como banda sonora, los ni\u00f1os tendr\u00e1n que estar corriendo, bailando o saltando hasta que se pare la m\u00fasica. Cuando esta pare, tendr\u00e1n que correr a meterse dentro de los aros que habr\u00e1 colocados por el suelo.<\/li>\n<\/ol>\n<p>&nbsp;<\/p>\n<p class=\"jetpack-slideshow-noscript robots-nocontent\">El pase de diapositivas requiere JavaScript.<\/p><div id=\"gallery-17199-6-slideshow\" class=\"jetpack-slideshow-window jetpack-slideshow jetpack-slideshow-black\" data-trans=\"fade\" data-autostart=\"1\" data-gallery=\"[{&quot;src&quot;:&quot;https:\\\/\\\/cloud.alqueria.es\\\/wp-content\\\/uploads\\\/sites\\\/5\\\/2024\\\/12\\\/gymkana-3.jpeg&quot;,&quot;id&quot;:&quot;17255&quot;,&quot;title&quot;:&quot;gymkana (3)&quot;,&quot;alt&quot;:&quot;&quot;,&quot;caption&quot;:&quot;&quot;,&quot;itemprop&quot;:&quot;image&quot;},{&quot;src&quot;:&quot;https:\\\/\\\/cloud.alqueria.es\\\/wp-content\\\/uploads\\\/sites\\\/5\\\/2024\\\/12\\\/gymkana-4.jpeg&quot;,&quot;id&quot;:&quot;17256&quot;,&quot;title&quot;:&quot;gymkana (4)&quot;,&quot;alt&quot;:&quot;&quot;,&quot;caption&quot;:&quot;&quot;,&quot;itemprop&quot;:&quot;image&quot;},{&quot;src&quot;:&quot;https:\\\/\\\/cloud.alqueria.es\\\/wp-content\\\/uploads\\\/sites\\\/5\\\/2024\\\/12\\\/gymkana-5.jpeg&quot;,&quot;id&quot;:&quot;17257&quot;,&quot;title&quot;:&quot;gymkana (5)&quot;,&quot;alt&quot;:&quot;&quot;,&quot;caption&quot;:&quot;&quot;,&quot;itemprop&quot;:&quot;image&quot;},{&quot;src&quot;:&quot;https:\\\/\\\/cloud.alqueria.es\\\/wp-content\\\/uploads\\\/sites\\\/5\\\/2024\\\/12\\\/gymkana-6.jpeg&quot;,&quot;id&quot;:&quot;17258&quot;,&quot;title&quot;:&quot;gymkana (6)&quot;,&quot;alt&quot;:&quot;&quot;,&quot;caption&quot;:&quot;&quot;,&quot;itemprop&quot;:&quot;image&quot;},{&quot;src&quot;:&quot;https:\\\/\\\/cloud.alqueria.es\\\/wp-content\\\/uploads\\\/sites\\\/5\\\/2024\\\/12\\\/gymkana-7.jpeg&quot;,&quot;id&quot;:&quot;17259&quot;,&quot;title&quot;:&quot;gymkana (7)&quot;,&quot;alt&quot;:&quot;&quot;,&quot;caption&quot;:&quot;&quot;,&quot;itemprop&quot;:&quot;image&quot;},{&quot;src&quot;:&quot;https:\\\/\\\/cloud.alqueria.es\\\/wp-content\\\/uploads\\\/sites\\\/5\\\/2024\\\/12\\\/gymkana-8.jpeg&quot;,&quot;id&quot;:&quot;17260&quot;,&quot;title&quot;:&quot;gymkana (8)&quot;,&quot;alt&quot;:&quot;&quot;,&quot;caption&quot;:&quot;&quot;,&quot;itemprop&quot;:&quot;image&quot;},{&quot;src&quot;:&quot;https:\\\/\\\/cloud.alqueria.es\\\/wp-content\\\/uploads\\\/sites\\\/5\\\/2024\\\/12\\\/gymkana-9.jpeg&quot;,&quot;id&quot;:&quot;17261&quot;,&quot;title&quot;:&quot;gymkana (9)&quot;,&quot;alt&quot;:&quot;&quot;,&quot;caption&quot;:&quot;&quot;,&quot;itemprop&quot;:&quot;image&quot;},{&quot;src&quot;:&quot;https:\\\/\\\/cloud.alqueria.es\\\/wp-content\\\/uploads\\\/sites\\\/5\\\/2024\\\/12\\\/gymkana-1.jpeg&quot;,&quot;id&quot;:&quot;17262&quot;,&quot;title&quot;:&quot;gymkana (1)&quot;,&quot;alt&quot;:&quot;&quot;,&quot;caption&quot;:&quot;&quot;,&quot;itemprop&quot;:&quot;image&quot;},{&quot;src&quot;:&quot;https:\\\/\\\/cloud.alqueria.es\\\/wp-content\\\/uploads\\\/sites\\\/5\\\/2024\\\/12\\\/PHOTO-2024-12-20-14-28-28.jpg&quot;,&quot;id&quot;:&quot;17264&quot;,&quot;title&quot;:&quot;PHOTO-2024-12-20-14-28-28&quot;,&quot;alt&quot;:&quot;&quot;,&quot;caption&quot;:&quot;&quot;,&quot;itemprop&quot;:&quot;image&quot;},{&quot;src&quot;:&quot;https:\\\/\\\/cloud.alqueria.es\\\/wp-content\\\/uploads\\\/sites\\\/5\\\/2024\\\/12\\\/PHOTO-2024-12-20-14-28-29.jpg&quot;,&quot;id&quot;:&quot;17265&quot;,&quot;title&quot;:&quot;PHOTO-2024-12-20-14-28-29&quot;,&quot;alt&quot;:&quot;&quot;,&quot;caption&quot;:&quot;&quot;,&quot;itemprop&quot;:&quot;image&quot;},{&quot;src&quot;:&quot;https:\\\/\\\/cloud.alqueria.es\\\/wp-content\\\/uploads\\\/sites\\\/5\\\/2024\\\/12\\\/PHOTO-2024-12-20-14-28-30.jpg&quot;,&quot;id&quot;:&quot;17266&quot;,&quot;title&quot;:&quot;PHOTO-2024-12-20-14-28-30&quot;,&quot;alt&quot;:&quot;&quot;,&quot;caption&quot;:&quot;&quot;,&quot;itemprop&quot;:&quot;image&quot;}]\" itemscope itemtype=\"https:\/\/schema.org\/ImageGallery\"><\/div>\n<p>Estas vacaciones os deseamos que disfrut\u00e9is con vuestras familias y amigos. Es un punto y seguido, el 7 de enero \u00a0esperamos seguir trabajando en esta l\u00ednea, manteniendo todo aquello que nos ha ido fenomenal y superando los nuevos retos que les propondremos en los siguientes meses. Os esperamos cargados de energ\u00eda, motivaci\u00f3n y ganas de seguir aprendiendo.<\/p>\n<p><img decoding=\"async\" data-attachment-id=\"17243\" data-permalink=\"https:\/\/www.alqueria.es\/blogs\/colegioalqueriatercerciclo\/2024\/12\/20\/feliz-navidad-2025\/photo-2024-12-19-14-30-28-4\/\" data-orig-file=\"https:\/\/cloud.alqueria.es\/wp-content\/uploads\/sites\/5\/2024\/12\/PHOTO-2024-12-19-14-30-28-4.jpg\" data-orig-size=\"1200,1600\" data-comments-opened=\"1\" data-image-meta=\"{&quot;aperture&quot;:&quot;0&quot;,&quot;credit&quot;:&quot;&quot;,&quot;camera&quot;:&quot;&quot;,&quot;caption&quot;:&quot;&quot;,&quot;created_timestamp&quot;:&quot;0&quot;,&quot;copyright&quot;:&quot;&quot;,&quot;focal_length&quot;:&quot;0&quot;,&quot;iso&quot;:&quot;0&quot;,&quot;shutter_speed&quot;:&quot;0&quot;,&quot;title&quot;:&quot;&quot;,&quot;orientation&quot;:&quot;0&quot;}\" data-image-title=\"PHOTO-2024-12-19-14-30-28 (4)\" data-image-description=\"\" data-image-caption=\"\" data-large-file=\"https:\/\/cloud.alqueria.es\/wp-content\/uploads\/sites\/5\/2024\/12\/PHOTO-2024-12-19-14-30-28-4-768x1024.jpg\" class=\"alignnone size-full wp-image-17243\" src=\"https:\/\/cloud.alqueria.es\/wp-content\/uploads\/sites\/5\/2024\/12\/PHOTO-2024-12-19-14-30-28-4.jpg\" alt=\"\" width=\"1200\" height=\"1600\" srcset=\"https:\/\/cloud.alqueria.es\/wp-content\/uploads\/sites\/5\/2024\/12\/PHOTO-2024-12-19-14-30-28-4.jpg 1200w, https:\/\/cloud.alqueria.es\/wp-content\/uploads\/sites\/5\/2024\/12\/PHOTO-2024-12-19-14-30-28-4-225x300.jpg 225w, https:\/\/cloud.alqueria.es\/wp-content\/uploads\/sites\/5\/2024\/12\/PHOTO-2024-12-19-14-30-28-4-768x1024.jpg 768w, https:\/\/cloud.alqueria.es\/wp-content\/uploads\/sites\/5\/2024\/12\/PHOTO-2024-12-19-14-30-28-4-1152x1536.jpg 1152w\" sizes=\"(max-width: 1200px) 100vw, 1200px\" \/><\/p>\n<p>Isabel y Jorge<\/p>\n","protected":false},"excerpt":{"rendered":"<p>Nuestro fin de trimestre comenz\u00f3 ayer jueves con una comida especial a la que asistieron con sus mejores galas el alumnado de Primaria. De men\u00fa tomaron: Tramezzino, sopa de estrellitas, patatas fritas y carne en salsa y mantecados. Todo adornado con velas y motivos navide\u00f1os. De postre degustaron unas ricas galletas realizadas en el taller &hellip; <a href=\"https:\/\/www.alqueria.es\/blogs\/colegioalqueriatercerciclo\/2024\/12\/20\/feliz-navidad-2025\/\" class=\"more-link\">Seguir leyendo <span class=\"screen-reader-text\">Feliz Navidad 2025<\/span> <span class=\"meta-nav\">&rarr;<\/span><\/a><\/p>\n","protected":false},"author":9,"featured_media":0,"comment_status":"open","ping_status":"open","sticky":false,"template":"","format":"standard","meta":{"jetpack_post_was_ever_published":false,"_jetpack_newsletter_access":"","_jetpack_dont_email_post_to_subs":false,"_jetpack_newsletter_tier_id":0,"_jetpack_memberships_contains_paywalled_content":false,"_jetpack_memberships_contains_paid_content":false,"footnotes":"","jetpack_publicize_message":"","jetpack_publicize_feature_enabled":true,"jetpack_social_post_already_shared":true,"jetpack_social_options":{"image_generator_settings":{"template":"highway","default_image_id":0,"font":"","enabled":false},"version":2}},"categories":[2,3],"tags":[156,325,68,179,180],"class_list":["post-17199","post","type-post","status-publish","format-standard","hentry","category-5o-epo","category-6o-epo","tag-fin-de-trimestre","tag-informacion-a-familias","tag-navidad","tag-semanario-5o","tag-semanario-6o"],"jetpack_publicize_connections":[],"jetpack_featured_media_url":"","jetpack_sharing_enabled":true,"jetpack_shortlink":"https:\/\/wp.me\/p4l4AW-4tp","jetpack-related-posts":[],"_links":{"self":[{"href":"https:\/\/www.alqueria.es\/blogs\/colegioalqueriatercerciclo\/wp-json\/wp\/v2\/posts\/17199","targetHints":{"allow":["GET"]}}],"collection":[{"href":"https:\/\/www.alqueria.es\/blogs\/colegioalqueriatercerciclo\/wp-json\/wp\/v2\/posts"}],"about":[{"href":"https:\/\/www.alqueria.es\/blogs\/colegioalqueriatercerciclo\/wp-json\/wp\/v2\/types\/post"}],"author":[{"embeddable":true,"href":"https:\/\/www.alqueria.es\/blogs\/colegioalqueriatercerciclo\/wp-json\/wp\/v2\/users\/9"}],"replies":[{"embeddable":true,"href":"https:\/\/www.alqueria.es\/blogs\/colegioalqueriatercerciclo\/wp-json\/wp\/v2\/comments?post=17199"}],"version-history":[{"count":9,"href":"https:\/\/www.alqueria.es\/blogs\/colegioalqueriatercerciclo\/wp-json\/wp\/v2\/posts\/17199\/revisions"}],"predecessor-version":[{"id":17267,"href":"https:\/\/www.alqueria.es\/blogs\/colegioalqueriatercerciclo\/wp-json\/wp\/v2\/posts\/17199\/revisions\/17267"}],"wp:attachment":[{"href":"https:\/\/www.alqueria.es\/blogs\/colegioalqueriatercerciclo\/wp-json\/wp\/v2\/media?parent=17199"}],"wp:term":[{"taxonomy":"category","embeddable":true,"href":"https:\/\/www.alqueria.es\/blogs\/colegioalqueriatercerciclo\/wp-json\/wp\/v2\/categories?post=17199"},{"taxonomy":"post_tag","embeddable":true,"href":"https:\/\/www.alqueria.es\/blogs\/colegioalqueriatercerciclo\/wp-json\/wp\/v2\/tags?post=17199"}],"curies":[{"name":"wp","href":"https:\/\/api.w.org\/{rel}","templated":true}]}}