{"id":17288,"date":"2025-01-12T18:57:02","date_gmt":"2025-01-12T17:57:02","guid":{"rendered":"https:\/\/www.alqueria.es\/blogs\/colegioalqueriatercerciclo\/?p=17288"},"modified":"2025-01-12T18:57:02","modified_gmt":"2025-01-12T17:57:02","slug":"el-camino-de-sexto-por-el-segundo-trimestre","status":"publish","type":"post","link":"https:\/\/www.alqueria.es\/blogs\/colegioalqueriatercerciclo\/2025\/01\/12\/el-camino-de-sexto-por-el-segundo-trimestre\/","title":{"rendered":"El camino de sexto por el segundo trimestre"},"content":{"rendered":"<p>Estimadas familias, volvemos al trabajo y continuamos el desarrollo del trabajo en sexto de primaria,\u00a0tras unas semanas de descanso con nuevas ideas y objetivos en estos meses.<\/p>\n<p>Empezamos la semana cont\u00e1ndonos las vacaciones, los reyes, cabalgatas, regalos y visitas a distintos lugares disfrutando en familia. Hacemos una breve exposici\u00f3n de los prop\u00f3sitos y objetivos que nos marcamos en este inicio del trimestre, estableciendo en todos ellos la autoexigencia en la mejora continua, la responsabilidad en nuestras tareas y la mejora en las relaciones sociales.<\/p>\n<p>Tambi\u00e9n retomamos los proyectos de clase para este segundo tramo de nuestro viaje por sexto. Esos nuevos proyectos engloban el D\u00eda de la Paz y No Violencia, la Semana Cultural, Salidas y Visitas como parte de nuestro trabajo curricular, el Carnaval, D\u00eda de Andaluc\u00eda y nuestras conferencias de clase.<\/p>\n<p>En matem\u00e1ticas hemos retomado el trabajo sobre los numeros enteros. Aparecen operaciones de suma, resta, multiplicaci\u00f3n y divisi\u00f3n de forma aislada y combinadas. Tambi\u00e9n introducimos sesi\u00f3n de resoluci\u00f3n de problemas.<\/p>\n<p>En lengua, en el apartado de gram\u00e1tica, nos centramos en el estudio de los verbos: tiempos, modos, formas\u2026. Haremos un repaso de todo lo trabajado el curso pasado, asentando contenidos y ampli\u00e1ndolos un poco, sobre todo en el modo subjuntivo. Como siempre en classroom tienen toda la informaci\u00f3n de lo que vamos trabajando en clase, para consultar y trabajar.<\/p>\n<p>Tambi\u00e9n hemos retomado la Lectura compartida con tercero. Esta semana el alumnado de tercero ha le\u00eddo peque\u00f1as lecturas y el alumnado de sexto les ha ayudado con el vocabulario, revisando la entonaci\u00f3n y el ritmo de lectura.<\/p>\n<p class=\"jetpack-slideshow-noscript robots-nocontent\">El pase de diapositivas requiere JavaScript.<\/p><div id=\"gallery-17288-1-slideshow\" class=\"jetpack-slideshow-window jetpack-slideshow jetpack-slideshow-black\" data-trans=\"fade\" data-autostart=\"1\" data-gallery=\"[{&quot;src&quot;:&quot;https:\\\/\\\/cloud.alqueria.es\\\/wp-content\\\/uploads\\\/sites\\\/5\\\/2025\\\/01\\\/PHOTO-2025-01-12-18-26-59-1.jpg&quot;,&quot;id&quot;:&quot;17289&quot;,&quot;title&quot;:&quot;PHOTO-2025-01-12-18-26-59 (1)&quot;,&quot;alt&quot;:&quot;&quot;,&quot;caption&quot;:&quot;&quot;,&quot;itemprop&quot;:&quot;image&quot;},{&quot;src&quot;:&quot;https:\\\/\\\/cloud.alqueria.es\\\/wp-content\\\/uploads\\\/sites\\\/5\\\/2025\\\/01\\\/PHOTO-2025-01-12-18-26-59-2.jpg&quot;,&quot;id&quot;:&quot;17290&quot;,&quot;title&quot;:&quot;PHOTO-2025-01-12-18-26-59 (2)&quot;,&quot;alt&quot;:&quot;&quot;,&quot;caption&quot;:&quot;&quot;,&quot;itemprop&quot;:&quot;image&quot;},{&quot;src&quot;:&quot;https:\\\/\\\/cloud.alqueria.es\\\/wp-content\\\/uploads\\\/sites\\\/5\\\/2025\\\/01\\\/PHOTO-2025-01-12-18-26-59-3.jpg&quot;,&quot;id&quot;:&quot;17291&quot;,&quot;title&quot;:&quot;PHOTO-2025-01-12-18-26-59 (3)&quot;,&quot;alt&quot;:&quot;&quot;,&quot;caption&quot;:&quot;&quot;,&quot;itemprop&quot;:&quot;image&quot;},{&quot;src&quot;:&quot;https:\\\/\\\/cloud.alqueria.es\\\/wp-content\\\/uploads\\\/sites\\\/5\\\/2025\\\/01\\\/PHOTO-2025-01-12-18-26-59-4.jpg&quot;,&quot;id&quot;:&quot;17292&quot;,&quot;title&quot;:&quot;PHOTO-2025-01-12-18-26-59 (4)&quot;,&quot;alt&quot;:&quot;&quot;,&quot;caption&quot;:&quot;&quot;,&quot;itemprop&quot;:&quot;image&quot;},{&quot;src&quot;:&quot;https:\\\/\\\/cloud.alqueria.es\\\/wp-content\\\/uploads\\\/sites\\\/5\\\/2025\\\/01\\\/PHOTO-2025-01-12-18-26-59-5.jpg&quot;,&quot;id&quot;:&quot;17293&quot;,&quot;title&quot;:&quot;PHOTO-2025-01-12-18-26-59 (5)&quot;,&quot;alt&quot;:&quot;&quot;,&quot;caption&quot;:&quot;&quot;,&quot;itemprop&quot;:&quot;image&quot;},{&quot;src&quot;:&quot;https:\\\/\\\/cloud.alqueria.es\\\/wp-content\\\/uploads\\\/sites\\\/5\\\/2025\\\/01\\\/PHOTO-2025-01-12-18-26-59-6.jpg&quot;,&quot;id&quot;:&quot;17294&quot;,&quot;title&quot;:&quot;PHOTO-2025-01-12-18-26-59 (6)&quot;,&quot;alt&quot;:&quot;&quot;,&quot;caption&quot;:&quot;&quot;,&quot;itemprop&quot;:&quot;image&quot;},{&quot;src&quot;:&quot;https:\\\/\\\/cloud.alqueria.es\\\/wp-content\\\/uploads\\\/sites\\\/5\\\/2025\\\/01\\\/PHOTO-2025-01-12-18-26-59-8.jpg&quot;,&quot;id&quot;:&quot;17295&quot;,&quot;title&quot;:&quot;PHOTO-2025-01-12-18-26-59 (8)&quot;,&quot;alt&quot;:&quot;&quot;,&quot;caption&quot;:&quot;&quot;,&quot;itemprop&quot;:&quot;image&quot;},{&quot;src&quot;:&quot;https:\\\/\\\/cloud.alqueria.es\\\/wp-content\\\/uploads\\\/sites\\\/5\\\/2025\\\/01\\\/PHOTO-2025-01-12-18-26-59-9.jpg&quot;,&quot;id&quot;:&quot;17296&quot;,&quot;title&quot;:&quot;PHOTO-2025-01-12-18-26-59 (9)&quot;,&quot;alt&quot;:&quot;&quot;,&quot;caption&quot;:&quot;&quot;,&quot;itemprop&quot;:&quot;image&quot;},{&quot;src&quot;:&quot;https:\\\/\\\/cloud.alqueria.es\\\/wp-content\\\/uploads\\\/sites\\\/5\\\/2025\\\/01\\\/PHOTO-2025-01-12-18-26-59-11.jpg&quot;,&quot;id&quot;:&quot;17297&quot;,&quot;title&quot;:&quot;PHOTO-2025-01-12-18-26-59 (11)&quot;,&quot;alt&quot;:&quot;&quot;,&quot;caption&quot;:&quot;&quot;,&quot;itemprop&quot;:&quot;image&quot;},{&quot;src&quot;:&quot;https:\\\/\\\/cloud.alqueria.es\\\/wp-content\\\/uploads\\\/sites\\\/5\\\/2025\\\/01\\\/PHOTO-2025-01-12-18-26-59-12.jpg&quot;,&quot;id&quot;:&quot;17298&quot;,&quot;title&quot;:&quot;PHOTO-2025-01-12-18-26-59 (12)&quot;,&quot;alt&quot;:&quot;&quot;,&quot;caption&quot;:&quot;&quot;,&quot;itemprop&quot;:&quot;image&quot;},{&quot;src&quot;:&quot;https:\\\/\\\/cloud.alqueria.es\\\/wp-content\\\/uploads\\\/sites\\\/5\\\/2025\\\/01\\\/PHOTO-2025-01-12-18-26-59-13.jpg&quot;,&quot;id&quot;:&quot;17299&quot;,&quot;title&quot;:&quot;PHOTO-2025-01-12-18-26-59 (13)&quot;,&quot;alt&quot;:&quot;&quot;,&quot;caption&quot;:&quot;&quot;,&quot;itemprop&quot;:&quot;image&quot;},{&quot;src&quot;:&quot;https:\\\/\\\/cloud.alqueria.es\\\/wp-content\\\/uploads\\\/sites\\\/5\\\/2025\\\/01\\\/PHOTO-2025-01-12-18-26-59-15.jpg&quot;,&quot;id&quot;:&quot;17300&quot;,&quot;title&quot;:&quot;PHOTO-2025-01-12-18-26-59 (15)&quot;,&quot;alt&quot;:&quot;&quot;,&quot;caption&quot;:&quot;&quot;,&quot;itemprop&quot;:&quot;image&quot;},{&quot;src&quot;:&quot;https:\\\/\\\/cloud.alqueria.es\\\/wp-content\\\/uploads\\\/sites\\\/5\\\/2025\\\/01\\\/PHOTO-2025-01-12-18-26-59-16.jpg&quot;,&quot;id&quot;:&quot;17301&quot;,&quot;title&quot;:&quot;PHOTO-2025-01-12-18-26-59 (16)&quot;,&quot;alt&quot;:&quot;&quot;,&quot;caption&quot;:&quot;&quot;,&quot;itemprop&quot;:&quot;image&quot;}]\" itemscope itemtype=\"https:\/\/schema.org\/ImageGallery\"><\/div>\n<p>En el \u00e1rea de Ciencias ha comenzado nuestro trabajo sobre el cuerpo humano\u00a0 utilizando la gamificaci\u00f3n como veh\u00edculo para aprender de forma l\u00fadica. En las pr\u00f3ximas semanas se desarrollar\u00e1 este proyecto que incluye distintas misiones para llegar al final del proyecto.<\/p>\n<p><img decoding=\"async\" data-attachment-id=\"17302\" data-permalink=\"https:\/\/www.alqueria.es\/blogs\/colegioalqueriatercerciclo\/2025\/01\/12\/el-camino-de-sexto-por-el-segundo-trimestre\/photo-2025-01-12-18-27-26\/\" data-orig-file=\"https:\/\/cloud.alqueria.es\/wp-content\/uploads\/sites\/5\/2025\/01\/PHOTO-2025-01-12-18-27-26.jpg\" data-orig-size=\"1200,1600\" data-comments-opened=\"1\" data-image-meta=\"{&quot;aperture&quot;:&quot;0&quot;,&quot;credit&quot;:&quot;&quot;,&quot;camera&quot;:&quot;&quot;,&quot;caption&quot;:&quot;&quot;,&quot;created_timestamp&quot;:&quot;0&quot;,&quot;copyright&quot;:&quot;&quot;,&quot;focal_length&quot;:&quot;0&quot;,&quot;iso&quot;:&quot;0&quot;,&quot;shutter_speed&quot;:&quot;0&quot;,&quot;title&quot;:&quot;&quot;,&quot;orientation&quot;:&quot;0&quot;}\" data-image-title=\"PHOTO-2025-01-12-18-27-26\" data-image-description=\"\" data-image-caption=\"\" data-large-file=\"https:\/\/cloud.alqueria.es\/wp-content\/uploads\/sites\/5\/2025\/01\/PHOTO-2025-01-12-18-27-26-768x1024.jpg\" class=\"aligncenter wp-image-17302 size-large\" src=\"https:\/\/cloud.alqueria.es\/wp-content\/uploads\/sites\/5\/2025\/01\/PHOTO-2025-01-12-18-27-26-768x1024.jpg\" alt=\"\" width=\"474\" height=\"632\" srcset=\"https:\/\/cloud.alqueria.es\/wp-content\/uploads\/sites\/5\/2025\/01\/PHOTO-2025-01-12-18-27-26-768x1024.jpg 768w, https:\/\/cloud.alqueria.es\/wp-content\/uploads\/sites\/5\/2025\/01\/PHOTO-2025-01-12-18-27-26-225x300.jpg 225w, https:\/\/cloud.alqueria.es\/wp-content\/uploads\/sites\/5\/2025\/01\/PHOTO-2025-01-12-18-27-26-1152x1536.jpg 1152w, https:\/\/cloud.alqueria.es\/wp-content\/uploads\/sites\/5\/2025\/01\/PHOTO-2025-01-12-18-27-26.jpg 1200w\" sizes=\"(max-width: 474px) 100vw, 474px\" \/><\/p>\n<p>Por otra parte tambi\u00e9n se ha retomado el trabajo de la Patrulla medioambiental. Esta semana la hemos dedicado a trabajar en el jard\u00edn para recoger todas las hojas que se han ca\u00eddo de nuestros \u00e1rboles.<\/p>\n<p class=\"jetpack-slideshow-noscript robots-nocontent\">El pase de diapositivas requiere JavaScript.<\/p><div id=\"gallery-17288-2-slideshow\" class=\"jetpack-slideshow-window jetpack-slideshow jetpack-slideshow-black\" data-trans=\"fade\" data-autostart=\"1\" data-gallery=\"[{&quot;src&quot;:&quot;https:\\\/\\\/cloud.alqueria.es\\\/wp-content\\\/uploads\\\/sites\\\/5\\\/2025\\\/01\\\/PHOTO-2025-01-10-11-55-19-1.jpg&quot;,&quot;id&quot;:&quot;17303&quot;,&quot;title&quot;:&quot;PHOTO-2025-01-10-11-55-19 (1)&quot;,&quot;alt&quot;:&quot;&quot;,&quot;caption&quot;:&quot;&quot;,&quot;itemprop&quot;:&quot;image&quot;},{&quot;src&quot;:&quot;https:\\\/\\\/cloud.alqueria.es\\\/wp-content\\\/uploads\\\/sites\\\/5\\\/2025\\\/01\\\/PHOTO-2025-01-10-11-55-19.jpg&quot;,&quot;id&quot;:&quot;17304&quot;,&quot;title&quot;:&quot;PHOTO-2025-01-10-11-55-19&quot;,&quot;alt&quot;:&quot;&quot;,&quot;caption&quot;:&quot;&quot;,&quot;itemprop&quot;:&quot;image&quot;},{&quot;src&quot;:&quot;https:\\\/\\\/cloud.alqueria.es\\\/wp-content\\\/uploads\\\/sites\\\/5\\\/2025\\\/01\\\/PHOTO-2025-01-10-11-55-20-1.jpg&quot;,&quot;id&quot;:&quot;17305&quot;,&quot;title&quot;:&quot;PHOTO-2025-01-10-11-55-20 (1)&quot;,&quot;alt&quot;:&quot;&quot;,&quot;caption&quot;:&quot;&quot;,&quot;itemprop&quot;:&quot;image&quot;},{&quot;src&quot;:&quot;https:\\\/\\\/cloud.alqueria.es\\\/wp-content\\\/uploads\\\/sites\\\/5\\\/2025\\\/01\\\/PHOTO-2025-01-10-11-55-20.jpg&quot;,&quot;id&quot;:&quot;17306&quot;,&quot;title&quot;:&quot;PHOTO-2025-01-10-11-55-20&quot;,&quot;alt&quot;:&quot;&quot;,&quot;caption&quot;:&quot;&quot;,&quot;itemprop&quot;:&quot;image&quot;}]\" itemscope itemtype=\"https:\/\/schema.org\/ImageGallery\"><\/div>\n<p>En \u00e9tica continuaremos trabajando la inteligencia emocional, interpersonal e intrapersonal, mediante videoforum, role-playing, analizando las situaciones de la convivencia diaria en el aula, viendo como cada uno puedo ir mejorando en aquellos aspectos que por ahora no son nuestro punto fuerte. Iniciamos las sesiones de mindfulness y trabajo de atenci\u00f3n plena que nos ayuda a conocernos m\u00e1s y mejor.<\/p>\n<p>Por \u00faltimo tambi\u00e9n se han retomado los Talleres Psicopedag\u00f3gicos con la primera sesi\u00f3n de Habilidades Sociales que iremos alternando con sesiones del Taller afectivo Sexual.<\/p>\n<p>Isabel<\/p>\n","protected":false},"excerpt":{"rendered":"<p>Estimadas familias, volvemos al trabajo y continuamos el desarrollo del trabajo en sexto de primaria,\u00a0tras unas semanas de descanso con nuevas ideas y objetivos en estos meses. Empezamos la semana cont\u00e1ndonos las vacaciones, los reyes, cabalgatas, regalos y visitas a distintos lugares disfrutando en familia. Hacemos una breve exposici\u00f3n de los prop\u00f3sitos y objetivos que &hellip; <a href=\"https:\/\/www.alqueria.es\/blogs\/colegioalqueriatercerciclo\/2025\/01\/12\/el-camino-de-sexto-por-el-segundo-trimestre\/\" class=\"more-link\">Seguir leyendo <span class=\"screen-reader-text\">El camino de sexto por el segundo trimestre<\/span> <span class=\"meta-nav\">&rarr;<\/span><\/a><\/p>\n","protected":false},"author":9,"featured_media":0,"comment_status":"open","ping_status":"open","sticky":false,"template":"","format":"standard","meta":{"jetpack_post_was_ever_published":false,"_jetpack_newsletter_access":"","_jetpack_dont_email_post_to_subs":false,"_jetpack_newsletter_tier_id":0,"_jetpack_memberships_contains_paywalled_content":false,"_jetpack_memberships_contains_paid_content":false,"footnotes":"","jetpack_publicize_message":"","jetpack_publicize_feature_enabled":true,"jetpack_social_post_already_shared":true,"jetpack_social_options":{"image_generator_settings":{"template":"highway","default_image_id":0,"font":"","enabled":false},"version":2}},"categories":[3,15],"tags":[325],"class_list":["post-17288","post","type-post","status-publish","format-standard","hentry","category-6o-epo","category-semanario-6o","tag-informacion-a-familias"],"jetpack_publicize_connections":[],"jetpack_featured_media_url":"","jetpack_sharing_enabled":true,"jetpack_shortlink":"https:\/\/wp.me\/p4l4AW-4uQ","jetpack-related-posts":[],"_links":{"self":[{"href":"https:\/\/www.alqueria.es\/blogs\/colegioalqueriatercerciclo\/wp-json\/wp\/v2\/posts\/17288","targetHints":{"allow":["GET"]}}],"collection":[{"href":"https:\/\/www.alqueria.es\/blogs\/colegioalqueriatercerciclo\/wp-json\/wp\/v2\/posts"}],"about":[{"href":"https:\/\/www.alqueria.es\/blogs\/colegioalqueriatercerciclo\/wp-json\/wp\/v2\/types\/post"}],"author":[{"embeddable":true,"href":"https:\/\/www.alqueria.es\/blogs\/colegioalqueriatercerciclo\/wp-json\/wp\/v2\/users\/9"}],"replies":[{"embeddable":true,"href":"https:\/\/www.alqueria.es\/blogs\/colegioalqueriatercerciclo\/wp-json\/wp\/v2\/comments?post=17288"}],"version-history":[{"count":1,"href":"https:\/\/www.alqueria.es\/blogs\/colegioalqueriatercerciclo\/wp-json\/wp\/v2\/posts\/17288\/revisions"}],"predecessor-version":[{"id":17307,"href":"https:\/\/www.alqueria.es\/blogs\/colegioalqueriatercerciclo\/wp-json\/wp\/v2\/posts\/17288\/revisions\/17307"}],"wp:attachment":[{"href":"https:\/\/www.alqueria.es\/blogs\/colegioalqueriatercerciclo\/wp-json\/wp\/v2\/media?parent=17288"}],"wp:term":[{"taxonomy":"category","embeddable":true,"href":"https:\/\/www.alqueria.es\/blogs\/colegioalqueriatercerciclo\/wp-json\/wp\/v2\/categories?post=17288"},{"taxonomy":"post_tag","embeddable":true,"href":"https:\/\/www.alqueria.es\/blogs\/colegioalqueriatercerciclo\/wp-json\/wp\/v2\/tags?post=17288"}],"curies":[{"name":"wp","href":"https:\/\/api.w.org\/{rel}","templated":true}]}}