{"id":17401,"date":"2025-03-08T23:28:14","date_gmt":"2025-03-08T22:28:14","guid":{"rendered":"https:\/\/www.alqueria.es\/blogs\/colegioalqueriatercerciclo\/?p=17401"},"modified":"2025-03-08T23:28:14","modified_gmt":"2025-03-08T22:28:14","slug":"trabajo-en-equipo","status":"publish","type":"post","link":"https:\/\/www.alqueria.es\/blogs\/colegioalqueriatercerciclo\/2025\/03\/08\/trabajo-en-equipo\/","title":{"rendered":"Trabajo en equipo"},"content":{"rendered":"<p data-start=\"126\" data-end=\"613\">Estimadas familias de quinto.<\/p>\n<p data-start=\"126\" data-end=\"613\">En las \u00faltimas semanas, hemos tenido una serie de actividades que han marcado nuestra din\u00e1mica de clase durante este segundo trimestre. Hemos compartido conferencias educativas, trabajado en nuestro proyecto de emprendimiento, lecturas compartidas, semana cultural y carnaval. Adem\u00e1s, avanzamos en el contenido de las fracciones y realizado diversas din\u00e1micas de grupo que nos han permitido seguir fortaleciendo el trabajo en equipo.<\/p>\n<p data-start=\"615\" data-end=\"888\">Cada una de estas experiencias ha sido muy enriquecedora para nuestros estudiantes, quienes contin\u00faan desarrollando tanto sus conocimientos como sus habilidades sociales. Agradecemos su apoyo constante y los invitamos a seguir acompa\u00f1\u00e1ndonos en este proceso de aprendizaje.<\/p>\n<p><span style=\"color: #0000ff\"><strong>Conferencias<\/strong><\/span><\/p>\n<p>En este periodo, se han desarrollado diversas conferencias que vienen a ofrecernos diversos contenidos para trabajar en el aula. Las tem\u00e1ticas fueron las siguientes:<\/p>\n<ul>\n<li>Las 7 maravillas del mundo. Laura.<\/li>\n<li>La selva de Yucat\u00e1n. V\u00edctor.<\/li>\n<li>Dinamarca. Christian.<\/li>\n<li>Los g\u00e9iseres. In\u00e9s.<\/li>\n<li>La fotograf\u00eda. Silvia.<\/li>\n<li>Historia de la escritura. Nacho.<\/li>\n<li>Ib\u00e1\u00f1ez, el c\u00f3mic. Silas.<\/li>\n<li>La materia. Claudio.<\/li>\n<li>Aparatos aerodin\u00e1micos. Al\u00e9n.<\/li>\n<li>Los imanes. Antonio.<\/li>\n<\/ul>\n<p class=\"jetpack-slideshow-noscript robots-nocontent\">El pase de diapositivas requiere JavaScript.<\/p><div id=\"gallery-17401-1-slideshow\" class=\"jetpack-slideshow-window jetpack-slideshow jetpack-slideshow-black\" data-trans=\"fade\" data-autostart=\"1\" data-gallery=\"[{&quot;src&quot;:&quot;https:\\\/\\\/cloud.alqueria.es\\\/wp-content\\\/uploads\\\/sites\\\/5\\\/2025\\\/01\\\/enero-confe-y-equipo-1.jpeg&quot;,&quot;id&quot;:&quot;17402&quot;,&quot;title&quot;:&quot;enero confe y equipo (1)&quot;,&quot;alt&quot;:&quot;&quot;,&quot;caption&quot;:&quot;&quot;,&quot;itemprop&quot;:&quot;image&quot;},{&quot;src&quot;:&quot;https:\\\/\\\/cloud.alqueria.es\\\/wp-content\\\/uploads\\\/sites\\\/5\\\/2025\\\/01\\\/enero-confe-y-equipo-2.jpeg&quot;,&quot;id&quot;:&quot;17403&quot;,&quot;title&quot;:&quot;enero confe y equipo (2)&quot;,&quot;alt&quot;:&quot;&quot;,&quot;caption&quot;:&quot;&quot;,&quot;itemprop&quot;:&quot;image&quot;},{&quot;src&quot;:&quot;https:\\\/\\\/cloud.alqueria.es\\\/wp-content\\\/uploads\\\/sites\\\/5\\\/2025\\\/01\\\/enero-confe-y-equipo-4.jpeg&quot;,&quot;id&quot;:&quot;17404&quot;,&quot;title&quot;:&quot;enero confe y equipo (4)&quot;,&quot;alt&quot;:&quot;&quot;,&quot;caption&quot;:&quot;&quot;,&quot;itemprop&quot;:&quot;image&quot;},{&quot;src&quot;:&quot;https:\\\/\\\/cloud.alqueria.es\\\/wp-content\\\/uploads\\\/sites\\\/5\\\/2025\\\/03\\\/conferencia-5-1.jpeg&quot;,&quot;id&quot;:&quot;17776&quot;,&quot;title&quot;:&quot;conferencia 5 (1)&quot;,&quot;alt&quot;:&quot;&quot;,&quot;caption&quot;:&quot;&quot;,&quot;itemprop&quot;:&quot;image&quot;},{&quot;src&quot;:&quot;https:\\\/\\\/cloud.alqueria.es\\\/wp-content\\\/uploads\\\/sites\\\/5\\\/2025\\\/03\\\/conferencia-5-2.jpeg&quot;,&quot;id&quot;:&quot;17777&quot;,&quot;title&quot;:&quot;conferencia 5 (2)&quot;,&quot;alt&quot;:&quot;&quot;,&quot;caption&quot;:&quot;&quot;,&quot;itemprop&quot;:&quot;image&quot;},{&quot;src&quot;:&quot;https:\\\/\\\/cloud.alqueria.es\\\/wp-content\\\/uploads\\\/sites\\\/5\\\/2025\\\/03\\\/conferencia-5-3.jpeg&quot;,&quot;id&quot;:&quot;17778&quot;,&quot;title&quot;:&quot;conferencia 5 (3)&quot;,&quot;alt&quot;:&quot;&quot;,&quot;caption&quot;:&quot;&quot;,&quot;itemprop&quot;:&quot;image&quot;},{&quot;src&quot;:&quot;https:\\\/\\\/cloud.alqueria.es\\\/wp-content\\\/uploads\\\/sites\\\/5\\\/2025\\\/03\\\/conferencia-5-4.jpeg&quot;,&quot;id&quot;:&quot;17779&quot;,&quot;title&quot;:&quot;conferencia 5 (4)&quot;,&quot;alt&quot;:&quot;&quot;,&quot;caption&quot;:&quot;&quot;,&quot;itemprop&quot;:&quot;image&quot;},{&quot;src&quot;:&quot;https:\\\/\\\/cloud.alqueria.es\\\/wp-content\\\/uploads\\\/sites\\\/5\\\/2025\\\/03\\\/conferencia-5-5.jpeg&quot;,&quot;id&quot;:&quot;17780&quot;,&quot;title&quot;:&quot;conferencia 5 (5)&quot;,&quot;alt&quot;:&quot;&quot;,&quot;caption&quot;:&quot;&quot;,&quot;itemprop&quot;:&quot;image&quot;},{&quot;src&quot;:&quot;https:\\\/\\\/cloud.alqueria.es\\\/wp-content\\\/uploads\\\/sites\\\/5\\\/2025\\\/03\\\/conferencia-5-6.jpeg&quot;,&quot;id&quot;:&quot;17781&quot;,&quot;title&quot;:&quot;conferencia 5 (6)&quot;,&quot;alt&quot;:&quot;&quot;,&quot;caption&quot;:&quot;&quot;,&quot;itemprop&quot;:&quot;image&quot;}]\" itemscope itemtype=\"https:\/\/schema.org\/ImageGallery\"><\/div>\n<p data-start=\"140\" data-end=\"420\">La pr\u00f3xima semana, escucharemos a Vega, quien nos ofrecer\u00e1 una conferencia muy especial enfocada en la igualdad para celebrar el D\u00eda de la Mujer. Durante su presentaci\u00f3n, abordaremos temas clave como la equidad, los derechos humanos y la igualdad de g\u00e9nero.<\/p>\n<p data-start=\"422\" data-end=\"811\">Adem\u00e1s, en una parte de su conferencia utilizar\u00e1 los resultados de una encuesta que ella misma llev\u00f3 a cabo con el tercer ciclo de nuestro colegio y con estudiantes de otro centro de primaria. A trav\u00e9s de esta informaci\u00f3n, podremos reflexionar sobre la realidad actual y profundizar en temas importantes como la estad\u00edstica y la representaci\u00f3n de la igualdad en nuestra sociedad.<\/p>\n<p><strong><span style=\"color: #0000ff\">Emprendimiento, liga MBA<\/span><\/strong><\/p>\n<p>El trabajo en equipo en educaci\u00f3n primaria es una tarea fundamental, especialmente cuando se trata de proyectos de emprendimiento. En el proyecto que tenemos entre manos desde el inicio de enero, resulta tan importante ya que se trabaja y se consiguen objetivos tales como:<\/p>\n<ol>\n<li><strong>Desarrollo de habilidades sociales<\/strong>: Aprenden a comunicarse, escuchar y resolver conflictos, habilidades esenciales para su vida personal y futuro profesional.<\/li>\n<li><strong>Fomento de la creatividad<\/strong>: Al colaborar en grupo, pueden compartir ideas y perspectivas diferentes, lo que potencia la creatividad y la innovaci\u00f3n en el proyecto.<\/li>\n<li><strong>Responsabilidad compartida<\/strong>: Trabajar en equipo les ense\u00f1a a ser responsables no solo de su trabajo, sino tambi\u00e9n del de sus compa\u00f1eros, promoviendo un sentido de compromiso colectivo.<\/li>\n<li><strong>Aprendizaje colaborativo<\/strong>: Los estudiantes pueden aprender unos de otros, reforzando conocimientos y habilidades que podr\u00edan no dominar individualmente.<\/li>\n<li><strong>Preparaci\u00f3n para el futuro<\/strong>: En el mundo laboral, saber trabajar en equipo es una habilidad invaluable.<\/li>\n<\/ol>\n<p>En el desarrollo del proyecto de emprendimiento, entre todos los aspectos que os habr\u00e1n contado en casa, hay otros que aprenden a trabajar de manera sencilla y b\u00e1sica aplicando conceptos de negocio, manejo de recursos y organizaci\u00f3n de una empresa incluyendo:<\/p>\n<ul>\n<li><strong>Investigaci\u00f3n de mercado<\/strong>: Entender las necesidades del cliente.<\/li>\n<li><strong>Planificaci\u00f3n<\/strong>: Desarrollar un plan de negocio sencillo.<\/li>\n<li><strong>Promoci\u00f3n<\/strong>: Aprender a vender su producto o servicio.<\/li>\n<\/ul>\n<p class=\"jetpack-slideshow-noscript robots-nocontent\">El pase de diapositivas requiere JavaScript.<\/p><div id=\"gallery-17401-2-slideshow\" class=\"jetpack-slideshow-window jetpack-slideshow jetpack-slideshow-black\" data-trans=\"fade\" data-autostart=\"1\" data-gallery=\"[{&quot;src&quot;:&quot;https:\\\/\\\/cloud.alqueria.es\\\/wp-content\\\/uploads\\\/sites\\\/5\\\/2025\\\/01\\\/enero-confe-y-equipo-3.jpeg&quot;,&quot;id&quot;:&quot;17405&quot;,&quot;title&quot;:&quot;enero confe y equipo (3)&quot;,&quot;alt&quot;:&quot;&quot;,&quot;caption&quot;:&quot;&quot;,&quot;itemprop&quot;:&quot;image&quot;},{&quot;src&quot;:&quot;https:\\\/\\\/cloud.alqueria.es\\\/wp-content\\\/uploads\\\/sites\\\/5\\\/2025\\\/01\\\/enero-confe-y-equipo-5.jpeg&quot;,&quot;id&quot;:&quot;17406&quot;,&quot;title&quot;:&quot;enero confe y equipo (5)&quot;,&quot;alt&quot;:&quot;&quot;,&quot;caption&quot;:&quot;&quot;,&quot;itemprop&quot;:&quot;image&quot;},{&quot;src&quot;:&quot;https:\\\/\\\/cloud.alqueria.es\\\/wp-content\\\/uploads\\\/sites\\\/5\\\/2025\\\/03\\\/enero-febrero-1.jpeg&quot;,&quot;id&quot;:&quot;17782&quot;,&quot;title&quot;:&quot;enero febrero (1)&quot;,&quot;alt&quot;:&quot;&quot;,&quot;caption&quot;:&quot;&quot;,&quot;itemprop&quot;:&quot;image&quot;},{&quot;src&quot;:&quot;https:\\\/\\\/cloud.alqueria.es\\\/wp-content\\\/uploads\\\/sites\\\/5\\\/2025\\\/03\\\/enero-febrero-2.jpeg&quot;,&quot;id&quot;:&quot;17783&quot;,&quot;title&quot;:&quot;enero febrero (2)&quot;,&quot;alt&quot;:&quot;&quot;,&quot;caption&quot;:&quot;&quot;,&quot;itemprop&quot;:&quot;image&quot;},{&quot;src&quot;:&quot;https:\\\/\\\/cloud.alqueria.es\\\/wp-content\\\/uploads\\\/sites\\\/5\\\/2025\\\/03\\\/enero-febrero-4.jpeg&quot;,&quot;id&quot;:&quot;17794&quot;,&quot;title&quot;:&quot;enero febrero (4)&quot;,&quot;alt&quot;:&quot;&quot;,&quot;caption&quot;:&quot;&quot;,&quot;itemprop&quot;:&quot;image&quot;},{&quot;src&quot;:&quot;https:\\\/\\\/cloud.alqueria.es\\\/wp-content\\\/uploads\\\/sites\\\/5\\\/2025\\\/03\\\/enero-febrero-7.jpeg&quot;,&quot;id&quot;:&quot;17795&quot;,&quot;title&quot;:&quot;enero febrero (7)&quot;,&quot;alt&quot;:&quot;&quot;,&quot;caption&quot;:&quot;&quot;,&quot;itemprop&quot;:&quot;image&quot;}]\" itemscope itemtype=\"https:\/\/schema.org\/ImageGallery\"><\/div>\n<p data-start=\"111\" data-end=\"466\">El pasado viernes, tuvimos el privilegio de recibir a los responsables de la Liga MBA, quienes compartieron con el grupo de quinto la evoluci\u00f3n del proyecto en el que estamos trabajando. Durante su visita, no solo resolvieron diversas dudas, sino que tambi\u00e9n transmitieron confianza y seguridad al grupo sobre el excelente trabajo que est\u00e1n desarrollando.<\/p>\n<p data-start=\"468\" data-end=\"1020\">El momento en que Sergio y Encarni entraron a clase, la expectaci\u00f3n fue grande. El grupo estaba emocionado y muy curioso por conocerlos y hablar con ellos sobre la evoluci\u00f3n del proyecto. Durante la charla, surgieron varias preguntas por parte del grupo,\u00a0 las cuales fueron respondidas con claridad. Sin embargo, los visitantes no se limitaron a resolver dudas, sino que tambi\u00e9n pusieron a prueba al grupo, desafi\u00e1ndolos con algunos interrogantes y sugerencias que les hicieron reflexionar sobre qu\u00e9 elementos deber\u00edan incluir en la memoria del proyecto.<\/p>\n<p data-start=\"1022\" data-end=\"1197\">Fue una experiencia enriquecedora que no solo ayud\u00f3 a avanzar en el desarrollo del proyecto, sino que tambi\u00e9n foment\u00f3 el pensamiento cr\u00edtico y la toma de decisiones en equipo.<\/p>\n<p><img decoding=\"async\" data-attachment-id=\"17798\" data-permalink=\"https:\/\/www.alqueria.es\/blogs\/colegioalqueriatercerciclo\/2025\/03\/08\/trabajo-en-equipo\/mba\/\" data-orig-file=\"https:\/\/cloud.alqueria.es\/wp-content\/uploads\/sites\/5\/2025\/03\/MBA.jpeg\" data-orig-size=\"2048,1152\" data-comments-opened=\"1\" data-image-meta=\"{&quot;aperture&quot;:&quot;0&quot;,&quot;credit&quot;:&quot;&quot;,&quot;camera&quot;:&quot;&quot;,&quot;caption&quot;:&quot;&quot;,&quot;created_timestamp&quot;:&quot;0&quot;,&quot;copyright&quot;:&quot;&quot;,&quot;focal_length&quot;:&quot;0&quot;,&quot;iso&quot;:&quot;0&quot;,&quot;shutter_speed&quot;:&quot;0&quot;,&quot;title&quot;:&quot;&quot;,&quot;orientation&quot;:&quot;0&quot;}\" data-image-title=\"MBA\" data-image-description=\"\" data-image-caption=\"\" data-large-file=\"https:\/\/cloud.alqueria.es\/wp-content\/uploads\/sites\/5\/2025\/03\/MBA-1024x576.jpeg\" class=\"alignnone size-full wp-image-17798\" src=\"https:\/\/cloud.alqueria.es\/wp-content\/uploads\/sites\/5\/2025\/03\/MBA.jpeg\" alt=\"\" width=\"2048\" height=\"1152\" srcset=\"https:\/\/cloud.alqueria.es\/wp-content\/uploads\/sites\/5\/2025\/03\/MBA.jpeg 2048w, https:\/\/cloud.alqueria.es\/wp-content\/uploads\/sites\/5\/2025\/03\/MBA-300x169.jpeg 300w, https:\/\/cloud.alqueria.es\/wp-content\/uploads\/sites\/5\/2025\/03\/MBA-1024x576.jpeg 1024w, https:\/\/cloud.alqueria.es\/wp-content\/uploads\/sites\/5\/2025\/03\/MBA-768x432.jpeg 768w, https:\/\/cloud.alqueria.es\/wp-content\/uploads\/sites\/5\/2025\/03\/MBA-1536x864.jpeg 1536w\" sizes=\"(max-width: 2048px) 100vw, 2048px\" \/><\/p>\n<p>Durante varios momentos de la jornada, trabajamos en peque\u00f1os equipos siguiendo el modelo holocr\u00e1tico de forma que cada integrante del grupo pertenece a un equipo y a su vez colabora con el resto conforme va finalizando su tarea asignada.<\/p>\n<p>Comenzamos a forzar la m\u00e1quina y aumentar el ritmo de trabajo ya que debemos entregar la memoria el d\u00eda 21 y hacer la exposici\u00f3n<\/p>\n<p class=\"jetpack-slideshow-noscript robots-nocontent\">El pase de diapositivas requiere JavaScript.<\/p><div id=\"gallery-17401-3-slideshow\" class=\"jetpack-slideshow-window jetpack-slideshow jetpack-slideshow-black\" data-trans=\"fade\" data-autostart=\"1\" data-gallery=\"[{&quot;src&quot;:&quot;https:\\\/\\\/cloud.alqueria.es\\\/wp-content\\\/uploads\\\/sites\\\/5\\\/2025\\\/03\\\/enero-febrero-5.jpeg&quot;,&quot;id&quot;:&quot;17787&quot;,&quot;title&quot;:&quot;enero febrero (5)&quot;,&quot;alt&quot;:&quot;&quot;,&quot;caption&quot;:&quot;&quot;,&quot;itemprop&quot;:&quot;image&quot;},{&quot;src&quot;:&quot;https:\\\/\\\/cloud.alqueria.es\\\/wp-content\\\/uploads\\\/sites\\\/5\\\/2025\\\/03\\\/enero-febrero-6.jpeg&quot;,&quot;id&quot;:&quot;17788&quot;,&quot;title&quot;:&quot;enero febrero (6)&quot;,&quot;alt&quot;:&quot;&quot;,&quot;caption&quot;:&quot;&quot;,&quot;itemprop&quot;:&quot;image&quot;},{&quot;src&quot;:&quot;https:\\\/\\\/cloud.alqueria.es\\\/wp-content\\\/uploads\\\/sites\\\/5\\\/2025\\\/03\\\/enero-febrero-9.jpeg&quot;,&quot;id&quot;:&quot;17789&quot;,&quot;title&quot;:&quot;enero febrero (9)&quot;,&quot;alt&quot;:&quot;&quot;,&quot;caption&quot;:&quot;&quot;,&quot;itemprop&quot;:&quot;image&quot;}]\" itemscope itemtype=\"https:\/\/schema.org\/ImageGallery\"><\/div>\n<p><strong><span style=\"color: #0000ff\">Programa de habilidades sociales\u00a0<\/span><\/strong><\/p>\n<p data-start=\"30\" data-end=\"71\">Las sesiones que llevamos desarrolladas con nuestra compa\u00f1era Ana F. est\u00e1n relacionadas con la asertividad, la empat\u00eda y la resoluci\u00f3n de problemas.<\/p>\n<p data-start=\"30\" data-end=\"71\"><strong data-start=\"30\" data-end=\"71\">Primera sesi\u00f3n: Comunicaci\u00f3n asertiva<\/strong><\/p>\n<ul data-start=\"72\" data-end=\"586\">\n<li data-start=\"72\" data-end=\"240\">Exploran el concepto de \u00abhabilidades sociales\u00bb y discuten los estilos de comunicaci\u00f3n: agresivo, pasivo y asertivo, identificando sus caracter\u00edsticas.<\/li>\n<li data-start=\"241\" data-end=\"327\">A trav\u00e9s de ejemplos pr\u00e1cticos, representan cada estilo de comunicaci\u00f3n.<\/li>\n<li data-start=\"328\" data-end=\"519\">Realizan una din\u00e1mica de asertividad donde por peque\u00f1os grupos representan roles en una discusi\u00f3n sobre qu\u00e9 pel\u00edcula ver, lo que ayuda al grupo a identificar distintos estilos de comunicaci\u00f3n.<\/li>\n<\/ul>\n<p data-start=\"588\" data-end=\"615\"><strong data-start=\"588\" data-end=\"615\">Segunda sesi\u00f3n: Empat\u00eda<\/strong><\/p>\n<ul data-start=\"616\" data-end=\"1151\">\n<li data-start=\"616\" data-end=\"835\">Se realiza una din\u00e1mica de escucha y comunicaci\u00f3n en la que un voluntario debe seguir las instrucciones de sus compa\u00f1eros para dibujar algo, destacando la importancia de la comunicaci\u00f3n clara y la atenci\u00f3n a los dem\u00e1s.<\/li>\n<li data-start=\"836\" data-end=\"980\">Se define la empat\u00eda y se comparten ejemplos de situaciones en las que los estudiantes han sido emp\u00e1ticos o han identificado falta de empat\u00eda.<\/li>\n<li data-start=\"981\" data-end=\"1108\">Se discute la diferencia entre bromas y burlas, analizando ejemplos y destacando c\u00f3mo la empat\u00eda es clave en esta distinci\u00f3n.<\/li>\n<\/ul>\n<p data-start=\"1153\" data-end=\"1221\"><strong data-start=\"1153\" data-end=\"1221\">Tercera sesi\u00f3n: Resoluci\u00f3n de problemas y flexibilidad cognitiva<\/strong><\/p>\n<ul data-start=\"1222\" data-end=\"1439\">\n<li data-start=\"1222\" data-end=\"1281\">Se presentan t\u00e9cnicas asertivas para resolver conflictos.<\/li>\n<li data-start=\"1282\" data-end=\"1357\">Los estudiantes representan situaciones de conflicto y buscan soluciones.<\/li>\n<\/ul>\n<p class=\"jetpack-slideshow-noscript robots-nocontent\">El pase de diapositivas requiere JavaScript.<\/p><div id=\"gallery-17401-4-slideshow\" class=\"jetpack-slideshow-window jetpack-slideshow jetpack-slideshow-black\" data-trans=\"fade\" data-autostart=\"1\" data-gallery=\"[{&quot;src&quot;:&quot;https:\\\/\\\/cloud.alqueria.es\\\/wp-content\\\/uploads\\\/sites\\\/5\\\/2025\\\/03\\\/enero-febrero-3.jpeg&quot;,&quot;id&quot;:&quot;17790&quot;,&quot;title&quot;:&quot;enero febrero (3)&quot;,&quot;alt&quot;:&quot;&quot;,&quot;caption&quot;:&quot;&quot;,&quot;itemprop&quot;:&quot;image&quot;},{&quot;src&quot;:&quot;https:\\\/\\\/cloud.alqueria.es\\\/wp-content\\\/uploads\\\/sites\\\/5\\\/2025\\\/03\\\/enero-febrero-13.jpeg&quot;,&quot;id&quot;:&quot;17791&quot;,&quot;title&quot;:&quot;enero febrero (13)&quot;,&quot;alt&quot;:&quot;&quot;,&quot;caption&quot;:&quot;&quot;,&quot;itemprop&quot;:&quot;image&quot;},{&quot;src&quot;:&quot;https:\\\/\\\/cloud.alqueria.es\\\/wp-content\\\/uploads\\\/sites\\\/5\\\/2025\\\/03\\\/enero-febrero-14.jpeg&quot;,&quot;id&quot;:&quot;17792&quot;,&quot;title&quot;:&quot;enero febrero (14)&quot;,&quot;alt&quot;:&quot;&quot;,&quot;caption&quot;:&quot;&quot;,&quot;itemprop&quot;:&quot;image&quot;},{&quot;src&quot;:&quot;https:\\\/\\\/cloud.alqueria.es\\\/wp-content\\\/uploads\\\/sites\\\/5\\\/2025\\\/03\\\/enero-febrero-8.jpeg&quot;,&quot;id&quot;:&quot;17784&quot;,&quot;title&quot;:&quot;enero febrero (8)&quot;,&quot;alt&quot;:&quot;&quot;,&quot;caption&quot;:&quot;&quot;,&quot;itemprop&quot;:&quot;image&quot;}]\" itemscope itemtype=\"https:\/\/schema.org\/ImageGallery\"><\/div>\n<p><span style=\"color: #0000ff\"><strong>Lectura compartida<\/strong><\/span><\/p>\n<p>Como cada martes, seguimos compartiendo la lectura con nuestros compa\u00f1eros de 2\u00ba. En este trimestre cambiamos la din\u00e1mica, el grupo de segundo aporta una lectura corta con un cuestionario o actividad de comprensi\u00f3n lectora que debe leer el compa\u00f1ero mayor siendo ejemplo y modelo para que luego lo lea el menor. As\u00ed, nuestro grupo aconseja sobre las pausas, entonaci\u00f3n y nuevo vocabulario.<\/p>\n<p>Usamos ambas clases para llevar esta actividad y tanto Tatiana como yo, vamos supervisando las parejas para acompa\u00f1arlos en las diferentes sesiones.<\/p>\n<p><img decoding=\"async\" data-attachment-id=\"17785\" data-permalink=\"https:\/\/www.alqueria.es\/blogs\/colegioalqueriatercerciclo\/2025\/03\/08\/trabajo-en-equipo\/enero-febrero-10\/\" data-orig-file=\"https:\/\/cloud.alqueria.es\/wp-content\/uploads\/sites\/5\/2025\/03\/enero-febrero-10.jpeg\" data-orig-size=\"2040,1148\" data-comments-opened=\"1\" data-image-meta=\"{&quot;aperture&quot;:&quot;0&quot;,&quot;credit&quot;:&quot;&quot;,&quot;camera&quot;:&quot;&quot;,&quot;caption&quot;:&quot;&quot;,&quot;created_timestamp&quot;:&quot;0&quot;,&quot;copyright&quot;:&quot;&quot;,&quot;focal_length&quot;:&quot;0&quot;,&quot;iso&quot;:&quot;0&quot;,&quot;shutter_speed&quot;:&quot;0&quot;,&quot;title&quot;:&quot;&quot;,&quot;orientation&quot;:&quot;0&quot;}\" data-image-title=\"enero febrero (10)\" data-image-description=\"\" data-image-caption=\"\" data-large-file=\"https:\/\/cloud.alqueria.es\/wp-content\/uploads\/sites\/5\/2025\/03\/enero-febrero-10-1024x576.jpeg\" class=\"alignnone size-full wp-image-17785\" src=\"https:\/\/cloud.alqueria.es\/wp-content\/uploads\/sites\/5\/2025\/03\/enero-febrero-10.jpeg\" alt=\"\" width=\"2040\" height=\"1148\" srcset=\"https:\/\/cloud.alqueria.es\/wp-content\/uploads\/sites\/5\/2025\/03\/enero-febrero-10.jpeg 2040w, https:\/\/cloud.alqueria.es\/wp-content\/uploads\/sites\/5\/2025\/03\/enero-febrero-10-300x169.jpeg 300w, https:\/\/cloud.alqueria.es\/wp-content\/uploads\/sites\/5\/2025\/03\/enero-febrero-10-1024x576.jpeg 1024w, https:\/\/cloud.alqueria.es\/wp-content\/uploads\/sites\/5\/2025\/03\/enero-febrero-10-768x432.jpeg 768w, https:\/\/cloud.alqueria.es\/wp-content\/uploads\/sites\/5\/2025\/03\/enero-febrero-10-1536x864.jpeg 1536w\" sizes=\"(max-width: 2040px) 100vw, 2040px\" \/> <img decoding=\"async\" data-attachment-id=\"17786\" data-permalink=\"https:\/\/www.alqueria.es\/blogs\/colegioalqueriatercerciclo\/2025\/03\/08\/trabajo-en-equipo\/enero-febrero-12\/\" data-orig-file=\"https:\/\/cloud.alqueria.es\/wp-content\/uploads\/sites\/5\/2025\/03\/enero-febrero-12.jpeg\" data-orig-size=\"2040,1148\" data-comments-opened=\"1\" data-image-meta=\"{&quot;aperture&quot;:&quot;0&quot;,&quot;credit&quot;:&quot;&quot;,&quot;camera&quot;:&quot;&quot;,&quot;caption&quot;:&quot;&quot;,&quot;created_timestamp&quot;:&quot;0&quot;,&quot;copyright&quot;:&quot;&quot;,&quot;focal_length&quot;:&quot;0&quot;,&quot;iso&quot;:&quot;0&quot;,&quot;shutter_speed&quot;:&quot;0&quot;,&quot;title&quot;:&quot;&quot;,&quot;orientation&quot;:&quot;0&quot;}\" data-image-title=\"enero febrero (12)\" data-image-description=\"\" data-image-caption=\"\" data-large-file=\"https:\/\/cloud.alqueria.es\/wp-content\/uploads\/sites\/5\/2025\/03\/enero-febrero-12-1024x576.jpeg\" class=\"alignnone size-full wp-image-17786\" src=\"https:\/\/cloud.alqueria.es\/wp-content\/uploads\/sites\/5\/2025\/03\/enero-febrero-12.jpeg\" alt=\"\" width=\"2040\" height=\"1148\" srcset=\"https:\/\/cloud.alqueria.es\/wp-content\/uploads\/sites\/5\/2025\/03\/enero-febrero-12.jpeg 2040w, https:\/\/cloud.alqueria.es\/wp-content\/uploads\/sites\/5\/2025\/03\/enero-febrero-12-300x169.jpeg 300w, https:\/\/cloud.alqueria.es\/wp-content\/uploads\/sites\/5\/2025\/03\/enero-febrero-12-1024x576.jpeg 1024w, https:\/\/cloud.alqueria.es\/wp-content\/uploads\/sites\/5\/2025\/03\/enero-febrero-12-768x432.jpeg 768w, https:\/\/cloud.alqueria.es\/wp-content\/uploads\/sites\/5\/2025\/03\/enero-febrero-12-1536x864.jpeg 1536w\" sizes=\"(max-width: 2040px) 100vw, 2040px\" \/><\/p>\n<p><span style=\"color: #0000ff\"><strong>III Interescolar Nexcube (Cubo de Rubik)<\/strong><\/span><\/p>\n<p>A finales del mes pasado, motivados con la resoluci\u00f3n del Cubo de Rubik, nos presentamos a un concurso de este juego de l\u00f3gica matem\u00e1tica. Trataba de resolver el mayor n\u00famero de cubos en 5 minutos y resolver 20 cubos en el menor tiempo posible.<\/p>\n<p>La participaci\u00f3n era lo importante y la resoluci\u00f3n de ambas categor\u00edas fue divertida cuando se hizo el silencio y solamente se o\u00eda el movimiento de cada una de las piezas de los cubos y los resoplidos de algunos.<\/p>\n<p><img decoding=\"async\" data-attachment-id=\"17793\" data-permalink=\"https:\/\/www.alqueria.es\/blogs\/colegioalqueriatercerciclo\/2025\/03\/08\/trabajo-en-equipo\/enero-febrero-11\/\" data-orig-file=\"https:\/\/cloud.alqueria.es\/wp-content\/uploads\/sites\/5\/2025\/03\/enero-febrero-11.jpeg\" data-orig-size=\"2040,1148\" data-comments-opened=\"1\" data-image-meta=\"{&quot;aperture&quot;:&quot;0&quot;,&quot;credit&quot;:&quot;&quot;,&quot;camera&quot;:&quot;&quot;,&quot;caption&quot;:&quot;&quot;,&quot;created_timestamp&quot;:&quot;0&quot;,&quot;copyright&quot;:&quot;&quot;,&quot;focal_length&quot;:&quot;0&quot;,&quot;iso&quot;:&quot;0&quot;,&quot;shutter_speed&quot;:&quot;0&quot;,&quot;title&quot;:&quot;&quot;,&quot;orientation&quot;:&quot;0&quot;}\" data-image-title=\"enero febrero (11)\" data-image-description=\"\" data-image-caption=\"\" data-large-file=\"https:\/\/cloud.alqueria.es\/wp-content\/uploads\/sites\/5\/2025\/03\/enero-febrero-11-1024x576.jpeg\" class=\"alignnone size-full wp-image-17793\" src=\"https:\/\/cloud.alqueria.es\/wp-content\/uploads\/sites\/5\/2025\/03\/enero-febrero-11.jpeg\" alt=\"\" width=\"2040\" height=\"1148\" srcset=\"https:\/\/cloud.alqueria.es\/wp-content\/uploads\/sites\/5\/2025\/03\/enero-febrero-11.jpeg 2040w, https:\/\/cloud.alqueria.es\/wp-content\/uploads\/sites\/5\/2025\/03\/enero-febrero-11-300x169.jpeg 300w, https:\/\/cloud.alqueria.es\/wp-content\/uploads\/sites\/5\/2025\/03\/enero-febrero-11-1024x576.jpeg 1024w, https:\/\/cloud.alqueria.es\/wp-content\/uploads\/sites\/5\/2025\/03\/enero-febrero-11-768x432.jpeg 768w, https:\/\/cloud.alqueria.es\/wp-content\/uploads\/sites\/5\/2025\/03\/enero-febrero-11-1536x864.jpeg 1536w\" sizes=\"(max-width: 2040px) 100vw, 2040px\" \/><\/p>\n<p>Buen fin de semana.<\/p>\n<p>Jorge<\/p>\n","protected":false},"excerpt":{"rendered":"<p>Estimadas familias de quinto. En las \u00faltimas semanas, hemos tenido una serie de actividades que han marcado nuestra din\u00e1mica de clase durante este segundo trimestre. Hemos compartido conferencias educativas, trabajado en nuestro proyecto de emprendimiento, lecturas compartidas, semana cultural y carnaval. Adem\u00e1s, avanzamos en el contenido de las fracciones y realizado diversas din\u00e1micas de grupo &hellip; <a href=\"https:\/\/www.alqueria.es\/blogs\/colegioalqueriatercerciclo\/2025\/03\/08\/trabajo-en-equipo\/\" class=\"more-link\">Seguir leyendo <span class=\"screen-reader-text\">Trabajo en equipo<\/span> <span class=\"meta-nav\">&rarr;<\/span><\/a><\/p>\n","protected":false},"author":3,"featured_media":0,"comment_status":"open","ping_status":"open","sticky":false,"template":"","format":"standard","meta":{"jetpack_post_was_ever_published":false,"_jetpack_newsletter_access":"","_jetpack_dont_email_post_to_subs":false,"_jetpack_newsletter_tier_id":0,"_jetpack_memberships_contains_paywalled_content":false,"_jetpack_memberships_contains_paid_content":false,"footnotes":"","jetpack_publicize_message":"","jetpack_publicize_feature_enabled":true,"jetpack_social_post_already_shared":true,"jetpack_social_options":{"image_generator_settings":{"template":"highway","default_image_id":0,"font":"","enabled":false},"version":2}},"categories":[2,14],"tags":[32,676,669,677,649],"class_list":["post-17401","post","type-post","status-publish","format-standard","hentry","category-5o-epo","category-semanario-5o","tag-conferencias","tag-cubo-rubik","tag-emprendimiento","tag-liga-mba","tag-trabajo-cooperativo"],"jetpack_publicize_connections":[],"jetpack_featured_media_url":"","jetpack_sharing_enabled":true,"jetpack_shortlink":"https:\/\/wp.me\/p4l4AW-4wF","jetpack-related-posts":[],"_links":{"self":[{"href":"https:\/\/www.alqueria.es\/blogs\/colegioalqueriatercerciclo\/wp-json\/wp\/v2\/posts\/17401","targetHints":{"allow":["GET"]}}],"collection":[{"href":"https:\/\/www.alqueria.es\/blogs\/colegioalqueriatercerciclo\/wp-json\/wp\/v2\/posts"}],"about":[{"href":"https:\/\/www.alqueria.es\/blogs\/colegioalqueriatercerciclo\/wp-json\/wp\/v2\/types\/post"}],"author":[{"embeddable":true,"href":"https:\/\/www.alqueria.es\/blogs\/colegioalqueriatercerciclo\/wp-json\/wp\/v2\/users\/3"}],"replies":[{"embeddable":true,"href":"https:\/\/www.alqueria.es\/blogs\/colegioalqueriatercerciclo\/wp-json\/wp\/v2\/comments?post=17401"}],"version-history":[{"count":7,"href":"https:\/\/www.alqueria.es\/blogs\/colegioalqueriatercerciclo\/wp-json\/wp\/v2\/posts\/17401\/revisions"}],"predecessor-version":[{"id":17800,"href":"https:\/\/www.alqueria.es\/blogs\/colegioalqueriatercerciclo\/wp-json\/wp\/v2\/posts\/17401\/revisions\/17800"}],"wp:attachment":[{"href":"https:\/\/www.alqueria.es\/blogs\/colegioalqueriatercerciclo\/wp-json\/wp\/v2\/media?parent=17401"}],"wp:term":[{"taxonomy":"category","embeddable":true,"href":"https:\/\/www.alqueria.es\/blogs\/colegioalqueriatercerciclo\/wp-json\/wp\/v2\/categories?post=17401"},{"taxonomy":"post_tag","embeddable":true,"href":"https:\/\/www.alqueria.es\/blogs\/colegioalqueriatercerciclo\/wp-json\/wp\/v2\/tags?post=17401"}],"curies":[{"name":"wp","href":"https:\/\/api.w.org\/{rel}","templated":true}]}}