{"id":17410,"date":"2025-01-31T16:45:34","date_gmt":"2025-01-31T15:45:34","guid":{"rendered":"https:\/\/www.alqueria.es\/blogs\/colegioalqueriatercerciclo\/?p=17410"},"modified":"2025-01-31T16:45:34","modified_gmt":"2025-01-31T15:45:34","slug":"celebramos-el-dia-de-la-paz-y-la-no-violencia","status":"publish","type":"post","link":"https:\/\/www.alqueria.es\/blogs\/colegioalqueriatercerciclo\/2025\/01\/31\/celebramos-el-dia-de-la-paz-y-la-no-violencia\/","title":{"rendered":"Celebramos el D\u00eda de la Paz y la No Violencia"},"content":{"rendered":"<p>Ayer 30 de enero disfrutamos de la celebraci\u00f3n del \u00abD\u00eda Internacional de la Paz y la No Violencia\u00bb, de una forma muy significativa para la comunidad educativa Alquer\u00eda Educaci\u00f3n.<\/p>\n<p>Desde hace muchos a\u00f1os celebramos este d\u00eda de significaci\u00f3n especial reflejado en nuestro Plan de Centro a trav\u00e9s de la participaci\u00f3n activa de todo el alumnado del colegio con una actividad com\u00fan. La conformaci\u00f3n de grupos inter-niveles, compuestos por ni\u00f1os y ni\u00f1as de edades heterog\u00e9neas (3 a 12 a\u00f1os), aporta una singular riqueza en cuanto a interacciones sociales, experiencias y por supuesto convivencia. El ciclo 0-3 a\u00f1os participa del \u00abresultado final\u00bb o exposici\u00f3n, con su aportaci\u00f3n creativa particular.<\/p>\n<p>Este curso escolar se ha propuesto una actividad para promover relaciones de convivencia, establecer v\u00ednculos positivos, interaccionar con empat\u00eda, resolver conflictos de forma asertiva, desarrollar sentido de pertenencia a grupos, valorar la diversidad, fomentar valores fundamentales como la tolerancia, el respeto y la empat\u00eda entre todos. A trav\u00e9s de reflexiones grupales, para comprender la importancia de ser amables, respetuosos<br \/>\ny solidarios con los dem\u00e1s, promoviendo un ambiente de convivencia arm\u00f3nica. El t\u00edtulo de la propuesta ha sido:<\/p>\n<p><strong><span style=\"color: #ff00ff\">\u00abNOS TRATAMOS BIEN\u00bb<\/span><\/strong><br \/>\nCon esta actividad se busca sensibilizar a la comunidad escolar sobre c\u00f3mo nuestras acciones y palabras pueden influir en las relaciones interpersonales, ayud\u00e1ndonos a interiorizar actitudes que contribuyan a un entorno de paz. Los objetivos son los siguientes:<\/p>\n<p>&#8211; Reflexionar a partir de la propia experiencia individual o grupal, sobre el significado y sentido de la paz, en relaci\u00f3n con la amabilidad.<br \/>\n&#8211; Trabajar en grupo internivel de manera colaborativa utilizando diferentes recursos.<\/p>\n<p>Los d\u00edas previos, en cada clase se motiva con distintas din\u00e1micas para el desarrollo de la actividad el d\u00eda de la celebraci\u00f3n.<\/p>\n<p>En clase,\u00a0 se comienza con una asamblea de ideas previas donde se aportan todos aquellos aspectos que desde el aula\u00a0 hacen que seamos participes de una convivencia en paz,\u00a0 las decisiones que se van tomando a lo largo de la vida, en nuestro caso en el d\u00eda a d\u00eda en el colegio, tambi\u00e9n con la familia. Tambi\u00e9n iniciamos un debate sobre qu\u00e9 nos puede llevar a enemistarnos con los dem\u00e1s y c\u00f3mo podemos buscar soluciones para eliminar de nuestro vocabulario cotidiano aquellas palabras o mensajes que pueden herir a los dem\u00e1s. Tratando as\u00ed no solamente las actitudes en positivo sino ser conscientes de esas actitudes \u201cnegativas\u201d que deben erradicarse, dadas sus consecuencias.<\/p>\n<p>En sexto, adem\u00e1s, recordamos la figura de Mahatma Gandhi y su colaboraci\u00f3n en la lucha por la paz.<\/p>\n<p>Como \u00faltima actividad previa, terminamos con el visionado de varios cortos de animaci\u00f3n que abordan el tema de tratarnos con respeto, ser amables, dialogar con cari\u00f1o, uso de un vocabulario amable, respetuoso.<\/p>\n<p><span class=\"embed-youtube\" style=\"text-align:center; display: block;\"><div class=\"a25-CTUOC-hidding-box\" data-original-content=\"&lt;iframe loading=&quot;lazy&quot; class=&quot;youtube-player&quot; width=&quot;474&quot; height=&quot;267&quot; src=&quot;https:\/\/www.youtube.com\/embed\/badHUNl2HXU?version=3&amp;#038;rel=1&amp;#038;showsearch=0&amp;#038;showinfo=1&amp;#038;iv_load_policy=1&amp;#038;fs=1&amp;#038;hl=es-ES&amp;#038;autohide=2&amp;#038;start=1&amp;#038;wmode=transparent&quot; allowfullscreen=&quot;true&quot; style=&quot;border:0;&quot; sandbox=&quot;allow-scripts allow-same-origin allow-popups allow-presentation allow-popups-to-escape-sandbox&quot;&gt;&lt;\/iframe&gt;\">Esta p\u00e1gina incluye contenido multimedia que requiere aceptar todas las cookies. Pulse aqu\u00ed para abrir la configuraci\u00f3n de cookies.<\/div><\/span><\/p>\n<p><span class=\"embed-youtube\" style=\"text-align:center; display: block;\"><div class=\"a25-CTUOC-hidding-box\" data-original-content=\"&lt;iframe loading=&quot;lazy&quot; class=&quot;youtube-player&quot; width=&quot;474&quot; height=&quot;267&quot; src=&quot;https:\/\/www.youtube.com\/embed\/OczEHXRU9WU?version=3&amp;#038;rel=1&amp;#038;showsearch=0&amp;#038;showinfo=1&amp;#038;iv_load_policy=1&amp;#038;fs=1&amp;#038;hl=es-ES&amp;#038;autohide=2&amp;#038;wmode=transparent&quot; allowfullscreen=&quot;true&quot; style=&quot;border:0;&quot; sandbox=&quot;allow-scripts allow-same-origin allow-popups allow-presentation allow-popups-to-escape-sandbox&quot;&gt;&lt;\/iframe&gt;\">Esta p\u00e1gina incluye contenido multimedia que requiere aceptar todas las cookies. Pulse aqu\u00ed para abrir la configuraci\u00f3n de cookies.<\/div><\/span><\/p>\n<p>El D\u00eda de la Paz comenz\u00f3 con la conformaci\u00f3n de los grupos inter-nivel de alumnado de todas las edades. \u00a0El objetivo final\u00a0 ha sido la elaboraci\u00f3n de un Patchword de <strong><span style=\"color: #800080\">POST-IT<\/span><\/strong> de colores. En estos Post-it se han escrito aquellas <strong><span style=\"color: #339966\">PALABRAS AMABLES<\/span><\/strong>, que nos hacen estar en un ambiente de paz y convivencia.<\/p>\n<p>Antes de escribir las palabras, comenzamos con una asamblea donde entablamos un debate sobre la amabilidad y el buen trato (paz). Qu\u00e9 acciones en el d\u00eda a d\u00eda en el cole se hacen para que convivamos de forma pac\u00edfica. Qu\u00e9 palabras utilizamos, gestos, peque\u00f1os detalles que nos hacen sentir muy bien a nosotros mismos y a los dem\u00e1s.<\/p>\n<p>Tras el di\u00e1logo,\u00a0 para motivar y dedicar reflexi\u00f3n y tiempo para pensar en cu\u00e1l es la palabra amable que para cada uno representa la Paz, visionamos algunos cortos:\u00a0 Daniel y las palabras m\u00e1gicas, Nos tratamos Bien y Bridge.<\/p>\n<p>En grupos peque\u00f1os se buscan y escriben en los Post-it de colores todas las palabras amables que debemos usar en nuestra vida cotidiana. Todos estas palabras las hemos expuesto en los expositores de Primaria e Infantil donde bajo el Mensaje: NOS TRATAMOS BIEN.<\/p>\n<p>Por \u00faltimo, todo el alumnado se ha reunido en asamblea en el patio y hemos concluido la actividad con una reflexi\u00f3n general del d\u00eda.<\/p>\n<p>Aqu\u00ed os dejamos las im\u00e1genes resumen de esta experiencia v\u00edvida por todo el alumnado y profesorado de Alquer\u00eda educaci\u00f3n.<\/p>\n<p><div class=\"a25-CTUOC-hidding-box\" data-original-content=\"&lt;iframe loading=&quot;lazy&quot; title=&quot;Di\u0301a de la paz 2025&quot; src=&quot;https:\/\/player.vimeo.com\/video\/1052234431?dnt=1&amp;amp;app_id=122963&quot; width=&quot;474&quot; height=&quot;267&quot; frameborder=&quot;0&quot; allow=&quot;autoplay; fullscreen; picture-in-picture; clipboard-write; encrypted-media&quot;&gt;&lt;\/iframe&gt;\">Esta p\u00e1gina incluye contenido multimedia que requiere aceptar todas las cookies. Pulse aqu\u00ed para abrir la configuraci\u00f3n de cookies.<\/div><\/p>\n<p>Buen fin de semana.<\/p>\n<p>Isabel y Jorge<\/p>\n","protected":false},"excerpt":{"rendered":"<p>Ayer 30 de enero disfrutamos de la celebraci\u00f3n del \u00abD\u00eda Internacional de la Paz y la No Violencia\u00bb, de una forma muy significativa para la comunidad educativa Alquer\u00eda Educaci\u00f3n. Desde hace muchos a\u00f1os celebramos este d\u00eda de significaci\u00f3n especial reflejado en nuestro Plan de Centro a trav\u00e9s de la participaci\u00f3n activa de todo el alumnado &hellip; <a href=\"https:\/\/www.alqueria.es\/blogs\/colegioalqueriatercerciclo\/2025\/01\/31\/celebramos-el-dia-de-la-paz-y-la-no-violencia\/\" class=\"more-link\">Seguir leyendo <span class=\"screen-reader-text\">Celebramos el D\u00eda de la Paz y la No Violencia<\/span> <span class=\"meta-nav\">&rarr;<\/span><\/a><\/p>\n","protected":false},"author":9,"featured_media":0,"comment_status":"open","ping_status":"open","sticky":false,"template":"","format":"standard","meta":{"jetpack_post_was_ever_published":false,"_jetpack_newsletter_access":"","_jetpack_dont_email_post_to_subs":false,"_jetpack_newsletter_tier_id":0,"_jetpack_memberships_contains_paywalled_content":false,"_jetpack_memberships_contains_paid_content":false,"footnotes":"","jetpack_publicize_message":"","jetpack_publicize_feature_enabled":true,"jetpack_social_post_already_shared":true,"jetpack_social_options":{"image_generator_settings":{"template":"highway","default_image_id":0,"font":"","enabled":false},"version":2}},"categories":[2,3,368],"tags":[39,325,179,180,115],"class_list":["post-17410","post","type-post","status-publish","format-standard","hentry","category-5o-epo","category-6o-epo","category-dia-de-la-paz","tag-dia-de-la-paz-y-no-violencia","tag-informacion-a-familias","tag-semanario-5o","tag-semanario-6o","tag-youtube"],"jetpack_publicize_connections":[],"jetpack_featured_media_url":"","jetpack_sharing_enabled":true,"jetpack_shortlink":"https:\/\/wp.me\/p4l4AW-4wO","jetpack-related-posts":[],"_links":{"self":[{"href":"https:\/\/www.alqueria.es\/blogs\/colegioalqueriatercerciclo\/wp-json\/wp\/v2\/posts\/17410","targetHints":{"allow":["GET"]}}],"collection":[{"href":"https:\/\/www.alqueria.es\/blogs\/colegioalqueriatercerciclo\/wp-json\/wp\/v2\/posts"}],"about":[{"href":"https:\/\/www.alqueria.es\/blogs\/colegioalqueriatercerciclo\/wp-json\/wp\/v2\/types\/post"}],"author":[{"embeddable":true,"href":"https:\/\/www.alqueria.es\/blogs\/colegioalqueriatercerciclo\/wp-json\/wp\/v2\/users\/9"}],"replies":[{"embeddable":true,"href":"https:\/\/www.alqueria.es\/blogs\/colegioalqueriatercerciclo\/wp-json\/wp\/v2\/comments?post=17410"}],"version-history":[{"count":8,"href":"https:\/\/www.alqueria.es\/blogs\/colegioalqueriatercerciclo\/wp-json\/wp\/v2\/posts\/17410\/revisions"}],"predecessor-version":[{"id":17419,"href":"https:\/\/www.alqueria.es\/blogs\/colegioalqueriatercerciclo\/wp-json\/wp\/v2\/posts\/17410\/revisions\/17419"}],"wp:attachment":[{"href":"https:\/\/www.alqueria.es\/blogs\/colegioalqueriatercerciclo\/wp-json\/wp\/v2\/media?parent=17410"}],"wp:term":[{"taxonomy":"category","embeddable":true,"href":"https:\/\/www.alqueria.es\/blogs\/colegioalqueriatercerciclo\/wp-json\/wp\/v2\/categories?post=17410"},{"taxonomy":"post_tag","embeddable":true,"href":"https:\/\/www.alqueria.es\/blogs\/colegioalqueriatercerciclo\/wp-json\/wp\/v2\/tags?post=17410"}],"curies":[{"name":"wp","href":"https:\/\/api.w.org\/{rel}","templated":true}]}}