{"id":17811,"date":"2025-03-15T10:05:10","date_gmt":"2025-03-15T09:05:10","guid":{"rendered":"https:\/\/www.alqueria.es\/blogs\/colegioalqueriatercerciclo\/?p=17811"},"modified":"2025-03-15T10:05:10","modified_gmt":"2025-03-15T09:05:10","slug":"situaciones-de-aprendizaje","status":"publish","type":"post","link":"https:\/\/www.alqueria.es\/blogs\/colegioalqueriatercerciclo\/2025\/03\/15\/situaciones-de-aprendizaje\/","title":{"rendered":"Situaciones de aprendizaje"},"content":{"rendered":"<p>Estimadas familias, a lo largo de todos estos meses que llevamos en nuestro viaje de sexto, son muchos y variadas situaciones que se aprovechan para lograr un aprendizaje significativo del alumno. Durante este mes de marzo, han ido apareciendo en el blog algunas de las propuestas\u00a0 y experiencias de aprendizaje que se han llevado a cabo.<\/p>\n<p>Esta entrada la vamos a dedicar a hacer un recorrido por las situaciones que han ido conformando el aprendizaje del alumnado de sexto en estas \u00faltimas semanas.<\/p>\n<ul>\n<li><strong><span style=\"color: #ff00ff\">\u00c1REA DE LENGUA.<\/span><\/strong><\/li>\n<\/ul>\n<p>Una parte muy importante de situaciones de aprendizaje del \u00e1rea son las distintas lecturas y momentos de lectura, que se desarrollan en el aula. As\u00ed seguimos leyendo todos los d\u00edas en distintos momentos, participamos en la lectura compartida con tercero, realizamos todas las semanas sesi\u00f3n de lectura en la biblioteca y c\u00f3mo no seguimos desarrollando una de nuestras actividades estrella del tercer ciclo que son las Tertulias literarias. En esta ocasi\u00f3n\u00a0sobre el libro \u00ab<strong><span style=\"color: #ff00ff\">Cuando Hitler rob\u00f3 el conejo rosa\u00bb.<\/span> <\/strong><\/p>\n<p><img decoding=\"async\" data-attachment-id=\"17844\" data-permalink=\"https:\/\/www.alqueria.es\/blogs\/colegioalqueriatercerciclo\/2025\/03\/15\/situaciones-de-aprendizaje\/photo-2025-03-12-23-15-08-16\/\" data-orig-file=\"https:\/\/cloud.alqueria.es\/wp-content\/uploads\/sites\/5\/2025\/03\/PHOTO-2025-03-12-23-15-08-16.jpg\" data-orig-size=\"1600,1200\" data-comments-opened=\"1\" data-image-meta=\"{&quot;aperture&quot;:&quot;0&quot;,&quot;credit&quot;:&quot;&quot;,&quot;camera&quot;:&quot;&quot;,&quot;caption&quot;:&quot;&quot;,&quot;created_timestamp&quot;:&quot;0&quot;,&quot;copyright&quot;:&quot;&quot;,&quot;focal_length&quot;:&quot;0&quot;,&quot;iso&quot;:&quot;0&quot;,&quot;shutter_speed&quot;:&quot;0&quot;,&quot;title&quot;:&quot;&quot;,&quot;orientation&quot;:&quot;0&quot;}\" data-image-title=\"PHOTO-2025-03-12-23-15-08 (16)\" data-image-description=\"\" data-image-caption=\"\" data-large-file=\"https:\/\/cloud.alqueria.es\/wp-content\/uploads\/sites\/5\/2025\/03\/PHOTO-2025-03-12-23-15-08-16-1024x768.jpg\" class=\"alignright wp-image-17844 size-medium\" src=\"https:\/\/cloud.alqueria.es\/wp-content\/uploads\/sites\/5\/2025\/03\/PHOTO-2025-03-12-23-15-08-16-300x225.jpg\" alt=\"\" width=\"300\" height=\"225\" srcset=\"https:\/\/cloud.alqueria.es\/wp-content\/uploads\/sites\/5\/2025\/03\/PHOTO-2025-03-12-23-15-08-16-300x225.jpg 300w, https:\/\/cloud.alqueria.es\/wp-content\/uploads\/sites\/5\/2025\/03\/PHOTO-2025-03-12-23-15-08-16-1024x768.jpg 1024w, https:\/\/cloud.alqueria.es\/wp-content\/uploads\/sites\/5\/2025\/03\/PHOTO-2025-03-12-23-15-08-16-768x576.jpg 768w, https:\/\/cloud.alqueria.es\/wp-content\/uploads\/sites\/5\/2025\/03\/PHOTO-2025-03-12-23-15-08-16-1536x1152.jpg 1536w, https:\/\/cloud.alqueria.es\/wp-content\/uploads\/sites\/5\/2025\/03\/PHOTO-2025-03-12-23-15-08-16.jpg 1600w\" sizes=\"(max-width: 300px) 100vw, 300px\" \/><\/p>\n<p><img decoding=\"async\" data-attachment-id=\"17845\" data-permalink=\"https:\/\/www.alqueria.es\/blogs\/colegioalqueriatercerciclo\/2025\/03\/15\/situaciones-de-aprendizaje\/photo-2025-03-12-23-15-08\/\" data-orig-file=\"https:\/\/cloud.alqueria.es\/wp-content\/uploads\/sites\/5\/2025\/03\/PHOTO-2025-03-12-23-15-08.jpg\" data-orig-size=\"1600,1200\" data-comments-opened=\"1\" data-image-meta=\"{&quot;aperture&quot;:&quot;0&quot;,&quot;credit&quot;:&quot;&quot;,&quot;camera&quot;:&quot;&quot;,&quot;caption&quot;:&quot;&quot;,&quot;created_timestamp&quot;:&quot;0&quot;,&quot;copyright&quot;:&quot;&quot;,&quot;focal_length&quot;:&quot;0&quot;,&quot;iso&quot;:&quot;0&quot;,&quot;shutter_speed&quot;:&quot;0&quot;,&quot;title&quot;:&quot;&quot;,&quot;orientation&quot;:&quot;0&quot;}\" data-image-title=\"PHOTO-2025-03-12-23-15-08\" data-image-description=\"\" data-image-caption=\"\" data-large-file=\"https:\/\/cloud.alqueria.es\/wp-content\/uploads\/sites\/5\/2025\/03\/PHOTO-2025-03-12-23-15-08-1024x768.jpg\" class=\"alignleft wp-image-17845 size-medium\" src=\"https:\/\/cloud.alqueria.es\/wp-content\/uploads\/sites\/5\/2025\/03\/PHOTO-2025-03-12-23-15-08-300x225.jpg\" alt=\"\" width=\"300\" height=\"225\" srcset=\"https:\/\/cloud.alqueria.es\/wp-content\/uploads\/sites\/5\/2025\/03\/PHOTO-2025-03-12-23-15-08-300x225.jpg 300w, https:\/\/cloud.alqueria.es\/wp-content\/uploads\/sites\/5\/2025\/03\/PHOTO-2025-03-12-23-15-08-1024x768.jpg 1024w, https:\/\/cloud.alqueria.es\/wp-content\/uploads\/sites\/5\/2025\/03\/PHOTO-2025-03-12-23-15-08-768x576.jpg 768w, https:\/\/cloud.alqueria.es\/wp-content\/uploads\/sites\/5\/2025\/03\/PHOTO-2025-03-12-23-15-08-1536x1152.jpg 1536w, https:\/\/cloud.alqueria.es\/wp-content\/uploads\/sites\/5\/2025\/03\/PHOTO-2025-03-12-23-15-08.jpg 1600w\" sizes=\"(max-width: 300px) 100vw, 300px\" \/><\/p>\n<p>Este libro cuenta la historia de Anna, una ni\u00f1a que tiene nueve a\u00f1os y vive felizmente en el Berl\u00edn de los a\u00f1os 30 con su familia. Pero el inminente ascenso de Hitler al poder est\u00e1 a punto de cambiarlo todo para ellos que son de origen jud\u00edo, deciden que lo mejor es abandonar el pa\u00eds. Anna y su familia huyen a Suiza, a Par\u00eds y finalmente a Londres d\u00f3nde su padre har\u00e1 una pel\u00edcula sobre Napole\u00f3n.\u00a0 A algunos miembros del grupo les ha costado m\u00e1s la lectura de este libro aunque durante la tertulia se ha producido un debate muy rico de diferentes temas y donde todos han tenido una opini\u00f3n:<\/p>\n<ul>\n<li><span style=\"color: #0000ff\"><strong>Recuerdos de la infancia<\/strong><\/span><\/li>\n<li><span style=\"color: #0000ff\"><strong>Pensamientos negativos<\/strong><\/span><\/li>\n<li><span style=\"color: #0000ff\"><strong>Preocupaciones\u00a0<\/strong><\/span><\/li>\n<li><span style=\"color: #0000ff\"><strong>Miedo<\/strong><\/span><\/li>\n<li><span style=\"color: #0000ff\"><strong>Los prejuicios sobre los dem\u00e1s<\/strong><\/span><\/li>\n<li><span style=\"color: #0000ff\"><strong>Disfrutar de las peque\u00f1as cosas.<\/strong><\/span><\/li>\n<li><span style=\"color: #0000ff\"><strong>El por qu\u00e9 de la Guerra<\/strong><\/span><\/li>\n<li><span style=\"color: #0000ff\"><strong>Valorar las cosas.<\/strong><\/span><\/li>\n<li><span style=\"color: #0000ff\"><strong>La importancia de apoyarnos mutuamente. Estar juntos y ayudarnos.<\/strong><\/span><\/li>\n<li><span style=\"color: #0000ff\"><strong>Luchar por la igualdad entre hombres y mujeres, chicos y chicas.<\/strong><\/span><\/li>\n<\/ul>\n<p>Las tertulias es una de las formas que en el Proyecto de Alquer\u00eda Educaci\u00f3n fomentamos el pensamiento cr\u00edtico, conseguir objetivos tanto de fomento de la lectura como de generaci\u00f3n de un di\u00e1logo con opiniones razonadas, reflexiones personales y compartir nuestras ideas a partir de lo que la literatura nos provoca.<\/p>\n<p><img decoding=\"async\" data-attachment-id=\"17818\" data-permalink=\"https:\/\/www.alqueria.es\/blogs\/colegioalqueriatercerciclo\/2025\/03\/15\/situaciones-de-aprendizaje\/descarga-18\/\" data-orig-file=\"https:\/\/cloud.alqueria.es\/wp-content\/uploads\/sites\/5\/2025\/03\/descarga.jpg\" data-orig-size=\"184,275\" data-comments-opened=\"1\" data-image-meta=\"{&quot;aperture&quot;:&quot;0&quot;,&quot;credit&quot;:&quot;&quot;,&quot;camera&quot;:&quot;&quot;,&quot;caption&quot;:&quot;&quot;,&quot;created_timestamp&quot;:&quot;0&quot;,&quot;copyright&quot;:&quot;&quot;,&quot;focal_length&quot;:&quot;0&quot;,&quot;iso&quot;:&quot;0&quot;,&quot;shutter_speed&quot;:&quot;0&quot;,&quot;title&quot;:&quot;&quot;,&quot;orientation&quot;:&quot;0&quot;}\" data-image-title=\"descarga\" data-image-description=\"\" data-image-caption=\"\" data-large-file=\"https:\/\/cloud.alqueria.es\/wp-content\/uploads\/sites\/5\/2025\/03\/descarga.jpg\" class=\"alignnone size-full wp-image-17818\" src=\"https:\/\/cloud.alqueria.es\/wp-content\/uploads\/sites\/5\/2025\/03\/descarga.jpg\" alt=\"\" width=\"184\" height=\"275\" \/><\/p>\n<p>La pr\u00f3xima tertulia es \u00abEl caballero de la Armadura Oxidada\u00bb Tendr\u00e1 lugar el 23 de marzo.<\/p>\n<p>Adem\u00e1s se ha comenzado el trabajo gramatical sobre las oraciones. As\u00ed despu\u00e9s de realizar una asamblea de ideas previas donde extra\u00edamos los conceptos que se han ido trabajando en el tercer ciclo, se han realizado unos esquemas donde podemos estudiar y repasar los pasos del an\u00e1lisis sint\u00e1ctico.<\/p>\n<p>Por otra parte, seguimos fomentando la escritura creativa en el alumnado y por ello, la semana pasada se termin\u00f3 el texto: <span style=\"color: #0000ff\"><strong>\u00abMis ideas m\u00e1s locas\u00bb<\/strong>.<\/span> El taller consist\u00eda en escribir una historia partiendo de este t\u00edtulo. La elecci\u00f3n del t\u00edtulo puede sugerir una gran variedad de tem\u00e1ticas. Los textos que se encuentran expuestos en el tabl\u00f3n han sido trabajados, corregidos y mejoradas a partir del trabajo en borrador. Como podr\u00e9is leer se nota la madurez, esfuerzo, mejora de los textos desde el inicio de curso hasta estos momentos.<\/p>\n<ul>\n<li><strong><span style=\"color: #ff00ff\">\u00c1REA DE CIENCIAS.<\/span><\/strong><\/li>\n<\/ul>\n<p>En el \u00e1rea de ciencias se ha terminado de trabajar el proyecto de Gamificaci\u00f3n sobre el cuerpo humano. Este proyecto tendr\u00e1 su entrada espec\u00edfica en el blog la pr\u00f3xima semana. El proyecto termina con una sesi\u00f3n de juego a trav\u00e9s de un Trivial del cuerpo humano. Nos los hemos pasado muy bien.<\/p>\n<p><img decoding=\"async\" data-attachment-id=\"17847\" data-permalink=\"https:\/\/www.alqueria.es\/blogs\/colegioalqueriatercerciclo\/2025\/03\/15\/situaciones-de-aprendizaje\/photo-2025-03-14-07-37-34-10\/\" data-orig-file=\"https:\/\/cloud.alqueria.es\/wp-content\/uploads\/sites\/5\/2025\/03\/PHOTO-2025-03-14-07-37-34-10.jpg\" data-orig-size=\"1200,1600\" data-comments-opened=\"1\" data-image-meta=\"{&quot;aperture&quot;:&quot;0&quot;,&quot;credit&quot;:&quot;&quot;,&quot;camera&quot;:&quot;&quot;,&quot;caption&quot;:&quot;&quot;,&quot;created_timestamp&quot;:&quot;0&quot;,&quot;copyright&quot;:&quot;&quot;,&quot;focal_length&quot;:&quot;0&quot;,&quot;iso&quot;:&quot;0&quot;,&quot;shutter_speed&quot;:&quot;0&quot;,&quot;title&quot;:&quot;&quot;,&quot;orientation&quot;:&quot;0&quot;}\" data-image-title=\"PHOTO-2025-03-14-07-37-34 (10)\" data-image-description=\"\" data-image-caption=\"\" data-large-file=\"https:\/\/cloud.alqueria.es\/wp-content\/uploads\/sites\/5\/2025\/03\/PHOTO-2025-03-14-07-37-34-10-768x1024.jpg\" class=\"aligncenter wp-image-17847 size-medium\" src=\"https:\/\/cloud.alqueria.es\/wp-content\/uploads\/sites\/5\/2025\/03\/PHOTO-2025-03-14-07-37-34-10-225x300.jpg\" alt=\"\" width=\"225\" height=\"300\" srcset=\"https:\/\/cloud.alqueria.es\/wp-content\/uploads\/sites\/5\/2025\/03\/PHOTO-2025-03-14-07-37-34-10-225x300.jpg 225w, https:\/\/cloud.alqueria.es\/wp-content\/uploads\/sites\/5\/2025\/03\/PHOTO-2025-03-14-07-37-34-10-768x1024.jpg 768w, https:\/\/cloud.alqueria.es\/wp-content\/uploads\/sites\/5\/2025\/03\/PHOTO-2025-03-14-07-37-34-10-1152x1536.jpg 1152w, https:\/\/cloud.alqueria.es\/wp-content\/uploads\/sites\/5\/2025\/03\/PHOTO-2025-03-14-07-37-34-10.jpg 1200w\" sizes=\"(max-width: 225px) 100vw, 225px\" \/> <img decoding=\"async\" data-attachment-id=\"17848\" data-permalink=\"https:\/\/www.alqueria.es\/blogs\/colegioalqueriatercerciclo\/2025\/03\/15\/situaciones-de-aprendizaje\/photo-2025-03-14-07-37-34-11\/\" data-orig-file=\"https:\/\/cloud.alqueria.es\/wp-content\/uploads\/sites\/5\/2025\/03\/PHOTO-2025-03-14-07-37-34-11.jpg\" data-orig-size=\"1600,1200\" data-comments-opened=\"1\" data-image-meta=\"{&quot;aperture&quot;:&quot;0&quot;,&quot;credit&quot;:&quot;&quot;,&quot;camera&quot;:&quot;&quot;,&quot;caption&quot;:&quot;&quot;,&quot;created_timestamp&quot;:&quot;0&quot;,&quot;copyright&quot;:&quot;&quot;,&quot;focal_length&quot;:&quot;0&quot;,&quot;iso&quot;:&quot;0&quot;,&quot;shutter_speed&quot;:&quot;0&quot;,&quot;title&quot;:&quot;&quot;,&quot;orientation&quot;:&quot;0&quot;}\" data-image-title=\"PHOTO-2025-03-14-07-37-34 (11)\" data-image-description=\"\" data-image-caption=\"\" data-large-file=\"https:\/\/cloud.alqueria.es\/wp-content\/uploads\/sites\/5\/2025\/03\/PHOTO-2025-03-14-07-37-34-11-1024x768.jpg\" class=\"alignleft wp-image-17848 size-medium\" src=\"https:\/\/cloud.alqueria.es\/wp-content\/uploads\/sites\/5\/2025\/03\/PHOTO-2025-03-14-07-37-34-11-300x225.jpg\" alt=\"\" width=\"300\" height=\"225\" srcset=\"https:\/\/cloud.alqueria.es\/wp-content\/uploads\/sites\/5\/2025\/03\/PHOTO-2025-03-14-07-37-34-11-300x225.jpg 300w, https:\/\/cloud.alqueria.es\/wp-content\/uploads\/sites\/5\/2025\/03\/PHOTO-2025-03-14-07-37-34-11-1024x768.jpg 1024w, https:\/\/cloud.alqueria.es\/wp-content\/uploads\/sites\/5\/2025\/03\/PHOTO-2025-03-14-07-37-34-11-768x576.jpg 768w, https:\/\/cloud.alqueria.es\/wp-content\/uploads\/sites\/5\/2025\/03\/PHOTO-2025-03-14-07-37-34-11-1536x1152.jpg 1536w, https:\/\/cloud.alqueria.es\/wp-content\/uploads\/sites\/5\/2025\/03\/PHOTO-2025-03-14-07-37-34-11.jpg 1600w\" sizes=\"(max-width: 300px) 100vw, 300px\" \/><\/p>\n<p>&nbsp;<\/p>\n<p>&nbsp;<\/p>\n<p>&nbsp;<\/p>\n<p>&nbsp;<\/p>\n<p>&nbsp;<\/p>\n<p>Y con motivo de nuestra visita a la Alhambra comenzamos este proyecto.<\/p>\n<p><span style=\"color: #0000ff\"><strong>Proyecto de la Alhambra<\/strong><\/span><\/p>\n<p><img decoding=\"async\" data-attachment-id=\"17850\" data-permalink=\"https:\/\/www.alqueria.es\/blogs\/colegioalqueriatercerciclo\/2025\/03\/15\/situaciones-de-aprendizaje\/photo-2025-03-14-21-46-04-19\/\" data-orig-file=\"https:\/\/cloud.alqueria.es\/wp-content\/uploads\/sites\/5\/2025\/03\/PHOTO-2025-03-14-21-46-04-19.jpg\" data-orig-size=\"1600,1200\" data-comments-opened=\"1\" data-image-meta=\"{&quot;aperture&quot;:&quot;0&quot;,&quot;credit&quot;:&quot;&quot;,&quot;camera&quot;:&quot;&quot;,&quot;caption&quot;:&quot;&quot;,&quot;created_timestamp&quot;:&quot;0&quot;,&quot;copyright&quot;:&quot;&quot;,&quot;focal_length&quot;:&quot;0&quot;,&quot;iso&quot;:&quot;0&quot;,&quot;shutter_speed&quot;:&quot;0&quot;,&quot;title&quot;:&quot;&quot;,&quot;orientation&quot;:&quot;0&quot;}\" data-image-title=\"PHOTO-2025-03-14-21-46-04 (19)\" data-image-description=\"\" data-image-caption=\"\" data-large-file=\"https:\/\/cloud.alqueria.es\/wp-content\/uploads\/sites\/5\/2025\/03\/PHOTO-2025-03-14-21-46-04-19-1024x768.jpg\" class=\"alignnone size-full wp-image-17850\" src=\"https:\/\/cloud.alqueria.es\/wp-content\/uploads\/sites\/5\/2025\/03\/PHOTO-2025-03-14-21-46-04-19.jpg\" alt=\"\" width=\"1600\" height=\"1200\" srcset=\"https:\/\/cloud.alqueria.es\/wp-content\/uploads\/sites\/5\/2025\/03\/PHOTO-2025-03-14-21-46-04-19.jpg 1600w, https:\/\/cloud.alqueria.es\/wp-content\/uploads\/sites\/5\/2025\/03\/PHOTO-2025-03-14-21-46-04-19-300x225.jpg 300w, https:\/\/cloud.alqueria.es\/wp-content\/uploads\/sites\/5\/2025\/03\/PHOTO-2025-03-14-21-46-04-19-1024x768.jpg 1024w, https:\/\/cloud.alqueria.es\/wp-content\/uploads\/sites\/5\/2025\/03\/PHOTO-2025-03-14-21-46-04-19-768x576.jpg 768w, https:\/\/cloud.alqueria.es\/wp-content\/uploads\/sites\/5\/2025\/03\/PHOTO-2025-03-14-21-46-04-19-1536x1152.jpg 1536w\" sizes=\"(max-width: 1600px) 100vw, 1600px\" \/><\/p>\n<p>Comenzamos proyecto de la Alhambra en el que conjugamos varias \u00e1reas para desarrollarlo: matem\u00e1ticas, lengua, ciencias y art\u00edstica.\u00a0 Este proyecto ha dado comienzo\u00a0 con el visionado de una pel\u00edcula sobre la Construcci\u00f3n de la\u00a0 Alhambra. Posteriormente se ha realizado\u00a0 una asamblea de ideas previas donde se recogieron aquellos aspectos que cada uno y una consideraba necesarios conocer para realizar una visita cultural a este monumento.\u00a0 Y esto nos permiti\u00f3 distribuir tem\u00e1ticas en distintos grupos de investigaci\u00f3n.\u00a0 Por otra parte cada miembro del grupo debe leerse el libro de la Alhambra contada a los ni\u00f1os.<\/p>\n<p><img decoding=\"async\" data-attachment-id=\"10485\" data-permalink=\"https:\/\/www.alqueria.es\/blogs\/colegioalqueriatercerciclo\/2022\/01\/15\/segundo-tramo-en-sexto\/la-alhambra-contada-a-los-ninos-i6n221333\/\" data-orig-file=\"https:\/\/cloud.alqueria.es\/wp-content\/uploads\/sites\/5\/2022\/01\/La-Alhambra-contada-a-los-ninos-i6n221333.jpg\" data-orig-size=\"800,1009\" data-comments-opened=\"1\" data-image-meta=\"{&quot;aperture&quot;:&quot;0&quot;,&quot;credit&quot;:&quot;&quot;,&quot;camera&quot;:&quot;&quot;,&quot;caption&quot;:&quot;&quot;,&quot;created_timestamp&quot;:&quot;0&quot;,&quot;copyright&quot;:&quot;&quot;,&quot;focal_length&quot;:&quot;0&quot;,&quot;iso&quot;:&quot;0&quot;,&quot;shutter_speed&quot;:&quot;0&quot;,&quot;title&quot;:&quot;&quot;,&quot;orientation&quot;:&quot;0&quot;}\" data-image-title=\"La-Alhambra-contada-a-los-ninos-i6n221333\" data-image-description=\"\" data-image-caption=\"\" data-large-file=\"https:\/\/cloud.alqueria.es\/wp-content\/uploads\/sites\/5\/2022\/01\/La-Alhambra-contada-a-los-ninos-i6n221333.jpg\" class=\"alignnone wp-image-10485 size-medium\" src=\"https:\/\/cloud.alqueria.es\/wp-content\/uploads\/sites\/5\/2022\/01\/La-Alhambra-contada-a-los-ninos-i6n221333-238x300.jpg\" alt=\"\" width=\"238\" height=\"300\" srcset=\"https:\/\/cloud.alqueria.es\/wp-content\/uploads\/sites\/5\/2022\/01\/La-Alhambra-contada-a-los-ninos-i6n221333-238x300.jpg 238w, https:\/\/cloud.alqueria.es\/wp-content\/uploads\/sites\/5\/2022\/01\/La-Alhambra-contada-a-los-ninos-i6n221333-768x969.jpg 768w, https:\/\/cloud.alqueria.es\/wp-content\/uploads\/sites\/5\/2022\/01\/La-Alhambra-contada-a-los-ninos-i6n221333.jpg 800w\" sizes=\"(max-width: 238px) 100vw, 238px\" \/><\/p>\n<p>Este proyecto se realiza en colaboraci\u00f3n con el grupo de primero. La semana pasada un equipo voluntario acudi\u00f3 a primero y\u00a0 les cont\u00f3 por qu\u00e9 se construy\u00f3 la Alhambra, les hablo del per\u00edodo y de los personajes que vivieron en esa \u00e9poca, as\u00ed como de la importancia del Reino de Granada en Al-Andalus. Esta semana hemos realizado una Asamblea conjunta donde hemos ido a presentarnos todo el alumnado de sexto y hemos introducido el tema de la elaboraci\u00f3n de mosaicos. Han\u00a0 explicado el concepto de alicatado, los distintos modelos geom\u00e9tricos presentes en los frisos de la Alhambra.\u00a0 A lo largo de las semanas el grupo de sexto y primero van a trabajar los viernes en una serie de actividades, tareas donde los unos aprenden de lo otros y viceversa, adem\u00e1s aprovechamos para conocernos un poco m\u00e1s, para crear lazos.<\/p>\n<p class=\"jetpack-slideshow-noscript robots-nocontent\">El pase de diapositivas requiere JavaScript.<\/p><div id=\"gallery-17811-1-slideshow\" class=\"jetpack-slideshow-window jetpack-slideshow jetpack-slideshow-black\" data-trans=\"fade\" data-autostart=\"1\" data-gallery=\"[{&quot;src&quot;:&quot;https:\\\/\\\/cloud.alqueria.es\\\/wp-content\\\/uploads\\\/sites\\\/5\\\/2025\\\/03\\\/PHOTO-2025-03-14-21-46-04-2.jpg&quot;,&quot;id&quot;:&quot;17851&quot;,&quot;title&quot;:&quot;PHOTO-2025-03-14-21-46-04 (2)&quot;,&quot;alt&quot;:&quot;&quot;,&quot;caption&quot;:&quot;&quot;,&quot;itemprop&quot;:&quot;image&quot;},{&quot;src&quot;:&quot;https:\\\/\\\/cloud.alqueria.es\\\/wp-content\\\/uploads\\\/sites\\\/5\\\/2025\\\/03\\\/PHOTO-2025-03-14-21-46-04-5.jpg&quot;,&quot;id&quot;:&quot;17852&quot;,&quot;title&quot;:&quot;PHOTO-2025-03-14-21-46-04 (5)&quot;,&quot;alt&quot;:&quot;&quot;,&quot;caption&quot;:&quot;&quot;,&quot;itemprop&quot;:&quot;image&quot;},{&quot;src&quot;:&quot;https:\\\/\\\/cloud.alqueria.es\\\/wp-content\\\/uploads\\\/sites\\\/5\\\/2025\\\/03\\\/PHOTO-2025-03-14-21-46-04-6.jpg&quot;,&quot;id&quot;:&quot;17853&quot;,&quot;title&quot;:&quot;PHOTO-2025-03-14-21-46-04 (6)&quot;,&quot;alt&quot;:&quot;&quot;,&quot;caption&quot;:&quot;&quot;,&quot;itemprop&quot;:&quot;image&quot;},{&quot;src&quot;:&quot;https:\\\/\\\/cloud.alqueria.es\\\/wp-content\\\/uploads\\\/sites\\\/5\\\/2025\\\/03\\\/PHOTO-2025-03-14-21-46-04-10.jpg&quot;,&quot;id&quot;:&quot;17854&quot;,&quot;title&quot;:&quot;PHOTO-2025-03-14-21-46-04 (10)&quot;,&quot;alt&quot;:&quot;&quot;,&quot;caption&quot;:&quot;&quot;,&quot;itemprop&quot;:&quot;image&quot;},{&quot;src&quot;:&quot;https:\\\/\\\/cloud.alqueria.es\\\/wp-content\\\/uploads\\\/sites\\\/5\\\/2025\\\/03\\\/PHOTO-2025-03-14-21-46-04-12.jpg&quot;,&quot;id&quot;:&quot;17855&quot;,&quot;title&quot;:&quot;PHOTO-2025-03-14-21-46-04 (12)&quot;,&quot;alt&quot;:&quot;&quot;,&quot;caption&quot;:&quot;&quot;,&quot;itemprop&quot;:&quot;image&quot;},{&quot;src&quot;:&quot;https:\\\/\\\/cloud.alqueria.es\\\/wp-content\\\/uploads\\\/sites\\\/5\\\/2025\\\/03\\\/PHOTO-2025-03-14-21-46-04-15.jpg&quot;,&quot;id&quot;:&quot;17856&quot;,&quot;title&quot;:&quot;PHOTO-2025-03-14-21-46-04 (15)&quot;,&quot;alt&quot;:&quot;&quot;,&quot;caption&quot;:&quot;&quot;,&quot;itemprop&quot;:&quot;image&quot;},{&quot;src&quot;:&quot;https:\\\/\\\/cloud.alqueria.es\\\/wp-content\\\/uploads\\\/sites\\\/5\\\/2025\\\/03\\\/PHOTO-2025-03-14-21-46-04-16.jpg&quot;,&quot;id&quot;:&quot;17870&quot;,&quot;title&quot;:&quot;PHOTO-2025-03-14-21-46-04 (16)&quot;,&quot;alt&quot;:&quot;&quot;,&quot;caption&quot;:&quot;&quot;,&quot;itemprop&quot;:&quot;image&quot;}]\" itemscope itemtype=\"https:\/\/schema.org\/ImageGallery\"><\/div>\n<p>Esta segunda sesi\u00f3n de trabajo ha consistido en ayudar a los compa\u00f1eros y compa\u00f1eras de primero a elaborar teselas con distintos motivos geom\u00e9tricos y realizar alicatados diversos.<\/p>\n<p>Para poder explicar la geometr\u00eda al alumnado de primero, algunos voluntarios de sexto han mostrado como se construyen con regla y comp\u00e1s los distintos elementos necesarios para el arte nazar\u00ed: la pajarita, el hueso, el aspa, la estrella de ocho puntas, de seis puntas entre otros.<\/p>\n<p class=\"jetpack-slideshow-noscript robots-nocontent\">El pase de diapositivas requiere JavaScript.<\/p><div id=\"gallery-17811-2-slideshow\" class=\"jetpack-slideshow-window jetpack-slideshow jetpack-slideshow-black\" data-trans=\"fade\" data-autostart=\"1\" data-gallery=\"[{&quot;src&quot;:&quot;https:\\\/\\\/cloud.alqueria.es\\\/wp-content\\\/uploads\\\/sites\\\/5\\\/2025\\\/03\\\/IMG_1264.jpg&quot;,&quot;id&quot;:&quot;17829&quot;,&quot;title&quot;:&quot;IMG_1264&quot;,&quot;alt&quot;:&quot;&quot;,&quot;caption&quot;:&quot;&quot;,&quot;itemprop&quot;:&quot;image&quot;},{&quot;src&quot;:&quot;https:\\\/\\\/cloud.alqueria.es\\\/wp-content\\\/uploads\\\/sites\\\/5\\\/2025\\\/03\\\/DSC07956.jpg&quot;,&quot;id&quot;:&quot;17828&quot;,&quot;title&quot;:&quot;DSC07956&quot;,&quot;alt&quot;:&quot;&quot;,&quot;caption&quot;:&quot;&quot;,&quot;itemprop&quot;:&quot;image&quot;},{&quot;src&quot;:&quot;https:\\\/\\\/cloud.alqueria.es\\\/wp-content\\\/uploads\\\/sites\\\/5\\\/2025\\\/03\\\/DSC07952.jpg&quot;,&quot;id&quot;:&quot;17827&quot;,&quot;title&quot;:&quot;DSC07952&quot;,&quot;alt&quot;:&quot;&quot;,&quot;caption&quot;:&quot;&quot;,&quot;itemprop&quot;:&quot;image&quot;},{&quot;src&quot;:&quot;https:\\\/\\\/cloud.alqueria.es\\\/wp-content\\\/uploads\\\/sites\\\/5\\\/2025\\\/03\\\/DSC07949-300x225-1.jpg&quot;,&quot;id&quot;:&quot;17826&quot;,&quot;title&quot;:&quot;DSC07949-300\\u0026#215;225&quot;,&quot;alt&quot;:&quot;&quot;,&quot;caption&quot;:&quot;&quot;,&quot;itemprop&quot;:&quot;image&quot;},{&quot;src&quot;:&quot;https:\\\/\\\/cloud.alqueria.es\\\/wp-content\\\/uploads\\\/sites\\\/5\\\/2025\\\/03\\\/IMG_1336.jpg&quot;,&quot;id&quot;:&quot;17823&quot;,&quot;title&quot;:&quot;IMG_1336&quot;,&quot;alt&quot;:&quot;&quot;,&quot;caption&quot;:&quot;&quot;,&quot;itemprop&quot;:&quot;image&quot;},{&quot;src&quot;:&quot;https:\\\/\\\/cloud.alqueria.es\\\/wp-content\\\/uploads\\\/sites\\\/5\\\/2025\\\/03\\\/IMG_1266.jpg&quot;,&quot;id&quot;:&quot;17830&quot;,&quot;title&quot;:&quot;IMG_1266&quot;,&quot;alt&quot;:&quot;&quot;,&quot;caption&quot;:&quot;&quot;,&quot;itemprop&quot;:&quot;image&quot;},{&quot;src&quot;:&quot;https:\\\/\\\/cloud.alqueria.es\\\/wp-content\\\/uploads\\\/sites\\\/5\\\/2025\\\/03\\\/PHOTO-2025-03-14-21-46-04-3.jpg&quot;,&quot;id&quot;:&quot;17857&quot;,&quot;title&quot;:&quot;PHOTO-2025-03-14-21-46-04 (3)&quot;,&quot;alt&quot;:&quot;&quot;,&quot;caption&quot;:&quot;&quot;,&quot;itemprop&quot;:&quot;image&quot;},{&quot;src&quot;:&quot;https:\\\/\\\/cloud.alqueria.es\\\/wp-content\\\/uploads\\\/sites\\\/5\\\/2025\\\/03\\\/PHOTO-2025-03-14-21-46-04-4.jpg&quot;,&quot;id&quot;:&quot;17858&quot;,&quot;title&quot;:&quot;PHOTO-2025-03-14-21-46-04 (4)&quot;,&quot;alt&quot;:&quot;&quot;,&quot;caption&quot;:&quot;&quot;,&quot;itemprop&quot;:&quot;image&quot;},{&quot;src&quot;:&quot;https:\\\/\\\/cloud.alqueria.es\\\/wp-content\\\/uploads\\\/sites\\\/5\\\/2025\\\/03\\\/PHOTO-2025-03-14-21-46-04-7.jpg&quot;,&quot;id&quot;:&quot;17859&quot;,&quot;title&quot;:&quot;PHOTO-2025-03-14-21-46-04 (7)&quot;,&quot;alt&quot;:&quot;&quot;,&quot;caption&quot;:&quot;&quot;,&quot;itemprop&quot;:&quot;image&quot;},{&quot;src&quot;:&quot;https:\\\/\\\/cloud.alqueria.es\\\/wp-content\\\/uploads\\\/sites\\\/5\\\/2025\\\/03\\\/PHOTO-2025-03-14-21-46-04-8.jpg&quot;,&quot;id&quot;:&quot;17860&quot;,&quot;title&quot;:&quot;PHOTO-2025-03-14-21-46-04 (8)&quot;,&quot;alt&quot;:&quot;&quot;,&quot;caption&quot;:&quot;&quot;,&quot;itemprop&quot;:&quot;image&quot;},{&quot;src&quot;:&quot;https:\\\/\\\/cloud.alqueria.es\\\/wp-content\\\/uploads\\\/sites\\\/5\\\/2025\\\/03\\\/PHOTO-2025-03-14-21-46-04-9.jpg&quot;,&quot;id&quot;:&quot;17861&quot;,&quot;title&quot;:&quot;PHOTO-2025-03-14-21-46-04 (9)&quot;,&quot;alt&quot;:&quot;&quot;,&quot;caption&quot;:&quot;&quot;,&quot;itemprop&quot;:&quot;image&quot;},{&quot;src&quot;:&quot;https:\\\/\\\/cloud.alqueria.es\\\/wp-content\\\/uploads\\\/sites\\\/5\\\/2025\\\/03\\\/PHOTO-2025-03-14-21-46-04-11.jpg&quot;,&quot;id&quot;:&quot;17862&quot;,&quot;title&quot;:&quot;PHOTO-2025-03-14-21-46-04 (11)&quot;,&quot;alt&quot;:&quot;&quot;,&quot;caption&quot;:&quot;&quot;,&quot;itemprop&quot;:&quot;image&quot;},{&quot;src&quot;:&quot;https:\\\/\\\/cloud.alqueria.es\\\/wp-content\\\/uploads\\\/sites\\\/5\\\/2025\\\/03\\\/PHOTO-2025-03-14-21-46-04-13.jpg&quot;,&quot;id&quot;:&quot;17863&quot;,&quot;title&quot;:&quot;PHOTO-2025-03-14-21-46-04 (13)&quot;,&quot;alt&quot;:&quot;&quot;,&quot;caption&quot;:&quot;&quot;,&quot;itemprop&quot;:&quot;image&quot;},{&quot;src&quot;:&quot;https:\\\/\\\/cloud.alqueria.es\\\/wp-content\\\/uploads\\\/sites\\\/5\\\/2025\\\/03\\\/PHOTO-2025-03-14-21-46-04-14.jpg&quot;,&quot;id&quot;:&quot;17864&quot;,&quot;title&quot;:&quot;PHOTO-2025-03-14-21-46-04 (14)&quot;,&quot;alt&quot;:&quot;&quot;,&quot;caption&quot;:&quot;&quot;,&quot;itemprop&quot;:&quot;image&quot;},{&quot;src&quot;:&quot;https:\\\/\\\/cloud.alqueria.es\\\/wp-content\\\/uploads\\\/sites\\\/5\\\/2025\\\/03\\\/PHOTO-2025-03-14-21-46-04-18.jpg&quot;,&quot;id&quot;:&quot;17866&quot;,&quot;title&quot;:&quot;PHOTO-2025-03-14-21-46-04 (18)&quot;,&quot;alt&quot;:&quot;&quot;,&quot;caption&quot;:&quot;&quot;,&quot;itemprop&quot;:&quot;image&quot;},{&quot;src&quot;:&quot;https:\\\/\\\/cloud.alqueria.es\\\/wp-content\\\/uploads\\\/sites\\\/5\\\/2025\\\/03\\\/PHOTO-2025-03-14-21-46-04-21.jpg&quot;,&quot;id&quot;:&quot;17867&quot;,&quot;title&quot;:&quot;PHOTO-2025-03-14-21-46-04 (21)&quot;,&quot;alt&quot;:&quot;&quot;,&quot;caption&quot;:&quot;&quot;,&quot;itemprop&quot;:&quot;image&quot;},{&quot;src&quot;:&quot;https:\\\/\\\/cloud.alqueria.es\\\/wp-content\\\/uploads\\\/sites\\\/5\\\/2025\\\/03\\\/PHOTO-2025-03-14-21-46-04.jpg&quot;,&quot;id&quot;:&quot;17868&quot;,&quot;title&quot;:&quot;PHOTO-2025-03-14-21-46-04&quot;,&quot;alt&quot;:&quot;&quot;,&quot;caption&quot;:&quot;&quot;,&quot;itemprop&quot;:&quot;image&quot;}]\" itemscope itemtype=\"https:\/\/schema.org\/ImageGallery\"><\/div>\n<p>Esta colaboraci\u00f3n va a ser un proceso muy enriquecedor y una buena estrategia de ense\u00f1anza-aprendizaje para el alumnado, el ser ambos grupos exponentes de los conocimientos que cada uno va ir conociendo.<\/p>\n<p>Previamente el grupo de sexto en el \u00e1rea de Art\u00edstica con Ana ha estado trabajando los conceptos geom\u00e9tricos necesarios para poder construir mosaicos de la Alhambra y que adem\u00e1s nos ayudan a entender y comprender el proceso de creaci\u00f3n de los diferentes mosaicos que aparecen en las dependencias de la misma. Como parte de este proceso Ana les muestra c\u00f3mo la geometr\u00eda es un aspecto importante dentro del arte isl\u00e1mico y en \u00a0la creaci\u00f3n de los mosaicos de la Alhambra. No s\u00f3lo es un elemento estil\u00edstico sino que est\u00e1 en el desarrollo ornamental y arquitect\u00f3nico. Los dise\u00f1os geom\u00e9tricos del arte nazar\u00ed se repiten en distintos formatos y superficies. Estos dise\u00f1os se denominan alicatados. Los alicatados est\u00e1n formados por peque\u00f1as piezas de cer\u00e1mica vidriada de diferentes formas y colores que se agrupan entre si para generar tramas geom\u00e9tricas de gran complejidad. \u00a0En sexto se inicia un trabajo de ver de donde nacen las diferentes formas geom\u00e9tricas y como se llega a los diferentes dise\u00f1os del alicatado. Se han visionado v\u00eddeos que paso a paso nos ayudan a elaborar estos elementos geom\u00e9tricos.<\/p>\n<p><img decoding=\"async\" data-attachment-id=\"17825\" data-permalink=\"https:\/\/www.alqueria.es\/blogs\/colegioalqueriatercerciclo\/2025\/03\/15\/situaciones-de-aprendizaje\/dsc08893-768x576-2\/\" data-orig-file=\"https:\/\/cloud.alqueria.es\/wp-content\/uploads\/sites\/5\/2025\/03\/DSC08893-768x576-2.jpg\" data-orig-size=\"768,576\" data-comments-opened=\"1\" data-image-meta=\"{&quot;aperture&quot;:&quot;0&quot;,&quot;credit&quot;:&quot;&quot;,&quot;camera&quot;:&quot;&quot;,&quot;caption&quot;:&quot;&quot;,&quot;created_timestamp&quot;:&quot;0&quot;,&quot;copyright&quot;:&quot;&quot;,&quot;focal_length&quot;:&quot;0&quot;,&quot;iso&quot;:&quot;0&quot;,&quot;shutter_speed&quot;:&quot;0&quot;,&quot;title&quot;:&quot;&quot;,&quot;orientation&quot;:&quot;0&quot;}\" data-image-title=\"DSC08893-768&amp;#215;576\" data-image-description=\"\" data-image-caption=\"\" data-large-file=\"https:\/\/cloud.alqueria.es\/wp-content\/uploads\/sites\/5\/2025\/03\/DSC08893-768x576-2.jpg\" class=\"alignnone size-full wp-image-17825\" src=\"https:\/\/cloud.alqueria.es\/wp-content\/uploads\/sites\/5\/2025\/03\/DSC08893-768x576-2.jpg\" alt=\"\" width=\"768\" height=\"576\" srcset=\"https:\/\/cloud.alqueria.es\/wp-content\/uploads\/sites\/5\/2025\/03\/DSC08893-768x576-2.jpg 768w, https:\/\/cloud.alqueria.es\/wp-content\/uploads\/sites\/5\/2025\/03\/DSC08893-768x576-2-300x225.jpg 300w\" sizes=\"(max-width: 768px) 100vw, 768px\" \/><\/p>\n<p>En las sesiones de trabajo de Art\u00edstica ya han dise\u00f1ado\u00a0 diferentes plantillas de algunos de los tipos de mosaicos de La Alhambra. Todo un reto para obtener figuras como el aspa, la pajarita o la estrella. Trabajando la geometr\u00eda (regla, cartab\u00f3n, escuadra, comp\u00e1s, medida) en matem\u00e1ticas y modelado en art\u00edstica,\u00a0 dise\u00f1ar\u00e1n algunas teselas en arcilla que pasar\u00e1n por el horno para luego darles el color caracter\u00edstico de los mosaicos nazar\u00edes.<\/p>\n<p class=\"jetpack-slideshow-noscript robots-nocontent\">El pase de diapositivas requiere JavaScript.<\/p><div id=\"gallery-17811-3-slideshow\" class=\"jetpack-slideshow-window jetpack-slideshow jetpack-slideshow-black\" data-trans=\"fade\" data-autostart=\"1\" data-gallery=\"[{&quot;src&quot;:&quot;https:\\\/\\\/cloud.alqueria.es\\\/wp-content\\\/uploads\\\/sites\\\/5\\\/2025\\\/03\\\/DSC07657.jpg&quot;,&quot;id&quot;:&quot;17822&quot;,&quot;title&quot;:&quot;DSC07657&quot;,&quot;alt&quot;:&quot;&quot;,&quot;caption&quot;:&quot;&quot;,&quot;itemprop&quot;:&quot;image&quot;},{&quot;src&quot;:&quot;https:\\\/\\\/cloud.alqueria.es\\\/wp-content\\\/uploads\\\/sites\\\/5\\\/2025\\\/03\\\/DSC07656.jpg&quot;,&quot;id&quot;:&quot;17821&quot;,&quot;title&quot;:&quot;DSC07656&quot;,&quot;alt&quot;:&quot;&quot;,&quot;caption&quot;:&quot;&quot;,&quot;itemprop&quot;:&quot;image&quot;},{&quot;src&quot;:&quot;https:\\\/\\\/cloud.alqueria.es\\\/wp-content\\\/uploads\\\/sites\\\/5\\\/2025\\\/03\\\/DSC07654.jpg&quot;,&quot;id&quot;:&quot;17820&quot;,&quot;title&quot;:&quot;DSC07654&quot;,&quot;alt&quot;:&quot;&quot;,&quot;caption&quot;:&quot;&quot;,&quot;itemprop&quot;:&quot;image&quot;},{&quot;src&quot;:&quot;https:\\\/\\\/cloud.alqueria.es\\\/wp-content\\\/uploads\\\/sites\\\/5\\\/2025\\\/03\\\/DSC07643.jpg&quot;,&quot;id&quot;:&quot;17819&quot;,&quot;title&quot;:&quot;DSC07643&quot;,&quot;alt&quot;:&quot;&quot;,&quot;caption&quot;:&quot;&quot;,&quot;itemprop&quot;:&quot;image&quot;},{&quot;src&quot;:&quot;https:\\\/\\\/cloud.alqueria.es\\\/wp-content\\\/uploads\\\/sites\\\/5\\\/2025\\\/03\\\/IMG_1341.jpg&quot;,&quot;id&quot;:&quot;17832&quot;,&quot;title&quot;:&quot;IMG_1341&quot;,&quot;alt&quot;:&quot;&quot;,&quot;caption&quot;:&quot;&quot;,&quot;itemprop&quot;:&quot;image&quot;}]\" itemscope itemtype=\"https:\/\/schema.org\/ImageGallery\"><\/div>\n<p>Esta semana hemos tenido una sesi\u00f3n de art\u00edstica donde se trataba de aprender a escribir las letras del alfabeto en \u00e1rabe y de esa manera conocer un poco m\u00e1s la caligraf\u00eda utilizada por los \u00e1rabes en la Alhambra y con este aprendizaje poder escribir nuestro nombre en \u00e1rabe.<\/p>\n<ul>\n<li><strong><span style=\"color: #ff00ff\">\u00c1REA DE MATEM\u00c1TICAS.<\/span><\/strong><\/li>\n<\/ul>\n<p>En el \u00e1rea de matem\u00e1ticas terminamos de trabajar con las potencias y se ha iniciado el trabajo de geometr\u00eda para complementar el proyecto de la Alhambra.<\/p>\n<p>Se han recordado conceptos trabajados el curso pasado con un PowerPoint elaborado con tal fin. Recordamos el uso de la regla, escuadra, cartab\u00f3n, comp\u00e1s para confeccionar figuras geom\u00e9tricas. Recordamos conceptos de \u00e1rea, superficie, longitud, per\u00edmetro, nos aprendemos f\u00f3rmulas matem\u00e1ticas necesarias para resolver problemas.<\/p>\n<ul>\n<li><strong><span style=\"color: #ff00ff\">\u00c1REA DE \u00c9TICA.<\/span><\/strong><\/li>\n<\/ul>\n<p><strong><span style=\"color: #339966\">Celebraci\u00f3n d\u00eda de la mujer<\/span><\/strong><\/p>\n<p>Para la celebraci\u00f3n de este d\u00eda, se ha organizado la celebraci\u00f3n de dos conferencias del alumnado relacionado con este tema. Las conferencias son una excelente oportunidad de aprendizaje tanto para la persona que confecciona esta conferencia como para el alumnado que la escucha, ya que les permite aprender de la mejor manera posible y que es a trav\u00e9s de sus iguales.<\/p>\n<p>El d\u00eda 5 tuvo lugar la conferencia de Aline <span style=\"color: #0000ff\"><strong>\u00abLa mujer en el deporte\u00bb.<\/strong><\/span> En esta conferencia nos habl\u00f3 de la importancia de luchar, esforzarse por conseguir los sue\u00f1os y apostar por lo que quieres. Hizo un recorrido por las mujeres referentes de los distintos deportes. Adem\u00e1s Aline elaboro una entrevista a una mujer deportista, lo que nos permiti\u00f3 analizar y debatir sobre las dificultades de la mujer en el deporte y c\u00f3mo hay que seguir trabajando para tener las mismas oportunidades que los hombres.<\/p>\n<p><img decoding=\"async\" data-attachment-id=\"17833\" data-permalink=\"https:\/\/www.alqueria.es\/blogs\/colegioalqueriatercerciclo\/2025\/03\/15\/situaciones-de-aprendizaje\/photo-2025-03-12-23-15-08-17\/\" data-orig-file=\"https:\/\/cloud.alqueria.es\/wp-content\/uploads\/sites\/5\/2025\/03\/PHOTO-2025-03-12-23-15-08-17.jpg\" data-orig-size=\"1600,1200\" data-comments-opened=\"1\" data-image-meta=\"{&quot;aperture&quot;:&quot;0&quot;,&quot;credit&quot;:&quot;&quot;,&quot;camera&quot;:&quot;&quot;,&quot;caption&quot;:&quot;&quot;,&quot;created_timestamp&quot;:&quot;0&quot;,&quot;copyright&quot;:&quot;&quot;,&quot;focal_length&quot;:&quot;0&quot;,&quot;iso&quot;:&quot;0&quot;,&quot;shutter_speed&quot;:&quot;0&quot;,&quot;title&quot;:&quot;&quot;,&quot;orientation&quot;:&quot;0&quot;}\" data-image-title=\"PHOTO-2025-03-12-23-15-08 (17)\" data-image-description=\"\" data-image-caption=\"\" data-large-file=\"https:\/\/cloud.alqueria.es\/wp-content\/uploads\/sites\/5\/2025\/03\/PHOTO-2025-03-12-23-15-08-17-1024x768.jpg\" class=\"alignnone size-full wp-image-17833\" src=\"https:\/\/cloud.alqueria.es\/wp-content\/uploads\/sites\/5\/2025\/03\/PHOTO-2025-03-12-23-15-08-17.jpg\" alt=\"\" width=\"1600\" height=\"1200\" srcset=\"https:\/\/cloud.alqueria.es\/wp-content\/uploads\/sites\/5\/2025\/03\/PHOTO-2025-03-12-23-15-08-17.jpg 1600w, https:\/\/cloud.alqueria.es\/wp-content\/uploads\/sites\/5\/2025\/03\/PHOTO-2025-03-12-23-15-08-17-300x225.jpg 300w, https:\/\/cloud.alqueria.es\/wp-content\/uploads\/sites\/5\/2025\/03\/PHOTO-2025-03-12-23-15-08-17-1024x768.jpg 1024w, https:\/\/cloud.alqueria.es\/wp-content\/uploads\/sites\/5\/2025\/03\/PHOTO-2025-03-12-23-15-08-17-768x576.jpg 768w, https:\/\/cloud.alqueria.es\/wp-content\/uploads\/sites\/5\/2025\/03\/PHOTO-2025-03-12-23-15-08-17-1536x1152.jpg 1536w\" sizes=\"(max-width: 1600px) 100vw, 1600px\" \/><\/p>\n<p><img decoding=\"async\" data-attachment-id=\"17834\" data-permalink=\"https:\/\/www.alqueria.es\/blogs\/colegioalqueriatercerciclo\/2025\/03\/15\/situaciones-de-aprendizaje\/photo-2025-03-12-23-15-08-13\/\" data-orig-file=\"https:\/\/cloud.alqueria.es\/wp-content\/uploads\/sites\/5\/2025\/03\/PHOTO-2025-03-12-23-15-08-13-e1741937031898.jpg\" data-orig-size=\"1002,1024\" data-comments-opened=\"1\" data-image-meta=\"{&quot;aperture&quot;:&quot;0&quot;,&quot;credit&quot;:&quot;&quot;,&quot;camera&quot;:&quot;&quot;,&quot;caption&quot;:&quot;&quot;,&quot;created_timestamp&quot;:&quot;0&quot;,&quot;copyright&quot;:&quot;&quot;,&quot;focal_length&quot;:&quot;0&quot;,&quot;iso&quot;:&quot;0&quot;,&quot;shutter_speed&quot;:&quot;0&quot;,&quot;title&quot;:&quot;&quot;,&quot;orientation&quot;:&quot;0&quot;}\" data-image-title=\"PHOTO-2025-03-12-23-15-08 (13)\" data-image-description=\"\" data-image-caption=\"\" data-large-file=\"https:\/\/cloud.alqueria.es\/wp-content\/uploads\/sites\/5\/2025\/03\/PHOTO-2025-03-12-23-15-08-13-768x1024.jpg\" class=\"alignnone wp-image-17834 size-full\" src=\"https:\/\/cloud.alqueria.es\/wp-content\/uploads\/sites\/5\/2025\/03\/PHOTO-2025-03-12-23-15-08-13-e1741937031898.jpg\" alt=\"\" width=\"1002\" height=\"1024\" \/><\/p>\n<p>&nbsp;<\/p>\n<p>La segunda conferencia la realiz\u00f3 Candela con el t\u00edtulo:<strong><span style=\"color: #0000ff\"> Sarah Chapman y los acontecimientos que modelaron su \u00e9poca<\/span><\/strong><\/p>\n<p><img decoding=\"async\" data-attachment-id=\"17835\" data-permalink=\"https:\/\/www.alqueria.es\/blogs\/colegioalqueriatercerciclo\/2025\/03\/15\/situaciones-de-aprendizaje\/photo-2025-03-12-23-15-08-12\/\" data-orig-file=\"https:\/\/cloud.alqueria.es\/wp-content\/uploads\/sites\/5\/2025\/03\/PHOTO-2025-03-12-23-15-08-12.jpg\" data-orig-size=\"1600,1200\" data-comments-opened=\"1\" data-image-meta=\"{&quot;aperture&quot;:&quot;0&quot;,&quot;credit&quot;:&quot;&quot;,&quot;camera&quot;:&quot;&quot;,&quot;caption&quot;:&quot;&quot;,&quot;created_timestamp&quot;:&quot;0&quot;,&quot;copyright&quot;:&quot;&quot;,&quot;focal_length&quot;:&quot;0&quot;,&quot;iso&quot;:&quot;0&quot;,&quot;shutter_speed&quot;:&quot;0&quot;,&quot;title&quot;:&quot;&quot;,&quot;orientation&quot;:&quot;0&quot;}\" data-image-title=\"PHOTO-2025-03-12-23-15-08 (12)\" data-image-description=\"\" data-image-caption=\"\" data-large-file=\"https:\/\/cloud.alqueria.es\/wp-content\/uploads\/sites\/5\/2025\/03\/PHOTO-2025-03-12-23-15-08-12-1024x768.jpg\" class=\"alignnone size-full wp-image-17835\" src=\"https:\/\/cloud.alqueria.es\/wp-content\/uploads\/sites\/5\/2025\/03\/PHOTO-2025-03-12-23-15-08-12.jpg\" alt=\"\" width=\"1600\" height=\"1200\" srcset=\"https:\/\/cloud.alqueria.es\/wp-content\/uploads\/sites\/5\/2025\/03\/PHOTO-2025-03-12-23-15-08-12.jpg 1600w, https:\/\/cloud.alqueria.es\/wp-content\/uploads\/sites\/5\/2025\/03\/PHOTO-2025-03-12-23-15-08-12-300x225.jpg 300w, https:\/\/cloud.alqueria.es\/wp-content\/uploads\/sites\/5\/2025\/03\/PHOTO-2025-03-12-23-15-08-12-1024x768.jpg 1024w, https:\/\/cloud.alqueria.es\/wp-content\/uploads\/sites\/5\/2025\/03\/PHOTO-2025-03-12-23-15-08-12-768x576.jpg 768w, https:\/\/cloud.alqueria.es\/wp-content\/uploads\/sites\/5\/2025\/03\/PHOTO-2025-03-12-23-15-08-12-1536x1152.jpg 1536w\" sizes=\"(max-width: 1600px) 100vw, 1600px\" \/><\/p>\n<p>Candela ha partido de esta mujer que tuvo un papel relevante en la historia de la lucha por la igualdad y a trav\u00e9s de los distintos momentos hist\u00f3ricos de su vida ha ido relatando los acontecimientos que fueron sucediendo durante su vida y la importancia de la mujer en la historia.<\/p>\n<p><img decoding=\"async\" data-attachment-id=\"17836\" data-permalink=\"https:\/\/www.alqueria.es\/blogs\/colegioalqueriatercerciclo\/2025\/03\/15\/situaciones-de-aprendizaje\/photo-2025-03-12-23-15-08-1\/\" data-orig-file=\"https:\/\/cloud.alqueria.es\/wp-content\/uploads\/sites\/5\/2025\/03\/PHOTO-2025-03-12-23-15-08-1.jpg\" data-orig-size=\"1600,1200\" data-comments-opened=\"1\" data-image-meta=\"{&quot;aperture&quot;:&quot;0&quot;,&quot;credit&quot;:&quot;&quot;,&quot;camera&quot;:&quot;&quot;,&quot;caption&quot;:&quot;&quot;,&quot;created_timestamp&quot;:&quot;0&quot;,&quot;copyright&quot;:&quot;&quot;,&quot;focal_length&quot;:&quot;0&quot;,&quot;iso&quot;:&quot;0&quot;,&quot;shutter_speed&quot;:&quot;0&quot;,&quot;title&quot;:&quot;&quot;,&quot;orientation&quot;:&quot;0&quot;}\" data-image-title=\"PHOTO-2025-03-12-23-15-08 (1)\" data-image-description=\"\" data-image-caption=\"\" data-large-file=\"https:\/\/cloud.alqueria.es\/wp-content\/uploads\/sites\/5\/2025\/03\/PHOTO-2025-03-12-23-15-08-1-1024x768.jpg\" class=\"alignnone size-full wp-image-17836\" src=\"https:\/\/cloud.alqueria.es\/wp-content\/uploads\/sites\/5\/2025\/03\/PHOTO-2025-03-12-23-15-08-1.jpg\" alt=\"\" width=\"1600\" height=\"1200\" srcset=\"https:\/\/cloud.alqueria.es\/wp-content\/uploads\/sites\/5\/2025\/03\/PHOTO-2025-03-12-23-15-08-1.jpg 1600w, https:\/\/cloud.alqueria.es\/wp-content\/uploads\/sites\/5\/2025\/03\/PHOTO-2025-03-12-23-15-08-1-300x225.jpg 300w, https:\/\/cloud.alqueria.es\/wp-content\/uploads\/sites\/5\/2025\/03\/PHOTO-2025-03-12-23-15-08-1-1024x768.jpg 1024w, https:\/\/cloud.alqueria.es\/wp-content\/uploads\/sites\/5\/2025\/03\/PHOTO-2025-03-12-23-15-08-1-768x576.jpg 768w, https:\/\/cloud.alqueria.es\/wp-content\/uploads\/sites\/5\/2025\/03\/PHOTO-2025-03-12-23-15-08-1-1536x1152.jpg 1536w\" sizes=\"(max-width: 1600px) 100vw, 1600px\" \/><\/p>\n<p>Posteriormente el mismo d\u00eda 7 de marzo se realiza una asamblea en el aula donde recordamos el significado del d\u00eda 8 de marzo, del color violeta. El objetivo de la celebraci\u00f3n de este d\u00eda es,\u00a0 concienciar sobre los problemas que enfrentan las mujeres alrededor del mundo.<\/p>\n<p>Primero hablamos de por qu\u00e9 se celebra este d\u00eda:\u00a0 El <strong>D\u00eda Internacional de la Mujer\u00a0<\/strong>del 8 de marzo fue declarado por las Naciones Unidas en 1975. Dos a\u00f1os m\u00e1s tarde se convirti\u00f3 en el D\u00eda Internacional de la Mujer y la Paz Internacional.\u00a0 \u00a0\u00bfPor qu\u00e9 se eligi\u00f3 ese d\u00eda?\u00a0 Se eligi\u00f3 este d\u00eda porque el 8 de marzo de 1857, miles de trabajadoras salieron a las calles de Nueva York para protestar por las m\u00edseras condiciones laborales.<\/p>\n<p>Posteriormente realizamos un debate sobre los distintos conceptos, actividades relacionados con la celebraci\u00f3n de este d\u00eda, utilizando un PowerPoint elaborado en el aula. Un ejemplo es aclarar los valores que marcan esta celebraci\u00f3n: igualdad, tenacidad, dignidad, justicia, respeto y esperanza entre otros. Hablamos sobre las diferencias culturales entre unos pa\u00edses y otros, as\u00ed como los derechos de las mujeres en unos pa\u00edses y otros. En qu\u00e9 ayudan las diferentes campa\u00f1as que se hacen para concienciar sobre los derechos de la mujer.<\/p>\n<p>Por \u00faltimo hacen una serie de actividades muy l\u00fadicas para conmemorar este d\u00eda: sopas de letras, crucigramas, ficha sobre la igualdad de g\u00e9nero, actividad de comprensi\u00f3n lectora sobre la biograf\u00eda de las mujeres que formaron parte de la NASA.<\/p>\n<p><strong><span style=\"color: #008000\">Taller de coeducaci\u00f3n<\/span><\/strong><\/p>\n<p>Para terminar con las situaciones de aprendizaje elaboradas para trabajar sobre el D\u00eda de la mujer, el lunes recibimos la <span style=\"color: #0000ff\"><strong>Charla del Ayuntamiento de Granada sobre Coeducaci\u00f3n, igualdad de g\u00e9nero. <\/strong><\/span>Recibimos a Julia que nos complementa con sus din\u00e1micas todos aquellos conceptos\u00a0 que se han ido trabajando con anterioridad.<\/p>\n<p><img decoding=\"async\" data-attachment-id=\"17840\" data-permalink=\"https:\/\/www.alqueria.es\/blogs\/colegioalqueriatercerciclo\/2025\/03\/15\/situaciones-de-aprendizaje\/photo-2025-03-12-23-15-08-10\/\" data-orig-file=\"https:\/\/cloud.alqueria.es\/wp-content\/uploads\/sites\/5\/2025\/03\/PHOTO-2025-03-12-23-15-08-10.jpg\" data-orig-size=\"1600,1200\" data-comments-opened=\"1\" data-image-meta=\"{&quot;aperture&quot;:&quot;0&quot;,&quot;credit&quot;:&quot;&quot;,&quot;camera&quot;:&quot;&quot;,&quot;caption&quot;:&quot;&quot;,&quot;created_timestamp&quot;:&quot;0&quot;,&quot;copyright&quot;:&quot;&quot;,&quot;focal_length&quot;:&quot;0&quot;,&quot;iso&quot;:&quot;0&quot;,&quot;shutter_speed&quot;:&quot;0&quot;,&quot;title&quot;:&quot;&quot;,&quot;orientation&quot;:&quot;0&quot;}\" data-image-title=\"PHOTO-2025-03-12-23-15-08 (10)\" data-image-description=\"\" data-image-caption=\"\" data-large-file=\"https:\/\/cloud.alqueria.es\/wp-content\/uploads\/sites\/5\/2025\/03\/PHOTO-2025-03-12-23-15-08-10-1024x768.jpg\" class=\"aligncenter wp-image-17840 size-large\" src=\"https:\/\/cloud.alqueria.es\/wp-content\/uploads\/sites\/5\/2025\/03\/PHOTO-2025-03-12-23-15-08-10-1024x768.jpg\" alt=\"\" width=\"474\" height=\"356\" srcset=\"https:\/\/cloud.alqueria.es\/wp-content\/uploads\/sites\/5\/2025\/03\/PHOTO-2025-03-12-23-15-08-10-1024x768.jpg 1024w, https:\/\/cloud.alqueria.es\/wp-content\/uploads\/sites\/5\/2025\/03\/PHOTO-2025-03-12-23-15-08-10-300x225.jpg 300w, https:\/\/cloud.alqueria.es\/wp-content\/uploads\/sites\/5\/2025\/03\/PHOTO-2025-03-12-23-15-08-10-768x576.jpg 768w, https:\/\/cloud.alqueria.es\/wp-content\/uploads\/sites\/5\/2025\/03\/PHOTO-2025-03-12-23-15-08-10-1536x1152.jpg 1536w, https:\/\/cloud.alqueria.es\/wp-content\/uploads\/sites\/5\/2025\/03\/PHOTO-2025-03-12-23-15-08-10.jpg 1600w\" sizes=\"(max-width: 474px) 100vw, 474px\" \/><\/p>\n<p>Los objetivos que se trabajan con este taller han sido los siguientes:<\/p>\n<ul>\n<li><span style=\"color: #800080\"><strong>Aclarar conceptos b\u00e1sicos sobre la tem\u00e1tica: roles, estereotipos, sexismo, violencia, amor rom\u00e1ntico, etc.<\/strong><\/span><\/li>\n<li><span style=\"color: #800080\"><strong>Qu\u00e9 modelos nos transmiten los temas musicales y videoclips y qu\u00e9 consecuencias tiene estos.<\/strong><\/span><\/li>\n<li><span style=\"color: #800080\"><strong>Tipos de machismo. Diferencias.<\/strong><\/span><\/li>\n<li><span style=\"color: #800080\"><strong>Relaciones afectivas. Amor rom\u00e1ntico<\/strong><\/span><\/li>\n<li><span style=\"color: #800080\"><strong>Alternativas creativas a la construcci\u00f3n de los discursos e im\u00e1genes de los temas musicales analizados.<\/strong><\/span><\/li>\n<\/ul>\n<p>Lo primero que les pregunta Julia es si saben lo qu\u00e9 es coeducaci\u00f3n: aportan que se trata de igualdad de g\u00e9nero, igualdad de oportunidades, luchar contra el racismo, xenofobia, homofobia, discapacidad, luchar contra las desigualdades econ\u00f3micas, los estereotipos.<\/p>\n<p>La primera din\u00e1mica, se hacen seis grupos y a cada grupo se le dan tres preguntas para las que hay que responder muy r\u00e1pido, en menos de 10 segundos: Decir tres cosas t\u00edpicas de chicas; decir tres cosas que definen a un hombre de verdad; decir tres ventajas de ser chico;\u00a0 decir tres cosas que no les gustan a los chicos; decir tres cosas que hacen las novias perfectas y decir tres inseguridades que suelen ter los chicos. Una vez dicho, pasamos a analizar todo lo expuesto y se van aclarando conceptos relacionados con los estereotipos, con los mitos del g\u00e9nero, con la desigualdad.<\/p>\n<p><img decoding=\"async\" data-attachment-id=\"17838\" data-permalink=\"https:\/\/www.alqueria.es\/blogs\/colegioalqueriatercerciclo\/2025\/03\/15\/situaciones-de-aprendizaje\/photo-2025-03-12-23-15-08-6\/\" data-orig-file=\"https:\/\/cloud.alqueria.es\/wp-content\/uploads\/sites\/5\/2025\/03\/PHOTO-2025-03-12-23-15-08-6.jpg\" data-orig-size=\"1600,1200\" data-comments-opened=\"1\" data-image-meta=\"{&quot;aperture&quot;:&quot;0&quot;,&quot;credit&quot;:&quot;&quot;,&quot;camera&quot;:&quot;&quot;,&quot;caption&quot;:&quot;&quot;,&quot;created_timestamp&quot;:&quot;0&quot;,&quot;copyright&quot;:&quot;&quot;,&quot;focal_length&quot;:&quot;0&quot;,&quot;iso&quot;:&quot;0&quot;,&quot;shutter_speed&quot;:&quot;0&quot;,&quot;title&quot;:&quot;&quot;,&quot;orientation&quot;:&quot;0&quot;}\" data-image-title=\"PHOTO-2025-03-12-23-15-08 (6)\" data-image-description=\"\" data-image-caption=\"\" data-large-file=\"https:\/\/cloud.alqueria.es\/wp-content\/uploads\/sites\/5\/2025\/03\/PHOTO-2025-03-12-23-15-08-6-1024x768.jpg\" class=\"aligncenter wp-image-17838 size-large\" src=\"https:\/\/cloud.alqueria.es\/wp-content\/uploads\/sites\/5\/2025\/03\/PHOTO-2025-03-12-23-15-08-6-1024x768.jpg\" alt=\"\" width=\"474\" height=\"356\" srcset=\"https:\/\/cloud.alqueria.es\/wp-content\/uploads\/sites\/5\/2025\/03\/PHOTO-2025-03-12-23-15-08-6-1024x768.jpg 1024w, https:\/\/cloud.alqueria.es\/wp-content\/uploads\/sites\/5\/2025\/03\/PHOTO-2025-03-12-23-15-08-6-300x225.jpg 300w, https:\/\/cloud.alqueria.es\/wp-content\/uploads\/sites\/5\/2025\/03\/PHOTO-2025-03-12-23-15-08-6-768x576.jpg 768w, https:\/\/cloud.alqueria.es\/wp-content\/uploads\/sites\/5\/2025\/03\/PHOTO-2025-03-12-23-15-08-6-1536x1152.jpg 1536w, https:\/\/cloud.alqueria.es\/wp-content\/uploads\/sites\/5\/2025\/03\/PHOTO-2025-03-12-23-15-08-6.jpg 1600w\" sizes=\"(max-width: 474px) 100vw, 474px\" \/><\/p>\n<p>La segunda actividad est\u00e1 relacionada con la m\u00fasica que escuchan.<\/p>\n<p>El grupo hace un listado de 10 canciones que les gusta para escucharlas una a una viendo el v\u00eddeo y analizando por equipos lo que se ve y lo que se dice.<\/p>\n<p>Se analiza la ropa que llevan los chicos y las chicas apreciando en ello ropa m\u00e1s ancha y en ellos la piel m\u00e1s al descubierto. Tambi\u00e9n, la actitud masculina en reget\u00f3n es m\u00e1s chulesca pudiendo ser copiada a la salida de los institutos con comportamientos de vapeo, por ejemplo, para resaltar entre los dem\u00e1s. Se analiza la informaci\u00f3n que dicen las canciones sobre pasarlo bien, el rol de la mujer y del hombre, lo que mas cool o m\u00e1s aburrido, el vocabulario que transmiten. Analizamos si el vocabulario lo interiorizamos y ni siquiera nos paramos a pensar que puede ser ofensivo o inadecuado.<\/p>\n<p><img decoding=\"async\" data-attachment-id=\"17839\" data-permalink=\"https:\/\/www.alqueria.es\/blogs\/colegioalqueriatercerciclo\/2025\/03\/15\/situaciones-de-aprendizaje\/photo-2025-03-12-23-15-08-8\/\" data-orig-file=\"https:\/\/cloud.alqueria.es\/wp-content\/uploads\/sites\/5\/2025\/03\/PHOTO-2025-03-12-23-15-08-8.jpg\" data-orig-size=\"1600,1200\" data-comments-opened=\"1\" data-image-meta=\"{&quot;aperture&quot;:&quot;0&quot;,&quot;credit&quot;:&quot;&quot;,&quot;camera&quot;:&quot;&quot;,&quot;caption&quot;:&quot;&quot;,&quot;created_timestamp&quot;:&quot;0&quot;,&quot;copyright&quot;:&quot;&quot;,&quot;focal_length&quot;:&quot;0&quot;,&quot;iso&quot;:&quot;0&quot;,&quot;shutter_speed&quot;:&quot;0&quot;,&quot;title&quot;:&quot;&quot;,&quot;orientation&quot;:&quot;0&quot;}\" data-image-title=\"PHOTO-2025-03-12-23-15-08 (8)\" data-image-description=\"\" data-image-caption=\"\" data-large-file=\"https:\/\/cloud.alqueria.es\/wp-content\/uploads\/sites\/5\/2025\/03\/PHOTO-2025-03-12-23-15-08-8-1024x768.jpg\" class=\"alignnone size-full wp-image-17839\" src=\"https:\/\/cloud.alqueria.es\/wp-content\/uploads\/sites\/5\/2025\/03\/PHOTO-2025-03-12-23-15-08-8.jpg\" alt=\"\" width=\"1600\" height=\"1200\" srcset=\"https:\/\/cloud.alqueria.es\/wp-content\/uploads\/sites\/5\/2025\/03\/PHOTO-2025-03-12-23-15-08-8.jpg 1600w, https:\/\/cloud.alqueria.es\/wp-content\/uploads\/sites\/5\/2025\/03\/PHOTO-2025-03-12-23-15-08-8-300x225.jpg 300w, https:\/\/cloud.alqueria.es\/wp-content\/uploads\/sites\/5\/2025\/03\/PHOTO-2025-03-12-23-15-08-8-1024x768.jpg 1024w, https:\/\/cloud.alqueria.es\/wp-content\/uploads\/sites\/5\/2025\/03\/PHOTO-2025-03-12-23-15-08-8-768x576.jpg 768w, https:\/\/cloud.alqueria.es\/wp-content\/uploads\/sites\/5\/2025\/03\/PHOTO-2025-03-12-23-15-08-8-1536x1152.jpg 1536w\" sizes=\"(max-width: 1600px) 100vw, 1600px\" \/><\/p>\n<p>Les ha encantado esta actividad que adem\u00e1s ha puesto de manifiesto que a veces la m\u00fasica que escuchamos es necesario analizarla.<\/p>\n<p><strong><span style=\"color: #008000\">Visita del Ecoparque<\/span><\/strong><\/p>\n<p>Este curso nos vuelve a visitar Maite, una de las encargadas del Ecoparque m\u00f3vil para descubrirnos una nueva forma de retirar los residuos que se producen en casa, en los trabajos.<\/p>\n<p><img decoding=\"async\" data-attachment-id=\"17841\" data-permalink=\"https:\/\/www.alqueria.es\/blogs\/colegioalqueriatercerciclo\/2025\/03\/15\/situaciones-de-aprendizaje\/photo-2025-03-12-23-15-08-18\/\" data-orig-file=\"https:\/\/cloud.alqueria.es\/wp-content\/uploads\/sites\/5\/2025\/03\/PHOTO-2025-03-12-23-15-08-18.jpg\" data-orig-size=\"1600,1200\" data-comments-opened=\"1\" data-image-meta=\"{&quot;aperture&quot;:&quot;0&quot;,&quot;credit&quot;:&quot;&quot;,&quot;camera&quot;:&quot;&quot;,&quot;caption&quot;:&quot;&quot;,&quot;created_timestamp&quot;:&quot;0&quot;,&quot;copyright&quot;:&quot;&quot;,&quot;focal_length&quot;:&quot;0&quot;,&quot;iso&quot;:&quot;0&quot;,&quot;shutter_speed&quot;:&quot;0&quot;,&quot;title&quot;:&quot;&quot;,&quot;orientation&quot;:&quot;0&quot;}\" data-image-title=\"PHOTO-2025-03-12-23-15-08 (18)\" data-image-description=\"\" data-image-caption=\"\" data-large-file=\"https:\/\/cloud.alqueria.es\/wp-content\/uploads\/sites\/5\/2025\/03\/PHOTO-2025-03-12-23-15-08-18-1024x768.jpg\" class=\"alignnone size-full wp-image-17841\" src=\"https:\/\/cloud.alqueria.es\/wp-content\/uploads\/sites\/5\/2025\/03\/PHOTO-2025-03-12-23-15-08-18.jpg\" alt=\"\" width=\"1600\" height=\"1200\" srcset=\"https:\/\/cloud.alqueria.es\/wp-content\/uploads\/sites\/5\/2025\/03\/PHOTO-2025-03-12-23-15-08-18.jpg 1600w, https:\/\/cloud.alqueria.es\/wp-content\/uploads\/sites\/5\/2025\/03\/PHOTO-2025-03-12-23-15-08-18-300x225.jpg 300w, https:\/\/cloud.alqueria.es\/wp-content\/uploads\/sites\/5\/2025\/03\/PHOTO-2025-03-12-23-15-08-18-1024x768.jpg 1024w, https:\/\/cloud.alqueria.es\/wp-content\/uploads\/sites\/5\/2025\/03\/PHOTO-2025-03-12-23-15-08-18-768x576.jpg 768w, https:\/\/cloud.alqueria.es\/wp-content\/uploads\/sites\/5\/2025\/03\/PHOTO-2025-03-12-23-15-08-18-1536x1152.jpg 1536w\" sizes=\"(max-width: 1600px) 100vw, 1600px\" \/><\/p>\n<p>Adem\u00e1s de recordarnos todo aquello que se puede reciclar, nos acerca la experiencia del contenedor m\u00f3vil para todo tipo de utensilios peque\u00f1os que ya no usamos en casa. Este remolque (contenedor) permanece en diferentes espacios de la capital durante 24h. para facilitar a la ciudadan\u00eda su uso con aquellos objetos que habitualmente se depositan en el punto limpio. Adem\u00e1s Maite nos recuerda qu\u00e9 objetos podemos echar en el contenedor: pilas, libros, tapones de pl\u00e1stico,\u00a0 peque\u00f1os electrodom\u00e9sticos, aceite sucio, pinturas, c\u00e1psulas del caf\u00e9, tintas y t\u00f3ner, juguetes. Nos explica que por ejemplo las c\u00e1psulas y tapones se recogen y se le entregan a ASPOGRADES para que ellos lo vendan y puedan financiar algunas de sus actividades. Tambi\u00e9n nos dice como este a\u00f1o el ayuntamiento ha firmado un acuerdo para llevar los juguetes y libros que se recogen a la asociaci\u00f3n de ni\u00f1os y ni\u00f1as de Almanj\u00e1yar.<\/p>\n<p><img decoding=\"async\" data-attachment-id=\"17842\" data-permalink=\"https:\/\/www.alqueria.es\/blogs\/colegioalqueriatercerciclo\/2025\/03\/15\/situaciones-de-aprendizaje\/photo-2025-03-12-23-15-08-19\/\" data-orig-file=\"https:\/\/cloud.alqueria.es\/wp-content\/uploads\/sites\/5\/2025\/03\/PHOTO-2025-03-12-23-15-08-19.jpg\" data-orig-size=\"1600,1200\" data-comments-opened=\"1\" data-image-meta=\"{&quot;aperture&quot;:&quot;0&quot;,&quot;credit&quot;:&quot;&quot;,&quot;camera&quot;:&quot;&quot;,&quot;caption&quot;:&quot;&quot;,&quot;created_timestamp&quot;:&quot;0&quot;,&quot;copyright&quot;:&quot;&quot;,&quot;focal_length&quot;:&quot;0&quot;,&quot;iso&quot;:&quot;0&quot;,&quot;shutter_speed&quot;:&quot;0&quot;,&quot;title&quot;:&quot;&quot;,&quot;orientation&quot;:&quot;0&quot;}\" data-image-title=\"PHOTO-2025-03-12-23-15-08 (19)\" data-image-description=\"\" data-image-caption=\"\" data-large-file=\"https:\/\/cloud.alqueria.es\/wp-content\/uploads\/sites\/5\/2025\/03\/PHOTO-2025-03-12-23-15-08-19-1024x768.jpg\" class=\"alignnone size-full wp-image-17842\" src=\"https:\/\/cloud.alqueria.es\/wp-content\/uploads\/sites\/5\/2025\/03\/PHOTO-2025-03-12-23-15-08-19.jpg\" alt=\"\" width=\"1600\" height=\"1200\" srcset=\"https:\/\/cloud.alqueria.es\/wp-content\/uploads\/sites\/5\/2025\/03\/PHOTO-2025-03-12-23-15-08-19.jpg 1600w, https:\/\/cloud.alqueria.es\/wp-content\/uploads\/sites\/5\/2025\/03\/PHOTO-2025-03-12-23-15-08-19-300x225.jpg 300w, https:\/\/cloud.alqueria.es\/wp-content\/uploads\/sites\/5\/2025\/03\/PHOTO-2025-03-12-23-15-08-19-1024x768.jpg 1024w, https:\/\/cloud.alqueria.es\/wp-content\/uploads\/sites\/5\/2025\/03\/PHOTO-2025-03-12-23-15-08-19-768x576.jpg 768w, https:\/\/cloud.alqueria.es\/wp-content\/uploads\/sites\/5\/2025\/03\/PHOTO-2025-03-12-23-15-08-19-1536x1152.jpg 1536w\" sizes=\"(max-width: 1600px) 100vw, 1600px\" \/><\/p>\n<p><img decoding=\"async\" data-attachment-id=\"17843\" data-permalink=\"https:\/\/www.alqueria.es\/blogs\/colegioalqueriatercerciclo\/2025\/03\/15\/situaciones-de-aprendizaje\/photo-2025-03-14-07-37-34-2\/\" data-orig-file=\"https:\/\/cloud.alqueria.es\/wp-content\/uploads\/sites\/5\/2025\/03\/PHOTO-2025-03-14-07-37-34-2.jpg\" data-orig-size=\"1200,1600\" data-comments-opened=\"1\" data-image-meta=\"{&quot;aperture&quot;:&quot;0&quot;,&quot;credit&quot;:&quot;&quot;,&quot;camera&quot;:&quot;&quot;,&quot;caption&quot;:&quot;&quot;,&quot;created_timestamp&quot;:&quot;0&quot;,&quot;copyright&quot;:&quot;&quot;,&quot;focal_length&quot;:&quot;0&quot;,&quot;iso&quot;:&quot;0&quot;,&quot;shutter_speed&quot;:&quot;0&quot;,&quot;title&quot;:&quot;&quot;,&quot;orientation&quot;:&quot;0&quot;}\" data-image-title=\"PHOTO-2025-03-14-07-37-34 (2)\" data-image-description=\"\" data-image-caption=\"\" data-large-file=\"https:\/\/cloud.alqueria.es\/wp-content\/uploads\/sites\/5\/2025\/03\/PHOTO-2025-03-14-07-37-34-2-768x1024.jpg\" class=\"alignnone wp-image-17843 size-large\" src=\"https:\/\/cloud.alqueria.es\/wp-content\/uploads\/sites\/5\/2025\/03\/PHOTO-2025-03-14-07-37-34-2-768x1024.jpg\" alt=\"\" width=\"474\" height=\"632\" srcset=\"https:\/\/cloud.alqueria.es\/wp-content\/uploads\/sites\/5\/2025\/03\/PHOTO-2025-03-14-07-37-34-2-768x1024.jpg 768w, https:\/\/cloud.alqueria.es\/wp-content\/uploads\/sites\/5\/2025\/03\/PHOTO-2025-03-14-07-37-34-2-225x300.jpg 225w, https:\/\/cloud.alqueria.es\/wp-content\/uploads\/sites\/5\/2025\/03\/PHOTO-2025-03-14-07-37-34-2-1152x1536.jpg 1152w, https:\/\/cloud.alqueria.es\/wp-content\/uploads\/sites\/5\/2025\/03\/PHOTO-2025-03-14-07-37-34-2.jpg 1200w\" sizes=\"(max-width: 474px) 100vw, 474px\" \/><\/p>\n<p>Aprovechamos para echar en el cami\u00f3n todos aquellos residuos que han tra\u00eddo algunos compa\u00f1eros y compa\u00f1eras de sus casa y tambi\u00e9n del cole: cables, tintas de impresoras, discos CD, casete de m\u00fasica, libros.<\/p>\n<p>Buen fin de Semana<\/p>\n<p>Isabel<\/p>\n","protected":false},"excerpt":{"rendered":"<p>Estimadas familias, a lo largo de todos estos meses que llevamos en nuestro viaje de sexto, son muchos y variadas situaciones que se aprovechan para lograr un aprendizaje significativo del alumno. Durante este mes de marzo, han ido apareciendo en el blog algunas de las propuestas\u00a0 y experiencias de aprendizaje que se han llevado a &hellip; <a href=\"https:\/\/www.alqueria.es\/blogs\/colegioalqueriatercerciclo\/2025\/03\/15\/situaciones-de-aprendizaje\/\" class=\"more-link\">Seguir leyendo <span class=\"screen-reader-text\">Situaciones de aprendizaje<\/span> <span class=\"meta-nav\">&rarr;<\/span><\/a><\/p>\n","protected":false},"author":9,"featured_media":0,"comment_status":"open","ping_status":"open","sticky":false,"template":"","format":"standard","meta":{"jetpack_post_was_ever_published":false,"_jetpack_newsletter_access":"","_jetpack_dont_email_post_to_subs":false,"_jetpack_newsletter_tier_id":0,"_jetpack_memberships_contains_paywalled_content":false,"_jetpack_memberships_contains_paid_content":false,"footnotes":"","jetpack_publicize_message":"","jetpack_publicize_feature_enabled":true,"jetpack_social_post_already_shared":true,"jetpack_social_options":{"image_generator_settings":{"template":"highway","default_image_id":0,"font":"","enabled":false},"version":2}},"categories":[3,17,353,668,659,13,15],"tags":[],"class_list":["post-17811","post","type-post","status-publish","format-standard","hentry","category-6o-epo","category-artistica-6o","category-conferencias-tercer-ciclo","category-emprendimiento","category-proyectos","category-salidas-6o","category-semanario-6o"],"jetpack_publicize_connections":[],"jetpack_featured_media_url":"","jetpack_sharing_enabled":true,"jetpack_shortlink":"https:\/\/wp.me\/p4l4AW-4Dh","jetpack-related-posts":[],"_links":{"self":[{"href":"https:\/\/www.alqueria.es\/blogs\/colegioalqueriatercerciclo\/wp-json\/wp\/v2\/posts\/17811","targetHints":{"allow":["GET"]}}],"collection":[{"href":"https:\/\/www.alqueria.es\/blogs\/colegioalqueriatercerciclo\/wp-json\/wp\/v2\/posts"}],"about":[{"href":"https:\/\/www.alqueria.es\/blogs\/colegioalqueriatercerciclo\/wp-json\/wp\/v2\/types\/post"}],"author":[{"embeddable":true,"href":"https:\/\/www.alqueria.es\/blogs\/colegioalqueriatercerciclo\/wp-json\/wp\/v2\/users\/9"}],"replies":[{"embeddable":true,"href":"https:\/\/www.alqueria.es\/blogs\/colegioalqueriatercerciclo\/wp-json\/wp\/v2\/comments?post=17811"}],"version-history":[{"count":8,"href":"https:\/\/www.alqueria.es\/blogs\/colegioalqueriatercerciclo\/wp-json\/wp\/v2\/posts\/17811\/revisions"}],"predecessor-version":[{"id":17871,"href":"https:\/\/www.alqueria.es\/blogs\/colegioalqueriatercerciclo\/wp-json\/wp\/v2\/posts\/17811\/revisions\/17871"}],"wp:attachment":[{"href":"https:\/\/www.alqueria.es\/blogs\/colegioalqueriatercerciclo\/wp-json\/wp\/v2\/media?parent=17811"}],"wp:term":[{"taxonomy":"category","embeddable":true,"href":"https:\/\/www.alqueria.es\/blogs\/colegioalqueriatercerciclo\/wp-json\/wp\/v2\/categories?post=17811"},{"taxonomy":"post_tag","embeddable":true,"href":"https:\/\/www.alqueria.es\/blogs\/colegioalqueriatercerciclo\/wp-json\/wp\/v2\/tags?post=17811"}],"curies":[{"name":"wp","href":"https:\/\/api.w.org\/{rel}","templated":true}]}}