{"id":17869,"date":"2025-03-15T11:16:31","date_gmt":"2025-03-15T10:16:31","guid":{"rendered":"https:\/\/www.alqueria.es\/blogs\/colegioalqueriatercerciclo\/?p=17869"},"modified":"2025-03-15T11:16:31","modified_gmt":"2025-03-15T10:16:31","slug":"la-igualdad","status":"publish","type":"post","link":"https:\/\/www.alqueria.es\/blogs\/colegioalqueriatercerciclo\/2025\/03\/15\/la-igualdad\/","title":{"rendered":"La igualdad"},"content":{"rendered":"<p>Esta semana se lleva a cabo la conferencia de Vega sobre \u00abLa igualdad\u00bb para celebrar el D\u00eda de la Mujer. Con mucho dominio y conocimiento del tema, traslada al grupo sus inquietudes y conocimientos.<\/p>\n<p>Aborda temas como los estereotipos, el lenguaje inclusivo, el patriarcado, la violencia de g\u00e9nero y el machismo. Destaca la lucha feminista y menciona a mujeres influyentes como Clara Campoamor, Emma Watson y Margarita Salas. Tambi\u00e9n explica la historia del 8 de marzo, cuando trabajadoras fueron asesinadas por exigir igualdad salarial. Al finalizar, plantea preguntas para reflexionar sobre la igualdad y la falta de mujeres en el liderazgo pol\u00edtico.<\/p>\n<p><img decoding=\"async\" data-attachment-id=\"17872\" data-permalink=\"https:\/\/www.alqueria.es\/blogs\/colegioalqueriatercerciclo\/2025\/03\/15\/la-igualdad\/igualdad\/\" data-orig-file=\"https:\/\/cloud.alqueria.es\/wp-content\/uploads\/sites\/5\/2025\/03\/igualdad.jpeg\" data-orig-size=\"2040,1148\" data-comments-opened=\"1\" data-image-meta=\"{&quot;aperture&quot;:&quot;0&quot;,&quot;credit&quot;:&quot;&quot;,&quot;camera&quot;:&quot;&quot;,&quot;caption&quot;:&quot;&quot;,&quot;created_timestamp&quot;:&quot;0&quot;,&quot;copyright&quot;:&quot;&quot;,&quot;focal_length&quot;:&quot;0&quot;,&quot;iso&quot;:&quot;0&quot;,&quot;shutter_speed&quot;:&quot;0&quot;,&quot;title&quot;:&quot;&quot;,&quot;orientation&quot;:&quot;0&quot;}\" data-image-title=\"igualdad\" data-image-description=\"\" data-image-caption=\"\" data-large-file=\"https:\/\/cloud.alqueria.es\/wp-content\/uploads\/sites\/5\/2025\/03\/igualdad-1024x576.jpeg\" class=\"alignnone size-full wp-image-17872\" src=\"https:\/\/cloud.alqueria.es\/wp-content\/uploads\/sites\/5\/2025\/03\/igualdad.jpeg\" alt=\"\" width=\"2040\" height=\"1148\" srcset=\"https:\/\/cloud.alqueria.es\/wp-content\/uploads\/sites\/5\/2025\/03\/igualdad.jpeg 2040w, https:\/\/cloud.alqueria.es\/wp-content\/uploads\/sites\/5\/2025\/03\/igualdad-300x169.jpeg 300w, https:\/\/cloud.alqueria.es\/wp-content\/uploads\/sites\/5\/2025\/03\/igualdad-1024x576.jpeg 1024w, https:\/\/cloud.alqueria.es\/wp-content\/uploads\/sites\/5\/2025\/03\/igualdad-768x432.jpeg 768w, https:\/\/cloud.alqueria.es\/wp-content\/uploads\/sites\/5\/2025\/03\/igualdad-1536x864.jpeg 1536w\" sizes=\"(max-width: 2040px) 100vw, 2040px\" \/><\/p>\n<p>Sin duda ha sido una experiencia que ha llegado al grupo aprendiendo diferentes conceptos y entendiendo la importancia del cambio en la \u00e9poca actual.<\/p>\n<div class=\"a25-CTUOC-hidding-box\" data-original-content=\"&lt;iframe loading=&quot;lazy&quot; class=&quot;scribd_iframe_embed&quot; src=&quot;https:\/\/www.scribd.com\/embeds\/839451043\/content?start_page=1&amp;view_mode&amp;access_key=key-1UNbVDUIceK3FTGVU4qd&quot;  data-auto-height=&quot;true&quot; scrolling=&quot;no&quot; id=&quot;scribd_839451043&quot; width=&quot;100%&quot; height=&quot;500&quot; frameborder=&quot;0&quot;&gt;&lt;\/iframe&gt;\">Esta p\u00e1gina incluye contenido multimedia que requiere aceptar todas las cookies. Pulse aqu\u00ed para abrir la configuraci\u00f3n de cookies.<\/div>\n\t\t<div style=\"font-size:10px;text-align:center;width:100%\"><a href=\"https:\/\/www.scribd.com\/doc\/839451043\" rel=\"noopener noreferrer\" target=\"_blank\">Ver este documento en Scribd<\/a><\/div>\n<p><span style=\"color: #0000ff\"><strong>Ecoparque m\u00f3vil\u00a0<\/strong><\/span><\/p>\n<p data-start=\"52\" data-end=\"389\">Esta semana, el remolque de <em data-start=\"80\" data-end=\"97\">Ecoparque M\u00f3vil<\/em> regresa para mostrarnos una nueva forma de reciclar. Maite, junto a los grupos de primaria, no solo nos recordar\u00e1 qu\u00e9 materiales pueden reciclarse, sino que tambi\u00e9n nos acercar\u00e1 a la experiencia del contenedor m\u00f3vil, dise\u00f1ado para depositar peque\u00f1os utensilios en desuso de nuestros hogares.<\/p>\n<p data-start=\"391\" data-end=\"616\">Este remolque itinerante permanecer\u00e1 en distintos puntos de la capital durante 24 horas, facilitando a la ciudadan\u00eda el acceso a un punto de reciclaje alternativo para objetos que normalmente se llevar\u00edan a un punto limpio.<\/p>\n<p data-start=\"618\" data-end=\"964\">A trav\u00e9s de su p\u00e1gina de Facebook e <a href=\"https:\/\/www.inagra.es\/\">Inagra<\/a>, <em data-start=\"653\" data-end=\"670\">Ecoparque M\u00f3vil<\/em> informa sobre las diferentes opciones de reciclaje, as\u00ed como los d\u00edas y ubicaciones donde estar\u00e1 disponible. Adem\u00e1s, organizan talleres de reciclaje en l\u00ednea.<\/p>\n<p><img decoding=\"async\" data-attachment-id=\"17873\" data-permalink=\"https:\/\/www.alqueria.es\/blogs\/colegioalqueriatercerciclo\/2025\/03\/15\/la-igualdad\/reciclaje-1\/\" data-orig-file=\"https:\/\/cloud.alqueria.es\/wp-content\/uploads\/sites\/5\/2025\/03\/reciclaje-1.jpeg\" data-orig-size=\"2048,1537\" data-comments-opened=\"1\" data-image-meta=\"{&quot;aperture&quot;:&quot;0&quot;,&quot;credit&quot;:&quot;&quot;,&quot;camera&quot;:&quot;&quot;,&quot;caption&quot;:&quot;&quot;,&quot;created_timestamp&quot;:&quot;0&quot;,&quot;copyright&quot;:&quot;&quot;,&quot;focal_length&quot;:&quot;0&quot;,&quot;iso&quot;:&quot;0&quot;,&quot;shutter_speed&quot;:&quot;0&quot;,&quot;title&quot;:&quot;&quot;,&quot;orientation&quot;:&quot;0&quot;}\" data-image-title=\"reciclaje (1)\" data-image-description=\"\" data-image-caption=\"\" data-large-file=\"https:\/\/cloud.alqueria.es\/wp-content\/uploads\/sites\/5\/2025\/03\/reciclaje-1-1024x769.jpeg\" class=\"alignnone size-full wp-image-17873\" src=\"https:\/\/cloud.alqueria.es\/wp-content\/uploads\/sites\/5\/2025\/03\/reciclaje-1.jpeg\" alt=\"\" width=\"2048\" height=\"1537\" srcset=\"https:\/\/cloud.alqueria.es\/wp-content\/uploads\/sites\/5\/2025\/03\/reciclaje-1.jpeg 2048w, https:\/\/cloud.alqueria.es\/wp-content\/uploads\/sites\/5\/2025\/03\/reciclaje-1-300x225.jpeg 300w, https:\/\/cloud.alqueria.es\/wp-content\/uploads\/sites\/5\/2025\/03\/reciclaje-1-1024x769.jpeg 1024w, https:\/\/cloud.alqueria.es\/wp-content\/uploads\/sites\/5\/2025\/03\/reciclaje-1-768x576.jpeg 768w, https:\/\/cloud.alqueria.es\/wp-content\/uploads\/sites\/5\/2025\/03\/reciclaje-1-1536x1153.jpeg 1536w\" sizes=\"(max-width: 2048px) 100vw, 2048px\" \/> <img decoding=\"async\" data-attachment-id=\"17874\" data-permalink=\"https:\/\/www.alqueria.es\/blogs\/colegioalqueriatercerciclo\/2025\/03\/15\/la-igualdad\/reciclaje-2\/\" data-orig-file=\"https:\/\/cloud.alqueria.es\/wp-content\/uploads\/sites\/5\/2025\/03\/reciclaje-2.jpeg\" data-orig-size=\"2040,1148\" data-comments-opened=\"1\" data-image-meta=\"{&quot;aperture&quot;:&quot;0&quot;,&quot;credit&quot;:&quot;&quot;,&quot;camera&quot;:&quot;&quot;,&quot;caption&quot;:&quot;&quot;,&quot;created_timestamp&quot;:&quot;0&quot;,&quot;copyright&quot;:&quot;&quot;,&quot;focal_length&quot;:&quot;0&quot;,&quot;iso&quot;:&quot;0&quot;,&quot;shutter_speed&quot;:&quot;0&quot;,&quot;title&quot;:&quot;&quot;,&quot;orientation&quot;:&quot;0&quot;}\" data-image-title=\"reciclaje (2)\" data-image-description=\"\" data-image-caption=\"\" data-large-file=\"https:\/\/cloud.alqueria.es\/wp-content\/uploads\/sites\/5\/2025\/03\/reciclaje-2-1024x576.jpeg\" class=\"alignnone size-full wp-image-17874\" src=\"https:\/\/cloud.alqueria.es\/wp-content\/uploads\/sites\/5\/2025\/03\/reciclaje-2.jpeg\" alt=\"\" width=\"2040\" height=\"1148\" srcset=\"https:\/\/cloud.alqueria.es\/wp-content\/uploads\/sites\/5\/2025\/03\/reciclaje-2.jpeg 2040w, https:\/\/cloud.alqueria.es\/wp-content\/uploads\/sites\/5\/2025\/03\/reciclaje-2-300x169.jpeg 300w, https:\/\/cloud.alqueria.es\/wp-content\/uploads\/sites\/5\/2025\/03\/reciclaje-2-1024x576.jpeg 1024w, https:\/\/cloud.alqueria.es\/wp-content\/uploads\/sites\/5\/2025\/03\/reciclaje-2-768x432.jpeg 768w, https:\/\/cloud.alqueria.es\/wp-content\/uploads\/sites\/5\/2025\/03\/reciclaje-2-1536x864.jpeg 1536w\" sizes=\"(max-width: 2040px) 100vw, 2040px\" \/> <img decoding=\"async\" data-attachment-id=\"17875\" data-permalink=\"https:\/\/www.alqueria.es\/blogs\/colegioalqueriatercerciclo\/2025\/03\/15\/la-igualdad\/reciclaje-3\/\" data-orig-file=\"https:\/\/cloud.alqueria.es\/wp-content\/uploads\/sites\/5\/2025\/03\/reciclaje-3.jpeg\" data-orig-size=\"2040,1148\" data-comments-opened=\"1\" data-image-meta=\"{&quot;aperture&quot;:&quot;0&quot;,&quot;credit&quot;:&quot;&quot;,&quot;camera&quot;:&quot;&quot;,&quot;caption&quot;:&quot;&quot;,&quot;created_timestamp&quot;:&quot;0&quot;,&quot;copyright&quot;:&quot;&quot;,&quot;focal_length&quot;:&quot;0&quot;,&quot;iso&quot;:&quot;0&quot;,&quot;shutter_speed&quot;:&quot;0&quot;,&quot;title&quot;:&quot;&quot;,&quot;orientation&quot;:&quot;0&quot;}\" data-image-title=\"reciclaje (3)\" data-image-description=\"\" data-image-caption=\"\" data-large-file=\"https:\/\/cloud.alqueria.es\/wp-content\/uploads\/sites\/5\/2025\/03\/reciclaje-3-1024x576.jpeg\" class=\"alignnone size-full wp-image-17875\" src=\"https:\/\/cloud.alqueria.es\/wp-content\/uploads\/sites\/5\/2025\/03\/reciclaje-3.jpeg\" alt=\"\" width=\"2040\" height=\"1148\" srcset=\"https:\/\/cloud.alqueria.es\/wp-content\/uploads\/sites\/5\/2025\/03\/reciclaje-3.jpeg 2040w, https:\/\/cloud.alqueria.es\/wp-content\/uploads\/sites\/5\/2025\/03\/reciclaje-3-300x169.jpeg 300w, https:\/\/cloud.alqueria.es\/wp-content\/uploads\/sites\/5\/2025\/03\/reciclaje-3-1024x576.jpeg 1024w, https:\/\/cloud.alqueria.es\/wp-content\/uploads\/sites\/5\/2025\/03\/reciclaje-3-768x432.jpeg 768w, https:\/\/cloud.alqueria.es\/wp-content\/uploads\/sites\/5\/2025\/03\/reciclaje-3-1536x864.jpeg 1536w\" sizes=\"(max-width: 2040px) 100vw, 2040px\" \/><\/p>\n<p><span style=\"color: #0000ff\"><strong>Liga MBA<\/strong><\/span><\/p>\n<p data-start=\"0\" data-end=\"370\">Hemos seguido avanzando en nuestro proyecto de emprendimiento, dedicando gran parte de la jornada de clase al desarrollo de diferentes aspectos, como la memoria del proyecto, el retoque digital, la p\u00e1gina web y el plan financiero, entre otros. Estos avances deben compartirlos en casa y ser\u00e1n presentados el 28 de marzo en la Escuela de Gerencia con todo el grupo en la final de liga MBA.<\/p>\n<p data-start=\"372\" data-end=\"651\" data-is-last-node=\"\" data-is-only-node=\"\">Adem\u00e1s, el 20 de marzo debemos entregar la memoria final, por lo que la pr\u00f3xima semana ser\u00e1 clave para intensificar nuestro trabajo. Una vez completada la entrega, nos enfocaremos en ensayar el <em data-start=\"566\" data-end=\"582\">Elevator Pitch<\/em>, defendiendo nuestro producto y la memoria en tan solo tres minutos.<\/p>\n<p><img decoding=\"async\" data-attachment-id=\"17878\" data-permalink=\"https:\/\/www.alqueria.es\/blogs\/colegioalqueriatercerciclo\/2025\/03\/15\/la-igualdad\/elevator-pitch\/\" data-orig-file=\"https:\/\/cloud.alqueria.es\/wp-content\/uploads\/sites\/5\/2025\/03\/elevator-pitch.png\" data-orig-size=\"1920,1080\" data-comments-opened=\"1\" data-image-meta=\"{&quot;aperture&quot;:&quot;0&quot;,&quot;credit&quot;:&quot;&quot;,&quot;camera&quot;:&quot;&quot;,&quot;caption&quot;:&quot;&quot;,&quot;created_timestamp&quot;:&quot;0&quot;,&quot;copyright&quot;:&quot;&quot;,&quot;focal_length&quot;:&quot;0&quot;,&quot;iso&quot;:&quot;0&quot;,&quot;shutter_speed&quot;:&quot;0&quot;,&quot;title&quot;:&quot;&quot;,&quot;orientation&quot;:&quot;0&quot;}\" data-image-title=\"elevator pitch\" data-image-description=\"\" data-image-caption=\"\" data-large-file=\"https:\/\/cloud.alqueria.es\/wp-content\/uploads\/sites\/5\/2025\/03\/elevator-pitch-1024x576.png\" class=\"alignnone size-full wp-image-17878\" src=\"https:\/\/cloud.alqueria.es\/wp-content\/uploads\/sites\/5\/2025\/03\/elevator-pitch.png\" alt=\"\" width=\"1920\" height=\"1080\" srcset=\"https:\/\/cloud.alqueria.es\/wp-content\/uploads\/sites\/5\/2025\/03\/elevator-pitch.png 1920w, https:\/\/cloud.alqueria.es\/wp-content\/uploads\/sites\/5\/2025\/03\/elevator-pitch-300x169.png 300w, https:\/\/cloud.alqueria.es\/wp-content\/uploads\/sites\/5\/2025\/03\/elevator-pitch-1024x576.png 1024w, https:\/\/cloud.alqueria.es\/wp-content\/uploads\/sites\/5\/2025\/03\/elevator-pitch-768x432.png 768w, https:\/\/cloud.alqueria.es\/wp-content\/uploads\/sites\/5\/2025\/03\/elevator-pitch-1536x864.png 1536w\" sizes=\"(max-width: 1920px) 100vw, 1920px\" \/><\/p>\n<p><img decoding=\"async\" data-attachment-id=\"17876\" data-permalink=\"https:\/\/www.alqueria.es\/blogs\/colegioalqueriatercerciclo\/2025\/03\/15\/la-igualdad\/mba-2\/\" data-orig-file=\"https:\/\/cloud.alqueria.es\/wp-content\/uploads\/sites\/5\/2025\/03\/mba-1.jpeg\" data-orig-size=\"2040,1148\" data-comments-opened=\"1\" data-image-meta=\"{&quot;aperture&quot;:&quot;0&quot;,&quot;credit&quot;:&quot;&quot;,&quot;camera&quot;:&quot;&quot;,&quot;caption&quot;:&quot;&quot;,&quot;created_timestamp&quot;:&quot;0&quot;,&quot;copyright&quot;:&quot;&quot;,&quot;focal_length&quot;:&quot;0&quot;,&quot;iso&quot;:&quot;0&quot;,&quot;shutter_speed&quot;:&quot;0&quot;,&quot;title&quot;:&quot;&quot;,&quot;orientation&quot;:&quot;0&quot;}\" data-image-title=\"mba\" data-image-description=\"\" data-image-caption=\"\" data-large-file=\"https:\/\/cloud.alqueria.es\/wp-content\/uploads\/sites\/5\/2025\/03\/mba-1-1024x576.jpeg\" class=\"alignnone size-full wp-image-17876\" src=\"https:\/\/cloud.alqueria.es\/wp-content\/uploads\/sites\/5\/2025\/03\/mba-1.jpeg\" alt=\"\" width=\"2040\" height=\"1148\" srcset=\"https:\/\/cloud.alqueria.es\/wp-content\/uploads\/sites\/5\/2025\/03\/mba-1.jpeg 2040w, https:\/\/cloud.alqueria.es\/wp-content\/uploads\/sites\/5\/2025\/03\/mba-1-300x169.jpeg 300w, https:\/\/cloud.alqueria.es\/wp-content\/uploads\/sites\/5\/2025\/03\/mba-1-1024x576.jpeg 1024w, https:\/\/cloud.alqueria.es\/wp-content\/uploads\/sites\/5\/2025\/03\/mba-1-768x432.jpeg 768w, https:\/\/cloud.alqueria.es\/wp-content\/uploads\/sites\/5\/2025\/03\/mba-1-1536x864.jpeg 1536w\" sizes=\"(max-width: 2040px) 100vw, 2040px\" \/> <img decoding=\"async\" data-attachment-id=\"17877\" data-permalink=\"https:\/\/www.alqueria.es\/blogs\/colegioalqueriatercerciclo\/2025\/03\/15\/la-igualdad\/mba-3\/\" data-orig-file=\"https:\/\/cloud.alqueria.es\/wp-content\/uploads\/sites\/5\/2025\/03\/MBA-.jpeg\" data-orig-size=\"2040,1148\" data-comments-opened=\"1\" data-image-meta=\"{&quot;aperture&quot;:&quot;0&quot;,&quot;credit&quot;:&quot;&quot;,&quot;camera&quot;:&quot;&quot;,&quot;caption&quot;:&quot;&quot;,&quot;created_timestamp&quot;:&quot;0&quot;,&quot;copyright&quot;:&quot;&quot;,&quot;focal_length&quot;:&quot;0&quot;,&quot;iso&quot;:&quot;0&quot;,&quot;shutter_speed&quot;:&quot;0&quot;,&quot;title&quot;:&quot;&quot;,&quot;orientation&quot;:&quot;0&quot;}\" data-image-title=\"MBA-\" data-image-description=\"\" data-image-caption=\"\" data-large-file=\"https:\/\/cloud.alqueria.es\/wp-content\/uploads\/sites\/5\/2025\/03\/MBA--1024x576.jpeg\" class=\"alignnone size-full wp-image-17877\" src=\"https:\/\/cloud.alqueria.es\/wp-content\/uploads\/sites\/5\/2025\/03\/MBA-.jpeg\" alt=\"\" width=\"2040\" height=\"1148\" srcset=\"https:\/\/cloud.alqueria.es\/wp-content\/uploads\/sites\/5\/2025\/03\/MBA-.jpeg 2040w, https:\/\/cloud.alqueria.es\/wp-content\/uploads\/sites\/5\/2025\/03\/MBA--300x169.jpeg 300w, https:\/\/cloud.alqueria.es\/wp-content\/uploads\/sites\/5\/2025\/03\/MBA--1024x576.jpeg 1024w, https:\/\/cloud.alqueria.es\/wp-content\/uploads\/sites\/5\/2025\/03\/MBA--768x432.jpeg 768w, https:\/\/cloud.alqueria.es\/wp-content\/uploads\/sites\/5\/2025\/03\/MBA--1536x864.jpeg 1536w\" sizes=\"(max-width: 2040px) 100vw, 2040px\" \/><\/p>\n<p><span style=\"color: #0000ff\"><strong>Otros temas<\/strong><\/span><\/p>\n<p>De manera paralela y muy resumida, estamos trabajando los <strong>determinantes<\/strong> como palabras que acompa\u00f1an al sustantivo para definir su significado con m\u00e1s precisi\u00f3n. Siempre debe acompa\u00f1ar al sustantivo, requisito clave y necesario. Tambi\u00e9n, cara a la conferencia de Vega sobre la igualdad, tenemos varios datos estad\u00edsticos de una encuesta elaborada y pasada al tercer ciclo de primeria de nuestro colegio y otro centro con los que trabajaremos <b>la estad\u00edstica, el porcentaje y los gr\u00e1ficos (incluyendo las operaciones b\u00e1sicas decimales)<\/b>. En Ciencias, escogen entre el contenido de \u00abLos ecosistemas\u00bb o \u00abLas m\u00e1quinas\u00bb para desarrollar un tema en pareja que profundizaremos y expondremos antes de vacaciones de Semana Santa.<\/p>\n<p>Buen fin de semana.<\/p>\n<p>Jorge<\/p>\n","protected":false},"excerpt":{"rendered":"<p>Esta semana se lleva a cabo la conferencia de Vega sobre \u00abLa igualdad\u00bb para celebrar el D\u00eda de la Mujer. Con mucho dominio y conocimiento del tema, traslada al grupo sus inquietudes y conocimientos. Aborda temas como los estereotipos, el lenguaje inclusivo, el patriarcado, la violencia de g\u00e9nero y el machismo. Destaca la lucha feminista &hellip; <a href=\"https:\/\/www.alqueria.es\/blogs\/colegioalqueriatercerciclo\/2025\/03\/15\/la-igualdad\/\" class=\"more-link\">Seguir leyendo <span class=\"screen-reader-text\">La igualdad<\/span> <span class=\"meta-nav\">&rarr;<\/span><\/a><\/p>\n","protected":false},"author":3,"featured_media":0,"comment_status":"open","ping_status":"open","sticky":false,"template":"","format":"standard","meta":{"jetpack_post_was_ever_published":false,"_jetpack_newsletter_access":"","_jetpack_dont_email_post_to_subs":false,"_jetpack_newsletter_tier_id":0,"_jetpack_memberships_contains_paywalled_content":false,"_jetpack_memberships_contains_paid_content":false,"footnotes":"","jetpack_publicize_message":"","jetpack_publicize_feature_enabled":true,"jetpack_social_post_already_shared":true,"jetpack_social_options":{"image_generator_settings":{"template":"highway","default_image_id":0,"font":"","enabled":false},"version":2}},"categories":[2,14],"tags":[549,669,679,442,678,276],"class_list":["post-17869","post","type-post","status-publish","format-standard","hentry","category-5o-epo","category-semanario-5o","tag-dia-de-la-mujer","tag-emprendimiento","tag-igualdad","tag-reciclaje","tag-remolque-reciclaje","tag-scribd"],"jetpack_publicize_connections":[],"jetpack_featured_media_url":"","jetpack_sharing_enabled":true,"jetpack_shortlink":"https:\/\/wp.me\/p4l4AW-4Ed","jetpack-related-posts":[],"_links":{"self":[{"href":"https:\/\/www.alqueria.es\/blogs\/colegioalqueriatercerciclo\/wp-json\/wp\/v2\/posts\/17869","targetHints":{"allow":["GET"]}}],"collection":[{"href":"https:\/\/www.alqueria.es\/blogs\/colegioalqueriatercerciclo\/wp-json\/wp\/v2\/posts"}],"about":[{"href":"https:\/\/www.alqueria.es\/blogs\/colegioalqueriatercerciclo\/wp-json\/wp\/v2\/types\/post"}],"author":[{"embeddable":true,"href":"https:\/\/www.alqueria.es\/blogs\/colegioalqueriatercerciclo\/wp-json\/wp\/v2\/users\/3"}],"replies":[{"embeddable":true,"href":"https:\/\/www.alqueria.es\/blogs\/colegioalqueriatercerciclo\/wp-json\/wp\/v2\/comments?post=17869"}],"version-history":[{"count":1,"href":"https:\/\/www.alqueria.es\/blogs\/colegioalqueriatercerciclo\/wp-json\/wp\/v2\/posts\/17869\/revisions"}],"predecessor-version":[{"id":17879,"href":"https:\/\/www.alqueria.es\/blogs\/colegioalqueriatercerciclo\/wp-json\/wp\/v2\/posts\/17869\/revisions\/17879"}],"wp:attachment":[{"href":"https:\/\/www.alqueria.es\/blogs\/colegioalqueriatercerciclo\/wp-json\/wp\/v2\/media?parent=17869"}],"wp:term":[{"taxonomy":"category","embeddable":true,"href":"https:\/\/www.alqueria.es\/blogs\/colegioalqueriatercerciclo\/wp-json\/wp\/v2\/categories?post=17869"},{"taxonomy":"post_tag","embeddable":true,"href":"https:\/\/www.alqueria.es\/blogs\/colegioalqueriatercerciclo\/wp-json\/wp\/v2\/tags?post=17869"}],"curies":[{"name":"wp","href":"https:\/\/api.w.org\/{rel}","templated":true}]}}