{"id":18295,"date":"2025-05-17T10:04:58","date_gmt":"2025-05-17T08:04:58","guid":{"rendered":"https:\/\/www.alqueria.es\/blogs\/colegioalqueriatercerciclo\/?p=18295"},"modified":"2025-05-20T07:56:49","modified_gmt":"2025-05-20T05:56:49","slug":"viaje-fin-de-curso-emprendiendo","status":"publish","type":"post","link":"https:\/\/www.alqueria.es\/blogs\/colegioalqueriatercerciclo\/2025\/05\/17\/viaje-fin-de-curso-emprendiendo\/","title":{"rendered":"Viaje fin de curso emprendiendo"},"content":{"rendered":"<p>Estimadas familias, en estas \u00faltimas semanas, el tercer ciclo se propuso realizar una actividad de emprendimiento con el objetivo de realizar una acci\u00f3n especial por ser su \u00faltimo curso en el colegio. Es un proyecto que parti\u00f3 de la iniciativa de los propios ni\u00f1os y ni\u00f1as del aula\u00a0 de sexto y que la han extendido a sus compa\u00f1eros de quinto. La propuesta la ten\u00edan clara, conseguir fondos para hacer el viaje en barco desde Benalm\u00e1dena para avistamiento de delfines.<\/p>\n<p>En varias entradas este curso se ha informado de los distintos proyectos de emprendimiento que quinto y sexto han y siguen realizando. C\u00f3mo sab\u00e9is, en el Proyecto de Alquer\u00eda le damos mucha importancia a desarrollar el esp\u00edritu emprendedor de nuestro alumnado desde la Etapa de Infantil. Por ello, todas aquellas propuestas, e iniciativas que el alumnado nos propone, se valoran, se estudian, se debaten y si es posible se llevan a la pr\u00e1ctica.<\/p>\n<p>Sexto se encarga de buscar la informaci\u00f3n sobre los cruceros de avistamiento de delfines, horarios, coste, reservas.<\/p>\n<p>En una asamblea se decide que tipo de actividad se hace para obtener el dinero necesario para las dos clases. Se barajan distintas opciones, venta de juguetes y libros, venta de objetos creativos o realizaci\u00f3n de meriendas y venta a la comunidad escolar. La opci\u00f3n elegida es la \u00faltima. Se lo comunicamos a la clase de quinto y ambos grupos nos ponemos manos a la obra.<\/p>\n<p><span style=\"color: #ff00ff\"><strong>Organizaci\u00f3n de la actividad:\u00a0<\/strong><\/span> El alumnado se divide en grupos de trabajo y ellos mismos son los encargados de planificar las tareas previas, materiales necesarios, elaboraci\u00f3n de c\u00e1rteles, env\u00edo de mail a la comunidad educativa, propuestas de meriendas, d\u00edas de realizaci\u00f3n la actividad de venta.<\/p>\n<p>El papel del profesorado es dar apoyo, tiempos de trabajo, colaboraci\u00f3n en los materiales, ayuda en la elaboraci\u00f3n de las recetas.<\/p>\n<p><span style=\"color: #ff00ff\"><strong>Tareas realizadas por los diferentes grupos:\u00a0\u00a0<\/strong><\/span><\/p>\n<ul>\n<li>Traer las recetas para la elaboraci\u00f3n del merendero.<\/li>\n<li>Elecci\u00f3n de los platos a realizar, c\u00f3mo se van a presentar los platos.<\/li>\n<li>Asamblea para decidir el precio de venta de cada una de las elaboraciones preparadas.<\/li>\n<li>Decidir c\u00f3mo vamos a nombrar la actividad para su difusi\u00f3n y presentaci\u00f3n.<\/li>\n<li>Pizarras de anotaci\u00f3n de los precios para visualizaci\u00f3n de los clientes.<\/li>\n<li>Redacci\u00f3n de mail comunicaci\u00f3n a la comunidad educativa para invitar a participar en la actividad.<\/li>\n<li>Registro de anotaci\u00f3n de las meriendas vendidas.<\/li>\n<li>Realizaci\u00f3n del marketing\u00a0 y\u00a0de los c\u00e1rteles anunciadores de la actividad.<\/li>\n<li>Coordinaci\u00f3n y ayuda al grupo de quinto en el inventariado, precios y en la elaboraci\u00f3n de las recetas.<\/li>\n<li>Elaboraci\u00f3n de las distintas recetas.<\/li>\n<li>Presentaci\u00f3n de venta de las elaboraciones.<\/li>\n<li>Registro de productos vendidos.<\/li>\n<li>Recuento y valoraci\u00f3n de lo vendido.<\/li>\n<li>Memoria de opiniones y oportunidades de mejora para pr\u00f3ximos proyectos.<\/li>\n<\/ul>\n<p><img decoding=\"async\" data-attachment-id=\"18316\" data-permalink=\"https:\/\/www.alqueria.es\/blogs\/colegioalqueriatercerciclo\/2025\/05\/17\/viaje-fin-de-curso-emprendiendo\/photo-2025-05-15-21-30-53-21\/\" data-orig-file=\"https:\/\/cloud.alqueria.es\/wp-content\/uploads\/sites\/5\/2025\/05\/PHOTO-2025-05-15-21-30-53-21.jpg\" data-orig-size=\"1600,1200\" data-comments-opened=\"1\" data-image-meta=\"{&quot;aperture&quot;:&quot;0&quot;,&quot;credit&quot;:&quot;&quot;,&quot;camera&quot;:&quot;&quot;,&quot;caption&quot;:&quot;&quot;,&quot;created_timestamp&quot;:&quot;0&quot;,&quot;copyright&quot;:&quot;&quot;,&quot;focal_length&quot;:&quot;0&quot;,&quot;iso&quot;:&quot;0&quot;,&quot;shutter_speed&quot;:&quot;0&quot;,&quot;title&quot;:&quot;&quot;,&quot;orientation&quot;:&quot;0&quot;}\" data-image-title=\"PHOTO-2025-05-15-21-30-53 (21)\" data-image-description=\"\" data-image-caption=\"\" data-large-file=\"https:\/\/cloud.alqueria.es\/wp-content\/uploads\/sites\/5\/2025\/05\/PHOTO-2025-05-15-21-30-53-21-1024x768.jpg\" class=\"alignnone size-full wp-image-18316\" src=\"https:\/\/cloud.alqueria.es\/wp-content\/uploads\/sites\/5\/2025\/05\/PHOTO-2025-05-15-21-30-53-21.jpg\" alt=\"\" width=\"1600\" height=\"1200\" srcset=\"https:\/\/cloud.alqueria.es\/wp-content\/uploads\/sites\/5\/2025\/05\/PHOTO-2025-05-15-21-30-53-21.jpg 1600w, https:\/\/cloud.alqueria.es\/wp-content\/uploads\/sites\/5\/2025\/05\/PHOTO-2025-05-15-21-30-53-21-300x225.jpg 300w, https:\/\/cloud.alqueria.es\/wp-content\/uploads\/sites\/5\/2025\/05\/PHOTO-2025-05-15-21-30-53-21-1024x768.jpg 1024w, https:\/\/cloud.alqueria.es\/wp-content\/uploads\/sites\/5\/2025\/05\/PHOTO-2025-05-15-21-30-53-21-768x576.jpg 768w, https:\/\/cloud.alqueria.es\/wp-content\/uploads\/sites\/5\/2025\/05\/PHOTO-2025-05-15-21-30-53-21-1536x1152.jpg 1536w\" sizes=\"(max-width: 1600px) 100vw, 1600px\" \/><\/p>\n<p><img decoding=\"async\" data-attachment-id=\"18307\" data-permalink=\"https:\/\/www.alqueria.es\/blogs\/colegioalqueriatercerciclo\/2025\/05\/17\/viaje-fin-de-curso-emprendiendo\/photo-2025-05-15-21-30-53-11\/\" data-orig-file=\"https:\/\/cloud.alqueria.es\/wp-content\/uploads\/sites\/5\/2025\/05\/PHOTO-2025-05-15-21-30-53-11.jpg\" data-orig-size=\"1600,1200\" data-comments-opened=\"1\" data-image-meta=\"{&quot;aperture&quot;:&quot;0&quot;,&quot;credit&quot;:&quot;&quot;,&quot;camera&quot;:&quot;&quot;,&quot;caption&quot;:&quot;&quot;,&quot;created_timestamp&quot;:&quot;0&quot;,&quot;copyright&quot;:&quot;&quot;,&quot;focal_length&quot;:&quot;0&quot;,&quot;iso&quot;:&quot;0&quot;,&quot;shutter_speed&quot;:&quot;0&quot;,&quot;title&quot;:&quot;&quot;,&quot;orientation&quot;:&quot;0&quot;}\" data-image-title=\"PHOTO-2025-05-15-21-30-53 (11)\" data-image-description=\"\" data-image-caption=\"\" data-large-file=\"https:\/\/cloud.alqueria.es\/wp-content\/uploads\/sites\/5\/2025\/05\/PHOTO-2025-05-15-21-30-53-11-1024x768.jpg\" class=\"alignnone size-full wp-image-18307\" src=\"https:\/\/cloud.alqueria.es\/wp-content\/uploads\/sites\/5\/2025\/05\/PHOTO-2025-05-15-21-30-53-11.jpg\" alt=\"\" width=\"1600\" height=\"1200\" srcset=\"https:\/\/cloud.alqueria.es\/wp-content\/uploads\/sites\/5\/2025\/05\/PHOTO-2025-05-15-21-30-53-11.jpg 1600w, https:\/\/cloud.alqueria.es\/wp-content\/uploads\/sites\/5\/2025\/05\/PHOTO-2025-05-15-21-30-53-11-300x225.jpg 300w, https:\/\/cloud.alqueria.es\/wp-content\/uploads\/sites\/5\/2025\/05\/PHOTO-2025-05-15-21-30-53-11-1024x768.jpg 1024w, https:\/\/cloud.alqueria.es\/wp-content\/uploads\/sites\/5\/2025\/05\/PHOTO-2025-05-15-21-30-53-11-768x576.jpg 768w, https:\/\/cloud.alqueria.es\/wp-content\/uploads\/sites\/5\/2025\/05\/PHOTO-2025-05-15-21-30-53-11-1536x1152.jpg 1536w\" sizes=\"(max-width: 1600px) 100vw, 1600px\" \/><\/p>\n<p><img decoding=\"async\" data-attachment-id=\"18308\" data-permalink=\"https:\/\/www.alqueria.es\/blogs\/colegioalqueriatercerciclo\/2025\/05\/17\/viaje-fin-de-curso-emprendiendo\/photo-2025-05-15-21-30-53-12\/\" data-orig-file=\"https:\/\/cloud.alqueria.es\/wp-content\/uploads\/sites\/5\/2025\/05\/PHOTO-2025-05-15-21-30-53-12.jpg\" data-orig-size=\"1600,1200\" data-comments-opened=\"1\" data-image-meta=\"{&quot;aperture&quot;:&quot;0&quot;,&quot;credit&quot;:&quot;&quot;,&quot;camera&quot;:&quot;&quot;,&quot;caption&quot;:&quot;&quot;,&quot;created_timestamp&quot;:&quot;0&quot;,&quot;copyright&quot;:&quot;&quot;,&quot;focal_length&quot;:&quot;0&quot;,&quot;iso&quot;:&quot;0&quot;,&quot;shutter_speed&quot;:&quot;0&quot;,&quot;title&quot;:&quot;&quot;,&quot;orientation&quot;:&quot;0&quot;}\" data-image-title=\"PHOTO-2025-05-15-21-30-53 (12)\" data-image-description=\"\" data-image-caption=\"\" data-large-file=\"https:\/\/cloud.alqueria.es\/wp-content\/uploads\/sites\/5\/2025\/05\/PHOTO-2025-05-15-21-30-53-12-1024x768.jpg\" class=\"alignnone size-full wp-image-18308\" src=\"https:\/\/cloud.alqueria.es\/wp-content\/uploads\/sites\/5\/2025\/05\/PHOTO-2025-05-15-21-30-53-12.jpg\" alt=\"\" width=\"1600\" height=\"1200\" srcset=\"https:\/\/cloud.alqueria.es\/wp-content\/uploads\/sites\/5\/2025\/05\/PHOTO-2025-05-15-21-30-53-12.jpg 1600w, https:\/\/cloud.alqueria.es\/wp-content\/uploads\/sites\/5\/2025\/05\/PHOTO-2025-05-15-21-30-53-12-300x225.jpg 300w, https:\/\/cloud.alqueria.es\/wp-content\/uploads\/sites\/5\/2025\/05\/PHOTO-2025-05-15-21-30-53-12-1024x768.jpg 1024w, https:\/\/cloud.alqueria.es\/wp-content\/uploads\/sites\/5\/2025\/05\/PHOTO-2025-05-15-21-30-53-12-768x576.jpg 768w, https:\/\/cloud.alqueria.es\/wp-content\/uploads\/sites\/5\/2025\/05\/PHOTO-2025-05-15-21-30-53-12-1536x1152.jpg 1536w\" sizes=\"(max-width: 1600px) 100vw, 1600px\" \/><\/p>\n<p><strong><span style=\"color: #ff00ff\">D\u00edas de la realizaci\u00f3n de l a venta de meriendas:<\/span>\u00a0<\/strong>En asamblea se deciden los d\u00edas de la realizaci\u00f3n del mercadillo, y se elige la semana del 11 al 16 de mayo para hacerlo. Se eligen dos d\u00edas el\u00a0 mi\u00e9rcoles y el viernes.\u00a0 En la tarde de esos d\u00edas los grupos asignados deben preparar el material necesario para poder montar el merendero, como colocar los c\u00e1rteles, situar las mesas para poder organizar las elaboraciones, establecer el lugar de la caja con el inventario para as\u00ed poder realizar un adecuado seguimiento del proceso de venta.\u00a0 En distintos horarios grupos de 5-6 personas son los encargados de la venta.<\/p>\n<p class=\"jetpack-slideshow-noscript robots-nocontent\">El pase de diapositivas requiere JavaScript.<\/p><div id=\"gallery-18295-1-slideshow\" class=\"jetpack-slideshow-window jetpack-slideshow jetpack-slideshow-black\" data-trans=\"fade\" data-autostart=\"1\" data-gallery=\"[{&quot;src&quot;:&quot;https:\\\/\\\/cloud.alqueria.es\\\/wp-content\\\/uploads\\\/sites\\\/5\\\/2025\\\/05\\\/taller-cocina-y-venta-1-1.jpeg&quot;,&quot;id&quot;:&quot;18352&quot;,&quot;title&quot;:&quot;taller cocina y venta (1)&quot;,&quot;alt&quot;:&quot;&quot;,&quot;caption&quot;:&quot;&quot;,&quot;itemprop&quot;:&quot;image&quot;},{&quot;src&quot;:&quot;https:\\\/\\\/cloud.alqueria.es\\\/wp-content\\\/uploads\\\/sites\\\/5\\\/2025\\\/05\\\/taller-cocina-y-venta-2-1.jpeg&quot;,&quot;id&quot;:&quot;18353&quot;,&quot;title&quot;:&quot;taller cocina y venta (2)&quot;,&quot;alt&quot;:&quot;&quot;,&quot;caption&quot;:&quot;&quot;,&quot;itemprop&quot;:&quot;image&quot;},{&quot;src&quot;:&quot;https:\\\/\\\/cloud.alqueria.es\\\/wp-content\\\/uploads\\\/sites\\\/5\\\/2025\\\/05\\\/taller-cocina-y-venta-3-1.jpeg&quot;,&quot;id&quot;:&quot;18354&quot;,&quot;title&quot;:&quot;taller cocina y venta (3)&quot;,&quot;alt&quot;:&quot;&quot;,&quot;caption&quot;:&quot;&quot;,&quot;itemprop&quot;:&quot;image&quot;},{&quot;src&quot;:&quot;https:\\\/\\\/cloud.alqueria.es\\\/wp-content\\\/uploads\\\/sites\\\/5\\\/2025\\\/05\\\/taller-cocina-y-venta-4-1.jpeg&quot;,&quot;id&quot;:&quot;18355&quot;,&quot;title&quot;:&quot;taller cocina y venta (4)&quot;,&quot;alt&quot;:&quot;&quot;,&quot;caption&quot;:&quot;&quot;,&quot;itemprop&quot;:&quot;image&quot;},{&quot;src&quot;:&quot;https:\\\/\\\/cloud.alqueria.es\\\/wp-content\\\/uploads\\\/sites\\\/5\\\/2025\\\/05\\\/taller-cocina-y-venta-5-1.jpeg&quot;,&quot;id&quot;:&quot;18356&quot;,&quot;title&quot;:&quot;taller cocina y venta (5)&quot;,&quot;alt&quot;:&quot;&quot;,&quot;caption&quot;:&quot;&quot;,&quot;itemprop&quot;:&quot;image&quot;},{&quot;src&quot;:&quot;https:\\\/\\\/cloud.alqueria.es\\\/wp-content\\\/uploads\\\/sites\\\/5\\\/2025\\\/05\\\/taller-cocina-y-venta-6-1.jpeg&quot;,&quot;id&quot;:&quot;18357&quot;,&quot;title&quot;:&quot;taller cocina y venta (6)&quot;,&quot;alt&quot;:&quot;&quot;,&quot;caption&quot;:&quot;&quot;,&quot;itemprop&quot;:&quot;image&quot;},{&quot;src&quot;:&quot;https:\\\/\\\/cloud.alqueria.es\\\/wp-content\\\/uploads\\\/sites\\\/5\\\/2025\\\/05\\\/taller-cocina-y-venta-7-1.jpeg&quot;,&quot;id&quot;:&quot;18358&quot;,&quot;title&quot;:&quot;taller cocina y venta (7)&quot;,&quot;alt&quot;:&quot;&quot;,&quot;caption&quot;:&quot;&quot;,&quot;itemprop&quot;:&quot;image&quot;},{&quot;src&quot;:&quot;https:\\\/\\\/cloud.alqueria.es\\\/wp-content\\\/uploads\\\/sites\\\/5\\\/2025\\\/05\\\/taller-cocina-y-venta-8.jpeg&quot;,&quot;id&quot;:&quot;18359&quot;,&quot;title&quot;:&quot;taller cocina y venta (8)&quot;,&quot;alt&quot;:&quot;&quot;,&quot;caption&quot;:&quot;&quot;,&quot;itemprop&quot;:&quot;image&quot;},{&quot;src&quot;:&quot;https:\\\/\\\/cloud.alqueria.es\\\/wp-content\\\/uploads\\\/sites\\\/5\\\/2025\\\/05\\\/taller-cocina-y-venta-9.jpeg&quot;,&quot;id&quot;:&quot;18360&quot;,&quot;title&quot;:&quot;taller cocina y venta (9)&quot;,&quot;alt&quot;:&quot;&quot;,&quot;caption&quot;:&quot;&quot;,&quot;itemprop&quot;:&quot;image&quot;},{&quot;src&quot;:&quot;https:\\\/\\\/cloud.alqueria.es\\\/wp-content\\\/uploads\\\/sites\\\/5\\\/2025\\\/05\\\/taller-cocina-y-venta-10.jpeg&quot;,&quot;id&quot;:&quot;18361&quot;,&quot;title&quot;:&quot;taller cocina y venta (10)&quot;,&quot;alt&quot;:&quot;&quot;,&quot;caption&quot;:&quot;&quot;,&quot;itemprop&quot;:&quot;image&quot;},{&quot;src&quot;:&quot;https:\\\/\\\/cloud.alqueria.es\\\/wp-content\\\/uploads\\\/sites\\\/5\\\/2025\\\/05\\\/taller-cocina-y-venta-11.jpeg&quot;,&quot;id&quot;:&quot;18362&quot;,&quot;title&quot;:&quot;taller cocina y venta (11)&quot;,&quot;alt&quot;:&quot;&quot;,&quot;caption&quot;:&quot;&quot;,&quot;itemprop&quot;:&quot;image&quot;},{&quot;src&quot;:&quot;https:\\\/\\\/cloud.alqueria.es\\\/wp-content\\\/uploads\\\/sites\\\/5\\\/2025\\\/05\\\/taller-cocina-y-venta-12.jpeg&quot;,&quot;id&quot;:&quot;18363&quot;,&quot;title&quot;:&quot;taller cocina y venta (12)&quot;,&quot;alt&quot;:&quot;&quot;,&quot;caption&quot;:&quot;&quot;,&quot;itemprop&quot;:&quot;image&quot;},{&quot;src&quot;:&quot;https:\\\/\\\/cloud.alqueria.es\\\/wp-content\\\/uploads\\\/sites\\\/5\\\/2025\\\/05\\\/taller-cocina-y-venta-13.jpeg&quot;,&quot;id&quot;:&quot;18364&quot;,&quot;title&quot;:&quot;taller cocina y venta (13)&quot;,&quot;alt&quot;:&quot;&quot;,&quot;caption&quot;:&quot;&quot;,&quot;itemprop&quot;:&quot;image&quot;},{&quot;src&quot;:&quot;https:\\\/\\\/cloud.alqueria.es\\\/wp-content\\\/uploads\\\/sites\\\/5\\\/2025\\\/05\\\/PHOTO-2025-05-16-16-31-48.jpg&quot;,&quot;id&quot;:&quot;18327&quot;,&quot;title&quot;:&quot;PHOTO-2025-05-16-16-31-48&quot;,&quot;alt&quot;:&quot;&quot;,&quot;caption&quot;:&quot;&quot;,&quot;itemprop&quot;:&quot;image&quot;},{&quot;src&quot;:&quot;https:\\\/\\\/cloud.alqueria.es\\\/wp-content\\\/uploads\\\/sites\\\/5\\\/2025\\\/05\\\/PHOTO-2025-05-16-16-31-48-5.jpg&quot;,&quot;id&quot;:&quot;18326&quot;,&quot;title&quot;:&quot;PHOTO-2025-05-16-16-31-48 (5)&quot;,&quot;alt&quot;:&quot;&quot;,&quot;caption&quot;:&quot;&quot;,&quot;itemprop&quot;:&quot;image&quot;},{&quot;src&quot;:&quot;https:\\\/\\\/cloud.alqueria.es\\\/wp-content\\\/uploads\\\/sites\\\/5\\\/2025\\\/05\\\/PHOTO-2025-05-16-16-31-48-3.jpg&quot;,&quot;id&quot;:&quot;18325&quot;,&quot;title&quot;:&quot;PHOTO-2025-05-16-16-31-48 (3)&quot;,&quot;alt&quot;:&quot;&quot;,&quot;caption&quot;:&quot;&quot;,&quot;itemprop&quot;:&quot;image&quot;},{&quot;src&quot;:&quot;https:\\\/\\\/cloud.alqueria.es\\\/wp-content\\\/uploads\\\/sites\\\/5\\\/2025\\\/05\\\/PHOTO-2025-05-16-16-31-48-2.jpg&quot;,&quot;id&quot;:&quot;18324&quot;,&quot;title&quot;:&quot;PHOTO-2025-05-16-16-31-48 (2)&quot;,&quot;alt&quot;:&quot;&quot;,&quot;caption&quot;:&quot;&quot;,&quot;itemprop&quot;:&quot;image&quot;},{&quot;src&quot;:&quot;https:\\\/\\\/cloud.alqueria.es\\\/wp-content\\\/uploads\\\/sites\\\/5\\\/2025\\\/05\\\/PHOTO-2025-05-16-16-31-48-1.jpg&quot;,&quot;id&quot;:&quot;18323&quot;,&quot;title&quot;:&quot;PHOTO-2025-05-16-16-31-48 (1)&quot;,&quot;alt&quot;:&quot;&quot;,&quot;caption&quot;:&quot;&quot;,&quot;itemprop&quot;:&quot;image&quot;},{&quot;src&quot;:&quot;https:\\\/\\\/cloud.alqueria.es\\\/wp-content\\\/uploads\\\/sites\\\/5\\\/2025\\\/05\\\/PHOTO-2025-05-15-21-31-34.jpg&quot;,&quot;id&quot;:&quot;18322&quot;,&quot;title&quot;:&quot;PHOTO-2025-05-15-21-31-34&quot;,&quot;alt&quot;:&quot;&quot;,&quot;caption&quot;:&quot;&quot;,&quot;itemprop&quot;:&quot;image&quot;},{&quot;src&quot;:&quot;https:\\\/\\\/cloud.alqueria.es\\\/wp-content\\\/uploads\\\/sites\\\/5\\\/2025\\\/05\\\/PHOTO-2025-05-15-21-30-53.jpg&quot;,&quot;id&quot;:&quot;18321&quot;,&quot;title&quot;:&quot;PHOTO-2025-05-15-21-30-53&quot;,&quot;alt&quot;:&quot;&quot;,&quot;caption&quot;:&quot;&quot;,&quot;itemprop&quot;:&quot;image&quot;},{&quot;src&quot;:&quot;https:\\\/\\\/cloud.alqueria.es\\\/wp-content\\\/uploads\\\/sites\\\/5\\\/2025\\\/05\\\/PHOTO-2025-05-15-21-30-53-25.jpg&quot;,&quot;id&quot;:&quot;18320&quot;,&quot;title&quot;:&quot;PHOTO-2025-05-15-21-30-53 (25)&quot;,&quot;alt&quot;:&quot;&quot;,&quot;caption&quot;:&quot;&quot;,&quot;itemprop&quot;:&quot;image&quot;},{&quot;src&quot;:&quot;https:\\\/\\\/cloud.alqueria.es\\\/wp-content\\\/uploads\\\/sites\\\/5\\\/2025\\\/05\\\/PHOTO-2025-05-15-21-30-53-16.jpg&quot;,&quot;id&quot;:&quot;18312&quot;,&quot;title&quot;:&quot;PHOTO-2025-05-15-21-30-53 (16)&quot;,&quot;alt&quot;:&quot;&quot;,&quot;caption&quot;:&quot;&quot;,&quot;itemprop&quot;:&quot;image&quot;},{&quot;src&quot;:&quot;https:\\\/\\\/cloud.alqueria.es\\\/wp-content\\\/uploads\\\/sites\\\/5\\\/2025\\\/05\\\/PHOTO-2025-05-15-21-30-53-17.jpg&quot;,&quot;id&quot;:&quot;18313&quot;,&quot;title&quot;:&quot;PHOTO-2025-05-15-21-30-53 (17)&quot;,&quot;alt&quot;:&quot;&quot;,&quot;caption&quot;:&quot;&quot;,&quot;itemprop&quot;:&quot;image&quot;},{&quot;src&quot;:&quot;https:\\\/\\\/cloud.alqueria.es\\\/wp-content\\\/uploads\\\/sites\\\/5\\\/2025\\\/05\\\/PHOTO-2025-05-15-21-30-53-18.jpg&quot;,&quot;id&quot;:&quot;18314&quot;,&quot;title&quot;:&quot;PHOTO-2025-05-15-21-30-53 (18)&quot;,&quot;alt&quot;:&quot;&quot;,&quot;caption&quot;:&quot;&quot;,&quot;itemprop&quot;:&quot;image&quot;},{&quot;src&quot;:&quot;https:\\\/\\\/cloud.alqueria.es\\\/wp-content\\\/uploads\\\/sites\\\/5\\\/2025\\\/05\\\/PHOTO-2025-05-15-21-30-53-20.jpg&quot;,&quot;id&quot;:&quot;18315&quot;,&quot;title&quot;:&quot;PHOTO-2025-05-15-21-30-53 (20)&quot;,&quot;alt&quot;:&quot;&quot;,&quot;caption&quot;:&quot;&quot;,&quot;itemprop&quot;:&quot;image&quot;},{&quot;src&quot;:&quot;https:\\\/\\\/cloud.alqueria.es\\\/wp-content\\\/uploads\\\/sites\\\/5\\\/2025\\\/05\\\/PHOTO-2025-05-15-21-30-53-22.jpg&quot;,&quot;id&quot;:&quot;18317&quot;,&quot;title&quot;:&quot;PHOTO-2025-05-15-21-30-53 (22)&quot;,&quot;alt&quot;:&quot;&quot;,&quot;caption&quot;:&quot;&quot;,&quot;itemprop&quot;:&quot;image&quot;},{&quot;src&quot;:&quot;https:\\\/\\\/cloud.alqueria.es\\\/wp-content\\\/uploads\\\/sites\\\/5\\\/2025\\\/05\\\/PHOTO-2025-05-15-21-30-53-23.jpg&quot;,&quot;id&quot;:&quot;18318&quot;,&quot;title&quot;:&quot;PHOTO-2025-05-15-21-30-53 (23)&quot;,&quot;alt&quot;:&quot;&quot;,&quot;caption&quot;:&quot;&quot;,&quot;itemprop&quot;:&quot;image&quot;},{&quot;src&quot;:&quot;https:\\\/\\\/cloud.alqueria.es\\\/wp-content\\\/uploads\\\/sites\\\/5\\\/2025\\\/05\\\/PHOTO-2025-05-15-21-30-53-24.jpg&quot;,&quot;id&quot;:&quot;18319&quot;,&quot;title&quot;:&quot;PHOTO-2025-05-15-21-30-53 (24)&quot;,&quot;alt&quot;:&quot;&quot;,&quot;caption&quot;:&quot;&quot;,&quot;itemprop&quot;:&quot;image&quot;},{&quot;src&quot;:&quot;https:\\\/\\\/cloud.alqueria.es\\\/wp-content\\\/uploads\\\/sites\\\/5\\\/2025\\\/05\\\/PHOTO-2025-05-15-21-30-53-15.jpg&quot;,&quot;id&quot;:&quot;18311&quot;,&quot;title&quot;:&quot;PHOTO-2025-05-15-21-30-53 (15)&quot;,&quot;alt&quot;:&quot;&quot;,&quot;caption&quot;:&quot;&quot;,&quot;itemprop&quot;:&quot;image&quot;},{&quot;src&quot;:&quot;https:\\\/\\\/cloud.alqueria.es\\\/wp-content\\\/uploads\\\/sites\\\/5\\\/2025\\\/05\\\/PHOTO-2025-05-15-21-30-53-14.jpg&quot;,&quot;id&quot;:&quot;18310&quot;,&quot;title&quot;:&quot;PHOTO-2025-05-15-21-30-53 (14)&quot;,&quot;alt&quot;:&quot;&quot;,&quot;caption&quot;:&quot;&quot;,&quot;itemprop&quot;:&quot;image&quot;},{&quot;src&quot;:&quot;https:\\\/\\\/cloud.alqueria.es\\\/wp-content\\\/uploads\\\/sites\\\/5\\\/2025\\\/05\\\/PHOTO-2025-05-15-21-30-53-10.jpg&quot;,&quot;id&quot;:&quot;18306&quot;,&quot;title&quot;:&quot;PHOTO-2025-05-15-21-30-53 (10)&quot;,&quot;alt&quot;:&quot;&quot;,&quot;caption&quot;:&quot;&quot;,&quot;itemprop&quot;:&quot;image&quot;},{&quot;src&quot;:&quot;https:\\\/\\\/cloud.alqueria.es\\\/wp-content\\\/uploads\\\/sites\\\/5\\\/2025\\\/05\\\/PHOTO-2025-05-15-21-30-53-9.jpg&quot;,&quot;id&quot;:&quot;18305&quot;,&quot;title&quot;:&quot;PHOTO-2025-05-15-21-30-53 (9)&quot;,&quot;alt&quot;:&quot;&quot;,&quot;caption&quot;:&quot;&quot;,&quot;itemprop&quot;:&quot;image&quot;},{&quot;src&quot;:&quot;https:\\\/\\\/cloud.alqueria.es\\\/wp-content\\\/uploads\\\/sites\\\/5\\\/2025\\\/05\\\/PHOTO-2025-05-15-21-30-53-3.jpg&quot;,&quot;id&quot;:&quot;18302&quot;,&quot;title&quot;:&quot;PHOTO-2025-05-15-21-30-53 (3)&quot;,&quot;alt&quot;:&quot;&quot;,&quot;caption&quot;:&quot;&quot;,&quot;itemprop&quot;:&quot;image&quot;},{&quot;src&quot;:&quot;https:\\\/\\\/cloud.alqueria.es\\\/wp-content\\\/uploads\\\/sites\\\/5\\\/2025\\\/05\\\/PHOTO-2025-05-15-21-30-53-1.jpg&quot;,&quot;id&quot;:&quot;18300&quot;,&quot;title&quot;:&quot;PHOTO-2025-05-15-21-30-53 (1)&quot;,&quot;alt&quot;:&quot;&quot;,&quot;caption&quot;:&quot;&quot;,&quot;itemprop&quot;:&quot;image&quot;},{&quot;src&quot;:&quot;https:\\\/\\\/cloud.alqueria.es\\\/wp-content\\\/uploads\\\/sites\\\/5\\\/2025\\\/05\\\/taller-cocina-y-venta-1.jpeg&quot;,&quot;id&quot;:&quot;18341&quot;,&quot;title&quot;:&quot;taller cocina y venta (1)&quot;,&quot;alt&quot;:&quot;&quot;,&quot;caption&quot;:&quot;&quot;,&quot;itemprop&quot;:&quot;image&quot;},{&quot;src&quot;:&quot;https:\\\/\\\/cloud.alqueria.es\\\/wp-content\\\/uploads\\\/sites\\\/5\\\/2025\\\/05\\\/taller-cocina-y-venta-2.jpeg&quot;,&quot;id&quot;:&quot;18342&quot;,&quot;title&quot;:&quot;taller cocina y venta (2)&quot;,&quot;alt&quot;:&quot;&quot;,&quot;caption&quot;:&quot;&quot;,&quot;itemprop&quot;:&quot;image&quot;},{&quot;src&quot;:&quot;https:\\\/\\\/cloud.alqueria.es\\\/wp-content\\\/uploads\\\/sites\\\/5\\\/2025\\\/05\\\/taller-cocina-y-venta-3.jpeg&quot;,&quot;id&quot;:&quot;18343&quot;,&quot;title&quot;:&quot;taller cocina y venta (3)&quot;,&quot;alt&quot;:&quot;&quot;,&quot;caption&quot;:&quot;&quot;,&quot;itemprop&quot;:&quot;image&quot;},{&quot;src&quot;:&quot;https:\\\/\\\/cloud.alqueria.es\\\/wp-content\\\/uploads\\\/sites\\\/5\\\/2025\\\/05\\\/taller-cocina-y-venta-4.jpeg&quot;,&quot;id&quot;:&quot;18344&quot;,&quot;title&quot;:&quot;taller cocina y venta (4)&quot;,&quot;alt&quot;:&quot;&quot;,&quot;caption&quot;:&quot;&quot;,&quot;itemprop&quot;:&quot;image&quot;},{&quot;src&quot;:&quot;https:\\\/\\\/cloud.alqueria.es\\\/wp-content\\\/uploads\\\/sites\\\/5\\\/2025\\\/05\\\/taller-cocina-y-venta-5.jpeg&quot;,&quot;id&quot;:&quot;18345&quot;,&quot;title&quot;:&quot;taller cocina y venta (5)&quot;,&quot;alt&quot;:&quot;&quot;,&quot;caption&quot;:&quot;&quot;,&quot;itemprop&quot;:&quot;image&quot;},{&quot;src&quot;:&quot;https:\\\/\\\/cloud.alqueria.es\\\/wp-content\\\/uploads\\\/sites\\\/5\\\/2025\\\/05\\\/taller-cocina-y-venta-6.jpeg&quot;,&quot;id&quot;:&quot;18346&quot;,&quot;title&quot;:&quot;taller cocina y venta (6)&quot;,&quot;alt&quot;:&quot;&quot;,&quot;caption&quot;:&quot;&quot;,&quot;itemprop&quot;:&quot;image&quot;},{&quot;src&quot;:&quot;https:\\\/\\\/cloud.alqueria.es\\\/wp-content\\\/uploads\\\/sites\\\/5\\\/2025\\\/05\\\/taller-cocina-y-venta-14.jpeg&quot;,&quot;id&quot;:&quot;18348&quot;,&quot;title&quot;:&quot;taller cocina y venta (14)&quot;,&quot;alt&quot;:&quot;&quot;,&quot;caption&quot;:&quot;&quot;,&quot;itemprop&quot;:&quot;image&quot;}]\" itemscope itemtype=\"https:\/\/schema.org\/ImageGallery\"><\/div>\n<p>Desde aqu\u00ed agradecer la colaboraci\u00f3n y participaci\u00f3n en la merienda de todas las familias, docentes y alumnado que se ha implicado en esta actividad de una u otra forma. Agradecimiento especial tambi\u00e9n a Marta (mama de Martina, Leo y Nara) por la aportaci\u00f3n de Puleva a nuestro merendero y a nuestras cocineras por facilitarnos los utensilios e ingredientes. Los ni\u00f1os y ni\u00f1as del tercer ciclo han disfrutado mucho de todo el proceso y sobre todo de las tardes de venta y conseguir su objetivo de recaudaci\u00f3n para hacer su actividad especial.<\/p>\n<p>Agradecemos a todo aquel que se pas\u00f3 por el puesto de merienda.<\/p>\n<p><strong><span style=\"color: #ff00ff\">PREVIO VIAJE A TORREMOLINOS.<\/span><\/strong><\/p>\n<p>Lo primero que hemos hecho ha sido visualizar un v\u00eddeo de motivaci\u00f3n sobre el viaje a Torremolinos. En este v\u00eddeo se dan algunas pistas de lo que se va a hacer durante el viaje, aparecen personajes misteriosos que vienen al viaje con los tutores y adem\u00e1s hay distintos misterios que hay que resolver.<\/p>\n<p><div class=\"a25-CTUOC-hidding-box\" data-original-content=\"&lt;iframe loading=&quot;lazy&quot; title=&quot;promo Torremolinos&quot; src=&quot;https:\/\/player.vimeo.com\/video\/1085202703?dnt=1&amp;amp;app_id=122963&quot; width=&quot;474&quot; height=&quot;267&quot; frameborder=&quot;0&quot; allow=&quot;autoplay; fullscreen; picture-in-picture; clipboard-write; encrypted-media&quot;&gt;&lt;\/iframe&gt;\">Esta p\u00e1gina incluye contenido multimedia que requiere aceptar todas las cookies. Pulse aqu\u00ed para abrir la configuraci\u00f3n de cookies.<\/div><\/p>\n<p>Esta semana hay que escribir en el bit\u00e1cora las expectativas del viaje: \u00bfQu\u00e9 espero hacer, jugar, descubrir? \u00bfQu\u00e9 me gustar\u00eda comer? \u00bfQu\u00e9 deportes vamos a practicar? \u00bfVamos a dormir por la noche? \u00bfA qu\u00e9 hora nos despertar\u00e1n? \u00bfC\u00f3mo nos gustar\u00eda dormir en las habitaciones y con qui\u00e9n?<\/p>\n<p>Tambi\u00e9n se hace una asamblea donde se resuelven preguntas y dudas que le surgen sobre el viaje. Todas sus opiniones son orientaciones para los profes para ir decidiendo donde hacer m\u00e1s \u00e9nfasis en el trabajo previo y durante el viaje, siempre con el objetivo de la convivencia, el respeto y el disfrute de todos y todas.<\/p>\n<p>El mi\u00e9rcoles\u00a0 completamos el documento de habitaciones compartidas. Se les pide que nos indiquen cu\u00e1les son las personas con las que les gustar\u00eda compartir su habitaci\u00f3n.\u00a0 Adem\u00e1s aprovechamos para realizar otras preguntas que nos dan informaci\u00f3n sobre los intereses, amistades y juegos para conformar el sociograma del grupo.<\/p>\n<p>Previamente a la realizaci\u00f3n del viaje debemos investigar sobre los lugares que se van a visitar. As\u00ed por parejas se reparten los lugares que visitaremos. Recopilaremos informaci\u00f3n en el aula pero tambi\u00e9n se les pide que la traigan de casa de forma individual.<\/p>\n<p>Durante el viaje, las parejas ser\u00e1n las encargadas de contar al resto de sus compa\u00f1eros y compa\u00f1eras aquellos aspectos interesantes de los distintos enclaves.<\/p>\n<p>Los lugares sobre los que van a investigar:<\/p>\n<p><span style=\"color: #ff00ff\">M\u00e1laga:<\/span><\/p>\n<ul>\n<li>Museo Pompidou.<\/li>\n<li>Museo de M\u00e1laga, arte del siglo XXI.<\/li>\n<li>Parque de M\u00e1laga.<\/li>\n<li>Plaza de Toros.<\/li>\n<li>Castillo de Gibralfaro.<\/li>\n<li>Banco de Espa\u00f1a.<\/li>\n<li>Ayuntamiento de M\u00e1laga.<\/li>\n<li>Casa Natal de Picasso.<\/li>\n<li>Edificio de Correos.<\/li>\n<li>Teatro Cervantes.<\/li>\n<li>Monumento a Torrijos.<\/li>\n<li>Calle Marqu\u00e9s de Larios.<\/li>\n<li>Palacio de la Aduana.<\/li>\n<li>Alcazaba.<\/li>\n<li>Catedral.<\/li>\n<li>Teatro Romano.<\/li>\n<\/ul>\n<p><span style=\"color: #ff00ff\">Torremolinos:<\/span><\/p>\n<ul>\n<li>Historia de Torremolinos.<\/li>\n<li>Parque de la Bater\u00eda.<\/li>\n<li>Calle San Miguel.<\/li>\n<li>Torre Pimentel.<\/li>\n<li>Paseo Mar\u00edtimo.<\/li>\n<li>Casa de las Navajas.<\/li>\n<li>Playa del Palmeral.<\/li>\n<li>Playa de Lido.<\/li>\n<li>Playa de la Carihuela.<\/li>\n<li>Playa del Bajondillo.<\/li>\n<li>Puerto de Benalm\u00e1dena.<\/li>\n<\/ul>\n<p>En nuestra asamblea de \u00e9tica hemos hablado sobre \u00abla maleta\u00bb, \u00bfQu\u00e9 llevar? \u00bfQu\u00e9 no llevar? tratando fundamentalmente de llegar a acuerdos donde impere el sentido com\u00fan en funci\u00f3n de nuestro plan de viaje. Hemos acordado temas de \u00abchuches\u00bb, aparatos electr\u00f3nicos, dinero, ropa&#8230;<\/p>\n<p><span style=\"color: #ff00ff\"><strong>EQUIPAJE (ORIENTATIVO)<\/strong><\/span><\/p>\n<p><strong><span style=\"color: #0000ff\">Ropa<\/span><\/strong><\/p>\n<ul>\n<li>3 camisetas de manga corta y una de manga larga.<\/li>\n<li>3 pantalones cortos y uno largo.<\/li>\n<li>Chaqueta o sudadera para las noches o si hace fr\u00edo y el ferry.<\/li>\n<li>3 mudas de ropa interior.<\/li>\n<li>Gorra.<\/li>\n<li>Pijama.<\/li>\n<li>Toalla de ba\u00f1o y toalla de playa.<\/li>\n<li>Ba\u00f1ador.<\/li>\n<li>Bolsa para la ropa usada.<\/li>\n<li>Calzado<\/li>\n<li>Chanclas.<\/li>\n<li>Zapatillas de repuesto.<\/li>\n<\/ul>\n<p><span style=\"color: #0000ff\"><strong>Neceser<\/strong><\/span><\/p>\n<ul>\n<li>Gel y\/o champ\u00fa<\/li>\n<li>Peine y \/o cepillo.<\/li>\n<li>Protecci\u00f3n solar.<\/li>\n<li>Cepillo y pasta de dientes.<\/li>\n<li>Desodorante.<\/li>\n<\/ul>\n<p><strong><span style=\"color: #0000ff\">Objetos<\/span><\/strong><\/p>\n<ul>\n<li>Mochila o bolsa peque\u00f1a con una botella de agua .<\/li>\n<li>Libros.<\/li>\n<li>Juegos de mesa.<\/li>\n<li>Dinero (opcional) con un m\u00e1ximo de 10 euros.<\/li>\n<li>Chuches (bolsa peque\u00f1a, opcional).<\/li>\n<\/ul>\n<p><span style=\"color: #ff00ff\"><strong>IMPORTANTE:<\/strong><\/span><\/p>\n<p><strong>Cuando realic\u00e9is el equipaje, deben echar en la mochila peque\u00f1a que llevar\u00e1n en el autob\u00fas el primer d\u00eda, la crema solar, botella de agua. El primer d\u00eda visitaremos el Museo Pompidou y haremos un recorrido por el centro de M\u00e1laga. Llegamos al Albergue por la tarde. Este d\u00eda todo el alumnado debe venir con la equipaci\u00f3n del cole. Aquellos que no la tengan, ser\u00e1n facilitadas por compa\u00f1eros de grupo.\u00a0<\/strong><\/p>\n<p>Los dos d\u00edas previos al viaje realizaremos distintas actividades cooperativas en tercer ciclo para ir concretando normativa del viaje, rutinas con el objetivo de compartir m\u00e1s vivencias y experiencias en ciclo.<\/p>\n<p>Recordad que ten\u00e9is un correo enviado por Direcci\u00f3n de Centro donde se os informa del lugar y hora de la salida a las 9:30h, y de recogida en Neptuno a las 17.30 h. aproximadamente.<\/p>\n<p>Como siempre, estamos a vuestra disposici\u00f3n para que nos comuniqu\u00e9is cualquier particularidad de vuestras hijas e hijos que debemos tener en cuenta para estos tres d\u00edas. Es importante etiquetar en una bolsa<strong> los medicamentos y los envases<\/strong> en el caso de llevarlas para entregarlas al tutor el mi\u00e9rcoles por la ma\u00f1ana.<\/p>\n<p>Para que pod\u00e1is hacer un seguimiento del viaje y de las actividades que llevaremos a cabo, no perd\u00e1is de vista el hashtag de nuestro Twitter-X (@AlqueriaCiclo3) que hemos llamado <a href=\"https:\/\/twitter.com\/hashtag\/Alquer%C3%ADaM%C3%A1laga?src=hash\">#Alquer\u00edaM\u00e1laga<\/a><\/p>\n<p>Lo vamos a pasar genial, est\u00e1n muy entusiasmados y con nervios a la ves. Cuidaremos de ambos grupos como si fueran nuestros hijos, sobrinas, primos o alumnas.<\/p>\n<p><strong>EDUCACI\u00d3N F\u00cdSICA<\/strong><\/p>\n<p>Hoy queremos compartir una experiencia muy especial que hemos vivido en el Colegio Alquer\u00eda Educaci\u00f3n. Hemos tenido la suerte de disfrutar de una clase magistral de expresi\u00f3n corporal dirigida por Inma Garc\u00eda S\u00e1nchez, madre de dos de nuestros alumnos, Aimar (6\u00ba de Primaria) y Naia (3\u00ba de Primaria), y Profesora de la Universidad Pablo de Olavide de Sevilla de la asignatura Expresi\u00f3n Corporal y Danza, con una experiencia docente de m\u00e1s de 15 a\u00f1os formando a futuros profesores y profesoras de Educaci\u00f3n F\u00edsica a nivel nacional.<br \/>\nLa actividad se ha desarrollado en el tejadillo del patio de Primaria, un espacio que se ha llenado de ritmo, movimiento y energ\u00eda positiva. Con la ayuda de un altavoz, timbal y la m\u00fasica proporcionada por Inma, el alumnado del tercer ciclo (5\u00ba y 6\u00ba de Primaria) ha podido explorar diferentes formas de expresi\u00f3n a trav\u00e9s del cuerpo.<\/p>\n<p><img decoding=\"async\" data-attachment-id=\"18332\" data-permalink=\"https:\/\/www.alqueria.es\/blogs\/colegioalqueriatercerciclo\/2025\/05\/17\/viaje-fin-de-curso-emprendiendo\/expresion-corporal-6\/\" data-orig-file=\"https:\/\/cloud.alqueria.es\/wp-content\/uploads\/sites\/5\/2025\/05\/Expresion-corporal-6.jpeg\" data-orig-size=\"2040,1148\" data-comments-opened=\"1\" data-image-meta=\"{&quot;aperture&quot;:&quot;0&quot;,&quot;credit&quot;:&quot;&quot;,&quot;camera&quot;:&quot;&quot;,&quot;caption&quot;:&quot;&quot;,&quot;created_timestamp&quot;:&quot;0&quot;,&quot;copyright&quot;:&quot;&quot;,&quot;focal_length&quot;:&quot;0&quot;,&quot;iso&quot;:&quot;0&quot;,&quot;shutter_speed&quot;:&quot;0&quot;,&quot;title&quot;:&quot;&quot;,&quot;orientation&quot;:&quot;0&quot;}\" data-image-title=\"Expresi\u00f3n corporal (6)\" data-image-description=\"\" data-image-caption=\"\" data-large-file=\"https:\/\/cloud.alqueria.es\/wp-content\/uploads\/sites\/5\/2025\/05\/Expresion-corporal-6-1024x576.jpeg\" class=\"alignnone size-full wp-image-18332\" src=\"https:\/\/cloud.alqueria.es\/wp-content\/uploads\/sites\/5\/2025\/05\/Expresion-corporal-6.jpeg\" alt=\"\" width=\"2040\" height=\"1148\" srcset=\"https:\/\/cloud.alqueria.es\/wp-content\/uploads\/sites\/5\/2025\/05\/Expresion-corporal-6.jpeg 2040w, https:\/\/cloud.alqueria.es\/wp-content\/uploads\/sites\/5\/2025\/05\/Expresion-corporal-6-300x169.jpeg 300w, https:\/\/cloud.alqueria.es\/wp-content\/uploads\/sites\/5\/2025\/05\/Expresion-corporal-6-1024x576.jpeg 1024w, https:\/\/cloud.alqueria.es\/wp-content\/uploads\/sites\/5\/2025\/05\/Expresion-corporal-6-768x432.jpeg 768w, https:\/\/cloud.alqueria.es\/wp-content\/uploads\/sites\/5\/2025\/05\/Expresion-corporal-6-1536x864.jpeg 1536w\" sizes=\"(max-width: 2040px) 100vw, 2040px\" \/><\/p>\n<p>Durante la sesi\u00f3n, se ha trabajado intensamente el ritmo, la coordinaci\u00f3n grupal mediante coreograf\u00edas en grupos grandes (cuatro en total), y tambi\u00e9n la creaci\u00f3n de coreograf\u00edas por parejas, fomentando el intercambio entre alumnas y alumnos, enriqueciendo as\u00ed la experiencia desde la diversidad y la cooperaci\u00f3n.<br \/>\nQueremos destacar tambi\u00e9n la valiosa colaboraci\u00f3n de Jaume Esteve, padre de Candela, alumna de 6\u00ba de Primaria, que particip\u00f3 activamente en la sesi\u00f3n acompa\u00f1ando con un timbal. Jaume Esteve es un percusionista, solista de percusi\u00f3n de la Orquesta Ciudad de Granada desde 1991 y ha colaborado con orquestas como la Filarm\u00f3nica de M\u00e1laga, la Sinf\u00f3nica de Sevilla, y orquestas de Galicia, \u00c1msterdam y Holanda. Contar con su talento y experiencia ha sido todo un lujo que ha aportado a\u00fan m\u00e1s riqueza, emoci\u00f3n y ritmo a esta jornada tan especial.<\/p>\n<p>Asimismo, cabe resaltar la estrategia utilizada por Inma para encantar y motivar al alumnado durante las distintas coreograf\u00edas. Su manera de explicarlas anal\u00edticamente, siempre a trav\u00e9s de la m\u00fasica como hilo conductor, ha sido clave para mantener el entusiasmo, la participaci\u00f3n activa y el disfrute del grupo. Una muestra m\u00e1s de su gran profesionalidad, sensibilidad y capacidad pedag\u00f3gica.<\/p>\n<p>Para finalizar esta clase tan especial, realizamos una sesi\u00f3n de estiramientos, tambi\u00e9n acompa\u00f1ada de m\u00fasica, lo que permiti\u00f3 al alumnado cerrar la actividad en un ambiente de relajaci\u00f3n, conexi\u00f3n corporal y bienestar. Una experiencia muy gratificante que fue valorada muy positivamente por todos y todas.<br \/>\nHa sido una jornada muy enriquecedora, tanto para el alumnado como para el profesorado que ha tenido el placer de participar: Isabel Gil, profesora de Educaci\u00f3n F\u00edsica; Manuel Mar\u00edn, profesor de Ingl\u00e9s; y quien firma estas palabras, Alberto Castro Garc\u00eda, tambi\u00e9n profesor de Educaci\u00f3n F\u00edsica del centro.<\/p>\n<p>Desde el \u00e1rea de Educaci\u00f3n F\u00edsica, consideramos fundamental trabajar la expresi\u00f3n corporal en la etapa de Primaria como en la de Infantil. Este tipo de actividades no solo desarrolla habilidades f\u00edsicas y art\u00edsticas, sino que tambi\u00e9n fortalece la autoestima, la creatividad, la empat\u00eda y la conexi\u00f3n emocional entre iguales.<br \/>\nQueremos expresar un agradecimiento muy especial y sincero a Inma Garc\u00eda por su implicaci\u00f3n, generosidad y por regalarnos esta experiencia tan valiosa, motivadora y enriquecedora. Y tambi\u00e9n a<br \/>\nJaume Esteve, por sumar su arte y su ritmo con tanta entrega. Ha sido, sin duda, una jornada que recordaremos con mucho cari\u00f1o y que deja una huella muy positiva en toda la comunidad educativa.<br \/>\n\u00a1Gracias, Inma y Jaume, por compartir vuestro talento y pasi\u00f3n con nosotros!<\/p>\n<p>A continuaci\u00f3n, compartimos unas im\u00e1genes de la actividad realizada para que pod\u00e1is ver un pedacito de esta bonita experiencia.<\/p>\n<p class=\"jetpack-slideshow-noscript robots-nocontent\">El pase de diapositivas requiere JavaScript.<\/p><div id=\"gallery-18295-2-slideshow\" class=\"jetpack-slideshow-window jetpack-slideshow jetpack-slideshow-black\" data-trans=\"fade\" data-autostart=\"1\" data-gallery=\"[{&quot;src&quot;:&quot;https:\\\/\\\/cloud.alqueria.es\\\/wp-content\\\/uploads\\\/sites\\\/5\\\/2025\\\/05\\\/Expresion-corporal-1.jpeg&quot;,&quot;id&quot;:&quot;18333&quot;,&quot;title&quot;:&quot;Expresi\\u00f3n corporal (1)&quot;,&quot;alt&quot;:&quot;&quot;,&quot;caption&quot;:&quot;&quot;,&quot;itemprop&quot;:&quot;image&quot;},{&quot;src&quot;:&quot;https:\\\/\\\/cloud.alqueria.es\\\/wp-content\\\/uploads\\\/sites\\\/5\\\/2025\\\/05\\\/Expresion-corporal-2.jpeg&quot;,&quot;id&quot;:&quot;18334&quot;,&quot;title&quot;:&quot;Expresi\\u00f3n corporal (2)&quot;,&quot;alt&quot;:&quot;&quot;,&quot;caption&quot;:&quot;&quot;,&quot;itemprop&quot;:&quot;image&quot;},{&quot;src&quot;:&quot;https:\\\/\\\/cloud.alqueria.es\\\/wp-content\\\/uploads\\\/sites\\\/5\\\/2025\\\/05\\\/Expresion-corporal-3.jpeg&quot;,&quot;id&quot;:&quot;18335&quot;,&quot;title&quot;:&quot;Expresi\\u00f3n corporal (3)&quot;,&quot;alt&quot;:&quot;&quot;,&quot;caption&quot;:&quot;&quot;,&quot;itemprop&quot;:&quot;image&quot;},{&quot;src&quot;:&quot;https:\\\/\\\/cloud.alqueria.es\\\/wp-content\\\/uploads\\\/sites\\\/5\\\/2025\\\/05\\\/Expresion-corporal-4.jpeg&quot;,&quot;id&quot;:&quot;18336&quot;,&quot;title&quot;:&quot;Expresi\\u00f3n corporal (4)&quot;,&quot;alt&quot;:&quot;&quot;,&quot;caption&quot;:&quot;&quot;,&quot;itemprop&quot;:&quot;image&quot;},{&quot;src&quot;:&quot;https:\\\/\\\/cloud.alqueria.es\\\/wp-content\\\/uploads\\\/sites\\\/5\\\/2025\\\/05\\\/Expresion-corporal-5.jpeg&quot;,&quot;id&quot;:&quot;18337&quot;,&quot;title&quot;:&quot;Expresi\\u00f3n corporal (5)&quot;,&quot;alt&quot;:&quot;&quot;,&quot;caption&quot;:&quot;&quot;,&quot;itemprop&quot;:&quot;image&quot;},{&quot;src&quot;:&quot;https:\\\/\\\/cloud.alqueria.es\\\/wp-content\\\/uploads\\\/sites\\\/5\\\/2025\\\/05\\\/Expresion-corporal-7.jpeg&quot;,&quot;id&quot;:&quot;18338&quot;,&quot;title&quot;:&quot;Expresi\\u00f3n corporal (7)&quot;,&quot;alt&quot;:&quot;&quot;,&quot;caption&quot;:&quot;&quot;,&quot;itemprop&quot;:&quot;image&quot;},{&quot;src&quot;:&quot;https:\\\/\\\/cloud.alqueria.es\\\/wp-content\\\/uploads\\\/sites\\\/5\\\/2025\\\/05\\\/Expresion-corporal-8.jpeg&quot;,&quot;id&quot;:&quot;18339&quot;,&quot;title&quot;:&quot;Expresi\\u00f3n corporal (8)&quot;,&quot;alt&quot;:&quot;&quot;,&quot;caption&quot;:&quot;&quot;,&quot;itemprop&quot;:&quot;image&quot;},{&quot;src&quot;:&quot;https:\\\/\\\/cloud.alqueria.es\\\/wp-content\\\/uploads\\\/sites\\\/5\\\/2025\\\/05\\\/Expresion-corporal-9.jpeg&quot;,&quot;id&quot;:&quot;18340&quot;,&quot;title&quot;:&quot;Expresi\\u00f3n corporal (9)&quot;,&quot;alt&quot;:&quot;&quot;,&quot;caption&quot;:&quot;&quot;,&quot;itemprop&quot;:&quot;image&quot;}]\" itemscope itemtype=\"https:\/\/schema.org\/ImageGallery\"><\/div>\n<p>\u00c1rea de Educaci\u00f3n F\u00edsica: Alberto C. e Isabel G.<\/p>\n<p>Buen fin de semana y a preparar la maleta en familia.<\/p>\n<p>Isabel y Jorge<\/p>\n","protected":false},"excerpt":{"rendered":"<p>Estimadas familias, en estas \u00faltimas semanas, el tercer ciclo se propuso realizar una actividad de emprendimiento con el objetivo de realizar una acci\u00f3n especial por ser su \u00faltimo curso en el colegio. Es un proyecto que parti\u00f3 de la iniciativa de los propios ni\u00f1os y ni\u00f1as del aula\u00a0 de sexto y que la han extendido &hellip; <a href=\"https:\/\/www.alqueria.es\/blogs\/colegioalqueriatercerciclo\/2025\/05\/17\/viaje-fin-de-curso-emprendiendo\/\" class=\"more-link\">Seguir leyendo <span class=\"screen-reader-text\">Viaje fin de curso emprendiendo<\/span> <span class=\"meta-nav\">&rarr;<\/span><\/a><\/p>\n","protected":false},"author":9,"featured_media":0,"comment_status":"open","ping_status":"open","sticky":false,"template":"","format":"standard","meta":{"jetpack_post_was_ever_published":false,"_jetpack_newsletter_access":"","_jetpack_dont_email_post_to_subs":false,"_jetpack_newsletter_tier_id":0,"_jetpack_memberships_contains_paywalled_content":false,"_jetpack_memberships_contains_paid_content":false,"footnotes":"","jetpack_publicize_message":"","jetpack_publicize_feature_enabled":true,"jetpack_social_post_already_shared":true,"jetpack_social_options":{"image_generator_settings":{"template":"highway","default_image_id":0,"font":"","enabled":false},"version":2}},"categories":[2,3],"tags":[688,689,179,180,314],"class_list":["post-18295","post","type-post","status-publish","format-standard","hentry","category-5o-epo","category-6o-epo","tag-expresion-corporal","tag-maleta","tag-semanario-5o","tag-semanario-6o","tag-viaje-a-malaga"],"jetpack_publicize_connections":[],"jetpack_featured_media_url":"","jetpack_sharing_enabled":true,"jetpack_shortlink":"https:\/\/wp.me\/p4l4AW-4L5","jetpack-related-posts":[],"_links":{"self":[{"href":"https:\/\/www.alqueria.es\/blogs\/colegioalqueriatercerciclo\/wp-json\/wp\/v2\/posts\/18295","targetHints":{"allow":["GET"]}}],"collection":[{"href":"https:\/\/www.alqueria.es\/blogs\/colegioalqueriatercerciclo\/wp-json\/wp\/v2\/posts"}],"about":[{"href":"https:\/\/www.alqueria.es\/blogs\/colegioalqueriatercerciclo\/wp-json\/wp\/v2\/types\/post"}],"author":[{"embeddable":true,"href":"https:\/\/www.alqueria.es\/blogs\/colegioalqueriatercerciclo\/wp-json\/wp\/v2\/users\/9"}],"replies":[{"embeddable":true,"href":"https:\/\/www.alqueria.es\/blogs\/colegioalqueriatercerciclo\/wp-json\/wp\/v2\/comments?post=18295"}],"version-history":[{"count":10,"href":"https:\/\/www.alqueria.es\/blogs\/colegioalqueriatercerciclo\/wp-json\/wp\/v2\/posts\/18295\/revisions"}],"predecessor-version":[{"id":18368,"href":"https:\/\/www.alqueria.es\/blogs\/colegioalqueriatercerciclo\/wp-json\/wp\/v2\/posts\/18295\/revisions\/18368"}],"wp:attachment":[{"href":"https:\/\/www.alqueria.es\/blogs\/colegioalqueriatercerciclo\/wp-json\/wp\/v2\/media?parent=18295"}],"wp:term":[{"taxonomy":"category","embeddable":true,"href":"https:\/\/www.alqueria.es\/blogs\/colegioalqueriatercerciclo\/wp-json\/wp\/v2\/categories?post=18295"},{"taxonomy":"post_tag","embeddable":true,"href":"https:\/\/www.alqueria.es\/blogs\/colegioalqueriatercerciclo\/wp-json\/wp\/v2\/tags?post=18295"}],"curies":[{"name":"wp","href":"https:\/\/api.w.org\/{rel}","templated":true}]}}