{"id":19005,"date":"2025-10-18T10:26:44","date_gmt":"2025-10-18T08:26:44","guid":{"rendered":"https:\/\/www.alqueria.es\/blogs\/colegioalqueriatercerciclo\/?p=19005"},"modified":"2025-10-18T10:26:44","modified_gmt":"2025-10-18T08:26:44","slug":"la-patrulla-medioambiental","status":"publish","type":"post","link":"https:\/\/www.alqueria.es\/blogs\/colegioalqueriatercerciclo\/2025\/10\/18\/la-patrulla-medioambiental\/","title":{"rendered":"La Patrulla Medioambiental"},"content":{"rendered":"<p>La inauguraci\u00f3n de la Patrulla Medioambiental la pasada semana fue un momento especial para toda la etapa de Primaria. Una representaci\u00f3n del grupo de sexto quiso ser la primera en ponerla en marcha y present\u00f3 la actividad en una asamblea de Primaria, acompa\u00f1ados por Dar\u00eda, la delegada pedag\u00f3gica de Primaria del colegio.<img decoding=\"async\" data-attachment-id=\"19006\" data-permalink=\"https:\/\/www.alqueria.es\/blogs\/colegioalqueriatercerciclo\/2025\/10\/18\/la-patrulla-medioambiental\/patrulla-1\/\" data-orig-file=\"https:\/\/cloud.alqueria.es\/wp-content\/uploads\/sites\/5\/2025\/10\/PATRULLA-1.jpeg\" data-orig-size=\"1600,1200\" data-comments-opened=\"1\" data-image-meta=\"{&quot;aperture&quot;:&quot;0&quot;,&quot;credit&quot;:&quot;&quot;,&quot;camera&quot;:&quot;&quot;,&quot;caption&quot;:&quot;&quot;,&quot;created_timestamp&quot;:&quot;0&quot;,&quot;copyright&quot;:&quot;&quot;,&quot;focal_length&quot;:&quot;0&quot;,&quot;iso&quot;:&quot;0&quot;,&quot;shutter_speed&quot;:&quot;0&quot;,&quot;title&quot;:&quot;&quot;,&quot;orientation&quot;:&quot;0&quot;}\" data-image-title=\"PATRULLA (1)\" data-image-description=\"\" data-image-caption=\"\" data-large-file=\"https:\/\/cloud.alqueria.es\/wp-content\/uploads\/sites\/5\/2025\/10\/PATRULLA-1-1024x768.jpeg\" class=\"alignnone size-full wp-image-19006\" src=\"https:\/\/cloud.alqueria.es\/wp-content\/uploads\/sites\/5\/2025\/10\/PATRULLA-1.jpeg\" alt=\"\" width=\"1600\" height=\"1200\" srcset=\"https:\/\/cloud.alqueria.es\/wp-content\/uploads\/sites\/5\/2025\/10\/PATRULLA-1.jpeg 1600w, https:\/\/cloud.alqueria.es\/wp-content\/uploads\/sites\/5\/2025\/10\/PATRULLA-1-300x225.jpeg 300w, https:\/\/cloud.alqueria.es\/wp-content\/uploads\/sites\/5\/2025\/10\/PATRULLA-1-1024x768.jpeg 1024w, https:\/\/cloud.alqueria.es\/wp-content\/uploads\/sites\/5\/2025\/10\/PATRULLA-1-768x576.jpeg 768w, https:\/\/cloud.alqueria.es\/wp-content\/uploads\/sites\/5\/2025\/10\/PATRULLA-1-1536x1152.jpeg 1536w\" sizes=\"(max-width: 1600px) 100vw, 1600px\" \/><\/p>\n<p>Estos compa\u00f1eros explicaron a todos los cursos los objetivos de la patrulla, destacando la importancia de respetar y cuidar los espacios comunes, mantener el colegio limpio y ordenado, y fomentar el reciclaje y la conciencia medioambiental.<\/p>\n<p>Para cerrar la presentaci\u00f3n con un toque inspirador, estos compa\u00f1eros lanzaron un eslogan con voz alta titulado <strong>\u201cTodos juntos podemos\u201d,<\/strong> un canto que vino acompa\u00f1ado por una repetici\u00f3n del resto de grupos y un gran aplauso.<\/p>\n<p><img decoding=\"async\" data-attachment-id=\"19007\" data-permalink=\"https:\/\/www.alqueria.es\/blogs\/colegioalqueriatercerciclo\/2025\/10\/18\/la-patrulla-medioambiental\/patrulla-4\/\" data-orig-file=\"https:\/\/cloud.alqueria.es\/wp-content\/uploads\/sites\/5\/2025\/10\/PATRULLA-4.jpeg\" data-orig-size=\"1600,1200\" data-comments-opened=\"1\" data-image-meta=\"{&quot;aperture&quot;:&quot;0&quot;,&quot;credit&quot;:&quot;&quot;,&quot;camera&quot;:&quot;&quot;,&quot;caption&quot;:&quot;&quot;,&quot;created_timestamp&quot;:&quot;0&quot;,&quot;copyright&quot;:&quot;&quot;,&quot;focal_length&quot;:&quot;0&quot;,&quot;iso&quot;:&quot;0&quot;,&quot;shutter_speed&quot;:&quot;0&quot;,&quot;title&quot;:&quot;&quot;,&quot;orientation&quot;:&quot;0&quot;}\" data-image-title=\"PATRULLA (4)\" data-image-description=\"\" data-image-caption=\"\" data-large-file=\"https:\/\/cloud.alqueria.es\/wp-content\/uploads\/sites\/5\/2025\/10\/PATRULLA-4-1024x768.jpeg\" class=\"alignnone size-full wp-image-19007\" src=\"https:\/\/cloud.alqueria.es\/wp-content\/uploads\/sites\/5\/2025\/10\/PATRULLA-4.jpeg\" alt=\"\" width=\"1600\" height=\"1200\" srcset=\"https:\/\/cloud.alqueria.es\/wp-content\/uploads\/sites\/5\/2025\/10\/PATRULLA-4.jpeg 1600w, https:\/\/cloud.alqueria.es\/wp-content\/uploads\/sites\/5\/2025\/10\/PATRULLA-4-300x225.jpeg 300w, https:\/\/cloud.alqueria.es\/wp-content\/uploads\/sites\/5\/2025\/10\/PATRULLA-4-1024x768.jpeg 1024w, https:\/\/cloud.alqueria.es\/wp-content\/uploads\/sites\/5\/2025\/10\/PATRULLA-4-768x576.jpeg 768w, https:\/\/cloud.alqueria.es\/wp-content\/uploads\/sites\/5\/2025\/10\/PATRULLA-4-1536x1152.jpeg 1536w\" sizes=\"(max-width: 1600px) 100vw, 1600px\" \/> <img decoding=\"async\" data-attachment-id=\"19008\" data-permalink=\"https:\/\/www.alqueria.es\/blogs\/colegioalqueriatercerciclo\/2025\/10\/18\/la-patrulla-medioambiental\/patrulla-6\/\" data-orig-file=\"https:\/\/cloud.alqueria.es\/wp-content\/uploads\/sites\/5\/2025\/10\/PATRULLA-6.jpeg\" data-orig-size=\"1600,1200\" data-comments-opened=\"1\" data-image-meta=\"{&quot;aperture&quot;:&quot;0&quot;,&quot;credit&quot;:&quot;&quot;,&quot;camera&quot;:&quot;&quot;,&quot;caption&quot;:&quot;&quot;,&quot;created_timestamp&quot;:&quot;0&quot;,&quot;copyright&quot;:&quot;&quot;,&quot;focal_length&quot;:&quot;0&quot;,&quot;iso&quot;:&quot;0&quot;,&quot;shutter_speed&quot;:&quot;0&quot;,&quot;title&quot;:&quot;&quot;,&quot;orientation&quot;:&quot;0&quot;}\" data-image-title=\"PATRULLA (6)\" data-image-description=\"\" data-image-caption=\"\" data-large-file=\"https:\/\/cloud.alqueria.es\/wp-content\/uploads\/sites\/5\/2025\/10\/PATRULLA-6-1024x768.jpeg\" class=\"alignnone size-full wp-image-19008\" src=\"https:\/\/cloud.alqueria.es\/wp-content\/uploads\/sites\/5\/2025\/10\/PATRULLA-6.jpeg\" alt=\"\" width=\"1600\" height=\"1200\" srcset=\"https:\/\/cloud.alqueria.es\/wp-content\/uploads\/sites\/5\/2025\/10\/PATRULLA-6.jpeg 1600w, https:\/\/cloud.alqueria.es\/wp-content\/uploads\/sites\/5\/2025\/10\/PATRULLA-6-300x225.jpeg 300w, https:\/\/cloud.alqueria.es\/wp-content\/uploads\/sites\/5\/2025\/10\/PATRULLA-6-1024x768.jpeg 1024w, https:\/\/cloud.alqueria.es\/wp-content\/uploads\/sites\/5\/2025\/10\/PATRULLA-6-768x576.jpeg 768w, https:\/\/cloud.alqueria.es\/wp-content\/uploads\/sites\/5\/2025\/10\/PATRULLA-6-1536x1152.jpeg 1536w\" sizes=\"(max-width: 1600px) 100vw, 1600px\" \/><\/p>\n<p>Cada viernes, durante el recreo, el colegio se transforma. Un grupo de alumnos se distingue por algo especial llevando puesto petos de colores y una misi\u00f3n importante. Son los integrantes de la <strong>Patrulla Medioambiental<\/strong>, una iniciativa en la que participan dos ni\u00f1os o ni\u00f1as de cada clase de Primaria, acompa\u00f1ados siempre por un tutor responsable.<\/p>\n<p>Cuando llega el momento, los patrulleros dejan a un lado el bal\u00f3n y se ponen en marcha. Recorren los pasillos, el patio, los ba\u00f1os y las aulas con una mirada atenta. Su labor consiste en asegurarse de que los grifos est\u00e9n bien cerrados, que no haya papeles en el suelo,\u00a0 que las bombas de calor o las pizarras digitales est\u00e9n apagadas cuando no se utilizan. Tambi\u00e9n se ocupan de recoger la ropa perdida, intentando primero encontrar a sus due\u00f1os antes de llevar las prendas al barre\u00f1o de ropa extraviada.<\/p>\n<p>En el patio, la actividad contin\u00faa: limpian y ordenan la\u00a0 casita de juegos, revisan los espacios del huerto, el gallinero y el jard\u00edn, y dedican un momento a recoger el papel reciclado y los pl\u00e1sticos de las distintas aulas y zonas comunes para llevarlos a los contenedores grandes de reciclaje. Todo se hace con cuidado y con un fuerte sentido de responsabilidad compartida.<\/p>\n<p class=\"jetpack-slideshow-noscript robots-nocontent\">El pase de diapositivas requiere JavaScript.<\/p><div id=\"gallery-19005-1-slideshow\" class=\"jetpack-slideshow-window jetpack-slideshow jetpack-slideshow-black\" data-trans=\"fade\" data-autostart=\"1\" data-gallery=\"[{&quot;src&quot;:&quot;https:\\\/\\\/cloud.alqueria.es\\\/wp-content\\\/uploads\\\/sites\\\/5\\\/2025\\\/10\\\/PATRULLA-5-768x1024.jpeg&quot;,&quot;id&quot;:&quot;19011&quot;,&quot;title&quot;:&quot;PATRULLA (5)&quot;,&quot;alt&quot;:&quot;&quot;,&quot;caption&quot;:&quot;&quot;,&quot;itemprop&quot;:&quot;image&quot;},{&quot;src&quot;:&quot;https:\\\/\\\/cloud.alqueria.es\\\/wp-content\\\/uploads\\\/sites\\\/5\\\/2025\\\/10\\\/PATRULLA-3-768x1024.jpeg&quot;,&quot;id&quot;:&quot;19010&quot;,&quot;title&quot;:&quot;PATRULLA (3)&quot;,&quot;alt&quot;:&quot;&quot;,&quot;caption&quot;:&quot;&quot;,&quot;itemprop&quot;:&quot;image&quot;},{&quot;src&quot;:&quot;https:\\\/\\\/cloud.alqueria.es\\\/wp-content\\\/uploads\\\/sites\\\/5\\\/2025\\\/10\\\/PATRULLA-2-1024x768.jpeg&quot;,&quot;id&quot;:&quot;19009&quot;,&quot;title&quot;:&quot;PATRULLA (2)&quot;,&quot;alt&quot;:&quot;&quot;,&quot;caption&quot;:&quot;&quot;,&quot;itemprop&quot;:&quot;image&quot;},{&quot;src&quot;:&quot;https:\\\/\\\/cloud.alqueria.es\\\/wp-content\\\/uploads\\\/sites\\\/5\\\/2025\\\/10\\\/WhatsApp-Image-2025-10-10-at-15.21.59-1-1024x768-1.jpeg&quot;,&quot;id&quot;:&quot;19012&quot;,&quot;title&quot;:&quot;WhatsApp-Image-2025-10-10-at-15.21.59-1-1024\\u0026#215;768&quot;,&quot;alt&quot;:&quot;&quot;,&quot;caption&quot;:&quot;&quot;,&quot;itemprop&quot;:&quot;image&quot;},{&quot;src&quot;:&quot;https:\\\/\\\/cloud.alqueria.es\\\/wp-content\\\/uploads\\\/sites\\\/5\\\/2025\\\/10\\\/WhatsApp-Image-2025-10-10-at-15.21.59-768x1024-1.jpeg&quot;,&quot;id&quot;:&quot;19013&quot;,&quot;title&quot;:&quot;WhatsApp-Image-2025-10-10-at-15.21.59-768\\u0026#215;1024&quot;,&quot;alt&quot;:&quot;&quot;,&quot;caption&quot;:&quot;&quot;,&quot;itemprop&quot;:&quot;image&quot;}]\" itemscope itemtype=\"https:\/\/schema.org\/ImageGallery\"><\/div>\n<p>A simple vista podr\u00eda parecer una actividad m\u00e1s dentro de la rutina escolar, pero detr\u00e1s de esta experiencia hay un prop\u00f3sito profundo. La Patrulla Medioambiental tiene varios objetivos:<\/p>\n<p>&#8211; Cuidar y mantener los espacios comunes del colegio, entendiendo que todos somos responsables del entorno en el que convivimos.<\/p>\n<p>&#8211; Fomentar la conciencia ecol\u00f3gica y el respeto por el medio ambiente, a trav\u00e9s del reciclaje de papel y pl\u00e1stico y del uso responsable de los recursos.<\/p>\n<p>&#8211; Aprender a trabajar en equipo, colaborando entre alumnos de diferentes cursos y desarrollando valores de cooperaci\u00f3n y compromiso.<\/p>\n<p>&#8211; Promover la autonom\u00eda y la responsabilidad individual, dando a los ni\u00f1os la oportunidad de implicarse activamente en el cuidado de su entorno.<\/p>\n<p>&#8211; Valorar el esfuerzo colectivo, reconociendo que cada peque\u00f1a acci\u00f3n contribuye a un colegio m\u00e1s limpio, sostenible y agradable para todos.<\/p>\n<p>Cada viernes, la Patrulla Medioambiental se ha convertido en una de esas tradiciones que dejan huella. M\u00e1s all\u00e1 de limpiar, revisar o reciclar, aprenden que cuidar el colegio es cuidar tambi\u00e9n de las personas que lo habitan y del planeta que compartimos.<\/p>\n<p>Gracias a todas las ni\u00f1as y ni\u00f1os que, con sus petos de colores y su entusiasmo, hacen posible esta bonita iniciativa. \u00a1Cada viernes nos recuerdan que cuidar del entorno es una tarea de todos!<\/p>\n<p>Jorge Torrente<\/p>\n","protected":false},"excerpt":{"rendered":"<p>La inauguraci\u00f3n de la Patrulla Medioambiental la pasada semana fue un momento especial para toda la etapa de Primaria. Una representaci\u00f3n del grupo de sexto quiso ser la primera en ponerla en marcha y present\u00f3 la actividad en una asamblea de Primaria, acompa\u00f1ados por Dar\u00eda, la delegada pedag\u00f3gica de Primaria del colegio. Estos compa\u00f1eros explicaron &hellip; <a href=\"https:\/\/www.alqueria.es\/blogs\/colegioalqueriatercerciclo\/2025\/10\/18\/la-patrulla-medioambiental\/\" class=\"more-link\">Seguir leyendo <span class=\"screen-reader-text\">La Patrulla Medioambiental<\/span> <span class=\"meta-nav\">&rarr;<\/span><\/a><\/p>\n","protected":false},"author":3,"featured_media":0,"comment_status":"open","ping_status":"open","sticky":false,"template":"","format":"standard","meta":{"jetpack_post_was_ever_published":false,"_jetpack_newsletter_access":"","_jetpack_dont_email_post_to_subs":false,"_jetpack_newsletter_tier_id":0,"_jetpack_memberships_contains_paywalled_content":false,"_jetpack_memberships_contains_paid_content":false,"footnotes":"","jetpack_publicize_message":"","jetpack_publicize_feature_enabled":true,"jetpack_social_post_already_shared":true,"jetpack_social_options":{"image_generator_settings":{"template":"highway","default_image_id":0,"font":"","enabled":false},"version":2}},"categories":[3,15],"tags":[443,424,442,180],"class_list":["post-19005","post","type-post","status-publish","format-standard","hentry","category-6o-epo","category-semanario-6o","tag-concienciacion-medioambiental","tag-patrulla-medioambiental","tag-reciclaje","tag-semanario-6o"],"jetpack_publicize_connections":[],"jetpack_featured_media_url":"","jetpack_sharing_enabled":true,"jetpack_shortlink":"https:\/\/wp.me\/p4l4AW-4Wx","jetpack-related-posts":[],"_links":{"self":[{"href":"https:\/\/www.alqueria.es\/blogs\/colegioalqueriatercerciclo\/wp-json\/wp\/v2\/posts\/19005","targetHints":{"allow":["GET"]}}],"collection":[{"href":"https:\/\/www.alqueria.es\/blogs\/colegioalqueriatercerciclo\/wp-json\/wp\/v2\/posts"}],"about":[{"href":"https:\/\/www.alqueria.es\/blogs\/colegioalqueriatercerciclo\/wp-json\/wp\/v2\/types\/post"}],"author":[{"embeddable":true,"href":"https:\/\/www.alqueria.es\/blogs\/colegioalqueriatercerciclo\/wp-json\/wp\/v2\/users\/3"}],"replies":[{"embeddable":true,"href":"https:\/\/www.alqueria.es\/blogs\/colegioalqueriatercerciclo\/wp-json\/wp\/v2\/comments?post=19005"}],"version-history":[{"count":1,"href":"https:\/\/www.alqueria.es\/blogs\/colegioalqueriatercerciclo\/wp-json\/wp\/v2\/posts\/19005\/revisions"}],"predecessor-version":[{"id":19014,"href":"https:\/\/www.alqueria.es\/blogs\/colegioalqueriatercerciclo\/wp-json\/wp\/v2\/posts\/19005\/revisions\/19014"}],"wp:attachment":[{"href":"https:\/\/www.alqueria.es\/blogs\/colegioalqueriatercerciclo\/wp-json\/wp\/v2\/media?parent=19005"}],"wp:term":[{"taxonomy":"category","embeddable":true,"href":"https:\/\/www.alqueria.es\/blogs\/colegioalqueriatercerciclo\/wp-json\/wp\/v2\/categories?post=19005"},{"taxonomy":"post_tag","embeddable":true,"href":"https:\/\/www.alqueria.es\/blogs\/colegioalqueriatercerciclo\/wp-json\/wp\/v2\/tags?post=19005"}],"curies":[{"name":"wp","href":"https:\/\/api.w.org\/{rel}","templated":true}]}}