{"id":19018,"date":"2025-10-24T17:30:54","date_gmt":"2025-10-24T15:30:54","guid":{"rendered":"https:\/\/www.alqueria.es\/blogs\/colegioalqueriatercerciclo\/?p=19018"},"modified":"2025-10-24T16:26:30","modified_gmt":"2025-10-24T14:26:30","slug":"tertulia-literaria-en-quinto","status":"publish","type":"post","link":"https:\/\/www.alqueria.es\/blogs\/colegioalqueriatercerciclo\/2025\/10\/24\/tertulia-literaria-en-quinto\/","title":{"rendered":"Tertulia Literaria en quinto"},"content":{"rendered":"<p>Estimadas familias, esta semana ha tenido lugar en el aula de quinto la primera tertulia literaria para nuestro alumnado de quinto.<\/p>\n<p><img decoding=\"async\" data-attachment-id=\"19019\" data-permalink=\"https:\/\/www.alqueria.es\/blogs\/colegioalqueriatercerciclo\/2025\/10\/24\/tertulia-literaria-en-quinto\/sin-titulo-21\/\" data-orig-file=\"https:\/\/cloud.alqueria.es\/wp-content\/uploads\/sites\/5\/2025\/10\/Sin-titulo.png\" data-orig-size=\"308,129\" data-comments-opened=\"1\" data-image-meta=\"{&quot;aperture&quot;:&quot;0&quot;,&quot;credit&quot;:&quot;&quot;,&quot;camera&quot;:&quot;&quot;,&quot;caption&quot;:&quot;&quot;,&quot;created_timestamp&quot;:&quot;0&quot;,&quot;copyright&quot;:&quot;&quot;,&quot;focal_length&quot;:&quot;0&quot;,&quot;iso&quot;:&quot;0&quot;,&quot;shutter_speed&quot;:&quot;0&quot;,&quot;title&quot;:&quot;&quot;,&quot;orientation&quot;:&quot;0&quot;}\" data-image-title=\"Sin t\u00edtulo\" data-image-description=\"\" data-image-caption=\"\" data-large-file=\"https:\/\/cloud.alqueria.es\/wp-content\/uploads\/sites\/5\/2025\/10\/Sin-titulo.png\" class=\"alignnone wp-image-19019\" src=\"https:\/\/cloud.alqueria.es\/wp-content\/uploads\/sites\/5\/2025\/10\/Sin-titulo.png\" alt=\"\" width=\"356\" height=\"149\" srcset=\"https:\/\/cloud.alqueria.es\/wp-content\/uploads\/sites\/5\/2025\/10\/Sin-titulo.png 308w, https:\/\/cloud.alqueria.es\/wp-content\/uploads\/sites\/5\/2025\/10\/Sin-titulo-300x126.png 300w\" sizes=\"(max-width: 356px) 100vw, 356px\" \/><\/p>\n<p><strong><span style=\"color: #ff00ff\">\u00bfQu\u00e9 es una tertulia Literaria en Alquer\u00eda Educaci\u00f3n?<\/span><\/strong><\/p>\n<p>La tertulia es una actividad con un largo recorrido en el proyecto educativo de Alquer\u00eda. Se realiza en el tercer ciclo de primaria. Todo el alumnado se tiene que leer un libro propuesto por el tutora. En el desarrollo de la lectura, deben elegir uno o m\u00e1s p\u00e1rrafos que les hayan resultado interesantes, inspiradores, conmovedores, que les hayan recordado alguna vivencia, alg\u00fan recuerdo, algo que te ha hecho re\u00edr por lo que dice, por como est\u00e1 escrito.<\/p>\n<p>Los libros de las tertulias se eligen al principio de curso, generalmente porque son libros donde se pueden extraer tem\u00e1ticas sociales, emocionales, de convivencia, aspectos \u00e9ticos, de valores.<\/p>\n<p>La participaci\u00f3n en la tertulia debe cumplir con una serie de compromisos como es leer el libro para la fecha acordada y elegir el p\u00e1rrafo.<\/p>\n<p><img decoding=\"async\" data-attachment-id=\"19022\" data-permalink=\"https:\/\/www.alqueria.es\/blogs\/colegioalqueriatercerciclo\/2025\/10\/24\/tertulia-literaria-en-quinto\/photo-2025-10-24-16-19-24-1\/\" data-orig-file=\"https:\/\/cloud.alqueria.es\/wp-content\/uploads\/sites\/5\/2025\/10\/PHOTO-2025-10-24-16-19-24-1.jpg\" data-orig-size=\"1600,1200\" data-comments-opened=\"1\" data-image-meta=\"{&quot;aperture&quot;:&quot;0&quot;,&quot;credit&quot;:&quot;&quot;,&quot;camera&quot;:&quot;&quot;,&quot;caption&quot;:&quot;&quot;,&quot;created_timestamp&quot;:&quot;0&quot;,&quot;copyright&quot;:&quot;&quot;,&quot;focal_length&quot;:&quot;0&quot;,&quot;iso&quot;:&quot;0&quot;,&quot;shutter_speed&quot;:&quot;0&quot;,&quot;title&quot;:&quot;&quot;,&quot;orientation&quot;:&quot;0&quot;}\" data-image-title=\"PHOTO-2025-10-24-16-19-24 (1)\" data-image-description=\"\" data-image-caption=\"\" data-large-file=\"https:\/\/cloud.alqueria.es\/wp-content\/uploads\/sites\/5\/2025\/10\/PHOTO-2025-10-24-16-19-24-1-1024x768.jpg\" class=\"alignnone size-full wp-image-19022\" src=\"https:\/\/cloud.alqueria.es\/wp-content\/uploads\/sites\/5\/2025\/10\/PHOTO-2025-10-24-16-19-24-1.jpg\" alt=\"\" width=\"1600\" height=\"1200\" srcset=\"https:\/\/cloud.alqueria.es\/wp-content\/uploads\/sites\/5\/2025\/10\/PHOTO-2025-10-24-16-19-24-1.jpg 1600w, https:\/\/cloud.alqueria.es\/wp-content\/uploads\/sites\/5\/2025\/10\/PHOTO-2025-10-24-16-19-24-1-300x225.jpg 300w, https:\/\/cloud.alqueria.es\/wp-content\/uploads\/sites\/5\/2025\/10\/PHOTO-2025-10-24-16-19-24-1-1024x768.jpg 1024w, https:\/\/cloud.alqueria.es\/wp-content\/uploads\/sites\/5\/2025\/10\/PHOTO-2025-10-24-16-19-24-1-768x576.jpg 768w, https:\/\/cloud.alqueria.es\/wp-content\/uploads\/sites\/5\/2025\/10\/PHOTO-2025-10-24-16-19-24-1-1536x1152.jpg 1536w\" sizes=\"(max-width: 1600px) 100vw, 1600px\" \/><\/p>\n<p><span style=\"color: #000000\"><strong>Los objetivos de la Tertulia<\/strong><\/span> son los siguientes:<\/p>\n<ul>\n<li><span style=\"color: #ff00ff\"><strong>Participar y cooperar en situaciones comunicativas<\/strong>,<\/span> especialmente destinadas a favorecer la convivencia (debates o dilemas morales destinados a favorecer la convivencia), con valoraci\u00f3n y respeto de las normas que rigen la interacci\u00f3n oral (turnos de palabra, papeles diversos en el intercambio, tono de voz, posturas y gestos adecuados).<\/li>\n<li><span style=\"color: #ff00ff\"><strong>Aprender a respetar los diferentes ritmos de aprendizaje, opini\u00f3n y expresi\u00f3n.<\/strong><\/span><\/li>\n<li><span style=\"color: #ff00ff\"><strong>Fomentar la expresi\u00f3n oral.<\/strong><\/span><\/li>\n<li><span style=\"color: #ff00ff\"><strong>Utilizar el lenguaje<\/strong><\/span> para tomar conciencia de las ideas y los sentimientos propios\u00a0 y de los dem\u00e1s.<\/li>\n<li><span style=\"color: #ff00ff\"><strong>Aprender a regular la propia conducta<\/strong>,<\/span> empleando un lenguaje no discriminatorio y respetuoso con las diferencias.<\/li>\n<li><span style=\"color: #ff00ff\"><strong>Aprender a cumplir los compromisos<\/strong>.<\/span><\/li>\n<\/ul>\n<p><em><strong>\u00bfCu\u00e1l es el desarrollo de la Tertulia?<\/strong><\/em><\/p>\n<ul>\n<li>El alumnado se sienta en asamblea en cualquier espacio del colegio: \u00e1rbol reuni\u00f3n, biblioteca, jard\u00edn.<\/li>\n<li>El tutor hace de moderador, y destaca los aspectos m\u00e1s llamativos de cada uno de los p\u00e1rrafos elegidos, lanza preguntas e interrogantes incidiendo en el reflejo de los temas en la vida del alumnado.<\/li>\n<li>Previamente a la celebraci\u00f3n de la tertulia todos los participantes eligen un p\u00e1rrafo que haya resultado especialmente significativo,\u00a0 porque sugiere alguna idea, recuerdo se ha producido una identificaci\u00f3n con un personaje, situaci\u00f3n o idea, ha producido alguna emoci\u00f3n, recuerdo de las vivencias personales.<\/li>\n<li>Voluntariamente, el d\u00eda acordado cada participante por turnos lee su p\u00e1rrafo y explica por qu\u00e9 ha sido esa su elecci\u00f3n. En muchas ocasiones coinciden p\u00e1rrafos y debatimos sobre las distintas opiniones de la elecci\u00f3n.<\/li>\n<\/ul>\n<p>El libro elegido para compartir y reflexionar ha sido \u00ab<span style=\"color: #3366ff\"><strong>EL LUGAR M\u00c1S BONITO DEL MUNDO\u00bb<\/strong><\/span> de la autora Ann Cameron, editorial Alfaguara.<\/p>\n<p>&nbsp;<\/p>\n<p><img decoding=\"async\" data-attachment-id=\"19020\" data-permalink=\"https:\/\/www.alqueria.es\/blogs\/colegioalqueriatercerciclo\/2025\/10\/24\/tertulia-literaria-en-quinto\/81nxn2uaqol-_ac_uf10001000_ql80_\/\" data-orig-file=\"https:\/\/cloud.alqueria.es\/wp-content\/uploads\/sites\/5\/2025\/10\/81nxn2UAQOL._AC_UF10001000_QL80_.jpg\" data-orig-size=\"673,1000\" data-comments-opened=\"1\" data-image-meta=\"{&quot;aperture&quot;:&quot;0&quot;,&quot;credit&quot;:&quot;&quot;,&quot;camera&quot;:&quot;&quot;,&quot;caption&quot;:&quot;&quot;,&quot;created_timestamp&quot;:&quot;0&quot;,&quot;copyright&quot;:&quot;&quot;,&quot;focal_length&quot;:&quot;0&quot;,&quot;iso&quot;:&quot;0&quot;,&quot;shutter_speed&quot;:&quot;0&quot;,&quot;title&quot;:&quot;&quot;,&quot;orientation&quot;:&quot;0&quot;}\" data-image-title=\"81nxn2UAQOL._AC_UF1000,1000_QL80_\" data-image-description=\"\" data-image-caption=\"\" data-large-file=\"https:\/\/cloud.alqueria.es\/wp-content\/uploads\/sites\/5\/2025\/10\/81nxn2UAQOL._AC_UF10001000_QL80_.jpg\" class=\"aligncenter wp-image-19020 size-medium\" src=\"https:\/\/cloud.alqueria.es\/wp-content\/uploads\/sites\/5\/2025\/10\/81nxn2UAQOL._AC_UF10001000_QL80_-202x300.jpg\" alt=\"\" width=\"202\" height=\"300\" srcset=\"https:\/\/cloud.alqueria.es\/wp-content\/uploads\/sites\/5\/2025\/10\/81nxn2UAQOL._AC_UF10001000_QL80_-202x300.jpg 202w, https:\/\/cloud.alqueria.es\/wp-content\/uploads\/sites\/5\/2025\/10\/81nxn2UAQOL._AC_UF10001000_QL80_.jpg 673w\" sizes=\"(max-width: 202px) 100vw, 202px\" \/><\/p>\n<p><span style=\"font-family: 'Arial','sans-serif'\">Cuenta la historia del peque\u00f1o Juan que vive en San Pablo, un pueblo en las monta\u00f1as de Guatemala. Despu\u00e9s de ser abandonado por su madre, se va a vivir con la abuela quien\u00a0<span style=\"color: #ff00ff\"><strong>le ense\u00f1a a trabajar y a valorar lo que tiene<\/strong>.<\/span> La abuela lo apoya para ir a la escuela y crea en \u00e9l la conciencia de que el lugar m\u00e1s bonito del mundo puede ser cualquiera, mientras est\u00e9 orgulloso de ser quien eres y de lo que haces.<\/span><\/p>\n<p><span style=\"font-family: 'Arial','sans-serif'\">En el desarrollo de la tertulia hace que se reflexione, debata sobre distintos temas y que se trabaje sobre las dificultades, circunstancias que viven otras personas, que nos pongamos en el lugar de Juan y verbalicemos lo qu\u00e9 har\u00edamos nosotros si nos pasar\u00e1 lo mismo.<\/span><\/p>\n<div data-carousel-extra='{&quot;blog_id&quot;:5,&quot;permalink&quot;:&quot;https:\/\/www.alqueria.es\/blogs\/colegioalqueriatercerciclo\/2025\/10\/24\/tertulia-literaria-en-quinto\/&quot;}' id='gallery-1' class='gallery galleryid-19018 gallery-columns-3 gallery-size-thumbnail'><figure class='gallery-item'>\n\t\t\t<div class='gallery-icon landscape'>\n\t\t\t\t<a href='https:\/\/www.alqueria.es\/blogs\/colegioalqueriatercerciclo\/2025\/10\/24\/tertulia-literaria-en-quinto\/photo-2025-10-24-16-19-24-2\/'><img decoding=\"async\" width=\"150\" height=\"150\" src=\"https:\/\/cloud.alqueria.es\/wp-content\/uploads\/sites\/5\/2025\/10\/PHOTO-2025-10-24-16-19-24-2-150x150.jpg\" class=\"attachment-thumbnail size-thumbnail\" alt=\"\" data-attachment-id=\"19023\" data-permalink=\"https:\/\/www.alqueria.es\/blogs\/colegioalqueriatercerciclo\/2025\/10\/24\/tertulia-literaria-en-quinto\/photo-2025-10-24-16-19-24-2\/\" data-orig-file=\"https:\/\/cloud.alqueria.es\/wp-content\/uploads\/sites\/5\/2025\/10\/PHOTO-2025-10-24-16-19-24-2.jpg\" data-orig-size=\"1600,1200\" data-comments-opened=\"1\" data-image-meta=\"{&quot;aperture&quot;:&quot;0&quot;,&quot;credit&quot;:&quot;&quot;,&quot;camera&quot;:&quot;&quot;,&quot;caption&quot;:&quot;&quot;,&quot;created_timestamp&quot;:&quot;0&quot;,&quot;copyright&quot;:&quot;&quot;,&quot;focal_length&quot;:&quot;0&quot;,&quot;iso&quot;:&quot;0&quot;,&quot;shutter_speed&quot;:&quot;0&quot;,&quot;title&quot;:&quot;&quot;,&quot;orientation&quot;:&quot;0&quot;}\" data-image-title=\"PHOTO-2025-10-24-16-19-24 (2)\" data-image-description=\"\" data-image-caption=\"\" data-large-file=\"https:\/\/cloud.alqueria.es\/wp-content\/uploads\/sites\/5\/2025\/10\/PHOTO-2025-10-24-16-19-24-2-1024x768.jpg\" \/><\/a>\n\t\t\t<\/div><\/figure><figure class='gallery-item'>\n\t\t\t<div class='gallery-icon landscape'>\n\t\t\t\t<a href='https:\/\/www.alqueria.es\/blogs\/colegioalqueriatercerciclo\/2025\/10\/24\/tertulia-literaria-en-quinto\/photo-2025-10-24-16-19-24-3\/'><img decoding=\"async\" width=\"150\" height=\"150\" src=\"https:\/\/cloud.alqueria.es\/wp-content\/uploads\/sites\/5\/2025\/10\/PHOTO-2025-10-24-16-19-24-3-150x150.jpg\" class=\"attachment-thumbnail size-thumbnail\" alt=\"\" data-attachment-id=\"19024\" data-permalink=\"https:\/\/www.alqueria.es\/blogs\/colegioalqueriatercerciclo\/2025\/10\/24\/tertulia-literaria-en-quinto\/photo-2025-10-24-16-19-24-3\/\" data-orig-file=\"https:\/\/cloud.alqueria.es\/wp-content\/uploads\/sites\/5\/2025\/10\/PHOTO-2025-10-24-16-19-24-3.jpg\" data-orig-size=\"1600,1200\" data-comments-opened=\"1\" data-image-meta=\"{&quot;aperture&quot;:&quot;0&quot;,&quot;credit&quot;:&quot;&quot;,&quot;camera&quot;:&quot;&quot;,&quot;caption&quot;:&quot;&quot;,&quot;created_timestamp&quot;:&quot;0&quot;,&quot;copyright&quot;:&quot;&quot;,&quot;focal_length&quot;:&quot;0&quot;,&quot;iso&quot;:&quot;0&quot;,&quot;shutter_speed&quot;:&quot;0&quot;,&quot;title&quot;:&quot;&quot;,&quot;orientation&quot;:&quot;0&quot;}\" data-image-title=\"PHOTO-2025-10-24-16-19-24 (3)\" data-image-description=\"\" data-image-caption=\"\" data-large-file=\"https:\/\/cloud.alqueria.es\/wp-content\/uploads\/sites\/5\/2025\/10\/PHOTO-2025-10-24-16-19-24-3-1024x768.jpg\" \/><\/a>\n\t\t\t<\/div><\/figure><figure class='gallery-item'>\n\t\t\t<div class='gallery-icon landscape'>\n\t\t\t\t<a href='https:\/\/www.alqueria.es\/blogs\/colegioalqueriatercerciclo\/2025\/10\/24\/tertulia-literaria-en-quinto\/photo-2025-10-24-16-19-24-4\/'><img decoding=\"async\" width=\"150\" height=\"150\" src=\"https:\/\/cloud.alqueria.es\/wp-content\/uploads\/sites\/5\/2025\/10\/PHOTO-2025-10-24-16-19-24-4-150x150.jpg\" class=\"attachment-thumbnail size-thumbnail\" alt=\"\" data-attachment-id=\"19025\" data-permalink=\"https:\/\/www.alqueria.es\/blogs\/colegioalqueriatercerciclo\/2025\/10\/24\/tertulia-literaria-en-quinto\/photo-2025-10-24-16-19-24-4\/\" data-orig-file=\"https:\/\/cloud.alqueria.es\/wp-content\/uploads\/sites\/5\/2025\/10\/PHOTO-2025-10-24-16-19-24-4.jpg\" data-orig-size=\"1600,1200\" data-comments-opened=\"1\" data-image-meta=\"{&quot;aperture&quot;:&quot;0&quot;,&quot;credit&quot;:&quot;&quot;,&quot;camera&quot;:&quot;&quot;,&quot;caption&quot;:&quot;&quot;,&quot;created_timestamp&quot;:&quot;0&quot;,&quot;copyright&quot;:&quot;&quot;,&quot;focal_length&quot;:&quot;0&quot;,&quot;iso&quot;:&quot;0&quot;,&quot;shutter_speed&quot;:&quot;0&quot;,&quot;title&quot;:&quot;&quot;,&quot;orientation&quot;:&quot;0&quot;}\" data-image-title=\"PHOTO-2025-10-24-16-19-24 (4)\" data-image-description=\"\" data-image-caption=\"\" data-large-file=\"https:\/\/cloud.alqueria.es\/wp-content\/uploads\/sites\/5\/2025\/10\/PHOTO-2025-10-24-16-19-24-4-1024x768.jpg\" \/><\/a>\n\t\t\t<\/div><\/figure><figure class='gallery-item'>\n\t\t\t<div class='gallery-icon landscape'>\n\t\t\t\t<a href='https:\/\/www.alqueria.es\/blogs\/colegioalqueriatercerciclo\/2025\/10\/24\/tertulia-literaria-en-quinto\/photo-2025-10-24-16-19-24\/'><img decoding=\"async\" width=\"150\" height=\"150\" src=\"https:\/\/cloud.alqueria.es\/wp-content\/uploads\/sites\/5\/2025\/10\/PHOTO-2025-10-24-16-19-24-150x150.jpg\" class=\"attachment-thumbnail size-thumbnail\" alt=\"\" data-attachment-id=\"19026\" data-permalink=\"https:\/\/www.alqueria.es\/blogs\/colegioalqueriatercerciclo\/2025\/10\/24\/tertulia-literaria-en-quinto\/photo-2025-10-24-16-19-24\/\" data-orig-file=\"https:\/\/cloud.alqueria.es\/wp-content\/uploads\/sites\/5\/2025\/10\/PHOTO-2025-10-24-16-19-24.jpg\" data-orig-size=\"1600,1200\" data-comments-opened=\"1\" data-image-meta=\"{&quot;aperture&quot;:&quot;0&quot;,&quot;credit&quot;:&quot;&quot;,&quot;camera&quot;:&quot;&quot;,&quot;caption&quot;:&quot;&quot;,&quot;created_timestamp&quot;:&quot;0&quot;,&quot;copyright&quot;:&quot;&quot;,&quot;focal_length&quot;:&quot;0&quot;,&quot;iso&quot;:&quot;0&quot;,&quot;shutter_speed&quot;:&quot;0&quot;,&quot;title&quot;:&quot;&quot;,&quot;orientation&quot;:&quot;0&quot;}\" data-image-title=\"PHOTO-2025-10-24-16-19-24\" data-image-description=\"\" data-image-caption=\"\" data-large-file=\"https:\/\/cloud.alqueria.es\/wp-content\/uploads\/sites\/5\/2025\/10\/PHOTO-2025-10-24-16-19-24-1024x768.jpg\" \/><\/a>\n\t\t\t<\/div><\/figure>\n\t\t<\/div>\n\n<p>Las tem\u00e1ticas sobre las que se ha debatido y reflexionado han sido las siguientes:<\/p>\n<ul>\n<li>Los recuerdos de la infancia,<\/li>\n<li>Cosas positivas que te ayudan a superar momentos de conflicto, de enfado.<\/li>\n<li>Importancia de la familia.<\/li>\n<li>Valorar lo que tenemos, aunque hay veces que no se valora.<\/li>\n<li>Estrategias para superar enfado, tristeza.<\/li>\n<li>Los lugares m\u00e1s bonitos del mundo para cada uno de nosotros.<\/li>\n<li>El tiempo que se pasa con los abuelos.<\/li>\n<li>Aspectos del libro que nos provoca curiosidad como a d\u00f3nde habr\u00e1 viajado la abuela o si habr\u00e1 viajado alguna vez.<\/li>\n<li>El abandono de los padres.<\/li>\n<li>La importancia del esfuerzo, de superar las inseguridades.<\/li>\n<li>Aprender del error y no rendirse.<\/li>\n<li>Formas de expresar las emociones tanto positivas como negativas, de manera f\u00edsica, a trav\u00e9s del llanto, de gritar, temblar,<\/li>\n<\/ul>\n<p><span style=\"font-family: 'Arial','sans-serif'\">Uno de los p\u00e1rrafos sobre el que m\u00e1s hemos compartido y que a la mayor\u00eda les ha gustado ha sido el siguiente: <em><b>\u00ab\u2026all\u00ed donde hay alguien a quien se quiere much\u00edsimo y donde hay alguien que nos quiere de veras, ese s\u00ed que es el lugar m\u00e1s bonito del mundo.\u00bb.<\/b><\/em><\/span><\/p>\n<p>Cada uno de los componentes del grupo ha contado cu\u00e1l es su lugar m\u00e1s bonito del mundo y el lugar al que acude para estar tranquilo, reflexivo, relajarse, consolarse. Algunos ejemplos de lugares que han nombrado han sido: en mi casa de la Alpujarra, o de la playa, en una hamaca, en mi cama con mis peluches, en el campo,\u00a0 en casa con familia, primos, en el cortijo&#8230;..<\/p>\n<p>Hemos disfrutado mucho.<\/p>\n<p>Buen fin de semana, Isabel<\/p>\n<p>&nbsp;<\/p>\n","protected":false},"excerpt":{"rendered":"<p>Estimadas familias, esta semana ha tenido lugar en el aula de quinto la primera tertulia literaria para nuestro alumnado de quinto. \u00bfQu\u00e9 es una tertulia Literaria en Alquer\u00eda Educaci\u00f3n? La tertulia es una actividad con un largo recorrido en el proyecto educativo de Alquer\u00eda. Se realiza en el tercer ciclo de primaria. Todo el alumnado &hellip; <a href=\"https:\/\/www.alqueria.es\/blogs\/colegioalqueriatercerciclo\/2025\/10\/24\/tertulia-literaria-en-quinto\/\" class=\"more-link\">Seguir leyendo <span class=\"screen-reader-text\">Tertulia Literaria en quinto<\/span> <span class=\"meta-nav\">&rarr;<\/span><\/a><\/p>\n","protected":false},"author":9,"featured_media":0,"comment_status":"open","ping_status":"open","sticky":false,"template":"","format":"standard","meta":{"jetpack_post_was_ever_published":false,"_jetpack_newsletter_access":"","_jetpack_dont_email_post_to_subs":false,"_jetpack_newsletter_tier_id":0,"_jetpack_memberships_contains_paywalled_content":false,"_jetpack_memberships_contains_paid_content":false,"footnotes":"","jetpack_publicize_message":"","jetpack_publicize_feature_enabled":true,"jetpack_social_post_already_shared":true,"jetpack_social_options":{"image_generator_settings":{"template":"highway","default_image_id":0,"font":"","enabled":false},"version":2}},"categories":[2],"tags":[325,95],"class_list":["post-19018","post","type-post","status-publish","format-standard","hentry","category-5o-epo","tag-informacion-a-familias","tag-tertulia-literaria"],"jetpack_publicize_connections":[],"jetpack_featured_media_url":"","jetpack_sharing_enabled":true,"jetpack_shortlink":"https:\/\/wp.me\/p4l4AW-4WK","jetpack-related-posts":[],"_links":{"self":[{"href":"https:\/\/www.alqueria.es\/blogs\/colegioalqueriatercerciclo\/wp-json\/wp\/v2\/posts\/19018","targetHints":{"allow":["GET"]}}],"collection":[{"href":"https:\/\/www.alqueria.es\/blogs\/colegioalqueriatercerciclo\/wp-json\/wp\/v2\/posts"}],"about":[{"href":"https:\/\/www.alqueria.es\/blogs\/colegioalqueriatercerciclo\/wp-json\/wp\/v2\/types\/post"}],"author":[{"embeddable":true,"href":"https:\/\/www.alqueria.es\/blogs\/colegioalqueriatercerciclo\/wp-json\/wp\/v2\/users\/9"}],"replies":[{"embeddable":true,"href":"https:\/\/www.alqueria.es\/blogs\/colegioalqueriatercerciclo\/wp-json\/wp\/v2\/comments?post=19018"}],"version-history":[{"count":4,"href":"https:\/\/www.alqueria.es\/blogs\/colegioalqueriatercerciclo\/wp-json\/wp\/v2\/posts\/19018\/revisions"}],"predecessor-version":[{"id":19029,"href":"https:\/\/www.alqueria.es\/blogs\/colegioalqueriatercerciclo\/wp-json\/wp\/v2\/posts\/19018\/revisions\/19029"}],"wp:attachment":[{"href":"https:\/\/www.alqueria.es\/blogs\/colegioalqueriatercerciclo\/wp-json\/wp\/v2\/media?parent=19018"}],"wp:term":[{"taxonomy":"category","embeddable":true,"href":"https:\/\/www.alqueria.es\/blogs\/colegioalqueriatercerciclo\/wp-json\/wp\/v2\/categories?post=19018"},{"taxonomy":"post_tag","embeddable":true,"href":"https:\/\/www.alqueria.es\/blogs\/colegioalqueriatercerciclo\/wp-json\/wp\/v2\/tags?post=19018"}],"curies":[{"name":"wp","href":"https:\/\/api.w.org\/{rel}","templated":true}]}}