{"id":19301,"date":"2025-12-06T09:51:03","date_gmt":"2025-12-06T08:51:03","guid":{"rendered":"https:\/\/www.alqueria.es\/blogs\/colegioalqueriatercerciclo\/?p=19301"},"modified":"2025-12-17T00:06:36","modified_gmt":"2025-12-16T23:06:36","slug":"plan-director-y-dia-de-la-constitucion","status":"publish","type":"post","link":"https:\/\/www.alqueria.es\/blogs\/colegioalqueriatercerciclo\/2025\/12\/06\/plan-director-y-dia-de-la-constitucion\/","title":{"rendered":"Plan Director y D\u00eda de la Constituci\u00f3n"},"content":{"rendered":"<p>Estimadas familias, esta semana dedicamos el blog a dos actividades muy importantes de nuestro Proyecto como son la Charla del Plan Director sobre Acoso y Riesgos de Internet, y las actividades realizadas para celebrar el D\u00eda de la Constituci\u00f3n.<\/p>\n<p>Dentro del <a href=\"https:\/\/www.policia.es\/_es\/colabora_participacion_plandirector.php#\">Plan Director para la Convivencia y Mejora de la Seguridad en los Centros Educativos y sus Entornos<\/a>, la Polic\u00eda Nacional de Granada ofrece charlas dirigidas al alumnado de Educaci\u00f3n Primaria y Secundaria para prevenir el acoso en el grupo de quinto y los riesgos derivados del uso inadecuado de Internet y de las redes sociales, en el grupo de sexto de primaria. Este \u00e1mbito de trabajo resulta especialmente relevante a lo largo de toda la etapa de Primaria, y de manera muy particular en el \u00faltimo ciclo, cuando el acceso a la tecnolog\u00eda y la autonom\u00eda del alumnado aumentan.<\/p>\n<p><strong><span style=\"color: #ff00ff\">Quinto<\/span><\/strong><\/p>\n<p>Como se ha indicado m\u00e1s arriba, esta charla formativa est\u00e1 dentro del <a href=\"https:\/\/www.policia.es\/org_central\/seguridad_ciudadana\/unidad_central_part_ciudada\/art_ciudadana_poli_escuel.html\">Plan Director<\/a> para la Convivencia y mejora de la seguridad en los Centros Educativos y su entorno.<\/p>\n<p>Este es un aspecto muy importante a trabajar durante toda la etapa de primaria, especialmente en el \u00faltimo ciclo. En el colegio le damos mucha importancia a ello trabaj\u00e1ndolo con especialistas en el tema junto a las conferencias planificadas durante el curso y las sesiones de \u00e9tica.<\/p>\n<p><img decoding=\"async\" data-attachment-id=\"19318\" data-permalink=\"https:\/\/www.alqueria.es\/blogs\/colegioalqueriatercerciclo\/2025\/12\/06\/plan-director-y-dia-de-la-constitucion\/photo-2025-12-05-14-00-54-7\/\" data-orig-file=\"https:\/\/cloud.alqueria.es\/wp-content\/uploads\/sites\/5\/2025\/12\/PHOTO-2025-12-05-14-00-54-7.jpg\" data-orig-size=\"1600,1200\" data-comments-opened=\"1\" data-image-meta=\"{&quot;aperture&quot;:&quot;0&quot;,&quot;credit&quot;:&quot;&quot;,&quot;camera&quot;:&quot;&quot;,&quot;caption&quot;:&quot;&quot;,&quot;created_timestamp&quot;:&quot;0&quot;,&quot;copyright&quot;:&quot;&quot;,&quot;focal_length&quot;:&quot;0&quot;,&quot;iso&quot;:&quot;0&quot;,&quot;shutter_speed&quot;:&quot;0&quot;,&quot;title&quot;:&quot;&quot;,&quot;orientation&quot;:&quot;0&quot;}\" data-image-title=\"PHOTO-2025-12-05-14-00-54 (7)\" data-image-description=\"\" data-image-caption=\"\" data-large-file=\"https:\/\/cloud.alqueria.es\/wp-content\/uploads\/sites\/5\/2025\/12\/PHOTO-2025-12-05-14-00-54-7-1024x768.jpg\" class=\"alignnone size-full wp-image-19318\" src=\"https:\/\/cloud.alqueria.es\/wp-content\/uploads\/sites\/5\/2025\/12\/PHOTO-2025-12-05-14-00-54-7.jpg\" alt=\"\" width=\"1600\" height=\"1200\" srcset=\"https:\/\/cloud.alqueria.es\/wp-content\/uploads\/sites\/5\/2025\/12\/PHOTO-2025-12-05-14-00-54-7.jpg 1600w, https:\/\/cloud.alqueria.es\/wp-content\/uploads\/sites\/5\/2025\/12\/PHOTO-2025-12-05-14-00-54-7-300x225.jpg 300w, https:\/\/cloud.alqueria.es\/wp-content\/uploads\/sites\/5\/2025\/12\/PHOTO-2025-12-05-14-00-54-7-1024x768.jpg 1024w, https:\/\/cloud.alqueria.es\/wp-content\/uploads\/sites\/5\/2025\/12\/PHOTO-2025-12-05-14-00-54-7-768x576.jpg 768w, https:\/\/cloud.alqueria.es\/wp-content\/uploads\/sites\/5\/2025\/12\/PHOTO-2025-12-05-14-00-54-7-1536x1152.jpg 1536w\" sizes=\"(max-width: 1600px) 100vw, 1600px\" \/><\/p>\n<p>La sesi\u00f3n comienza presentando a Jos\u00e9, polic\u00eda dedicado a la formaci\u00f3n de alumnado en este \u00e1mbito. Plantea al grupo la pregunta de:<\/p>\n<ul>\n<li><span style=\"color: #ff00ff\">\u00bfQu\u00e9 es el acoso escolar?<\/span><\/li>\n<\/ul>\n<p>Los hay de diferentes formas y este se asocia a empujones o insultos, amenazas, robo, etc. Se considera cuando se realiza de manera reiterada y con la intenci\u00f3n de hacer da\u00f1o. Informa de las diferencias entre acoso y enfados puntuales, conflictos aislados en el patio.<\/p>\n<ul>\n<li><span style=\"color: #ff00ff\">\u00bfCu\u00e1ndo se produce?<\/span><\/li>\n<\/ul>\n<p>Se produce entre compa\u00f1eros\/as con intenci\u00f3n de hacer da\u00f1o, reiteraci\u00f3n de agresiones y desequilibrio de poder.<\/p>\n<ul>\n<li><span style=\"color: #ff00ff\">\u00bfC\u00f3mo?<\/span><\/li>\n<\/ul>\n<p>Agresiones f\u00edsicas, amenazas, vejaciones, coacciones, insultos, aislamiento deliberado&#8230; (cada uno de estos conceptos es explicado con ejemplos al grupo).<\/p>\n<ul>\n<li><span style=\"color: #ff00ff\">\u00bfD\u00f3nde ocurre?<\/span><\/li>\n<\/ul>\n<p>Fundamentalmente a espaldas del adulto, en el recreo, la fila, transporte, entrada o salida al colegio, aula, fuera del Centro, m\u00f3vil, Internet. No tiene edad para tener m\u00f3vil con datos pero si para llamar o recibir llamadas.<\/p>\n<p>Todo esto se ve incrementado por la aparici\u00f3n de las Nuevas Tecnolog\u00edas siendo a esta edad \u00abNativos digitales\u00bb.<\/p>\n<ul>\n<li><span style=\"color: #ff00ff\">Incidentes cr\u00edticos.<\/span><\/li>\n<\/ul>\n<p>Los perfiles que podr\u00edan sufrir acoso escolar estar\u00edan centrados en ser nuevo en un centro escolar, un traslado, no conocer a nadie en el grupo, ser \u00fanico o diferente (debilidad, orientaci\u00f3n sexual, discapacidad, rasgos diferenciadores, etnia, raza&#8230;).<\/p>\n<ul>\n<li><span style=\"color: #ff00ff\">\u00bfQu\u00e9 es la empat\u00eda?<\/span><\/li>\n<\/ul>\n<p>La empat\u00eda es ponerse en el lugar de otro.<\/p>\n<p>Si se hace uso de esto, en la vida os ir\u00e1 mejor ya que ser\u00e9is mejores personas. El ser \u00fanicos es lo que enriquece a la sociedad.<\/p>\n<ul>\n<li><span style=\"color: #ff00ff\">Participantes.<\/span><\/li>\n<\/ul>\n<p>Nos habla de los tres perfiles que se dan en una situaci\u00f3n de acoso:<\/p>\n<p>V\u00cdCTIMAS (caracter\u00edsticas y s\u00edntomas).<\/p>\n<p>AUTORES O AGRESORES (perfiles y s\u00edntomas).<\/p>\n<p>TESTIGOS O C\u00d3MPLICES (debe haber una implicaci\u00f3n en el caso).<\/p>\n<ul>\n<li>Tipos de acoso escolar:<\/li>\n<\/ul>\n<p>F\u00cdSICO: directo o indirecto.<\/p>\n<p>VERBAL: insultos, motes, amenazas, burlas.<\/p>\n<p>SOCIAL: aislamiento, rumores, avergonzar en p\u00fablico, marginaci\u00f3n.<\/p>\n<p class=\"jetpack-slideshow-noscript robots-nocontent\">El pase de diapositivas requiere JavaScript.<\/p><div id=\"gallery-19301-1-slideshow\" class=\"jetpack-slideshow-window jetpack-slideshow jetpack-slideshow-black\" data-trans=\"fade\" data-autostart=\"1\" data-gallery=\"[{&quot;src&quot;:&quot;https:\\\/\\\/cloud.alqueria.es\\\/wp-content\\\/uploads\\\/sites\\\/5\\\/2025\\\/12\\\/PHOTO-2025-12-05-14-00-54-11.jpg&quot;,&quot;id&quot;:&quot;19321&quot;,&quot;title&quot;:&quot;PHOTO-2025-12-05-14-00-54 (11)&quot;,&quot;alt&quot;:&quot;&quot;,&quot;caption&quot;:&quot;&quot;,&quot;itemprop&quot;:&quot;image&quot;},{&quot;src&quot;:&quot;https:\\\/\\\/cloud.alqueria.es\\\/wp-content\\\/uploads\\\/sites\\\/5\\\/2025\\\/12\\\/PHOTO-2025-12-05-14-00-54-12.jpg&quot;,&quot;id&quot;:&quot;19322&quot;,&quot;title&quot;:&quot;PHOTO-2025-12-05-14-00-54 (12)&quot;,&quot;alt&quot;:&quot;&quot;,&quot;caption&quot;:&quot;&quot;,&quot;itemprop&quot;:&quot;image&quot;},{&quot;src&quot;:&quot;https:\\\/\\\/cloud.alqueria.es\\\/wp-content\\\/uploads\\\/sites\\\/5\\\/2025\\\/12\\\/PHOTO-2025-12-05-14-00-54-10.jpg&quot;,&quot;id&quot;:&quot;19320&quot;,&quot;title&quot;:&quot;PHOTO-2025-12-05-14-00-54 (10)&quot;,&quot;alt&quot;:&quot;&quot;,&quot;caption&quot;:&quot;&quot;,&quot;itemprop&quot;:&quot;image&quot;},{&quot;src&quot;:&quot;https:\\\/\\\/cloud.alqueria.es\\\/wp-content\\\/uploads\\\/sites\\\/5\\\/2025\\\/12\\\/PHOTO-2025-12-05-14-00-54-9.jpg&quot;,&quot;id&quot;:&quot;19319&quot;,&quot;title&quot;:&quot;PHOTO-2025-12-05-14-00-54 (9)&quot;,&quot;alt&quot;:&quot;&quot;,&quot;caption&quot;:&quot;&quot;,&quot;itemprop&quot;:&quot;image&quot;},{&quot;src&quot;:&quot;https:\\\/\\\/cloud.alqueria.es\\\/wp-content\\\/uploads\\\/sites\\\/5\\\/2025\\\/12\\\/PHOTO-2025-12-05-14-00-54-1.jpg&quot;,&quot;id&quot;:&quot;19317&quot;,&quot;title&quot;:&quot;PHOTO-2025-12-05-14-00-54 (1)&quot;,&quot;alt&quot;:&quot;&quot;,&quot;caption&quot;:&quot;&quot;,&quot;itemprop&quot;:&quot;image&quot;}]\" itemscope itemtype=\"https:\/\/schema.org\/ImageGallery\"><\/div>\n<ul>\n<li><span style=\"color: #ff00ff\">Qu\u00e9 es el Ciberbullying, c\u00f3mo se produce, por qu\u00e9 es tan grave.<\/span><\/li>\n<\/ul>\n<p>En este caso la v\u00edctima no descansa, se multiplica y complica el acoso, se extiende m\u00e1s r\u00e1pido, y tarda en olvidarse.<\/p>\n<p>Las <strong>consecuencias para la v\u00edctima<\/strong> se manifiestan en estr\u00e9s, ansiedad, deterioro de la autoestima, imagen negativa de s\u00ed mismo, depresi\u00f3n, flashback, somatizaciones, ideas suicidas.<\/p>\n<p><strong>Consecuencias para el agresor<\/strong>: disminuci\u00f3n de empat\u00eda, identificaci\u00f3n con el modelo de dominio-sumisi\u00f3n, fracaso escolar, violencia como medio de resoluci\u00f3n de conflictos, inicio de conductas colectivas.<\/p>\n<p>Nos comenta sobre la resoluci\u00f3n de los Centros educativos para poner en marcha su protocolo de acoso escolar, comunicaci\u00f3n a familias, trabajo durante y posterior a los hechos y posible comunicaci\u00f3n a los \u00f3rganos competentes si fuera necesario.<\/p>\n<p>Las consecuencias penales del acoso escolar son las de delito (art. 172. ter.), concurso de delitos&#8230;<\/p>\n<p>Para finalizar visualizamos un v\u00eddeo para comprender c\u00f3mo puede iniciarse una situaci\u00f3n de acoso, c\u00f3mo se siente el chico acosado y c\u00f3mo lo defiende un compa\u00f1ero.<\/p>\n<p>Ha sido una sesi\u00f3n muy productiva en la que el grupo ha estado muy participativo y expectante por todo lo que nos contaba el polic\u00eda. Seguiremos reforzando y trabajando esta tem\u00e1tica a lo largo de las semanas.<\/p>\n<p><strong><span style=\"color: #ff00ff\">Sexto\u00a0<\/span><\/strong><\/p>\n<p class=\"my-2 [&amp;+p]:mt-4 [&amp;_strong:has(+br)]:inline-block [&amp;_strong:has(+br)]:pb-2\">En el colegio se concede una atenci\u00f3n prioritaria a esta formaci\u00f3n, abord\u00e1ndola de manera coordinada con especialistas en ciberseguridad y convivencia digital, las conferencias programadas a lo largo del curso y las sesiones de \u00e9tica. De este modo, se favorece un uso responsable y seguro de las tecnolog\u00edas, al tiempo que se refuerzan los valores de respeto, sentido cr\u00edtico y cuidado de la propia identidad digital<\/p>\n<p><img decoding=\"async\" data-attachment-id=\"19302\" data-permalink=\"https:\/\/www.alqueria.es\/blogs\/colegioalqueriatercerciclo\/2025\/12\/06\/plan-director-y-dia-de-la-constitucion\/cnp-3\/\" data-orig-file=\"https:\/\/cloud.alqueria.es\/wp-content\/uploads\/sites\/5\/2025\/12\/CNP-3.jpeg\" data-orig-size=\"2000,1500\" data-comments-opened=\"1\" data-image-meta=\"{&quot;aperture&quot;:&quot;0&quot;,&quot;credit&quot;:&quot;&quot;,&quot;camera&quot;:&quot;&quot;,&quot;caption&quot;:&quot;&quot;,&quot;created_timestamp&quot;:&quot;0&quot;,&quot;copyright&quot;:&quot;&quot;,&quot;focal_length&quot;:&quot;0&quot;,&quot;iso&quot;:&quot;0&quot;,&quot;shutter_speed&quot;:&quot;0&quot;,&quot;title&quot;:&quot;&quot;,&quot;orientation&quot;:&quot;0&quot;}\" data-image-title=\"CNP (3)\" data-image-description=\"\" data-image-caption=\"\" data-large-file=\"https:\/\/cloud.alqueria.es\/wp-content\/uploads\/sites\/5\/2025\/12\/CNP-3-1024x768.jpeg\" class=\"alignnone size-large wp-image-19302\" src=\"https:\/\/cloud.alqueria.es\/wp-content\/uploads\/sites\/5\/2025\/12\/CNP-3-1024x768.jpeg\" alt=\"\" width=\"474\" height=\"356\" srcset=\"https:\/\/cloud.alqueria.es\/wp-content\/uploads\/sites\/5\/2025\/12\/CNP-3-1024x768.jpeg 1024w, https:\/\/cloud.alqueria.es\/wp-content\/uploads\/sites\/5\/2025\/12\/CNP-3-300x225.jpeg 300w, https:\/\/cloud.alqueria.es\/wp-content\/uploads\/sites\/5\/2025\/12\/CNP-3-768x576.jpeg 768w, https:\/\/cloud.alqueria.es\/wp-content\/uploads\/sites\/5\/2025\/12\/CNP-3-1536x1152.jpeg 1536w, https:\/\/cloud.alqueria.es\/wp-content\/uploads\/sites\/5\/2025\/12\/CNP-3.jpeg 2000w\" sizes=\"(max-width: 474px) 100vw, 474px\" \/><\/p>\n<p>Con el grupo de <span style=\"color: #0000ff\"><strong>sexto de Primaria<\/strong><\/span>, el polic\u00eda comienza preguntando al grupo, \u00bfpara qu\u00e9 us\u00e1is Internet? Aparece varias respuestas siendo todas l\u00f3gicas y evidentes: jugar, buscar informaci\u00f3n, comunicarme con otras personas, redes sociales&#8230;<\/p>\n<p>As\u00ed, el polic\u00eda refuerza los usos que tiene:<\/p>\n<ul>\n<li>COMUNICACI\u00d3N Y ENTRETENIMIENTO: Redes sociales, pel\u00edculas, m\u00fasica, juegos&#8230;<\/li>\n<li>EXPRESAR CON LIBERTAD: Blog, comentarios, opiniones&#8230;<\/li>\n<li>BUSCAR INFORMACI\u00d3N.<\/li>\n<li>COMODIDAD: Compras, viajes, banco&#8230;<\/li>\n<li>ESTAR ACTUALIZADOS: Radio, prensa, televisi\u00f3n&#8230;<\/li>\n<\/ul>\n<p>Aclara el dicho siguiente con varios ejemplos:<\/p>\n<blockquote><p>Mi libertad se termina donde empieza la de los dem\u00e1s.<\/p><\/blockquote>\n<p>Cuando aparecen comentarios sobre alguien bajo un nick que te representa, aparece el ciberbullying cometiendo de esa manera un delito.<\/p>\n<p>La mejor herramienta es la<span style=\"color: #0000ff\"><strong> EDUCACI\u00d3N DIGITAL<\/strong><\/span> antes que la prohibici\u00f3n. <strong style=\"color: #0000ff;text-align: center;font-size: 19px;font-style: italic\">\u00a0\u00a0<\/strong><\/p>\n<p>Todos somos peque\u00f1os polic\u00edas y podemos ayudar a los dem\u00e1s en el momento en el que detectamos algo.\u00a0 Es importante saber detectar situaciones de riesgo y saber qu\u00e9 hacer. Comunicar a un adulto y denunciar.<\/p>\n<p>\u00bfEs peligroso Internet? Lo es si se le da un mal uso. Una simple imagen publicada en una red social puede dar mucha informaci\u00f3n sobre ti mismo, tu familia o conocidos.<\/p>\n<p>Existe la Ley de responsabilidad penal L.O. 5\/2000 reguladora de la <strong>responsabilidad penal<\/strong> de los menores a partir de los 14 a\u00f1os , ante un delito, la consecuencia es internamiento en un centro de menores. La familia de un menor de 14 a\u00f1os es la que paga si un menor infringe alguna norma.\u00a0 Cada vez, a edades m\u00e1s tempranas se cometen hechos delictivos\u00a0 a trav\u00e9s de juegos, chat, Whatsapp como si fueran bromas. En realidad no lo son cuando se hace de manera repetitiva convirti\u00e9ndose en delito. \u00bfC\u00f3mo? A trav\u00e9s de robos, pegando, insultando por redes&#8230; todo ello en s\u00ed no es un delito, pero reiteradamente en redes s\u00ed lo es: ciberbullying, suplantaci\u00f3n de identidad, amenazas a una persona&#8230;<\/p>\n<p>En el caso de un delito para un menor de 14 a\u00f1os, la <strong>responsabilidad<\/strong> es <strong>civil<\/strong> y la familia debe hacerse cargo de la consecuencia y la multa implantada.<\/p>\n<p>Hay que hacer el ejercicio siguiente:\u00a0Si en la vida real me dicen que pare, en la vida digital debo hacer lo mismo.<\/p>\n<p><img decoding=\"async\" data-attachment-id=\"19324\" data-permalink=\"https:\/\/www.alqueria.es\/blogs\/colegioalqueriatercerciclo\/2025\/12\/06\/plan-director-y-dia-de-la-constitucion\/cnp-1\/\" data-orig-file=\"https:\/\/cloud.alqueria.es\/wp-content\/uploads\/sites\/5\/2025\/12\/CNP-1.jpeg\" data-orig-size=\"2000,1500\" data-comments-opened=\"1\" data-image-meta=\"{&quot;aperture&quot;:&quot;0&quot;,&quot;credit&quot;:&quot;&quot;,&quot;camera&quot;:&quot;&quot;,&quot;caption&quot;:&quot;&quot;,&quot;created_timestamp&quot;:&quot;0&quot;,&quot;copyright&quot;:&quot;&quot;,&quot;focal_length&quot;:&quot;0&quot;,&quot;iso&quot;:&quot;0&quot;,&quot;shutter_speed&quot;:&quot;0&quot;,&quot;title&quot;:&quot;&quot;,&quot;orientation&quot;:&quot;0&quot;}\" data-image-title=\"CNP (1)\" data-image-description=\"\" data-image-caption=\"\" data-large-file=\"https:\/\/cloud.alqueria.es\/wp-content\/uploads\/sites\/5\/2025\/12\/CNP-1-1024x768.jpeg\" class=\"alignnone size-large wp-image-19324\" src=\"https:\/\/cloud.alqueria.es\/wp-content\/uploads\/sites\/5\/2025\/12\/CNP-1-1024x768.jpeg\" alt=\"\" width=\"474\" height=\"356\" srcset=\"https:\/\/cloud.alqueria.es\/wp-content\/uploads\/sites\/5\/2025\/12\/CNP-1-1024x768.jpeg 1024w, https:\/\/cloud.alqueria.es\/wp-content\/uploads\/sites\/5\/2025\/12\/CNP-1-300x225.jpeg 300w, https:\/\/cloud.alqueria.es\/wp-content\/uploads\/sites\/5\/2025\/12\/CNP-1-768x576.jpeg 768w, https:\/\/cloud.alqueria.es\/wp-content\/uploads\/sites\/5\/2025\/12\/CNP-1-1536x1152.jpeg 1536w, https:\/\/cloud.alqueria.es\/wp-content\/uploads\/sites\/5\/2025\/12\/CNP-1.jpeg 2000w\" sizes=\"(max-width: 474px) 100vw, 474px\" \/><\/p>\n<p>Aclara el concepto de <span style=\"color: #0000ff\">HUELLA DIGITAL<\/span>, esta no se borra nunca por mucho que la eliminemos de nuestras redes. Aclara los conceptos de Identidad digital, reputaci\u00f3n digital y huella digital.<\/p>\n<p><strong>Identidad digital<\/strong><\/p>\n<ul>\n<li>Es el conjunto de datos, perfiles y contenidos que te representan en la red: nombre de usuario, fotos de perfil, biograf\u00eda, publicaciones, comentarios, correos, etc.<\/li>\n<li>Incluye tanto lo que publicas t\u00fa como lo que otros publican sobre ti (fotos etiquetadas, menciones, listas de contactos).<\/li>\n<\/ul>\n<p><strong>Huella digital<\/strong><\/p>\n<ul>\n<li>Es el rastro que vas dejando al usar Internet: historiales de b\u00fasqueda, cookies, \u201cme gusta\u201d, tiempo de conexi\u00f3n, p\u00e1ginas visitadas, formularios que rellenas, etc.<\/li>\n<li>Parte de esa huella es consciente (lo que subes o compartes) y parte es invisible para ti (datos que registran webs, apps y servicios sin que lo notes directamente).<\/li>\n<\/ul>\n<p><strong>Reputaci\u00f3n digital<\/strong><\/p>\n<ul>\n<li>Es la opini\u00f3n o imagen que otras personas se forman de ti a partir de tu identidad digital y de tu huella digital: valoraciones, comentarios, rese\u00f1as, y todo lo que se dice de ti en redes, foros o noticias.<\/li>\n<li>Es subjetiva y puede ser positiva o negativa. Influye en relaciones personales, acad\u00e9micas y laborales, por lo que es importante cuidar lo que se publica y actuar de manera responsable.<\/li>\n<\/ul>\n<p><strong>Identidad digital = Huella digital + Reputaci\u00f3n digital<\/strong><\/p>\n<p>Con solo crear un correo electr\u00f3nico ya posees una identidad digital, que funciona como una especie de curr\u00edculum b\u00e1sico en la red.<\/p>\n<p>Es muy importante mantener actualizados todos los dispositivos que utilizamos y contar con un antivirus para hacerlos m\u00e1s seguros frente a ataques cibern\u00e9ticos.<\/p>\n<p>Las redes sociales, si se tienen, deben estar configuradas de forma privada. Las aplicaciones almacenan todo el material que se publica, por lo que se recomienda aceptar \u00fanicamente a amigos y familiares reales, no subir fotos personales, usar contrase\u00f1as seguras y pensar antes de publicar.<\/p>\n<p>Nos centramos especialmente en el m\u00f3vil, el ordenador, la tablet y las consolas. Estos dispositivos son responsabilidad de la familia, aunque los utilicen menores de edad. Aunque hayan sido regalos, siguen siendo responsabilidad de los adultos del hogar.<\/p>\n<p>Todo lo que se hace utilizando una identidad falsa puede descubrirse, ya que cada usuario conectado a una red dom\u00e9stica tiene asociado un n\u00famero de IP vinculado a los datos de la familia. Ante un delito, la polic\u00eda puede localizar al usuario. Por ello, el anonimato total no existe.<\/p>\n<p><strong>Retos virales<\/strong><\/p>\n<p>Existen diferentes retos virales: algunos son peligrosos e incluso mortales, mientras que otros pueden ser inofensivos o con fines solidarios, como el reto de los cubos de agua helada para visibilizar la enfermedad ELA.<\/p>\n<p><strong>Tecnoadicciones<\/strong><\/p>\n<p>Las tecnoadicciones son el uso desmedido de las tecnolog\u00edas, que limita la libertad del individuo debido a la dependencia que generan. Esto puede provocar consecuencias f\u00edsicas, personales y psicol\u00f3gicas.<\/p>\n<p><strong>C\u00f3digo PEGI en videojuegos<\/strong><\/p>\n<p>Es necesario controlar el <strong>c\u00f3digo PEGI<\/strong>, un sistema de clasificaci\u00f3n que indica las edades recomendadas y los contenidos potencialmente negativos de los videojuegos.<\/p>\n<p><img decoding=\"async\" data-attachment-id=\"6663\" data-permalink=\"https:\/\/www.alqueria.es\/blogs\/colegioalqueriatercerciclo\/2019\/11\/21\/plan-director-charla-del-cuerpo-nacional-de-policia\/sistema-pegi-p\/\" data-orig-file=\"https:\/\/cloud.alqueria.es\/wp-content\/uploads\/sites\/5\/2019\/11\/Sistema-PEGI-p.jpg\" data-orig-size=\"620,213\" data-comments-opened=\"1\" data-image-meta=\"{&quot;aperture&quot;:&quot;0&quot;,&quot;credit&quot;:&quot;&quot;,&quot;camera&quot;:&quot;&quot;,&quot;caption&quot;:&quot;&quot;,&quot;created_timestamp&quot;:&quot;0&quot;,&quot;copyright&quot;:&quot;&quot;,&quot;focal_length&quot;:&quot;0&quot;,&quot;iso&quot;:&quot;0&quot;,&quot;shutter_speed&quot;:&quot;0&quot;,&quot;title&quot;:&quot;&quot;,&quot;orientation&quot;:&quot;0&quot;}\" data-image-title=\"Sistema-PEGI-p\" data-image-description=\"\" data-image-caption=\"\" data-large-file=\"https:\/\/cloud.alqueria.es\/wp-content\/uploads\/sites\/5\/2019\/11\/Sistema-PEGI-p.jpg\" class=\"alignnone size-full wp-image-6663\" src=\"https:\/\/cloud.alqueria.es\/wp-content\/uploads\/sites\/5\/2019\/11\/Sistema-PEGI-p.jpg\" alt=\"\" width=\"620\" height=\"213\" srcset=\"https:\/\/cloud.alqueria.es\/wp-content\/uploads\/sites\/5\/2019\/11\/Sistema-PEGI-p.jpg 620w, https:\/\/cloud.alqueria.es\/wp-content\/uploads\/sites\/5\/2019\/11\/Sistema-PEGI-p.jpg 300w\" sizes=\"(max-width: 620px) 100vw, 620px\" \/><\/p>\n<p>Por ejemplo, el juego <strong>GTA<\/strong> trata sobre actividades como asesinar, robar, violencia o drogas. Aun as\u00ed, muchas veces se regala por cumplea\u00f1os a ni\u00f1os de su edad o incluso menores. Deben conocer el c\u00f3digo PEGI y explicar a las familias que no es adecuado si se lo intentan regalar. Es un juego para mayores de 18 a\u00f1os. Si se juega a esta edad, se corre el riesgo de normalizar conductas negativas con tan solo 10 a\u00f1os.<\/p>\n<p>\u00bfD\u00f3nde est\u00e1 el l\u00edmite entre ser un jugador apasionado y estar enganchado?<\/p>\n<p><strong>Ciberacoso<\/strong><\/p>\n<p>Finalmente nos habla del ciberacoso escolar aclarando que ello sucede bajo el anonimato, no hay percepci\u00f3n del da\u00f1o, puede existir una viralidad y m\u00e1xima audiencia.<\/p>\n<p><strong>Grooming<\/strong><\/p>\n<p data-start=\"0\" data-end=\"239\">El grooming es una forma de acoso y abuso online en la que un adulto enga\u00f1a, manipula o se gana la confianza de un menor con el objetivo de obtener favores sexuales, im\u00e1genes \u00edntimas o incluso concertar un encuentro en persona.<\/p>\n<p data-start=\"241\" data-end=\"273\">Suele desarrollarse en etapas:<\/p>\n<ol data-start=\"274\" data-end=\"498\">\n<li data-start=\"274\" data-end=\"338\">\n<p data-start=\"277\" data-end=\"338\"><strong data-start=\"277\" data-end=\"298\">Generar confianza<\/strong> (mensajes amables, regalos, halagos).<\/p>\n<\/li>\n<li data-start=\"339\" data-end=\"394\">\n<p data-start=\"342\" data-end=\"394\"><strong data-start=\"342\" data-end=\"361\">Aislar al menor<\/strong> (pedir que mantenga secretos).<\/p>\n<\/li>\n<li data-start=\"395\" data-end=\"431\">\n<p data-start=\"398\" data-end=\"431\"><strong data-start=\"398\" data-end=\"428\">Sexualizar la conversaci\u00f3n<\/strong>.<\/p>\n<\/li>\n<li data-start=\"432\" data-end=\"498\">\n<p data-start=\"435\" data-end=\"498\"><strong data-start=\"435\" data-end=\"457\">Exigir o presionar<\/strong> para obtener fotos, v\u00eddeos o encuentros.<\/p>\n<\/li>\n<\/ol>\n<h3><span style=\"color: #800080\"><strong>D\u00eda de la Constituci\u00f3n<\/strong><\/span><\/h3>\n<p>Este a\u00f1o para celebrar el D\u00eda de la Constituci\u00f3n el tercer ciclo ha realizado una actividad cooperativa alrededor de la realizaci\u00f3n de DEBATES sobre tem\u00e1ticas que preocupan al alumnado. Previo a la celebraci\u00f3n se ha realizado la Conferencia sobre \u00abLa diversidad y el respeto\u00bb por parte de Vega (compa\u00f1era de sexto) que ha contado la importancia del respeto a todas las personas independientemente del g\u00e9nero y la identidad sexual que se tenga.<\/p>\n<p><img decoding=\"async\" data-attachment-id=\"19306\" data-permalink=\"https:\/\/www.alqueria.es\/blogs\/colegioalqueriatercerciclo\/2025\/12\/06\/plan-director-y-dia-de-la-constitucion\/photo-2025-12-05-14-00-29-3\/\" data-orig-file=\"https:\/\/cloud.alqueria.es\/wp-content\/uploads\/sites\/5\/2025\/12\/PHOTO-2025-12-05-14-00-29-3.jpg\" data-orig-size=\"1600,1200\" data-comments-opened=\"1\" data-image-meta=\"{&quot;aperture&quot;:&quot;0&quot;,&quot;credit&quot;:&quot;&quot;,&quot;camera&quot;:&quot;&quot;,&quot;caption&quot;:&quot;&quot;,&quot;created_timestamp&quot;:&quot;0&quot;,&quot;copyright&quot;:&quot;&quot;,&quot;focal_length&quot;:&quot;0&quot;,&quot;iso&quot;:&quot;0&quot;,&quot;shutter_speed&quot;:&quot;0&quot;,&quot;title&quot;:&quot;&quot;,&quot;orientation&quot;:&quot;0&quot;}\" data-image-title=\"PHOTO-2025-12-05-14-00-29 (3)\" data-image-description=\"\" data-image-caption=\"\" data-large-file=\"https:\/\/cloud.alqueria.es\/wp-content\/uploads\/sites\/5\/2025\/12\/PHOTO-2025-12-05-14-00-29-3-1024x768.jpg\" class=\"alignnone size-full wp-image-19306\" src=\"https:\/\/cloud.alqueria.es\/wp-content\/uploads\/sites\/5\/2025\/12\/PHOTO-2025-12-05-14-00-29-3.jpg\" alt=\"\" width=\"1600\" height=\"1200\" srcset=\"https:\/\/cloud.alqueria.es\/wp-content\/uploads\/sites\/5\/2025\/12\/PHOTO-2025-12-05-14-00-29-3.jpg 1600w, https:\/\/cloud.alqueria.es\/wp-content\/uploads\/sites\/5\/2025\/12\/PHOTO-2025-12-05-14-00-29-3-300x225.jpg 300w, https:\/\/cloud.alqueria.es\/wp-content\/uploads\/sites\/5\/2025\/12\/PHOTO-2025-12-05-14-00-29-3-1024x768.jpg 1024w, https:\/\/cloud.alqueria.es\/wp-content\/uploads\/sites\/5\/2025\/12\/PHOTO-2025-12-05-14-00-29-3-768x576.jpg 768w, https:\/\/cloud.alqueria.es\/wp-content\/uploads\/sites\/5\/2025\/12\/PHOTO-2025-12-05-14-00-29-3-1536x1152.jpg 1536w\" sizes=\"(max-width: 1600px) 100vw, 1600px\" \/><\/p>\n<p><img decoding=\"async\" data-attachment-id=\"19326\" data-permalink=\"https:\/\/www.alqueria.es\/blogs\/colegioalqueriatercerciclo\/2025\/12\/06\/plan-director-y-dia-de-la-constitucion\/conferencia-vega-2\/\" data-orig-file=\"https:\/\/cloud.alqueria.es\/wp-content\/uploads\/sites\/5\/2025\/12\/conferencia-vega-2.jpeg\" data-orig-size=\"2000,1500\" data-comments-opened=\"1\" data-image-meta=\"{&quot;aperture&quot;:&quot;0&quot;,&quot;credit&quot;:&quot;&quot;,&quot;camera&quot;:&quot;&quot;,&quot;caption&quot;:&quot;&quot;,&quot;created_timestamp&quot;:&quot;0&quot;,&quot;copyright&quot;:&quot;&quot;,&quot;focal_length&quot;:&quot;0&quot;,&quot;iso&quot;:&quot;0&quot;,&quot;shutter_speed&quot;:&quot;0&quot;,&quot;title&quot;:&quot;&quot;,&quot;orientation&quot;:&quot;0&quot;}\" data-image-title=\"conferencia vega (2)\" data-image-description=\"\" data-image-caption=\"\" data-large-file=\"https:\/\/cloud.alqueria.es\/wp-content\/uploads\/sites\/5\/2025\/12\/conferencia-vega-2-1024x768.jpeg\" class=\"alignnone size-large wp-image-19326\" src=\"https:\/\/cloud.alqueria.es\/wp-content\/uploads\/sites\/5\/2025\/12\/conferencia-vega-2-1024x768.jpeg\" alt=\"\" width=\"474\" height=\"356\" srcset=\"https:\/\/cloud.alqueria.es\/wp-content\/uploads\/sites\/5\/2025\/12\/conferencia-vega-2-1024x768.jpeg 1024w, https:\/\/cloud.alqueria.es\/wp-content\/uploads\/sites\/5\/2025\/12\/conferencia-vega-2-300x225.jpeg 300w, https:\/\/cloud.alqueria.es\/wp-content\/uploads\/sites\/5\/2025\/12\/conferencia-vega-2-768x576.jpeg 768w, https:\/\/cloud.alqueria.es\/wp-content\/uploads\/sites\/5\/2025\/12\/conferencia-vega-2-1536x1152.jpeg 1536w, https:\/\/cloud.alqueria.es\/wp-content\/uploads\/sites\/5\/2025\/12\/conferencia-vega-2.jpeg 2000w\" sizes=\"(max-width: 474px) 100vw, 474px\" \/><\/p>\n<div class=\"a25-CTUOC-hidding-box\" data-original-content=\"&lt;iframe loading=&quot;lazy&quot; class=&quot;scribd_iframe_embed&quot; src=&quot;https:\/\/www.scribd.com\/embeds\/961889593\/content?start_page=1&amp;view_mode&amp;access_key=key-ThVgbc0ucayyKqrxgsj0&quot;  data-auto-height=&quot;true&quot; scrolling=&quot;no&quot; id=&quot;scribd_961889593&quot; width=&quot;100%&quot; height=&quot;500&quot; frameborder=&quot;0&quot;&gt;&lt;\/iframe&gt;\">Esta p\u00e1gina incluye contenido multimedia que requiere aceptar todas las cookies. Pulse aqu\u00ed para abrir la configuraci\u00f3n de cookies.<\/div>\n\t\t<div style=\"font-size:10px;text-align:center;width:100%\"><a href=\"https:\/\/www.scribd.com\/doc\/961889593\" rel=\"noopener noreferrer\" target=\"_blank\">Ver este documento en Scribd<\/a><\/div>\n<p>Para organizar los debates en ciclo, se dividen en parejas por tem\u00e1ticas a favor o en contra y de forma aleatoria. Cada uno deb\u00eda prepararse argumentos en funci\u00f3n de su acuerdo y no el d\u00eda anterior en casa y con la familia. Las tem\u00e1ticas fueron las siguientes:<\/p>\n<ul>\n<li>A la edad de 11-12 a\u00f1os ya puedo usar un m\u00f3vil con datos.<\/li>\n<li>A partir de los 11-12 a\u00f1os ya soy responsable de mis cosas, agenda y estudio.<\/li>\n<li>Valoro tener una convivencia positiva en casa y colegio con un vocabulario adecuado por m\u00ed y los dem\u00e1s.<\/li>\n<li>Yo decido las actividades escolares que quiero y participo con mi familia llegando a un acuerdo.<\/li>\n<li>Las normas y consecuencias deben ser iguales para todos\/as.<\/li>\n<li>Ya puedo usar redes sociales y videojuegos de todos los tipos.<\/li>\n<li>Los videojuegos deber\u00edan tener un l\u00edmite de tiempo diario.<\/li>\n<\/ul>\n<p><img decoding=\"async\" data-attachment-id=\"19335\" data-permalink=\"https:\/\/www.alqueria.es\/blogs\/colegioalqueriatercerciclo\/2025\/12\/06\/plan-director-y-dia-de-la-constitucion\/debate-11\/\" data-orig-file=\"https:\/\/cloud.alqueria.es\/wp-content\/uploads\/sites\/5\/2025\/12\/DEBATE-11.png\" data-orig-size=\"1587,2245\" data-comments-opened=\"1\" data-image-meta=\"{&quot;aperture&quot;:&quot;0&quot;,&quot;credit&quot;:&quot;&quot;,&quot;camera&quot;:&quot;&quot;,&quot;caption&quot;:&quot;&quot;,&quot;created_timestamp&quot;:&quot;0&quot;,&quot;copyright&quot;:&quot;&quot;,&quot;focal_length&quot;:&quot;0&quot;,&quot;iso&quot;:&quot;0&quot;,&quot;shutter_speed&quot;:&quot;0&quot;,&quot;title&quot;:&quot;&quot;,&quot;orientation&quot;:&quot;0&quot;}\" data-image-title=\"DEBATE (11)\" data-image-description=\"\" data-image-caption=\"\" data-large-file=\"https:\/\/cloud.alqueria.es\/wp-content\/uploads\/sites\/5\/2025\/12\/DEBATE-11-724x1024.png\" class=\"aligncenter wp-image-19335 size-medium\" src=\"https:\/\/cloud.alqueria.es\/wp-content\/uploads\/sites\/5\/2025\/12\/DEBATE-11-212x300.png\" alt=\"\" width=\"212\" height=\"300\" srcset=\"https:\/\/cloud.alqueria.es\/wp-content\/uploads\/sites\/5\/2025\/12\/DEBATE-11-212x300.png 212w, https:\/\/cloud.alqueria.es\/wp-content\/uploads\/sites\/5\/2025\/12\/DEBATE-11-724x1024.png 724w, https:\/\/cloud.alqueria.es\/wp-content\/uploads\/sites\/5\/2025\/12\/DEBATE-11-768x1086.png 768w, https:\/\/cloud.alqueria.es\/wp-content\/uploads\/sites\/5\/2025\/12\/DEBATE-11-1086x1536.png 1086w, https:\/\/cloud.alqueria.es\/wp-content\/uploads\/sites\/5\/2025\/12\/DEBATE-11-1448x2048.png 1448w, https:\/\/cloud.alqueria.es\/wp-content\/uploads\/sites\/5\/2025\/12\/DEBATE-11.png 1587w\" sizes=\"(max-width: 212px) 100vw, 212px\" \/><\/p>\n<p>Reagrupamos las parejas para que intercambien la defensa que har\u00e1n durante unos minutos priorizando los argumentos m\u00e1s potentes y guardando los calves para usarlos en momentos determinados.<\/p>\n<p>Cuando el debate da comienzo, se comienza a argumentar y replicar respetando el turno de palabra para poder escuchar las opiniones vertidas por los distintos grupos. El resto, asiste como espectador.<\/p>\n<p class=\"jetpack-slideshow-noscript robots-nocontent\">El pase de diapositivas requiere JavaScript.<\/p><div id=\"gallery-19301-2-slideshow\" class=\"jetpack-slideshow-window jetpack-slideshow jetpack-slideshow-black\" data-trans=\"fade\" data-autostart=\"1\" data-gallery=\"[{&quot;src&quot;:&quot;https:\\\/\\\/cloud.alqueria.es\\\/wp-content\\\/uploads\\\/sites\\\/5\\\/2025\\\/12\\\/PHOTO-2025-12-05-14-00-29.jpg&quot;,&quot;id&quot;:&quot;19313&quot;,&quot;title&quot;:&quot;PHOTO-2025-12-05-14-00-29&quot;,&quot;alt&quot;:&quot;&quot;,&quot;caption&quot;:&quot;&quot;,&quot;itemprop&quot;:&quot;image&quot;},{&quot;src&quot;:&quot;https:\\\/\\\/cloud.alqueria.es\\\/wp-content\\\/uploads\\\/sites\\\/5\\\/2025\\\/12\\\/PHOTO-2025-12-05-14-00-29-12.jpg&quot;,&quot;id&quot;:&quot;19312&quot;,&quot;title&quot;:&quot;PHOTO-2025-12-05-14-00-29 (12)&quot;,&quot;alt&quot;:&quot;&quot;,&quot;caption&quot;:&quot;&quot;,&quot;itemprop&quot;:&quot;image&quot;},{&quot;src&quot;:&quot;https:\\\/\\\/cloud.alqueria.es\\\/wp-content\\\/uploads\\\/sites\\\/5\\\/2025\\\/12\\\/PHOTO-2025-12-05-14-00-29-10.jpg&quot;,&quot;id&quot;:&quot;19311&quot;,&quot;title&quot;:&quot;PHOTO-2025-12-05-14-00-29 (10)&quot;,&quot;alt&quot;:&quot;&quot;,&quot;caption&quot;:&quot;&quot;,&quot;itemprop&quot;:&quot;image&quot;},{&quot;src&quot;:&quot;https:\\\/\\\/cloud.alqueria.es\\\/wp-content\\\/uploads\\\/sites\\\/5\\\/2025\\\/12\\\/PHOTO-2025-12-05-14-00-29-8.jpg&quot;,&quot;id&quot;:&quot;19310&quot;,&quot;title&quot;:&quot;PHOTO-2025-12-05-14-00-29 (8)&quot;,&quot;alt&quot;:&quot;&quot;,&quot;caption&quot;:&quot;&quot;,&quot;itemprop&quot;:&quot;image&quot;},{&quot;src&quot;:&quot;https:\\\/\\\/cloud.alqueria.es\\\/wp-content\\\/uploads\\\/sites\\\/5\\\/2025\\\/12\\\/PHOTO-2025-12-05-14-00-29-5.jpg&quot;,&quot;id&quot;:&quot;19308&quot;,&quot;title&quot;:&quot;PHOTO-2025-12-05-14-00-29 (5)&quot;,&quot;alt&quot;:&quot;&quot;,&quot;caption&quot;:&quot;&quot;,&quot;itemprop&quot;:&quot;image&quot;},{&quot;src&quot;:&quot;https:\\\/\\\/cloud.alqueria.es\\\/wp-content\\\/uploads\\\/sites\\\/5\\\/2025\\\/12\\\/PHOTO-2025-12-05-14-00-29-4.jpg&quot;,&quot;id&quot;:&quot;19307&quot;,&quot;title&quot;:&quot;PHOTO-2025-12-05-14-00-29 (4)&quot;,&quot;alt&quot;:&quot;&quot;,&quot;caption&quot;:&quot;&quot;,&quot;itemprop&quot;:&quot;image&quot;},{&quot;src&quot;:&quot;https:\\\/\\\/cloud.alqueria.es\\\/wp-content\\\/uploads\\\/sites\\\/5\\\/2025\\\/12\\\/PHOTO-2025-12-05-14-00-29-1.jpg&quot;,&quot;id&quot;:&quot;19305&quot;,&quot;title&quot;:&quot;PHOTO-2025-12-05-14-00-29 (1)&quot;,&quot;alt&quot;:&quot;&quot;,&quot;caption&quot;:&quot;&quot;,&quot;itemprop&quot;:&quot;image&quot;},{&quot;src&quot;:&quot;https:\\\/\\\/cloud.alqueria.es\\\/wp-content\\\/uploads\\\/sites\\\/5\\\/2025\\\/12\\\/PHOTO-2025-12-05-14-00-30-3.jpg&quot;,&quot;id&quot;:&quot;19315&quot;,&quot;title&quot;:&quot;PHOTO-2025-12-05-14-00-30 (3)&quot;,&quot;alt&quot;:&quot;&quot;,&quot;caption&quot;:&quot;&quot;,&quot;itemprop&quot;:&quot;image&quot;},{&quot;src&quot;:&quot;https:\\\/\\\/cloud.alqueria.es\\\/wp-content\\\/uploads\\\/sites\\\/5\\\/2025\\\/12\\\/PHOTO-2025-12-05-14-00-30-1.jpg&quot;,&quot;id&quot;:&quot;19314&quot;,&quot;title&quot;:&quot;PHOTO-2025-12-05-14-00-30 (1)&quot;,&quot;alt&quot;:&quot;&quot;,&quot;caption&quot;:&quot;&quot;,&quot;itemprop&quot;:&quot;image&quot;},{&quot;src&quot;:&quot;https:\\\/\\\/cloud.alqueria.es\\\/wp-content\\\/uploads\\\/sites\\\/5\\\/2025\\\/12\\\/PHOTO-2025-12-05-14-00-30.jpg&quot;,&quot;id&quot;:&quot;19316&quot;,&quot;title&quot;:&quot;PHOTO-2025-12-05-14-00-30&quot;,&quot;alt&quot;:&quot;&quot;,&quot;caption&quot;:&quot;&quot;,&quot;itemprop&quot;:&quot;image&quot;},{&quot;src&quot;:&quot;https:\\\/\\\/cloud.alqueria.es\\\/wp-content\\\/uploads\\\/sites\\\/5\\\/2025\\\/12\\\/debate-1.jpeg&quot;,&quot;id&quot;:&quot;19327&quot;,&quot;title&quot;:&quot;debate (1)&quot;,&quot;alt&quot;:&quot;&quot;,&quot;caption&quot;:&quot;&quot;,&quot;itemprop&quot;:&quot;image&quot;},{&quot;src&quot;:&quot;https:\\\/\\\/cloud.alqueria.es\\\/wp-content\\\/uploads\\\/sites\\\/5\\\/2025\\\/12\\\/debate-2.jpeg&quot;,&quot;id&quot;:&quot;19328&quot;,&quot;title&quot;:&quot;debate (2)&quot;,&quot;alt&quot;:&quot;&quot;,&quot;caption&quot;:&quot;&quot;,&quot;itemprop&quot;:&quot;image&quot;},{&quot;src&quot;:&quot;https:\\\/\\\/cloud.alqueria.es\\\/wp-content\\\/uploads\\\/sites\\\/5\\\/2025\\\/12\\\/debate-3.jpeg&quot;,&quot;id&quot;:&quot;19329&quot;,&quot;title&quot;:&quot;debate (3)&quot;,&quot;alt&quot;:&quot;&quot;,&quot;caption&quot;:&quot;&quot;,&quot;itemprop&quot;:&quot;image&quot;},{&quot;src&quot;:&quot;https:\\\/\\\/cloud.alqueria.es\\\/wp-content\\\/uploads\\\/sites\\\/5\\\/2025\\\/12\\\/debate-4.jpeg&quot;,&quot;id&quot;:&quot;19330&quot;,&quot;title&quot;:&quot;debate (4)&quot;,&quot;alt&quot;:&quot;&quot;,&quot;caption&quot;:&quot;&quot;,&quot;itemprop&quot;:&quot;image&quot;},{&quot;src&quot;:&quot;https:\\\/\\\/cloud.alqueria.es\\\/wp-content\\\/uploads\\\/sites\\\/5\\\/2025\\\/12\\\/debate-5.jpeg&quot;,&quot;id&quot;:&quot;19331&quot;,&quot;title&quot;:&quot;debate (5)&quot;,&quot;alt&quot;:&quot;&quot;,&quot;caption&quot;:&quot;&quot;,&quot;itemprop&quot;:&quot;image&quot;},{&quot;src&quot;:&quot;https:\\\/\\\/cloud.alqueria.es\\\/wp-content\\\/uploads\\\/sites\\\/5\\\/2025\\\/12\\\/debate-6.jpeg&quot;,&quot;id&quot;:&quot;19332&quot;,&quot;title&quot;:&quot;debate (6)&quot;,&quot;alt&quot;:&quot;&quot;,&quot;caption&quot;:&quot;&quot;,&quot;itemprop&quot;:&quot;image&quot;},{&quot;src&quot;:&quot;https:\\\/\\\/cloud.alqueria.es\\\/wp-content\\\/uploads\\\/sites\\\/5\\\/2025\\\/12\\\/debate-7.jpeg&quot;,&quot;id&quot;:&quot;19333&quot;,&quot;title&quot;:&quot;debate (7)&quot;,&quot;alt&quot;:&quot;&quot;,&quot;caption&quot;:&quot;&quot;,&quot;itemprop&quot;:&quot;image&quot;},{&quot;src&quot;:&quot;https:\\\/\\\/cloud.alqueria.es\\\/wp-content\\\/uploads\\\/sites\\\/5\\\/2025\\\/12\\\/debate-8.jpeg&quot;,&quot;id&quot;:&quot;19334&quot;,&quot;title&quot;:&quot;debate (8)&quot;,&quot;alt&quot;:&quot;&quot;,&quot;caption&quot;:&quot;&quot;,&quot;itemprop&quot;:&quot;image&quot;}]\" itemscope itemtype=\"https:\/\/schema.org\/ImageGallery\"><\/div>\n<p>Una vez terminados los debates se han extra\u00eddo las conclusiones de cada uno de los temas trabajados priorizando la coherencia en todos los temas y concluyendo\u00a0 aspectos que se hab\u00edan trabajado previamente en clase.<\/p>\n<p>Ha sido una experiencia motivadora y significativa para ambos grupos.<\/p>\n<p>Isabel Rosales y Jorge Torrente.<\/p>\n","protected":false},"excerpt":{"rendered":"<p>Estimadas familias, esta semana dedicamos el blog a dos actividades muy importantes de nuestro Proyecto como son la Charla del Plan Director sobre Acoso y Riesgos de Internet, y las actividades realizadas para celebrar el D\u00eda de la Constituci\u00f3n. Dentro del Plan Director para la Convivencia y Mejora de la Seguridad en los Centros Educativos &hellip; <a href=\"https:\/\/www.alqueria.es\/blogs\/colegioalqueriatercerciclo\/2025\/12\/06\/plan-director-y-dia-de-la-constitucion\/\" class=\"more-link\">Seguir leyendo <span class=\"screen-reader-text\">Plan Director y D\u00eda de la Constituci\u00f3n<\/span> <span class=\"meta-nav\">&rarr;<\/span><\/a><\/p>\n","protected":false},"author":3,"featured_media":0,"comment_status":"open","ping_status":"open","sticky":false,"template":"","format":"standard","meta":{"jetpack_post_was_ever_published":false,"_jetpack_newsletter_access":"","_jetpack_dont_email_post_to_subs":false,"_jetpack_newsletter_tier_id":0,"_jetpack_memberships_contains_paywalled_content":false,"_jetpack_memberships_contains_paid_content":false,"footnotes":"","jetpack_publicize_message":"","jetpack_publicize_feature_enabled":true,"jetpack_social_post_already_shared":true,"jetpack_social_options":{"image_generator_settings":{"template":"highway","default_image_id":0,"font":"","enabled":false},"version":2}},"categories":[2,3,353,459,14,15],"tags":[375,705,153,634,679,325,706,450,704,703,276,115],"class_list":["post-19301","post","type-post","status-publish","format-standard","hentry","category-5o-epo","category-6o-epo","category-conferencias-tercer-ciclo","category-dia-de-la-constitucion","category-semanario-5o","category-semanario-6o","tag-conferencia","tag-debate-escolar","tag-dia-de-la-constitucion","tag-diversidad","tag-igualdad","tag-informacion-a-familias","tag-libertad","tag-plan-director","tag-prevencion-acoso-escolar","tag-riesgos-de-internet","tag-scribd","tag-youtube"],"jetpack_publicize_connections":[],"jetpack_featured_media_url":"","jetpack_sharing_enabled":true,"jetpack_shortlink":"https:\/\/wp.me\/p4l4AW-51j","jetpack-related-posts":[],"_links":{"self":[{"href":"https:\/\/www.alqueria.es\/blogs\/colegioalqueriatercerciclo\/wp-json\/wp\/v2\/posts\/19301","targetHints":{"allow":["GET"]}}],"collection":[{"href":"https:\/\/www.alqueria.es\/blogs\/colegioalqueriatercerciclo\/wp-json\/wp\/v2\/posts"}],"about":[{"href":"https:\/\/www.alqueria.es\/blogs\/colegioalqueriatercerciclo\/wp-json\/wp\/v2\/types\/post"}],"author":[{"embeddable":true,"href":"https:\/\/www.alqueria.es\/blogs\/colegioalqueriatercerciclo\/wp-json\/wp\/v2\/users\/3"}],"replies":[{"embeddable":true,"href":"https:\/\/www.alqueria.es\/blogs\/colegioalqueriatercerciclo\/wp-json\/wp\/v2\/comments?post=19301"}],"version-history":[{"count":8,"href":"https:\/\/www.alqueria.es\/blogs\/colegioalqueriatercerciclo\/wp-json\/wp\/v2\/posts\/19301\/revisions"}],"predecessor-version":[{"id":19371,"href":"https:\/\/www.alqueria.es\/blogs\/colegioalqueriatercerciclo\/wp-json\/wp\/v2\/posts\/19301\/revisions\/19371"}],"wp:attachment":[{"href":"https:\/\/www.alqueria.es\/blogs\/colegioalqueriatercerciclo\/wp-json\/wp\/v2\/media?parent=19301"}],"wp:term":[{"taxonomy":"category","embeddable":true,"href":"https:\/\/www.alqueria.es\/blogs\/colegioalqueriatercerciclo\/wp-json\/wp\/v2\/categories?post=19301"},{"taxonomy":"post_tag","embeddable":true,"href":"https:\/\/www.alqueria.es\/blogs\/colegioalqueriatercerciclo\/wp-json\/wp\/v2\/tags?post=19301"}],"curies":[{"name":"wp","href":"https:\/\/api.w.org\/{rel}","templated":true}]}}