{"id":19544,"date":"2026-01-23T17:39:34","date_gmt":"2026-01-23T16:39:34","guid":{"rendered":"https:\/\/www.alqueria.es\/blogs\/colegioalqueriatercerciclo\/?p=19544"},"modified":"2026-01-23T17:39:34","modified_gmt":"2026-01-23T16:39:34","slug":"compartiendo-aprendizaje-2","status":"publish","type":"post","link":"https:\/\/www.alqueria.es\/blogs\/colegioalqueriatercerciclo\/2026\/01\/23\/compartiendo-aprendizaje-2\/","title":{"rendered":"Compartiendo aprendizaje."},"content":{"rendered":"<p><span style=\"color: #000000\">Estimadas familias, durante\u00a0 todo el a\u00f1o, tienen lugar en el aula de quinto diferentes momentos de trabajo de colaboraci\u00f3n y de aprendizaje entre alumnado de diferentes edades. Como conoc\u00e9is en el Proyecto de Alquer\u00eda Educaci\u00f3n nuestra metodolog\u00eda se basa en las teor\u00edas constructivistas del aprendizaje y una parte importante de \u00e9stas es la importancia del Trabajo Cooperativo\u00a0 \u00a0y dentro de \u00e9ste, el aprendizaje\u00a0 entre iguales como estrategia metodol\u00f3gica que lleva al alumnado a un aprendizaje significativo.<\/span><\/p>\n<p><span style=\"color: #0000ff\"><strong>El aprendizaje entre iguales, como indic\u00f3 Wells (2001) genera aprendizaje en todo el alumnado independientemente de las caracter\u00edsticas personales del alumno, alumna o del rol que ejerza dentro del grupo.\u00a0 El crear experiencias de aprendizaje de este tipo, intercambio de informaci\u00f3n de unos grupos a otros, trabajos en equipos interactivos entre dos clases, hace que ni\u00f1os y ni\u00f1as<\/strong><\/span><br \/>\n<span style=\"color: #0000ff\"><strong>tenga una oportunidad para trabajar en conjunto, para ayudarse y ense\u00f1arse de manera bidireccional. Es decir, se est\u00e1 desarrollando una estrategia metodol\u00f3gica donde mediante la colaboraci\u00f3n entre iguales se construye aprendizaje. No solo se produce aprendizaje entre iguales en el aula entre los propios alumnos de clase sino tambi\u00e9n en otras experiencias de aprendizaje con alumnado de otros cursos del centro e incluso con personas que colaboran en el aula mediante charlas, conferencias, experiencias de aprendizajes\u00a0<\/strong><\/span><br \/>\n<span style=\"color: #0000ff\"><strong>Otro papel importante que se da en estas colaboraciones es el papel del adulto que realiza funciones de mediador, facilitador, ayuda para que se produzca estas interacciones entre iguales.<\/strong><\/span><\/p>\n<p><span style=\"color: #000000\">Algunas de las actividades que se han realizado han sido las siguientes:<\/span><\/p>\n<p><strong><span style=\"color: #ff6600\">Lectura compartida con segundo EPO<\/span>,<\/strong> <span style=\"color: #000000\">donde el alumnado de quinto ejerce de padrino lector de un alumno o alumna de segundo.\u00a0 Este trimestre se han cambiado las parejas de lectura, para crear nuevas amistades y aprender mejor los unos de los otros. Es una actividad donde adem\u00e1s de compartir distintas lecturas en funci\u00f3n de sus intereses, comparten reflexiones, intercambian opiniones, se ayudan mutuamente en el proceso lecto-escritor, crean vinculo emocional y relaci\u00f3n social para compartir vivencias en\u00a0 otros momentos de la vida escolar.<\/span><\/p>\n<p class=\"jetpack-slideshow-noscript robots-nocontent\">El pase de diapositivas requiere JavaScript.<\/p><div id=\"gallery-19544-1-slideshow\" class=\"jetpack-slideshow-window jetpack-slideshow jetpack-slideshow-black\" data-trans=\"fade\" data-autostart=\"1\" data-gallery=\"[{&quot;src&quot;:&quot;https:\\\/\\\/cloud.alqueria.es\\\/wp-content\\\/uploads\\\/sites\\\/5\\\/2026\\\/01\\\/PHOTO-2026-01-16-14-31-53-1.jpg&quot;,&quot;id&quot;:&quot;19573&quot;,&quot;title&quot;:&quot;PHOTO-2026-01-16-14-31-53 (1)&quot;,&quot;alt&quot;:&quot;&quot;,&quot;caption&quot;:&quot;&quot;,&quot;itemprop&quot;:&quot;image&quot;},{&quot;src&quot;:&quot;https:\\\/\\\/cloud.alqueria.es\\\/wp-content\\\/uploads\\\/sites\\\/5\\\/2026\\\/01\\\/PHOTO-2026-01-16-14-31-53-2.jpg&quot;,&quot;id&quot;:&quot;19572&quot;,&quot;title&quot;:&quot;PHOTO-2026-01-16-14-31-53 (2)&quot;,&quot;alt&quot;:&quot;&quot;,&quot;caption&quot;:&quot;&quot;,&quot;itemprop&quot;:&quot;image&quot;},{&quot;src&quot;:&quot;https:\\\/\\\/cloud.alqueria.es\\\/wp-content\\\/uploads\\\/sites\\\/5\\\/2026\\\/01\\\/PHOTO-2026-01-16-14-31-53-3.jpg&quot;,&quot;id&quot;:&quot;19571&quot;,&quot;title&quot;:&quot;PHOTO-2026-01-16-14-31-53 (3)&quot;,&quot;alt&quot;:&quot;&quot;,&quot;caption&quot;:&quot;&quot;,&quot;itemprop&quot;:&quot;image&quot;},{&quot;src&quot;:&quot;https:\\\/\\\/cloud.alqueria.es\\\/wp-content\\\/uploads\\\/sites\\\/5\\\/2026\\\/01\\\/PHOTO-2026-01-16-14-31-53.jpg&quot;,&quot;id&quot;:&quot;19574&quot;,&quot;title&quot;:&quot;PHOTO-2026-01-16-14-31-53&quot;,&quot;alt&quot;:&quot;&quot;,&quot;caption&quot;:&quot;&quot;,&quot;itemprop&quot;:&quot;image&quot;}]\" itemscope itemtype=\"https:\/\/schema.org\/ImageGallery\"><\/div>\n<p><span style=\"color: #ff6600\"><strong>Lectura a la clase naranja<\/strong>:<\/span> Seguimos subiendo a la clase Naranja (2-3 a\u00f1os) todos los martes por la tarde, a la hora de la merienda a leer un cuento a nuestros compa\u00f1eros y compa\u00f1eras m\u00e1s peque\u00f1os. En esta ocasi\u00f3n le ha tocado el turno a RAFA, que subi\u00f3 encantado a contar el cuento.<\/p>\n<p><img decoding=\"async\" data-attachment-id=\"19570\" data-permalink=\"https:\/\/www.alqueria.es\/blogs\/colegioalqueriatercerciclo\/2026\/01\/23\/compartiendo-aprendizaje-2\/photo-2026-01-23-16-46-42\/\" data-orig-file=\"https:\/\/cloud.alqueria.es\/wp-content\/uploads\/sites\/5\/2026\/01\/PHOTO-2026-01-23-16-46-42.jpg\" data-orig-size=\"2048,1536\" data-comments-opened=\"1\" data-image-meta=\"{&quot;aperture&quot;:&quot;0&quot;,&quot;credit&quot;:&quot;&quot;,&quot;camera&quot;:&quot;&quot;,&quot;caption&quot;:&quot;&quot;,&quot;created_timestamp&quot;:&quot;0&quot;,&quot;copyright&quot;:&quot;&quot;,&quot;focal_length&quot;:&quot;0&quot;,&quot;iso&quot;:&quot;0&quot;,&quot;shutter_speed&quot;:&quot;0&quot;,&quot;title&quot;:&quot;&quot;,&quot;orientation&quot;:&quot;0&quot;}\" data-image-title=\"PHOTO-2026-01-23-16-46-42\" data-image-description=\"\" data-image-caption=\"\" data-large-file=\"https:\/\/cloud.alqueria.es\/wp-content\/uploads\/sites\/5\/2026\/01\/PHOTO-2026-01-23-16-46-42-1024x768.jpg\" class=\"alignnone size-full wp-image-19570\" src=\"https:\/\/cloud.alqueria.es\/wp-content\/uploads\/sites\/5\/2026\/01\/PHOTO-2026-01-23-16-46-42.jpg\" alt=\"\" width=\"2048\" height=\"1536\" srcset=\"https:\/\/cloud.alqueria.es\/wp-content\/uploads\/sites\/5\/2026\/01\/PHOTO-2026-01-23-16-46-42.jpg 2048w, https:\/\/cloud.alqueria.es\/wp-content\/uploads\/sites\/5\/2026\/01\/PHOTO-2026-01-23-16-46-42-300x225.jpg 300w, https:\/\/cloud.alqueria.es\/wp-content\/uploads\/sites\/5\/2026\/01\/PHOTO-2026-01-23-16-46-42-1024x768.jpg 1024w, https:\/\/cloud.alqueria.es\/wp-content\/uploads\/sites\/5\/2026\/01\/PHOTO-2026-01-23-16-46-42-768x576.jpg 768w, https:\/\/cloud.alqueria.es\/wp-content\/uploads\/sites\/5\/2026\/01\/PHOTO-2026-01-23-16-46-42-1536x1152.jpg 1536w\" sizes=\"(max-width: 2048px) 100vw, 2048px\" \/><\/p>\n<p><img decoding=\"async\" data-attachment-id=\"19569\" data-permalink=\"https:\/\/www.alqueria.es\/blogs\/colegioalqueriatercerciclo\/2026\/01\/23\/compartiendo-aprendizaje-2\/photo-2026-01-23-16-46-42-1\/\" data-orig-file=\"https:\/\/cloud.alqueria.es\/wp-content\/uploads\/sites\/5\/2026\/01\/PHOTO-2026-01-23-16-46-42-1.jpg\" data-orig-size=\"2048,1536\" data-comments-opened=\"1\" data-image-meta=\"{&quot;aperture&quot;:&quot;0&quot;,&quot;credit&quot;:&quot;&quot;,&quot;camera&quot;:&quot;&quot;,&quot;caption&quot;:&quot;&quot;,&quot;created_timestamp&quot;:&quot;0&quot;,&quot;copyright&quot;:&quot;&quot;,&quot;focal_length&quot;:&quot;0&quot;,&quot;iso&quot;:&quot;0&quot;,&quot;shutter_speed&quot;:&quot;0&quot;,&quot;title&quot;:&quot;&quot;,&quot;orientation&quot;:&quot;0&quot;}\" data-image-title=\"PHOTO-2026-01-23-16-46-42 (1)\" data-image-description=\"\" data-image-caption=\"\" data-large-file=\"https:\/\/cloud.alqueria.es\/wp-content\/uploads\/sites\/5\/2026\/01\/PHOTO-2026-01-23-16-46-42-1-1024x768.jpg\" class=\"alignnone size-full wp-image-19569\" src=\"https:\/\/cloud.alqueria.es\/wp-content\/uploads\/sites\/5\/2026\/01\/PHOTO-2026-01-23-16-46-42-1.jpg\" alt=\"\" width=\"2048\" height=\"1536\" srcset=\"https:\/\/cloud.alqueria.es\/wp-content\/uploads\/sites\/5\/2026\/01\/PHOTO-2026-01-23-16-46-42-1.jpg 2048w, https:\/\/cloud.alqueria.es\/wp-content\/uploads\/sites\/5\/2026\/01\/PHOTO-2026-01-23-16-46-42-1-300x225.jpg 300w, https:\/\/cloud.alqueria.es\/wp-content\/uploads\/sites\/5\/2026\/01\/PHOTO-2026-01-23-16-46-42-1-1024x768.jpg 1024w, https:\/\/cloud.alqueria.es\/wp-content\/uploads\/sites\/5\/2026\/01\/PHOTO-2026-01-23-16-46-42-1-768x576.jpg 768w, https:\/\/cloud.alqueria.es\/wp-content\/uploads\/sites\/5\/2026\/01\/PHOTO-2026-01-23-16-46-42-1-1536x1152.jpg 1536w\" sizes=\"(max-width: 2048px) 100vw, 2048px\" \/><\/p>\n<p><span style=\"color: #ff6600\">Patrulla medioambiental: <\/span>El objetivo de la patrulla es ense\u00f1ar actitudes y comportamientos respetuosos con el medio ambiente. La patrulla es una actividad que se hace todos los viernes en horario de patio. La componen cada semana dos o tres personas desde primero a sexto. Cada viernes realizamos un checklist en el que se tratan de controlar los factores ambientales del centro para ahorrar consumo de energ\u00eda, y gestionar los residuos apropiadamente.\u00a0 Los vigilantes velan por el cumplimiento de las reglas m\u00ednimas de protecci\u00f3n del medio ambiente (basuras y contenedores por separaci\u00f3n de colores, evitar que tiren residuos al suelo, etc.). Tambi\u00e9n se hacen tareas de limpieza de patios, jard\u00edn, pista.\u00a0 control energ\u00e9tico,\u00a0 verificaci\u00f3n del uso de los contenedores, recogida de objetos y ropa perdida.<\/p>\n<p class=\"jetpack-slideshow-noscript robots-nocontent\">El pase de diapositivas requiere JavaScript.<\/p><div id=\"gallery-19544-2-slideshow\" class=\"jetpack-slideshow-window jetpack-slideshow jetpack-slideshow-black\" data-trans=\"fade\" data-autostart=\"1\" data-gallery=\"[{&quot;src&quot;:&quot;https:\\\/\\\/cloud.alqueria.es\\\/wp-content\\\/uploads\\\/sites\\\/5\\\/2026\\\/01\\\/PHOTO-2026-01-23-16-50-31.jpg&quot;,&quot;id&quot;:&quot;19575&quot;,&quot;title&quot;:&quot;PHOTO-2026-01-23-16-50-31&quot;,&quot;alt&quot;:&quot;&quot;,&quot;caption&quot;:&quot;&quot;,&quot;itemprop&quot;:&quot;image&quot;},{&quot;src&quot;:&quot;https:\\\/\\\/cloud.alqueria.es\\\/wp-content\\\/uploads\\\/sites\\\/5\\\/2026\\\/01\\\/PHOTO-2026-01-23-12-27-01-1.jpg&quot;,&quot;id&quot;:&quot;19560&quot;,&quot;title&quot;:&quot;PHOTO-2026-01-23-12-27-01 (1)&quot;,&quot;alt&quot;:&quot;&quot;,&quot;caption&quot;:&quot;&quot;,&quot;itemprop&quot;:&quot;image&quot;},{&quot;src&quot;:&quot;https:\\\/\\\/cloud.alqueria.es\\\/wp-content\\\/uploads\\\/sites\\\/5\\\/2026\\\/01\\\/PHOTO-2026-01-23-17-36-25-1.jpg&quot;,&quot;id&quot;:&quot;19579&quot;,&quot;title&quot;:&quot;PHOTO-2026-01-23-17-36-25 (1)&quot;,&quot;alt&quot;:&quot;&quot;,&quot;caption&quot;:&quot;&quot;,&quot;itemprop&quot;:&quot;image&quot;},{&quot;src&quot;:&quot;https:\\\/\\\/cloud.alqueria.es\\\/wp-content\\\/uploads\\\/sites\\\/5\\\/2026\\\/01\\\/PHOTO-2026-01-23-17-36-25.jpg&quot;,&quot;id&quot;:&quot;19580&quot;,&quot;title&quot;:&quot;PHOTO-2026-01-23-17-36-25&quot;,&quot;alt&quot;:&quot;&quot;,&quot;caption&quot;:&quot;&quot;,&quot;itemprop&quot;:&quot;image&quot;}]\" itemscope itemtype=\"https:\/\/schema.org\/ImageGallery\"><\/div>\n<p>&nbsp;<\/p>\n<p><span style=\"color: #ff6600\"><strong>CONFERENCIAS<\/strong><\/span>\u00a0 a lo largo de la semana hemos tenido dos conferencias<\/p>\n<ul>\n<li><strong>Pablo Ru\u00edz Picasso a cargo de Delia<\/strong><\/li>\n<li><strong><span style=\"color: #000000\">Energ\u00edas renovables a cargo de Nahia<\/span><\/strong><\/li>\n<\/ul>\n<p>En ambas hemos descubierto aspectos que no conoc\u00edamos y que han sido muy interesantes.<\/p>\n<p><img decoding=\"async\" data-attachment-id=\"19566\" data-permalink=\"https:\/\/www.alqueria.es\/blogs\/colegioalqueriatercerciclo\/2026\/01\/23\/compartiendo-aprendizaje-2\/photo-2026-01-23-12-27-01\/\" data-orig-file=\"https:\/\/cloud.alqueria.es\/wp-content\/uploads\/sites\/5\/2026\/01\/PHOTO-2026-01-23-12-27-01.jpg\" data-orig-size=\"1600,1200\" data-comments-opened=\"1\" data-image-meta=\"{&quot;aperture&quot;:&quot;0&quot;,&quot;credit&quot;:&quot;&quot;,&quot;camera&quot;:&quot;&quot;,&quot;caption&quot;:&quot;&quot;,&quot;created_timestamp&quot;:&quot;0&quot;,&quot;copyright&quot;:&quot;&quot;,&quot;focal_length&quot;:&quot;0&quot;,&quot;iso&quot;:&quot;0&quot;,&quot;shutter_speed&quot;:&quot;0&quot;,&quot;title&quot;:&quot;&quot;,&quot;orientation&quot;:&quot;0&quot;}\" data-image-title=\"PHOTO-2026-01-23-12-27-01\" data-image-description=\"\" data-image-caption=\"\" data-large-file=\"https:\/\/cloud.alqueria.es\/wp-content\/uploads\/sites\/5\/2026\/01\/PHOTO-2026-01-23-12-27-01-1024x768.jpg\" class=\"alignnone size-full wp-image-19566\" src=\"https:\/\/cloud.alqueria.es\/wp-content\/uploads\/sites\/5\/2026\/01\/PHOTO-2026-01-23-12-27-01.jpg\" alt=\"\" width=\"1600\" height=\"1200\" srcset=\"https:\/\/cloud.alqueria.es\/wp-content\/uploads\/sites\/5\/2026\/01\/PHOTO-2026-01-23-12-27-01.jpg 1600w, https:\/\/cloud.alqueria.es\/wp-content\/uploads\/sites\/5\/2026\/01\/PHOTO-2026-01-23-12-27-01-300x225.jpg 300w, https:\/\/cloud.alqueria.es\/wp-content\/uploads\/sites\/5\/2026\/01\/PHOTO-2026-01-23-12-27-01-1024x768.jpg 1024w, https:\/\/cloud.alqueria.es\/wp-content\/uploads\/sites\/5\/2026\/01\/PHOTO-2026-01-23-12-27-01-768x576.jpg 768w, https:\/\/cloud.alqueria.es\/wp-content\/uploads\/sites\/5\/2026\/01\/PHOTO-2026-01-23-12-27-01-1536x1152.jpg 1536w\" sizes=\"(max-width: 1600px) 100vw, 1600px\" \/><\/p>\n<p>En la realizada por Delia el jueves se han visto los per\u00edodos de la obra de Picasso, obras m\u00e1s interesantes, museos en Espa\u00f1a y Francia. Delia adem\u00e1s ha venido vestida como Picasso y ha sido algo muy motivante para el resto. Nos ha planteado una actividad muy interesante: crear cada uno nuestra Paloma de la Paz, o bien con trazos muy fluidos o intentando incorporar alg\u00fan elemento personal. Aqu\u00ed os dejo algunas im\u00e1genes.<\/p>\n<p class=\"jetpack-slideshow-noscript robots-nocontent\">El pase de diapositivas requiere JavaScript.<\/p><div id=\"gallery-19544-3-slideshow\" class=\"jetpack-slideshow-window jetpack-slideshow jetpack-slideshow-black\" data-trans=\"fade\" data-autostart=\"1\" data-gallery=\"[{&quot;src&quot;:&quot;https:\\\/\\\/cloud.alqueria.es\\\/wp-content\\\/uploads\\\/sites\\\/5\\\/2026\\\/01\\\/PHOTO-2026-01-23-12-26-41-2.jpg&quot;,&quot;id&quot;:&quot;19565&quot;,&quot;title&quot;:&quot;PHOTO-2026-01-23-12-26-41 (2)&quot;,&quot;alt&quot;:&quot;&quot;,&quot;caption&quot;:&quot;&quot;,&quot;itemprop&quot;:&quot;image&quot;},{&quot;src&quot;:&quot;https:\\\/\\\/cloud.alqueria.es\\\/wp-content\\\/uploads\\\/sites\\\/5\\\/2026\\\/01\\\/PHOTO-2026-01-23-12-26-41-3.jpg&quot;,&quot;id&quot;:&quot;19564&quot;,&quot;title&quot;:&quot;PHOTO-2026-01-23-12-26-41 (3)&quot;,&quot;alt&quot;:&quot;&quot;,&quot;caption&quot;:&quot;&quot;,&quot;itemprop&quot;:&quot;image&quot;},{&quot;src&quot;:&quot;https:\\\/\\\/cloud.alqueria.es\\\/wp-content\\\/uploads\\\/sites\\\/5\\\/2026\\\/01\\\/PHOTO-2026-01-23-12-26-41-4.jpg&quot;,&quot;id&quot;:&quot;19562&quot;,&quot;title&quot;:&quot;PHOTO-2026-01-23-12-26-41 (4)&quot;,&quot;alt&quot;:&quot;&quot;,&quot;caption&quot;:&quot;&quot;,&quot;itemprop&quot;:&quot;image&quot;},{&quot;src&quot;:&quot;https:\\\/\\\/cloud.alqueria.es\\\/wp-content\\\/uploads\\\/sites\\\/5\\\/2026\\\/01\\\/PHOTO-2026-01-23-12-26-41-5.jpg&quot;,&quot;id&quot;:&quot;19561&quot;,&quot;title&quot;:&quot;PHOTO-2026-01-23-12-26-41 (5)&quot;,&quot;alt&quot;:&quot;&quot;,&quot;caption&quot;:&quot;&quot;,&quot;itemprop&quot;:&quot;image&quot;},{&quot;src&quot;:&quot;https:\\\/\\\/cloud.alqueria.es\\\/wp-content\\\/uploads\\\/sites\\\/5\\\/2026\\\/01\\\/PHOTO-2026-01-23-12-26-41.jpg&quot;,&quot;id&quot;:&quot;19568&quot;,&quot;title&quot;:&quot;PHOTO-2026-01-23-12-26-41&quot;,&quot;alt&quot;:&quot;&quot;,&quot;caption&quot;:&quot;&quot;,&quot;itemprop&quot;:&quot;image&quot;},{&quot;src&quot;:&quot;https:\\\/\\\/cloud.alqueria.es\\\/wp-content\\\/uploads\\\/sites\\\/5\\\/2026\\\/01\\\/PHOTO-2026-01-23-12-26-41-1.jpg&quot;,&quot;id&quot;:&quot;19567&quot;,&quot;title&quot;:&quot;PHOTO-2026-01-23-12-26-41 (1)&quot;,&quot;alt&quot;:&quot;&quot;,&quot;caption&quot;:&quot;&quot;,&quot;itemprop&quot;:&quot;image&quot;}]\" itemscope itemtype=\"https:\/\/schema.org\/ImageGallery\"><\/div>\n<p>En la conferencia de Energ\u00eda, Nahia nos ha contado los tipos de energ\u00edas, c\u00f3mo es el proceso de transformaci\u00f3n de la energ\u00eda solar, e\u00f3lica, geot\u00e9rmica, biomasa, hidr\u00e1ulica en el\u00e9ctrica. Consejos para ahorrar energ\u00eda. Ha sido muy interesante y nos han quedado claro muchos conceptos que en ocasiones no conocemos.<\/p>\n<p><img decoding=\"async\" data-attachment-id=\"19563\" data-permalink=\"https:\/\/www.alqueria.es\/blogs\/colegioalqueriatercerciclo\/2026\/01\/23\/compartiendo-aprendizaje-2\/photo-2026-01-23-12-27-01-2\/\" data-orig-file=\"https:\/\/cloud.alqueria.es\/wp-content\/uploads\/sites\/5\/2026\/01\/PHOTO-2026-01-23-12-27-01-2.jpg\" data-orig-size=\"1600,1200\" data-comments-opened=\"1\" data-image-meta=\"{&quot;aperture&quot;:&quot;0&quot;,&quot;credit&quot;:&quot;&quot;,&quot;camera&quot;:&quot;&quot;,&quot;caption&quot;:&quot;&quot;,&quot;created_timestamp&quot;:&quot;0&quot;,&quot;copyright&quot;:&quot;&quot;,&quot;focal_length&quot;:&quot;0&quot;,&quot;iso&quot;:&quot;0&quot;,&quot;shutter_speed&quot;:&quot;0&quot;,&quot;title&quot;:&quot;&quot;,&quot;orientation&quot;:&quot;0&quot;}\" data-image-title=\"PHOTO-2026-01-23-12-27-01 (2)\" data-image-description=\"\" data-image-caption=\"\" data-large-file=\"https:\/\/cloud.alqueria.es\/wp-content\/uploads\/sites\/5\/2026\/01\/PHOTO-2026-01-23-12-27-01-2-1024x768.jpg\" class=\"alignnone size-full wp-image-19563\" src=\"https:\/\/cloud.alqueria.es\/wp-content\/uploads\/sites\/5\/2026\/01\/PHOTO-2026-01-23-12-27-01-2.jpg\" alt=\"\" width=\"1600\" height=\"1200\" srcset=\"https:\/\/cloud.alqueria.es\/wp-content\/uploads\/sites\/5\/2026\/01\/PHOTO-2026-01-23-12-27-01-2.jpg 1600w, https:\/\/cloud.alqueria.es\/wp-content\/uploads\/sites\/5\/2026\/01\/PHOTO-2026-01-23-12-27-01-2-300x225.jpg 300w, https:\/\/cloud.alqueria.es\/wp-content\/uploads\/sites\/5\/2026\/01\/PHOTO-2026-01-23-12-27-01-2-1024x768.jpg 1024w, https:\/\/cloud.alqueria.es\/wp-content\/uploads\/sites\/5\/2026\/01\/PHOTO-2026-01-23-12-27-01-2-768x576.jpg 768w, https:\/\/cloud.alqueria.es\/wp-content\/uploads\/sites\/5\/2026\/01\/PHOTO-2026-01-23-12-27-01-2-1536x1152.jpg 1536w\" sizes=\"(max-width: 1600px) 100vw, 1600px\" \/><\/p>\n<p>Cada una de estas conferencias a cargo del alumnado, ha seguido el proceso de elaboraci\u00f3n y exposici\u00f3n que desde Alquer\u00eda Educaci\u00f3n consideramos el m\u00e1s \u00f3ptimo para ayudar a nuestro alumnado en su aprendizaje mediante la investigaci\u00f3n, el pensamiento cr\u00edtico, el an\u00e1lisis, la s\u00edntesis, la argumentaci\u00f3n. La exposici\u00f3n oral de un tema de su inter\u00e9s siempre es m\u00e1s positiva que exponer o hablar de algo que no me interesa. Estas exposiciones van ganando a lo largo de los cursos e incluso en el mismo curso en vocabulario, recursos para explicar, razonar, situaci\u00f3n del conferenciante en el aula. La comunicaci\u00f3n no verbal tambi\u00e9n es muy importante trabajarla en estas exposiciones, gestos, postura corporal, direcci\u00f3n de la mirada, movimiento de las manos.<\/p>\n<p>Por otra parte, a\u00a0 partir de la semana que viene iniciamos la preparaci\u00f3n de la Semana Cultural. Este a\u00f1o el tema elegido es \u00abGranada\u00bb. Tendr\u00e1 lugar entre el lunes 9 al viernes 13 de febrero. Previamente se preparan algunas actividades para su posterior desarrollo durante la celebraci\u00f3n de la Semana.\u00a0 Ya os he pedido que acompa\u00f1\u00e9is a vuestros hijos e hijas a realizar la foto de un lugar concreto de Granada. No olvid\u00e9is que la entrega de las fotos es para el lunes 26 de enero.<\/p>\n<p><img decoding=\"async\" data-attachment-id=\"11447\" data-permalink=\"https:\/\/www.alqueria.es\/blogs\/colegioalqueriatercerciclo\/2022\/05\/06\/visita-al-centro-historico-granada\/exposicion-cartel-granada\/\" data-orig-file=\"https:\/\/cloud.alqueria.es\/wp-content\/uploads\/sites\/5\/2022\/05\/exposicion-cartel-Granada.jpeg\" data-orig-size=\"2048,1151\" data-comments-opened=\"1\" data-image-meta=\"{&quot;aperture&quot;:&quot;0&quot;,&quot;credit&quot;:&quot;&quot;,&quot;camera&quot;:&quot;&quot;,&quot;caption&quot;:&quot;&quot;,&quot;created_timestamp&quot;:&quot;0&quot;,&quot;copyright&quot;:&quot;&quot;,&quot;focal_length&quot;:&quot;0&quot;,&quot;iso&quot;:&quot;0&quot;,&quot;shutter_speed&quot;:&quot;0&quot;,&quot;title&quot;:&quot;&quot;,&quot;orientation&quot;:&quot;0&quot;}\" data-image-title=\"exposici\u00f3n cartel Granada\" data-image-description=\"\" data-image-caption=\"\" data-large-file=\"https:\/\/cloud.alqueria.es\/wp-content\/uploads\/sites\/5\/2022\/05\/exposicion-cartel-Granada-1024x576.jpeg\" class=\"alignnone size-full wp-image-11447\" src=\"https:\/\/cloud.alqueria.es\/wp-content\/uploads\/sites\/5\/2022\/05\/exposicion-cartel-Granada.jpeg\" alt=\"\" width=\"2048\" height=\"1151\" srcset=\"https:\/\/cloud.alqueria.es\/wp-content\/uploads\/sites\/5\/2022\/05\/exposicion-cartel-Granada.jpeg 2048w, https:\/\/cloud.alqueria.es\/wp-content\/uploads\/sites\/5\/2022\/05\/exposicion-cartel-Granada-300x169.jpeg 300w, https:\/\/cloud.alqueria.es\/wp-content\/uploads\/sites\/5\/2022\/05\/exposicion-cartel-Granada-1024x576.jpeg 1024w, https:\/\/cloud.alqueria.es\/wp-content\/uploads\/sites\/5\/2022\/05\/exposicion-cartel-Granada-768x432.jpeg 768w, https:\/\/cloud.alqueria.es\/wp-content\/uploads\/sites\/5\/2022\/05\/exposicion-cartel-Granada-1536x863.jpeg 1536w\" sizes=\"(max-width: 2048px) 100vw, 2048px\" \/><\/p>\n<p>Tambi\u00e9n se ha iniciado la creaci\u00f3n de la canci\u00f3n de carnaval, elecci\u00f3n de disfraces. Primero se han propuesto canciones para poder decidir cu\u00e1l es la mejor opci\u00f3n para hacer la Chirigota. Ya se ha elegido y desde el lunes vamos a trabajar en la composici\u00f3n de la letra entre todas las personas que componen la clase de quinto.<\/p>\n<p>Buen fin de semana<\/p>\n<p>Isabel Rosales<\/p>\n<p>&nbsp;<\/p>\n<p>&nbsp;<\/p>\n","protected":false},"excerpt":{"rendered":"<p>Estimadas familias, durante\u00a0 todo el a\u00f1o, tienen lugar en el aula de quinto diferentes momentos de trabajo de colaboraci\u00f3n y de aprendizaje entre alumnado de diferentes edades. Como conoc\u00e9is en el Proyecto de Alquer\u00eda Educaci\u00f3n nuestra metodolog\u00eda se basa en las teor\u00edas constructivistas del aprendizaje y una parte importante de \u00e9stas es la importancia del &hellip; <a href=\"https:\/\/www.alqueria.es\/blogs\/colegioalqueriatercerciclo\/2026\/01\/23\/compartiendo-aprendizaje-2\/\" class=\"more-link\">Seguir leyendo <span class=\"screen-reader-text\">Compartiendo aprendizaje.<\/span> <span class=\"meta-nav\">&rarr;<\/span><\/a><\/p>\n","protected":false},"author":9,"featured_media":0,"comment_status":"open","ping_status":"open","sticky":false,"template":"","format":"standard","meta":{"jetpack_post_was_ever_published":false,"_jetpack_newsletter_access":"","_jetpack_dont_email_post_to_subs":false,"_jetpack_newsletter_tier_id":0,"_jetpack_memberships_contains_paywalled_content":false,"_jetpack_memberships_contains_paid_content":false,"footnotes":"","jetpack_publicize_message":"","jetpack_publicize_feature_enabled":true,"jetpack_social_post_already_shared":true,"jetpack_social_options":{"image_generator_settings":{"template":"highway","default_image_id":0,"font":"","enabled":false},"version":2}},"categories":[353,14,1],"tags":[32,325],"class_list":["post-19544","post","type-post","status-publish","format-standard","hentry","category-conferencias-tercer-ciclo","category-semanario-5o","category-sin-categoria","tag-conferencias","tag-informacion-a-familias"],"jetpack_publicize_connections":[],"jetpack_featured_media_url":"","jetpack_sharing_enabled":true,"jetpack_shortlink":"https:\/\/wp.me\/p4l4AW-55e","jetpack-related-posts":[],"_links":{"self":[{"href":"https:\/\/www.alqueria.es\/blogs\/colegioalqueriatercerciclo\/wp-json\/wp\/v2\/posts\/19544","targetHints":{"allow":["GET"]}}],"collection":[{"href":"https:\/\/www.alqueria.es\/blogs\/colegioalqueriatercerciclo\/wp-json\/wp\/v2\/posts"}],"about":[{"href":"https:\/\/www.alqueria.es\/blogs\/colegioalqueriatercerciclo\/wp-json\/wp\/v2\/types\/post"}],"author":[{"embeddable":true,"href":"https:\/\/www.alqueria.es\/blogs\/colegioalqueriatercerciclo\/wp-json\/wp\/v2\/users\/9"}],"replies":[{"embeddable":true,"href":"https:\/\/www.alqueria.es\/blogs\/colegioalqueriatercerciclo\/wp-json\/wp\/v2\/comments?post=19544"}],"version-history":[{"count":3,"href":"https:\/\/www.alqueria.es\/blogs\/colegioalqueriatercerciclo\/wp-json\/wp\/v2\/posts\/19544\/revisions"}],"predecessor-version":[{"id":19581,"href":"https:\/\/www.alqueria.es\/blogs\/colegioalqueriatercerciclo\/wp-json\/wp\/v2\/posts\/19544\/revisions\/19581"}],"wp:attachment":[{"href":"https:\/\/www.alqueria.es\/blogs\/colegioalqueriatercerciclo\/wp-json\/wp\/v2\/media?parent=19544"}],"wp:term":[{"taxonomy":"category","embeddable":true,"href":"https:\/\/www.alqueria.es\/blogs\/colegioalqueriatercerciclo\/wp-json\/wp\/v2\/categories?post=19544"},{"taxonomy":"post_tag","embeddable":true,"href":"https:\/\/www.alqueria.es\/blogs\/colegioalqueriatercerciclo\/wp-json\/wp\/v2\/tags?post=19544"}],"curies":[{"name":"wp","href":"https:\/\/api.w.org\/{rel}","templated":true}]}}